{"id":9846,"date":"2021-10-19T11:25:45","date_gmt":"2021-10-19T09:25:45","guid":{"rendered":"https:\/\/telemme.mmsh.fr\/?p=9846"},"modified":"2021-10-19T11:26:27","modified_gmt":"2021-10-19T09:26:27","slug":"somum-seminaire-doctoral-dhistoire-ce-que-la-mediterranee-fait-a-lecriture-de-lhistoire-2-9-16-novembre-et-7-decembre-2021","status":"publish","type":"post","link":"https:\/\/telemme.mmsh.fr\/?p=9846","title":{"rendered":"[SoMuM] S\u00e9minaire doctoral \u2013 Ce que la M\u00e9diterran\u00e9e fait \u00e0 l\u2019\u00e9criture de l\u2019histoire\u2026"},"content":{"rendered":"\n<p>L\u2019Histoire est la discipline qui \u00e9tudie le pass\u00e9 des soci\u00e9t\u00e9s humaines en mobilisant des sources, des mat\u00e9riaux et des m\u00e9thodes sp\u00e9cifiques. Marqu\u00e9e jusqu\u2019au XIX<sup>e<\/sup> si\u00e8cle par le r\u00e9cit des \u00e9v\u00e9nements et le portrait des grands hommes, elle se caract\u00e9rise aujourd\u2019hui par une diversit\u00e9 d\u2019entr\u00e9es th\u00e9matiques et m\u00e9thodologiques, par un croisement des approches \u00e0 l\u2019\u00e9chelle de toutes les Sciences humaines et sociales, qui produisent des savoirs complexes et passionnants.<\/p>\n\n\n\n<p>La M\u00e9diterran\u00e9e n\u2019est pas seulement un espace maritime \u00e0 parcourir&nbsp;: elle est un monde politique et culturel aux formes et aux limites changeantes, construit et reconstruit \u00e0 chaque g\u00e9n\u00e9ration.<\/p>\n\n\n\n<p>Nous avons donc pris le parti d\u2019aborder l\u2019histoire de la M\u00e9diterran\u00e9e par des parcours de recherche men\u00e9s par des historiennes et historiens de l\u2019Antiquit\u00e9, du Moyen \u00c2ge, de l\u2019\u00e9poque moderne et du monde contemporain. Ils nous pr\u00e9sentent leurs cl\u00e9s de lecture et leurs m\u00e9thodes. En entrant dans la \u00ab&nbsp;fabrique de l\u2019histoire&nbsp;\u00bb, quelle que soit la p\u00e9riode \u00e9tudi\u00e9e, nous sommes invit\u00e9s \u00e0 suivre des propositions de d\u00e9cryptage d\u2019un espace m\u00e9diterran\u00e9en confront\u00e9 \u00e0 des h\u00e9ritages et aux enjeux de son pr\u00e9sent.<\/p>\n\n\n\n<p><em><a href=\"https:\/\/somum.hypotheses.org\/1528\">Ce s\u00e9minaire <\/a>est organis\u00e9 dans le cadre du programme doctoral <a href=\"https:\/\/somum.hypotheses.org\/113\">\u00c9tudes m\u00e9diterran\u00e9ennes<\/a> de l\u2019Institut Soci\u00e9t\u00e9s en Mutations en M\u00e9diterran\u00e9e (SoMuM).<\/em> <em>Chaque s\u00e9minaire a pour objectif de fournir une synth\u00e8se th\u00e9orique et m\u00e9thodologique de chaque discipline dans le domaine des \u00e9tudes m\u00e9diterran\u00e9ennes : \u00e9tat des savoirs et perspectives.<\/em><\/p>\n\n\n\n<p><strong>Coordinatrice<\/strong>&nbsp;: Karima Dir\u00e8che \u2013 <a href=\"https:\/\/telemme.mmsh.fr\/\">TELEMMe<\/a><\/p>\n\n\n\n<h2 class=\"wp-block-heading\">S\u00e9ance 1. <em>La M\u00e9diterran\u00e9e antique comme espace politique&nbsp;: vue de Gr\u00e8ce, vue de Rome, vue de J\u00e9rusalem<\/em><\/h2>\n\n\n\n<p><strong>2 Novembre 2021, 9h-12h<\/strong><br>(Salle Paul Albert F\u00e9vrier, <a href=\"https:\/\/www.mmsh.fr\/\">MMSH<\/a>, Aix-en-Provence)<\/p>\n\n\n\n<p>La M\u00e9diterran\u00e9e pourrait sembler fournir un cadre g\u00e9ographique unique et commun \u00e0 tous les historiens de l\u2019Antiquit\u00e9, mais l\u2019objectif de cette premi\u00e8re s\u00e9ance sera de montrer qu\u2019il existe, d\u00e8s l\u2019Antiquit\u00e9 grecque et romaine, non pas une mais des M\u00e9diterran\u00e9es. Le point de vue adopt\u00e9 pour cette s\u00e9ance sera celui du politique inscrit dans la g\u00e9ographie. On le sait, les grands concepts dont nous continuons \u00e0 interroger le contenu \u2013 cit\u00e9, d\u00e9mocratie, r\u00e9publique, empire etc. \u2013 sont h\u00e9rit\u00e9s des exp\u00e9riences politiques antiques et du lexique grec et romain. Ces grands concepts peuvent \u00eatre appr\u00e9hend\u00e9s aussi dans une dimension spatiale, ils dessinent plusieurs \u00e9chelles du politique.<\/p>\n\n\n\n<p><strong>Intervenants<\/strong><\/p>\n\n\n\n<p>Emmanu\u00e8le Caire (<a href=\"https:\/\/www.cpaf.cnrs.fr\/\">TDMAM<\/a>, d\u00e9partement de sciences de l\u2019Antiquit\u00e9) pr\u00e9sentera la notion grecque antique d\u2019<em>\u0153koum\u00e8ne<\/em> comme repr\u00e9sentation d\u2019un espace g\u00e9ographique et comme espace d\u2019\u00e9laboration de mod\u00e8les politiques.<br><br>Julien Dubouloz (<a href=\"https:\/\/ccj.cnrs.fr\/\">CCJ<\/a>, d\u00e9partement d\u2019histoire)) explorera l\u2019expression latine mare nostrum, \u00ab&nbsp;notre Mer&nbsp;\u00bb, depuis son origine antique dans le contexte de l\u2019imp\u00e9rialisme romain, jusque dans des emplois plus r\u00e9cents.<\/p>\n\n\n\n<p>Katell Berthelot (<a href=\"https:\/\/www.cpaf.cnrs.fr\/\">TDMAM<\/a>, <a href=\"https:\/\/www.cnrs.fr\/fr\/page-daccueil\">CNRS<\/a>) envisagera la question m\u00e9diterran\u00e9enne depuis l\u2019Orient, en s\u2019interrogeant sur le rapport des Juifs \u00e0 la M\u00e9diterran\u00e9e, appr\u00e9hend\u00e9e \u00e0 la fois comme espace g\u00e9ographique et comme lieu de rencontre avec les mod\u00e8les politiques grecs et romain.<\/p>\n\n\n\n<h2 class=\"wp-block-heading\">S\u00e9ance 2. <em>Qu\u2019est-ce que l\u2019Islam a chang\u00e9 \u00e0 la M\u00e9diterran\u00e9e?<\/em><\/h2>\n\n\n\n<p><strong>9 novembre 2021, 14h-17h<\/strong><br>(Salle DUBY, <a href=\"https:\/\/www.mmsh.fr\/\">MMSH<\/a>, Aix-en-Provence)<\/p>\n\n\n\n<p>&nbsp;Dans un ouvrage paru en 1937 et rest\u00e9 c\u00e9l\u00e8bre (<em>Mahomet et Charlemagne<\/em>), Henri Pirenne entendait montrer que les grandes conqu\u00eates arabes des 7<sup>e<\/sup>-8<sup>e<\/sup> si\u00e8cles et la formation de l\u2019Empire islamique avaient rompu l\u2019unit\u00e9 de la M\u00e9diterran\u00e9e antique, pr\u00e9cipitant la s\u00e9paration historique entre Orient et Occident. R\u00e9guli\u00e8rement contest\u00e9e et nuanc\u00e9e depuis, la th\u00e8se d\u2019Henri Pirenne a n\u00e9anmoins le m\u00e9rite de poser la question des polarisations successives de l\u2019espace m\u00e9diterran\u00e9en.<\/p>\n\n\n\n<p>Cette s\u00e9ance cherchera donc \u00e0 poser la question de savoir ce que l\u2019Islam a chang\u00e9 \u00e0 la M\u00e9diterran\u00e9e, \u00e0 l\u2019organisation interne de l\u2019espace m\u00e9diterran\u00e9en, aux relations et \u00e9changes entre ses rives nord et sud, mais aussi aux repr\u00e9sentations (graphiques et mentales) de la M\u00e9diterran\u00e9e, per\u00e7ue avant tout comme un espace frontalier au Moyen Age. La question sera pos\u00e9e dans la longue dur\u00e9e, depuis les conqu\u00eates arabes et arabo-berb\u00e8res des 7<sup>e<\/sup>-8<sup>e<\/sup> si\u00e8cles jusqu\u2019\u00e0 l\u2019apog\u00e9e de l\u2019Empire ottoman au 16<sup>e<\/sup> si\u00e8cle, en passant par les grandes thassalocraties islamiques comme l\u2019Empire fatimide des 10<sup>e<\/sup>-12<sup>e<\/sup> si\u00e8cles.<\/p>\n\n\n\n<p><strong>Intervenant<\/strong><br>Julien Loiseau (<a href=\"https:\/\/www.iremam.cnrs.fr\/fr\">IREMAM<\/a>, d\u00e9partement d\u2019histoire, professeur d\u2019histoire du monde islamique m\u00e9di\u00e9val)<\/p>\n\n\n\n<h2 class=\"wp-block-heading\">S\u00e9ance 3. <em>\u00c9crire une histoire du milieu marin en M\u00e9diterran\u00e9e. Itin\u00e9raires de recherche et axes de travail (XVI<sup>e<\/sup>-XXI<sup>e<\/sup> s.)<\/em><\/h2>\n\n\n\n<p><strong>16 novembre 2021, 9h-12h<\/strong><br>(Salle Paul Albert F\u00e9vrier, <a href=\"https:\/\/www.mmsh.fr\/\">MMSH<\/a>, Aix-en-Provence)<\/p>\n\n\n\n<p>Cette s\u00e9ance sera d\u00e9di\u00e9e \u00e0 une r\u00e9flexion sur l\u2019\u00e9tude du milieu marin. La complexit\u00e9 des mutations provoqu\u00e9es par le changement global implique la mise en \u0153uvre de recherches interdisciplinaires, au sein des Sciences humaines et sociales (SHS), mais aussi en collaboration avec les \u00ab&nbsp;Sciences de la vie&nbsp;\u00bb.<\/p>\n\n\n\n<p>D\u00e9velopper des approches socio-\u00e9cosyst\u00e9miques est un d\u00e9fi, parce que si l\u2019entreprise interdit, afin de demeurer rigoureuse, toute dilution de nos propres pratiques disciplinaires, elle implique aussi une appropriation du langage de l\u2019autre, et une acquisition minimale de ses m\u00e9thodologies et de ses savoirs fondamentaux. Ces difficult\u00e9s expliquent qu\u2019aujourd\u2019hui encore, en l\u2019absence de formation vraiment d\u00e9cloisonn\u00e9es dans nos universit\u00e9s, les historiens environnementalistes soient aussi peu nombreux \u00e0 d\u00e9dier leurs travaux au monde marin.<\/p>\n\n\n\n<p>La s\u00e9ance propos\u00e9e s\u2019articulera en 4 temps. Elle d\u00e9crira d\u2019abord, dans un propos introductif, comment fonctionne la fabrique d\u2019un historien de la mer. \u00c0 la lumi\u00e8re de son propre cheminement, Daniel Faget (<a href=\"https:\/\/telemme.mmsh.fr\/\">TELEMMe<\/a>, d\u00e9partement d\u2019histoire) essaierai de montrer aux \u00e9tudiants comment peuvent \u00eatre pos\u00e9es les bases d\u2019une intersectorialit\u00e9, ses avanc\u00e9es et ses limites pratiques.<\/p>\n\n\n\n<p>Il pr\u00e9sentera ensuite successivement trois axes abord\u00e9s au cours de ses travaux, en les rattachant soigneusement \u00e0 des exp\u00e9riences pratiques de terrain dans l\u2019ensemble du bassin m\u00e9diterran\u00e9en, et en montrant ce que l\u2019approche plurielle fait \u00e0 un objet de recherche&nbsp;:<\/p>\n\n\n\n<ul class=\"wp-block-list\"><li>Une mer repr\u00e9sent\u00e9e&nbsp;: un retour contemporain de la sacralisation de l\u2019animal marin ? Le cas des petits mammif\u00e8res marins<\/li><li>Une mer exploit\u00e9e&nbsp;: ruptures technologiques et surexploitation de la ressource (XVI-XXI<sup>e<\/sup> s.)<\/li><li>Une mer transform\u00e9e&nbsp;: pollutions, transgressions marines, bio-invasions.<\/li><\/ul>\n\n\n\n<p><strong>Intervenant<\/strong><br>Daniel Faget (<a href=\"https:\/\/telemme.mmsh.fr\/\">TELEMMe<\/a>, d\u00e9partement d\u2019histoire)<\/p>\n\n\n\n<h2 class=\"wp-block-heading\">S\u00e9ance 4. Bilan du s\u00e9minaire disciplinaire transversal<\/h2>\n\n\n\n<p><strong>7 d\u00e9cembre 2021, 9h-10h30<\/strong><br>(Salle DUBY, <a href=\"https:\/\/www.mmsh.fr\/\">MMSH<\/a>, Aix-en-Provence)<\/p>\n\n\n\n<p>Ouverture des inscriptions sur ADUM dans les jours qui suivent.<\/p>\n\n\n\n<p><strong>Consulter <em>Dans les coulisses du s\u00e9minaire Ce que l\u2019\u00e9criture fait \u00e0 l\u2019Histoire\u2026 Entretien de Karima Dir\u00e8che par Th\u00e9o Borel<\/em><\/strong>&nbsp;: <a href=\"https:\/\/somum.hypotheses.org\/1600\">https:\/\/somum.hypotheses.org\/1600<\/a><\/p>\n","protected":false},"excerpt":{"rendered":"<p>L\u2019Histoire est la discipline qui \u00e9tudie le pass\u00e9 des soci\u00e9t\u00e9s humaines en mobilisant des sources, des mat\u00e9riaux et des m\u00e9thodes sp\u00e9cifiques. Marqu\u00e9e jusqu\u2019au XIXe si\u00e8cle par le r\u00e9cit des \u00e9v\u00e9nements&hellip;&nbsp;<a href=\"https:\/\/telemme.mmsh.fr\/?p=9846\" rel=\"bookmark\">Lire la suite &raquo;<span class=\"screen-reader-text\">[SoMuM] S\u00e9minaire doctoral \u2013 Ce que la M\u00e9diterran\u00e9e fait \u00e0 l\u2019\u00e9criture de l\u2019histoire\u2026<\/span><\/a><\/p>\n","protected":false},"author":6,"featured_media":9847,"comment_status":"closed","ping_status":"closed","sticky":false,"template":"","format":"standard","meta":{"neve_meta_sidebar":"","neve_meta_container":"","neve_meta_enable_content_width":"","neve_meta_content_width":0,"neve_meta_title_alignment":"","neve_meta_author_avatar":"","neve_post_elements_order":"","neve_meta_disable_header":"","neve_meta_disable_footer":"","neve_meta_disable_title":"","_tribe_events_control_status":"","_tribe_events_control_status_canceled_reason":"","_tribe_events_control_status_postponed_reason":"","_tribe_events_control_online":"","_tribe_events_control_online_url":"","footnotes":""},"categories":[2026],"tags":[2253,2252],"class_list":["post-9846","post","type-post","status-publish","format-standard","has-post-thumbnail","hentry","category-appels-a-candidature","tag-ecriture","tag-seminaire-doctoral"],"yoast_head":"<!-- This site is optimized with the Yoast SEO plugin v27.4 - https:\/\/yoast.com\/product\/yoast-seo-wordpress\/ -->\n<title>[SoMuM] S\u00e9minaire doctoral \u2013 Ce que la M\u00e9diterran\u00e9e fait \u00e0 l\u2019\u00e9criture de l\u2019histoire\u2026 - TELEMMe - Temps, espaces, langages, Europe m\u00e9ridionale, M\u00e9diterran\u00e9e<\/title>\n<meta name=\"robots\" content=\"index, follow, max-snippet:-1, max-image-preview:large, max-video-preview:-1\" \/>\n<link rel=\"canonical\" href=\"https:\/\/telemme.mmsh.fr\/?p=9846\" \/>\n<meta property=\"og:locale\" content=\"fr_FR\" \/>\n<meta property=\"og:type\" content=\"article\" \/>\n<meta property=\"og:title\" content=\"[SoMuM] S\u00e9minaire doctoral \u2013 Ce que la M\u00e9diterran\u00e9e fait \u00e0 l\u2019\u00e9criture de l\u2019histoire\u2026 - TELEMMe - Temps, espaces, langages, Europe m\u00e9ridionale, M\u00e9diterran\u00e9e\" \/>\n<meta property=\"og:description\" content=\"L\u2019Histoire est la discipline qui \u00e9tudie le pass\u00e9 des soci\u00e9t\u00e9s humaines en mobilisant des sources, des mat\u00e9riaux et des m\u00e9thodes sp\u00e9cifiques. Marqu\u00e9e jusqu\u2019au XIXe si\u00e8cle par le r\u00e9cit des \u00e9v\u00e9nements&hellip;&nbsp;Lire la suite &raquo;[SoMuM] S\u00e9minaire doctoral \u2013 Ce que la M\u00e9diterran\u00e9e fait \u00e0 l\u2019\u00e9criture de l\u2019histoire\u2026\" \/>\n<meta property=\"og:url\" content=\"https:\/\/telemme.mmsh.fr\/?p=9846\" \/>\n<meta property=\"og:site_name\" content=\"TELEMMe - Temps, espaces, langages, Europe m\u00e9ridionale, M\u00e9diterran\u00e9e\" \/>\n<meta property=\"article:published_time\" content=\"2021-10-19T09:25:45+00:00\" \/>\n<meta property=\"article:modified_time\" content=\"2021-10-19T09:26:27+00:00\" \/>\n<meta property=\"og:image\" content=\"https:\/\/telemme.mmsh.fr\/wp-content\/uploads\/2021\/10\/shutterstock_1941722476-2048x1365-1.jpg\" \/>\n\t<meta property=\"og:image:width\" content=\"1000\" \/>\n\t<meta property=\"og:image:height\" content=\"667\" \/>\n\t<meta property=\"og:image:type\" content=\"image\/jpeg\" \/>\n<meta name=\"author\" content=\"Delphine Cavallo\" \/>\n<meta name=\"twitter:card\" content=\"summary_large_image\" \/>\n<meta name=\"twitter:label1\" content=\"\u00c9crit par\" \/>\n\t<meta name=\"twitter:data1\" content=\"Delphine Cavallo\" \/>\n\t<meta name=\"twitter:label2\" content=\"Dur\u00e9e de lecture estim\u00e9e\" \/>\n\t<meta name=\"twitter:data2\" content=\"5 minutes\" \/>\n<script type=\"application\/ld+json\" class=\"yoast-schema-graph\">{\"@context\":\"https:\\\/\\\/schema.org\",\"@graph\":[{\"@type\":\"Article\",\"@id\":\"https:\\\/\\\/telemme.mmsh.fr\\\/?p=9846#article\",\"isPartOf\":{\"@id\":\"https:\\\/\\\/telemme.mmsh.fr\\\/?p=9846\"},\"author\":{\"name\":\"Delphine Cavallo\",\"@id\":\"https:\\\/\\\/telemme.mmsh.fr\\\/#\\\/schema\\\/person\\\/86a185da4836381586528ced48e263f5\"},\"headline\":\"[SoMuM] S\u00e9minaire doctoral \u2013 Ce que la M\u00e9diterran\u00e9e fait \u00e0 l\u2019\u00e9criture de l\u2019histoire\u2026\",\"datePublished\":\"2021-10-19T09:25:45+00:00\",\"dateModified\":\"2021-10-19T09:26:27+00:00\",\"mainEntityOfPage\":{\"@id\":\"https:\\\/\\\/telemme.mmsh.fr\\\/?p=9846\"},\"wordCount\":1204,\"publisher\":{\"@id\":\"https:\\\/\\\/telemme.mmsh.fr\\\/#organization\"},\"image\":{\"@id\":\"https:\\\/\\\/telemme.mmsh.fr\\\/?p=9846#primaryimage\"},\"thumbnailUrl\":\"https:\\\/\\\/telemme.mmsh.fr\\\/wp-content\\\/uploads\\\/2021\\\/10\\\/shutterstock_1941722476-2048x1365-1.jpg\",\"keywords\":[\"\u00e9criture\",\"s\u00e9minaire doctoral\"],\"articleSection\":[\"Appels \u00e0 candidature\"],\"inLanguage\":\"fr-FR\"},{\"@type\":\"WebPage\",\"@id\":\"https:\\\/\\\/telemme.mmsh.fr\\\/?p=9846\",\"url\":\"https:\\\/\\\/telemme.mmsh.fr\\\/?p=9846\",\"name\":\"[SoMuM] S\u00e9minaire doctoral \u2013 Ce que la M\u00e9diterran\u00e9e fait \u00e0 l\u2019\u00e9criture de l\u2019histoire\u2026 - TELEMMe - Temps, espaces, langages, Europe m\u00e9ridionale, M\u00e9diterran\u00e9e\",\"isPartOf\":{\"@id\":\"https:\\\/\\\/telemme.mmsh.fr\\\/#website\"},\"primaryImageOfPage\":{\"@id\":\"https:\\\/\\\/telemme.mmsh.fr\\\/?p=9846#primaryimage\"},\"image\":{\"@id\":\"https:\\\/\\\/telemme.mmsh.fr\\\/?p=9846#primaryimage\"},\"thumbnailUrl\":\"https:\\\/\\\/telemme.mmsh.fr\\\/wp-content\\\/uploads\\\/2021\\\/10\\\/shutterstock_1941722476-2048x1365-1.jpg\",\"datePublished\":\"2021-10-19T09:25:45+00:00\",\"dateModified\":\"2021-10-19T09:26:27+00:00\",\"breadcrumb\":{\"@id\":\"https:\\\/\\\/telemme.mmsh.fr\\\/?p=9846#breadcrumb\"},\"inLanguage\":\"fr-FR\",\"potentialAction\":[{\"@type\":\"ReadAction\",\"target\":[\"https:\\\/\\\/telemme.mmsh.fr\\\/?p=9846\"]}]},{\"@type\":\"ImageObject\",\"inLanguage\":\"fr-FR\",\"@id\":\"https:\\\/\\\/telemme.mmsh.fr\\\/?p=9846#primaryimage\",\"url\":\"https:\\\/\\\/telemme.mmsh.fr\\\/wp-content\\\/uploads\\\/2021\\\/10\\\/shutterstock_1941722476-2048x1365-1.jpg\",\"contentUrl\":\"https:\\\/\\\/telemme.mmsh.fr\\\/wp-content\\\/uploads\\\/2021\\\/10\\\/shutterstock_1941722476-2048x1365-1.jpg\",\"width\":1000,\"height\":667},{\"@type\":\"BreadcrumbList\",\"@id\":\"https:\\\/\\\/telemme.mmsh.fr\\\/?p=9846#breadcrumb\",\"itemListElement\":[{\"@type\":\"ListItem\",\"position\":1,\"name\":\"Accueil\",\"item\":\"https:\\\/\\\/telemme.mmsh.fr\\\/\"},{\"@type\":\"ListItem\",\"position\":2,\"name\":\"Actualit\u00e9s\",\"item\":\"https:\\\/\\\/telemme.mmsh.fr\\\/?cat=1995\"},{\"@type\":\"ListItem\",\"position\":3,\"name\":\"Appels \u00e0 candidature\",\"item\":\"https:\\\/\\\/telemme.mmsh.fr\\\/?cat=2026\"},{\"@type\":\"ListItem\",\"position\":4,\"name\":\"[SoMuM] S\u00e9minaire doctoral \u2013 Ce que la M\u00e9diterran\u00e9e fait \u00e0 l\u2019\u00e9criture de l\u2019histoire\u2026\"}]},{\"@type\":\"WebSite\",\"@id\":\"https:\\\/\\\/telemme.mmsh.fr\\\/#website\",\"url\":\"https:\\\/\\\/telemme.mmsh.fr\\\/\",\"name\":\"TELEMMe - Temps, espaces, langages, Europe m\u00e9ridionale, M\u00e9diterran\u00e9e\",\"description\":\"\",\"publisher\":{\"@id\":\"https:\\\/\\\/telemme.mmsh.fr\\\/#organization\"},\"potentialAction\":[{\"@type\":\"SearchAction\",\"target\":{\"@type\":\"EntryPoint\",\"urlTemplate\":\"https:\\\/\\\/telemme.mmsh.fr\\\/?s={search_term_string}\"},\"query-input\":{\"@type\":\"PropertyValueSpecification\",\"valueRequired\":true,\"valueName\":\"search_term_string\"}}],\"inLanguage\":\"fr-FR\"},{\"@type\":\"Organization\",\"@id\":\"https:\\\/\\\/telemme.mmsh.fr\\\/#organization\",\"name\":\"TELEMMe\",\"url\":\"https:\\\/\\\/telemme.mmsh.fr\\\/\",\"logo\":{\"@type\":\"ImageObject\",\"inLanguage\":\"fr-FR\",\"@id\":\"https:\\\/\\\/telemme.mmsh.fr\\\/#\\\/schema\\\/logo\\\/image\\\/\",\"url\":\"https:\\\/\\\/telemme.mmsh.fr\\\/wp-content\\\/uploads\\\/2020\\\/03\\\/LogoTELEMMe-horizontal-fond-transparent.png\",\"contentUrl\":\"https:\\\/\\\/telemme.mmsh.fr\\\/wp-content\\\/uploads\\\/2020\\\/03\\\/LogoTELEMMe-horizontal-fond-transparent.png\",\"width\":1500,\"height\":437,\"caption\":\"TELEMMe\"},\"image\":{\"@id\":\"https:\\\/\\\/telemme.mmsh.fr\\\/#\\\/schema\\\/logo\\\/image\\\/\"}},{\"@type\":\"Person\",\"@id\":\"https:\\\/\\\/telemme.mmsh.fr\\\/#\\\/schema\\\/person\\\/86a185da4836381586528ced48e263f5\",\"name\":\"Delphine Cavallo\",\"url\":\"https:\\\/\\\/telemme.mmsh.fr\\\/?author=6\"}]}<\/script>\n<!-- \/ Yoast SEO plugin. -->","yoast_head_json":{"title":"[SoMuM] S\u00e9minaire doctoral \u2013 Ce que la M\u00e9diterran\u00e9e fait \u00e0 l\u2019\u00e9criture de l\u2019histoire\u2026 - TELEMMe - Temps, espaces, langages, Europe m\u00e9ridionale, M\u00e9diterran\u00e9e","robots":{"index":"index","follow":"follow","max-snippet":"max-snippet:-1","max-image-preview":"max-image-preview:large","max-video-preview":"max-video-preview:-1"},"canonical":"https:\/\/telemme.mmsh.fr\/?p=9846","og_locale":"fr_FR","og_type":"article","og_title":"[SoMuM] S\u00e9minaire doctoral \u2013 Ce que la M\u00e9diterran\u00e9e fait \u00e0 l\u2019\u00e9criture de l\u2019histoire\u2026 - TELEMMe - Temps, espaces, langages, Europe m\u00e9ridionale, M\u00e9diterran\u00e9e","og_description":"L\u2019Histoire est la discipline qui \u00e9tudie le pass\u00e9 des soci\u00e9t\u00e9s humaines en mobilisant des sources, des mat\u00e9riaux et des m\u00e9thodes sp\u00e9cifiques. Marqu\u00e9e jusqu\u2019au XIXe si\u00e8cle par le r\u00e9cit des \u00e9v\u00e9nements&hellip;&nbsp;Lire la suite &raquo;[SoMuM] S\u00e9minaire doctoral \u2013 Ce que la M\u00e9diterran\u00e9e fait \u00e0 l\u2019\u00e9criture de l\u2019histoire\u2026","og_url":"https:\/\/telemme.mmsh.fr\/?p=9846","og_site_name":"TELEMMe - Temps, espaces, langages, Europe m\u00e9ridionale, M\u00e9diterran\u00e9e","article_published_time":"2021-10-19T09:25:45+00:00","article_modified_time":"2021-10-19T09:26:27+00:00","og_image":[{"width":1000,"height":667,"url":"https:\/\/telemme.mmsh.fr\/wp-content\/uploads\/2021\/10\/shutterstock_1941722476-2048x1365-1.jpg","type":"image\/jpeg"}],"author":"Delphine Cavallo","twitter_card":"summary_large_image","twitter_misc":{"\u00c9crit par":"Delphine Cavallo","Dur\u00e9e de lecture estim\u00e9e":"5 minutes"},"schema":{"@context":"https:\/\/schema.org","@graph":[{"@type":"Article","@id":"https:\/\/telemme.mmsh.fr\/?p=9846#article","isPartOf":{"@id":"https:\/\/telemme.mmsh.fr\/?p=9846"},"author":{"name":"Delphine Cavallo","@id":"https:\/\/telemme.mmsh.fr\/#\/schema\/person\/86a185da4836381586528ced48e263f5"},"headline":"[SoMuM] S\u00e9minaire doctoral \u2013 Ce que la M\u00e9diterran\u00e9e fait \u00e0 l\u2019\u00e9criture de l\u2019histoire\u2026","datePublished":"2021-10-19T09:25:45+00:00","dateModified":"2021-10-19T09:26:27+00:00","mainEntityOfPage":{"@id":"https:\/\/telemme.mmsh.fr\/?p=9846"},"wordCount":1204,"publisher":{"@id":"https:\/\/telemme.mmsh.fr\/#organization"},"image":{"@id":"https:\/\/telemme.mmsh.fr\/?p=9846#primaryimage"},"thumbnailUrl":"https:\/\/telemme.mmsh.fr\/wp-content\/uploads\/2021\/10\/shutterstock_1941722476-2048x1365-1.jpg","keywords":["\u00e9criture","s\u00e9minaire doctoral"],"articleSection":["Appels \u00e0 candidature"],"inLanguage":"fr-FR"},{"@type":"WebPage","@id":"https:\/\/telemme.mmsh.fr\/?p=9846","url":"https:\/\/telemme.mmsh.fr\/?p=9846","name":"[SoMuM] S\u00e9minaire doctoral \u2013 Ce que la M\u00e9diterran\u00e9e fait \u00e0 l\u2019\u00e9criture de l\u2019histoire\u2026 - TELEMMe - Temps, espaces, langages, Europe m\u00e9ridionale, M\u00e9diterran\u00e9e","isPartOf":{"@id":"https:\/\/telemme.mmsh.fr\/#website"},"primaryImageOfPage":{"@id":"https:\/\/telemme.mmsh.fr\/?p=9846#primaryimage"},"image":{"@id":"https:\/\/telemme.mmsh.fr\/?p=9846#primaryimage"},"thumbnailUrl":"https:\/\/telemme.mmsh.fr\/wp-content\/uploads\/2021\/10\/shutterstock_1941722476-2048x1365-1.jpg","datePublished":"2021-10-19T09:25:45+00:00","dateModified":"2021-10-19T09:26:27+00:00","breadcrumb":{"@id":"https:\/\/telemme.mmsh.fr\/?p=9846#breadcrumb"},"inLanguage":"fr-FR","potentialAction":[{"@type":"ReadAction","target":["https:\/\/telemme.mmsh.fr\/?p=9846"]}]},{"@type":"ImageObject","inLanguage":"fr-FR","@id":"https:\/\/telemme.mmsh.fr\/?p=9846#primaryimage","url":"https:\/\/telemme.mmsh.fr\/wp-content\/uploads\/2021\/10\/shutterstock_1941722476-2048x1365-1.jpg","contentUrl":"https:\/\/telemme.mmsh.fr\/wp-content\/uploads\/2021\/10\/shutterstock_1941722476-2048x1365-1.jpg","width":1000,"height":667},{"@type":"BreadcrumbList","@id":"https:\/\/telemme.mmsh.fr\/?p=9846#breadcrumb","itemListElement":[{"@type":"ListItem","position":1,"name":"Accueil","item":"https:\/\/telemme.mmsh.fr\/"},{"@type":"ListItem","position":2,"name":"Actualit\u00e9s","item":"https:\/\/telemme.mmsh.fr\/?cat=1995"},{"@type":"ListItem","position":3,"name":"Appels \u00e0 candidature","item":"https:\/\/telemme.mmsh.fr\/?cat=2026"},{"@type":"ListItem","position":4,"name":"[SoMuM] S\u00e9minaire doctoral \u2013 Ce que la M\u00e9diterran\u00e9e fait \u00e0 l\u2019\u00e9criture de l\u2019histoire\u2026"}]},{"@type":"WebSite","@id":"https:\/\/telemme.mmsh.fr\/#website","url":"https:\/\/telemme.mmsh.fr\/","name":"TELEMMe - Temps, espaces, langages, Europe m\u00e9ridionale, M\u00e9diterran\u00e9e","description":"","publisher":{"@id":"https:\/\/telemme.mmsh.fr\/#organization"},"potentialAction":[{"@type":"SearchAction","target":{"@type":"EntryPoint","urlTemplate":"https:\/\/telemme.mmsh.fr\/?s={search_term_string}"},"query-input":{"@type":"PropertyValueSpecification","valueRequired":true,"valueName":"search_term_string"}}],"inLanguage":"fr-FR"},{"@type":"Organization","@id":"https:\/\/telemme.mmsh.fr\/#organization","name":"TELEMMe","url":"https:\/\/telemme.mmsh.fr\/","logo":{"@type":"ImageObject","inLanguage":"fr-FR","@id":"https:\/\/telemme.mmsh.fr\/#\/schema\/logo\/image\/","url":"https:\/\/telemme.mmsh.fr\/wp-content\/uploads\/2020\/03\/LogoTELEMMe-horizontal-fond-transparent.png","contentUrl":"https:\/\/telemme.mmsh.fr\/wp-content\/uploads\/2020\/03\/LogoTELEMMe-horizontal-fond-transparent.png","width":1500,"height":437,"caption":"TELEMMe"},"image":{"@id":"https:\/\/telemme.mmsh.fr\/#\/schema\/logo\/image\/"}},{"@type":"Person","@id":"https:\/\/telemme.mmsh.fr\/#\/schema\/person\/86a185da4836381586528ced48e263f5","name":"Delphine Cavallo","url":"https:\/\/telemme.mmsh.fr\/?author=6"}]}},"_links":{"self":[{"href":"https:\/\/telemme.mmsh.fr\/index.php?rest_route=\/wp\/v2\/posts\/9846","targetHints":{"allow":["GET"]}}],"collection":[{"href":"https:\/\/telemme.mmsh.fr\/index.php?rest_route=\/wp\/v2\/posts"}],"about":[{"href":"https:\/\/telemme.mmsh.fr\/index.php?rest_route=\/wp\/v2\/types\/post"}],"author":[{"embeddable":true,"href":"https:\/\/telemme.mmsh.fr\/index.php?rest_route=\/wp\/v2\/users\/6"}],"replies":[{"embeddable":true,"href":"https:\/\/telemme.mmsh.fr\/index.php?rest_route=%2Fwp%2Fv2%2Fcomments&post=9846"}],"version-history":[{"count":3,"href":"https:\/\/telemme.mmsh.fr\/index.php?rest_route=\/wp\/v2\/posts\/9846\/revisions"}],"predecessor-version":[{"id":9850,"href":"https:\/\/telemme.mmsh.fr\/index.php?rest_route=\/wp\/v2\/posts\/9846\/revisions\/9850"}],"wp:featuredmedia":[{"embeddable":true,"href":"https:\/\/telemme.mmsh.fr\/index.php?rest_route=\/wp\/v2\/media\/9847"}],"wp:attachment":[{"href":"https:\/\/telemme.mmsh.fr\/index.php?rest_route=%2Fwp%2Fv2%2Fmedia&parent=9846"}],"wp:term":[{"taxonomy":"category","embeddable":true,"href":"https:\/\/telemme.mmsh.fr\/index.php?rest_route=%2Fwp%2Fv2%2Fcategories&post=9846"},{"taxonomy":"post_tag","embeddable":true,"href":"https:\/\/telemme.mmsh.fr\/index.php?rest_route=%2Fwp%2Fv2%2Ftags&post=9846"}],"curies":[{"name":"wp","href":"https:\/\/api.w.org\/{rel}","templated":true}]}}