{"id":9782,"date":"2021-10-06T15:23:55","date_gmt":"2021-10-06T13:23:55","guid":{"rendered":"https:\/\/telemme.mmsh.fr\/?p=9782"},"modified":"2021-10-06T15:27:55","modified_gmt":"2021-10-06T13:27:55","slug":"recrutement-dun%c2%b7e-post-doctorant%c2%b7e-pour-le-projet-mars-imperium","status":"publish","type":"post","link":"https:\/\/telemme.mmsh.fr\/?p=9782","title":{"rendered":"Recrutement d\u2019un\u00b7e post-doctorant\u00b7e pour le projet Mars-Imperium"},"content":{"rendered":"\n<h2 class=\"wp-block-heading\">Informations g\u00e9n\u00e9rales<\/h2>\n\n\n\n<p><strong>R\u00e9f\u00e9rence<\/strong> : UMR TELEMMe 7303<br><strong>Lieu de travail <\/strong>:&nbsp;AIX EN PROVENCE<br><strong>Date de publication<\/strong> :&nbsp;23\/09\/2021<\/p>\n\n\n\n<p><strong>Type de contrat<\/strong> :&nbsp;CDD Scientifique<br><strong>Dur\u00e9e du contrat<\/strong> : 24 mois<br><strong>Date d\u2019embauche pr\u00e9vue <\/strong>: 01\/01\/2022<\/p>\n\n\n\n<p><strong>Quotit\u00e9 de travail <\/strong>:&nbsp;Temps complet<br><strong>R\u00e9mun\u00e9ration<\/strong> :&nbsp;entre 2 145 et 2 728 euros bruts mensuels<br><strong>Niveau d\u2019\u00e9tudes souhait\u00e9<\/strong> :&nbsp;Doctorat<br><strong>Exp\u00e9rience souhait\u00e9e<\/strong> :&nbsp;1 \u00e0 4 ann\u00e9es<\/p>\n\n\n\n<h2 class=\"wp-block-heading\">Modalit\u00e9s de candidature<\/h2>\n\n\n\n<p>Envoyer un <strong>CV synth\u00e9tique <\/strong>et&nbsp;une <strong>lettre de motivation<\/strong> \u00e0 :<\/p>\n\n\n\n<ul class=\"wp-block-list\"><li>Xavier Daumalin : xavier.daumalin[at]univ-amu.fr ET<\/li><li>C\u00e9line Regnard : celine.regnard[at]univ-amu.fr<\/li><\/ul>\n\n\n\n<p><strong>Date limite de candidature<\/strong> : 31 octobre 2021<\/p>\n\n\n\n<h2 class=\"wp-block-heading\">Missions<\/h2>\n\n\n\n<p>L\u2019emploi de chercheur\u00b7e post-doctorant\u00b7e pour 2 ans s\u2019inscrit au c\u0153ur du programme interdisciplinaire Mars-IMPERIUM. \u00ab&nbsp;Marseille imp\u00e9riale&nbsp;: histoire et m\u00e9moires (post) coloniales XIXe-XXIe si\u00e8cles&nbsp;\u00bb retenu dans le cadre de l\u2019AAP Transfert 2020-23 d\u2019A*Midex.<\/p>\n\n\n\n<p>Le projet (Mars-IMPERIUM ) rassemble cinq UMR d\u2019Aix-Marseille Universit\u00e9 \u2013 IrAsia, IMAF, IREMAM , TELEMMe, LPED \u2013, l\u2019USR 3125 (Maison m\u00e9diterran\u00e9enne des sciences de l\u2019homme), la Biblioth\u00e8que num\u00e9rique Odyss\u00e9e et une dizaine de partenaires socio-culturels \u2013 ANOM, Archives municipales de Marseille, Archives d\u00e9partementales, Biblioth\u00e8que municipale \u00e0 vocation r\u00e9gionale de Marseille, Ancrages, INA-M\u00e9diterran\u00e9e, le d\u00e9partement patrimoine et documentation de la Chambre de commerce de Marseille, le MuCEM et les Mus\u00e9es de Marseille. Ce projet a pour ambition d\u2019aborder l\u2019histoire du fait imp\u00e9rial \u00e0 Marseille comme un \u00ab fait social total \u00bb dans la longue dur\u00e9e et de restituer le r\u00e9sultat de ses travaux sous la forme d\u2019un portail web donnant acc\u00e8s \u00e0 un ensemble d\u2019objets num\u00e9riques (web-documentaire, reconstitutions virtuelles, balades patrimoniales, plateforme documentaire) coproduits par l\u2019ensemble des partenaires du consortium. Situ\u00e9 \u00e0 la crois\u00e9e des r\u00e9flexions les plus r\u00e9centes induites par l\u2019histoire imp\u00e9riale et par l\u2019irruption des technologies de l\u2019information et de la communication dans l\u2019\u00e9laboration et la diffusion de la recherche en sciences humaines et sociales, Mars-IMPERIUM contribuera \u00e0 positionner Aix-Marseille Universit\u00e9 au c\u0153ur des analyses de la Global History et des Humanit\u00e9s num\u00e9riques, \u00e0 am\u00e9liorer la valorisation de son patrimoine scientifique et sa visibilit\u00e9 soci\u00e9tale, \u00e0 renforcer ses liens avec les principaux partenaires socio-culturels de son environnement, \u00e0 dynamiser la structuration de la recherche en sciences humaines et sociales et provoquera un effet levier dans la coop\u00e9ration internationale sur des th\u00e9matiques vives.<\/p>\n\n\n\n<h2 class=\"wp-block-heading\">Activit\u00e9s<\/h2>\n\n\n\n<p>Membre du comit\u00e9 de pilotage, le postdoctorant\/la postdoctorante, travaillera en \u00e9troite collaboration avec les deux porteurs du projet. Il\/elle sera recrut\u00e9\u00b7e \u00e0 compter du 1<sup>er<\/sup> janvier 2022 pour une dur\u00e9e de deux ans. Sa mission comportera deux volets :<\/p>\n\n\n\n<p><strong>Profil recherch\u00e9&nbsp;:<\/strong><\/p>\n\n\n\n<ul class=\"wp-block-list\"><li>Docteur.e en histoire contemporaine avec profil scientifique sur les probl\u00e9matiques imp\u00e9riales fran\u00e7aise du d\u00e9but du XIXe si\u00e8cle \u00e0 nos jours<\/li><li>Connaissance des fonds documentaires et archivistiques<\/li><li>Exp\u00e9rience de la gestion de projet<\/li><\/ul>\n\n\n\n<p><strong>Missions&nbsp;:<\/strong><\/p>\n\n\n\n<ol class=\"wp-block-list\"><li><em><strong>Coordination de la recherche documentaire et archivistique pour l\u2019ensemble des livrables<\/strong><\/em>, en lien avec la coordinatrice du projet web&nbsp;:<br>Lien avec les institutions partenaires et les chercheurs&nbsp;; s\u00e9lection des ressources&nbsp;; coordination de la documentation&nbsp;; gestion des questions juridiques li\u00e9es \u00e0 l\u2019usage de la documentation<\/li><li><strong><em>Coordination des projets de capsules-vid\u00e9os<\/em><\/strong>, en lien avec la personne en charge de la r\u00e9alisation vid\u00e9o : &nbsp;&nbsp;<\/li><\/ol>\n\n\n\n<ul class=\"wp-block-list\"><li>Calendrier&nbsp;; commande, suivi, relectures et rendu des textes scientifiques<\/li><li>Recherche de lieux de tournage, planification des tournages&nbsp;: rep\u00e9rage des lieux de tournage&nbsp;; r\u00e9servation et gestion des aspects juridiques&nbsp;; planification des tournages&nbsp;; coordination des aspects techniques et scientifiques.<\/li><\/ul>\n\n\n\n<h2 class=\"wp-block-heading\">Comp\u00e9tences<\/h2>\n\n\n\n<p>Le profil du post-doc sera recherch\u00e9 dans le champ de l\u2019histoire imp\u00e9riale fran\u00e7aise.<\/p>\n\n\n\n<p>Au vu des diff\u00e9rentes missions cit\u00e9es, la personne recrut\u00e9e devra poss\u00e9der des qualit\u00e9s d\u2019organisation, \u00eatre \u00e0 l\u2019aise dans les missions de coordination et planification et avoir une exp\u00e9rience minimale des usages num\u00e9riques de l\u2019histoire&nbsp;:<\/p>\n\n\n\n<ul class=\"wp-block-list\"><li>Connaissance du cadre l\u00e9gal et d\u00e9ontologique des archives, du droit de la propri\u00e9t\u00e9 intellectuelle et d\u2019utilisation des images&nbsp;;<\/li><li>Connaissance des syst\u00e8mes d\u2019information documentaire et des normes bibliographiques et de documentation<\/li><\/ul>\n\n\n\n<h2 class=\"wp-block-heading\">Contexte de travail<\/h2>\n\n\n\n<p>TELEMMe \u2013 Temps, espaces, langages, Europe m\u00e9ridionale, M\u00e9diterran\u00e9e \u2013 est une unit\u00e9 mixte de recherche de l\u2019Universit\u00e9 d\u2019Aix-Marseille et du CNRS, compos\u00e9e d\u2019historiens, d\u2019hispanistes et de g\u00e9ographes. C\u2019est par le nombre de chercheurs et de doctorants le plus important laboratoire de la MMSH.<\/p>\n\n\n\n<p>L\u2019USR 3125 (MMSH) est un campus de recherche et de formation en sciences humaines et sociales, sp\u00e9cialis\u00e9 sur le monde m\u00e9diterran\u00e9en situ\u00e9 \u00e0 Aix en Provence. La Maison m\u00e9diterran\u00e9enne des sciences de l\u2019homme (MMSH) est une composante d\u2019Aix-Marseille Universit\u00e9. Membre du Groupement d\u2019Int\u00e9r\u00eat Scientifique \u00ab R\u00e9seau National des Maisons des Sciences de l\u2019Homme \u00bb (GIS \u2013 RNMSH), elle regroupe 10 unit\u00e9s mixtes et l\u2019\u00c9cole doctorale 355 \u00ab Espaces, Cultures, Soci\u00e9t\u00e9s \u00bb. Elle appuie les activit\u00e9s scientifiques de ses unit\u00e9s associ\u00e9es par la mise \u00e0 disposition d\u2019\u00e9quipements communs et d\u2019outils mutualis\u00e9s. Aix-Marseille Universit\u00e9 (AMU) dispose de 5 grands campus aux standards internationaux. Sa Fondation universitaire A*Midex, qui porte l\u2019IDEX p\u00e9rennis\u00e9e, contribue au d\u00e9veloppement d\u2019un p\u00f4le interdisciplinaire d\u2019enseignement et de recherche qualifi\u00e9 \u00ab d\u2019universit\u00e9 de recherche intensive \u00bb.<\/p>\n\n\n\n<p>La MMSH accueille depuis 2020 les Instituts d\u2019\u00e9tablissement d\u2019AMU Arkaia (Institut arch\u00e9ologie m\u00e9diterran\u00e9enne) et SOMUM (Institut soci\u00e9t\u00e9s en mutation en M\u00e9diterran\u00e9e) afin d\u2019associer enseignement et recherche de haut niveau, d\u00e9livrant une formation d\u2019excellence.<\/p>\n\n\n\n<p>C\u2019est dans cet environnement de travail et en interaction avec les autres laboratoire et partenaires du projet que l\u2019activit\u00e9 du post-doc se d\u00e9veloppera. Le programme est constitu\u00e9 de 3 workpackages clairement identifi\u00e9s et dispose d\u2019un budget courant de 77 000\u20ac sur trois ans (hors masse salariale)<\/p>\n\n\n\n<h2 class=\"wp-block-heading\">Contraintes et risques<\/h2>\n\n\n\n<p>Dans le contexte de pand\u00e9mie COVID-19, la personne recrut\u00e9e devra respecter les consignes sanitaires d\u2019AMU et des institutions partenaire et risque d\u2019\u00eatre soumise \u00e0 quelques contraintes suppl\u00e9mentaires.<\/p>\n\n\n\n<h2 class=\"wp-block-heading\">Informations compl\u00e9mentaires<\/h2>\n\n\n\n<p>Ma\u00eetrise de l\u2019anglais scientifique souhait\u00e9e.<\/p>\n\n\n\n<div class=\"wp-block-file\"><a href=\"https:\/\/telemme.mmsh.fr\/wp-content\/uploads\/2021\/10\/2021.09.23_AMIDEX_TELEMME_MARSIMPERIUM_FicheDePoste_post-doc2.pdf\" target=\"_blank\" rel=\"noreferrer noopener\"><a href=\"https:\/\/telemmeinfos.hypotheses.org\/files\/2021\/09\/2021.09.23_AMIDEX_TELEMME_MARSIMPERIUM_FicheDePoste_post-doc2.pdf\">Fiche de poste : post-doctorant\u00b7e A*Midex-TELEMMe pour le projet Mars-Imperium<\/a><\/a><a href=\"https:\/\/telemme.mmsh.fr\/wp-content\/uploads\/2021\/10\/2021.09.23_AMIDEX_TELEMME_MARSIMPERIUM_FicheDePoste_post-doc2.pdf\" class=\"wp-block-file__button\" download>T\u00e9l\u00e9charger<\/a><\/div>\n","protected":false},"excerpt":{"rendered":"<p>L\u2019emploi de chercheur\u00b7e post-doctorant\u00b7e pour 2 ans s\u2019inscrit au c\u0153ur du programme interdisciplinaire Mars-IMPERIUM. \u00ab\u00a0Marseille imp\u00e9riale\u00a0: histoire et m\u00e9moires (post) coloniales XIXe-XXIe si\u00e8cles\u00a0\u00bb retenu dans le cadre de l\u2019AAP Transfert 2020-23 d\u2019A*Midex.<\/p>\n","protected":false},"author":6,"featured_media":9790,"comment_status":"closed","ping_status":"closed","sticky":false,"template":"","format":"standard","meta":{"neve_meta_sidebar":"","neve_meta_container":"","neve_meta_enable_content_width":"","neve_meta_content_width":0,"neve_meta_title_alignment":"","neve_meta_author_avatar":"","neve_post_elements_order":"","neve_meta_disable_header":"","neve_meta_disable_footer":"","neve_meta_disable_title":"","_tribe_events_control_status":"","_tribe_events_control_status_canceled_reason":"","_tribe_events_control_status_postponed_reason":"","_tribe_events_control_online":"","_tribe_events_control_online_url":"","footnotes":""},"categories":[2026],"tags":[2224],"class_list":["post-9782","post","type-post","status-publish","format-standard","has-post-thumbnail","hentry","category-appels-a-candidature","tag-post-doctorat"],"yoast_head":"<!-- This site is optimized with the Yoast SEO plugin v27.4 - https:\/\/yoast.com\/product\/yoast-seo-wordpress\/ -->\n<title>Recrutement d\u2019un\u00b7e post-doctorant\u00b7e pour le projet Mars-Imperium - TELEMMe - Temps, espaces, langages, Europe m\u00e9ridionale, M\u00e9diterran\u00e9e<\/title>\n<meta name=\"description\" content=\"L\u2019emploi de chercheur\u00b7e post-doctorant\u00b7e pour 2 ans s\u2019inscrit au c\u0153ur du programme interdisciplinaire Mars-IMPERIUM. \u00ab Marseille imp\u00e9riale : histoire et m\u00e9moires (post) coloniales XIXe-XXIe si\u00e8cles \u00bb retenu dans le cadre de l\u2019AAP Transfert 2020-23 d\u2019A*Midex.\" \/>\n<meta name=\"robots\" content=\"index, follow, max-snippet:-1, max-image-preview:large, max-video-preview:-1\" \/>\n<link rel=\"canonical\" href=\"https:\/\/telemme.mmsh.fr\/?p=9782\" \/>\n<meta property=\"og:locale\" content=\"fr_FR\" \/>\n<meta property=\"og:type\" content=\"article\" \/>\n<meta property=\"og:title\" content=\"Recrutement d\u2019un\u00b7e post-doctorant\u00b7e pour le projet Mars-Imperium - TELEMMe - Temps, espaces, langages, Europe m\u00e9ridionale, M\u00e9diterran\u00e9e\" \/>\n<meta property=\"og:description\" content=\"L\u2019emploi de chercheur\u00b7e post-doctorant\u00b7e pour 2 ans s\u2019inscrit au c\u0153ur du programme interdisciplinaire Mars-IMPERIUM. \u00ab Marseille imp\u00e9riale : histoire et m\u00e9moires (post) coloniales XIXe-XXIe si\u00e8cles \u00bb retenu dans le cadre de l\u2019AAP Transfert 2020-23 d\u2019A*Midex.\" \/>\n<meta property=\"og:url\" content=\"https:\/\/telemme.mmsh.fr\/?p=9782\" \/>\n<meta property=\"og:site_name\" content=\"TELEMMe - Temps, espaces, langages, Europe m\u00e9ridionale, M\u00e9diterran\u00e9e\" \/>\n<meta property=\"article:published_time\" content=\"2021-10-06T13:23:55+00:00\" \/>\n<meta property=\"article:modified_time\" content=\"2021-10-06T13:27:55+00:00\" \/>\n<meta property=\"og:image\" content=\"https:\/\/telemme.mmsh.fr\/wp-content\/uploads\/2021\/10\/logo_amidex-rgb-2.jpg\" \/>\n\t<meta property=\"og:image:width\" content=\"800\" \/>\n\t<meta property=\"og:image:height\" content=\"213\" \/>\n\t<meta property=\"og:image:type\" content=\"image\/jpeg\" \/>\n<meta name=\"author\" content=\"Delphine Cavallo\" \/>\n<meta name=\"twitter:card\" content=\"summary_large_image\" \/>\n<meta name=\"twitter:label1\" content=\"\u00c9crit par\" \/>\n\t<meta name=\"twitter:data1\" content=\"Delphine Cavallo\" \/>\n\t<meta name=\"twitter:label2\" content=\"Dur\u00e9e de lecture estim\u00e9e\" \/>\n\t<meta name=\"twitter:data2\" content=\"4 minutes\" \/>\n<script type=\"application\/ld+json\" class=\"yoast-schema-graph\">{\"@context\":\"https:\\\/\\\/schema.org\",\"@graph\":[{\"@type\":\"Article\",\"@id\":\"https:\\\/\\\/telemme.mmsh.fr\\\/?p=9782#article\",\"isPartOf\":{\"@id\":\"https:\\\/\\\/telemme.mmsh.fr\\\/?p=9782\"},\"author\":{\"name\":\"Delphine Cavallo\",\"@id\":\"https:\\\/\\\/telemme.mmsh.fr\\\/#\\\/schema\\\/person\\\/86a185da4836381586528ced48e263f5\"},\"headline\":\"Recrutement d\u2019un\u00b7e post-doctorant\u00b7e pour le projet Mars-Imperium\",\"datePublished\":\"2021-10-06T13:23:55+00:00\",\"dateModified\":\"2021-10-06T13:27:55+00:00\",\"mainEntityOfPage\":{\"@id\":\"https:\\\/\\\/telemme.mmsh.fr\\\/?p=9782\"},\"wordCount\":1063,\"publisher\":{\"@id\":\"https:\\\/\\\/telemme.mmsh.fr\\\/#organization\"},\"image\":{\"@id\":\"https:\\\/\\\/telemme.mmsh.fr\\\/?p=9782#primaryimage\"},\"thumbnailUrl\":\"https:\\\/\\\/telemme.mmsh.fr\\\/wp-content\\\/uploads\\\/2021\\\/10\\\/logo_amidex-rgb-2.jpg\",\"keywords\":[\"post-doctorat\"],\"articleSection\":[\"Appels \u00e0 candidature\"],\"inLanguage\":\"fr-FR\"},{\"@type\":\"WebPage\",\"@id\":\"https:\\\/\\\/telemme.mmsh.fr\\\/?p=9782\",\"url\":\"https:\\\/\\\/telemme.mmsh.fr\\\/?p=9782\",\"name\":\"Recrutement d\u2019un\u00b7e post-doctorant\u00b7e pour le projet Mars-Imperium - TELEMMe - Temps, espaces, langages, Europe m\u00e9ridionale, M\u00e9diterran\u00e9e\",\"isPartOf\":{\"@id\":\"https:\\\/\\\/telemme.mmsh.fr\\\/#website\"},\"primaryImageOfPage\":{\"@id\":\"https:\\\/\\\/telemme.mmsh.fr\\\/?p=9782#primaryimage\"},\"image\":{\"@id\":\"https:\\\/\\\/telemme.mmsh.fr\\\/?p=9782#primaryimage\"},\"thumbnailUrl\":\"https:\\\/\\\/telemme.mmsh.fr\\\/wp-content\\\/uploads\\\/2021\\\/10\\\/logo_amidex-rgb-2.jpg\",\"datePublished\":\"2021-10-06T13:23:55+00:00\",\"dateModified\":\"2021-10-06T13:27:55+00:00\",\"description\":\"L\u2019emploi de chercheur\u00b7e post-doctorant\u00b7e pour 2 ans s\u2019inscrit au c\u0153ur du programme interdisciplinaire Mars-IMPERIUM. \u00ab Marseille imp\u00e9riale : histoire et m\u00e9moires (post) coloniales XIXe-XXIe si\u00e8cles \u00bb retenu dans le cadre de l\u2019AAP Transfert 2020-23 d\u2019A*Midex.\",\"breadcrumb\":{\"@id\":\"https:\\\/\\\/telemme.mmsh.fr\\\/?p=9782#breadcrumb\"},\"inLanguage\":\"fr-FR\",\"potentialAction\":[{\"@type\":\"ReadAction\",\"target\":[\"https:\\\/\\\/telemme.mmsh.fr\\\/?p=9782\"]}]},{\"@type\":\"ImageObject\",\"inLanguage\":\"fr-FR\",\"@id\":\"https:\\\/\\\/telemme.mmsh.fr\\\/?p=9782#primaryimage\",\"url\":\"https:\\\/\\\/telemme.mmsh.fr\\\/wp-content\\\/uploads\\\/2021\\\/10\\\/logo_amidex-rgb-2.jpg\",\"contentUrl\":\"https:\\\/\\\/telemme.mmsh.fr\\\/wp-content\\\/uploads\\\/2021\\\/10\\\/logo_amidex-rgb-2.jpg\",\"width\":800,\"height\":213,\"caption\":\"Logo d'A*Midex\"},{\"@type\":\"BreadcrumbList\",\"@id\":\"https:\\\/\\\/telemme.mmsh.fr\\\/?p=9782#breadcrumb\",\"itemListElement\":[{\"@type\":\"ListItem\",\"position\":1,\"name\":\"Accueil\",\"item\":\"https:\\\/\\\/telemme.mmsh.fr\\\/\"},{\"@type\":\"ListItem\",\"position\":2,\"name\":\"Actualit\u00e9s\",\"item\":\"https:\\\/\\\/telemme.mmsh.fr\\\/?cat=1995\"},{\"@type\":\"ListItem\",\"position\":3,\"name\":\"Appels \u00e0 candidature\",\"item\":\"https:\\\/\\\/telemme.mmsh.fr\\\/?cat=2026\"},{\"@type\":\"ListItem\",\"position\":4,\"name\":\"Recrutement d\u2019un\u00b7e post-doctorant\u00b7e pour le projet Mars-Imperium\"}]},{\"@type\":\"WebSite\",\"@id\":\"https:\\\/\\\/telemme.mmsh.fr\\\/#website\",\"url\":\"https:\\\/\\\/telemme.mmsh.fr\\\/\",\"name\":\"TELEMMe - Temps, espaces, langages, Europe m\u00e9ridionale, M\u00e9diterran\u00e9e\",\"description\":\"\",\"publisher\":{\"@id\":\"https:\\\/\\\/telemme.mmsh.fr\\\/#organization\"},\"potentialAction\":[{\"@type\":\"SearchAction\",\"target\":{\"@type\":\"EntryPoint\",\"urlTemplate\":\"https:\\\/\\\/telemme.mmsh.fr\\\/?s={search_term_string}\"},\"query-input\":{\"@type\":\"PropertyValueSpecification\",\"valueRequired\":true,\"valueName\":\"search_term_string\"}}],\"inLanguage\":\"fr-FR\"},{\"@type\":\"Organization\",\"@id\":\"https:\\\/\\\/telemme.mmsh.fr\\\/#organization\",\"name\":\"TELEMMe\",\"url\":\"https:\\\/\\\/telemme.mmsh.fr\\\/\",\"logo\":{\"@type\":\"ImageObject\",\"inLanguage\":\"fr-FR\",\"@id\":\"https:\\\/\\\/telemme.mmsh.fr\\\/#\\\/schema\\\/logo\\\/image\\\/\",\"url\":\"https:\\\/\\\/telemme.mmsh.fr\\\/wp-content\\\/uploads\\\/2020\\\/03\\\/LogoTELEMMe-horizontal-fond-transparent.png\",\"contentUrl\":\"https:\\\/\\\/telemme.mmsh.fr\\\/wp-content\\\/uploads\\\/2020\\\/03\\\/LogoTELEMMe-horizontal-fond-transparent.png\",\"width\":1500,\"height\":437,\"caption\":\"TELEMMe\"},\"image\":{\"@id\":\"https:\\\/\\\/telemme.mmsh.fr\\\/#\\\/schema\\\/logo\\\/image\\\/\"}},{\"@type\":\"Person\",\"@id\":\"https:\\\/\\\/telemme.mmsh.fr\\\/#\\\/schema\\\/person\\\/86a185da4836381586528ced48e263f5\",\"name\":\"Delphine Cavallo\",\"url\":\"https:\\\/\\\/telemme.mmsh.fr\\\/?author=6\"}]}<\/script>\n<!-- \/ Yoast SEO plugin. -->","yoast_head_json":{"title":"Recrutement d\u2019un\u00b7e post-doctorant\u00b7e pour le projet Mars-Imperium - TELEMMe - Temps, espaces, langages, Europe m\u00e9ridionale, M\u00e9diterran\u00e9e","description":"L\u2019emploi de chercheur\u00b7e post-doctorant\u00b7e pour 2 ans s\u2019inscrit au c\u0153ur du programme interdisciplinaire Mars-IMPERIUM. \u00ab Marseille imp\u00e9riale : histoire et m\u00e9moires (post) coloniales XIXe-XXIe si\u00e8cles \u00bb retenu dans le cadre de l\u2019AAP Transfert 2020-23 d\u2019A*Midex.","robots":{"index":"index","follow":"follow","max-snippet":"max-snippet:-1","max-image-preview":"max-image-preview:large","max-video-preview":"max-video-preview:-1"},"canonical":"https:\/\/telemme.mmsh.fr\/?p=9782","og_locale":"fr_FR","og_type":"article","og_title":"Recrutement d\u2019un\u00b7e post-doctorant\u00b7e pour le projet Mars-Imperium - TELEMMe - Temps, espaces, langages, Europe m\u00e9ridionale, M\u00e9diterran\u00e9e","og_description":"L\u2019emploi de chercheur\u00b7e post-doctorant\u00b7e pour 2 ans s\u2019inscrit au c\u0153ur du programme interdisciplinaire Mars-IMPERIUM. \u00ab Marseille imp\u00e9riale : histoire et m\u00e9moires (post) coloniales XIXe-XXIe si\u00e8cles \u00bb retenu dans le cadre de l\u2019AAP Transfert 2020-23 d\u2019A*Midex.","og_url":"https:\/\/telemme.mmsh.fr\/?p=9782","og_site_name":"TELEMMe - Temps, espaces, langages, Europe m\u00e9ridionale, M\u00e9diterran\u00e9e","article_published_time":"2021-10-06T13:23:55+00:00","article_modified_time":"2021-10-06T13:27:55+00:00","og_image":[{"width":800,"height":213,"url":"https:\/\/telemme.mmsh.fr\/wp-content\/uploads\/2021\/10\/logo_amidex-rgb-2.jpg","type":"image\/jpeg"}],"author":"Delphine Cavallo","twitter_card":"summary_large_image","twitter_misc":{"\u00c9crit par":"Delphine Cavallo","Dur\u00e9e de lecture estim\u00e9e":"4 minutes"},"schema":{"@context":"https:\/\/schema.org","@graph":[{"@type":"Article","@id":"https:\/\/telemme.mmsh.fr\/?p=9782#article","isPartOf":{"@id":"https:\/\/telemme.mmsh.fr\/?p=9782"},"author":{"name":"Delphine Cavallo","@id":"https:\/\/telemme.mmsh.fr\/#\/schema\/person\/86a185da4836381586528ced48e263f5"},"headline":"Recrutement d\u2019un\u00b7e post-doctorant\u00b7e pour le projet Mars-Imperium","datePublished":"2021-10-06T13:23:55+00:00","dateModified":"2021-10-06T13:27:55+00:00","mainEntityOfPage":{"@id":"https:\/\/telemme.mmsh.fr\/?p=9782"},"wordCount":1063,"publisher":{"@id":"https:\/\/telemme.mmsh.fr\/#organization"},"image":{"@id":"https:\/\/telemme.mmsh.fr\/?p=9782#primaryimage"},"thumbnailUrl":"https:\/\/telemme.mmsh.fr\/wp-content\/uploads\/2021\/10\/logo_amidex-rgb-2.jpg","keywords":["post-doctorat"],"articleSection":["Appels \u00e0 candidature"],"inLanguage":"fr-FR"},{"@type":"WebPage","@id":"https:\/\/telemme.mmsh.fr\/?p=9782","url":"https:\/\/telemme.mmsh.fr\/?p=9782","name":"Recrutement d\u2019un\u00b7e post-doctorant\u00b7e pour le projet Mars-Imperium - TELEMMe - Temps, espaces, langages, Europe m\u00e9ridionale, M\u00e9diterran\u00e9e","isPartOf":{"@id":"https:\/\/telemme.mmsh.fr\/#website"},"primaryImageOfPage":{"@id":"https:\/\/telemme.mmsh.fr\/?p=9782#primaryimage"},"image":{"@id":"https:\/\/telemme.mmsh.fr\/?p=9782#primaryimage"},"thumbnailUrl":"https:\/\/telemme.mmsh.fr\/wp-content\/uploads\/2021\/10\/logo_amidex-rgb-2.jpg","datePublished":"2021-10-06T13:23:55+00:00","dateModified":"2021-10-06T13:27:55+00:00","description":"L\u2019emploi de chercheur\u00b7e post-doctorant\u00b7e pour 2 ans s\u2019inscrit au c\u0153ur du programme interdisciplinaire Mars-IMPERIUM. \u00ab Marseille imp\u00e9riale : histoire et m\u00e9moires (post) coloniales XIXe-XXIe si\u00e8cles \u00bb retenu dans le cadre de l\u2019AAP Transfert 2020-23 d\u2019A*Midex.","breadcrumb":{"@id":"https:\/\/telemme.mmsh.fr\/?p=9782#breadcrumb"},"inLanguage":"fr-FR","potentialAction":[{"@type":"ReadAction","target":["https:\/\/telemme.mmsh.fr\/?p=9782"]}]},{"@type":"ImageObject","inLanguage":"fr-FR","@id":"https:\/\/telemme.mmsh.fr\/?p=9782#primaryimage","url":"https:\/\/telemme.mmsh.fr\/wp-content\/uploads\/2021\/10\/logo_amidex-rgb-2.jpg","contentUrl":"https:\/\/telemme.mmsh.fr\/wp-content\/uploads\/2021\/10\/logo_amidex-rgb-2.jpg","width":800,"height":213,"caption":"Logo d'A*Midex"},{"@type":"BreadcrumbList","@id":"https:\/\/telemme.mmsh.fr\/?p=9782#breadcrumb","itemListElement":[{"@type":"ListItem","position":1,"name":"Accueil","item":"https:\/\/telemme.mmsh.fr\/"},{"@type":"ListItem","position":2,"name":"Actualit\u00e9s","item":"https:\/\/telemme.mmsh.fr\/?cat=1995"},{"@type":"ListItem","position":3,"name":"Appels \u00e0 candidature","item":"https:\/\/telemme.mmsh.fr\/?cat=2026"},{"@type":"ListItem","position":4,"name":"Recrutement d\u2019un\u00b7e post-doctorant\u00b7e pour le projet Mars-Imperium"}]},{"@type":"WebSite","@id":"https:\/\/telemme.mmsh.fr\/#website","url":"https:\/\/telemme.mmsh.fr\/","name":"TELEMMe - Temps, espaces, langages, Europe m\u00e9ridionale, M\u00e9diterran\u00e9e","description":"","publisher":{"@id":"https:\/\/telemme.mmsh.fr\/#organization"},"potentialAction":[{"@type":"SearchAction","target":{"@type":"EntryPoint","urlTemplate":"https:\/\/telemme.mmsh.fr\/?s={search_term_string}"},"query-input":{"@type":"PropertyValueSpecification","valueRequired":true,"valueName":"search_term_string"}}],"inLanguage":"fr-FR"},{"@type":"Organization","@id":"https:\/\/telemme.mmsh.fr\/#organization","name":"TELEMMe","url":"https:\/\/telemme.mmsh.fr\/","logo":{"@type":"ImageObject","inLanguage":"fr-FR","@id":"https:\/\/telemme.mmsh.fr\/#\/schema\/logo\/image\/","url":"https:\/\/telemme.mmsh.fr\/wp-content\/uploads\/2020\/03\/LogoTELEMMe-horizontal-fond-transparent.png","contentUrl":"https:\/\/telemme.mmsh.fr\/wp-content\/uploads\/2020\/03\/LogoTELEMMe-horizontal-fond-transparent.png","width":1500,"height":437,"caption":"TELEMMe"},"image":{"@id":"https:\/\/telemme.mmsh.fr\/#\/schema\/logo\/image\/"}},{"@type":"Person","@id":"https:\/\/telemme.mmsh.fr\/#\/schema\/person\/86a185da4836381586528ced48e263f5","name":"Delphine Cavallo","url":"https:\/\/telemme.mmsh.fr\/?author=6"}]}},"_links":{"self":[{"href":"https:\/\/telemme.mmsh.fr\/index.php?rest_route=\/wp\/v2\/posts\/9782","targetHints":{"allow":["GET"]}}],"collection":[{"href":"https:\/\/telemme.mmsh.fr\/index.php?rest_route=\/wp\/v2\/posts"}],"about":[{"href":"https:\/\/telemme.mmsh.fr\/index.php?rest_route=\/wp\/v2\/types\/post"}],"author":[{"embeddable":true,"href":"https:\/\/telemme.mmsh.fr\/index.php?rest_route=\/wp\/v2\/users\/6"}],"replies":[{"embeddable":true,"href":"https:\/\/telemme.mmsh.fr\/index.php?rest_route=%2Fwp%2Fv2%2Fcomments&post=9782"}],"version-history":[{"count":4,"href":"https:\/\/telemme.mmsh.fr\/index.php?rest_route=\/wp\/v2\/posts\/9782\/revisions"}],"predecessor-version":[{"id":9788,"href":"https:\/\/telemme.mmsh.fr\/index.php?rest_route=\/wp\/v2\/posts\/9782\/revisions\/9788"}],"wp:featuredmedia":[{"embeddable":true,"href":"https:\/\/telemme.mmsh.fr\/index.php?rest_route=\/wp\/v2\/media\/9790"}],"wp:attachment":[{"href":"https:\/\/telemme.mmsh.fr\/index.php?rest_route=%2Fwp%2Fv2%2Fmedia&parent=9782"}],"wp:term":[{"taxonomy":"category","embeddable":true,"href":"https:\/\/telemme.mmsh.fr\/index.php?rest_route=%2Fwp%2Fv2%2Fcategories&post=9782"},{"taxonomy":"post_tag","embeddable":true,"href":"https:\/\/telemme.mmsh.fr\/index.php?rest_route=%2Fwp%2Fv2%2Ftags&post=9782"}],"curies":[{"name":"wp","href":"https:\/\/api.w.org\/{rel}","templated":true}]}}