{"id":9762,"date":"2021-10-04T08:22:00","date_gmt":"2021-10-04T06:22:00","guid":{"rendered":"https:\/\/telemme.mmsh.fr\/?p=9762"},"modified":"2021-10-01T17:24:19","modified_gmt":"2021-10-01T15:24:19","slug":"soutien-de-telemme-aux-candidat%c2%b7es-au-cnrs","status":"publish","type":"post","link":"https:\/\/telemme.mmsh.fr\/?p=9762","title":{"rendered":"Soutien de TELEMMe aux candidat\u00b7es au CNRS"},"content":{"rendered":"\n<p>L&rsquo;UMR 7303 TELEMMe (Temps, Espaces, Langages, Europe m\u00e9ridionale, M\u00e9diterran\u00e9e) a mis en place une politique de soutien aux candidat.e.s au poste de charg\u00e9.e de recherche du CNRS. Les candidat.e.s qui souhaitent demander leur rattachement \u00e0 TELEMMe peuvent d\u00e8s \u00e0 pr\u00e9sent prendre contact avec la direction et\u00a0la direction-adjointe du laboratoire :<\/p>\n\n\n\n<p><\/p>\n\n\n\n<ul class=\"wp-block-list\"><li><a href=\"mailto:xavier.daumalin@univ-amu.fr\" target=\"_blank\" rel=\"noreferrer noopener\">xavier.daumalin@univ-amu.fr<\/a><\/li><\/ul>\n\n\n\n<ul class=\"wp-block-list\"><li><a href=\"mailto:anne.montenach@univ-amu.fr\" target=\"_blank\" rel=\"noreferrer noopener\">anne.montenach@univ-amu.fr<\/a><\/li><\/ul>\n\n\n\n<p><br>Les dossiers doivent nous \u00eatre adress\u00e9s pour\u00a0<strong>le 1<sup>er<\/sup> d\u00e9cembre 2021 minuit au plus tard<\/strong>. Ils doivent comprendre :<\/p>\n\n\n\n<ul class=\"wp-block-list\"><li>une lettre de motivation<\/li><li>un \u00e9tat au moins provisoire du projet de recherche<\/li><li>un CV avec une liste de publications<\/li><li>le rapport de soutenance de la th\u00e8se de doctorat.<\/li><\/ul>\n\n\n\n<p>Les candidatures seront examin\u00e9es par le conseil de laboratoire programm\u00e9 \u00e0 la mi-d\u00e9cembre. Les candidat.e.s soutenu.e.s par TELEMMe pourront \u00eatre aid\u00e9.e.s par des membres du laboratoire pour finaliser leur projet et pour la pr\u00e9paration de leur audition, s&rsquo;ils sont retenus pour les oraux.<\/p>\n\n\n\n<p>Le laboratoire est\u00a0structur\u00e9 en\u00a0<a href=\"http:\/\/telemme.mmsh.univ-aix.fr\/recherche\/default.aspx%C2%A0\">trois axes<\/a>\u00a0 :<\/p>\n\n\n\n<ul class=\"wp-block-list\"><li>Axe 1&nbsp;: <a href=\"https:\/\/telemme.mmsh.fr\/?axe_groupe=2018-2023-1-la-construction-du-sensible-et-des-savoirs\">La construction du sensible et des savoirs, du Moyen \u00c2ge \u00e0 nos jours, Europe-M\u00e9diterran\u00e9e<\/a><\/li><li>Axe 2&nbsp;: <a href=\"https:\/\/telemme.mmsh.fr\/?axe_groupe=2018-2023-2-les-appartenances-a-lepreuve\">Les appartenances \u00e0 l\u2019\u00e9preuve : circulations, crises et r\u00e9sistances (Europe m\u00e9ridionale-M\u00e9diterran\u00e9e<\/a>)<\/li><li>Axe 3&nbsp;: <a href=\"https:\/\/telemme.mmsh.fr\/?axe_groupe=2018-2023-3-la-fabrique-des-territoires\">La fabrique des territoires : milieux, acteurs, pratiques (Europe m\u00e9ridionale-M\u00e9diterran\u00e9e)<\/a><\/li><\/ul>\n","protected":false},"excerpt":{"rendered":"<p>L&rsquo;UMR 7303 TELEMMe (Temps, Espaces, Langages, Europe m\u00e9ridionale, M\u00e9diterran\u00e9e) a mis en place une politique de soutien aux candidat.e.s au poste de charg\u00e9.e de recherche du CNRS. Les candidat.e.s qui souhaitent demander leur rattachement \u00e0 TELEMMe peuvent d\u00e8s \u00e0 pr\u00e9sent prendre contact avec la direction et\u00a0la direction-adjointe du laboratoire.<\/p>\n","protected":false},"author":6,"featured_media":9313,"comment_status":"closed","ping_status":"closed","sticky":false,"template":"","format":"standard","meta":{"neve_meta_sidebar":"","neve_meta_container":"","neve_meta_enable_content_width":"","neve_meta_content_width":0,"neve_meta_title_alignment":"","neve_meta_author_avatar":"","neve_post_elements_order":"","neve_meta_disable_header":"","neve_meta_disable_footer":"","neve_meta_disable_title":"","_tribe_events_control_status":"","_tribe_events_control_status_canceled_reason":"","_tribe_events_control_status_postponed_reason":"","_tribe_events_control_online":"","_tribe_events_control_online_url":"","footnotes":""},"categories":[2007],"tags":[],"class_list":["post-9762","post","type-post","status-publish","format-standard","has-post-thumbnail","hentry","category-informations"],"yoast_head":"<!-- This site is optimized with the Yoast SEO plugin v27.4 - https:\/\/yoast.com\/product\/yoast-seo-wordpress\/ -->\n<title>Soutien de TELEMMe aux candidat\u00b7es au CNRS - TELEMMe - Temps, espaces, langages, Europe m\u00e9ridionale, M\u00e9diterran\u00e9e<\/title>\n<meta name=\"description\" content=\"L&#039;UMR 7303 TELEMMe (Temps, Espaces, Langages, Europe m\u00e9ridionale, M\u00e9diterran\u00e9e) a mis en place une politique de soutien aux candidat.e.s au poste de charg\u00e9.e de recherche du CNRS. Les candidat.e.s qui souhaitent demander leur rattachement \u00e0 TELEMMe peuvent d\u00e8s \u00e0 pr\u00e9sent prendre contact avec la direction et la direction-adjointe du laboratoire.\" \/>\n<meta name=\"robots\" content=\"index, follow, max-snippet:-1, max-image-preview:large, max-video-preview:-1\" \/>\n<link rel=\"canonical\" href=\"https:\/\/telemme.mmsh.fr\/?p=9762\" \/>\n<meta property=\"og:locale\" content=\"fr_FR\" \/>\n<meta property=\"og:type\" content=\"article\" \/>\n<meta property=\"og:title\" content=\"Soutien de TELEMMe aux candidat\u00b7es au CNRS - TELEMMe - Temps, espaces, langages, Europe m\u00e9ridionale, M\u00e9diterran\u00e9e\" \/>\n<meta property=\"og:description\" content=\"L&#039;UMR 7303 TELEMMe (Temps, Espaces, Langages, Europe m\u00e9ridionale, M\u00e9diterran\u00e9e) a mis en place une politique de soutien aux candidat.e.s au poste de charg\u00e9.e de recherche du CNRS. Les candidat.e.s qui souhaitent demander leur rattachement \u00e0 TELEMMe peuvent d\u00e8s \u00e0 pr\u00e9sent prendre contact avec la direction et la direction-adjointe du laboratoire.\" \/>\n<meta property=\"og:url\" content=\"https:\/\/telemme.mmsh.fr\/?p=9762\" \/>\n<meta property=\"og:site_name\" content=\"TELEMMe - Temps, espaces, langages, Europe m\u00e9ridionale, M\u00e9diterran\u00e9e\" \/>\n<meta property=\"article:published_time\" content=\"2021-10-04T06:22:00+00:00\" \/>\n<meta property=\"og:image\" content=\"https:\/\/telemme.mmsh.fr\/wp-content\/uploads\/2021\/08\/LOGO_CNRS_2019_RVB.png\" \/>\n\t<meta property=\"og:image:width\" content=\"1181\" \/>\n\t<meta property=\"og:image:height\" content=\"1181\" \/>\n\t<meta property=\"og:image:type\" content=\"image\/png\" \/>\n<meta name=\"author\" content=\"Delphine Cavallo\" \/>\n<meta name=\"twitter:card\" content=\"summary_large_image\" \/>\n<meta name=\"twitter:label1\" content=\"\u00c9crit par\" \/>\n\t<meta name=\"twitter:data1\" content=\"Delphine Cavallo\" \/>\n\t<meta name=\"twitter:label2\" content=\"Dur\u00e9e de lecture estim\u00e9e\" \/>\n\t<meta name=\"twitter:data2\" content=\"1 minute\" \/>\n<script type=\"application\/ld+json\" class=\"yoast-schema-graph\">{\"@context\":\"https:\\\/\\\/schema.org\",\"@graph\":[{\"@type\":\"Article\",\"@id\":\"https:\\\/\\\/telemme.mmsh.fr\\\/?p=9762#article\",\"isPartOf\":{\"@id\":\"https:\\\/\\\/telemme.mmsh.fr\\\/?p=9762\"},\"author\":{\"name\":\"Delphine Cavallo\",\"@id\":\"https:\\\/\\\/telemme.mmsh.fr\\\/#\\\/schema\\\/person\\\/86a185da4836381586528ced48e263f5\"},\"headline\":\"Soutien de TELEMMe aux candidat\u00b7es au CNRS\",\"datePublished\":\"2021-10-04T06:22:00+00:00\",\"mainEntityOfPage\":{\"@id\":\"https:\\\/\\\/telemme.mmsh.fr\\\/?p=9762\"},\"wordCount\":229,\"publisher\":{\"@id\":\"https:\\\/\\\/telemme.mmsh.fr\\\/#organization\"},\"image\":{\"@id\":\"https:\\\/\\\/telemme.mmsh.fr\\\/?p=9762#primaryimage\"},\"thumbnailUrl\":\"https:\\\/\\\/telemme.mmsh.fr\\\/wp-content\\\/uploads\\\/2021\\\/08\\\/LOGO_CNRS_2019_RVB.png\",\"articleSection\":[\"Informations\"],\"inLanguage\":\"fr-FR\"},{\"@type\":\"WebPage\",\"@id\":\"https:\\\/\\\/telemme.mmsh.fr\\\/?p=9762\",\"url\":\"https:\\\/\\\/telemme.mmsh.fr\\\/?p=9762\",\"name\":\"Soutien de TELEMMe aux candidat\u00b7es au CNRS - TELEMMe - Temps, espaces, langages, Europe m\u00e9ridionale, M\u00e9diterran\u00e9e\",\"isPartOf\":{\"@id\":\"https:\\\/\\\/telemme.mmsh.fr\\\/#website\"},\"primaryImageOfPage\":{\"@id\":\"https:\\\/\\\/telemme.mmsh.fr\\\/?p=9762#primaryimage\"},\"image\":{\"@id\":\"https:\\\/\\\/telemme.mmsh.fr\\\/?p=9762#primaryimage\"},\"thumbnailUrl\":\"https:\\\/\\\/telemme.mmsh.fr\\\/wp-content\\\/uploads\\\/2021\\\/08\\\/LOGO_CNRS_2019_RVB.png\",\"datePublished\":\"2021-10-04T06:22:00+00:00\",\"description\":\"L'UMR 7303 TELEMMe (Temps, Espaces, Langages, Europe m\u00e9ridionale, M\u00e9diterran\u00e9e) a mis en place une politique de soutien aux candidat.e.s au poste de charg\u00e9.e de recherche du CNRS. Les candidat.e.s qui souhaitent demander leur rattachement \u00e0 TELEMMe peuvent d\u00e8s \u00e0 pr\u00e9sent prendre contact avec la direction et la direction-adjointe du laboratoire.\",\"breadcrumb\":{\"@id\":\"https:\\\/\\\/telemme.mmsh.fr\\\/?p=9762#breadcrumb\"},\"inLanguage\":\"fr-FR\",\"potentialAction\":[{\"@type\":\"ReadAction\",\"target\":[\"https:\\\/\\\/telemme.mmsh.fr\\\/?p=9762\"]}]},{\"@type\":\"ImageObject\",\"inLanguage\":\"fr-FR\",\"@id\":\"https:\\\/\\\/telemme.mmsh.fr\\\/?p=9762#primaryimage\",\"url\":\"https:\\\/\\\/telemme.mmsh.fr\\\/wp-content\\\/uploads\\\/2021\\\/08\\\/LOGO_CNRS_2019_RVB.png\",\"contentUrl\":\"https:\\\/\\\/telemme.mmsh.fr\\\/wp-content\\\/uploads\\\/2021\\\/08\\\/LOGO_CNRS_2019_RVB.png\",\"width\":1181,\"height\":1181},{\"@type\":\"BreadcrumbList\",\"@id\":\"https:\\\/\\\/telemme.mmsh.fr\\\/?p=9762#breadcrumb\",\"itemListElement\":[{\"@type\":\"ListItem\",\"position\":1,\"name\":\"Accueil\",\"item\":\"https:\\\/\\\/telemme.mmsh.fr\\\/\"},{\"@type\":\"ListItem\",\"position\":2,\"name\":\"Actualit\u00e9s\",\"item\":\"https:\\\/\\\/telemme.mmsh.fr\\\/?cat=1995\"},{\"@type\":\"ListItem\",\"position\":3,\"name\":\"Informations\",\"item\":\"https:\\\/\\\/telemme.mmsh.fr\\\/?cat=2007\"},{\"@type\":\"ListItem\",\"position\":4,\"name\":\"Soutien de TELEMMe aux candidat\u00b7es au CNRS\"}]},{\"@type\":\"WebSite\",\"@id\":\"https:\\\/\\\/telemme.mmsh.fr\\\/#website\",\"url\":\"https:\\\/\\\/telemme.mmsh.fr\\\/\",\"name\":\"TELEMMe - Temps, espaces, langages, Europe m\u00e9ridionale, M\u00e9diterran\u00e9e\",\"description\":\"\",\"publisher\":{\"@id\":\"https:\\\/\\\/telemme.mmsh.fr\\\/#organization\"},\"potentialAction\":[{\"@type\":\"SearchAction\",\"target\":{\"@type\":\"EntryPoint\",\"urlTemplate\":\"https:\\\/\\\/telemme.mmsh.fr\\\/?s={search_term_string}\"},\"query-input\":{\"@type\":\"PropertyValueSpecification\",\"valueRequired\":true,\"valueName\":\"search_term_string\"}}],\"inLanguage\":\"fr-FR\"},{\"@type\":\"Organization\",\"@id\":\"https:\\\/\\\/telemme.mmsh.fr\\\/#organization\",\"name\":\"TELEMMe\",\"url\":\"https:\\\/\\\/telemme.mmsh.fr\\\/\",\"logo\":{\"@type\":\"ImageObject\",\"inLanguage\":\"fr-FR\",\"@id\":\"https:\\\/\\\/telemme.mmsh.fr\\\/#\\\/schema\\\/logo\\\/image\\\/\",\"url\":\"https:\\\/\\\/telemme.mmsh.fr\\\/wp-content\\\/uploads\\\/2020\\\/03\\\/LogoTELEMMe-horizontal-fond-transparent.png\",\"contentUrl\":\"https:\\\/\\\/telemme.mmsh.fr\\\/wp-content\\\/uploads\\\/2020\\\/03\\\/LogoTELEMMe-horizontal-fond-transparent.png\",\"width\":1500,\"height\":437,\"caption\":\"TELEMMe\"},\"image\":{\"@id\":\"https:\\\/\\\/telemme.mmsh.fr\\\/#\\\/schema\\\/logo\\\/image\\\/\"}},{\"@type\":\"Person\",\"@id\":\"https:\\\/\\\/telemme.mmsh.fr\\\/#\\\/schema\\\/person\\\/86a185da4836381586528ced48e263f5\",\"name\":\"Delphine Cavallo\",\"url\":\"https:\\\/\\\/telemme.mmsh.fr\\\/?author=6\"}]}<\/script>\n<!-- \/ Yoast SEO plugin. -->","yoast_head_json":{"title":"Soutien de TELEMMe aux candidat\u00b7es au CNRS - TELEMMe - Temps, espaces, langages, Europe m\u00e9ridionale, M\u00e9diterran\u00e9e","description":"L'UMR 7303 TELEMMe (Temps, Espaces, Langages, Europe m\u00e9ridionale, M\u00e9diterran\u00e9e) a mis en place une politique de soutien aux candidat.e.s au poste de charg\u00e9.e de recherche du CNRS. Les candidat.e.s qui souhaitent demander leur rattachement \u00e0 TELEMMe peuvent d\u00e8s \u00e0 pr\u00e9sent prendre contact avec la direction et la direction-adjointe du laboratoire.","robots":{"index":"index","follow":"follow","max-snippet":"max-snippet:-1","max-image-preview":"max-image-preview:large","max-video-preview":"max-video-preview:-1"},"canonical":"https:\/\/telemme.mmsh.fr\/?p=9762","og_locale":"fr_FR","og_type":"article","og_title":"Soutien de TELEMMe aux candidat\u00b7es au CNRS - TELEMMe - Temps, espaces, langages, Europe m\u00e9ridionale, M\u00e9diterran\u00e9e","og_description":"L'UMR 7303 TELEMMe (Temps, Espaces, Langages, Europe m\u00e9ridionale, M\u00e9diterran\u00e9e) a mis en place une politique de soutien aux candidat.e.s au poste de charg\u00e9.e de recherche du CNRS. Les candidat.e.s qui souhaitent demander leur rattachement \u00e0 TELEMMe peuvent d\u00e8s \u00e0 pr\u00e9sent prendre contact avec la direction et la direction-adjointe du laboratoire.","og_url":"https:\/\/telemme.mmsh.fr\/?p=9762","og_site_name":"TELEMMe - Temps, espaces, langages, Europe m\u00e9ridionale, M\u00e9diterran\u00e9e","article_published_time":"2021-10-04T06:22:00+00:00","og_image":[{"width":1181,"height":1181,"url":"https:\/\/telemme.mmsh.fr\/wp-content\/uploads\/2021\/08\/LOGO_CNRS_2019_RVB.png","type":"image\/png"}],"author":"Delphine Cavallo","twitter_card":"summary_large_image","twitter_misc":{"\u00c9crit par":"Delphine Cavallo","Dur\u00e9e de lecture estim\u00e9e":"1 minute"},"schema":{"@context":"https:\/\/schema.org","@graph":[{"@type":"Article","@id":"https:\/\/telemme.mmsh.fr\/?p=9762#article","isPartOf":{"@id":"https:\/\/telemme.mmsh.fr\/?p=9762"},"author":{"name":"Delphine Cavallo","@id":"https:\/\/telemme.mmsh.fr\/#\/schema\/person\/86a185da4836381586528ced48e263f5"},"headline":"Soutien de TELEMMe aux candidat\u00b7es au CNRS","datePublished":"2021-10-04T06:22:00+00:00","mainEntityOfPage":{"@id":"https:\/\/telemme.mmsh.fr\/?p=9762"},"wordCount":229,"publisher":{"@id":"https:\/\/telemme.mmsh.fr\/#organization"},"image":{"@id":"https:\/\/telemme.mmsh.fr\/?p=9762#primaryimage"},"thumbnailUrl":"https:\/\/telemme.mmsh.fr\/wp-content\/uploads\/2021\/08\/LOGO_CNRS_2019_RVB.png","articleSection":["Informations"],"inLanguage":"fr-FR"},{"@type":"WebPage","@id":"https:\/\/telemme.mmsh.fr\/?p=9762","url":"https:\/\/telemme.mmsh.fr\/?p=9762","name":"Soutien de TELEMMe aux candidat\u00b7es au CNRS - TELEMMe - Temps, espaces, langages, Europe m\u00e9ridionale, M\u00e9diterran\u00e9e","isPartOf":{"@id":"https:\/\/telemme.mmsh.fr\/#website"},"primaryImageOfPage":{"@id":"https:\/\/telemme.mmsh.fr\/?p=9762#primaryimage"},"image":{"@id":"https:\/\/telemme.mmsh.fr\/?p=9762#primaryimage"},"thumbnailUrl":"https:\/\/telemme.mmsh.fr\/wp-content\/uploads\/2021\/08\/LOGO_CNRS_2019_RVB.png","datePublished":"2021-10-04T06:22:00+00:00","description":"L'UMR 7303 TELEMMe (Temps, Espaces, Langages, Europe m\u00e9ridionale, M\u00e9diterran\u00e9e) a mis en place une politique de soutien aux candidat.e.s au poste de charg\u00e9.e de recherche du CNRS. Les candidat.e.s qui souhaitent demander leur rattachement \u00e0 TELEMMe peuvent d\u00e8s \u00e0 pr\u00e9sent prendre contact avec la direction et la direction-adjointe du laboratoire.","breadcrumb":{"@id":"https:\/\/telemme.mmsh.fr\/?p=9762#breadcrumb"},"inLanguage":"fr-FR","potentialAction":[{"@type":"ReadAction","target":["https:\/\/telemme.mmsh.fr\/?p=9762"]}]},{"@type":"ImageObject","inLanguage":"fr-FR","@id":"https:\/\/telemme.mmsh.fr\/?p=9762#primaryimage","url":"https:\/\/telemme.mmsh.fr\/wp-content\/uploads\/2021\/08\/LOGO_CNRS_2019_RVB.png","contentUrl":"https:\/\/telemme.mmsh.fr\/wp-content\/uploads\/2021\/08\/LOGO_CNRS_2019_RVB.png","width":1181,"height":1181},{"@type":"BreadcrumbList","@id":"https:\/\/telemme.mmsh.fr\/?p=9762#breadcrumb","itemListElement":[{"@type":"ListItem","position":1,"name":"Accueil","item":"https:\/\/telemme.mmsh.fr\/"},{"@type":"ListItem","position":2,"name":"Actualit\u00e9s","item":"https:\/\/telemme.mmsh.fr\/?cat=1995"},{"@type":"ListItem","position":3,"name":"Informations","item":"https:\/\/telemme.mmsh.fr\/?cat=2007"},{"@type":"ListItem","position":4,"name":"Soutien de TELEMMe aux candidat\u00b7es au CNRS"}]},{"@type":"WebSite","@id":"https:\/\/telemme.mmsh.fr\/#website","url":"https:\/\/telemme.mmsh.fr\/","name":"TELEMMe - Temps, espaces, langages, Europe m\u00e9ridionale, M\u00e9diterran\u00e9e","description":"","publisher":{"@id":"https:\/\/telemme.mmsh.fr\/#organization"},"potentialAction":[{"@type":"SearchAction","target":{"@type":"EntryPoint","urlTemplate":"https:\/\/telemme.mmsh.fr\/?s={search_term_string}"},"query-input":{"@type":"PropertyValueSpecification","valueRequired":true,"valueName":"search_term_string"}}],"inLanguage":"fr-FR"},{"@type":"Organization","@id":"https:\/\/telemme.mmsh.fr\/#organization","name":"TELEMMe","url":"https:\/\/telemme.mmsh.fr\/","logo":{"@type":"ImageObject","inLanguage":"fr-FR","@id":"https:\/\/telemme.mmsh.fr\/#\/schema\/logo\/image\/","url":"https:\/\/telemme.mmsh.fr\/wp-content\/uploads\/2020\/03\/LogoTELEMMe-horizontal-fond-transparent.png","contentUrl":"https:\/\/telemme.mmsh.fr\/wp-content\/uploads\/2020\/03\/LogoTELEMMe-horizontal-fond-transparent.png","width":1500,"height":437,"caption":"TELEMMe"},"image":{"@id":"https:\/\/telemme.mmsh.fr\/#\/schema\/logo\/image\/"}},{"@type":"Person","@id":"https:\/\/telemme.mmsh.fr\/#\/schema\/person\/86a185da4836381586528ced48e263f5","name":"Delphine Cavallo","url":"https:\/\/telemme.mmsh.fr\/?author=6"}]}},"_links":{"self":[{"href":"https:\/\/telemme.mmsh.fr\/index.php?rest_route=\/wp\/v2\/posts\/9762","targetHints":{"allow":["GET"]}}],"collection":[{"href":"https:\/\/telemme.mmsh.fr\/index.php?rest_route=\/wp\/v2\/posts"}],"about":[{"href":"https:\/\/telemme.mmsh.fr\/index.php?rest_route=\/wp\/v2\/types\/post"}],"author":[{"embeddable":true,"href":"https:\/\/telemme.mmsh.fr\/index.php?rest_route=\/wp\/v2\/users\/6"}],"replies":[{"embeddable":true,"href":"https:\/\/telemme.mmsh.fr\/index.php?rest_route=%2Fwp%2Fv2%2Fcomments&post=9762"}],"version-history":[{"count":3,"href":"https:\/\/telemme.mmsh.fr\/index.php?rest_route=\/wp\/v2\/posts\/9762\/revisions"}],"predecessor-version":[{"id":9765,"href":"https:\/\/telemme.mmsh.fr\/index.php?rest_route=\/wp\/v2\/posts\/9762\/revisions\/9765"}],"wp:featuredmedia":[{"embeddable":true,"href":"https:\/\/telemme.mmsh.fr\/index.php?rest_route=\/wp\/v2\/media\/9313"}],"wp:attachment":[{"href":"https:\/\/telemme.mmsh.fr\/index.php?rest_route=%2Fwp%2Fv2%2Fmedia&parent=9762"}],"wp:term":[{"taxonomy":"category","embeddable":true,"href":"https:\/\/telemme.mmsh.fr\/index.php?rest_route=%2Fwp%2Fv2%2Fcategories&post=9762"},{"taxonomy":"post_tag","embeddable":true,"href":"https:\/\/telemme.mmsh.fr\/index.php?rest_route=%2Fwp%2Fv2%2Ftags&post=9762"}],"curies":[{"name":"wp","href":"https:\/\/api.w.org\/{rel}","templated":true}]}}