{"id":9735,"date":"2021-09-29T15:25:30","date_gmt":"2021-09-29T13:25:30","guid":{"rendered":"https:\/\/telemme.mmsh.fr\/?p=9735"},"modified":"2021-09-29T15:25:34","modified_gmt":"2021-09-29T13:25:34","slug":"marseille-litalienne-aux-archives-municipales-de-marseille","status":"publish","type":"post","link":"https:\/\/telemme.mmsh.fr\/?p=9735","title":{"rendered":"<em>Marseille l\u2019italienne<\/em> aux Archives municipales de Marseille"},"content":{"rendered":"\n<p>Les\u00a0<strong><a href=\"https:\/\/www.marseille.fr\/culture\/patrimoine\/les-archives-municipales\" target=\"_blank\" rel=\"noreferrer noopener\">Archives municipales de Marseille<\/a><\/strong>\u00a0proposent,\u00a0<strong>du samedi 25 septembre 2021 au samedi 12 mars 2022<\/strong>,\u00a0<em><strong><a href=\"https:\/\/www.marseille.fr\/culture\/actualites\/marseille-l-italienne-aux-archives-municipales-de-marseille\">Marseille l&rsquo;italienne<\/a><\/strong><\/em>,\u00a0une exposition con\u00e7ue et produite par les Archives municipales de Marseille, en collaboration avec l\u2019UMR TELEMMe (Aix-Marseille Universit\u00e9, CNRS), le Centre Norbert Elias (Aix-Marseille Universit\u00e9 \/ Avignon Universit\u00e9 \/ \u00c9cole des Hautes \u00c9tudes en Sciences Sociales \/ CNRS), les Archives d\u00e9partementales des Bouches-du-Rh\u00f4ne, le consulat g\u00e9n\u00e9ral d\u2019Italie \u00e0 Marseille et l\u2019<a href=\"https:\/\/iicmarsiglia.esteri.it\/iic_marsiglia\/fr\/gli_eventi\/calendario\/2021\/09\/marseille-l-italienne-marsiglia.html\">Institut culturel italien de Marseille<\/a>.<br><br>Port m\u00e9diterran\u00e9en, Marseille d\u00e9veloppe naturellement depuis le Moyen-Age de\u00a0<strong>forts liens<\/strong>\u00a0<strong>avec la p\u00e9ninsule italienne<\/strong>. C\u2019est cette relation passionnelle, faite d\u2019\u00e9changes commerciaux et artistiques, d\u2019influences politiques et surtout d\u2019histoires personnelles qui est ici racont\u00e9e. Au-del\u00e0 du clich\u00e9 de l\u2019immigr\u00e9 italien, vecteur de tous les fantasmes, se r\u00e9v\u00e8le la r\u00e9alit\u00e9 quotidienne d\u2019une pr\u00e9sence italienne de longue date, posant la question d\u2019une \u00ab italianit\u00e9 \u00bb marseillaise sp\u00e9cifique.<br><br><strong>Commissariat d\u2019exposition<\/strong> : Jean Boutier (EHESS), <a href=\"https:\/\/telemme.mmsh.fr\/?membres=stephane-mourlane\">St\u00e9phane Mourlane<\/a> (Aix-Marseille Universit\u00e9 \/ CNRS) et Sylvie Clair (Archives municipales de Marseille).<\/p>\n\n\n\n<h2 class=\"wp-block-heading\"><strong>Autour de l&rsquo;exposition<\/strong><\/h2>\n\n\n\n<ul class=\"wp-block-list\"><li><strong>Visites comment\u00e9es<\/strong><br>Les vendredis et samedis \u00e0 14h30 (individuels), les mardis \u00e0 14h30 et vendredi \u00e0 10h (groupes)<br>Sur r\u00e9servation au 04 91 55 33.75.<br>&nbsp;<\/li><li><strong>Visites pour les scolaires<\/strong><br>Les jeudis (sur rendez-vous au 04 91 55 33 70 \/ 06 32 87 15 95)<br>&nbsp;<\/li><li><strong>Ateliers pour les scolaires<\/strong><br><em>Programme \u00e0 venir<\/em><br>Renseignements et inscriptions au 04 91 55 33 70 \/ 06 32 87 15 95<br>&nbsp;<\/li><li><strong>Conf\u00e9rences \u00e0 l\u2019Institut culturel italien<\/strong><br>&#8211;&nbsp;<strong>Mardi 16 novembre \u00e0 18h<\/strong>&nbsp;: Pr\u00e9sentation du film documentaire&nbsp;<strong><em>\u00ab La Casa d\u2019Italia de Marseille. Fen\u00eatres sur une troisi\u00e8me Rome \u00bb&nbsp;<\/em><\/strong>(2021) de St\u00e9phane Mourlane, Alessandro Gallicchio et Agn\u00e8s Maury, 32 mn,&nbsp; suivi d\u2019un d\u00e9bat avec Alessandro Gallicchio et St\u00e9phane Mourlane.<br>&#8211;&nbsp;<strong>Mercredi 15 d\u00e9cembre \u00e0 18h&nbsp;<\/strong>:&nbsp;<em><strong>\u00ab Joseph Laugier : l&rsquo;Italie au Cabinet des Monnaies et M\u00e9dailles de Marseille \u00bb&nbsp;<\/strong><\/em>par Sylvain Borzillo (C3M)<br>&#8211;<strong>&nbsp;Mardi 25 janvier 2022<\/strong>&nbsp;:&nbsp;<em><strong>\u00ab Des f\u00eates fran\u00e7aises pour une princesse italienne: le s\u00e9jour marseillais de Marie de M\u00e9dicis, novembre 1600 \u00bb,<\/strong><\/em>&nbsp;par Jean Boutier (EHESS)<br>&nbsp;<\/li><li><strong>Concert de mandolines&nbsp;<\/strong>aux Archives d\u00e9partementales des Bouches-du-Rh\u00f4ne<br>&#8211;&nbsp;<strong>Lundi 15 novembre \u00e0 19h<\/strong>, par la Compagnie Vincent Beer Demander<br>Acc\u00e8s libre et gratuit dans la limite des places disponibles, sur r\u00e9servation \u00e0&nbsp;<a href=\"mailto:archives13@departement13.fr\">archives13@departement13.fr<\/a><br>&nbsp;<\/li><li><strong>Projection<\/strong>&nbsp;au&nbsp;<strong><a href=\"https:\/\/musees.marseille.fr\/musee-dhistoire-de-marseille-mhm\" target=\"_blank\" rel=\"noreferrer noopener\">mus\u00e9e d\u2019Histoire de Marseille<\/a><\/strong>&nbsp;<br><strong>Mardi 28 septembre \u00e0 18h<\/strong>,&nbsp;<em><strong>\u00ab Marseille l\u2019Italienne \u00bb<\/strong><\/em>&nbsp;(2018) de Philippe Carrese et Alexandra Galdon, 52 mn, pr\u00e9sent\u00e9 par No\u00eblle Colombi\u00e9 (AMM) en pr\u00e9sence de Lucile Carrese.<br>&nbsp;<\/li><li><strong>Visites in situ<\/strong><br>&#8211;&nbsp;&nbsp;<em><strong>\u00ab le ch\u00e2teau d\u2019If&nbsp;\u00bb<\/strong><\/em>, par Nicolas Faucherre (AMU) : printemps 2022<br><em>Date \u00e0 venir<\/em><br>&#8211;&nbsp;&nbsp;<em><strong>\u00ab les rocailleurs dans le vallon du Roucas-Blanc \u00bb<\/strong><\/em>, par Isabelle Aillaud (AMM)<br><strong>Mardi 28 septembre &#8211;&nbsp;10h<\/strong><br>Sur r\u00e9servation au 04 91 55 33 75<br>Jauge limit\u00e9e<br>6 euros en sus pour l\u2019entr\u00e9e de la villa Santa Lucia<br>&nbsp;<\/li><li><strong>Journ\u00e9e d\u2019\u00e9tudes<\/strong><br>\u00ab Marseille entre l&rsquo;Italie et la France \u00bb, en association avec l&rsquo;UMR Telemme (Aix-Marseille Universit\u00e9, CNRS) et le Centre Norbert Elias (Aix-Marseille Universit\u00e9, Avignon Universit\u00e9, Ecole des Hautes Etudes en Sciences Sociales, CNRS)&nbsp;<br><em>1er trimestre 2022, programme \u00e0 venir<\/em><br><br>&nbsp;<\/li><\/ul>\n\n\n\n<p><strong>Archives municipales de Marseille<br>10 rue Clovis-Hugues (3e)<\/strong><br><br><strong><em>\u00ab\u00a0Marseille l&rsquo;Italienne\u00a0\u00bb<\/em><\/strong><br><strong>Du 25 septembre 2021 au 12 mars 2022&nbsp;<\/strong><br>&nbsp;<\/p>\n\n\n\n<ul class=\"wp-block-list\"><li><strong>T<\/strong><strong>arif<\/strong><br>Entr\u00e9e gratuite<\/li><li><strong>Horaires<\/strong><br>Du mardi au vendredi de 9h \u00e0 17h, le samedi de 14h \u00e0 18h, ferm\u00e9 les dimanches, lundis et jours f\u00e9ri\u00e9s&nbsp;<\/li><li><strong>Acc\u00e8s<\/strong><br>M\u00e9tro 1 et 2, station Saint-Charles, tramway T2, station Longchamp ou National, bus 52, arr\u00eat \u00ab Archives municipales \u00bb<\/li><li><strong>Documentation<\/strong><br>Ouvrage&nbsp;<em>\u00ab Marseille l\u2019Italienne \u00bb<\/em>, sous la direction de Jean Boutier et St\u00e9phane Mourlane, Arnaud Bizalion Editions (mai 2021, ISBN 978-2-36980-184-9)<\/li><\/ul>\n","protected":false},"excerpt":{"rendered":"<p>Les\u00a0Archives municipales de Marseille\u00a0proposent,\u00a0du samedi 25 septembre 2021 au samedi 12 mars 2022,\u00a0\u00ab\u00a0Marseille l&rsquo;Italienne\u00a0\u00bb,\u00a0une exposition con\u00e7ue et produite par les Archives municipales de Marseille, en collaboration avec l\u2019UMR Telemme (Aix-Marseille Universit\u00e9, CNRS), le Centre Norbert Elias (Aix-Marseille Universit\u00e9 \/ Avignon Universit\u00e9 \/ \u00c9cole des Hautes \u00c9tudes en Sciences Sociales \/ CNRS), les Archives d\u00e9partementales des Bouches-du-Rh\u00f4ne, le consulat g\u00e9n\u00e9ral d\u2019Italie \u00e0 Marseille et l\u2019Institut culturel italien de Marseille.<\/p>\n","protected":false},"author":6,"featured_media":9736,"comment_status":"closed","ping_status":"closed","sticky":false,"template":"","format":"standard","meta":{"neve_meta_sidebar":"","neve_meta_container":"","neve_meta_enable_content_width":"","neve_meta_content_width":0,"neve_meta_title_alignment":"","neve_meta_author_avatar":"","neve_post_elements_order":"","neve_meta_disable_header":"","neve_meta_disable_footer":"","neve_meta_disable_title":"","_tribe_events_control_status":"","_tribe_events_control_status_canceled_reason":"","_tribe_events_control_status_postponed_reason":"","_tribe_events_control_online":"","_tribe_events_control_online_url":"","footnotes":""},"categories":[1730],"tags":[1971,1926],"class_list":["post-9735","post","type-post","status-publish","format-standard","has-post-thumbnail","hentry","category-expositions","tag-italie","tag-marseille"],"yoast_head":"<!-- This site is optimized with the Yoast SEO plugin v27.4 - https:\/\/yoast.com\/product\/yoast-seo-wordpress\/ -->\n<title>Marseille l\u2019italienne aux Archives municipales de Marseille - TELEMMe - Temps, espaces, langages, Europe m\u00e9ridionale, M\u00e9diterran\u00e9e<\/title>\n<meta name=\"description\" content=\"Les\u00a0Archives municipales de Marseille\u00a0proposent,\u00a0du samedi 25 septembre 2021 au samedi 12 mars 2022,\u00a0&quot;Marseille l&#039;Italienne&quot;,\u00a0une exposition con\u00e7ue et produite par les Archives municipales de Marseille, en collaboration avec l\u2019UMR Telemme (Aix-Marseille Universit\u00e9, CNRS), le Centre Norbert Elias (Aix-Marseille Universit\u00e9 \/ Avignon Universit\u00e9 \/ \u00c9cole des Hautes \u00c9tudes en Sciences Sociales \/ CNRS), les Archives d\u00e9partementales des Bouches-du-Rh\u00f4ne, le consulat g\u00e9n\u00e9ral d\u2019Italie \u00e0 Marseille et l\u2019Institut culturel italien de Marseille.\" \/>\n<meta name=\"robots\" content=\"index, follow, max-snippet:-1, max-image-preview:large, max-video-preview:-1\" \/>\n<link rel=\"canonical\" href=\"https:\/\/telemme.mmsh.fr\/?p=9735\" \/>\n<meta property=\"og:locale\" content=\"fr_FR\" \/>\n<meta property=\"og:type\" content=\"article\" \/>\n<meta property=\"og:title\" content=\"Marseille l\u2019italienne aux Archives municipales de Marseille - TELEMMe - Temps, espaces, langages, Europe m\u00e9ridionale, M\u00e9diterran\u00e9e\" \/>\n<meta property=\"og:description\" content=\"Les\u00a0Archives municipales de Marseille\u00a0proposent,\u00a0du samedi 25 septembre 2021 au samedi 12 mars 2022,\u00a0&quot;Marseille l&#039;Italienne&quot;,\u00a0une exposition con\u00e7ue et produite par les Archives municipales de Marseille, en collaboration avec l\u2019UMR Telemme (Aix-Marseille Universit\u00e9, CNRS), le Centre Norbert Elias (Aix-Marseille Universit\u00e9 \/ Avignon Universit\u00e9 \/ \u00c9cole des Hautes \u00c9tudes en Sciences Sociales \/ CNRS), les Archives d\u00e9partementales des Bouches-du-Rh\u00f4ne, le consulat g\u00e9n\u00e9ral d\u2019Italie \u00e0 Marseille et l\u2019Institut culturel italien de Marseille.\" \/>\n<meta property=\"og:url\" content=\"https:\/\/telemme.mmsh.fr\/?p=9735\" \/>\n<meta property=\"og:site_name\" content=\"TELEMMe - Temps, espaces, langages, Europe m\u00e9ridionale, M\u00e9diterran\u00e9e\" \/>\n<meta property=\"article:published_time\" content=\"2021-09-29T13:25:30+00:00\" \/>\n<meta property=\"article:modified_time\" content=\"2021-09-29T13:25:34+00:00\" \/>\n<meta property=\"og:image\" content=\"https:\/\/telemme.mmsh.fr\/wp-content\/uploads\/2021\/09\/2021_MarseilleItalienne.png\" \/>\n\t<meta property=\"og:image:width\" content=\"1000\" \/>\n\t<meta property=\"og:image:height\" content=\"311\" \/>\n\t<meta property=\"og:image:type\" content=\"image\/png\" \/>\n<meta name=\"author\" content=\"Delphine Cavallo\" \/>\n<meta name=\"twitter:card\" content=\"summary_large_image\" \/>\n<meta name=\"twitter:label1\" content=\"\u00c9crit par\" \/>\n\t<meta name=\"twitter:data1\" content=\"Delphine Cavallo\" \/>\n\t<meta name=\"twitter:label2\" content=\"Dur\u00e9e de lecture estim\u00e9e\" \/>\n\t<meta name=\"twitter:data2\" content=\"3 minutes\" \/>\n<script type=\"application\/ld+json\" class=\"yoast-schema-graph\">{\"@context\":\"https:\\\/\\\/schema.org\",\"@graph\":[{\"@type\":\"Article\",\"@id\":\"https:\\\/\\\/telemme.mmsh.fr\\\/?p=9735#article\",\"isPartOf\":{\"@id\":\"https:\\\/\\\/telemme.mmsh.fr\\\/?p=9735\"},\"author\":{\"name\":\"Delphine Cavallo\",\"@id\":\"https:\\\/\\\/telemme.mmsh.fr\\\/#\\\/schema\\\/person\\\/86a185da4836381586528ced48e263f5\"},\"headline\":\"Marseille l\u2019italienne aux Archives municipales de Marseille\",\"datePublished\":\"2021-09-29T13:25:30+00:00\",\"dateModified\":\"2021-09-29T13:25:34+00:00\",\"mainEntityOfPage\":{\"@id\":\"https:\\\/\\\/telemme.mmsh.fr\\\/?p=9735\"},\"wordCount\":608,\"publisher\":{\"@id\":\"https:\\\/\\\/telemme.mmsh.fr\\\/#organization\"},\"image\":{\"@id\":\"https:\\\/\\\/telemme.mmsh.fr\\\/?p=9735#primaryimage\"},\"thumbnailUrl\":\"https:\\\/\\\/telemme.mmsh.fr\\\/wp-content\\\/uploads\\\/2021\\\/09\\\/2021_MarseilleItalienne.png\",\"keywords\":[\"Italie\",\"Marseille\"],\"articleSection\":[\"Expositions\"],\"inLanguage\":\"fr-FR\"},{\"@type\":\"WebPage\",\"@id\":\"https:\\\/\\\/telemme.mmsh.fr\\\/?p=9735\",\"url\":\"https:\\\/\\\/telemme.mmsh.fr\\\/?p=9735\",\"name\":\"Marseille l\u2019italienne aux Archives municipales de Marseille - TELEMMe - Temps, espaces, langages, Europe m\u00e9ridionale, M\u00e9diterran\u00e9e\",\"isPartOf\":{\"@id\":\"https:\\\/\\\/telemme.mmsh.fr\\\/#website\"},\"primaryImageOfPage\":{\"@id\":\"https:\\\/\\\/telemme.mmsh.fr\\\/?p=9735#primaryimage\"},\"image\":{\"@id\":\"https:\\\/\\\/telemme.mmsh.fr\\\/?p=9735#primaryimage\"},\"thumbnailUrl\":\"https:\\\/\\\/telemme.mmsh.fr\\\/wp-content\\\/uploads\\\/2021\\\/09\\\/2021_MarseilleItalienne.png\",\"datePublished\":\"2021-09-29T13:25:30+00:00\",\"dateModified\":\"2021-09-29T13:25:34+00:00\",\"description\":\"Les\u00a0Archives municipales de Marseille\u00a0proposent,\u00a0du samedi 25 septembre 2021 au samedi 12 mars 2022,\u00a0\\\"Marseille l'Italienne\\\",\u00a0une exposition con\u00e7ue et produite par les Archives municipales de Marseille, en collaboration avec l\u2019UMR Telemme (Aix-Marseille Universit\u00e9, CNRS), le Centre Norbert Elias (Aix-Marseille Universit\u00e9 \\\/ Avignon Universit\u00e9 \\\/ \u00c9cole des Hautes \u00c9tudes en Sciences Sociales \\\/ CNRS), les Archives d\u00e9partementales des Bouches-du-Rh\u00f4ne, le consulat g\u00e9n\u00e9ral d\u2019Italie \u00e0 Marseille et l\u2019Institut culturel italien de Marseille.\",\"breadcrumb\":{\"@id\":\"https:\\\/\\\/telemme.mmsh.fr\\\/?p=9735#breadcrumb\"},\"inLanguage\":\"fr-FR\",\"potentialAction\":[{\"@type\":\"ReadAction\",\"target\":[\"https:\\\/\\\/telemme.mmsh.fr\\\/?p=9735\"]}]},{\"@type\":\"ImageObject\",\"inLanguage\":\"fr-FR\",\"@id\":\"https:\\\/\\\/telemme.mmsh.fr\\\/?p=9735#primaryimage\",\"url\":\"https:\\\/\\\/telemme.mmsh.fr\\\/wp-content\\\/uploads\\\/2021\\\/09\\\/2021_MarseilleItalienne.png\",\"contentUrl\":\"https:\\\/\\\/telemme.mmsh.fr\\\/wp-content\\\/uploads\\\/2021\\\/09\\\/2021_MarseilleItalienne.png\",\"width\":1000,\"height\":311,\"caption\":\"Bandeau de l'exposition Marseille l'italienne aux Archives municipales de Marseille (25\\\/09\\\/2021)\"},{\"@type\":\"BreadcrumbList\",\"@id\":\"https:\\\/\\\/telemme.mmsh.fr\\\/?p=9735#breadcrumb\",\"itemListElement\":[{\"@type\":\"ListItem\",\"position\":1,\"name\":\"Accueil\",\"item\":\"https:\\\/\\\/telemme.mmsh.fr\\\/\"},{\"@type\":\"ListItem\",\"position\":2,\"name\":\"M\u00e9diation et diffusion\",\"item\":\"https:\\\/\\\/telemme.mmsh.fr\\\/?cat=1736\"},{\"@type\":\"ListItem\",\"position\":3,\"name\":\"Expositions\",\"item\":\"https:\\\/\\\/telemme.mmsh.fr\\\/?cat=1730\"},{\"@type\":\"ListItem\",\"position\":4,\"name\":\"Marseille l\u2019italienne aux Archives municipales de Marseille\"}]},{\"@type\":\"WebSite\",\"@id\":\"https:\\\/\\\/telemme.mmsh.fr\\\/#website\",\"url\":\"https:\\\/\\\/telemme.mmsh.fr\\\/\",\"name\":\"TELEMMe - Temps, espaces, langages, Europe m\u00e9ridionale, M\u00e9diterran\u00e9e\",\"description\":\"\",\"publisher\":{\"@id\":\"https:\\\/\\\/telemme.mmsh.fr\\\/#organization\"},\"potentialAction\":[{\"@type\":\"SearchAction\",\"target\":{\"@type\":\"EntryPoint\",\"urlTemplate\":\"https:\\\/\\\/telemme.mmsh.fr\\\/?s={search_term_string}\"},\"query-input\":{\"@type\":\"PropertyValueSpecification\",\"valueRequired\":true,\"valueName\":\"search_term_string\"}}],\"inLanguage\":\"fr-FR\"},{\"@type\":\"Organization\",\"@id\":\"https:\\\/\\\/telemme.mmsh.fr\\\/#organization\",\"name\":\"TELEMMe\",\"url\":\"https:\\\/\\\/telemme.mmsh.fr\\\/\",\"logo\":{\"@type\":\"ImageObject\",\"inLanguage\":\"fr-FR\",\"@id\":\"https:\\\/\\\/telemme.mmsh.fr\\\/#\\\/schema\\\/logo\\\/image\\\/\",\"url\":\"https:\\\/\\\/telemme.mmsh.fr\\\/wp-content\\\/uploads\\\/2020\\\/03\\\/LogoTELEMMe-horizontal-fond-transparent.png\",\"contentUrl\":\"https:\\\/\\\/telemme.mmsh.fr\\\/wp-content\\\/uploads\\\/2020\\\/03\\\/LogoTELEMMe-horizontal-fond-transparent.png\",\"width\":1500,\"height\":437,\"caption\":\"TELEMMe\"},\"image\":{\"@id\":\"https:\\\/\\\/telemme.mmsh.fr\\\/#\\\/schema\\\/logo\\\/image\\\/\"}},{\"@type\":\"Person\",\"@id\":\"https:\\\/\\\/telemme.mmsh.fr\\\/#\\\/schema\\\/person\\\/86a185da4836381586528ced48e263f5\",\"name\":\"Delphine Cavallo\",\"url\":\"https:\\\/\\\/telemme.mmsh.fr\\\/?author=6\"}]}<\/script>\n<!-- \/ Yoast SEO plugin. -->","yoast_head_json":{"title":"Marseille l\u2019italienne aux Archives municipales de Marseille - TELEMMe - Temps, espaces, langages, Europe m\u00e9ridionale, M\u00e9diterran\u00e9e","description":"Les\u00a0Archives municipales de Marseille\u00a0proposent,\u00a0du samedi 25 septembre 2021 au samedi 12 mars 2022,\u00a0\"Marseille l'Italienne\",\u00a0une exposition con\u00e7ue et produite par les Archives municipales de Marseille, en collaboration avec l\u2019UMR Telemme (Aix-Marseille Universit\u00e9, CNRS), le Centre Norbert Elias (Aix-Marseille Universit\u00e9 \/ Avignon Universit\u00e9 \/ \u00c9cole des Hautes \u00c9tudes en Sciences Sociales \/ CNRS), les Archives d\u00e9partementales des Bouches-du-Rh\u00f4ne, le consulat g\u00e9n\u00e9ral d\u2019Italie \u00e0 Marseille et l\u2019Institut culturel italien de Marseille.","robots":{"index":"index","follow":"follow","max-snippet":"max-snippet:-1","max-image-preview":"max-image-preview:large","max-video-preview":"max-video-preview:-1"},"canonical":"https:\/\/telemme.mmsh.fr\/?p=9735","og_locale":"fr_FR","og_type":"article","og_title":"Marseille l\u2019italienne aux Archives municipales de Marseille - TELEMMe - Temps, espaces, langages, Europe m\u00e9ridionale, M\u00e9diterran\u00e9e","og_description":"Les\u00a0Archives municipales de Marseille\u00a0proposent,\u00a0du samedi 25 septembre 2021 au samedi 12 mars 2022,\u00a0\"Marseille l'Italienne\",\u00a0une exposition con\u00e7ue et produite par les Archives municipales de Marseille, en collaboration avec l\u2019UMR Telemme (Aix-Marseille Universit\u00e9, CNRS), le Centre Norbert Elias (Aix-Marseille Universit\u00e9 \/ Avignon Universit\u00e9 \/ \u00c9cole des Hautes \u00c9tudes en Sciences Sociales \/ CNRS), les Archives d\u00e9partementales des Bouches-du-Rh\u00f4ne, le consulat g\u00e9n\u00e9ral d\u2019Italie \u00e0 Marseille et l\u2019Institut culturel italien de Marseille.","og_url":"https:\/\/telemme.mmsh.fr\/?p=9735","og_site_name":"TELEMMe - Temps, espaces, langages, Europe m\u00e9ridionale, M\u00e9diterran\u00e9e","article_published_time":"2021-09-29T13:25:30+00:00","article_modified_time":"2021-09-29T13:25:34+00:00","og_image":[{"width":1000,"height":311,"url":"https:\/\/telemme.mmsh.fr\/wp-content\/uploads\/2021\/09\/2021_MarseilleItalienne.png","type":"image\/png"}],"author":"Delphine Cavallo","twitter_card":"summary_large_image","twitter_misc":{"\u00c9crit par":"Delphine Cavallo","Dur\u00e9e de lecture estim\u00e9e":"3 minutes"},"schema":{"@context":"https:\/\/schema.org","@graph":[{"@type":"Article","@id":"https:\/\/telemme.mmsh.fr\/?p=9735#article","isPartOf":{"@id":"https:\/\/telemme.mmsh.fr\/?p=9735"},"author":{"name":"Delphine Cavallo","@id":"https:\/\/telemme.mmsh.fr\/#\/schema\/person\/86a185da4836381586528ced48e263f5"},"headline":"Marseille l\u2019italienne aux Archives municipales de Marseille","datePublished":"2021-09-29T13:25:30+00:00","dateModified":"2021-09-29T13:25:34+00:00","mainEntityOfPage":{"@id":"https:\/\/telemme.mmsh.fr\/?p=9735"},"wordCount":608,"publisher":{"@id":"https:\/\/telemme.mmsh.fr\/#organization"},"image":{"@id":"https:\/\/telemme.mmsh.fr\/?p=9735#primaryimage"},"thumbnailUrl":"https:\/\/telemme.mmsh.fr\/wp-content\/uploads\/2021\/09\/2021_MarseilleItalienne.png","keywords":["Italie","Marseille"],"articleSection":["Expositions"],"inLanguage":"fr-FR"},{"@type":"WebPage","@id":"https:\/\/telemme.mmsh.fr\/?p=9735","url":"https:\/\/telemme.mmsh.fr\/?p=9735","name":"Marseille l\u2019italienne aux Archives municipales de Marseille - TELEMMe - Temps, espaces, langages, Europe m\u00e9ridionale, M\u00e9diterran\u00e9e","isPartOf":{"@id":"https:\/\/telemme.mmsh.fr\/#website"},"primaryImageOfPage":{"@id":"https:\/\/telemme.mmsh.fr\/?p=9735#primaryimage"},"image":{"@id":"https:\/\/telemme.mmsh.fr\/?p=9735#primaryimage"},"thumbnailUrl":"https:\/\/telemme.mmsh.fr\/wp-content\/uploads\/2021\/09\/2021_MarseilleItalienne.png","datePublished":"2021-09-29T13:25:30+00:00","dateModified":"2021-09-29T13:25:34+00:00","description":"Les\u00a0Archives municipales de Marseille\u00a0proposent,\u00a0du samedi 25 septembre 2021 au samedi 12 mars 2022,\u00a0\"Marseille l'Italienne\",\u00a0une exposition con\u00e7ue et produite par les Archives municipales de Marseille, en collaboration avec l\u2019UMR Telemme (Aix-Marseille Universit\u00e9, CNRS), le Centre Norbert Elias (Aix-Marseille Universit\u00e9 \/ Avignon Universit\u00e9 \/ \u00c9cole des Hautes \u00c9tudes en Sciences Sociales \/ CNRS), les Archives d\u00e9partementales des Bouches-du-Rh\u00f4ne, le consulat g\u00e9n\u00e9ral d\u2019Italie \u00e0 Marseille et l\u2019Institut culturel italien de Marseille.","breadcrumb":{"@id":"https:\/\/telemme.mmsh.fr\/?p=9735#breadcrumb"},"inLanguage":"fr-FR","potentialAction":[{"@type":"ReadAction","target":["https:\/\/telemme.mmsh.fr\/?p=9735"]}]},{"@type":"ImageObject","inLanguage":"fr-FR","@id":"https:\/\/telemme.mmsh.fr\/?p=9735#primaryimage","url":"https:\/\/telemme.mmsh.fr\/wp-content\/uploads\/2021\/09\/2021_MarseilleItalienne.png","contentUrl":"https:\/\/telemme.mmsh.fr\/wp-content\/uploads\/2021\/09\/2021_MarseilleItalienne.png","width":1000,"height":311,"caption":"Bandeau de l'exposition Marseille l'italienne aux Archives municipales de Marseille (25\/09\/2021)"},{"@type":"BreadcrumbList","@id":"https:\/\/telemme.mmsh.fr\/?p=9735#breadcrumb","itemListElement":[{"@type":"ListItem","position":1,"name":"Accueil","item":"https:\/\/telemme.mmsh.fr\/"},{"@type":"ListItem","position":2,"name":"M\u00e9diation et diffusion","item":"https:\/\/telemme.mmsh.fr\/?cat=1736"},{"@type":"ListItem","position":3,"name":"Expositions","item":"https:\/\/telemme.mmsh.fr\/?cat=1730"},{"@type":"ListItem","position":4,"name":"Marseille l\u2019italienne aux Archives municipales de Marseille"}]},{"@type":"WebSite","@id":"https:\/\/telemme.mmsh.fr\/#website","url":"https:\/\/telemme.mmsh.fr\/","name":"TELEMMe - Temps, espaces, langages, Europe m\u00e9ridionale, M\u00e9diterran\u00e9e","description":"","publisher":{"@id":"https:\/\/telemme.mmsh.fr\/#organization"},"potentialAction":[{"@type":"SearchAction","target":{"@type":"EntryPoint","urlTemplate":"https:\/\/telemme.mmsh.fr\/?s={search_term_string}"},"query-input":{"@type":"PropertyValueSpecification","valueRequired":true,"valueName":"search_term_string"}}],"inLanguage":"fr-FR"},{"@type":"Organization","@id":"https:\/\/telemme.mmsh.fr\/#organization","name":"TELEMMe","url":"https:\/\/telemme.mmsh.fr\/","logo":{"@type":"ImageObject","inLanguage":"fr-FR","@id":"https:\/\/telemme.mmsh.fr\/#\/schema\/logo\/image\/","url":"https:\/\/telemme.mmsh.fr\/wp-content\/uploads\/2020\/03\/LogoTELEMMe-horizontal-fond-transparent.png","contentUrl":"https:\/\/telemme.mmsh.fr\/wp-content\/uploads\/2020\/03\/LogoTELEMMe-horizontal-fond-transparent.png","width":1500,"height":437,"caption":"TELEMMe"},"image":{"@id":"https:\/\/telemme.mmsh.fr\/#\/schema\/logo\/image\/"}},{"@type":"Person","@id":"https:\/\/telemme.mmsh.fr\/#\/schema\/person\/86a185da4836381586528ced48e263f5","name":"Delphine Cavallo","url":"https:\/\/telemme.mmsh.fr\/?author=6"}]}},"_links":{"self":[{"href":"https:\/\/telemme.mmsh.fr\/index.php?rest_route=\/wp\/v2\/posts\/9735","targetHints":{"allow":["GET"]}}],"collection":[{"href":"https:\/\/telemme.mmsh.fr\/index.php?rest_route=\/wp\/v2\/posts"}],"about":[{"href":"https:\/\/telemme.mmsh.fr\/index.php?rest_route=\/wp\/v2\/types\/post"}],"author":[{"embeddable":true,"href":"https:\/\/telemme.mmsh.fr\/index.php?rest_route=\/wp\/v2\/users\/6"}],"replies":[{"embeddable":true,"href":"https:\/\/telemme.mmsh.fr\/index.php?rest_route=%2Fwp%2Fv2%2Fcomments&post=9735"}],"version-history":[{"count":4,"href":"https:\/\/telemme.mmsh.fr\/index.php?rest_route=\/wp\/v2\/posts\/9735\/revisions"}],"predecessor-version":[{"id":9740,"href":"https:\/\/telemme.mmsh.fr\/index.php?rest_route=\/wp\/v2\/posts\/9735\/revisions\/9740"}],"wp:featuredmedia":[{"embeddable":true,"href":"https:\/\/telemme.mmsh.fr\/index.php?rest_route=\/wp\/v2\/media\/9736"}],"wp:attachment":[{"href":"https:\/\/telemme.mmsh.fr\/index.php?rest_route=%2Fwp%2Fv2%2Fmedia&parent=9735"}],"wp:term":[{"taxonomy":"category","embeddable":true,"href":"https:\/\/telemme.mmsh.fr\/index.php?rest_route=%2Fwp%2Fv2%2Fcategories&post=9735"},{"taxonomy":"post_tag","embeddable":true,"href":"https:\/\/telemme.mmsh.fr\/index.php?rest_route=%2Fwp%2Fv2%2Ftags&post=9735"}],"curies":[{"name":"wp","href":"https:\/\/api.w.org\/{rel}","templated":true}]}}