{"id":9685,"date":"2021-09-23T18:42:29","date_gmt":"2021-09-23T16:42:29","guid":{"rendered":"https:\/\/telemme.mmsh.fr\/?p=9685"},"modified":"2021-09-23T18:42:32","modified_gmt":"2021-09-23T16:42:32","slug":"tout-migre-telemme-au-festival-des-sciences-sociales-allez-savoir","status":"publish","type":"post","link":"https:\/\/telemme.mmsh.fr\/?p=9685","title":{"rendered":"Tout migre ? TELEMMe au festival des sciences sociales <em>Allez savoir<\/em>"},"content":{"rendered":"\n<figure class=\"wp-block-pullquote\"><blockquote><p>Plusieurs membres de TELEMMe pr\u00e9sentent leurs recherches au public lors du festival <a href=\"https:\/\/allez-savoir.fr\/\"><em>Allez savoir<\/em><\/a> port\u00e9 par l&rsquo;EHESS du 22 au 26 septembre 2021<\/p><\/blockquote><\/figure>\n\n\n\n<p>Organis\u00e9 cette ann\u00e9e autour du th\u00e8me <em>Tout migre ?<\/em>, ce festival propose plusieurs types de rencontres sur diff\u00e9rents lieux de Marseille. Le festival <em>Allez Savoir<\/em> est une invitation \u00e0 penser, \u00e0 d\u00e9battre avec les sciences sociales et leurs outils ; \u00e0 rencontrer des chercheurs, des \u00e9crivains, des artistes, qui s\u2019efforcent de penser autrement un sujet de d\u00e9bat public. Ouvert \u00e0 tous, convivial et gratuit, l\u2019\u00e9v\u00e9nement se d\u00e9cline en discussions libres, spectacles, expositions, projections, activit\u00e9s ludiques, \u00e9clairs po\u00e9tiques et visites coup de c\u0153ur, et actions p\u00e9dagogiques au sein du patrimoine marseillais.<\/p>\n\n\n\n<blockquote class=\"wp-block-quote is-layout-flow wp-block-quote-is-layout-flow\"><p><strong><a href=\"https:\/\/allez-savoir.fr\/intervenants\/stephane-mourlane\">St\u00e9phane Mourlane <\/a>et <a href=\"https:\/\/telemme.mmsh.fr\/?membres=eleonora-canepari\">Eleonora Canepari<\/a> participent aux c\u00f4t\u00e9s de Stefan Tzortzis \u00e0 la table ronde <a href=\"https:\/\/allez-savoir.fr\/manifestations\/regards-croises-sur-limmigration-italienne-marseille-histoire-archeologie\">Regards crois\u00e9s sur l&rsquo;immigration italienne \u00e0 Marseille : histoire, arch\u00e9ologie, d\u00e9mographie<\/a> organis\u00e9e par l&rsquo;Inrap et anim\u00e9e par Jean Boutier.<\/strong><\/p><\/blockquote>\n\n\n\n<p><em>Entre 1870 et 1914, pr\u00e8s de 13 millions d\u2019Italiens, fuyant les d\u00e9sordres politiques et la pauvret\u00e9 de leur pays tout juste<\/em> <em>unifi\u00e9, vont \u00e9migrer vers le reste de l\u2019Europe et le continent am\u00e9ricain. Nombre d\u2019entre eux transitent par Marseille et beaucoup s\u2019y installent, transformant en profondeur la population marseillaise qui se voit enrichie de plus de 100 000 nouveaux habitants en \u00e0 peine quarante ans. \u00c0 partir de la fouille arch\u00e9ologique d\u2019un petit cimeti\u00e8re de quartier situ\u00e9 \u00e0 la lisi\u00e8re des quartiers nord fortement concern\u00e9s par la pr\u00e9sence italienne ouvri\u00e8re, La table ronde propose de d\u00e9crypter cet \u00e9pisode migratoire marquant de l\u2019histoire de la cit\u00e9 phoc\u00e9enne et d&rsquo;en questionner les empreintes culturelles et d\u00e9mographiques de fa\u00e7on pluridisciplinaire. Avec : &#8211; Eleonora Canepari, historienne (Aix-Marseille Universit\u00e9, UMR TELEMMe) &#8211; St\u00e9phane Mourlane, historien (Aix-Marseille Universit\u00e9, MMSH) &#8211; St\u00e9fan Tzortzis, arch\u00e9ologue (Drac Paca, Ades) Mod\u00e9ration : Jean Boutier, historien (EHESS &#8211; CNE)<\/em><\/p>\n\n\n\n<ul class=\"wp-block-list\"><li><strong>Mus\u00e9e d&rsquo;Histoire de Marseille &#8211; Auditorium, le 23\/09\/2021, de 16h00 \u00e0 17h30<\/strong><\/li><\/ul>\n\n\n\n<hr class=\"wp-block-separator is-style-default\"\/>\n\n\n\n<blockquote class=\"wp-block-quote is-layout-flow wp-block-quote-is-layout-flow\"><p><strong><a href=\"https:\/\/allez-savoir.fr\/intervenants\/virginie-baby-collin\">Virginie Baby-Collin<\/a>, membre du comit\u00e9 \u00e9ditorial du festival, participe \u00e0 la table ronde <a href=\"https:\/\/allez-savoir.fr\/manifestations\/bidonvilles-campements-et-habitats-non-ordinaires-circulations-et-ancrages-des\">Bidonvilles, campements et habitats non ordinaires, circulations et ancrages des migrants \u00e0 Marseille<\/a> organis\u00e9e par l&rsquo;association <a href=\"https:\/\/ancrages.org\/\">Ancrages<\/a>, en compagnie de Samia Chabani et Marc Bernardot.<\/strong><\/p><\/blockquote>\n\n\n\n<p><em>Selon la d\u00e9finition du\u00a0Programme des Nations Unies pour les \u00e9tablissements humains, un bidonville est la partie d\u00e9favoris\u00e9e d\u2019une ville, caract\u00e9ris\u00e9e par des logements tr\u00e8s insalubres, une grande pauvret\u00e9 et sans aucun droit ou s\u00e9curit\u00e9 fonci\u00e8re.\u00a0Les bidonvilles constituent un patrimoine qui permet de raconter l\u2019histoire sociale d\u2019un territoire, l\u2019histoire de ces populations constamment per\u00e7ues comme \u00ab\u00a0en transit\u00a0\u00bb. En effet, l\u2019\u00e9mergence des bidonvilles \u00e0 Marseille est la cons\u00e9quence directe du manque d\u2019anticipation des pouvoirs publics et davantage encore des grands patrons, qui ne se pr\u00e9occupaient pas de loger ceux qui faisaient tourner leurs usines. \u00c0 Marseille, cette situation est quasiment contemporaine puisque la r\u00e9sorption du dernier bidonville, La Lorette, ne date que de 1995.\u00a0 D\u00e9couvrir et analyser l\u2019histoire des bidonvilles au travers des images et des repr\u00e9sentations permet de mieux comprendre les r\u00e9alit\u00e9s, acteurs et enjeux. C\u2019est un des objectifs est la r\u00e9appropriation de l\u2019histoire de notre ville. Comment faire vivre la m\u00e9moire des lieux disparus ? Les projets urbains dans la ville ont effac\u00e9 les traces de cette m\u00e9moire, que nous tentons aujourd\u2019hui de faire revivre \u00e0 travers des archives historiques et audiovisuelles.<\/em><\/p>\n\n\n\n<p><em>\u00c0 partir des images d\u2019archives, le caf\u00e9-histoire revient sur l\u2019histoire des diff\u00e9rentes formes d\u2019habitat \u00e0 Marseille, en jalonnant l\u2019\u00e9mergence des politiques publiques de r\u00e9sorption des bidonvilles, la production du logement ouvrier ou auto construit et la permanence de campements dans les d\u00e9laiss\u00e9s urbains de la ville.\u00a0 Des repr\u00e9sentations qui permettent de comprendre les strat\u00e9gies des pouvoirs publics comme des habitants, au fil des r\u00e9novations urbaines et de la fabrique de la ville. Les parcours r\u00e9sidentiels participent de la\u00a0 r\u00e9appropriation des habitants et r\u00e9v\u00e8lent les tensions pr\u00e9sents dans l\u2019espace public. Bidonvilles, campements et habitats non ordinaires, circulations et ancrages des migrants \u00e0 Marseille. Entre mise en perspective historique du logement social et actualit\u00e9 des op\u00e9rations de r\u00e9novation urbaine, la soir\u00e9e- d\u00e9bat propose de mettre en regard l\u2019anciennet\u00e9 et l\u2019actualit\u00e9 des formes d\u2019habitats \u00e0 Marseille, leur r\u00e9invention dans le cadre des nouvelles migrations et de leur impact sur la ville. Avec l\u2019\u00e9mergence de nouvelles propositions d\u2019accueil, la ville s\u2019impose comme \u00e9chelle op\u00e9rationnelle des politiques inclusives et de mis en \u0153uvre de l\u2019hospitalit\u00e9, soumis aux probl\u00e9matiques globalis\u00e9es et transcalaires.<\/em><\/p>\n\n\n\n<ul class=\"wp-block-list\"><li><strong>La Halle de Coco Velten , le 23\/09\/2021, de 19h00 \u00e0 21h00<\/strong><\/li><\/ul>\n\n\n\n<hr class=\"wp-block-separator is-style-default\"\/>\n\n\n\n<blockquote class=\"wp-block-quote is-layout-flow wp-block-quote-is-layout-flow\"><p><strong><a href=\"https:\/\/allez-savoir.fr\/intervenants\/morgane-dujmovic\">Morgane Dujmovic<\/a> mod\u00e9rera avec Virginie Baby-Collin les intervention d&rsquo;Alexis Nouss Nuselovici, Simon Imbert Vier, Sophie Beau, Sara Casella Colombeau et Michel Agier \u00e0 la table ronde <a href=\"https:\/\/allez-savoir.fr\/manifestations\/lengagement-dialogue-entre-chercheurs-et-acteurs-associatifs-dans-le-champ-des\">L&rsquo;engagement. Dialogue entre chercheurs et acteurs associatifs dans le champ des migrations internationale<\/a>.<\/strong><\/p><\/blockquote>\n\n\n\n<p><em>Chercheurs, militants, humanitaires discutent de la pluralit\u00e9 des formes de l\u2019engagement, par la recherche, le terrain, le plaidoyer\u2026, pour une meilleure connaissance, la reconnaissance, la protection et la d\u00e9fense des droits des personnes migrantes.\u00a0<\/em><\/p>\n\n\n\n<p><em>Comment s\u2019en saisissent chercheur.e.s et collectifs associatifs, et comment dialoguent-ils\u00a0? Comment les \u00e9volutions r\u00e9centes de la situation des personnes migrantes en France \/ M\u00e9diterran\u00e9e \/ Europe (r\u00e9) interrogent-elles l\u2019engagement aujourd\u2019hui\u00a0?<\/em><\/p>\n\n\n\n<ul class=\"wp-block-list\"><li><strong>Centre de la Vieille Charit\u00e9 &#8211; Cour, le 24\/09\/2021, de 17h30 \u00e0 19h00<\/strong><\/li><\/ul>\n","protected":false},"excerpt":{"rendered":"<p>Plusieurs membres de TELEMMe pr\u00e9sentent leurs recherches au public lors du festival Allez savoir port\u00e9 par l&rsquo;EHESS du 22 au 26 septembre 2021<\/p>\n","protected":false},"author":6,"featured_media":9686,"comment_status":"closed","ping_status":"closed","sticky":false,"template":"","format":"standard","meta":{"neve_meta_sidebar":"","neve_meta_container":"","neve_meta_enable_content_width":"","neve_meta_content_width":0,"neve_meta_title_alignment":"","neve_meta_author_avatar":"","neve_post_elements_order":"","neve_meta_disable_header":"","neve_meta_disable_footer":"","neve_meta_disable_title":"","_tribe_events_control_status":"","_tribe_events_control_status_canceled_reason":"","_tribe_events_control_status_postponed_reason":"","_tribe_events_control_online":"","_tribe_events_control_online_url":"","footnotes":""},"categories":[1992],"tags":[2203],"class_list":["post-9685","post","type-post","status-publish","format-standard","has-post-thumbnail","hentry","category-rencontres","tag-allez-savoir"],"yoast_head":"<!-- This site is optimized with the Yoast SEO plugin v27.4 - https:\/\/yoast.com\/product\/yoast-seo-wordpress\/ -->\n<title>Tout migre ? TELEMMe au festival des sciences sociales Allez savoir - TELEMMe - Temps, espaces, langages, Europe m\u00e9ridionale, M\u00e9diterran\u00e9e<\/title>\n<meta name=\"description\" content=\"Plusieurs membres de TELEMMe pr\u00e9sentent leurs recherches au public lors du festival Allez savoir port\u00e9 par l&#039;EHESS du 22 au 26 septembre 2021\" \/>\n<meta name=\"robots\" content=\"index, follow, max-snippet:-1, max-image-preview:large, max-video-preview:-1\" \/>\n<link rel=\"canonical\" href=\"https:\/\/telemme.mmsh.fr\/?p=9685\" \/>\n<meta property=\"og:locale\" content=\"fr_FR\" \/>\n<meta property=\"og:type\" content=\"article\" \/>\n<meta property=\"og:title\" content=\"Tout migre ? TELEMMe au festival des sciences sociales Allez savoir - TELEMMe - Temps, espaces, langages, Europe m\u00e9ridionale, M\u00e9diterran\u00e9e\" \/>\n<meta property=\"og:description\" content=\"Plusieurs membres de TELEMMe pr\u00e9sentent leurs recherches au public lors du festival Allez savoir port\u00e9 par l&#039;EHESS du 22 au 26 septembre 2021\" \/>\n<meta property=\"og:url\" content=\"https:\/\/telemme.mmsh.fr\/?p=9685\" \/>\n<meta property=\"og:site_name\" content=\"TELEMMe - Temps, espaces, langages, Europe m\u00e9ridionale, M\u00e9diterran\u00e9e\" \/>\n<meta property=\"article:published_time\" content=\"2021-09-23T16:42:29+00:00\" \/>\n<meta property=\"article:modified_time\" content=\"2021-09-23T16:42:32+00:00\" \/>\n<meta property=\"og:image\" content=\"https:\/\/telemme.mmsh.fr\/wp-content\/uploads\/2021\/09\/web-allezsavoir2021.jpg\" \/>\n\t<meta property=\"og:image:width\" content=\"1080\" \/>\n\t<meta property=\"og:image:height\" content=\"360\" \/>\n\t<meta property=\"og:image:type\" content=\"image\/jpeg\" \/>\n<meta name=\"author\" content=\"Delphine Cavallo\" \/>\n<meta name=\"twitter:card\" content=\"summary_large_image\" \/>\n<meta name=\"twitter:label1\" content=\"\u00c9crit par\" \/>\n\t<meta name=\"twitter:data1\" content=\"Delphine Cavallo\" \/>\n\t<meta name=\"twitter:label2\" content=\"Dur\u00e9e de lecture estim\u00e9e\" \/>\n\t<meta name=\"twitter:data2\" content=\"4 minutes\" \/>\n<script type=\"application\/ld+json\" class=\"yoast-schema-graph\">{\"@context\":\"https:\\\/\\\/schema.org\",\"@graph\":[{\"@type\":\"Article\",\"@id\":\"https:\\\/\\\/telemme.mmsh.fr\\\/?p=9685#article\",\"isPartOf\":{\"@id\":\"https:\\\/\\\/telemme.mmsh.fr\\\/?p=9685\"},\"author\":{\"name\":\"Delphine Cavallo\",\"@id\":\"https:\\\/\\\/telemme.mmsh.fr\\\/#\\\/schema\\\/person\\\/86a185da4836381586528ced48e263f5\"},\"headline\":\"Tout migre ? TELEMMe au festival des sciences sociales Allez savoir\",\"datePublished\":\"2021-09-23T16:42:29+00:00\",\"dateModified\":\"2021-09-23T16:42:32+00:00\",\"mainEntityOfPage\":{\"@id\":\"https:\\\/\\\/telemme.mmsh.fr\\\/?p=9685\"},\"wordCount\":929,\"publisher\":{\"@id\":\"https:\\\/\\\/telemme.mmsh.fr\\\/#organization\"},\"image\":{\"@id\":\"https:\\\/\\\/telemme.mmsh.fr\\\/?p=9685#primaryimage\"},\"thumbnailUrl\":\"https:\\\/\\\/telemme.mmsh.fr\\\/wp-content\\\/uploads\\\/2021\\\/09\\\/web-allezsavoir2021.jpg\",\"keywords\":[\"Allez savoir\"],\"articleSection\":[\"Rencontres\"],\"inLanguage\":\"fr-FR\"},{\"@type\":\"WebPage\",\"@id\":\"https:\\\/\\\/telemme.mmsh.fr\\\/?p=9685\",\"url\":\"https:\\\/\\\/telemme.mmsh.fr\\\/?p=9685\",\"name\":\"Tout migre ? TELEMMe au festival des sciences sociales Allez savoir - TELEMMe - Temps, espaces, langages, Europe m\u00e9ridionale, M\u00e9diterran\u00e9e\",\"isPartOf\":{\"@id\":\"https:\\\/\\\/telemme.mmsh.fr\\\/#website\"},\"primaryImageOfPage\":{\"@id\":\"https:\\\/\\\/telemme.mmsh.fr\\\/?p=9685#primaryimage\"},\"image\":{\"@id\":\"https:\\\/\\\/telemme.mmsh.fr\\\/?p=9685#primaryimage\"},\"thumbnailUrl\":\"https:\\\/\\\/telemme.mmsh.fr\\\/wp-content\\\/uploads\\\/2021\\\/09\\\/web-allezsavoir2021.jpg\",\"datePublished\":\"2021-09-23T16:42:29+00:00\",\"dateModified\":\"2021-09-23T16:42:32+00:00\",\"description\":\"Plusieurs membres de TELEMMe pr\u00e9sentent leurs recherches au public lors du festival Allez savoir port\u00e9 par l'EHESS du 22 au 26 septembre 2021\",\"breadcrumb\":{\"@id\":\"https:\\\/\\\/telemme.mmsh.fr\\\/?p=9685#breadcrumb\"},\"inLanguage\":\"fr-FR\",\"potentialAction\":[{\"@type\":\"ReadAction\",\"target\":[\"https:\\\/\\\/telemme.mmsh.fr\\\/?p=9685\"]}]},{\"@type\":\"ImageObject\",\"inLanguage\":\"fr-FR\",\"@id\":\"https:\\\/\\\/telemme.mmsh.fr\\\/?p=9685#primaryimage\",\"url\":\"https:\\\/\\\/telemme.mmsh.fr\\\/wp-content\\\/uploads\\\/2021\\\/09\\\/web-allezsavoir2021.jpg\",\"contentUrl\":\"https:\\\/\\\/telemme.mmsh.fr\\\/wp-content\\\/uploads\\\/2021\\\/09\\\/web-allezsavoir2021.jpg\",\"width\":1080,\"height\":360,\"caption\":\"Visuel du festival Allez savoir EHESS 2021\"},{\"@type\":\"BreadcrumbList\",\"@id\":\"https:\\\/\\\/telemme.mmsh.fr\\\/?p=9685#breadcrumb\",\"itemListElement\":[{\"@type\":\"ListItem\",\"position\":1,\"name\":\"Accueil\",\"item\":\"https:\\\/\\\/telemme.mmsh.fr\\\/\"},{\"@type\":\"ListItem\",\"position\":2,\"name\":\"Actualit\u00e9s\",\"item\":\"https:\\\/\\\/telemme.mmsh.fr\\\/?cat=1995\"},{\"@type\":\"ListItem\",\"position\":3,\"name\":\"Rencontres\",\"item\":\"https:\\\/\\\/telemme.mmsh.fr\\\/?cat=1992\"},{\"@type\":\"ListItem\",\"position\":4,\"name\":\"Tout migre ? TELEMMe au festival des sciences sociales Allez savoir\"}]},{\"@type\":\"WebSite\",\"@id\":\"https:\\\/\\\/telemme.mmsh.fr\\\/#website\",\"url\":\"https:\\\/\\\/telemme.mmsh.fr\\\/\",\"name\":\"TELEMMe - Temps, espaces, langages, Europe m\u00e9ridionale, M\u00e9diterran\u00e9e\",\"description\":\"\",\"publisher\":{\"@id\":\"https:\\\/\\\/telemme.mmsh.fr\\\/#organization\"},\"potentialAction\":[{\"@type\":\"SearchAction\",\"target\":{\"@type\":\"EntryPoint\",\"urlTemplate\":\"https:\\\/\\\/telemme.mmsh.fr\\\/?s={search_term_string}\"},\"query-input\":{\"@type\":\"PropertyValueSpecification\",\"valueRequired\":true,\"valueName\":\"search_term_string\"}}],\"inLanguage\":\"fr-FR\"},{\"@type\":\"Organization\",\"@id\":\"https:\\\/\\\/telemme.mmsh.fr\\\/#organization\",\"name\":\"TELEMMe\",\"url\":\"https:\\\/\\\/telemme.mmsh.fr\\\/\",\"logo\":{\"@type\":\"ImageObject\",\"inLanguage\":\"fr-FR\",\"@id\":\"https:\\\/\\\/telemme.mmsh.fr\\\/#\\\/schema\\\/logo\\\/image\\\/\",\"url\":\"https:\\\/\\\/telemme.mmsh.fr\\\/wp-content\\\/uploads\\\/2020\\\/03\\\/LogoTELEMMe-horizontal-fond-transparent.png\",\"contentUrl\":\"https:\\\/\\\/telemme.mmsh.fr\\\/wp-content\\\/uploads\\\/2020\\\/03\\\/LogoTELEMMe-horizontal-fond-transparent.png\",\"width\":1500,\"height\":437,\"caption\":\"TELEMMe\"},\"image\":{\"@id\":\"https:\\\/\\\/telemme.mmsh.fr\\\/#\\\/schema\\\/logo\\\/image\\\/\"}},{\"@type\":\"Person\",\"@id\":\"https:\\\/\\\/telemme.mmsh.fr\\\/#\\\/schema\\\/person\\\/86a185da4836381586528ced48e263f5\",\"name\":\"Delphine Cavallo\",\"url\":\"https:\\\/\\\/telemme.mmsh.fr\\\/?author=6\"}]}<\/script>\n<!-- \/ Yoast SEO plugin. -->","yoast_head_json":{"title":"Tout migre ? TELEMMe au festival des sciences sociales Allez savoir - TELEMMe - Temps, espaces, langages, Europe m\u00e9ridionale, M\u00e9diterran\u00e9e","description":"Plusieurs membres de TELEMMe pr\u00e9sentent leurs recherches au public lors du festival Allez savoir port\u00e9 par l'EHESS du 22 au 26 septembre 2021","robots":{"index":"index","follow":"follow","max-snippet":"max-snippet:-1","max-image-preview":"max-image-preview:large","max-video-preview":"max-video-preview:-1"},"canonical":"https:\/\/telemme.mmsh.fr\/?p=9685","og_locale":"fr_FR","og_type":"article","og_title":"Tout migre ? TELEMMe au festival des sciences sociales Allez savoir - TELEMMe - Temps, espaces, langages, Europe m\u00e9ridionale, M\u00e9diterran\u00e9e","og_description":"Plusieurs membres de TELEMMe pr\u00e9sentent leurs recherches au public lors du festival Allez savoir port\u00e9 par l'EHESS du 22 au 26 septembre 2021","og_url":"https:\/\/telemme.mmsh.fr\/?p=9685","og_site_name":"TELEMMe - Temps, espaces, langages, Europe m\u00e9ridionale, M\u00e9diterran\u00e9e","article_published_time":"2021-09-23T16:42:29+00:00","article_modified_time":"2021-09-23T16:42:32+00:00","og_image":[{"width":1080,"height":360,"url":"https:\/\/telemme.mmsh.fr\/wp-content\/uploads\/2021\/09\/web-allezsavoir2021.jpg","type":"image\/jpeg"}],"author":"Delphine Cavallo","twitter_card":"summary_large_image","twitter_misc":{"\u00c9crit par":"Delphine Cavallo","Dur\u00e9e de lecture estim\u00e9e":"4 minutes"},"schema":{"@context":"https:\/\/schema.org","@graph":[{"@type":"Article","@id":"https:\/\/telemme.mmsh.fr\/?p=9685#article","isPartOf":{"@id":"https:\/\/telemme.mmsh.fr\/?p=9685"},"author":{"name":"Delphine Cavallo","@id":"https:\/\/telemme.mmsh.fr\/#\/schema\/person\/86a185da4836381586528ced48e263f5"},"headline":"Tout migre ? TELEMMe au festival des sciences sociales Allez savoir","datePublished":"2021-09-23T16:42:29+00:00","dateModified":"2021-09-23T16:42:32+00:00","mainEntityOfPage":{"@id":"https:\/\/telemme.mmsh.fr\/?p=9685"},"wordCount":929,"publisher":{"@id":"https:\/\/telemme.mmsh.fr\/#organization"},"image":{"@id":"https:\/\/telemme.mmsh.fr\/?p=9685#primaryimage"},"thumbnailUrl":"https:\/\/telemme.mmsh.fr\/wp-content\/uploads\/2021\/09\/web-allezsavoir2021.jpg","keywords":["Allez savoir"],"articleSection":["Rencontres"],"inLanguage":"fr-FR"},{"@type":"WebPage","@id":"https:\/\/telemme.mmsh.fr\/?p=9685","url":"https:\/\/telemme.mmsh.fr\/?p=9685","name":"Tout migre ? TELEMMe au festival des sciences sociales Allez savoir - TELEMMe - Temps, espaces, langages, Europe m\u00e9ridionale, M\u00e9diterran\u00e9e","isPartOf":{"@id":"https:\/\/telemme.mmsh.fr\/#website"},"primaryImageOfPage":{"@id":"https:\/\/telemme.mmsh.fr\/?p=9685#primaryimage"},"image":{"@id":"https:\/\/telemme.mmsh.fr\/?p=9685#primaryimage"},"thumbnailUrl":"https:\/\/telemme.mmsh.fr\/wp-content\/uploads\/2021\/09\/web-allezsavoir2021.jpg","datePublished":"2021-09-23T16:42:29+00:00","dateModified":"2021-09-23T16:42:32+00:00","description":"Plusieurs membres de TELEMMe pr\u00e9sentent leurs recherches au public lors du festival Allez savoir port\u00e9 par l'EHESS du 22 au 26 septembre 2021","breadcrumb":{"@id":"https:\/\/telemme.mmsh.fr\/?p=9685#breadcrumb"},"inLanguage":"fr-FR","potentialAction":[{"@type":"ReadAction","target":["https:\/\/telemme.mmsh.fr\/?p=9685"]}]},{"@type":"ImageObject","inLanguage":"fr-FR","@id":"https:\/\/telemme.mmsh.fr\/?p=9685#primaryimage","url":"https:\/\/telemme.mmsh.fr\/wp-content\/uploads\/2021\/09\/web-allezsavoir2021.jpg","contentUrl":"https:\/\/telemme.mmsh.fr\/wp-content\/uploads\/2021\/09\/web-allezsavoir2021.jpg","width":1080,"height":360,"caption":"Visuel du festival Allez savoir EHESS 2021"},{"@type":"BreadcrumbList","@id":"https:\/\/telemme.mmsh.fr\/?p=9685#breadcrumb","itemListElement":[{"@type":"ListItem","position":1,"name":"Accueil","item":"https:\/\/telemme.mmsh.fr\/"},{"@type":"ListItem","position":2,"name":"Actualit\u00e9s","item":"https:\/\/telemme.mmsh.fr\/?cat=1995"},{"@type":"ListItem","position":3,"name":"Rencontres","item":"https:\/\/telemme.mmsh.fr\/?cat=1992"},{"@type":"ListItem","position":4,"name":"Tout migre ? TELEMMe au festival des sciences sociales Allez savoir"}]},{"@type":"WebSite","@id":"https:\/\/telemme.mmsh.fr\/#website","url":"https:\/\/telemme.mmsh.fr\/","name":"TELEMMe - Temps, espaces, langages, Europe m\u00e9ridionale, M\u00e9diterran\u00e9e","description":"","publisher":{"@id":"https:\/\/telemme.mmsh.fr\/#organization"},"potentialAction":[{"@type":"SearchAction","target":{"@type":"EntryPoint","urlTemplate":"https:\/\/telemme.mmsh.fr\/?s={search_term_string}"},"query-input":{"@type":"PropertyValueSpecification","valueRequired":true,"valueName":"search_term_string"}}],"inLanguage":"fr-FR"},{"@type":"Organization","@id":"https:\/\/telemme.mmsh.fr\/#organization","name":"TELEMMe","url":"https:\/\/telemme.mmsh.fr\/","logo":{"@type":"ImageObject","inLanguage":"fr-FR","@id":"https:\/\/telemme.mmsh.fr\/#\/schema\/logo\/image\/","url":"https:\/\/telemme.mmsh.fr\/wp-content\/uploads\/2020\/03\/LogoTELEMMe-horizontal-fond-transparent.png","contentUrl":"https:\/\/telemme.mmsh.fr\/wp-content\/uploads\/2020\/03\/LogoTELEMMe-horizontal-fond-transparent.png","width":1500,"height":437,"caption":"TELEMMe"},"image":{"@id":"https:\/\/telemme.mmsh.fr\/#\/schema\/logo\/image\/"}},{"@type":"Person","@id":"https:\/\/telemme.mmsh.fr\/#\/schema\/person\/86a185da4836381586528ced48e263f5","name":"Delphine Cavallo","url":"https:\/\/telemme.mmsh.fr\/?author=6"}]}},"_links":{"self":[{"href":"https:\/\/telemme.mmsh.fr\/index.php?rest_route=\/wp\/v2\/posts\/9685","targetHints":{"allow":["GET"]}}],"collection":[{"href":"https:\/\/telemme.mmsh.fr\/index.php?rest_route=\/wp\/v2\/posts"}],"about":[{"href":"https:\/\/telemme.mmsh.fr\/index.php?rest_route=\/wp\/v2\/types\/post"}],"author":[{"embeddable":true,"href":"https:\/\/telemme.mmsh.fr\/index.php?rest_route=\/wp\/v2\/users\/6"}],"replies":[{"embeddable":true,"href":"https:\/\/telemme.mmsh.fr\/index.php?rest_route=%2Fwp%2Fv2%2Fcomments&post=9685"}],"version-history":[{"count":11,"href":"https:\/\/telemme.mmsh.fr\/index.php?rest_route=\/wp\/v2\/posts\/9685\/revisions"}],"predecessor-version":[{"id":9697,"href":"https:\/\/telemme.mmsh.fr\/index.php?rest_route=\/wp\/v2\/posts\/9685\/revisions\/9697"}],"wp:featuredmedia":[{"embeddable":true,"href":"https:\/\/telemme.mmsh.fr\/index.php?rest_route=\/wp\/v2\/media\/9686"}],"wp:attachment":[{"href":"https:\/\/telemme.mmsh.fr\/index.php?rest_route=%2Fwp%2Fv2%2Fmedia&parent=9685"}],"wp:term":[{"taxonomy":"category","embeddable":true,"href":"https:\/\/telemme.mmsh.fr\/index.php?rest_route=%2Fwp%2Fv2%2Fcategories&post=9685"},{"taxonomy":"post_tag","embeddable":true,"href":"https:\/\/telemme.mmsh.fr\/index.php?rest_route=%2Fwp%2Fv2%2Ftags&post=9685"}],"curies":[{"name":"wp","href":"https:\/\/api.w.org\/{rel}","templated":true}]}}