{"id":9661,"date":"2021-09-27T11:06:18","date_gmt":"2021-09-27T09:06:18","guid":{"rendered":"https:\/\/telemme.mmsh.fr\/?p=9661"},"modified":"2021-09-28T09:52:28","modified_gmt":"2021-09-28T07:52:28","slug":"retrouvez-telemme-a-la-nuit-europeenne-des-chercheur%c2%b7e%c2%b7s-2021-invitation-aux-voyages","status":"publish","type":"post","link":"https:\/\/telemme.mmsh.fr\/?p=9661","title":{"rendered":"Retrouvez TELEMMe \u00e0 la Nuit europ\u00e9enne des chercheur\u00b7e\u00b7s 2021&nbsp;: invitation aux voyages"},"content":{"rendered":"\n<figure class=\"wp-block-pullquote\"><blockquote><p>La Nuit europ\u00e9enne des chercheur\u00b7e\u00b7s est une soir\u00e9e pour toutes et tous, habitant\u00b7e\u00b7s d&rsquo;Aix-en-Provence et d&rsquo;ailleurs, curieuses et curieux de d\u00e9couvrir comment se fait la recherche scientifique.<\/p><\/blockquote><\/figure>\n\n\n\n<p>Le temps d&rsquo;une nuit, les passant\u00b7e\u00b7s sont invit\u00e9\u00b7e\u00b7s \u00e0 s&rsquo;asseoir \u00e0 une table de bistrot avec un\u00b7e chercheur\u00b7e, \u00e0 parler de voyages autour de valises de scientifiques, \u00e0 se balader, \u00e0 danser, \u00e0 s&rsquo;\u00e9merveiller, \u00e0 (se) poser de nombreuses questions&#8230; en bref, \u00e0 voyager au c\u0153ur des sciences.<\/p>\n\n\n\n<p>Entre musique, cin\u00e9ma ou expositions, les discussions vont bon train dans une ambiance conviviale et stimulant l&rsquo;imaginaire.<\/p>\n\n\n\n<h2 class=\"wp-block-heading\">TELEMMe en deux temps et deux lieux<\/h2>\n\n\n\n<p>Pour cette \u00e9dition 2021 qui se d\u00e9roule pour la premi\u00e8re fois \u00e0 Aix-en-Provence, TELEMMe sera repr\u00e9sent\u00e9 sur deux formats :<\/p>\n\n\n\n<ul class=\"wp-block-list\"><li><strong>Thomas Richard<\/strong> repr\u00e9sentera le projet <strong><a href=\"https:\/\/telemme.mmsh.fr\/?post_type=projets&amp;p=6522\">BioDivAquArt <\/a><\/strong> (TELEMME &amp; <a href=\"https:\/\/www.mio.osupytheas.fr\/fr\">MIO<\/a>) \u00e0  l&rsquo; \u00ab\u00a0Exp\u00e9dition au mus\u00e9e\u00a0\u00bb au Mus\u00e9e des Tapisseries. Il commentera les \u0153uvres des expositions d&rsquo;Isabelle RocheMars et de Macha Make\u00efeff \u00e0 partir de ses recherches sur la biodiversit\u00e9 aquatique dans l&rsquo;art : signification \u00e9cologique et historique ;<\/li><\/ul>\n\n\n\n<ul class=\"wp-block-list\"><li>En cl\u00f4ture, <strong><a href=\"https:\/\/telemme.mmsh.fr\/?membres=karine-lambert\">Karine Lambert<\/a> <\/strong>et Sylvette Den\u00e8fle seront \u00e0 la \u00ab\u00a0Station cin\u00e9\u00a0\u00bb pour un live Youtube avec <a href=\"https:\/\/www.youtube.com\/channel\/UCcP3HpPMKiQHsj7qDzu3q6g\" target=\"_blank\" rel=\"noreferrer noopener\">Marinette &#8211; Femmes et f\u00e9minisme<\/a>. Une cr\u00e9ation vid\u00e9o originale sera r\u00e9v\u00e9l\u00e9e d\u00e8s vendredi matin puis Marine Perin, Karine Lambert, Sylvette Den\u00e8fle et deux artistes du duo Artemis \u00e9changeront sur leurs recherches autour des f\u00e9minicides  lors d&rsquo;un live Youtube de 22h \u00e0 23h depuis la Station cin\u00e9.<\/li><\/ul>\n\n\n\n<h2 class=\"wp-block-heading\">Informations pratiques<\/h2>\n\n\n\n<p><strong>Vendredi 24 septembre \u00e0 partir de 18h \u00e0 Aix-en-Provence<\/strong><\/p>\n\n\n\n<p><strong>Gratuit <\/strong>| Sans inscription<br><strong>Contact <\/strong>: culture-scientifique[at]univ-amu.fr<\/p>\n\n\n\n<ul class=\"wp-block-list\"><li><strong>En savoir plus&nbsp;<\/strong>: <a href=\"http:\/\/url.univ-amu.fr\/nuit-chercheurs-2021\">http:\/\/url.univ-amu.fr\/nuit-chercheurs-2021<\/a><\/li><\/ul>\n\n\n\n<ul class=\"wp-block-list\"><li>T\u00e9l\u00e9chargez le <strong>programme complet<\/strong> ici&nbsp;: <a href=\"http:\/\/url.univ-amu.fr\/nedc2021?fbclid=IwAR3CNgb5uneb9Qi2p-6L7EBv30O9JpqFZRGFYfzJ9VEQ78w0fXzluY1CW2Q\" target=\"_blank\" rel=\"noreferrer noopener\">http:\/\/url.univ-amu.fr\/nedc2021<\/a><\/li><\/ul>\n\n\n\n<ul class=\"wp-block-list\"><li>Retrouvez l\u2019<strong>\u00e9v\u00e9nement Facebook<\/strong> ici&nbsp;: <a href=\"https:\/\/fb.me\/e\/MVkT7rLd\">https:\/\/fb.me\/e\/MVkT7rLd<\/a><\/li><\/ul>\n\n\n\n<p><\/p>\n\n\n\n<p>Cet \u00e9v\u00e9nement se tiendra dans le respect des mesures et gestes sanitaires en vigueur sur le territoire. <strong>Passe sanitaire obligatoire<\/strong><\/p>\n","protected":false},"excerpt":{"rendered":"<p>La Nuit europ\u00e9enne des chercheur\u00b7e\u00b7s est une soir\u00e9e pour toutes et tous, habitant\u00b7e\u00b7s d&rsquo;Aix-en-Provence et d&rsquo;ailleurs, curieuses et curieux de d\u00e9couvrir comment se fait la recherche scientifique. Le temps d&rsquo;une&hellip;&nbsp;<a href=\"https:\/\/telemme.mmsh.fr\/?p=9661\" rel=\"bookmark\">Lire la suite &raquo;<span class=\"screen-reader-text\">Retrouvez TELEMMe \u00e0 la Nuit europ\u00e9enne des chercheur\u00b7e\u00b7s 2021&nbsp;: invitation aux voyages<\/span><\/a><\/p>\n","protected":false},"author":6,"featured_media":9665,"comment_status":"closed","ping_status":"closed","sticky":false,"template":"","format":"standard","meta":{"neve_meta_sidebar":"","neve_meta_container":"","neve_meta_enable_content_width":"","neve_meta_content_width":0,"neve_meta_title_alignment":"","neve_meta_author_avatar":"","neve_post_elements_order":"","neve_meta_disable_header":"","neve_meta_disable_footer":"","neve_meta_disable_title":"","_tribe_events_control_status":"","_tribe_events_control_status_canceled_reason":"","_tribe_events_control_status_postponed_reason":"","_tribe_events_control_online":"","_tribe_events_control_online_url":"","footnotes":""},"categories":[1992],"tags":[],"class_list":["post-9661","post","type-post","status-publish","format-standard","has-post-thumbnail","hentry","category-rencontres"],"yoast_head":"<!-- This site is optimized with the Yoast SEO plugin v27.4 - https:\/\/yoast.com\/product\/yoast-seo-wordpress\/ -->\n<title>Retrouvez TELEMMe \u00e0 la Nuit europ\u00e9enne des chercheur\u00b7e\u00b7s 2021&nbsp;: invitation aux voyages - TELEMMe - Temps, espaces, langages, Europe m\u00e9ridionale, M\u00e9diterran\u00e9e<\/title>\n<meta name=\"description\" content=\"Pour cette \u00e9dition 2021 qui se d\u00e9roule pour la premi\u00e8re fois \u00e0 Aix-en-Provence, TELEMMe sera repr\u00e9sent\u00e9 sur deux formats :Thomas Richard repr\u00e9sentera le projet BioDivAquArt (TELEMME &amp; MIO) \u00e0 l&#039; &quot;Exp\u00e9dition au mus\u00e9e&quot; au Mus\u00e9e des Tapisseries. Il commentera les \u0153uvres des expositions d&#039;Isabelle RocheMars et de Macha Make\u00efeff \u00e0 partir de ses recherches sur la biodiversit\u00e9 aquatique dans l&#039;art : signification \u00e9cologique et historique ; En cl\u00f4ture, Karine Lambert et Sylvette Den\u00e8fle seront \u00e0 la &quot;Station cin\u00e9&quot; pour un live Youtube avec Marinette - Femmes et f\u00e9minisme. Une cr\u00e9ation vid\u00e9o originale sera r\u00e9v\u00e9l\u00e9e d\u00e8s vendredi matin puis Marine Perin, Karine Lambert, Sylvette Den\u00e8fle et deux artistes du duo Artemis \u00e9changeront sur leurs recherches autour des f\u00e9minicides lors d&#039;un live Youtube de 22h \u00e0 23h depuis la Station cin\u00e9.\" \/>\n<meta name=\"robots\" content=\"index, follow, max-snippet:-1, max-image-preview:large, max-video-preview:-1\" \/>\n<link rel=\"canonical\" href=\"https:\/\/telemme.mmsh.fr\/?p=9661\" \/>\n<meta property=\"og:locale\" content=\"fr_FR\" \/>\n<meta property=\"og:type\" content=\"article\" \/>\n<meta property=\"og:title\" content=\"Retrouvez TELEMMe \u00e0 la Nuit europ\u00e9enne des chercheur\u00b7e\u00b7s 2021&nbsp;: invitation aux voyages - TELEMMe - Temps, espaces, langages, Europe m\u00e9ridionale, M\u00e9diterran\u00e9e\" \/>\n<meta property=\"og:description\" content=\"Pour cette \u00e9dition 2021 qui se d\u00e9roule pour la premi\u00e8re fois \u00e0 Aix-en-Provence, TELEMMe sera repr\u00e9sent\u00e9 sur deux formats :Thomas Richard repr\u00e9sentera le projet BioDivAquArt (TELEMME &amp; MIO) \u00e0 l&#039; &quot;Exp\u00e9dition au mus\u00e9e&quot; au Mus\u00e9e des Tapisseries. Il commentera les \u0153uvres des expositions d&#039;Isabelle RocheMars et de Macha Make\u00efeff \u00e0 partir de ses recherches sur la biodiversit\u00e9 aquatique dans l&#039;art : signification \u00e9cologique et historique ; En cl\u00f4ture, Karine Lambert et Sylvette Den\u00e8fle seront \u00e0 la &quot;Station cin\u00e9&quot; pour un live Youtube avec Marinette - Femmes et f\u00e9minisme. Une cr\u00e9ation vid\u00e9o originale sera r\u00e9v\u00e9l\u00e9e d\u00e8s vendredi matin puis Marine Perin, Karine Lambert, Sylvette Den\u00e8fle et deux artistes du duo Artemis \u00e9changeront sur leurs recherches autour des f\u00e9minicides lors d&#039;un live Youtube de 22h \u00e0 23h depuis la Station cin\u00e9.\" \/>\n<meta property=\"og:url\" content=\"https:\/\/telemme.mmsh.fr\/?p=9661\" \/>\n<meta property=\"og:site_name\" content=\"TELEMMe - Temps, espaces, langages, Europe m\u00e9ridionale, M\u00e9diterran\u00e9e\" \/>\n<meta property=\"article:published_time\" content=\"2021-09-27T09:06:18+00:00\" \/>\n<meta property=\"article:modified_time\" content=\"2021-09-28T07:52:28+00:00\" \/>\n<meta property=\"og:image\" content=\"https:\/\/telemme.mmsh.fr\/wp-content\/uploads\/2021\/09\/Web_light2-1.png\" \/>\n\t<meta property=\"og:image:width\" content=\"1000\" \/>\n\t<meta property=\"og:image:height\" content=\"563\" \/>\n\t<meta property=\"og:image:type\" content=\"image\/png\" \/>\n<meta name=\"author\" content=\"Delphine Cavallo\" \/>\n<meta name=\"twitter:card\" content=\"summary_large_image\" \/>\n<meta name=\"twitter:label1\" content=\"\u00c9crit par\" \/>\n\t<meta name=\"twitter:data1\" content=\"Delphine Cavallo\" \/>\n\t<meta name=\"twitter:label2\" content=\"Dur\u00e9e de lecture estim\u00e9e\" \/>\n\t<meta name=\"twitter:data2\" content=\"2 minutes\" \/>\n<script type=\"application\/ld+json\" class=\"yoast-schema-graph\">{\"@context\":\"https:\\\/\\\/schema.org\",\"@graph\":[{\"@type\":\"Article\",\"@id\":\"https:\\\/\\\/telemme.mmsh.fr\\\/?p=9661#article\",\"isPartOf\":{\"@id\":\"https:\\\/\\\/telemme.mmsh.fr\\\/?p=9661\"},\"author\":{\"name\":\"Delphine Cavallo\",\"@id\":\"https:\\\/\\\/telemme.mmsh.fr\\\/#\\\/schema\\\/person\\\/86a185da4836381586528ced48e263f5\"},\"headline\":\"Retrouvez TELEMMe \u00e0 la Nuit europ\u00e9enne des chercheur\u00b7e\u00b7s 2021&nbsp;: invitation aux voyages\",\"datePublished\":\"2021-09-27T09:06:18+00:00\",\"dateModified\":\"2021-09-28T07:52:28+00:00\",\"mainEntityOfPage\":{\"@id\":\"https:\\\/\\\/telemme.mmsh.fr\\\/?p=9661\"},\"wordCount\":341,\"publisher\":{\"@id\":\"https:\\\/\\\/telemme.mmsh.fr\\\/#organization\"},\"image\":{\"@id\":\"https:\\\/\\\/telemme.mmsh.fr\\\/?p=9661#primaryimage\"},\"thumbnailUrl\":\"https:\\\/\\\/telemme.mmsh.fr\\\/wp-content\\\/uploads\\\/2021\\\/09\\\/Web_light2-1.png\",\"articleSection\":[\"Rencontres\"],\"inLanguage\":\"fr-FR\"},{\"@type\":\"WebPage\",\"@id\":\"https:\\\/\\\/telemme.mmsh.fr\\\/?p=9661\",\"url\":\"https:\\\/\\\/telemme.mmsh.fr\\\/?p=9661\",\"name\":\"Retrouvez TELEMMe \u00e0 la Nuit europ\u00e9enne des chercheur\u00b7e\u00b7s 2021&nbsp;: invitation aux voyages - TELEMMe - Temps, espaces, langages, Europe m\u00e9ridionale, M\u00e9diterran\u00e9e\",\"isPartOf\":{\"@id\":\"https:\\\/\\\/telemme.mmsh.fr\\\/#website\"},\"primaryImageOfPage\":{\"@id\":\"https:\\\/\\\/telemme.mmsh.fr\\\/?p=9661#primaryimage\"},\"image\":{\"@id\":\"https:\\\/\\\/telemme.mmsh.fr\\\/?p=9661#primaryimage\"},\"thumbnailUrl\":\"https:\\\/\\\/telemme.mmsh.fr\\\/wp-content\\\/uploads\\\/2021\\\/09\\\/Web_light2-1.png\",\"datePublished\":\"2021-09-27T09:06:18+00:00\",\"dateModified\":\"2021-09-28T07:52:28+00:00\",\"description\":\"Pour cette \u00e9dition 2021 qui se d\u00e9roule pour la premi\u00e8re fois \u00e0 Aix-en-Provence, TELEMMe sera repr\u00e9sent\u00e9 sur deux formats :Thomas Richard repr\u00e9sentera le projet BioDivAquArt (TELEMME & MIO) \u00e0 l' \\\"Exp\u00e9dition au mus\u00e9e\\\" au Mus\u00e9e des Tapisseries. Il commentera les \u0153uvres des expositions d'Isabelle RocheMars et de Macha Make\u00efeff \u00e0 partir de ses recherches sur la biodiversit\u00e9 aquatique dans l'art : signification \u00e9cologique et historique ; En cl\u00f4ture, Karine Lambert et Sylvette Den\u00e8fle seront \u00e0 la \\\"Station cin\u00e9\\\" pour un live Youtube avec Marinette - Femmes et f\u00e9minisme. Une cr\u00e9ation vid\u00e9o originale sera r\u00e9v\u00e9l\u00e9e d\u00e8s vendredi matin puis Marine Perin, Karine Lambert, Sylvette Den\u00e8fle et deux artistes du duo Artemis \u00e9changeront sur leurs recherches autour des f\u00e9minicides lors d'un live Youtube de 22h \u00e0 23h depuis la Station cin\u00e9.\",\"breadcrumb\":{\"@id\":\"https:\\\/\\\/telemme.mmsh.fr\\\/?p=9661#breadcrumb\"},\"inLanguage\":\"fr-FR\",\"potentialAction\":[{\"@type\":\"ReadAction\",\"target\":[\"https:\\\/\\\/telemme.mmsh.fr\\\/?p=9661\"]}]},{\"@type\":\"ImageObject\",\"inLanguage\":\"fr-FR\",\"@id\":\"https:\\\/\\\/telemme.mmsh.fr\\\/?p=9661#primaryimage\",\"url\":\"https:\\\/\\\/telemme.mmsh.fr\\\/wp-content\\\/uploads\\\/2021\\\/09\\\/Web_light2-1.png\",\"contentUrl\":\"https:\\\/\\\/telemme.mmsh.fr\\\/wp-content\\\/uploads\\\/2021\\\/09\\\/Web_light2-1.png\",\"width\":1000,\"height\":563,\"caption\":\"Visuel Nuit europ\u00e9enne des chercheur\u00b7e\u00b7s\"},{\"@type\":\"BreadcrumbList\",\"@id\":\"https:\\\/\\\/telemme.mmsh.fr\\\/?p=9661#breadcrumb\",\"itemListElement\":[{\"@type\":\"ListItem\",\"position\":1,\"name\":\"Accueil\",\"item\":\"https:\\\/\\\/telemme.mmsh.fr\\\/\"},{\"@type\":\"ListItem\",\"position\":2,\"name\":\"Actualit\u00e9s\",\"item\":\"https:\\\/\\\/telemme.mmsh.fr\\\/?cat=1995\"},{\"@type\":\"ListItem\",\"position\":3,\"name\":\"Rencontres\",\"item\":\"https:\\\/\\\/telemme.mmsh.fr\\\/?cat=1992\"},{\"@type\":\"ListItem\",\"position\":4,\"name\":\"Retrouvez TELEMMe \u00e0 la Nuit europ\u00e9enne des chercheur\u00b7e\u00b7s 2021&nbsp;: invitation aux voyages\"}]},{\"@type\":\"WebSite\",\"@id\":\"https:\\\/\\\/telemme.mmsh.fr\\\/#website\",\"url\":\"https:\\\/\\\/telemme.mmsh.fr\\\/\",\"name\":\"TELEMMe - Temps, espaces, langages, Europe m\u00e9ridionale, M\u00e9diterran\u00e9e\",\"description\":\"\",\"publisher\":{\"@id\":\"https:\\\/\\\/telemme.mmsh.fr\\\/#organization\"},\"potentialAction\":[{\"@type\":\"SearchAction\",\"target\":{\"@type\":\"EntryPoint\",\"urlTemplate\":\"https:\\\/\\\/telemme.mmsh.fr\\\/?s={search_term_string}\"},\"query-input\":{\"@type\":\"PropertyValueSpecification\",\"valueRequired\":true,\"valueName\":\"search_term_string\"}}],\"inLanguage\":\"fr-FR\"},{\"@type\":\"Organization\",\"@id\":\"https:\\\/\\\/telemme.mmsh.fr\\\/#organization\",\"name\":\"TELEMMe\",\"url\":\"https:\\\/\\\/telemme.mmsh.fr\\\/\",\"logo\":{\"@type\":\"ImageObject\",\"inLanguage\":\"fr-FR\",\"@id\":\"https:\\\/\\\/telemme.mmsh.fr\\\/#\\\/schema\\\/logo\\\/image\\\/\",\"url\":\"https:\\\/\\\/telemme.mmsh.fr\\\/wp-content\\\/uploads\\\/2020\\\/03\\\/LogoTELEMMe-horizontal-fond-transparent.png\",\"contentUrl\":\"https:\\\/\\\/telemme.mmsh.fr\\\/wp-content\\\/uploads\\\/2020\\\/03\\\/LogoTELEMMe-horizontal-fond-transparent.png\",\"width\":1500,\"height\":437,\"caption\":\"TELEMMe\"},\"image\":{\"@id\":\"https:\\\/\\\/telemme.mmsh.fr\\\/#\\\/schema\\\/logo\\\/image\\\/\"}},{\"@type\":\"Person\",\"@id\":\"https:\\\/\\\/telemme.mmsh.fr\\\/#\\\/schema\\\/person\\\/86a185da4836381586528ced48e263f5\",\"name\":\"Delphine Cavallo\",\"url\":\"https:\\\/\\\/telemme.mmsh.fr\\\/?author=6\"}]}<\/script>\n<!-- \/ Yoast SEO plugin. -->","yoast_head_json":{"title":"Retrouvez TELEMMe \u00e0 la Nuit europ\u00e9enne des chercheur\u00b7e\u00b7s 2021&nbsp;: invitation aux voyages - TELEMMe - Temps, espaces, langages, Europe m\u00e9ridionale, M\u00e9diterran\u00e9e","description":"Pour cette \u00e9dition 2021 qui se d\u00e9roule pour la premi\u00e8re fois \u00e0 Aix-en-Provence, TELEMMe sera repr\u00e9sent\u00e9 sur deux formats :Thomas Richard repr\u00e9sentera le projet BioDivAquArt (TELEMME & MIO) \u00e0 l' \"Exp\u00e9dition au mus\u00e9e\" au Mus\u00e9e des Tapisseries. Il commentera les \u0153uvres des expositions d'Isabelle RocheMars et de Macha Make\u00efeff \u00e0 partir de ses recherches sur la biodiversit\u00e9 aquatique dans l'art : signification \u00e9cologique et historique ; En cl\u00f4ture, Karine Lambert et Sylvette Den\u00e8fle seront \u00e0 la \"Station cin\u00e9\" pour un live Youtube avec Marinette - Femmes et f\u00e9minisme. Une cr\u00e9ation vid\u00e9o originale sera r\u00e9v\u00e9l\u00e9e d\u00e8s vendredi matin puis Marine Perin, Karine Lambert, Sylvette Den\u00e8fle et deux artistes du duo Artemis \u00e9changeront sur leurs recherches autour des f\u00e9minicides lors d'un live Youtube de 22h \u00e0 23h depuis la Station cin\u00e9.","robots":{"index":"index","follow":"follow","max-snippet":"max-snippet:-1","max-image-preview":"max-image-preview:large","max-video-preview":"max-video-preview:-1"},"canonical":"https:\/\/telemme.mmsh.fr\/?p=9661","og_locale":"fr_FR","og_type":"article","og_title":"Retrouvez TELEMMe \u00e0 la Nuit europ\u00e9enne des chercheur\u00b7e\u00b7s 2021&nbsp;: invitation aux voyages - TELEMMe - Temps, espaces, langages, Europe m\u00e9ridionale, M\u00e9diterran\u00e9e","og_description":"Pour cette \u00e9dition 2021 qui se d\u00e9roule pour la premi\u00e8re fois \u00e0 Aix-en-Provence, TELEMMe sera repr\u00e9sent\u00e9 sur deux formats :Thomas Richard repr\u00e9sentera le projet BioDivAquArt (TELEMME & MIO) \u00e0 l' \"Exp\u00e9dition au mus\u00e9e\" au Mus\u00e9e des Tapisseries. Il commentera les \u0153uvres des expositions d'Isabelle RocheMars et de Macha Make\u00efeff \u00e0 partir de ses recherches sur la biodiversit\u00e9 aquatique dans l'art : signification \u00e9cologique et historique ; En cl\u00f4ture, Karine Lambert et Sylvette Den\u00e8fle seront \u00e0 la \"Station cin\u00e9\" pour un live Youtube avec Marinette - Femmes et f\u00e9minisme. Une cr\u00e9ation vid\u00e9o originale sera r\u00e9v\u00e9l\u00e9e d\u00e8s vendredi matin puis Marine Perin, Karine Lambert, Sylvette Den\u00e8fle et deux artistes du duo Artemis \u00e9changeront sur leurs recherches autour des f\u00e9minicides lors d'un live Youtube de 22h \u00e0 23h depuis la Station cin\u00e9.","og_url":"https:\/\/telemme.mmsh.fr\/?p=9661","og_site_name":"TELEMMe - Temps, espaces, langages, Europe m\u00e9ridionale, M\u00e9diterran\u00e9e","article_published_time":"2021-09-27T09:06:18+00:00","article_modified_time":"2021-09-28T07:52:28+00:00","og_image":[{"width":1000,"height":563,"url":"https:\/\/telemme.mmsh.fr\/wp-content\/uploads\/2021\/09\/Web_light2-1.png","type":"image\/png"}],"author":"Delphine Cavallo","twitter_card":"summary_large_image","twitter_misc":{"\u00c9crit par":"Delphine Cavallo","Dur\u00e9e de lecture estim\u00e9e":"2 minutes"},"schema":{"@context":"https:\/\/schema.org","@graph":[{"@type":"Article","@id":"https:\/\/telemme.mmsh.fr\/?p=9661#article","isPartOf":{"@id":"https:\/\/telemme.mmsh.fr\/?p=9661"},"author":{"name":"Delphine Cavallo","@id":"https:\/\/telemme.mmsh.fr\/#\/schema\/person\/86a185da4836381586528ced48e263f5"},"headline":"Retrouvez TELEMMe \u00e0 la Nuit europ\u00e9enne des chercheur\u00b7e\u00b7s 2021&nbsp;: invitation aux voyages","datePublished":"2021-09-27T09:06:18+00:00","dateModified":"2021-09-28T07:52:28+00:00","mainEntityOfPage":{"@id":"https:\/\/telemme.mmsh.fr\/?p=9661"},"wordCount":341,"publisher":{"@id":"https:\/\/telemme.mmsh.fr\/#organization"},"image":{"@id":"https:\/\/telemme.mmsh.fr\/?p=9661#primaryimage"},"thumbnailUrl":"https:\/\/telemme.mmsh.fr\/wp-content\/uploads\/2021\/09\/Web_light2-1.png","articleSection":["Rencontres"],"inLanguage":"fr-FR"},{"@type":"WebPage","@id":"https:\/\/telemme.mmsh.fr\/?p=9661","url":"https:\/\/telemme.mmsh.fr\/?p=9661","name":"Retrouvez TELEMMe \u00e0 la Nuit europ\u00e9enne des chercheur\u00b7e\u00b7s 2021&nbsp;: invitation aux voyages - TELEMMe - Temps, espaces, langages, Europe m\u00e9ridionale, M\u00e9diterran\u00e9e","isPartOf":{"@id":"https:\/\/telemme.mmsh.fr\/#website"},"primaryImageOfPage":{"@id":"https:\/\/telemme.mmsh.fr\/?p=9661#primaryimage"},"image":{"@id":"https:\/\/telemme.mmsh.fr\/?p=9661#primaryimage"},"thumbnailUrl":"https:\/\/telemme.mmsh.fr\/wp-content\/uploads\/2021\/09\/Web_light2-1.png","datePublished":"2021-09-27T09:06:18+00:00","dateModified":"2021-09-28T07:52:28+00:00","description":"Pour cette \u00e9dition 2021 qui se d\u00e9roule pour la premi\u00e8re fois \u00e0 Aix-en-Provence, TELEMMe sera repr\u00e9sent\u00e9 sur deux formats :Thomas Richard repr\u00e9sentera le projet BioDivAquArt (TELEMME & MIO) \u00e0 l' \"Exp\u00e9dition au mus\u00e9e\" au Mus\u00e9e des Tapisseries. Il commentera les \u0153uvres des expositions d'Isabelle RocheMars et de Macha Make\u00efeff \u00e0 partir de ses recherches sur la biodiversit\u00e9 aquatique dans l'art : signification \u00e9cologique et historique ; En cl\u00f4ture, Karine Lambert et Sylvette Den\u00e8fle seront \u00e0 la \"Station cin\u00e9\" pour un live Youtube avec Marinette - Femmes et f\u00e9minisme. Une cr\u00e9ation vid\u00e9o originale sera r\u00e9v\u00e9l\u00e9e d\u00e8s vendredi matin puis Marine Perin, Karine Lambert, Sylvette Den\u00e8fle et deux artistes du duo Artemis \u00e9changeront sur leurs recherches autour des f\u00e9minicides lors d'un live Youtube de 22h \u00e0 23h depuis la Station cin\u00e9.","breadcrumb":{"@id":"https:\/\/telemme.mmsh.fr\/?p=9661#breadcrumb"},"inLanguage":"fr-FR","potentialAction":[{"@type":"ReadAction","target":["https:\/\/telemme.mmsh.fr\/?p=9661"]}]},{"@type":"ImageObject","inLanguage":"fr-FR","@id":"https:\/\/telemme.mmsh.fr\/?p=9661#primaryimage","url":"https:\/\/telemme.mmsh.fr\/wp-content\/uploads\/2021\/09\/Web_light2-1.png","contentUrl":"https:\/\/telemme.mmsh.fr\/wp-content\/uploads\/2021\/09\/Web_light2-1.png","width":1000,"height":563,"caption":"Visuel Nuit europ\u00e9enne des chercheur\u00b7e\u00b7s"},{"@type":"BreadcrumbList","@id":"https:\/\/telemme.mmsh.fr\/?p=9661#breadcrumb","itemListElement":[{"@type":"ListItem","position":1,"name":"Accueil","item":"https:\/\/telemme.mmsh.fr\/"},{"@type":"ListItem","position":2,"name":"Actualit\u00e9s","item":"https:\/\/telemme.mmsh.fr\/?cat=1995"},{"@type":"ListItem","position":3,"name":"Rencontres","item":"https:\/\/telemme.mmsh.fr\/?cat=1992"},{"@type":"ListItem","position":4,"name":"Retrouvez TELEMMe \u00e0 la Nuit europ\u00e9enne des chercheur\u00b7e\u00b7s 2021&nbsp;: invitation aux voyages"}]},{"@type":"WebSite","@id":"https:\/\/telemme.mmsh.fr\/#website","url":"https:\/\/telemme.mmsh.fr\/","name":"TELEMMe - Temps, espaces, langages, Europe m\u00e9ridionale, M\u00e9diterran\u00e9e","description":"","publisher":{"@id":"https:\/\/telemme.mmsh.fr\/#organization"},"potentialAction":[{"@type":"SearchAction","target":{"@type":"EntryPoint","urlTemplate":"https:\/\/telemme.mmsh.fr\/?s={search_term_string}"},"query-input":{"@type":"PropertyValueSpecification","valueRequired":true,"valueName":"search_term_string"}}],"inLanguage":"fr-FR"},{"@type":"Organization","@id":"https:\/\/telemme.mmsh.fr\/#organization","name":"TELEMMe","url":"https:\/\/telemme.mmsh.fr\/","logo":{"@type":"ImageObject","inLanguage":"fr-FR","@id":"https:\/\/telemme.mmsh.fr\/#\/schema\/logo\/image\/","url":"https:\/\/telemme.mmsh.fr\/wp-content\/uploads\/2020\/03\/LogoTELEMMe-horizontal-fond-transparent.png","contentUrl":"https:\/\/telemme.mmsh.fr\/wp-content\/uploads\/2020\/03\/LogoTELEMMe-horizontal-fond-transparent.png","width":1500,"height":437,"caption":"TELEMMe"},"image":{"@id":"https:\/\/telemme.mmsh.fr\/#\/schema\/logo\/image\/"}},{"@type":"Person","@id":"https:\/\/telemme.mmsh.fr\/#\/schema\/person\/86a185da4836381586528ced48e263f5","name":"Delphine Cavallo","url":"https:\/\/telemme.mmsh.fr\/?author=6"}]}},"_links":{"self":[{"href":"https:\/\/telemme.mmsh.fr\/index.php?rest_route=\/wp\/v2\/posts\/9661","targetHints":{"allow":["GET"]}}],"collection":[{"href":"https:\/\/telemme.mmsh.fr\/index.php?rest_route=\/wp\/v2\/posts"}],"about":[{"href":"https:\/\/telemme.mmsh.fr\/index.php?rest_route=\/wp\/v2\/types\/post"}],"author":[{"embeddable":true,"href":"https:\/\/telemme.mmsh.fr\/index.php?rest_route=\/wp\/v2\/users\/6"}],"replies":[{"embeddable":true,"href":"https:\/\/telemme.mmsh.fr\/index.php?rest_route=%2Fwp%2Fv2%2Fcomments&post=9661"}],"version-history":[{"count":9,"href":"https:\/\/telemme.mmsh.fr\/index.php?rest_route=\/wp\/v2\/posts\/9661\/revisions"}],"predecessor-version":[{"id":9672,"href":"https:\/\/telemme.mmsh.fr\/index.php?rest_route=\/wp\/v2\/posts\/9661\/revisions\/9672"}],"wp:featuredmedia":[{"embeddable":true,"href":"https:\/\/telemme.mmsh.fr\/index.php?rest_route=\/wp\/v2\/media\/9665"}],"wp:attachment":[{"href":"https:\/\/telemme.mmsh.fr\/index.php?rest_route=%2Fwp%2Fv2%2Fmedia&parent=9661"}],"wp:term":[{"taxonomy":"category","embeddable":true,"href":"https:\/\/telemme.mmsh.fr\/index.php?rest_route=%2Fwp%2Fv2%2Fcategories&post=9661"},{"taxonomy":"post_tag","embeddable":true,"href":"https:\/\/telemme.mmsh.fr\/index.php?rest_route=%2Fwp%2Fv2%2Ftags&post=9661"}],"curies":[{"name":"wp","href":"https:\/\/api.w.org\/{rel}","templated":true}]}}