{"id":9645,"date":"2021-10-06T14:40:48","date_gmt":"2021-10-06T12:40:48","guid":{"rendered":"https:\/\/telemme.mmsh.fr\/?p=9645"},"modified":"2021-10-08T16:20:30","modified_gmt":"2021-10-08T14:20:30","slug":"sophie-gebeil-ambassadrice-de-la-fete-de-la-science-paca-2021","status":"publish","type":"post","link":"https:\/\/telemme.mmsh.fr\/?p=9645","title":{"rendered":"Sophie Gebeil ambassadrice de la F\u00eate de la science PACA 2021"},"content":{"rendered":"\n<figure class=\"wp-block-pullquote\"><blockquote><p>Sophie Gebeil, historienne contemporaine \u00e0 TELEMMe, est cette ann\u00e9e l&rsquo;<a href=\"https:\/\/www.fetedelascience.fr\/sophie-gebeil-ambassadrice-paca-2021\">ambassadrice de la F\u00eate de la science<\/a> en r\u00e9gion PACA !<\/p><\/blockquote><\/figure>\n\n\n\n<p>Ma\u00eetre de conf\u00e9rences en histoire contemporaine \u00e0 AMU, Sophie Gebeil est sp\u00e9cialiste des sciences de la communication et de l\u2019information. Sa th\u00e8se a constitu\u00e9 le premier doctorat d\u2019histoire fond\u00e9 sur des archives du Web en France. Ses recherches, \u00e0 la crois\u00e9e de l\u2019histoire et des sciences de l\u2019information, explorent la fa\u00e7on dont les internautes se saisissent du Web pour donner \u00e0 voir leur propre vision du pass\u00e9. <\/p>\n\n\n\n<p>Elle m\u00e8ne depuis plusieurs ann\u00e9es de nombreuses actions et r\u00e9flexions autour de la m\u00e9diation scientifique, que ce soit en tant que chercheuse (<a href=\"https:\/\/telemme.mmsh.fr\/?page_id=6206\">Atelier <em>Visual Studies<\/em> et humanit\u00e9s num\u00e9riques<\/a>, webdocumentaire <em><a href=\"https:\/\/telemme.mmsh.fr\/?p=2364\">Fos\/ \u00c9tang de Berre<\/a><\/em>, etc.) ou en tant qu&rsquo;enseignante (projet <em><a href=\"http:\/\/tice.espe.univ-amu.fr\/scolamedia\/\">Scola media &#8211; Enseigner la citoyennet\u00e9 \u00e0 l&rsquo;\u00e8re num\u00e9rique<\/a><\/em> \u00e0 l&rsquo;Insp\u00e9, etc.). Sa nomination comme ambassadrice de la <a href=\"https:\/\/www.fetedelascience.fr\/provence-alpes-cote-d-azur\"><strong>F\u00eate de la science PACA 2021<\/strong><\/a> permet de valoriser l&rsquo;apport des sciences humaines et sociales \u00e0 la m\u00e9diation scientifique, notamment aupr\u00e8s des jeunes publics. <\/p>\n\n\n\n<h2 class=\"wp-block-heading\">La F\u00eate de la science f\u00eate ses 30 ans<\/h2>\n\n\n\n<p>Chaque ann\u00e9e, la F\u00eate de la science constitue un temps fort de culture scientifique en R\u00e9gion Provence-Alpes-C\u00f4te d\u2019Azur, rendez-vous incontournable des curieux et des passionn\u00e9s de science. Pendant 11 jours d&rsquo;\u00e9v\u00e9nements gratuits pour tous, du 1er au 11 octobre 2021, des animations sont propos\u00e9es par les acteurs de la culture scientifique et de l&rsquo;innovation en diff\u00e9rents lieux.<\/p>\n\n\n\n<p>La F\u00eate de la science PACA propose \u00e9galement un<strong> <a href=\"https:\/\/www.villagedessciencessud.fr\/\">Village <\/a><\/strong><a href=\"https:\/\/www.villagedessciencessud.fr\/\"><strong>des sciences virtuel<\/strong><\/a>, site web donnant acc\u00e8s \u00e0 un ensemble de ressources en ligne propos\u00e9es par les laboratoires et les projets de recherche : expositions virtuelles, vid\u00e9os, exp\u00e9riences et escape games, jeux vid\u00e9os, etc. Vous y trouverez tr\u00e8s bient\u00f4t les ressources propos\u00e9es par TELEMMe !<\/p>\n\n\n\n<h2 class=\"wp-block-heading\">Pour en savoir plus<\/h2>\n\n\n\n<ul class=\"wp-block-list\"><li>site de la F\u00eate de la science PACA :<a href=\"https:\/\/www.fetedelascience.fr\/provence-alpes-cote-d-azur\"> https:\/\/www.fetedelascience.fr\/provence-alpes-cote-d-azur <\/a><\/li><li>la F\u00eate de la science PACA sur le site Echosciences <a href=\"https:\/\/www.echosciences-paca.fr\/communautes\/fete-de-la-science-en-paca-fdspaca\">: https:\/\/www.echosciences-paca.fr\/communautes\/fete-de-la-science-en-paca-fdspaca<\/a><\/li><li>la F\u00eate de la science Sud sur Facebook : <a href=\"https:\/\/www.facebook.com\/fetedelascienceSud\/\">https:\/\/www.facebook.com\/fetedelascienceSud\/<\/a> <\/li><li>et sur Twitter : <a href=\"https:\/\/twitter.com\/fds_sud\">https:\/\/twitter.com\/fds_sud<\/a><\/li><li>Village des sciences virtuel : <a href=\"https:\/\/www.villagedessciencessud.fr\/\">https:\/\/www.villagedessciencessud.fr\/<\/a><\/li><li><a href=\"https:\/\/www.fetedelascience.fr\/sites\/default\/files\/2021-07\/dossier-de-presse-2021-1186.pdf\" target=\"_blank\" rel=\"noreferrer noopener\">le dossier de presse 2021<\/a><\/li><li><a href=\"https:\/\/www.fetedelascience.fr\/sites\/default\/files\/2021-06\/livret-des-30-ans-1187_0.pdf\" target=\"_blank\" rel=\"noreferrer noopener\">le livret des 30 ans<\/a><\/li><\/ul>\n\n\n\n<p><\/p>\n","protected":false},"excerpt":{"rendered":"<p>Sophie Gebeil, historienne contemporaine \u00e0 TELEMMe, est cette ann\u00e9e l&rsquo;ambassadrice de la F\u00eate de la science en r\u00e9gion PACA ! Ma\u00eetre de conf\u00e9rences en histoire contemporaine \u00e0 AMU, Sophie Gebeil&hellip;&nbsp;<a href=\"https:\/\/telemme.mmsh.fr\/?p=9645\" rel=\"bookmark\">Lire la suite &raquo;<span class=\"screen-reader-text\">Sophie Gebeil ambassadrice de la F\u00eate de la science PACA 2021<\/span><\/a><\/p>\n","protected":false},"author":6,"featured_media":9648,"comment_status":"closed","ping_status":"closed","sticky":false,"template":"","format":"standard","meta":{"neve_meta_sidebar":"","neve_meta_container":"","neve_meta_enable_content_width":"","neve_meta_content_width":0,"neve_meta_title_alignment":"","neve_meta_author_avatar":"","neve_post_elements_order":"","neve_meta_disable_header":"","neve_meta_disable_footer":"","neve_meta_disable_title":"","_tribe_events_control_status":"","_tribe_events_control_status_canceled_reason":"","_tribe_events_control_status_postponed_reason":"","_tribe_events_control_online":"","_tribe_events_control_online_url":"","footnotes":""},"categories":[1992],"tags":[2194],"class_list":["post-9645","post","type-post","status-publish","format-standard","has-post-thumbnail","hentry","category-rencontres","tag-fete-de-la-science"],"yoast_head":"<!-- This site is optimized with the Yoast SEO plugin v27.4 - https:\/\/yoast.com\/product\/yoast-seo-wordpress\/ -->\n<title>Sophie Gebeil ambassadrice de la F\u00eate de la science PACA 2021 - TELEMMe - Temps, espaces, langages, Europe m\u00e9ridionale, M\u00e9diterran\u00e9e<\/title>\n<meta name=\"robots\" content=\"index, follow, max-snippet:-1, max-image-preview:large, max-video-preview:-1\" \/>\n<link rel=\"canonical\" href=\"https:\/\/telemme.mmsh.fr\/?p=9645\" \/>\n<meta property=\"og:locale\" content=\"fr_FR\" \/>\n<meta property=\"og:type\" content=\"article\" \/>\n<meta property=\"og:title\" content=\"Sophie Gebeil ambassadrice de la F\u00eate de la science PACA 2021 - TELEMMe - Temps, espaces, langages, Europe m\u00e9ridionale, M\u00e9diterran\u00e9e\" \/>\n<meta property=\"og:description\" content=\"Sophie Gebeil, historienne contemporaine \u00e0 TELEMMe, est cette ann\u00e9e l&rsquo;ambassadrice de la F\u00eate de la science en r\u00e9gion PACA ! Ma\u00eetre de conf\u00e9rences en histoire contemporaine \u00e0 AMU, Sophie Gebeil&hellip;&nbsp;Lire la suite &raquo;Sophie Gebeil ambassadrice de la F\u00eate de la science PACA 2021\" \/>\n<meta property=\"og:url\" content=\"https:\/\/telemme.mmsh.fr\/?p=9645\" \/>\n<meta property=\"og:site_name\" content=\"TELEMMe - Temps, espaces, langages, Europe m\u00e9ridionale, M\u00e9diterran\u00e9e\" \/>\n<meta property=\"article:published_time\" content=\"2021-10-06T12:40:48+00:00\" \/>\n<meta property=\"article:modified_time\" content=\"2021-10-08T14:20:30+00:00\" \/>\n<meta property=\"og:image\" content=\"https:\/\/telemme.mmsh.fr\/wp-content\/uploads\/2021\/09\/E5ImpjIWUAMNQ6T.jpg\" \/>\n\t<meta property=\"og:image:width\" content=\"911\" \/>\n\t<meta property=\"og:image:height\" content=\"516\" \/>\n\t<meta property=\"og:image:type\" content=\"image\/jpeg\" \/>\n<meta name=\"author\" content=\"Delphine Cavallo\" \/>\n<meta name=\"twitter:card\" content=\"summary_large_image\" \/>\n<meta name=\"twitter:label1\" content=\"\u00c9crit par\" \/>\n\t<meta name=\"twitter:data1\" content=\"Delphine Cavallo\" \/>\n\t<meta name=\"twitter:label2\" content=\"Dur\u00e9e de lecture estim\u00e9e\" \/>\n\t<meta name=\"twitter:data2\" content=\"2 minutes\" \/>\n<script type=\"application\/ld+json\" class=\"yoast-schema-graph\">{\"@context\":\"https:\\\/\\\/schema.org\",\"@graph\":[{\"@type\":\"Article\",\"@id\":\"https:\\\/\\\/telemme.mmsh.fr\\\/?p=9645#article\",\"isPartOf\":{\"@id\":\"https:\\\/\\\/telemme.mmsh.fr\\\/?p=9645\"},\"author\":{\"name\":\"Delphine Cavallo\",\"@id\":\"https:\\\/\\\/telemme.mmsh.fr\\\/#\\\/schema\\\/person\\\/86a185da4836381586528ced48e263f5\"},\"headline\":\"Sophie Gebeil ambassadrice de la F\u00eate de la science PACA 2021\",\"datePublished\":\"2021-10-06T12:40:48+00:00\",\"dateModified\":\"2021-10-08T14:20:30+00:00\",\"mainEntityOfPage\":{\"@id\":\"https:\\\/\\\/telemme.mmsh.fr\\\/?p=9645\"},\"wordCount\":407,\"publisher\":{\"@id\":\"https:\\\/\\\/telemme.mmsh.fr\\\/#organization\"},\"image\":{\"@id\":\"https:\\\/\\\/telemme.mmsh.fr\\\/?p=9645#primaryimage\"},\"thumbnailUrl\":\"https:\\\/\\\/telemme.mmsh.fr\\\/wp-content\\\/uploads\\\/2021\\\/09\\\/E5ImpjIWUAMNQ6T.jpg\",\"keywords\":[\"f\u00eate de la science\"],\"articleSection\":[\"Rencontres\"],\"inLanguage\":\"fr-FR\"},{\"@type\":\"WebPage\",\"@id\":\"https:\\\/\\\/telemme.mmsh.fr\\\/?p=9645\",\"url\":\"https:\\\/\\\/telemme.mmsh.fr\\\/?p=9645\",\"name\":\"Sophie Gebeil ambassadrice de la F\u00eate de la science PACA 2021 - TELEMMe - Temps, espaces, langages, Europe m\u00e9ridionale, M\u00e9diterran\u00e9e\",\"isPartOf\":{\"@id\":\"https:\\\/\\\/telemme.mmsh.fr\\\/#website\"},\"primaryImageOfPage\":{\"@id\":\"https:\\\/\\\/telemme.mmsh.fr\\\/?p=9645#primaryimage\"},\"image\":{\"@id\":\"https:\\\/\\\/telemme.mmsh.fr\\\/?p=9645#primaryimage\"},\"thumbnailUrl\":\"https:\\\/\\\/telemme.mmsh.fr\\\/wp-content\\\/uploads\\\/2021\\\/09\\\/E5ImpjIWUAMNQ6T.jpg\",\"datePublished\":\"2021-10-06T12:40:48+00:00\",\"dateModified\":\"2021-10-08T14:20:30+00:00\",\"breadcrumb\":{\"@id\":\"https:\\\/\\\/telemme.mmsh.fr\\\/?p=9645#breadcrumb\"},\"inLanguage\":\"fr-FR\",\"potentialAction\":[{\"@type\":\"ReadAction\",\"target\":[\"https:\\\/\\\/telemme.mmsh.fr\\\/?p=9645\"]}]},{\"@type\":\"ImageObject\",\"inLanguage\":\"fr-FR\",\"@id\":\"https:\\\/\\\/telemme.mmsh.fr\\\/?p=9645#primaryimage\",\"url\":\"https:\\\/\\\/telemme.mmsh.fr\\\/wp-content\\\/uploads\\\/2021\\\/09\\\/E5ImpjIWUAMNQ6T.jpg\",\"contentUrl\":\"https:\\\/\\\/telemme.mmsh.fr\\\/wp-content\\\/uploads\\\/2021\\\/09\\\/E5ImpjIWUAMNQ6T.jpg\",\"width\":911,\"height\":516,\"caption\":\"Visuel Sophie Gebeil Ambassadrice de la f\u00eate de la science 2021 en PACA\"},{\"@type\":\"BreadcrumbList\",\"@id\":\"https:\\\/\\\/telemme.mmsh.fr\\\/?p=9645#breadcrumb\",\"itemListElement\":[{\"@type\":\"ListItem\",\"position\":1,\"name\":\"Accueil\",\"item\":\"https:\\\/\\\/telemme.mmsh.fr\\\/\"},{\"@type\":\"ListItem\",\"position\":2,\"name\":\"Actualit\u00e9s\",\"item\":\"https:\\\/\\\/telemme.mmsh.fr\\\/?cat=1995\"},{\"@type\":\"ListItem\",\"position\":3,\"name\":\"Rencontres\",\"item\":\"https:\\\/\\\/telemme.mmsh.fr\\\/?cat=1992\"},{\"@type\":\"ListItem\",\"position\":4,\"name\":\"Sophie Gebeil ambassadrice de la F\u00eate de la science PACA 2021\"}]},{\"@type\":\"WebSite\",\"@id\":\"https:\\\/\\\/telemme.mmsh.fr\\\/#website\",\"url\":\"https:\\\/\\\/telemme.mmsh.fr\\\/\",\"name\":\"TELEMMe - Temps, espaces, langages, Europe m\u00e9ridionale, M\u00e9diterran\u00e9e\",\"description\":\"\",\"publisher\":{\"@id\":\"https:\\\/\\\/telemme.mmsh.fr\\\/#organization\"},\"potentialAction\":[{\"@type\":\"SearchAction\",\"target\":{\"@type\":\"EntryPoint\",\"urlTemplate\":\"https:\\\/\\\/telemme.mmsh.fr\\\/?s={search_term_string}\"},\"query-input\":{\"@type\":\"PropertyValueSpecification\",\"valueRequired\":true,\"valueName\":\"search_term_string\"}}],\"inLanguage\":\"fr-FR\"},{\"@type\":\"Organization\",\"@id\":\"https:\\\/\\\/telemme.mmsh.fr\\\/#organization\",\"name\":\"TELEMMe\",\"url\":\"https:\\\/\\\/telemme.mmsh.fr\\\/\",\"logo\":{\"@type\":\"ImageObject\",\"inLanguage\":\"fr-FR\",\"@id\":\"https:\\\/\\\/telemme.mmsh.fr\\\/#\\\/schema\\\/logo\\\/image\\\/\",\"url\":\"https:\\\/\\\/telemme.mmsh.fr\\\/wp-content\\\/uploads\\\/2020\\\/03\\\/LogoTELEMMe-horizontal-fond-transparent.png\",\"contentUrl\":\"https:\\\/\\\/telemme.mmsh.fr\\\/wp-content\\\/uploads\\\/2020\\\/03\\\/LogoTELEMMe-horizontal-fond-transparent.png\",\"width\":1500,\"height\":437,\"caption\":\"TELEMMe\"},\"image\":{\"@id\":\"https:\\\/\\\/telemme.mmsh.fr\\\/#\\\/schema\\\/logo\\\/image\\\/\"}},{\"@type\":\"Person\",\"@id\":\"https:\\\/\\\/telemme.mmsh.fr\\\/#\\\/schema\\\/person\\\/86a185da4836381586528ced48e263f5\",\"name\":\"Delphine Cavallo\",\"url\":\"https:\\\/\\\/telemme.mmsh.fr\\\/?author=6\"}]}<\/script>\n<!-- \/ Yoast SEO plugin. -->","yoast_head_json":{"title":"Sophie Gebeil ambassadrice de la F\u00eate de la science PACA 2021 - TELEMMe - Temps, espaces, langages, Europe m\u00e9ridionale, M\u00e9diterran\u00e9e","robots":{"index":"index","follow":"follow","max-snippet":"max-snippet:-1","max-image-preview":"max-image-preview:large","max-video-preview":"max-video-preview:-1"},"canonical":"https:\/\/telemme.mmsh.fr\/?p=9645","og_locale":"fr_FR","og_type":"article","og_title":"Sophie Gebeil ambassadrice de la F\u00eate de la science PACA 2021 - TELEMMe - Temps, espaces, langages, Europe m\u00e9ridionale, M\u00e9diterran\u00e9e","og_description":"Sophie Gebeil, historienne contemporaine \u00e0 TELEMMe, est cette ann\u00e9e l&rsquo;ambassadrice de la F\u00eate de la science en r\u00e9gion PACA ! Ma\u00eetre de conf\u00e9rences en histoire contemporaine \u00e0 AMU, Sophie Gebeil&hellip;&nbsp;Lire la suite &raquo;Sophie Gebeil ambassadrice de la F\u00eate de la science PACA 2021","og_url":"https:\/\/telemme.mmsh.fr\/?p=9645","og_site_name":"TELEMMe - Temps, espaces, langages, Europe m\u00e9ridionale, M\u00e9diterran\u00e9e","article_published_time":"2021-10-06T12:40:48+00:00","article_modified_time":"2021-10-08T14:20:30+00:00","og_image":[{"width":911,"height":516,"url":"https:\/\/telemme.mmsh.fr\/wp-content\/uploads\/2021\/09\/E5ImpjIWUAMNQ6T.jpg","type":"image\/jpeg"}],"author":"Delphine Cavallo","twitter_card":"summary_large_image","twitter_misc":{"\u00c9crit par":"Delphine Cavallo","Dur\u00e9e de lecture estim\u00e9e":"2 minutes"},"schema":{"@context":"https:\/\/schema.org","@graph":[{"@type":"Article","@id":"https:\/\/telemme.mmsh.fr\/?p=9645#article","isPartOf":{"@id":"https:\/\/telemme.mmsh.fr\/?p=9645"},"author":{"name":"Delphine Cavallo","@id":"https:\/\/telemme.mmsh.fr\/#\/schema\/person\/86a185da4836381586528ced48e263f5"},"headline":"Sophie Gebeil ambassadrice de la F\u00eate de la science PACA 2021","datePublished":"2021-10-06T12:40:48+00:00","dateModified":"2021-10-08T14:20:30+00:00","mainEntityOfPage":{"@id":"https:\/\/telemme.mmsh.fr\/?p=9645"},"wordCount":407,"publisher":{"@id":"https:\/\/telemme.mmsh.fr\/#organization"},"image":{"@id":"https:\/\/telemme.mmsh.fr\/?p=9645#primaryimage"},"thumbnailUrl":"https:\/\/telemme.mmsh.fr\/wp-content\/uploads\/2021\/09\/E5ImpjIWUAMNQ6T.jpg","keywords":["f\u00eate de la science"],"articleSection":["Rencontres"],"inLanguage":"fr-FR"},{"@type":"WebPage","@id":"https:\/\/telemme.mmsh.fr\/?p=9645","url":"https:\/\/telemme.mmsh.fr\/?p=9645","name":"Sophie Gebeil ambassadrice de la F\u00eate de la science PACA 2021 - TELEMMe - Temps, espaces, langages, Europe m\u00e9ridionale, M\u00e9diterran\u00e9e","isPartOf":{"@id":"https:\/\/telemme.mmsh.fr\/#website"},"primaryImageOfPage":{"@id":"https:\/\/telemme.mmsh.fr\/?p=9645#primaryimage"},"image":{"@id":"https:\/\/telemme.mmsh.fr\/?p=9645#primaryimage"},"thumbnailUrl":"https:\/\/telemme.mmsh.fr\/wp-content\/uploads\/2021\/09\/E5ImpjIWUAMNQ6T.jpg","datePublished":"2021-10-06T12:40:48+00:00","dateModified":"2021-10-08T14:20:30+00:00","breadcrumb":{"@id":"https:\/\/telemme.mmsh.fr\/?p=9645#breadcrumb"},"inLanguage":"fr-FR","potentialAction":[{"@type":"ReadAction","target":["https:\/\/telemme.mmsh.fr\/?p=9645"]}]},{"@type":"ImageObject","inLanguage":"fr-FR","@id":"https:\/\/telemme.mmsh.fr\/?p=9645#primaryimage","url":"https:\/\/telemme.mmsh.fr\/wp-content\/uploads\/2021\/09\/E5ImpjIWUAMNQ6T.jpg","contentUrl":"https:\/\/telemme.mmsh.fr\/wp-content\/uploads\/2021\/09\/E5ImpjIWUAMNQ6T.jpg","width":911,"height":516,"caption":"Visuel Sophie Gebeil Ambassadrice de la f\u00eate de la science 2021 en PACA"},{"@type":"BreadcrumbList","@id":"https:\/\/telemme.mmsh.fr\/?p=9645#breadcrumb","itemListElement":[{"@type":"ListItem","position":1,"name":"Accueil","item":"https:\/\/telemme.mmsh.fr\/"},{"@type":"ListItem","position":2,"name":"Actualit\u00e9s","item":"https:\/\/telemme.mmsh.fr\/?cat=1995"},{"@type":"ListItem","position":3,"name":"Rencontres","item":"https:\/\/telemme.mmsh.fr\/?cat=1992"},{"@type":"ListItem","position":4,"name":"Sophie Gebeil ambassadrice de la F\u00eate de la science PACA 2021"}]},{"@type":"WebSite","@id":"https:\/\/telemme.mmsh.fr\/#website","url":"https:\/\/telemme.mmsh.fr\/","name":"TELEMMe - Temps, espaces, langages, Europe m\u00e9ridionale, M\u00e9diterran\u00e9e","description":"","publisher":{"@id":"https:\/\/telemme.mmsh.fr\/#organization"},"potentialAction":[{"@type":"SearchAction","target":{"@type":"EntryPoint","urlTemplate":"https:\/\/telemme.mmsh.fr\/?s={search_term_string}"},"query-input":{"@type":"PropertyValueSpecification","valueRequired":true,"valueName":"search_term_string"}}],"inLanguage":"fr-FR"},{"@type":"Organization","@id":"https:\/\/telemme.mmsh.fr\/#organization","name":"TELEMMe","url":"https:\/\/telemme.mmsh.fr\/","logo":{"@type":"ImageObject","inLanguage":"fr-FR","@id":"https:\/\/telemme.mmsh.fr\/#\/schema\/logo\/image\/","url":"https:\/\/telemme.mmsh.fr\/wp-content\/uploads\/2020\/03\/LogoTELEMMe-horizontal-fond-transparent.png","contentUrl":"https:\/\/telemme.mmsh.fr\/wp-content\/uploads\/2020\/03\/LogoTELEMMe-horizontal-fond-transparent.png","width":1500,"height":437,"caption":"TELEMMe"},"image":{"@id":"https:\/\/telemme.mmsh.fr\/#\/schema\/logo\/image\/"}},{"@type":"Person","@id":"https:\/\/telemme.mmsh.fr\/#\/schema\/person\/86a185da4836381586528ced48e263f5","name":"Delphine Cavallo","url":"https:\/\/telemme.mmsh.fr\/?author=6"}]}},"_links":{"self":[{"href":"https:\/\/telemme.mmsh.fr\/index.php?rest_route=\/wp\/v2\/posts\/9645","targetHints":{"allow":["GET"]}}],"collection":[{"href":"https:\/\/telemme.mmsh.fr\/index.php?rest_route=\/wp\/v2\/posts"}],"about":[{"href":"https:\/\/telemme.mmsh.fr\/index.php?rest_route=\/wp\/v2\/types\/post"}],"author":[{"embeddable":true,"href":"https:\/\/telemme.mmsh.fr\/index.php?rest_route=\/wp\/v2\/users\/6"}],"replies":[{"embeddable":true,"href":"https:\/\/telemme.mmsh.fr\/index.php?rest_route=%2Fwp%2Fv2%2Fcomments&post=9645"}],"version-history":[{"count":13,"href":"https:\/\/telemme.mmsh.fr\/index.php?rest_route=\/wp\/v2\/posts\/9645\/revisions"}],"predecessor-version":[{"id":9660,"href":"https:\/\/telemme.mmsh.fr\/index.php?rest_route=\/wp\/v2\/posts\/9645\/revisions\/9660"}],"wp:featuredmedia":[{"embeddable":true,"href":"https:\/\/telemme.mmsh.fr\/index.php?rest_route=\/wp\/v2\/media\/9648"}],"wp:attachment":[{"href":"https:\/\/telemme.mmsh.fr\/index.php?rest_route=%2Fwp%2Fv2%2Fmedia&parent=9645"}],"wp:term":[{"taxonomy":"category","embeddable":true,"href":"https:\/\/telemme.mmsh.fr\/index.php?rest_route=%2Fwp%2Fv2%2Fcategories&post=9645"},{"taxonomy":"post_tag","embeddable":true,"href":"https:\/\/telemme.mmsh.fr\/index.php?rest_route=%2Fwp%2Fv2%2Ftags&post=9645"}],"curies":[{"name":"wp","href":"https:\/\/api.w.org\/{rel}","templated":true}]}}