{"id":9591,"date":"2021-09-23T08:54:00","date_gmt":"2021-09-23T06:54:00","guid":{"rendered":"https:\/\/telemme.mmsh.fr\/?p=9591"},"modified":"2021-09-17T11:54:53","modified_gmt":"2021-09-17T09:54:53","slug":"les-petites-iles-de-mediterranee-occidentale","status":"publish","type":"post","link":"https:\/\/telemme.mmsh.fr\/?p=9591","title":{"rendered":"Les petites \u00eeles de M\u00e9diterran\u00e9e occidentale"},"content":{"rendered":"\n<blockquote class=\"wp-block-quote is-layout-flow wp-block-quote-is-layout-flow\"><p><strong><em><a href=\"https:\/\/editionsgaussen.wordpress.com\/\">Les petites \u00eeles de M\u00e9diterran\u00e9e occidentale. Histoire, culture, patrimoine<\/a><\/em><\/strong>, sous la direction de\u00a0Brigitte Marin, \u00c9ditions Gaussen, 325 pages<\/p><\/blockquote>\n\n\n\n<p>Si les grandes \u00eeles de la M\u00e9diterran\u00e9e occidentale, la Corse, la Sardaigne, la Sicile, ou encore Malte, sont bien connues, ainsi que les archipels les plus denses, comme les Bal\u00e9ares, ces terres sont loin d\u00b4\u00e9puiser les figures de l\u00b4insularit\u00e9. La M\u00e9diterran\u00e9e se caract\u00e9rise en effet par ses innombrables \u00eeles mineures et ses \u00eelots : pas moins d\u00b4un millier, d\u00b4une superficie inf\u00e9rieure \u00e0 mille hectares, ont \u00e9t\u00e9 inventori\u00e9s dans sa seule partie occidentale par le Conservatoire du littoral, dans le cadre de l\u00b4Initiative \u00ab Petites Iles de M\u00e9diterran\u00e9e \u00bb, qui promeut la pr\u00e9servation de ces territoires micro-insulaires. Ce volume retrace, de la pr\u00e9histoire \u00e0 nos jours, l\u00b4histoire heurt\u00e9e de leur occupation humaine, permanente ou occasionnelle, et des usages de leurs ressources, en synth\u00e9tisant des connaissances \u00e9parses, en illustrant, sur des dizaines de cas d\u00b4\u00e9tude, leurs traits originaux. Le lecteur d\u00e9couvrira la richesse de ces conservatoires de biodiversit\u00e9, mais aussi de cultures mat\u00e9rielles, de styles de vie, de r\u00e9cits et de m\u00e9moires qui constituent des patrimoines tirant leurs particularit\u00e9s des conditions g\u00e9ographiques, topographiques et environnementales de chacune de ces \u00eeles. L\u00b4histoire des interactions entre l\u00b4homme et ces milieux m\u00e9diterran\u00e9ens est abord\u00e9e sous ses multiples aspects, de la pr\u00e9carit\u00e9 de la vie aux larges horizons de la navigation et des \u00e9changes, de la r\u00e9clusion \u00e0 l\u00b4hospitalit\u00e9, de la mise en valeur des terres \u00e0 l\u00b4\u00e9conomie touristique, de la p\u00eache traditionnelle \u00e0 la mise en place des aires prot\u00e9g\u00e9es, de l\u00b4exploitation des minerais et des v\u00e9g\u00e9taux aux l\u00e9gendes et \u00e0 l\u00b4inspiration litt\u00e9raire. Un vaste domaine d\u00b4\u00e9tude \u00e0 explorer et un monde \u00e0 d\u00e9couvrir.<\/p>\n","protected":false},"excerpt":{"rendered":"<p>Les petites \u00eeles de M\u00e9diterran\u00e9e occidentale. Histoire, culture, patrimoine, sous la direction de\u00a0Brigitte Marin, \u00c9ditions Gaussen, 325 pages Si les grandes \u00eeles de la M\u00e9diterran\u00e9e occidentale, la Corse, la Sardaigne,&hellip;&nbsp;<a href=\"https:\/\/telemme.mmsh.fr\/?p=9591\" rel=\"bookmark\">Lire la suite &raquo;<span class=\"screen-reader-text\">Les petites \u00eeles de M\u00e9diterran\u00e9e occidentale<\/span><\/a><\/p>\n","protected":false},"author":6,"featured_media":9592,"comment_status":"closed","ping_status":"closed","sticky":false,"template":"","format":"standard","meta":{"neve_meta_sidebar":"","neve_meta_container":"","neve_meta_enable_content_width":"","neve_meta_content_width":0,"neve_meta_title_alignment":"","neve_meta_author_avatar":"","neve_post_elements_order":"","neve_meta_disable_header":"","neve_meta_disable_footer":"","neve_meta_disable_title":"","_tribe_events_control_status":"","_tribe_events_control_status_canceled_reason":"","_tribe_events_control_status_postponed_reason":"","_tribe_events_control_online":"","_tribe_events_control_online_url":"","footnotes":""},"categories":[1742],"tags":[2193,1930],"class_list":["post-9591","post","type-post","status-publish","format-standard","has-post-thumbnail","hentry","category-dir-ouvrage","tag-iles","tag-mediterranee"],"yoast_head":"<!-- This site is optimized with the Yoast SEO plugin v27.4 - https:\/\/yoast.com\/product\/yoast-seo-wordpress\/ -->\n<title>Les petites \u00eeles de M\u00e9diterran\u00e9e occidentale - TELEMMe - Temps, espaces, langages, Europe m\u00e9ridionale, M\u00e9diterran\u00e9e<\/title>\n<meta name=\"description\" content=\"Parution de Les petites \u00eeles de M\u00e9diterran\u00e9e occidentale. Histoire, culture, patrimoine, sous la direction de\u00a0Brigitte Marin, \u00c9ditions Gaussen, 325 pages\" \/>\n<meta name=\"robots\" content=\"index, follow, max-snippet:-1, max-image-preview:large, max-video-preview:-1\" \/>\n<link rel=\"canonical\" href=\"https:\/\/telemme.mmsh.fr\/?p=9591\" \/>\n<meta property=\"og:locale\" content=\"fr_FR\" \/>\n<meta property=\"og:type\" content=\"article\" \/>\n<meta property=\"og:title\" content=\"Les petites \u00eeles de M\u00e9diterran\u00e9e occidentale - TELEMMe - Temps, espaces, langages, Europe m\u00e9ridionale, M\u00e9diterran\u00e9e\" \/>\n<meta property=\"og:description\" content=\"Parution de Les petites \u00eeles de M\u00e9diterran\u00e9e occidentale. Histoire, culture, patrimoine, sous la direction de\u00a0Brigitte Marin, \u00c9ditions Gaussen, 325 pages\" \/>\n<meta property=\"og:url\" content=\"https:\/\/telemme.mmsh.fr\/?p=9591\" \/>\n<meta property=\"og:site_name\" content=\"TELEMMe - Temps, espaces, langages, Europe m\u00e9ridionale, M\u00e9diterran\u00e9e\" \/>\n<meta property=\"article:published_time\" content=\"2021-09-23T06:54:00+00:00\" \/>\n<meta property=\"og:image\" content=\"https:\/\/telemme.mmsh.fr\/wp-content\/uploads\/2021\/09\/51tg7kBmnnS._SX436_BO1204203200_.jpg\" \/>\n\t<meta property=\"og:image:width\" content=\"438\" \/>\n\t<meta property=\"og:image:height\" content=\"500\" \/>\n\t<meta property=\"og:image:type\" content=\"image\/jpeg\" \/>\n<meta name=\"author\" content=\"Delphine Cavallo\" \/>\n<meta name=\"twitter:card\" content=\"summary_large_image\" \/>\n<meta name=\"twitter:label1\" content=\"\u00c9crit par\" \/>\n\t<meta name=\"twitter:data1\" content=\"Delphine Cavallo\" \/>\n\t<meta name=\"twitter:label2\" content=\"Dur\u00e9e de lecture estim\u00e9e\" \/>\n\t<meta name=\"twitter:data2\" content=\"2 minutes\" \/>\n<script type=\"application\/ld+json\" class=\"yoast-schema-graph\">{\"@context\":\"https:\\\/\\\/schema.org\",\"@graph\":[{\"@type\":\"Article\",\"@id\":\"https:\\\/\\\/telemme.mmsh.fr\\\/?p=9591#article\",\"isPartOf\":{\"@id\":\"https:\\\/\\\/telemme.mmsh.fr\\\/?p=9591\"},\"author\":{\"name\":\"Delphine Cavallo\",\"@id\":\"https:\\\/\\\/telemme.mmsh.fr\\\/#\\\/schema\\\/person\\\/86a185da4836381586528ced48e263f5\"},\"headline\":\"Les petites \u00eeles de M\u00e9diterran\u00e9e occidentale\",\"datePublished\":\"2021-09-23T06:54:00+00:00\",\"mainEntityOfPage\":{\"@id\":\"https:\\\/\\\/telemme.mmsh.fr\\\/?p=9591\"},\"wordCount\":323,\"publisher\":{\"@id\":\"https:\\\/\\\/telemme.mmsh.fr\\\/#organization\"},\"image\":{\"@id\":\"https:\\\/\\\/telemme.mmsh.fr\\\/?p=9591#primaryimage\"},\"thumbnailUrl\":\"https:\\\/\\\/telemme.mmsh.fr\\\/wp-content\\\/uploads\\\/2021\\\/09\\\/51tg7kBmnnS._SX436_BO1204203200_.jpg\",\"keywords\":[\"\u00eeles\",\"M\u00e9diterran\u00e9e\"],\"articleSection\":[\"Directions d'ouvrage\"],\"inLanguage\":\"fr-FR\"},{\"@type\":\"WebPage\",\"@id\":\"https:\\\/\\\/telemme.mmsh.fr\\\/?p=9591\",\"url\":\"https:\\\/\\\/telemme.mmsh.fr\\\/?p=9591\",\"name\":\"Les petites \u00eeles de M\u00e9diterran\u00e9e occidentale - TELEMMe - Temps, espaces, langages, Europe m\u00e9ridionale, M\u00e9diterran\u00e9e\",\"isPartOf\":{\"@id\":\"https:\\\/\\\/telemme.mmsh.fr\\\/#website\"},\"primaryImageOfPage\":{\"@id\":\"https:\\\/\\\/telemme.mmsh.fr\\\/?p=9591#primaryimage\"},\"image\":{\"@id\":\"https:\\\/\\\/telemme.mmsh.fr\\\/?p=9591#primaryimage\"},\"thumbnailUrl\":\"https:\\\/\\\/telemme.mmsh.fr\\\/wp-content\\\/uploads\\\/2021\\\/09\\\/51tg7kBmnnS._SX436_BO1204203200_.jpg\",\"datePublished\":\"2021-09-23T06:54:00+00:00\",\"description\":\"Parution de Les petites \u00eeles de M\u00e9diterran\u00e9e occidentale. Histoire, culture, patrimoine, sous la direction de\u00a0Brigitte Marin, \u00c9ditions Gaussen, 325 pages\",\"breadcrumb\":{\"@id\":\"https:\\\/\\\/telemme.mmsh.fr\\\/?p=9591#breadcrumb\"},\"inLanguage\":\"fr-FR\",\"potentialAction\":[{\"@type\":\"ReadAction\",\"target\":[\"https:\\\/\\\/telemme.mmsh.fr\\\/?p=9591\"]}]},{\"@type\":\"ImageObject\",\"inLanguage\":\"fr-FR\",\"@id\":\"https:\\\/\\\/telemme.mmsh.fr\\\/?p=9591#primaryimage\",\"url\":\"https:\\\/\\\/telemme.mmsh.fr\\\/wp-content\\\/uploads\\\/2021\\\/09\\\/51tg7kBmnnS._SX436_BO1204203200_.jpg\",\"contentUrl\":\"https:\\\/\\\/telemme.mmsh.fr\\\/wp-content\\\/uploads\\\/2021\\\/09\\\/51tg7kBmnnS._SX436_BO1204203200_.jpg\",\"width\":438,\"height\":500,\"caption\":\"Couverture de Les petites \u00eeles de M\u00e9diterran\u00e9e occidentale, sous la direction de Brigitte Marin, \u00e9ditions Gaussen, 2021\"},{\"@type\":\"BreadcrumbList\",\"@id\":\"https:\\\/\\\/telemme.mmsh.fr\\\/?p=9591#breadcrumb\",\"itemListElement\":[{\"@type\":\"ListItem\",\"position\":1,\"name\":\"Accueil\",\"item\":\"https:\\\/\\\/telemme.mmsh.fr\\\/\"},{\"@type\":\"ListItem\",\"position\":2,\"name\":\"Publications\",\"item\":\"https:\\\/\\\/telemme.mmsh.fr\\\/?cat=1738\"},{\"@type\":\"ListItem\",\"position\":3,\"name\":\"Directions d'ouvrage\",\"item\":\"https:\\\/\\\/telemme.mmsh.fr\\\/?cat=1742\"},{\"@type\":\"ListItem\",\"position\":4,\"name\":\"Les petites \u00eeles de M\u00e9diterran\u00e9e occidentale\"}]},{\"@type\":\"WebSite\",\"@id\":\"https:\\\/\\\/telemme.mmsh.fr\\\/#website\",\"url\":\"https:\\\/\\\/telemme.mmsh.fr\\\/\",\"name\":\"TELEMMe - Temps, espaces, langages, Europe m\u00e9ridionale, M\u00e9diterran\u00e9e\",\"description\":\"\",\"publisher\":{\"@id\":\"https:\\\/\\\/telemme.mmsh.fr\\\/#organization\"},\"potentialAction\":[{\"@type\":\"SearchAction\",\"target\":{\"@type\":\"EntryPoint\",\"urlTemplate\":\"https:\\\/\\\/telemme.mmsh.fr\\\/?s={search_term_string}\"},\"query-input\":{\"@type\":\"PropertyValueSpecification\",\"valueRequired\":true,\"valueName\":\"search_term_string\"}}],\"inLanguage\":\"fr-FR\"},{\"@type\":\"Organization\",\"@id\":\"https:\\\/\\\/telemme.mmsh.fr\\\/#organization\",\"name\":\"TELEMMe\",\"url\":\"https:\\\/\\\/telemme.mmsh.fr\\\/\",\"logo\":{\"@type\":\"ImageObject\",\"inLanguage\":\"fr-FR\",\"@id\":\"https:\\\/\\\/telemme.mmsh.fr\\\/#\\\/schema\\\/logo\\\/image\\\/\",\"url\":\"https:\\\/\\\/telemme.mmsh.fr\\\/wp-content\\\/uploads\\\/2020\\\/03\\\/LogoTELEMMe-horizontal-fond-transparent.png\",\"contentUrl\":\"https:\\\/\\\/telemme.mmsh.fr\\\/wp-content\\\/uploads\\\/2020\\\/03\\\/LogoTELEMMe-horizontal-fond-transparent.png\",\"width\":1500,\"height\":437,\"caption\":\"TELEMMe\"},\"image\":{\"@id\":\"https:\\\/\\\/telemme.mmsh.fr\\\/#\\\/schema\\\/logo\\\/image\\\/\"}},{\"@type\":\"Person\",\"@id\":\"https:\\\/\\\/telemme.mmsh.fr\\\/#\\\/schema\\\/person\\\/86a185da4836381586528ced48e263f5\",\"name\":\"Delphine Cavallo\",\"url\":\"https:\\\/\\\/telemme.mmsh.fr\\\/?author=6\"}]}<\/script>\n<!-- \/ Yoast SEO plugin. -->","yoast_head_json":{"title":"Les petites \u00eeles de M\u00e9diterran\u00e9e occidentale - TELEMMe - Temps, espaces, langages, Europe m\u00e9ridionale, M\u00e9diterran\u00e9e","description":"Parution de Les petites \u00eeles de M\u00e9diterran\u00e9e occidentale. Histoire, culture, patrimoine, sous la direction de\u00a0Brigitte Marin, \u00c9ditions Gaussen, 325 pages","robots":{"index":"index","follow":"follow","max-snippet":"max-snippet:-1","max-image-preview":"max-image-preview:large","max-video-preview":"max-video-preview:-1"},"canonical":"https:\/\/telemme.mmsh.fr\/?p=9591","og_locale":"fr_FR","og_type":"article","og_title":"Les petites \u00eeles de M\u00e9diterran\u00e9e occidentale - TELEMMe - Temps, espaces, langages, Europe m\u00e9ridionale, M\u00e9diterran\u00e9e","og_description":"Parution de Les petites \u00eeles de M\u00e9diterran\u00e9e occidentale. Histoire, culture, patrimoine, sous la direction de\u00a0Brigitte Marin, \u00c9ditions Gaussen, 325 pages","og_url":"https:\/\/telemme.mmsh.fr\/?p=9591","og_site_name":"TELEMMe - Temps, espaces, langages, Europe m\u00e9ridionale, M\u00e9diterran\u00e9e","article_published_time":"2021-09-23T06:54:00+00:00","og_image":[{"width":438,"height":500,"url":"https:\/\/telemme.mmsh.fr\/wp-content\/uploads\/2021\/09\/51tg7kBmnnS._SX436_BO1204203200_.jpg","type":"image\/jpeg"}],"author":"Delphine Cavallo","twitter_card":"summary_large_image","twitter_misc":{"\u00c9crit par":"Delphine Cavallo","Dur\u00e9e de lecture estim\u00e9e":"2 minutes"},"schema":{"@context":"https:\/\/schema.org","@graph":[{"@type":"Article","@id":"https:\/\/telemme.mmsh.fr\/?p=9591#article","isPartOf":{"@id":"https:\/\/telemme.mmsh.fr\/?p=9591"},"author":{"name":"Delphine Cavallo","@id":"https:\/\/telemme.mmsh.fr\/#\/schema\/person\/86a185da4836381586528ced48e263f5"},"headline":"Les petites \u00eeles de M\u00e9diterran\u00e9e occidentale","datePublished":"2021-09-23T06:54:00+00:00","mainEntityOfPage":{"@id":"https:\/\/telemme.mmsh.fr\/?p=9591"},"wordCount":323,"publisher":{"@id":"https:\/\/telemme.mmsh.fr\/#organization"},"image":{"@id":"https:\/\/telemme.mmsh.fr\/?p=9591#primaryimage"},"thumbnailUrl":"https:\/\/telemme.mmsh.fr\/wp-content\/uploads\/2021\/09\/51tg7kBmnnS._SX436_BO1204203200_.jpg","keywords":["\u00eeles","M\u00e9diterran\u00e9e"],"articleSection":["Directions d'ouvrage"],"inLanguage":"fr-FR"},{"@type":"WebPage","@id":"https:\/\/telemme.mmsh.fr\/?p=9591","url":"https:\/\/telemme.mmsh.fr\/?p=9591","name":"Les petites \u00eeles de M\u00e9diterran\u00e9e occidentale - TELEMMe - Temps, espaces, langages, Europe m\u00e9ridionale, M\u00e9diterran\u00e9e","isPartOf":{"@id":"https:\/\/telemme.mmsh.fr\/#website"},"primaryImageOfPage":{"@id":"https:\/\/telemme.mmsh.fr\/?p=9591#primaryimage"},"image":{"@id":"https:\/\/telemme.mmsh.fr\/?p=9591#primaryimage"},"thumbnailUrl":"https:\/\/telemme.mmsh.fr\/wp-content\/uploads\/2021\/09\/51tg7kBmnnS._SX436_BO1204203200_.jpg","datePublished":"2021-09-23T06:54:00+00:00","description":"Parution de Les petites \u00eeles de M\u00e9diterran\u00e9e occidentale. Histoire, culture, patrimoine, sous la direction de\u00a0Brigitte Marin, \u00c9ditions Gaussen, 325 pages","breadcrumb":{"@id":"https:\/\/telemme.mmsh.fr\/?p=9591#breadcrumb"},"inLanguage":"fr-FR","potentialAction":[{"@type":"ReadAction","target":["https:\/\/telemme.mmsh.fr\/?p=9591"]}]},{"@type":"ImageObject","inLanguage":"fr-FR","@id":"https:\/\/telemme.mmsh.fr\/?p=9591#primaryimage","url":"https:\/\/telemme.mmsh.fr\/wp-content\/uploads\/2021\/09\/51tg7kBmnnS._SX436_BO1204203200_.jpg","contentUrl":"https:\/\/telemme.mmsh.fr\/wp-content\/uploads\/2021\/09\/51tg7kBmnnS._SX436_BO1204203200_.jpg","width":438,"height":500,"caption":"Couverture de Les petites \u00eeles de M\u00e9diterran\u00e9e occidentale, sous la direction de Brigitte Marin, \u00e9ditions Gaussen, 2021"},{"@type":"BreadcrumbList","@id":"https:\/\/telemme.mmsh.fr\/?p=9591#breadcrumb","itemListElement":[{"@type":"ListItem","position":1,"name":"Accueil","item":"https:\/\/telemme.mmsh.fr\/"},{"@type":"ListItem","position":2,"name":"Publications","item":"https:\/\/telemme.mmsh.fr\/?cat=1738"},{"@type":"ListItem","position":3,"name":"Directions d'ouvrage","item":"https:\/\/telemme.mmsh.fr\/?cat=1742"},{"@type":"ListItem","position":4,"name":"Les petites \u00eeles de M\u00e9diterran\u00e9e occidentale"}]},{"@type":"WebSite","@id":"https:\/\/telemme.mmsh.fr\/#website","url":"https:\/\/telemme.mmsh.fr\/","name":"TELEMMe - Temps, espaces, langages, Europe m\u00e9ridionale, M\u00e9diterran\u00e9e","description":"","publisher":{"@id":"https:\/\/telemme.mmsh.fr\/#organization"},"potentialAction":[{"@type":"SearchAction","target":{"@type":"EntryPoint","urlTemplate":"https:\/\/telemme.mmsh.fr\/?s={search_term_string}"},"query-input":{"@type":"PropertyValueSpecification","valueRequired":true,"valueName":"search_term_string"}}],"inLanguage":"fr-FR"},{"@type":"Organization","@id":"https:\/\/telemme.mmsh.fr\/#organization","name":"TELEMMe","url":"https:\/\/telemme.mmsh.fr\/","logo":{"@type":"ImageObject","inLanguage":"fr-FR","@id":"https:\/\/telemme.mmsh.fr\/#\/schema\/logo\/image\/","url":"https:\/\/telemme.mmsh.fr\/wp-content\/uploads\/2020\/03\/LogoTELEMMe-horizontal-fond-transparent.png","contentUrl":"https:\/\/telemme.mmsh.fr\/wp-content\/uploads\/2020\/03\/LogoTELEMMe-horizontal-fond-transparent.png","width":1500,"height":437,"caption":"TELEMMe"},"image":{"@id":"https:\/\/telemme.mmsh.fr\/#\/schema\/logo\/image\/"}},{"@type":"Person","@id":"https:\/\/telemme.mmsh.fr\/#\/schema\/person\/86a185da4836381586528ced48e263f5","name":"Delphine Cavallo","url":"https:\/\/telemme.mmsh.fr\/?author=6"}]}},"_links":{"self":[{"href":"https:\/\/telemme.mmsh.fr\/index.php?rest_route=\/wp\/v2\/posts\/9591","targetHints":{"allow":["GET"]}}],"collection":[{"href":"https:\/\/telemme.mmsh.fr\/index.php?rest_route=\/wp\/v2\/posts"}],"about":[{"href":"https:\/\/telemme.mmsh.fr\/index.php?rest_route=\/wp\/v2\/types\/post"}],"author":[{"embeddable":true,"href":"https:\/\/telemme.mmsh.fr\/index.php?rest_route=\/wp\/v2\/users\/6"}],"replies":[{"embeddable":true,"href":"https:\/\/telemme.mmsh.fr\/index.php?rest_route=%2Fwp%2Fv2%2Fcomments&post=9591"}],"version-history":[{"count":1,"href":"https:\/\/telemme.mmsh.fr\/index.php?rest_route=\/wp\/v2\/posts\/9591\/revisions"}],"predecessor-version":[{"id":9593,"href":"https:\/\/telemme.mmsh.fr\/index.php?rest_route=\/wp\/v2\/posts\/9591\/revisions\/9593"}],"wp:featuredmedia":[{"embeddable":true,"href":"https:\/\/telemme.mmsh.fr\/index.php?rest_route=\/wp\/v2\/media\/9592"}],"wp:attachment":[{"href":"https:\/\/telemme.mmsh.fr\/index.php?rest_route=%2Fwp%2Fv2%2Fmedia&parent=9591"}],"wp:term":[{"taxonomy":"category","embeddable":true,"href":"https:\/\/telemme.mmsh.fr\/index.php?rest_route=%2Fwp%2Fv2%2Fcategories&post=9591"},{"taxonomy":"post_tag","embeddable":true,"href":"https:\/\/telemme.mmsh.fr\/index.php?rest_route=%2Fwp%2Fv2%2Ftags&post=9591"}],"curies":[{"name":"wp","href":"https:\/\/api.w.org\/{rel}","templated":true}]}}