{"id":9588,"date":"2021-09-17T11:28:00","date_gmt":"2021-09-17T09:28:00","guid":{"rendered":"https:\/\/telemme.mmsh.fr\/?p=9588"},"modified":"2021-09-17T11:28:55","modified_gmt":"2021-09-17T09:28:55","slug":"laffaire-poerio-1851-1859","status":"publish","type":"post","link":"https:\/\/telemme.mmsh.fr\/?p=9588","title":{"rendered":"L\u2019affaire Poerio (1851-1859)"},"content":{"rendered":"\n<blockquote class=\"wp-block-quote is-layout-flow wp-block-quote-is-layout-flow\"><p><em><strong><a href=\"https:\/\/www.cnrseditions.fr\/catalogue\/histoire\/l-affaire-poerio-1851-1859\/\">L\u2019affaire Poerio (1851-1859). La fabrique d\u2019un martyr r\u00e9volutionnaire europ\u00e9en (1850-1860)<\/a><\/strong><\/em>, Pierre-Marie Delpu, CNRS \u00e9ditions, 2021, 264 pages<\/p><\/blockquote>\n\n\n\n<p>Figure du mouvement lib\u00e9ral napolitain, opposant au pouvoir de Ferdinand II, Carlo Poerio est emprisonn\u00e9 lors de la r\u00e9volution de 1848. Alors que les souffrances endur\u00e9es par le d\u00e9tenu politique et ses compagnons d\u2019infortune sont rapidement connues \u00e0 l\u2019ext\u00e9rieur du royaume des Deux-Siciles, Poerio devient une personnalit\u00e9 incontournable de l\u2019actualit\u00e9 politique europ\u00e9enne et s\u2019impose comme la figure m\u00eame du martyr la\u00efque r\u00e9volutionnaire.<br>La presse, notamment britannique, participe largement de cette fabrique en diffusant r\u00e9guli\u00e8rement des nouvelles du Napolitain, pr\u00e9sent\u00e9 en patriote vertueux victime des pratiques carc\u00e9rales brutales et inhumaines, propres, dans les imaginaires occidentaux, aux seules monarchies orientales. Pierre-Marie Delpu interroge les acteurs, r\u00e9seaux, supports qui ont permis de cr\u00e9er et d\u2019entretenir pendant pr\u00e8s de dix ann\u00e9es cette affaire, les actions initi\u00e9es pour porter secours au prisonnier, comme les usages et r\u00e9cup\u00e9rations dont il est l\u2019objet. Cette histoire, \u00e0 l\u2019intersection de la construction nationale de l\u2019Italie et des recompositions des mouvements politiques europ\u00e9ens apr\u00e8s 1848, consacre un r\u00e9gime \u00e9motionnel nouveau dans lequel les questions morales et humanitaires dominent et l\u2019indignation et la commis\u00e9ration suscitent de vastes mobilisations.<\/p>\n","protected":false},"excerpt":{"rendered":"<p>L\u2019affaire Poerio (1851-1859). La fabrique d\u2019un martyr r\u00e9volutionnaire europ\u00e9en (1850-1860), Pierre-Marie Delpu, CNRS \u00e9ditions, 2021, 264 pages Figure du mouvement lib\u00e9ral napolitain, opposant au pouvoir de Ferdinand II, Carlo Poerio&hellip;&nbsp;<a href=\"https:\/\/telemme.mmsh.fr\/?p=9588\" rel=\"bookmark\">Lire la suite &raquo;<span class=\"screen-reader-text\">L\u2019affaire Poerio (1851-1859)<\/span><\/a><\/p>\n","protected":false},"author":6,"featured_media":9589,"comment_status":"closed","ping_status":"closed","sticky":false,"template":"","format":"standard","meta":{"neve_meta_sidebar":"","neve_meta_container":"","neve_meta_enable_content_width":"","neve_meta_content_width":0,"neve_meta_title_alignment":"","neve_meta_author_avatar":"","neve_post_elements_order":"","neve_meta_disable_header":"","neve_meta_disable_footer":"","neve_meta_disable_title":"","_tribe_events_control_status":"","_tribe_events_control_status_canceled_reason":"","_tribe_events_control_status_postponed_reason":"","_tribe_events_control_online":"","_tribe_events_control_online_url":"","footnotes":""},"categories":[1740],"tags":[2191,2192],"class_list":["post-9588","post","type-post","status-publish","format-standard","has-post-thumbnail","hentry","category-ouvrages","tag-martyr","tag-revolution"],"yoast_head":"<!-- This site is optimized with the Yoast SEO plugin v27.4 - https:\/\/yoast.com\/product\/yoast-seo-wordpress\/ -->\n<title>L\u2019affaire Poerio (1851-1859) - TELEMMe - Temps, espaces, langages, Europe m\u00e9ridionale, M\u00e9diterran\u00e9e<\/title>\n<meta name=\"description\" content=\"Parution de L\u2019affaire Poerio (1851-1859). La fabrique d\u2019un martyr r\u00e9volutionnaire europ\u00e9en (1850-1860), Pierre-Marie Delpu, CNRS \u00e9ditions, 2021, 264 pages\" \/>\n<meta name=\"robots\" content=\"index, follow, max-snippet:-1, max-image-preview:large, max-video-preview:-1\" \/>\n<link rel=\"canonical\" href=\"https:\/\/telemme.mmsh.fr\/?p=9588\" \/>\n<meta property=\"og:locale\" content=\"fr_FR\" \/>\n<meta property=\"og:type\" content=\"article\" \/>\n<meta property=\"og:title\" content=\"L\u2019affaire Poerio (1851-1859) - TELEMMe - Temps, espaces, langages, Europe m\u00e9ridionale, M\u00e9diterran\u00e9e\" \/>\n<meta property=\"og:description\" content=\"Parution de L\u2019affaire Poerio (1851-1859). La fabrique d\u2019un martyr r\u00e9volutionnaire europ\u00e9en (1850-1860), Pierre-Marie Delpu, CNRS \u00e9ditions, 2021, 264 pages\" \/>\n<meta property=\"og:url\" content=\"https:\/\/telemme.mmsh.fr\/?p=9588\" \/>\n<meta property=\"og:site_name\" content=\"TELEMMe - Temps, espaces, langages, Europe m\u00e9ridionale, M\u00e9diterran\u00e9e\" \/>\n<meta property=\"article:published_time\" content=\"2021-09-17T09:28:00+00:00\" \/>\n<meta property=\"article:modified_time\" content=\"2021-09-17T09:28:55+00:00\" \/>\n<meta property=\"og:image\" content=\"https:\/\/telemme.mmsh.fr\/wp-content\/uploads\/2021\/09\/delpu_poerio.jpg\" \/>\n\t<meta property=\"og:image:width\" content=\"600\" \/>\n\t<meta property=\"og:image:height\" content=\"943\" \/>\n\t<meta property=\"og:image:type\" content=\"image\/jpeg\" \/>\n<meta name=\"author\" content=\"Delphine Cavallo\" \/>\n<meta name=\"twitter:card\" content=\"summary_large_image\" \/>\n<meta name=\"twitter:label1\" content=\"\u00c9crit par\" \/>\n\t<meta name=\"twitter:data1\" content=\"Delphine Cavallo\" \/>\n\t<meta name=\"twitter:label2\" content=\"Dur\u00e9e de lecture estim\u00e9e\" \/>\n\t<meta name=\"twitter:data2\" content=\"1 minute\" \/>\n<script type=\"application\/ld+json\" class=\"yoast-schema-graph\">{\"@context\":\"https:\\\/\\\/schema.org\",\"@graph\":[{\"@type\":\"Article\",\"@id\":\"https:\\\/\\\/telemme.mmsh.fr\\\/?p=9588#article\",\"isPartOf\":{\"@id\":\"https:\\\/\\\/telemme.mmsh.fr\\\/?p=9588\"},\"author\":{\"name\":\"Delphine Cavallo\",\"@id\":\"https:\\\/\\\/telemme.mmsh.fr\\\/#\\\/schema\\\/person\\\/86a185da4836381586528ced48e263f5\"},\"headline\":\"L\u2019affaire Poerio (1851-1859)\",\"datePublished\":\"2021-09-17T09:28:00+00:00\",\"dateModified\":\"2021-09-17T09:28:55+00:00\",\"mainEntityOfPage\":{\"@id\":\"https:\\\/\\\/telemme.mmsh.fr\\\/?p=9588\"},\"wordCount\":229,\"publisher\":{\"@id\":\"https:\\\/\\\/telemme.mmsh.fr\\\/#organization\"},\"image\":{\"@id\":\"https:\\\/\\\/telemme.mmsh.fr\\\/?p=9588#primaryimage\"},\"thumbnailUrl\":\"https:\\\/\\\/telemme.mmsh.fr\\\/wp-content\\\/uploads\\\/2021\\\/09\\\/delpu_poerio.jpg\",\"keywords\":[\"martyr\",\"r\u00e9volution\"],\"articleSection\":[\"Ouvrages\"],\"inLanguage\":\"fr-FR\"},{\"@type\":\"WebPage\",\"@id\":\"https:\\\/\\\/telemme.mmsh.fr\\\/?p=9588\",\"url\":\"https:\\\/\\\/telemme.mmsh.fr\\\/?p=9588\",\"name\":\"L\u2019affaire Poerio (1851-1859) - TELEMMe - Temps, espaces, langages, Europe m\u00e9ridionale, M\u00e9diterran\u00e9e\",\"isPartOf\":{\"@id\":\"https:\\\/\\\/telemme.mmsh.fr\\\/#website\"},\"primaryImageOfPage\":{\"@id\":\"https:\\\/\\\/telemme.mmsh.fr\\\/?p=9588#primaryimage\"},\"image\":{\"@id\":\"https:\\\/\\\/telemme.mmsh.fr\\\/?p=9588#primaryimage\"},\"thumbnailUrl\":\"https:\\\/\\\/telemme.mmsh.fr\\\/wp-content\\\/uploads\\\/2021\\\/09\\\/delpu_poerio.jpg\",\"datePublished\":\"2021-09-17T09:28:00+00:00\",\"dateModified\":\"2021-09-17T09:28:55+00:00\",\"description\":\"Parution de L\u2019affaire Poerio (1851-1859). La fabrique d\u2019un martyr r\u00e9volutionnaire europ\u00e9en (1850-1860), Pierre-Marie Delpu, CNRS \u00e9ditions, 2021, 264 pages\",\"breadcrumb\":{\"@id\":\"https:\\\/\\\/telemme.mmsh.fr\\\/?p=9588#breadcrumb\"},\"inLanguage\":\"fr-FR\",\"potentialAction\":[{\"@type\":\"ReadAction\",\"target\":[\"https:\\\/\\\/telemme.mmsh.fr\\\/?p=9588\"]}]},{\"@type\":\"ImageObject\",\"inLanguage\":\"fr-FR\",\"@id\":\"https:\\\/\\\/telemme.mmsh.fr\\\/?p=9588#primaryimage\",\"url\":\"https:\\\/\\\/telemme.mmsh.fr\\\/wp-content\\\/uploads\\\/2021\\\/09\\\/delpu_poerio.jpg\",\"contentUrl\":\"https:\\\/\\\/telemme.mmsh.fr\\\/wp-content\\\/uploads\\\/2021\\\/09\\\/delpu_poerio.jpg\",\"width\":600,\"height\":943,\"caption\":\"Couverture de L\u2019affaire Poerio (1851-1859) La fabrique d\u2019un martyr r\u00e9volutionnaire europ\u00e9en (1850-1860), Pierre-Marie Delpu, CNRS \u00e9ditions, 2021\"},{\"@type\":\"BreadcrumbList\",\"@id\":\"https:\\\/\\\/telemme.mmsh.fr\\\/?p=9588#breadcrumb\",\"itemListElement\":[{\"@type\":\"ListItem\",\"position\":1,\"name\":\"Accueil\",\"item\":\"https:\\\/\\\/telemme.mmsh.fr\\\/\"},{\"@type\":\"ListItem\",\"position\":2,\"name\":\"Publications\",\"item\":\"https:\\\/\\\/telemme.mmsh.fr\\\/?cat=1738\"},{\"@type\":\"ListItem\",\"position\":3,\"name\":\"Ouvrages\",\"item\":\"https:\\\/\\\/telemme.mmsh.fr\\\/?cat=1740\"},{\"@type\":\"ListItem\",\"position\":4,\"name\":\"L\u2019affaire Poerio (1851-1859)\"}]},{\"@type\":\"WebSite\",\"@id\":\"https:\\\/\\\/telemme.mmsh.fr\\\/#website\",\"url\":\"https:\\\/\\\/telemme.mmsh.fr\\\/\",\"name\":\"TELEMMe - Temps, espaces, langages, Europe m\u00e9ridionale, M\u00e9diterran\u00e9e\",\"description\":\"\",\"publisher\":{\"@id\":\"https:\\\/\\\/telemme.mmsh.fr\\\/#organization\"},\"potentialAction\":[{\"@type\":\"SearchAction\",\"target\":{\"@type\":\"EntryPoint\",\"urlTemplate\":\"https:\\\/\\\/telemme.mmsh.fr\\\/?s={search_term_string}\"},\"query-input\":{\"@type\":\"PropertyValueSpecification\",\"valueRequired\":true,\"valueName\":\"search_term_string\"}}],\"inLanguage\":\"fr-FR\"},{\"@type\":\"Organization\",\"@id\":\"https:\\\/\\\/telemme.mmsh.fr\\\/#organization\",\"name\":\"TELEMMe\",\"url\":\"https:\\\/\\\/telemme.mmsh.fr\\\/\",\"logo\":{\"@type\":\"ImageObject\",\"inLanguage\":\"fr-FR\",\"@id\":\"https:\\\/\\\/telemme.mmsh.fr\\\/#\\\/schema\\\/logo\\\/image\\\/\",\"url\":\"https:\\\/\\\/telemme.mmsh.fr\\\/wp-content\\\/uploads\\\/2020\\\/03\\\/LogoTELEMMe-horizontal-fond-transparent.png\",\"contentUrl\":\"https:\\\/\\\/telemme.mmsh.fr\\\/wp-content\\\/uploads\\\/2020\\\/03\\\/LogoTELEMMe-horizontal-fond-transparent.png\",\"width\":1500,\"height\":437,\"caption\":\"TELEMMe\"},\"image\":{\"@id\":\"https:\\\/\\\/telemme.mmsh.fr\\\/#\\\/schema\\\/logo\\\/image\\\/\"}},{\"@type\":\"Person\",\"@id\":\"https:\\\/\\\/telemme.mmsh.fr\\\/#\\\/schema\\\/person\\\/86a185da4836381586528ced48e263f5\",\"name\":\"Delphine Cavallo\",\"url\":\"https:\\\/\\\/telemme.mmsh.fr\\\/?author=6\"}]}<\/script>\n<!-- \/ Yoast SEO plugin. -->","yoast_head_json":{"title":"L\u2019affaire Poerio (1851-1859) - TELEMMe - Temps, espaces, langages, Europe m\u00e9ridionale, M\u00e9diterran\u00e9e","description":"Parution de L\u2019affaire Poerio (1851-1859). La fabrique d\u2019un martyr r\u00e9volutionnaire europ\u00e9en (1850-1860), Pierre-Marie Delpu, CNRS \u00e9ditions, 2021, 264 pages","robots":{"index":"index","follow":"follow","max-snippet":"max-snippet:-1","max-image-preview":"max-image-preview:large","max-video-preview":"max-video-preview:-1"},"canonical":"https:\/\/telemme.mmsh.fr\/?p=9588","og_locale":"fr_FR","og_type":"article","og_title":"L\u2019affaire Poerio (1851-1859) - TELEMMe - Temps, espaces, langages, Europe m\u00e9ridionale, M\u00e9diterran\u00e9e","og_description":"Parution de L\u2019affaire Poerio (1851-1859). La fabrique d\u2019un martyr r\u00e9volutionnaire europ\u00e9en (1850-1860), Pierre-Marie Delpu, CNRS \u00e9ditions, 2021, 264 pages","og_url":"https:\/\/telemme.mmsh.fr\/?p=9588","og_site_name":"TELEMMe - Temps, espaces, langages, Europe m\u00e9ridionale, M\u00e9diterran\u00e9e","article_published_time":"2021-09-17T09:28:00+00:00","article_modified_time":"2021-09-17T09:28:55+00:00","og_image":[{"width":600,"height":943,"url":"https:\/\/telemme.mmsh.fr\/wp-content\/uploads\/2021\/09\/delpu_poerio.jpg","type":"image\/jpeg"}],"author":"Delphine Cavallo","twitter_card":"summary_large_image","twitter_misc":{"\u00c9crit par":"Delphine Cavallo","Dur\u00e9e de lecture estim\u00e9e":"1 minute"},"schema":{"@context":"https:\/\/schema.org","@graph":[{"@type":"Article","@id":"https:\/\/telemme.mmsh.fr\/?p=9588#article","isPartOf":{"@id":"https:\/\/telemme.mmsh.fr\/?p=9588"},"author":{"name":"Delphine Cavallo","@id":"https:\/\/telemme.mmsh.fr\/#\/schema\/person\/86a185da4836381586528ced48e263f5"},"headline":"L\u2019affaire Poerio (1851-1859)","datePublished":"2021-09-17T09:28:00+00:00","dateModified":"2021-09-17T09:28:55+00:00","mainEntityOfPage":{"@id":"https:\/\/telemme.mmsh.fr\/?p=9588"},"wordCount":229,"publisher":{"@id":"https:\/\/telemme.mmsh.fr\/#organization"},"image":{"@id":"https:\/\/telemme.mmsh.fr\/?p=9588#primaryimage"},"thumbnailUrl":"https:\/\/telemme.mmsh.fr\/wp-content\/uploads\/2021\/09\/delpu_poerio.jpg","keywords":["martyr","r\u00e9volution"],"articleSection":["Ouvrages"],"inLanguage":"fr-FR"},{"@type":"WebPage","@id":"https:\/\/telemme.mmsh.fr\/?p=9588","url":"https:\/\/telemme.mmsh.fr\/?p=9588","name":"L\u2019affaire Poerio (1851-1859) - TELEMMe - Temps, espaces, langages, Europe m\u00e9ridionale, M\u00e9diterran\u00e9e","isPartOf":{"@id":"https:\/\/telemme.mmsh.fr\/#website"},"primaryImageOfPage":{"@id":"https:\/\/telemme.mmsh.fr\/?p=9588#primaryimage"},"image":{"@id":"https:\/\/telemme.mmsh.fr\/?p=9588#primaryimage"},"thumbnailUrl":"https:\/\/telemme.mmsh.fr\/wp-content\/uploads\/2021\/09\/delpu_poerio.jpg","datePublished":"2021-09-17T09:28:00+00:00","dateModified":"2021-09-17T09:28:55+00:00","description":"Parution de L\u2019affaire Poerio (1851-1859). La fabrique d\u2019un martyr r\u00e9volutionnaire europ\u00e9en (1850-1860), Pierre-Marie Delpu, CNRS \u00e9ditions, 2021, 264 pages","breadcrumb":{"@id":"https:\/\/telemme.mmsh.fr\/?p=9588#breadcrumb"},"inLanguage":"fr-FR","potentialAction":[{"@type":"ReadAction","target":["https:\/\/telemme.mmsh.fr\/?p=9588"]}]},{"@type":"ImageObject","inLanguage":"fr-FR","@id":"https:\/\/telemme.mmsh.fr\/?p=9588#primaryimage","url":"https:\/\/telemme.mmsh.fr\/wp-content\/uploads\/2021\/09\/delpu_poerio.jpg","contentUrl":"https:\/\/telemme.mmsh.fr\/wp-content\/uploads\/2021\/09\/delpu_poerio.jpg","width":600,"height":943,"caption":"Couverture de L\u2019affaire Poerio (1851-1859) La fabrique d\u2019un martyr r\u00e9volutionnaire europ\u00e9en (1850-1860), Pierre-Marie Delpu, CNRS \u00e9ditions, 2021"},{"@type":"BreadcrumbList","@id":"https:\/\/telemme.mmsh.fr\/?p=9588#breadcrumb","itemListElement":[{"@type":"ListItem","position":1,"name":"Accueil","item":"https:\/\/telemme.mmsh.fr\/"},{"@type":"ListItem","position":2,"name":"Publications","item":"https:\/\/telemme.mmsh.fr\/?cat=1738"},{"@type":"ListItem","position":3,"name":"Ouvrages","item":"https:\/\/telemme.mmsh.fr\/?cat=1740"},{"@type":"ListItem","position":4,"name":"L\u2019affaire Poerio (1851-1859)"}]},{"@type":"WebSite","@id":"https:\/\/telemme.mmsh.fr\/#website","url":"https:\/\/telemme.mmsh.fr\/","name":"TELEMMe - Temps, espaces, langages, Europe m\u00e9ridionale, M\u00e9diterran\u00e9e","description":"","publisher":{"@id":"https:\/\/telemme.mmsh.fr\/#organization"},"potentialAction":[{"@type":"SearchAction","target":{"@type":"EntryPoint","urlTemplate":"https:\/\/telemme.mmsh.fr\/?s={search_term_string}"},"query-input":{"@type":"PropertyValueSpecification","valueRequired":true,"valueName":"search_term_string"}}],"inLanguage":"fr-FR"},{"@type":"Organization","@id":"https:\/\/telemme.mmsh.fr\/#organization","name":"TELEMMe","url":"https:\/\/telemme.mmsh.fr\/","logo":{"@type":"ImageObject","inLanguage":"fr-FR","@id":"https:\/\/telemme.mmsh.fr\/#\/schema\/logo\/image\/","url":"https:\/\/telemme.mmsh.fr\/wp-content\/uploads\/2020\/03\/LogoTELEMMe-horizontal-fond-transparent.png","contentUrl":"https:\/\/telemme.mmsh.fr\/wp-content\/uploads\/2020\/03\/LogoTELEMMe-horizontal-fond-transparent.png","width":1500,"height":437,"caption":"TELEMMe"},"image":{"@id":"https:\/\/telemme.mmsh.fr\/#\/schema\/logo\/image\/"}},{"@type":"Person","@id":"https:\/\/telemme.mmsh.fr\/#\/schema\/person\/86a185da4836381586528ced48e263f5","name":"Delphine Cavallo","url":"https:\/\/telemme.mmsh.fr\/?author=6"}]}},"_links":{"self":[{"href":"https:\/\/telemme.mmsh.fr\/index.php?rest_route=\/wp\/v2\/posts\/9588","targetHints":{"allow":["GET"]}}],"collection":[{"href":"https:\/\/telemme.mmsh.fr\/index.php?rest_route=\/wp\/v2\/posts"}],"about":[{"href":"https:\/\/telemme.mmsh.fr\/index.php?rest_route=\/wp\/v2\/types\/post"}],"author":[{"embeddable":true,"href":"https:\/\/telemme.mmsh.fr\/index.php?rest_route=\/wp\/v2\/users\/6"}],"replies":[{"embeddable":true,"href":"https:\/\/telemme.mmsh.fr\/index.php?rest_route=%2Fwp%2Fv2%2Fcomments&post=9588"}],"version-history":[{"count":1,"href":"https:\/\/telemme.mmsh.fr\/index.php?rest_route=\/wp\/v2\/posts\/9588\/revisions"}],"predecessor-version":[{"id":9590,"href":"https:\/\/telemme.mmsh.fr\/index.php?rest_route=\/wp\/v2\/posts\/9588\/revisions\/9590"}],"wp:featuredmedia":[{"embeddable":true,"href":"https:\/\/telemme.mmsh.fr\/index.php?rest_route=\/wp\/v2\/media\/9589"}],"wp:attachment":[{"href":"https:\/\/telemme.mmsh.fr\/index.php?rest_route=%2Fwp%2Fv2%2Fmedia&parent=9588"}],"wp:term":[{"taxonomy":"category","embeddable":true,"href":"https:\/\/telemme.mmsh.fr\/index.php?rest_route=%2Fwp%2Fv2%2Fcategories&post=9588"},{"taxonomy":"post_tag","embeddable":true,"href":"https:\/\/telemme.mmsh.fr\/index.php?rest_route=%2Fwp%2Fv2%2Ftags&post=9588"}],"curies":[{"name":"wp","href":"https:\/\/api.w.org\/{rel}","templated":true}]}}