{"id":9583,"date":"2021-09-17T11:13:00","date_gmt":"2021-09-17T09:13:00","guid":{"rendered":"https:\/\/telemme.mmsh.fr\/?p=9583"},"modified":"2022-01-04T11:15:30","modified_gmt":"2022-01-04T10:15:30","slug":"lhistoire-portuaire-marseillaise-en-chantier","status":"publish","type":"post","link":"https:\/\/telemme.mmsh.fr\/?p=9583","title":{"rendered":"L\u2019histoire portuaire marseillaise en chantier"},"content":{"rendered":"\n<blockquote class=\"wp-block-quote is-layout-flow wp-block-quote-is-layout-flow\" id=\"page-title\"><p><em><a href=\"https:\/\/presses-universitaires.univ-amu.fr\/lhistoire-portuaire-marseillaise-chantier\"><strong>L\u2019histoire portuaire marseillaise en chantier. Espaces, fonctions et repr\u00e9sentations XVIIe-XXIe si\u00e8cle<\/strong><\/a><\/em>, sous la direction de Fabien Bartolotti, Xavier Daumalin, Olivier Raveux, Presses universitaires de Provence, Collection \u00ab\u00a0Le temps de l&rsquo;histoire\u00a0\u00bb, 2021, 258 pages<\/p><\/blockquote>\n\n\n\n<p>Largement ouvert sur le monde depuis le XVIIIe si\u00e8cle, soucieux de demeurer une escale pertinente dans des \u00e9changes maritimes internationaux de plus en plus intenses, concurrentiels et volatils, le port de Marseille a connu, au cours des derniers si\u00e8cles, des \u00e9volutions qui ont profond\u00e9ment affect\u00e9 ses espaces de fonctionnement, ses infrastructures, ses fonctions et son mode d\u2019administration. De l\u2019anse du Lacydon \u2013 l\u2019actuel Vieux-Port \u2013 jusqu\u2019aux extensions situ\u00e9es en dehors de la ville \u00e0 Lav\u00e9ra et Fos-sur-Mer, en passant par les installations intramuros align\u00e9es entre la Joliette et l\u2019Estaque, des arrivages de mati\u00e8res premi\u00e8res agricoles et min\u00e9rales coloniales aux touch\u00e9es des supertankers charg\u00e9s de p\u00e9trole brut, des palanqu\u00e9es de marchandises manutentionn\u00e9es \u00e0 la force des bras aux terminaux de conteneurs hyper-m\u00e9canis\u00e9s, des pr\u00e9rogatives des milieux d\u2019affaires locaux \u2013 regroup\u00e9s au sein de la Chambre de commerce \u2013, au r\u00f4le grandissant de l\u2019\u00c9tat dans l\u2019am\u00e9nagement et la gestion des quais, chacune de ces transformations a engendr\u00e9 des paysages portuaires singuliers, avec leur lot de techniques, de pratiques, de strat\u00e9gies, de n\u00e9gociations d\u2019acteurs et de repr\u00e9sentations. Cet ouvrage nous plonge au c\u0153ur d\u2019une trajectoire portuaire toujours tendue vers l\u2019avenir, dense, complexe, forte d\u2019une histoire riche en rebondissements et en contrepieds, sous les regards crois\u00e9s et interactifs d\u2019anciens acteurs, de t\u00e9moins et de chercheurs issus de plusieurs disciplines universitaires<\/p>\n","protected":false},"excerpt":{"rendered":"<p>L\u2019histoire portuaire marseillaise en chantier. Espaces, fonctions et repr\u00e9sentations XVIIe-XXIe si\u00e8cle, sous la direction de Fabien Bartolotti, Xavier Daumalin, Olivier Raveux, Presses universitaires de Provence, Collection Le temps de l&rsquo;histoire, 2021, 258 pages<\/p>\n","protected":false},"author":6,"featured_media":9585,"comment_status":"closed","ping_status":"closed","sticky":false,"template":"","format":"standard","meta":{"neve_meta_sidebar":"","neve_meta_container":"","neve_meta_enable_content_width":"","neve_meta_content_width":0,"neve_meta_title_alignment":"","neve_meta_author_avatar":"","neve_post_elements_order":"","neve_meta_disable_header":"","neve_meta_disable_footer":"","neve_meta_disable_title":"","_tribe_events_control_status":"","_tribe_events_control_status_canceled_reason":"","_tribe_events_control_status_postponed_reason":"","_tribe_events_control_online":"","_tribe_events_control_online_url":"","footnotes":""},"categories":[1742],"tags":[1926,1991],"class_list":["post-9583","post","type-post","status-publish","format-standard","has-post-thumbnail","hentry","category-dir-ouvrage","tag-marseille","tag-port"],"yoast_head":"<!-- This site is optimized with the Yoast SEO plugin v27.4 - https:\/\/yoast.com\/product\/yoast-seo-wordpress\/ -->\n<title>L\u2019histoire portuaire marseillaise en chantier - TELEMMe - Temps, espaces, langages, Europe m\u00e9ridionale, M\u00e9diterran\u00e9e<\/title>\n<meta name=\"description\" content=\"Parution de L\u2019histoire portuaire marseillaise en chantier. Espaces, fonctions et repr\u00e9sentations XVIIe-XXIe si\u00e8cle, sous la direction de Fabien Bartolotti, Xavier Daumalin, Olivier Raveux, Presses universitaires de Provence, Collection Le temps de l&#039;histoire, 2021, 258 pages\" \/>\n<meta name=\"robots\" content=\"index, follow, max-snippet:-1, max-image-preview:large, max-video-preview:-1\" \/>\n<link rel=\"canonical\" href=\"https:\/\/telemme.mmsh.fr\/?p=9583\" \/>\n<meta property=\"og:locale\" content=\"fr_FR\" \/>\n<meta property=\"og:type\" content=\"article\" \/>\n<meta property=\"og:title\" content=\"L\u2019histoire portuaire marseillaise en chantier - TELEMMe - Temps, espaces, langages, Europe m\u00e9ridionale, M\u00e9diterran\u00e9e\" \/>\n<meta property=\"og:description\" content=\"Parution de L\u2019histoire portuaire marseillaise en chantier. Espaces, fonctions et repr\u00e9sentations XVIIe-XXIe si\u00e8cle, sous la direction de Fabien Bartolotti, Xavier Daumalin, Olivier Raveux, Presses universitaires de Provence, Collection Le temps de l&#039;histoire, 2021, 258 pages\" \/>\n<meta property=\"og:url\" content=\"https:\/\/telemme.mmsh.fr\/?p=9583\" \/>\n<meta property=\"og:site_name\" content=\"TELEMMe - Temps, espaces, langages, Europe m\u00e9ridionale, M\u00e9diterran\u00e9e\" \/>\n<meta property=\"article:published_time\" content=\"2021-09-17T09:13:00+00:00\" \/>\n<meta property=\"article:modified_time\" content=\"2022-01-04T10:15:30+00:00\" \/>\n<meta property=\"og:image\" content=\"https:\/\/telemme.mmsh.fr\/wp-content\/uploads\/2021\/09\/couv_HISTPORTUAIRE.jpg\" \/>\n\t<meta property=\"og:image:width\" content=\"668\" \/>\n\t<meta property=\"og:image:height\" content=\"1002\" \/>\n\t<meta property=\"og:image:type\" content=\"image\/jpeg\" \/>\n<meta name=\"author\" content=\"Delphine Cavallo\" \/>\n<meta name=\"twitter:card\" content=\"summary_large_image\" \/>\n<meta name=\"twitter:label1\" content=\"\u00c9crit par\" \/>\n\t<meta name=\"twitter:data1\" content=\"Delphine Cavallo\" \/>\n\t<meta name=\"twitter:label2\" content=\"Dur\u00e9e de lecture estim\u00e9e\" \/>\n\t<meta name=\"twitter:data2\" content=\"2 minutes\" \/>\n<script type=\"application\/ld+json\" class=\"yoast-schema-graph\">{\"@context\":\"https:\\\/\\\/schema.org\",\"@graph\":[{\"@type\":\"Article\",\"@id\":\"https:\\\/\\\/telemme.mmsh.fr\\\/?p=9583#article\",\"isPartOf\":{\"@id\":\"https:\\\/\\\/telemme.mmsh.fr\\\/?p=9583\"},\"author\":{\"name\":\"Delphine Cavallo\",\"@id\":\"https:\\\/\\\/telemme.mmsh.fr\\\/#\\\/schema\\\/person\\\/86a185da4836381586528ced48e263f5\"},\"headline\":\"L\u2019histoire portuaire marseillaise en chantier\",\"datePublished\":\"2021-09-17T09:13:00+00:00\",\"dateModified\":\"2022-01-04T10:15:30+00:00\",\"mainEntityOfPage\":{\"@id\":\"https:\\\/\\\/telemme.mmsh.fr\\\/?p=9583\"},\"wordCount\":290,\"publisher\":{\"@id\":\"https:\\\/\\\/telemme.mmsh.fr\\\/#organization\"},\"image\":{\"@id\":\"https:\\\/\\\/telemme.mmsh.fr\\\/?p=9583#primaryimage\"},\"thumbnailUrl\":\"https:\\\/\\\/telemme.mmsh.fr\\\/wp-content\\\/uploads\\\/2021\\\/09\\\/couv_HISTPORTUAIRE.jpg\",\"keywords\":[\"Marseille\",\"port\"],\"articleSection\":[\"Directions d'ouvrage\"],\"inLanguage\":\"fr-FR\"},{\"@type\":\"WebPage\",\"@id\":\"https:\\\/\\\/telemme.mmsh.fr\\\/?p=9583\",\"url\":\"https:\\\/\\\/telemme.mmsh.fr\\\/?p=9583\",\"name\":\"L\u2019histoire portuaire marseillaise en chantier - TELEMMe - Temps, espaces, langages, Europe m\u00e9ridionale, M\u00e9diterran\u00e9e\",\"isPartOf\":{\"@id\":\"https:\\\/\\\/telemme.mmsh.fr\\\/#website\"},\"primaryImageOfPage\":{\"@id\":\"https:\\\/\\\/telemme.mmsh.fr\\\/?p=9583#primaryimage\"},\"image\":{\"@id\":\"https:\\\/\\\/telemme.mmsh.fr\\\/?p=9583#primaryimage\"},\"thumbnailUrl\":\"https:\\\/\\\/telemme.mmsh.fr\\\/wp-content\\\/uploads\\\/2021\\\/09\\\/couv_HISTPORTUAIRE.jpg\",\"datePublished\":\"2021-09-17T09:13:00+00:00\",\"dateModified\":\"2022-01-04T10:15:30+00:00\",\"description\":\"Parution de L\u2019histoire portuaire marseillaise en chantier. Espaces, fonctions et repr\u00e9sentations XVIIe-XXIe si\u00e8cle, sous la direction de Fabien Bartolotti, Xavier Daumalin, Olivier Raveux, Presses universitaires de Provence, Collection Le temps de l'histoire, 2021, 258 pages\",\"breadcrumb\":{\"@id\":\"https:\\\/\\\/telemme.mmsh.fr\\\/?p=9583#breadcrumb\"},\"inLanguage\":\"fr-FR\",\"potentialAction\":[{\"@type\":\"ReadAction\",\"target\":[\"https:\\\/\\\/telemme.mmsh.fr\\\/?p=9583\"]}]},{\"@type\":\"ImageObject\",\"inLanguage\":\"fr-FR\",\"@id\":\"https:\\\/\\\/telemme.mmsh.fr\\\/?p=9583#primaryimage\",\"url\":\"https:\\\/\\\/telemme.mmsh.fr\\\/wp-content\\\/uploads\\\/2021\\\/09\\\/couv_HISTPORTUAIRE.jpg\",\"contentUrl\":\"https:\\\/\\\/telemme.mmsh.fr\\\/wp-content\\\/uploads\\\/2021\\\/09\\\/couv_HISTPORTUAIRE.jpg\",\"width\":668,\"height\":1002,\"caption\":\"Couverture de L\u2019histoire portuaire marseillaise en chantier. Espaces, fonctions et repr\u00e9sentations XVIIe-XXIe si\u00e8cle, sous la direction de Fabien Bartolotti, Xavier Daumalin, Olivier Raveux, Presses universitaires de Provence, Collection Le temps de l\u2019histoire, 2021, 258 p.\"},{\"@type\":\"BreadcrumbList\",\"@id\":\"https:\\\/\\\/telemme.mmsh.fr\\\/?p=9583#breadcrumb\",\"itemListElement\":[{\"@type\":\"ListItem\",\"position\":1,\"name\":\"Accueil\",\"item\":\"https:\\\/\\\/telemme.mmsh.fr\\\/\"},{\"@type\":\"ListItem\",\"position\":2,\"name\":\"Publications\",\"item\":\"https:\\\/\\\/telemme.mmsh.fr\\\/?cat=1738\"},{\"@type\":\"ListItem\",\"position\":3,\"name\":\"Directions d'ouvrage\",\"item\":\"https:\\\/\\\/telemme.mmsh.fr\\\/?cat=1742\"},{\"@type\":\"ListItem\",\"position\":4,\"name\":\"L\u2019histoire portuaire marseillaise en chantier\"}]},{\"@type\":\"WebSite\",\"@id\":\"https:\\\/\\\/telemme.mmsh.fr\\\/#website\",\"url\":\"https:\\\/\\\/telemme.mmsh.fr\\\/\",\"name\":\"TELEMMe - Temps, espaces, langages, Europe m\u00e9ridionale, M\u00e9diterran\u00e9e\",\"description\":\"\",\"publisher\":{\"@id\":\"https:\\\/\\\/telemme.mmsh.fr\\\/#organization\"},\"potentialAction\":[{\"@type\":\"SearchAction\",\"target\":{\"@type\":\"EntryPoint\",\"urlTemplate\":\"https:\\\/\\\/telemme.mmsh.fr\\\/?s={search_term_string}\"},\"query-input\":{\"@type\":\"PropertyValueSpecification\",\"valueRequired\":true,\"valueName\":\"search_term_string\"}}],\"inLanguage\":\"fr-FR\"},{\"@type\":\"Organization\",\"@id\":\"https:\\\/\\\/telemme.mmsh.fr\\\/#organization\",\"name\":\"TELEMMe\",\"url\":\"https:\\\/\\\/telemme.mmsh.fr\\\/\",\"logo\":{\"@type\":\"ImageObject\",\"inLanguage\":\"fr-FR\",\"@id\":\"https:\\\/\\\/telemme.mmsh.fr\\\/#\\\/schema\\\/logo\\\/image\\\/\",\"url\":\"https:\\\/\\\/telemme.mmsh.fr\\\/wp-content\\\/uploads\\\/2020\\\/03\\\/LogoTELEMMe-horizontal-fond-transparent.png\",\"contentUrl\":\"https:\\\/\\\/telemme.mmsh.fr\\\/wp-content\\\/uploads\\\/2020\\\/03\\\/LogoTELEMMe-horizontal-fond-transparent.png\",\"width\":1500,\"height\":437,\"caption\":\"TELEMMe\"},\"image\":{\"@id\":\"https:\\\/\\\/telemme.mmsh.fr\\\/#\\\/schema\\\/logo\\\/image\\\/\"}},{\"@type\":\"Person\",\"@id\":\"https:\\\/\\\/telemme.mmsh.fr\\\/#\\\/schema\\\/person\\\/86a185da4836381586528ced48e263f5\",\"name\":\"Delphine Cavallo\",\"url\":\"https:\\\/\\\/telemme.mmsh.fr\\\/?author=6\"}]}<\/script>\n<!-- \/ Yoast SEO plugin. -->","yoast_head_json":{"title":"L\u2019histoire portuaire marseillaise en chantier - TELEMMe - Temps, espaces, langages, Europe m\u00e9ridionale, M\u00e9diterran\u00e9e","description":"Parution de L\u2019histoire portuaire marseillaise en chantier. Espaces, fonctions et repr\u00e9sentations XVIIe-XXIe si\u00e8cle, sous la direction de Fabien Bartolotti, Xavier Daumalin, Olivier Raveux, Presses universitaires de Provence, Collection Le temps de l'histoire, 2021, 258 pages","robots":{"index":"index","follow":"follow","max-snippet":"max-snippet:-1","max-image-preview":"max-image-preview:large","max-video-preview":"max-video-preview:-1"},"canonical":"https:\/\/telemme.mmsh.fr\/?p=9583","og_locale":"fr_FR","og_type":"article","og_title":"L\u2019histoire portuaire marseillaise en chantier - TELEMMe - Temps, espaces, langages, Europe m\u00e9ridionale, M\u00e9diterran\u00e9e","og_description":"Parution de L\u2019histoire portuaire marseillaise en chantier. Espaces, fonctions et repr\u00e9sentations XVIIe-XXIe si\u00e8cle, sous la direction de Fabien Bartolotti, Xavier Daumalin, Olivier Raveux, Presses universitaires de Provence, Collection Le temps de l'histoire, 2021, 258 pages","og_url":"https:\/\/telemme.mmsh.fr\/?p=9583","og_site_name":"TELEMMe - Temps, espaces, langages, Europe m\u00e9ridionale, M\u00e9diterran\u00e9e","article_published_time":"2021-09-17T09:13:00+00:00","article_modified_time":"2022-01-04T10:15:30+00:00","og_image":[{"width":668,"height":1002,"url":"https:\/\/telemme.mmsh.fr\/wp-content\/uploads\/2021\/09\/couv_HISTPORTUAIRE.jpg","type":"image\/jpeg"}],"author":"Delphine Cavallo","twitter_card":"summary_large_image","twitter_misc":{"\u00c9crit par":"Delphine Cavallo","Dur\u00e9e de lecture estim\u00e9e":"2 minutes"},"schema":{"@context":"https:\/\/schema.org","@graph":[{"@type":"Article","@id":"https:\/\/telemme.mmsh.fr\/?p=9583#article","isPartOf":{"@id":"https:\/\/telemme.mmsh.fr\/?p=9583"},"author":{"name":"Delphine Cavallo","@id":"https:\/\/telemme.mmsh.fr\/#\/schema\/person\/86a185da4836381586528ced48e263f5"},"headline":"L\u2019histoire portuaire marseillaise en chantier","datePublished":"2021-09-17T09:13:00+00:00","dateModified":"2022-01-04T10:15:30+00:00","mainEntityOfPage":{"@id":"https:\/\/telemme.mmsh.fr\/?p=9583"},"wordCount":290,"publisher":{"@id":"https:\/\/telemme.mmsh.fr\/#organization"},"image":{"@id":"https:\/\/telemme.mmsh.fr\/?p=9583#primaryimage"},"thumbnailUrl":"https:\/\/telemme.mmsh.fr\/wp-content\/uploads\/2021\/09\/couv_HISTPORTUAIRE.jpg","keywords":["Marseille","port"],"articleSection":["Directions d'ouvrage"],"inLanguage":"fr-FR"},{"@type":"WebPage","@id":"https:\/\/telemme.mmsh.fr\/?p=9583","url":"https:\/\/telemme.mmsh.fr\/?p=9583","name":"L\u2019histoire portuaire marseillaise en chantier - TELEMMe - Temps, espaces, langages, Europe m\u00e9ridionale, M\u00e9diterran\u00e9e","isPartOf":{"@id":"https:\/\/telemme.mmsh.fr\/#website"},"primaryImageOfPage":{"@id":"https:\/\/telemme.mmsh.fr\/?p=9583#primaryimage"},"image":{"@id":"https:\/\/telemme.mmsh.fr\/?p=9583#primaryimage"},"thumbnailUrl":"https:\/\/telemme.mmsh.fr\/wp-content\/uploads\/2021\/09\/couv_HISTPORTUAIRE.jpg","datePublished":"2021-09-17T09:13:00+00:00","dateModified":"2022-01-04T10:15:30+00:00","description":"Parution de L\u2019histoire portuaire marseillaise en chantier. Espaces, fonctions et repr\u00e9sentations XVIIe-XXIe si\u00e8cle, sous la direction de Fabien Bartolotti, Xavier Daumalin, Olivier Raveux, Presses universitaires de Provence, Collection Le temps de l'histoire, 2021, 258 pages","breadcrumb":{"@id":"https:\/\/telemme.mmsh.fr\/?p=9583#breadcrumb"},"inLanguage":"fr-FR","potentialAction":[{"@type":"ReadAction","target":["https:\/\/telemme.mmsh.fr\/?p=9583"]}]},{"@type":"ImageObject","inLanguage":"fr-FR","@id":"https:\/\/telemme.mmsh.fr\/?p=9583#primaryimage","url":"https:\/\/telemme.mmsh.fr\/wp-content\/uploads\/2021\/09\/couv_HISTPORTUAIRE.jpg","contentUrl":"https:\/\/telemme.mmsh.fr\/wp-content\/uploads\/2021\/09\/couv_HISTPORTUAIRE.jpg","width":668,"height":1002,"caption":"Couverture de L\u2019histoire portuaire marseillaise en chantier. Espaces, fonctions et repr\u00e9sentations XVIIe-XXIe si\u00e8cle, sous la direction de Fabien Bartolotti, Xavier Daumalin, Olivier Raveux, Presses universitaires de Provence, Collection Le temps de l\u2019histoire, 2021, 258 p."},{"@type":"BreadcrumbList","@id":"https:\/\/telemme.mmsh.fr\/?p=9583#breadcrumb","itemListElement":[{"@type":"ListItem","position":1,"name":"Accueil","item":"https:\/\/telemme.mmsh.fr\/"},{"@type":"ListItem","position":2,"name":"Publications","item":"https:\/\/telemme.mmsh.fr\/?cat=1738"},{"@type":"ListItem","position":3,"name":"Directions d'ouvrage","item":"https:\/\/telemme.mmsh.fr\/?cat=1742"},{"@type":"ListItem","position":4,"name":"L\u2019histoire portuaire marseillaise en chantier"}]},{"@type":"WebSite","@id":"https:\/\/telemme.mmsh.fr\/#website","url":"https:\/\/telemme.mmsh.fr\/","name":"TELEMMe - Temps, espaces, langages, Europe m\u00e9ridionale, M\u00e9diterran\u00e9e","description":"","publisher":{"@id":"https:\/\/telemme.mmsh.fr\/#organization"},"potentialAction":[{"@type":"SearchAction","target":{"@type":"EntryPoint","urlTemplate":"https:\/\/telemme.mmsh.fr\/?s={search_term_string}"},"query-input":{"@type":"PropertyValueSpecification","valueRequired":true,"valueName":"search_term_string"}}],"inLanguage":"fr-FR"},{"@type":"Organization","@id":"https:\/\/telemme.mmsh.fr\/#organization","name":"TELEMMe","url":"https:\/\/telemme.mmsh.fr\/","logo":{"@type":"ImageObject","inLanguage":"fr-FR","@id":"https:\/\/telemme.mmsh.fr\/#\/schema\/logo\/image\/","url":"https:\/\/telemme.mmsh.fr\/wp-content\/uploads\/2020\/03\/LogoTELEMMe-horizontal-fond-transparent.png","contentUrl":"https:\/\/telemme.mmsh.fr\/wp-content\/uploads\/2020\/03\/LogoTELEMMe-horizontal-fond-transparent.png","width":1500,"height":437,"caption":"TELEMMe"},"image":{"@id":"https:\/\/telemme.mmsh.fr\/#\/schema\/logo\/image\/"}},{"@type":"Person","@id":"https:\/\/telemme.mmsh.fr\/#\/schema\/person\/86a185da4836381586528ced48e263f5","name":"Delphine Cavallo","url":"https:\/\/telemme.mmsh.fr\/?author=6"}]}},"_links":{"self":[{"href":"https:\/\/telemme.mmsh.fr\/index.php?rest_route=\/wp\/v2\/posts\/9583","targetHints":{"allow":["GET"]}}],"collection":[{"href":"https:\/\/telemme.mmsh.fr\/index.php?rest_route=\/wp\/v2\/posts"}],"about":[{"href":"https:\/\/telemme.mmsh.fr\/index.php?rest_route=\/wp\/v2\/types\/post"}],"author":[{"embeddable":true,"href":"https:\/\/telemme.mmsh.fr\/index.php?rest_route=\/wp\/v2\/users\/6"}],"replies":[{"embeddable":true,"href":"https:\/\/telemme.mmsh.fr\/index.php?rest_route=%2Fwp%2Fv2%2Fcomments&post=9583"}],"version-history":[{"count":4,"href":"https:\/\/telemme.mmsh.fr\/index.php?rest_route=\/wp\/v2\/posts\/9583\/revisions"}],"predecessor-version":[{"id":10292,"href":"https:\/\/telemme.mmsh.fr\/index.php?rest_route=\/wp\/v2\/posts\/9583\/revisions\/10292"}],"wp:featuredmedia":[{"embeddable":true,"href":"https:\/\/telemme.mmsh.fr\/index.php?rest_route=\/wp\/v2\/media\/9585"}],"wp:attachment":[{"href":"https:\/\/telemme.mmsh.fr\/index.php?rest_route=%2Fwp%2Fv2%2Fmedia&parent=9583"}],"wp:term":[{"taxonomy":"category","embeddable":true,"href":"https:\/\/telemme.mmsh.fr\/index.php?rest_route=%2Fwp%2Fv2%2Fcategories&post=9583"},{"taxonomy":"post_tag","embeddable":true,"href":"https:\/\/telemme.mmsh.fr\/index.php?rest_route=%2Fwp%2Fv2%2Ftags&post=9583"}],"curies":[{"name":"wp","href":"https:\/\/api.w.org\/{rel}","templated":true}]}}