{"id":9532,"date":"2021-09-09T17:08:42","date_gmt":"2021-09-09T15:08:42","guid":{"rendered":"https:\/\/telemme.mmsh.fr\/?p=9532"},"modified":"2021-09-09T17:09:21","modified_gmt":"2021-09-09T15:09:21","slug":"histoire-immediate-et-raison-detat-le-mercure-francois-sous-louis-xiii","status":"publish","type":"post","link":"https:\/\/telemme.mmsh.fr\/?p=9532","title":{"rendered":"Histoire imm\u00e9diate et raison d\u2019\u00c9tat. Le Mercure Fran\u00e7ois sous Louis XIII"},"content":{"rendered":"\n<blockquote class=\"wp-block-quote is-layout-flow wp-block-quote-is-layout-flow\"><p><em><strong><a href=\"https:\/\/classiques-garnier.com\/histoire-immediate-et-raison-d-etat-le-mercure-francois-sous-louis-xiii.html\">Histoire imm\u00e9diate et raison d\u2019\u00c9tat Le Mercure Fran\u00e7ois sous Louis XIII<\/a><\/strong><\/em>, Virginie Cerdeira, Classiques Garnier, Collection : <a href=\"https:\/\/classiques-garnier.com\/histoire-des-temps-modernes.html\">Histoire des Temps modernes<\/a>, n\u00b0 9, 2021, 627 pages<\/p><p><\/p><\/blockquote>\n\n\n\n<p><strong>Pr\u00e9face de Nicolas Schapira<\/strong><\/p>\n\n\n\n<p><br>\u00c0 la lisi\u00e8re de l\u2019\u00e9criture du pass\u00e9 et de l\u2019actualit\u00e9, le Mercure Fran\u00e7ois est une production \u00e9ditoriale hybride du premier xviie si\u00e8cle. Les pratiques d\u2019\u00e9criture d\u00e9ploy\u00e9es r\u00e9v\u00e8lent un lien structurel \u00e0 la raison d\u2019\u00c9tat et une relation non lin\u00e9aire au pouvoir monarchique sous Louis XIII.<\/p>\n\n\n\n<p><br><em>The Mercure Fran\u00e7ois, a hybrid publication from the early seventeenth century, is situated at the border of the writing of the past and of the present. The writing practices it deploys reveal a structural link to the national interest and a nonlinear relationship to monarchical power under Louis XIII.<\/em><\/p>\n","protected":false},"excerpt":{"rendered":"<p>Histoire imm\u00e9diate et raison d\u2019\u00c9tat Le Mercure Fran\u00e7ois sous Louis XIII, Virginie Cerdeira, Classiques Garnier, Collection : Histoire des Temps modernes, n\u00b0 9, 2021, 627 pages Pr\u00e9face de Nicolas Schapira&hellip;&nbsp;<a href=\"https:\/\/telemme.mmsh.fr\/?p=9532\" rel=\"bookmark\">Lire la suite &raquo;<span class=\"screen-reader-text\">Histoire imm\u00e9diate et raison d\u2019\u00c9tat. Le Mercure Fran\u00e7ois sous Louis XIII<\/span><\/a><\/p>\n","protected":false},"author":6,"featured_media":9533,"comment_status":"closed","ping_status":"closed","sticky":false,"template":"","format":"standard","meta":{"neve_meta_sidebar":"","neve_meta_container":"","neve_meta_enable_content_width":"","neve_meta_content_width":0,"neve_meta_title_alignment":"","neve_meta_author_avatar":"","neve_post_elements_order":"","neve_meta_disable_header":"","neve_meta_disable_footer":"","neve_meta_disable_title":"","_tribe_events_control_status":"","_tribe_events_control_status_canceled_reason":"","_tribe_events_control_status_postponed_reason":"","_tribe_events_control_online":"","_tribe_events_control_online_url":"","footnotes":""},"categories":[1740],"tags":[],"class_list":["post-9532","post","type-post","status-publish","format-standard","has-post-thumbnail","hentry","category-ouvrages"],"yoast_head":"<!-- This site is optimized with the Yoast SEO plugin v27.4 - https:\/\/yoast.com\/product\/yoast-seo-wordpress\/ -->\n<title>Histoire imm\u00e9diate et raison d\u2019\u00c9tat. Le Mercure Fran\u00e7ois sous Louis XIII - TELEMMe - Temps, espaces, langages, Europe m\u00e9ridionale, M\u00e9diterran\u00e9e<\/title>\n<meta name=\"description\" content=\"Parution de Histoire imm\u00e9diate et raison d\u2019\u00c9tat Le Mercure Fran\u00e7ois sous Louis XIII, Virginie Cerdeira, Classiques Garnier, Collection : Histoire des Temps modernes, n\u00b0 9, 2021, 627 pages\" \/>\n<meta name=\"robots\" content=\"index, follow, max-snippet:-1, max-image-preview:large, max-video-preview:-1\" \/>\n<link rel=\"canonical\" href=\"https:\/\/telemme.mmsh.fr\/?p=9532\" \/>\n<meta property=\"og:locale\" content=\"fr_FR\" \/>\n<meta property=\"og:type\" content=\"article\" \/>\n<meta property=\"og:title\" content=\"Histoire imm\u00e9diate et raison d\u2019\u00c9tat. Le Mercure Fran\u00e7ois sous Louis XIII - TELEMMe - Temps, espaces, langages, Europe m\u00e9ridionale, M\u00e9diterran\u00e9e\" \/>\n<meta property=\"og:description\" content=\"Parution de Histoire imm\u00e9diate et raison d\u2019\u00c9tat Le Mercure Fran\u00e7ois sous Louis XIII, Virginie Cerdeira, Classiques Garnier, Collection : Histoire des Temps modernes, n\u00b0 9, 2021, 627 pages\" \/>\n<meta property=\"og:url\" content=\"https:\/\/telemme.mmsh.fr\/?p=9532\" \/>\n<meta property=\"og:site_name\" content=\"TELEMMe - Temps, espaces, langages, Europe m\u00e9ridionale, M\u00e9diterran\u00e9e\" \/>\n<meta property=\"article:published_time\" content=\"2021-09-09T15:08:42+00:00\" \/>\n<meta property=\"article:modified_time\" content=\"2021-09-09T15:09:21+00:00\" \/>\n<meta property=\"og:image\" content=\"https:\/\/telemme.mmsh.fr\/wp-content\/uploads\/2021\/09\/VcaMS01b.png\" \/>\n\t<meta property=\"og:image:width\" content=\"400\" \/>\n\t<meta property=\"og:image:height\" content=\"600\" \/>\n\t<meta property=\"og:image:type\" content=\"image\/png\" \/>\n<meta name=\"author\" content=\"Delphine Cavallo\" \/>\n<meta name=\"twitter:card\" content=\"summary_large_image\" \/>\n<meta name=\"twitter:label1\" content=\"\u00c9crit par\" \/>\n\t<meta name=\"twitter:data1\" content=\"Delphine Cavallo\" \/>\n\t<meta name=\"twitter:label2\" content=\"Dur\u00e9e de lecture estim\u00e9e\" \/>\n\t<meta name=\"twitter:data2\" content=\"1 minute\" \/>\n<script type=\"application\/ld+json\" class=\"yoast-schema-graph\">{\"@context\":\"https:\\\/\\\/schema.org\",\"@graph\":[{\"@type\":\"Article\",\"@id\":\"https:\\\/\\\/telemme.mmsh.fr\\\/?p=9532#article\",\"isPartOf\":{\"@id\":\"https:\\\/\\\/telemme.mmsh.fr\\\/?p=9532\"},\"author\":{\"name\":\"Delphine Cavallo\",\"@id\":\"https:\\\/\\\/telemme.mmsh.fr\\\/#\\\/schema\\\/person\\\/86a185da4836381586528ced48e263f5\"},\"headline\":\"Histoire imm\u00e9diate et raison d\u2019\u00c9tat. Le Mercure Fran\u00e7ois sous Louis XIII\",\"datePublished\":\"2021-09-09T15:08:42+00:00\",\"dateModified\":\"2021-09-09T15:09:21+00:00\",\"mainEntityOfPage\":{\"@id\":\"https:\\\/\\\/telemme.mmsh.fr\\\/?p=9532\"},\"wordCount\":149,\"publisher\":{\"@id\":\"https:\\\/\\\/telemme.mmsh.fr\\\/#organization\"},\"image\":{\"@id\":\"https:\\\/\\\/telemme.mmsh.fr\\\/?p=9532#primaryimage\"},\"thumbnailUrl\":\"https:\\\/\\\/telemme.mmsh.fr\\\/wp-content\\\/uploads\\\/2021\\\/09\\\/VcaMS01b.png\",\"articleSection\":[\"Ouvrages\"],\"inLanguage\":\"fr-FR\"},{\"@type\":\"WebPage\",\"@id\":\"https:\\\/\\\/telemme.mmsh.fr\\\/?p=9532\",\"url\":\"https:\\\/\\\/telemme.mmsh.fr\\\/?p=9532\",\"name\":\"Histoire imm\u00e9diate et raison d\u2019\u00c9tat. Le Mercure Fran\u00e7ois sous Louis XIII - TELEMMe - Temps, espaces, langages, Europe m\u00e9ridionale, M\u00e9diterran\u00e9e\",\"isPartOf\":{\"@id\":\"https:\\\/\\\/telemme.mmsh.fr\\\/#website\"},\"primaryImageOfPage\":{\"@id\":\"https:\\\/\\\/telemme.mmsh.fr\\\/?p=9532#primaryimage\"},\"image\":{\"@id\":\"https:\\\/\\\/telemme.mmsh.fr\\\/?p=9532#primaryimage\"},\"thumbnailUrl\":\"https:\\\/\\\/telemme.mmsh.fr\\\/wp-content\\\/uploads\\\/2021\\\/09\\\/VcaMS01b.png\",\"datePublished\":\"2021-09-09T15:08:42+00:00\",\"dateModified\":\"2021-09-09T15:09:21+00:00\",\"description\":\"Parution de Histoire imm\u00e9diate et raison d\u2019\u00c9tat Le Mercure Fran\u00e7ois sous Louis XIII, Virginie Cerdeira, Classiques Garnier, Collection : Histoire des Temps modernes, n\u00b0 9, 2021, 627 pages\",\"breadcrumb\":{\"@id\":\"https:\\\/\\\/telemme.mmsh.fr\\\/?p=9532#breadcrumb\"},\"inLanguage\":\"fr-FR\",\"potentialAction\":[{\"@type\":\"ReadAction\",\"target\":[\"https:\\\/\\\/telemme.mmsh.fr\\\/?p=9532\"]}]},{\"@type\":\"ImageObject\",\"inLanguage\":\"fr-FR\",\"@id\":\"https:\\\/\\\/telemme.mmsh.fr\\\/?p=9532#primaryimage\",\"url\":\"https:\\\/\\\/telemme.mmsh.fr\\\/wp-content\\\/uploads\\\/2021\\\/09\\\/VcaMS01b.png\",\"contentUrl\":\"https:\\\/\\\/telemme.mmsh.fr\\\/wp-content\\\/uploads\\\/2021\\\/09\\\/VcaMS01b.png\",\"width\":400,\"height\":600,\"caption\":\"Couverture de Histoire imm\u00e9diate et raison d\u2019\u00c9tat Le Mercure Fran\u00e7ois sous Louis XIII, Virginie Cerdeira, Classiques Garnier, 2021\"},{\"@type\":\"BreadcrumbList\",\"@id\":\"https:\\\/\\\/telemme.mmsh.fr\\\/?p=9532#breadcrumb\",\"itemListElement\":[{\"@type\":\"ListItem\",\"position\":1,\"name\":\"Accueil\",\"item\":\"https:\\\/\\\/telemme.mmsh.fr\\\/\"},{\"@type\":\"ListItem\",\"position\":2,\"name\":\"Publications\",\"item\":\"https:\\\/\\\/telemme.mmsh.fr\\\/?cat=1738\"},{\"@type\":\"ListItem\",\"position\":3,\"name\":\"Ouvrages\",\"item\":\"https:\\\/\\\/telemme.mmsh.fr\\\/?cat=1740\"},{\"@type\":\"ListItem\",\"position\":4,\"name\":\"Histoire imm\u00e9diate et raison d\u2019\u00c9tat. Le Mercure Fran\u00e7ois sous Louis XIII\"}]},{\"@type\":\"WebSite\",\"@id\":\"https:\\\/\\\/telemme.mmsh.fr\\\/#website\",\"url\":\"https:\\\/\\\/telemme.mmsh.fr\\\/\",\"name\":\"TELEMMe - Temps, espaces, langages, Europe m\u00e9ridionale, M\u00e9diterran\u00e9e\",\"description\":\"\",\"publisher\":{\"@id\":\"https:\\\/\\\/telemme.mmsh.fr\\\/#organization\"},\"potentialAction\":[{\"@type\":\"SearchAction\",\"target\":{\"@type\":\"EntryPoint\",\"urlTemplate\":\"https:\\\/\\\/telemme.mmsh.fr\\\/?s={search_term_string}\"},\"query-input\":{\"@type\":\"PropertyValueSpecification\",\"valueRequired\":true,\"valueName\":\"search_term_string\"}}],\"inLanguage\":\"fr-FR\"},{\"@type\":\"Organization\",\"@id\":\"https:\\\/\\\/telemme.mmsh.fr\\\/#organization\",\"name\":\"TELEMMe\",\"url\":\"https:\\\/\\\/telemme.mmsh.fr\\\/\",\"logo\":{\"@type\":\"ImageObject\",\"inLanguage\":\"fr-FR\",\"@id\":\"https:\\\/\\\/telemme.mmsh.fr\\\/#\\\/schema\\\/logo\\\/image\\\/\",\"url\":\"https:\\\/\\\/telemme.mmsh.fr\\\/wp-content\\\/uploads\\\/2020\\\/03\\\/LogoTELEMMe-horizontal-fond-transparent.png\",\"contentUrl\":\"https:\\\/\\\/telemme.mmsh.fr\\\/wp-content\\\/uploads\\\/2020\\\/03\\\/LogoTELEMMe-horizontal-fond-transparent.png\",\"width\":1500,\"height\":437,\"caption\":\"TELEMMe\"},\"image\":{\"@id\":\"https:\\\/\\\/telemme.mmsh.fr\\\/#\\\/schema\\\/logo\\\/image\\\/\"}},{\"@type\":\"Person\",\"@id\":\"https:\\\/\\\/telemme.mmsh.fr\\\/#\\\/schema\\\/person\\\/86a185da4836381586528ced48e263f5\",\"name\":\"Delphine Cavallo\",\"url\":\"https:\\\/\\\/telemme.mmsh.fr\\\/?author=6\"}]}<\/script>\n<!-- \/ Yoast SEO plugin. -->","yoast_head_json":{"title":"Histoire imm\u00e9diate et raison d\u2019\u00c9tat. Le Mercure Fran\u00e7ois sous Louis XIII - TELEMMe - Temps, espaces, langages, Europe m\u00e9ridionale, M\u00e9diterran\u00e9e","description":"Parution de Histoire imm\u00e9diate et raison d\u2019\u00c9tat Le Mercure Fran\u00e7ois sous Louis XIII, Virginie Cerdeira, Classiques Garnier, Collection : Histoire des Temps modernes, n\u00b0 9, 2021, 627 pages","robots":{"index":"index","follow":"follow","max-snippet":"max-snippet:-1","max-image-preview":"max-image-preview:large","max-video-preview":"max-video-preview:-1"},"canonical":"https:\/\/telemme.mmsh.fr\/?p=9532","og_locale":"fr_FR","og_type":"article","og_title":"Histoire imm\u00e9diate et raison d\u2019\u00c9tat. Le Mercure Fran\u00e7ois sous Louis XIII - TELEMMe - Temps, espaces, langages, Europe m\u00e9ridionale, M\u00e9diterran\u00e9e","og_description":"Parution de Histoire imm\u00e9diate et raison d\u2019\u00c9tat Le Mercure Fran\u00e7ois sous Louis XIII, Virginie Cerdeira, Classiques Garnier, Collection : Histoire des Temps modernes, n\u00b0 9, 2021, 627 pages","og_url":"https:\/\/telemme.mmsh.fr\/?p=9532","og_site_name":"TELEMMe - Temps, espaces, langages, Europe m\u00e9ridionale, M\u00e9diterran\u00e9e","article_published_time":"2021-09-09T15:08:42+00:00","article_modified_time":"2021-09-09T15:09:21+00:00","og_image":[{"width":400,"height":600,"url":"https:\/\/telemme.mmsh.fr\/wp-content\/uploads\/2021\/09\/VcaMS01b.png","type":"image\/png"}],"author":"Delphine Cavallo","twitter_card":"summary_large_image","twitter_misc":{"\u00c9crit par":"Delphine Cavallo","Dur\u00e9e de lecture estim\u00e9e":"1 minute"},"schema":{"@context":"https:\/\/schema.org","@graph":[{"@type":"Article","@id":"https:\/\/telemme.mmsh.fr\/?p=9532#article","isPartOf":{"@id":"https:\/\/telemme.mmsh.fr\/?p=9532"},"author":{"name":"Delphine Cavallo","@id":"https:\/\/telemme.mmsh.fr\/#\/schema\/person\/86a185da4836381586528ced48e263f5"},"headline":"Histoire imm\u00e9diate et raison d\u2019\u00c9tat. Le Mercure Fran\u00e7ois sous Louis XIII","datePublished":"2021-09-09T15:08:42+00:00","dateModified":"2021-09-09T15:09:21+00:00","mainEntityOfPage":{"@id":"https:\/\/telemme.mmsh.fr\/?p=9532"},"wordCount":149,"publisher":{"@id":"https:\/\/telemme.mmsh.fr\/#organization"},"image":{"@id":"https:\/\/telemme.mmsh.fr\/?p=9532#primaryimage"},"thumbnailUrl":"https:\/\/telemme.mmsh.fr\/wp-content\/uploads\/2021\/09\/VcaMS01b.png","articleSection":["Ouvrages"],"inLanguage":"fr-FR"},{"@type":"WebPage","@id":"https:\/\/telemme.mmsh.fr\/?p=9532","url":"https:\/\/telemme.mmsh.fr\/?p=9532","name":"Histoire imm\u00e9diate et raison d\u2019\u00c9tat. Le Mercure Fran\u00e7ois sous Louis XIII - TELEMMe - Temps, espaces, langages, Europe m\u00e9ridionale, M\u00e9diterran\u00e9e","isPartOf":{"@id":"https:\/\/telemme.mmsh.fr\/#website"},"primaryImageOfPage":{"@id":"https:\/\/telemme.mmsh.fr\/?p=9532#primaryimage"},"image":{"@id":"https:\/\/telemme.mmsh.fr\/?p=9532#primaryimage"},"thumbnailUrl":"https:\/\/telemme.mmsh.fr\/wp-content\/uploads\/2021\/09\/VcaMS01b.png","datePublished":"2021-09-09T15:08:42+00:00","dateModified":"2021-09-09T15:09:21+00:00","description":"Parution de Histoire imm\u00e9diate et raison d\u2019\u00c9tat Le Mercure Fran\u00e7ois sous Louis XIII, Virginie Cerdeira, Classiques Garnier, Collection : Histoire des Temps modernes, n\u00b0 9, 2021, 627 pages","breadcrumb":{"@id":"https:\/\/telemme.mmsh.fr\/?p=9532#breadcrumb"},"inLanguage":"fr-FR","potentialAction":[{"@type":"ReadAction","target":["https:\/\/telemme.mmsh.fr\/?p=9532"]}]},{"@type":"ImageObject","inLanguage":"fr-FR","@id":"https:\/\/telemme.mmsh.fr\/?p=9532#primaryimage","url":"https:\/\/telemme.mmsh.fr\/wp-content\/uploads\/2021\/09\/VcaMS01b.png","contentUrl":"https:\/\/telemme.mmsh.fr\/wp-content\/uploads\/2021\/09\/VcaMS01b.png","width":400,"height":600,"caption":"Couverture de Histoire imm\u00e9diate et raison d\u2019\u00c9tat Le Mercure Fran\u00e7ois sous Louis XIII, Virginie Cerdeira, Classiques Garnier, 2021"},{"@type":"BreadcrumbList","@id":"https:\/\/telemme.mmsh.fr\/?p=9532#breadcrumb","itemListElement":[{"@type":"ListItem","position":1,"name":"Accueil","item":"https:\/\/telemme.mmsh.fr\/"},{"@type":"ListItem","position":2,"name":"Publications","item":"https:\/\/telemme.mmsh.fr\/?cat=1738"},{"@type":"ListItem","position":3,"name":"Ouvrages","item":"https:\/\/telemme.mmsh.fr\/?cat=1740"},{"@type":"ListItem","position":4,"name":"Histoire imm\u00e9diate et raison d\u2019\u00c9tat. Le Mercure Fran\u00e7ois sous Louis XIII"}]},{"@type":"WebSite","@id":"https:\/\/telemme.mmsh.fr\/#website","url":"https:\/\/telemme.mmsh.fr\/","name":"TELEMMe - Temps, espaces, langages, Europe m\u00e9ridionale, M\u00e9diterran\u00e9e","description":"","publisher":{"@id":"https:\/\/telemme.mmsh.fr\/#organization"},"potentialAction":[{"@type":"SearchAction","target":{"@type":"EntryPoint","urlTemplate":"https:\/\/telemme.mmsh.fr\/?s={search_term_string}"},"query-input":{"@type":"PropertyValueSpecification","valueRequired":true,"valueName":"search_term_string"}}],"inLanguage":"fr-FR"},{"@type":"Organization","@id":"https:\/\/telemme.mmsh.fr\/#organization","name":"TELEMMe","url":"https:\/\/telemme.mmsh.fr\/","logo":{"@type":"ImageObject","inLanguage":"fr-FR","@id":"https:\/\/telemme.mmsh.fr\/#\/schema\/logo\/image\/","url":"https:\/\/telemme.mmsh.fr\/wp-content\/uploads\/2020\/03\/LogoTELEMMe-horizontal-fond-transparent.png","contentUrl":"https:\/\/telemme.mmsh.fr\/wp-content\/uploads\/2020\/03\/LogoTELEMMe-horizontal-fond-transparent.png","width":1500,"height":437,"caption":"TELEMMe"},"image":{"@id":"https:\/\/telemme.mmsh.fr\/#\/schema\/logo\/image\/"}},{"@type":"Person","@id":"https:\/\/telemme.mmsh.fr\/#\/schema\/person\/86a185da4836381586528ced48e263f5","name":"Delphine Cavallo","url":"https:\/\/telemme.mmsh.fr\/?author=6"}]}},"_links":{"self":[{"href":"https:\/\/telemme.mmsh.fr\/index.php?rest_route=\/wp\/v2\/posts\/9532","targetHints":{"allow":["GET"]}}],"collection":[{"href":"https:\/\/telemme.mmsh.fr\/index.php?rest_route=\/wp\/v2\/posts"}],"about":[{"href":"https:\/\/telemme.mmsh.fr\/index.php?rest_route=\/wp\/v2\/types\/post"}],"author":[{"embeddable":true,"href":"https:\/\/telemme.mmsh.fr\/index.php?rest_route=\/wp\/v2\/users\/6"}],"replies":[{"embeddable":true,"href":"https:\/\/telemme.mmsh.fr\/index.php?rest_route=%2Fwp%2Fv2%2Fcomments&post=9532"}],"version-history":[{"count":1,"href":"https:\/\/telemme.mmsh.fr\/index.php?rest_route=\/wp\/v2\/posts\/9532\/revisions"}],"predecessor-version":[{"id":9534,"href":"https:\/\/telemme.mmsh.fr\/index.php?rest_route=\/wp\/v2\/posts\/9532\/revisions\/9534"}],"wp:featuredmedia":[{"embeddable":true,"href":"https:\/\/telemme.mmsh.fr\/index.php?rest_route=\/wp\/v2\/media\/9533"}],"wp:attachment":[{"href":"https:\/\/telemme.mmsh.fr\/index.php?rest_route=%2Fwp%2Fv2%2Fmedia&parent=9532"}],"wp:term":[{"taxonomy":"category","embeddable":true,"href":"https:\/\/telemme.mmsh.fr\/index.php?rest_route=%2Fwp%2Fv2%2Fcategories&post=9532"},{"taxonomy":"post_tag","embeddable":true,"href":"https:\/\/telemme.mmsh.fr\/index.php?rest_route=%2Fwp%2Fv2%2Ftags&post=9532"}],"curies":[{"name":"wp","href":"https:\/\/api.w.org\/{rel}","templated":true}]}}