{"id":9496,"date":"2021-09-08T15:47:00","date_gmt":"2021-09-08T13:47:00","guid":{"rendered":"https:\/\/telemme.mmsh.fr\/?p=9496"},"modified":"2021-09-08T15:53:30","modified_gmt":"2021-09-08T13:53:30","slug":"telemme-a-la-journee-industries-culturelles-et-creatives-immersions-narratives-damu","status":"publish","type":"post","link":"https:\/\/telemme.mmsh.fr\/?p=9496","title":{"rendered":"TELEMMe \u00e0 la journ\u00e9e \u00ab\u00a0Industries culturelles et cr\u00e9atives &#8211; Immersions narratives\u00a0\u00bb d&rsquo;AMU"},"content":{"rendered":"\n<p><\/p>\n\n\n\n<p>Plusieurs membres de TELEMMe participent \u00e0 la premi\u00e8re journ\u00e9e  du cycle de rencontres interdisciplinaires \u00ab Tout un monde en mouvement \u00bb organis\u00e9 par la Mission Interdisciplinarit\u00e9(s) d\u2019Aix-Marseille Universit\u00e9  consacr\u00e9e aux <strong>I<a href=\"https:\/\/www.univ-amu.fr\/fr\/public\/actualites\/cycle-de-rencontres-interdisciplinaires-tout-un-monde-en-mouvement\">ndustries culturelles et cr\u00e9atives<\/a><\/strong>.<\/p>\n\n\n\n<hr class=\"wp-block-separator is-style-default\"\/>\n\n\n\n<div class=\"wp-block-media-text alignwide is-stacked-on-mobile\" style=\"grid-template-columns:33% auto\"><figure class=\"wp-block-media-text__media\"><img loading=\"lazy\" decoding=\"async\" width=\"724\" height=\"1024\" src=\"https:\/\/telemme.mmsh.fr\/wp-content\/uploads\/2021\/09\/FLYER-FOS-200_V1-3-1-724x1024.jpg\" alt=\"\" class=\"wp-image-9510 size-full\" srcset=\"https:\/\/telemme.mmsh.fr\/wp-content\/uploads\/2021\/09\/FLYER-FOS-200_V1-3-1-724x1024.jpg 724w, https:\/\/telemme.mmsh.fr\/wp-content\/uploads\/2021\/09\/FLYER-FOS-200_V1-3-1-212x300.jpg 212w, https:\/\/telemme.mmsh.fr\/wp-content\/uploads\/2021\/09\/FLYER-FOS-200_V1-3-1-768x1086.jpg 768w, https:\/\/telemme.mmsh.fr\/wp-content\/uploads\/2021\/09\/FLYER-FOS-200_V1-3-1-1086x1536.jpg 1086w, https:\/\/telemme.mmsh.fr\/wp-content\/uploads\/2021\/09\/FLYER-FOS-200_V1-3-1-1448x2048.jpg 1448w, https:\/\/telemme.mmsh.fr\/wp-content\/uploads\/2021\/09\/FLYER-FOS-200_V1-3-1.jpg 1754w\" sizes=\"auto, (max-width: 724px) 100vw, 724px\" \/><\/figure><div class=\"wp-block-media-text__content\">\n<p> <a href=\"https:\/\/telemme.mmsh.fr\/?membres=sophie-gebeil\">Sophie Gebeil<\/a>  et <a href=\"https:\/\/www.agnesmaury.com\/\">Agn\u00e8s Maury<\/a> (<a href=\"https:\/\/www.lesfilmsdupapillon.com\/\">Les Films du Papillon<\/a>) parleront de l&rsquo;\u00e9criture de l&rsquo;histoire \u00e0 l&rsquo;\u00e8re des narrations hyperm\u00e9dias \u00e0 travers l&rsquo;exemple du <strong>webdocumentaire <a href=\"https:\/\/fos200ans.fr\/\"><em>Fos \/ \u00c9tang de Berre. 200 ans d\u2019histoire industrielle et environnementale<\/em><\/a><\/strong> . Ce webdocumentaire propose de replacer les transformations industrialo-portuaires dans le temps long du territoire et de ses habitant\u00b7es, \u00e0 travers des <strong>vid\u00e9os, des photos, des archives et des interviews des acteurs et actrices de ces bouleversements<\/strong>. Chercheurs et chercheuses ouvrent leurs archives et leurs ateliers pour explorer avec vous ce territoire et les quatre grandes p\u00e9riodes de cette histoire, de 1809 \u00e0 nos jours. <\/p>\n\n\n\n<div class=\"wp-block-buttons is-layout-flex wp-block-buttons-is-layout-flex\">\n<div class=\"wp-block-button is-style-primary\"><a class=\"wp-block-button__link\" href=\"https:\/\/regardsfos.hypotheses.org\/category\/webdoc\"> En savoir plus sur le webdoc  <strong><em>Fos \/ \u00c9tang de Berre<\/em><\/strong>&#8230; <\/a><\/div>\n<\/div>\n<\/div><\/div>\n\n\n\n<div class=\"wp-block-buttons is-layout-flex wp-block-buttons-is-layout-flex\"><\/div>\n\n\n\n<hr class=\"wp-block-separator is-style-default\"\/>\n\n\n\n<p>Puis <a href=\"https:\/\/telemme.mmsh.fr\/?membres=alexandre-grondeau\">Alexandre Grondeau<\/a> et <a href=\"https:\/\/telemme.mmsh.fr\/?membres=pierre-sintes\">Pierre Sint\u00e8s<\/a> interviendront \u00e0 deux voix autour des \u00ab\u00a0<strong>Clusters culturels et politiques publiques : la reconstruction de la ville sur elle-m\u00eame par les grands \u00e9v\u00e8nements et lieux culturels. Les exemples de Marseille, Barcelone et Lisbonne<\/strong>\u00a0\u00bb dans le cadre de la Table ronde #2 \u00ab\u00a0Des narrations trans \u00ab formationnelles \u00bb pour fertiliser de nouvelles formes de lien social et territorial\u00a0\u00bb.<\/p>\n\n\n\n<hr class=\"wp-block-separator is-style-default\"\/>\n\n\n\n<p>Cette journ\u00e9e est organis\u00e9e et pr\u00e9sent\u00e9e par <a href=\"https:\/\/telemme.mmsh.fr\/?membres=maryline-crivello\">Maryline Crivello<\/a> et Martina Knoop \u00e0 l&rsquo;occasion du cycle de rencontres <a href=\"https:\/\/www.univ-amu.fr\/fr\/public\/actualites\/cycle-de-rencontres-interdisciplinaires-tout-un-monde-en-mouvement\">\u00ab <strong>Tout un monde en mouvement<\/strong> \u00bb,<\/a> organis\u00e9 dans le cadre de la Mission interdisciplinarit\u00e9(s) d&rsquo;AMU et abordant les enjeux interdisciplinaires et les interfaces entre diff\u00e9rents domaines scientifiques.<\/p>\n\n\n\n<p>\u00c0 partir d\u2019exp\u00e9riences de collaborations crois\u00e9es, cette premi\u00e8re journ\u00e9e consacr\u00e9e aux Industries culturelles et cr\u00e9atives (ICC) vous propose d&rsquo;explorer de nouvelles approches adapt\u00e9es aux d\u00e9fis actuels et \u00e9mergents d\u2019un monde en mouvement. Elle est ouverte aux \u00e9tudiants, chercheurs, enseignants, acteurs \u00e9conomiques et culturels, citoyens et d\u00e9cideurs publics. <\/p>\n\n\n\n<hr class=\"wp-block-separator is-style-wide\"\/>\n\n\n\n<h3 class=\"wp-block-heading\">La journ\u00e9e<\/h3>\n\n\n\n<h4 class=\"wp-block-heading\" id=\"section-1\"><strong>1er cycle : Industries Culturelles et Cr\u00e9atives &#8211; Immersions narratives<\/strong><\/h4>\n\n\n\n<p><strong>Lundi 13 septembre 8h45-17h00 &#8211; Auditorium du Mucem<\/strong><br><strong>1, Esplanade du J4<\/strong><br> <strong>13002 Marseille<\/strong> <\/p>\n\n\n\n<div data-wp-interactive=\"core\/file\" class=\"wp-block-file\"><object data-wp-bind--hidden=\"!state.hasPdfPreview\" hidden class=\"wp-block-file__embed\" data=\"https:\/\/telemme.mmsh.fr\/wp-content\/uploads\/2021\/09\/Cycle-Rencontres-interdiciplinaires-rencontres-ICC-13-septembre-VF.pdf\" type=\"application\/pdf\" style=\"width:100%;height:600px\" aria-label=\"Contenu embarqu\u00e9 Contenu embarqu\u00e9 Programme la journ\u00e9e Industries culturelles et cr\u00e9atives - Immersions narratives (13 septembre 2021)..\"><\/object><a href=\"https:\/\/telemme.mmsh.fr\/wp-content\/uploads\/2021\/09\/Cycle-Rencontres-interdiciplinaires-rencontres-ICC-13-septembre-VF.pdf\">Programme la journ\u00e9e Industries culturelles et cr\u00e9atives &#8211; Immersions narratives (13 septembre 2021)<\/a><a href=\"https:\/\/telemme.mmsh.fr\/wp-content\/uploads\/2021\/09\/Cycle-Rencontres-interdiciplinaires-rencontres-ICC-13-septembre-VF.pdf\" class=\"wp-block-file__button\" download>T\u00e9l\u00e9charger<\/a><\/div>\n\n\n\n<p id=\"section-3\"><strong>En pr\u00e9sentiel sur pr\u00e9sentation d&rsquo;un Pass sanitaire et sur inscription via le formulaire suivant :<\/strong>&nbsp;<a href=\"https:\/\/formulaires.univ-amu.fr\/fr\/public\/inscription-rencontres-interdisciplinaires-monde-mouvement-130921\">https:\/\/formulaires.univ-amu.fr\/fr\/public\/inscription-rencontres-interdisciplinaires-monde-mouvement-130921<\/a><\/p>\n\n\n\n<p>Le cycle de rencontres interdisciplinaires \u00ab Tout un monde en mouvement \u00bb organis\u00e9 par la Mission  Interdisciplinarit\u00e9(s) d\u2019Aix-Marseille Universit\u00e9 :<\/p>\n\n\n\n<ul class=\"wp-block-list\"><li>Propose d\u2019explorer les enjeux interdisciplinaires et les interfaces entre diff\u00e9rents domaines scientifiques.<\/li><li>Questionne les formes du changement et de la transformation mais aussi les modes de r\u00e9sistances.<\/li><li>Invite au dialogue entre \u00e9tudiants, chercheurs, enseignants, acteurs \u00e9conomiques et culturels, citoyens et d\u00e9cideurs publics.<\/li><li>Engage \u00e0 des approches partag\u00e9es, adapt\u00e9es aux d\u00e9fis actuels et \u00e9mergents d\u2019un monde en mouvement.<\/li><\/ul>\n\n\n\n<p><strong><em>\u00c0 propos de cette journ\u00e9e* :<\/em><\/strong><br>G\u00e9n\u00e9ratrices de valeur multidimensionnelle (artistique, \u00e9conomique, sociale, citoyenne), les industries culturelles et cr\u00e9atives (ICC) sont au c\u0153ur de la mutation de nos soci\u00e9t\u00e9s. D\u00e9bordant des fronti\u00e8res sectorielles traditionnelles, elles offrent un espace d\u2019exp\u00e9rimentation de pratiques de co-cr\u00e9ation fertilis\u00e9 par les croisements entre disciplines, comp\u00e9tences et acteurs et, ce faisant, contribuent \u00e0 \u00ab mettre en r\u00e9cit \u00bb notre monde et ses changements. \u00c0 partir d\u2019exp\u00e9riences de collaborations crois\u00e9es, cette rencontre propose d\u2019explorer les ressorts de ces \u00ab narrations innovantes \u00bb.<br><em>*Journ\u00e9e co-organis\u00e9e par l\u2019Institut InCIAM (Institut Cr\u00e9ativit\u00e9 et Innovations d\u2019Aix-Marseille) et la Chaire OTACC (Organisations et Territoires des Arts de la Culture et de la Cr\u00e9ation)<\/em><\/p>\n","protected":false},"excerpt":{"rendered":"<p>Plusieurs membres de TELEMMe participent \u00e0 la premi\u00e8re journ\u00e9e  du cycle de rencontres interdisciplinaires \u00ab Tout un monde en mouvement \u00bb organis\u00e9 par la Mission Interdisciplinarit\u00e9(s) d\u2019Aix-Marseille Universit\u00e9  consacr\u00e9e aux Industries culturelles et cr\u00e9atives.<\/p>\n","protected":false},"author":6,"featured_media":9497,"comment_status":"closed","ping_status":"closed","sticky":false,"template":"","format":"standard","meta":{"neve_meta_sidebar":"","neve_meta_container":"","neve_meta_enable_content_width":"","neve_meta_content_width":0,"neve_meta_title_alignment":"","neve_meta_author_avatar":"","neve_post_elements_order":"","neve_meta_disable_header":"","neve_meta_disable_footer":"","neve_meta_disable_title":"","_tribe_events_control_status":"","_tribe_events_control_status_canceled_reason":"","_tribe_events_control_status_postponed_reason":"","_tribe_events_control_online":"","_tribe_events_control_online_url":"","footnotes":""},"categories":[1992],"tags":[2172,2171,2170,2173],"class_list":["post-9496","post","type-post","status-publish","format-standard","has-post-thumbnail","hentry","category-rencontres","tag-amu","tag-industries-culturelles","tag-interdisciplinarite","tag-mucem"],"yoast_head":"<!-- This site is optimized with the Yoast SEO plugin v27.4 - https:\/\/yoast.com\/product\/yoast-seo-wordpress\/ -->\n<title>TELEMMe \u00e0 la journ\u00e9e &quot;Industries culturelles et cr\u00e9atives - Immersions narratives&quot; d&#039;AMU - TELEMMe - Temps, espaces, langages, Europe m\u00e9ridionale, M\u00e9diterran\u00e9e<\/title>\n<meta name=\"description\" content=\"monde en mouvement \u00bb organis\u00e9 par la Mission Interdisciplinarit\u00e9(s) d\u2019Aix-Marseille Universit\u00e9 consacr\u00e9e aux Industries culturelles et cr\u00e9atives : Sophie Gebeil et Agn\u00e8s Maury, Alexandre Grondeau et Pierre Sint\u00e8s\" \/>\n<meta name=\"robots\" content=\"index, follow, max-snippet:-1, max-image-preview:large, max-video-preview:-1\" \/>\n<link rel=\"canonical\" href=\"https:\/\/telemme.mmsh.fr\/?p=9496\" \/>\n<meta property=\"og:locale\" content=\"fr_FR\" \/>\n<meta property=\"og:type\" content=\"article\" \/>\n<meta property=\"og:title\" content=\"TELEMMe \u00e0 la journ\u00e9e &quot;Industries culturelles et cr\u00e9atives - Immersions narratives&quot; d&#039;AMU - TELEMMe - Temps, espaces, langages, Europe m\u00e9ridionale, M\u00e9diterran\u00e9e\" \/>\n<meta property=\"og:description\" content=\"monde en mouvement \u00bb organis\u00e9 par la Mission Interdisciplinarit\u00e9(s) d\u2019Aix-Marseille Universit\u00e9 consacr\u00e9e aux Industries culturelles et cr\u00e9atives : Sophie Gebeil et Agn\u00e8s Maury, Alexandre Grondeau et Pierre Sint\u00e8s\" \/>\n<meta property=\"og:url\" content=\"https:\/\/telemme.mmsh.fr\/?p=9496\" \/>\n<meta property=\"og:site_name\" content=\"TELEMMe - Temps, espaces, langages, Europe m\u00e9ridionale, M\u00e9diterran\u00e9e\" \/>\n<meta property=\"article:published_time\" content=\"2021-09-08T13:47:00+00:00\" \/>\n<meta property=\"article:modified_time\" content=\"2021-09-08T13:53:30+00:00\" \/>\n<meta property=\"og:image\" content=\"https:\/\/telemme.mmsh.fr\/wp-content\/uploads\/2021\/09\/3840x2160px_UHD.jpg\" \/>\n\t<meta property=\"og:image:width\" content=\"930\" \/>\n\t<meta property=\"og:image:height\" content=\"523\" \/>\n\t<meta property=\"og:image:type\" content=\"image\/jpeg\" \/>\n<meta name=\"author\" content=\"Delphine Cavallo\" \/>\n<meta name=\"twitter:card\" content=\"summary_large_image\" \/>\n<meta name=\"twitter:label1\" content=\"\u00c9crit par\" \/>\n\t<meta name=\"twitter:data1\" content=\"Delphine Cavallo\" \/>\n\t<meta name=\"twitter:label2\" content=\"Dur\u00e9e de lecture estim\u00e9e\" \/>\n\t<meta name=\"twitter:data2\" content=\"3 minutes\" \/>\n<script type=\"application\/ld+json\" class=\"yoast-schema-graph\">{\"@context\":\"https:\\\/\\\/schema.org\",\"@graph\":[{\"@type\":\"Article\",\"@id\":\"https:\\\/\\\/telemme.mmsh.fr\\\/?p=9496#article\",\"isPartOf\":{\"@id\":\"https:\\\/\\\/telemme.mmsh.fr\\\/?p=9496\"},\"author\":{\"name\":\"Delphine Cavallo\",\"@id\":\"https:\\\/\\\/telemme.mmsh.fr\\\/#\\\/schema\\\/person\\\/86a185da4836381586528ced48e263f5\"},\"headline\":\"TELEMMe \u00e0 la journ\u00e9e \u00ab\u00a0Industries culturelles et cr\u00e9atives &#8211; Immersions narratives\u00a0\u00bb d&rsquo;AMU\",\"datePublished\":\"2021-09-08T13:47:00+00:00\",\"dateModified\":\"2021-09-08T13:53:30+00:00\",\"mainEntityOfPage\":{\"@id\":\"https:\\\/\\\/telemme.mmsh.fr\\\/?p=9496\"},\"wordCount\":610,\"publisher\":{\"@id\":\"https:\\\/\\\/telemme.mmsh.fr\\\/#organization\"},\"image\":{\"@id\":\"https:\\\/\\\/telemme.mmsh.fr\\\/?p=9496#primaryimage\"},\"thumbnailUrl\":\"https:\\\/\\\/telemme.mmsh.fr\\\/wp-content\\\/uploads\\\/2021\\\/09\\\/3840x2160px_UHD.jpg\",\"keywords\":[\"AMU\",\"industries culturelles\",\"interdisciplinarit\u00e9\",\"Mucem\"],\"articleSection\":[\"Rencontres\"],\"inLanguage\":\"fr-FR\"},{\"@type\":\"WebPage\",\"@id\":\"https:\\\/\\\/telemme.mmsh.fr\\\/?p=9496\",\"url\":\"https:\\\/\\\/telemme.mmsh.fr\\\/?p=9496\",\"name\":\"TELEMMe \u00e0 la journ\u00e9e \\\"Industries culturelles et cr\u00e9atives - Immersions narratives\\\" d'AMU - TELEMMe - Temps, espaces, langages, Europe m\u00e9ridionale, M\u00e9diterran\u00e9e\",\"isPartOf\":{\"@id\":\"https:\\\/\\\/telemme.mmsh.fr\\\/#website\"},\"primaryImageOfPage\":{\"@id\":\"https:\\\/\\\/telemme.mmsh.fr\\\/?p=9496#primaryimage\"},\"image\":{\"@id\":\"https:\\\/\\\/telemme.mmsh.fr\\\/?p=9496#primaryimage\"},\"thumbnailUrl\":\"https:\\\/\\\/telemme.mmsh.fr\\\/wp-content\\\/uploads\\\/2021\\\/09\\\/3840x2160px_UHD.jpg\",\"datePublished\":\"2021-09-08T13:47:00+00:00\",\"dateModified\":\"2021-09-08T13:53:30+00:00\",\"description\":\"monde en mouvement \u00bb organis\u00e9 par la Mission Interdisciplinarit\u00e9(s) d\u2019Aix-Marseille Universit\u00e9 consacr\u00e9e aux Industries culturelles et cr\u00e9atives : Sophie Gebeil et Agn\u00e8s Maury, Alexandre Grondeau et Pierre Sint\u00e8s\",\"breadcrumb\":{\"@id\":\"https:\\\/\\\/telemme.mmsh.fr\\\/?p=9496#breadcrumb\"},\"inLanguage\":\"fr-FR\",\"potentialAction\":[{\"@type\":\"ReadAction\",\"target\":[\"https:\\\/\\\/telemme.mmsh.fr\\\/?p=9496\"]}]},{\"@type\":\"ImageObject\",\"inLanguage\":\"fr-FR\",\"@id\":\"https:\\\/\\\/telemme.mmsh.fr\\\/?p=9496#primaryimage\",\"url\":\"https:\\\/\\\/telemme.mmsh.fr\\\/wp-content\\\/uploads\\\/2021\\\/09\\\/3840x2160px_UHD.jpg\",\"contentUrl\":\"https:\\\/\\\/telemme.mmsh.fr\\\/wp-content\\\/uploads\\\/2021\\\/09\\\/3840x2160px_UHD.jpg\",\"width\":930,\"height\":523,\"caption\":\"Visuel du cycle Industries Culturelles et Cr\u00e9atives - Immersions narratives, AMU\"},{\"@type\":\"BreadcrumbList\",\"@id\":\"https:\\\/\\\/telemme.mmsh.fr\\\/?p=9496#breadcrumb\",\"itemListElement\":[{\"@type\":\"ListItem\",\"position\":1,\"name\":\"Accueil\",\"item\":\"https:\\\/\\\/telemme.mmsh.fr\\\/\"},{\"@type\":\"ListItem\",\"position\":2,\"name\":\"Actualit\u00e9s\",\"item\":\"https:\\\/\\\/telemme.mmsh.fr\\\/?cat=1995\"},{\"@type\":\"ListItem\",\"position\":3,\"name\":\"Rencontres\",\"item\":\"https:\\\/\\\/telemme.mmsh.fr\\\/?cat=1992\"},{\"@type\":\"ListItem\",\"position\":4,\"name\":\"TELEMMe \u00e0 la journ\u00e9e \u00ab\u00a0Industries culturelles et cr\u00e9atives &#8211; Immersions narratives\u00a0\u00bb d&rsquo;AMU\"}]},{\"@type\":\"WebSite\",\"@id\":\"https:\\\/\\\/telemme.mmsh.fr\\\/#website\",\"url\":\"https:\\\/\\\/telemme.mmsh.fr\\\/\",\"name\":\"TELEMMe - Temps, espaces, langages, Europe m\u00e9ridionale, M\u00e9diterran\u00e9e\",\"description\":\"\",\"publisher\":{\"@id\":\"https:\\\/\\\/telemme.mmsh.fr\\\/#organization\"},\"potentialAction\":[{\"@type\":\"SearchAction\",\"target\":{\"@type\":\"EntryPoint\",\"urlTemplate\":\"https:\\\/\\\/telemme.mmsh.fr\\\/?s={search_term_string}\"},\"query-input\":{\"@type\":\"PropertyValueSpecification\",\"valueRequired\":true,\"valueName\":\"search_term_string\"}}],\"inLanguage\":\"fr-FR\"},{\"@type\":\"Organization\",\"@id\":\"https:\\\/\\\/telemme.mmsh.fr\\\/#organization\",\"name\":\"TELEMMe\",\"url\":\"https:\\\/\\\/telemme.mmsh.fr\\\/\",\"logo\":{\"@type\":\"ImageObject\",\"inLanguage\":\"fr-FR\",\"@id\":\"https:\\\/\\\/telemme.mmsh.fr\\\/#\\\/schema\\\/logo\\\/image\\\/\",\"url\":\"https:\\\/\\\/telemme.mmsh.fr\\\/wp-content\\\/uploads\\\/2020\\\/03\\\/LogoTELEMMe-horizontal-fond-transparent.png\",\"contentUrl\":\"https:\\\/\\\/telemme.mmsh.fr\\\/wp-content\\\/uploads\\\/2020\\\/03\\\/LogoTELEMMe-horizontal-fond-transparent.png\",\"width\":1500,\"height\":437,\"caption\":\"TELEMMe\"},\"image\":{\"@id\":\"https:\\\/\\\/telemme.mmsh.fr\\\/#\\\/schema\\\/logo\\\/image\\\/\"}},{\"@type\":\"Person\",\"@id\":\"https:\\\/\\\/telemme.mmsh.fr\\\/#\\\/schema\\\/person\\\/86a185da4836381586528ced48e263f5\",\"name\":\"Delphine Cavallo\",\"url\":\"https:\\\/\\\/telemme.mmsh.fr\\\/?author=6\"}]}<\/script>\n<!-- \/ Yoast SEO plugin. -->","yoast_head_json":{"title":"TELEMMe \u00e0 la journ\u00e9e \"Industries culturelles et cr\u00e9atives - Immersions narratives\" d'AMU - TELEMMe - Temps, espaces, langages, Europe m\u00e9ridionale, M\u00e9diterran\u00e9e","description":"monde en mouvement \u00bb organis\u00e9 par la Mission Interdisciplinarit\u00e9(s) d\u2019Aix-Marseille Universit\u00e9 consacr\u00e9e aux Industries culturelles et cr\u00e9atives : Sophie Gebeil et Agn\u00e8s Maury, Alexandre Grondeau et Pierre Sint\u00e8s","robots":{"index":"index","follow":"follow","max-snippet":"max-snippet:-1","max-image-preview":"max-image-preview:large","max-video-preview":"max-video-preview:-1"},"canonical":"https:\/\/telemme.mmsh.fr\/?p=9496","og_locale":"fr_FR","og_type":"article","og_title":"TELEMMe \u00e0 la journ\u00e9e \"Industries culturelles et cr\u00e9atives - Immersions narratives\" d'AMU - TELEMMe - Temps, espaces, langages, Europe m\u00e9ridionale, M\u00e9diterran\u00e9e","og_description":"monde en mouvement \u00bb organis\u00e9 par la Mission Interdisciplinarit\u00e9(s) d\u2019Aix-Marseille Universit\u00e9 consacr\u00e9e aux Industries culturelles et cr\u00e9atives : Sophie Gebeil et Agn\u00e8s Maury, Alexandre Grondeau et Pierre Sint\u00e8s","og_url":"https:\/\/telemme.mmsh.fr\/?p=9496","og_site_name":"TELEMMe - Temps, espaces, langages, Europe m\u00e9ridionale, M\u00e9diterran\u00e9e","article_published_time":"2021-09-08T13:47:00+00:00","article_modified_time":"2021-09-08T13:53:30+00:00","og_image":[{"width":930,"height":523,"url":"https:\/\/telemme.mmsh.fr\/wp-content\/uploads\/2021\/09\/3840x2160px_UHD.jpg","type":"image\/jpeg"}],"author":"Delphine Cavallo","twitter_card":"summary_large_image","twitter_misc":{"\u00c9crit par":"Delphine Cavallo","Dur\u00e9e de lecture estim\u00e9e":"3 minutes"},"schema":{"@context":"https:\/\/schema.org","@graph":[{"@type":"Article","@id":"https:\/\/telemme.mmsh.fr\/?p=9496#article","isPartOf":{"@id":"https:\/\/telemme.mmsh.fr\/?p=9496"},"author":{"name":"Delphine Cavallo","@id":"https:\/\/telemme.mmsh.fr\/#\/schema\/person\/86a185da4836381586528ced48e263f5"},"headline":"TELEMMe \u00e0 la journ\u00e9e \u00ab\u00a0Industries culturelles et cr\u00e9atives &#8211; Immersions narratives\u00a0\u00bb d&rsquo;AMU","datePublished":"2021-09-08T13:47:00+00:00","dateModified":"2021-09-08T13:53:30+00:00","mainEntityOfPage":{"@id":"https:\/\/telemme.mmsh.fr\/?p=9496"},"wordCount":610,"publisher":{"@id":"https:\/\/telemme.mmsh.fr\/#organization"},"image":{"@id":"https:\/\/telemme.mmsh.fr\/?p=9496#primaryimage"},"thumbnailUrl":"https:\/\/telemme.mmsh.fr\/wp-content\/uploads\/2021\/09\/3840x2160px_UHD.jpg","keywords":["AMU","industries culturelles","interdisciplinarit\u00e9","Mucem"],"articleSection":["Rencontres"],"inLanguage":"fr-FR"},{"@type":"WebPage","@id":"https:\/\/telemme.mmsh.fr\/?p=9496","url":"https:\/\/telemme.mmsh.fr\/?p=9496","name":"TELEMMe \u00e0 la journ\u00e9e \"Industries culturelles et cr\u00e9atives - Immersions narratives\" d'AMU - TELEMMe - Temps, espaces, langages, Europe m\u00e9ridionale, M\u00e9diterran\u00e9e","isPartOf":{"@id":"https:\/\/telemme.mmsh.fr\/#website"},"primaryImageOfPage":{"@id":"https:\/\/telemme.mmsh.fr\/?p=9496#primaryimage"},"image":{"@id":"https:\/\/telemme.mmsh.fr\/?p=9496#primaryimage"},"thumbnailUrl":"https:\/\/telemme.mmsh.fr\/wp-content\/uploads\/2021\/09\/3840x2160px_UHD.jpg","datePublished":"2021-09-08T13:47:00+00:00","dateModified":"2021-09-08T13:53:30+00:00","description":"monde en mouvement \u00bb organis\u00e9 par la Mission Interdisciplinarit\u00e9(s) d\u2019Aix-Marseille Universit\u00e9 consacr\u00e9e aux Industries culturelles et cr\u00e9atives : Sophie Gebeil et Agn\u00e8s Maury, Alexandre Grondeau et Pierre Sint\u00e8s","breadcrumb":{"@id":"https:\/\/telemme.mmsh.fr\/?p=9496#breadcrumb"},"inLanguage":"fr-FR","potentialAction":[{"@type":"ReadAction","target":["https:\/\/telemme.mmsh.fr\/?p=9496"]}]},{"@type":"ImageObject","inLanguage":"fr-FR","@id":"https:\/\/telemme.mmsh.fr\/?p=9496#primaryimage","url":"https:\/\/telemme.mmsh.fr\/wp-content\/uploads\/2021\/09\/3840x2160px_UHD.jpg","contentUrl":"https:\/\/telemme.mmsh.fr\/wp-content\/uploads\/2021\/09\/3840x2160px_UHD.jpg","width":930,"height":523,"caption":"Visuel du cycle Industries Culturelles et Cr\u00e9atives - Immersions narratives, AMU"},{"@type":"BreadcrumbList","@id":"https:\/\/telemme.mmsh.fr\/?p=9496#breadcrumb","itemListElement":[{"@type":"ListItem","position":1,"name":"Accueil","item":"https:\/\/telemme.mmsh.fr\/"},{"@type":"ListItem","position":2,"name":"Actualit\u00e9s","item":"https:\/\/telemme.mmsh.fr\/?cat=1995"},{"@type":"ListItem","position":3,"name":"Rencontres","item":"https:\/\/telemme.mmsh.fr\/?cat=1992"},{"@type":"ListItem","position":4,"name":"TELEMMe \u00e0 la journ\u00e9e \u00ab\u00a0Industries culturelles et cr\u00e9atives &#8211; Immersions narratives\u00a0\u00bb d&rsquo;AMU"}]},{"@type":"WebSite","@id":"https:\/\/telemme.mmsh.fr\/#website","url":"https:\/\/telemme.mmsh.fr\/","name":"TELEMMe - Temps, espaces, langages, Europe m\u00e9ridionale, M\u00e9diterran\u00e9e","description":"","publisher":{"@id":"https:\/\/telemme.mmsh.fr\/#organization"},"potentialAction":[{"@type":"SearchAction","target":{"@type":"EntryPoint","urlTemplate":"https:\/\/telemme.mmsh.fr\/?s={search_term_string}"},"query-input":{"@type":"PropertyValueSpecification","valueRequired":true,"valueName":"search_term_string"}}],"inLanguage":"fr-FR"},{"@type":"Organization","@id":"https:\/\/telemme.mmsh.fr\/#organization","name":"TELEMMe","url":"https:\/\/telemme.mmsh.fr\/","logo":{"@type":"ImageObject","inLanguage":"fr-FR","@id":"https:\/\/telemme.mmsh.fr\/#\/schema\/logo\/image\/","url":"https:\/\/telemme.mmsh.fr\/wp-content\/uploads\/2020\/03\/LogoTELEMMe-horizontal-fond-transparent.png","contentUrl":"https:\/\/telemme.mmsh.fr\/wp-content\/uploads\/2020\/03\/LogoTELEMMe-horizontal-fond-transparent.png","width":1500,"height":437,"caption":"TELEMMe"},"image":{"@id":"https:\/\/telemme.mmsh.fr\/#\/schema\/logo\/image\/"}},{"@type":"Person","@id":"https:\/\/telemme.mmsh.fr\/#\/schema\/person\/86a185da4836381586528ced48e263f5","name":"Delphine Cavallo","url":"https:\/\/telemme.mmsh.fr\/?author=6"}]}},"_links":{"self":[{"href":"https:\/\/telemme.mmsh.fr\/index.php?rest_route=\/wp\/v2\/posts\/9496","targetHints":{"allow":["GET"]}}],"collection":[{"href":"https:\/\/telemme.mmsh.fr\/index.php?rest_route=\/wp\/v2\/posts"}],"about":[{"href":"https:\/\/telemme.mmsh.fr\/index.php?rest_route=\/wp\/v2\/types\/post"}],"author":[{"embeddable":true,"href":"https:\/\/telemme.mmsh.fr\/index.php?rest_route=\/wp\/v2\/users\/6"}],"replies":[{"embeddable":true,"href":"https:\/\/telemme.mmsh.fr\/index.php?rest_route=%2Fwp%2Fv2%2Fcomments&post=9496"}],"version-history":[{"count":16,"href":"https:\/\/telemme.mmsh.fr\/index.php?rest_route=\/wp\/v2\/posts\/9496\/revisions"}],"predecessor-version":[{"id":9517,"href":"https:\/\/telemme.mmsh.fr\/index.php?rest_route=\/wp\/v2\/posts\/9496\/revisions\/9517"}],"wp:featuredmedia":[{"embeddable":true,"href":"https:\/\/telemme.mmsh.fr\/index.php?rest_route=\/wp\/v2\/media\/9497"}],"wp:attachment":[{"href":"https:\/\/telemme.mmsh.fr\/index.php?rest_route=%2Fwp%2Fv2%2Fmedia&parent=9496"}],"wp:term":[{"taxonomy":"category","embeddable":true,"href":"https:\/\/telemme.mmsh.fr\/index.php?rest_route=%2Fwp%2Fv2%2Fcategories&post=9496"},{"taxonomy":"post_tag","embeddable":true,"href":"https:\/\/telemme.mmsh.fr\/index.php?rest_route=%2Fwp%2Fv2%2Ftags&post=9496"}],"curies":[{"name":"wp","href":"https:\/\/api.w.org\/{rel}","templated":true}]}}