{"id":9402,"date":"2020-11-24T16:32:00","date_gmt":"2020-11-24T15:32:00","guid":{"rendered":"https:\/\/telemme.mmsh.fr\/?p=9402"},"modified":"2021-09-01T16:33:12","modified_gmt":"2021-09-01T14:33:12","slug":"ou-va-lhistoire-du-livre","status":"publish","type":"post","link":"https:\/\/telemme.mmsh.fr\/?p=9402","title":{"rendered":"O\u00f9 va l&rsquo;histoire du livre ?"},"content":{"rendered":"\n<p><strong><a href=\"https:\/\/revues.droz.org\/index.php\/HCL\/issue\/view\/2020_16\">O\u00f9 va l&rsquo;histoire du livre ?<\/a> Bilans et chantiers dans le sillage d&rsquo;Henri-Jean Martin (1924-2007)<\/strong>,  Dossier \u00e9dit\u00e9 par Christine B\u00e9n\u00e9vent, Emmanuelle Chapron et Jean-Dominique Mellot, <em>Histoire et civilisation du livre &#8211; Revue internationale<\/em>, Vol. 16 (2020)<\/p>\n\n\n\n<p>\u00ab\u00a0Il \u00e9tait difficile, pour une revue intitul\u00e9e\u00a0<em>Histoire et civilisation du livre<\/em>\u00a0\u2013\u00a0en r\u00e9sonance avec la conf\u00e9rence cr\u00e9\u00e9e pour Henri-Jean Martin \u00e0 l\u2019\u00c9cole pratique des Hautes \u00c9tudes en 1963\u00a0\u2013, revue o\u00f9 abondent r\u00e9f\u00e9rences et allusions directes ou diffuses \u00e0 ses \u00e9crits, de ne pas consacrer, \u00e0 maintenant plus de treize ans de sa mort, un dossier \u00e0 part enti\u00e8re au p\u00e8re fondateur de l\u2019histoire du livre et \u00e0 ce qu\u2019il a pu l\u00e9guer ou inspirer.\u00a0(&#8230;) \u00ab\u00a0<\/p>\n\n\n\n<p class=\"has-text-align-right\">Jean-Dominique MELLOT, extrait de l&rsquo;<a href=\"https:\/\/revues.droz.org\/index.php\/HCL\/article\/view\/2590\/4381\">introduction du dossier<\/a><\/p>\n","protected":false},"excerpt":{"rendered":"<p>O\u00f9 va l&rsquo;histoire du livre ? Bilans et chantiers dans le sillage d&rsquo;Henri-Jean Martin (1924-2007), Dossier \u00e9dit\u00e9 par Christine B\u00e9n\u00e9vent, Emmanuelle Chapron et Jean-Dominique Mellot, Histoire et civilisation du livre&hellip;&nbsp;<a href=\"https:\/\/telemme.mmsh.fr\/?p=9402\" rel=\"bookmark\">Lire la suite &raquo;<span class=\"screen-reader-text\">O\u00f9 va l&rsquo;histoire du livre ?<\/span><\/a><\/p>\n","protected":false},"author":6,"featured_media":9406,"comment_status":"closed","ping_status":"closed","sticky":false,"template":"","format":"standard","meta":{"neve_meta_sidebar":"","neve_meta_container":"","neve_meta_enable_content_width":"","neve_meta_content_width":0,"neve_meta_title_alignment":"","neve_meta_author_avatar":"","neve_post_elements_order":"","neve_meta_disable_header":"","neve_meta_disable_footer":"","neve_meta_disable_title":"","_tribe_events_control_status":"","_tribe_events_control_status_canceled_reason":"","_tribe_events_control_status_postponed_reason":"","_tribe_events_control_online":"","_tribe_events_control_online_url":"","footnotes":""},"categories":[1744],"tags":[2147],"class_list":["post-9402","post","type-post","status-publish","format-standard","has-post-thumbnail","hentry","category-dir-num-revue","tag-histoire-du-livre"],"yoast_head":"<!-- This site is optimized with the Yoast SEO plugin v27.4 - https:\/\/yoast.com\/product\/yoast-seo-wordpress\/ -->\n<title>O\u00f9 va l&#039;histoire du livre ? - TELEMMe - Temps, espaces, langages, Europe m\u00e9ridionale, M\u00e9diterran\u00e9e<\/title>\n<meta name=\"robots\" content=\"index, follow, max-snippet:-1, max-image-preview:large, max-video-preview:-1\" \/>\n<link rel=\"canonical\" href=\"https:\/\/telemme.mmsh.fr\/?p=9402\" \/>\n<meta property=\"og:locale\" content=\"fr_FR\" \/>\n<meta property=\"og:type\" content=\"article\" \/>\n<meta property=\"og:title\" content=\"O\u00f9 va l&#039;histoire du livre ? - TELEMMe - Temps, espaces, langages, Europe m\u00e9ridionale, M\u00e9diterran\u00e9e\" \/>\n<meta property=\"og:description\" content=\"O\u00f9 va l&rsquo;histoire du livre ? Bilans et chantiers dans le sillage d&rsquo;Henri-Jean Martin (1924-2007), Dossier \u00e9dit\u00e9 par Christine B\u00e9n\u00e9vent, Emmanuelle Chapron et Jean-Dominique Mellot, Histoire et civilisation du livre&hellip;&nbsp;Lire la suite &raquo;O\u00f9 va l&rsquo;histoire du livre ?\" \/>\n<meta property=\"og:url\" content=\"https:\/\/telemme.mmsh.fr\/?p=9402\" \/>\n<meta property=\"og:site_name\" content=\"TELEMMe - Temps, espaces, langages, Europe m\u00e9ridionale, M\u00e9diterran\u00e9e\" \/>\n<meta property=\"article:published_time\" content=\"2020-11-24T15:32:00+00:00\" \/>\n<meta property=\"article:modified_time\" content=\"2021-09-01T14:33:12+00:00\" \/>\n<meta property=\"og:image\" content=\"https:\/\/telemme.mmsh.fr\/wp-content\/uploads\/2021\/09\/cover_issue_343_fr_FR-1.png\" \/>\n\t<meta property=\"og:image:width\" content=\"1314\" \/>\n\t<meta property=\"og:image:height\" content=\"1920\" \/>\n\t<meta property=\"og:image:type\" content=\"image\/png\" \/>\n<meta name=\"author\" content=\"Delphine Cavallo\" \/>\n<meta name=\"twitter:card\" content=\"summary_large_image\" \/>\n<meta name=\"twitter:label1\" content=\"\u00c9crit par\" \/>\n\t<meta name=\"twitter:data1\" content=\"Delphine Cavallo\" \/>\n\t<meta name=\"twitter:label2\" content=\"Dur\u00e9e de lecture estim\u00e9e\" \/>\n\t<meta name=\"twitter:data2\" content=\"1 minute\" \/>\n<script type=\"application\/ld+json\" class=\"yoast-schema-graph\">{\"@context\":\"https:\\\/\\\/schema.org\",\"@graph\":[{\"@type\":\"Article\",\"@id\":\"https:\\\/\\\/telemme.mmsh.fr\\\/?p=9402#article\",\"isPartOf\":{\"@id\":\"https:\\\/\\\/telemme.mmsh.fr\\\/?p=9402\"},\"author\":{\"name\":\"Delphine Cavallo\",\"@id\":\"https:\\\/\\\/telemme.mmsh.fr\\\/#\\\/schema\\\/person\\\/86a185da4836381586528ced48e263f5\"},\"headline\":\"O\u00f9 va l&rsquo;histoire du livre ?\",\"datePublished\":\"2020-11-24T15:32:00+00:00\",\"dateModified\":\"2021-09-01T14:33:12+00:00\",\"mainEntityOfPage\":{\"@id\":\"https:\\\/\\\/telemme.mmsh.fr\\\/?p=9402\"},\"wordCount\":132,\"publisher\":{\"@id\":\"https:\\\/\\\/telemme.mmsh.fr\\\/#organization\"},\"image\":{\"@id\":\"https:\\\/\\\/telemme.mmsh.fr\\\/?p=9402#primaryimage\"},\"thumbnailUrl\":\"https:\\\/\\\/telemme.mmsh.fr\\\/wp-content\\\/uploads\\\/2021\\\/09\\\/cover_issue_343_fr_FR-1.png\",\"keywords\":[\"histoire du livre\"],\"articleSection\":[\"Directions de num\u00e9ro de revue\"],\"inLanguage\":\"fr-FR\"},{\"@type\":\"WebPage\",\"@id\":\"https:\\\/\\\/telemme.mmsh.fr\\\/?p=9402\",\"url\":\"https:\\\/\\\/telemme.mmsh.fr\\\/?p=9402\",\"name\":\"O\u00f9 va l'histoire du livre ? - TELEMMe - Temps, espaces, langages, Europe m\u00e9ridionale, M\u00e9diterran\u00e9e\",\"isPartOf\":{\"@id\":\"https:\\\/\\\/telemme.mmsh.fr\\\/#website\"},\"primaryImageOfPage\":{\"@id\":\"https:\\\/\\\/telemme.mmsh.fr\\\/?p=9402#primaryimage\"},\"image\":{\"@id\":\"https:\\\/\\\/telemme.mmsh.fr\\\/?p=9402#primaryimage\"},\"thumbnailUrl\":\"https:\\\/\\\/telemme.mmsh.fr\\\/wp-content\\\/uploads\\\/2021\\\/09\\\/cover_issue_343_fr_FR-1.png\",\"datePublished\":\"2020-11-24T15:32:00+00:00\",\"dateModified\":\"2021-09-01T14:33:12+00:00\",\"breadcrumb\":{\"@id\":\"https:\\\/\\\/telemme.mmsh.fr\\\/?p=9402#breadcrumb\"},\"inLanguage\":\"fr-FR\",\"potentialAction\":[{\"@type\":\"ReadAction\",\"target\":[\"https:\\\/\\\/telemme.mmsh.fr\\\/?p=9402\"]}]},{\"@type\":\"ImageObject\",\"inLanguage\":\"fr-FR\",\"@id\":\"https:\\\/\\\/telemme.mmsh.fr\\\/?p=9402#primaryimage\",\"url\":\"https:\\\/\\\/telemme.mmsh.fr\\\/wp-content\\\/uploads\\\/2021\\\/09\\\/cover_issue_343_fr_FR-1.png\",\"contentUrl\":\"https:\\\/\\\/telemme.mmsh.fr\\\/wp-content\\\/uploads\\\/2021\\\/09\\\/cover_issue_343_fr_FR-1.png\",\"width\":1314,\"height\":1920,\"caption\":\"Couverture de Histoire et civilisation du livre \u2013 Revue internationale, Vol. 16 (2020)\"},{\"@type\":\"BreadcrumbList\",\"@id\":\"https:\\\/\\\/telemme.mmsh.fr\\\/?p=9402#breadcrumb\",\"itemListElement\":[{\"@type\":\"ListItem\",\"position\":1,\"name\":\"Accueil\",\"item\":\"https:\\\/\\\/telemme.mmsh.fr\\\/\"},{\"@type\":\"ListItem\",\"position\":2,\"name\":\"Publications\",\"item\":\"https:\\\/\\\/telemme.mmsh.fr\\\/?cat=1738\"},{\"@type\":\"ListItem\",\"position\":3,\"name\":\"Directions de num\u00e9ro de revue\",\"item\":\"https:\\\/\\\/telemme.mmsh.fr\\\/?cat=1744\"},{\"@type\":\"ListItem\",\"position\":4,\"name\":\"O\u00f9 va l&rsquo;histoire du livre ?\"}]},{\"@type\":\"WebSite\",\"@id\":\"https:\\\/\\\/telemme.mmsh.fr\\\/#website\",\"url\":\"https:\\\/\\\/telemme.mmsh.fr\\\/\",\"name\":\"TELEMMe - Temps, espaces, langages, Europe m\u00e9ridionale, M\u00e9diterran\u00e9e\",\"description\":\"\",\"publisher\":{\"@id\":\"https:\\\/\\\/telemme.mmsh.fr\\\/#organization\"},\"potentialAction\":[{\"@type\":\"SearchAction\",\"target\":{\"@type\":\"EntryPoint\",\"urlTemplate\":\"https:\\\/\\\/telemme.mmsh.fr\\\/?s={search_term_string}\"},\"query-input\":{\"@type\":\"PropertyValueSpecification\",\"valueRequired\":true,\"valueName\":\"search_term_string\"}}],\"inLanguage\":\"fr-FR\"},{\"@type\":\"Organization\",\"@id\":\"https:\\\/\\\/telemme.mmsh.fr\\\/#organization\",\"name\":\"TELEMMe\",\"url\":\"https:\\\/\\\/telemme.mmsh.fr\\\/\",\"logo\":{\"@type\":\"ImageObject\",\"inLanguage\":\"fr-FR\",\"@id\":\"https:\\\/\\\/telemme.mmsh.fr\\\/#\\\/schema\\\/logo\\\/image\\\/\",\"url\":\"https:\\\/\\\/telemme.mmsh.fr\\\/wp-content\\\/uploads\\\/2020\\\/03\\\/LogoTELEMMe-horizontal-fond-transparent.png\",\"contentUrl\":\"https:\\\/\\\/telemme.mmsh.fr\\\/wp-content\\\/uploads\\\/2020\\\/03\\\/LogoTELEMMe-horizontal-fond-transparent.png\",\"width\":1500,\"height\":437,\"caption\":\"TELEMMe\"},\"image\":{\"@id\":\"https:\\\/\\\/telemme.mmsh.fr\\\/#\\\/schema\\\/logo\\\/image\\\/\"}},{\"@type\":\"Person\",\"@id\":\"https:\\\/\\\/telemme.mmsh.fr\\\/#\\\/schema\\\/person\\\/86a185da4836381586528ced48e263f5\",\"name\":\"Delphine Cavallo\",\"url\":\"https:\\\/\\\/telemme.mmsh.fr\\\/?author=6\"}]}<\/script>\n<!-- \/ Yoast SEO plugin. -->","yoast_head_json":{"title":"O\u00f9 va l'histoire du livre ? - TELEMMe - Temps, espaces, langages, Europe m\u00e9ridionale, M\u00e9diterran\u00e9e","robots":{"index":"index","follow":"follow","max-snippet":"max-snippet:-1","max-image-preview":"max-image-preview:large","max-video-preview":"max-video-preview:-1"},"canonical":"https:\/\/telemme.mmsh.fr\/?p=9402","og_locale":"fr_FR","og_type":"article","og_title":"O\u00f9 va l'histoire du livre ? - TELEMMe - Temps, espaces, langages, Europe m\u00e9ridionale, M\u00e9diterran\u00e9e","og_description":"O\u00f9 va l&rsquo;histoire du livre ? Bilans et chantiers dans le sillage d&rsquo;Henri-Jean Martin (1924-2007), Dossier \u00e9dit\u00e9 par Christine B\u00e9n\u00e9vent, Emmanuelle Chapron et Jean-Dominique Mellot, Histoire et civilisation du livre&hellip;&nbsp;Lire la suite &raquo;O\u00f9 va l&rsquo;histoire du livre ?","og_url":"https:\/\/telemme.mmsh.fr\/?p=9402","og_site_name":"TELEMMe - Temps, espaces, langages, Europe m\u00e9ridionale, M\u00e9diterran\u00e9e","article_published_time":"2020-11-24T15:32:00+00:00","article_modified_time":"2021-09-01T14:33:12+00:00","og_image":[{"width":1314,"height":1920,"url":"https:\/\/telemme.mmsh.fr\/wp-content\/uploads\/2021\/09\/cover_issue_343_fr_FR-1.png","type":"image\/png"}],"author":"Delphine Cavallo","twitter_card":"summary_large_image","twitter_misc":{"\u00c9crit par":"Delphine Cavallo","Dur\u00e9e de lecture estim\u00e9e":"1 minute"},"schema":{"@context":"https:\/\/schema.org","@graph":[{"@type":"Article","@id":"https:\/\/telemme.mmsh.fr\/?p=9402#article","isPartOf":{"@id":"https:\/\/telemme.mmsh.fr\/?p=9402"},"author":{"name":"Delphine Cavallo","@id":"https:\/\/telemme.mmsh.fr\/#\/schema\/person\/86a185da4836381586528ced48e263f5"},"headline":"O\u00f9 va l&rsquo;histoire du livre ?","datePublished":"2020-11-24T15:32:00+00:00","dateModified":"2021-09-01T14:33:12+00:00","mainEntityOfPage":{"@id":"https:\/\/telemme.mmsh.fr\/?p=9402"},"wordCount":132,"publisher":{"@id":"https:\/\/telemme.mmsh.fr\/#organization"},"image":{"@id":"https:\/\/telemme.mmsh.fr\/?p=9402#primaryimage"},"thumbnailUrl":"https:\/\/telemme.mmsh.fr\/wp-content\/uploads\/2021\/09\/cover_issue_343_fr_FR-1.png","keywords":["histoire du livre"],"articleSection":["Directions de num\u00e9ro de revue"],"inLanguage":"fr-FR"},{"@type":"WebPage","@id":"https:\/\/telemme.mmsh.fr\/?p=9402","url":"https:\/\/telemme.mmsh.fr\/?p=9402","name":"O\u00f9 va l'histoire du livre ? - TELEMMe - Temps, espaces, langages, Europe m\u00e9ridionale, M\u00e9diterran\u00e9e","isPartOf":{"@id":"https:\/\/telemme.mmsh.fr\/#website"},"primaryImageOfPage":{"@id":"https:\/\/telemme.mmsh.fr\/?p=9402#primaryimage"},"image":{"@id":"https:\/\/telemme.mmsh.fr\/?p=9402#primaryimage"},"thumbnailUrl":"https:\/\/telemme.mmsh.fr\/wp-content\/uploads\/2021\/09\/cover_issue_343_fr_FR-1.png","datePublished":"2020-11-24T15:32:00+00:00","dateModified":"2021-09-01T14:33:12+00:00","breadcrumb":{"@id":"https:\/\/telemme.mmsh.fr\/?p=9402#breadcrumb"},"inLanguage":"fr-FR","potentialAction":[{"@type":"ReadAction","target":["https:\/\/telemme.mmsh.fr\/?p=9402"]}]},{"@type":"ImageObject","inLanguage":"fr-FR","@id":"https:\/\/telemme.mmsh.fr\/?p=9402#primaryimage","url":"https:\/\/telemme.mmsh.fr\/wp-content\/uploads\/2021\/09\/cover_issue_343_fr_FR-1.png","contentUrl":"https:\/\/telemme.mmsh.fr\/wp-content\/uploads\/2021\/09\/cover_issue_343_fr_FR-1.png","width":1314,"height":1920,"caption":"Couverture de Histoire et civilisation du livre \u2013 Revue internationale, Vol. 16 (2020)"},{"@type":"BreadcrumbList","@id":"https:\/\/telemme.mmsh.fr\/?p=9402#breadcrumb","itemListElement":[{"@type":"ListItem","position":1,"name":"Accueil","item":"https:\/\/telemme.mmsh.fr\/"},{"@type":"ListItem","position":2,"name":"Publications","item":"https:\/\/telemme.mmsh.fr\/?cat=1738"},{"@type":"ListItem","position":3,"name":"Directions de num\u00e9ro de revue","item":"https:\/\/telemme.mmsh.fr\/?cat=1744"},{"@type":"ListItem","position":4,"name":"O\u00f9 va l&rsquo;histoire du livre ?"}]},{"@type":"WebSite","@id":"https:\/\/telemme.mmsh.fr\/#website","url":"https:\/\/telemme.mmsh.fr\/","name":"TELEMMe - Temps, espaces, langages, Europe m\u00e9ridionale, M\u00e9diterran\u00e9e","description":"","publisher":{"@id":"https:\/\/telemme.mmsh.fr\/#organization"},"potentialAction":[{"@type":"SearchAction","target":{"@type":"EntryPoint","urlTemplate":"https:\/\/telemme.mmsh.fr\/?s={search_term_string}"},"query-input":{"@type":"PropertyValueSpecification","valueRequired":true,"valueName":"search_term_string"}}],"inLanguage":"fr-FR"},{"@type":"Organization","@id":"https:\/\/telemme.mmsh.fr\/#organization","name":"TELEMMe","url":"https:\/\/telemme.mmsh.fr\/","logo":{"@type":"ImageObject","inLanguage":"fr-FR","@id":"https:\/\/telemme.mmsh.fr\/#\/schema\/logo\/image\/","url":"https:\/\/telemme.mmsh.fr\/wp-content\/uploads\/2020\/03\/LogoTELEMMe-horizontal-fond-transparent.png","contentUrl":"https:\/\/telemme.mmsh.fr\/wp-content\/uploads\/2020\/03\/LogoTELEMMe-horizontal-fond-transparent.png","width":1500,"height":437,"caption":"TELEMMe"},"image":{"@id":"https:\/\/telemme.mmsh.fr\/#\/schema\/logo\/image\/"}},{"@type":"Person","@id":"https:\/\/telemme.mmsh.fr\/#\/schema\/person\/86a185da4836381586528ced48e263f5","name":"Delphine Cavallo","url":"https:\/\/telemme.mmsh.fr\/?author=6"}]}},"_links":{"self":[{"href":"https:\/\/telemme.mmsh.fr\/index.php?rest_route=\/wp\/v2\/posts\/9402","targetHints":{"allow":["GET"]}}],"collection":[{"href":"https:\/\/telemme.mmsh.fr\/index.php?rest_route=\/wp\/v2\/posts"}],"about":[{"href":"https:\/\/telemme.mmsh.fr\/index.php?rest_route=\/wp\/v2\/types\/post"}],"author":[{"embeddable":true,"href":"https:\/\/telemme.mmsh.fr\/index.php?rest_route=\/wp\/v2\/users\/6"}],"replies":[{"embeddable":true,"href":"https:\/\/telemme.mmsh.fr\/index.php?rest_route=%2Fwp%2Fv2%2Fcomments&post=9402"}],"version-history":[{"count":2,"href":"https:\/\/telemme.mmsh.fr\/index.php?rest_route=\/wp\/v2\/posts\/9402\/revisions"}],"predecessor-version":[{"id":9405,"href":"https:\/\/telemme.mmsh.fr\/index.php?rest_route=\/wp\/v2\/posts\/9402\/revisions\/9405"}],"wp:featuredmedia":[{"embeddable":true,"href":"https:\/\/telemme.mmsh.fr\/index.php?rest_route=\/wp\/v2\/media\/9406"}],"wp:attachment":[{"href":"https:\/\/telemme.mmsh.fr\/index.php?rest_route=%2Fwp%2Fv2%2Fmedia&parent=9402"}],"wp:term":[{"taxonomy":"category","embeddable":true,"href":"https:\/\/telemme.mmsh.fr\/index.php?rest_route=%2Fwp%2Fv2%2Fcategories&post=9402"},{"taxonomy":"post_tag","embeddable":true,"href":"https:\/\/telemme.mmsh.fr\/index.php?rest_route=%2Fwp%2Fv2%2Ftags&post=9402"}],"curies":[{"name":"wp","href":"https:\/\/api.w.org\/{rel}","templated":true}]}}