{"id":9398,"date":"2020-11-25T16:19:00","date_gmt":"2020-11-25T15:19:00","guid":{"rendered":"https:\/\/telemme.mmsh.fr\/?p=9398"},"modified":"2021-09-01T16:24:02","modified_gmt":"2021-09-01T14:24:02","slug":"sacrees-guerres-de-catherine-de-medicis-a-henri-iv","status":"publish","type":"post","link":"https:\/\/telemme.mmsh.fr\/?p=9398","title":{"rendered":"Sacr\u00e9es guerres. De Catherine de M\u00e9dicis \u00e0 Henri IV"},"content":{"rendered":"\n<p><em><strong><a href=\"https:\/\/www.editionsladecouverte.fr\/sacrees_guerres-9782348057830\">Sacr\u00e9es guerres<\/a><\/strong>. <strong>De Catherine de M\u00e9dicis \u00e0 Henri IV<\/strong><\/em>, J\u00e9r\u00e9mie Foa et Pochep, La D\u00e9couverte, La Revue dessin\u00e9e, coll. \u00ab Histoire dessin\u00e9e de la France \u00bb, 2020, 163 p.<\/p>\n\n\n\n<p>Et si les guerres de Religion n\u2019\u00e9taient pas si lointaines ? Si elles \u00e9taient au contraire d\u2019une br\u00fblante actualit\u00e9 ? Attentats, massacres, radicalisations religieuses, guerres civiles\u2026 Notre \u00e9poque regorge de violences commises au nom de Dieu. Elle partage avec la fin du XVI<sup>e<\/sup>\u00a0si\u00e8cle une fi\u00e9vreuse angoisse, encore redoubl\u00e9e par la r\u00e9volution m\u00e9diatique. Face au danger, le pass\u00e9 cogne \u00e0 la porte : des revenants, survivants du massacre de la Saint-Barth\u00e9lemy, r\u00e9clament ici justice. Il faut rouvrir l\u2019enqu\u00eate, greffer un nouveau visage aux guerres de Religion. Aid\u00e9s d\u2019un cam\u00e9raman amateur, les spectres vont revenir sur les lieux pour y remuer la poussi\u00e8re du temps, traquer les t\u00e9moins, fouiller les archives \u00e0 la recherche du sens perdu de ces cinquante ans de guerres civiles. Ils vont refaire le film.<\/p>\n","protected":false},"excerpt":{"rendered":"<p>Et si les guerres de Religion n\u2019\u00e9taient pas si lointaines ? Si elles \u00e9taient au contraire d\u2019une br\u00fblante actualit\u00e9 ? Attentats, massacres, radicalisations religieuses, guerres civiles\u2026 Notre \u00e9poque regorge de violences commises au nom de Di<\/p>\n","protected":false},"author":6,"featured_media":9400,"comment_status":"closed","ping_status":"closed","sticky":false,"template":"","format":"standard","meta":{"neve_meta_sidebar":"","neve_meta_container":"","neve_meta_enable_content_width":"","neve_meta_content_width":0,"neve_meta_title_alignment":"","neve_meta_author_avatar":"","neve_post_elements_order":"","neve_meta_disable_header":"","neve_meta_disable_footer":"","neve_meta_disable_title":"","_tribe_events_control_status":"","_tribe_events_control_status_canceled_reason":"","_tribe_events_control_status_postponed_reason":"","_tribe_events_control_online":"","_tribe_events_control_online_url":"","footnotes":""},"categories":[1740],"tags":[2012,2018],"class_list":["post-9398","post","type-post","status-publish","format-standard","has-post-thumbnail","hentry","category-ouvrages","tag-bande-dessinee","tag-guerres-de-religion"],"yoast_head":"<!-- This site is optimized with the Yoast SEO plugin v27.4 - https:\/\/yoast.com\/product\/yoast-seo-wordpress\/ -->\n<title>Sacr\u00e9es guerres. De Catherine de M\u00e9dicis \u00e0 Henri IV - TELEMMe - Temps, espaces, langages, Europe m\u00e9ridionale, M\u00e9diterran\u00e9e<\/title>\n<meta name=\"description\" content=\"Parution de Sacr\u00e9es guerres. De Catherine de M\u00e9dicis \u00e0 Henri IV. Et si les guerres de Religion n\u2019\u00e9taient pas si lointaines ? Si elles \u00e9taient au contraire d\u2019une br\u00fblante actualit\u00e9 ? Attentats, massacres, radicalisations religieuses, guerres civiles\u2026 Notre \u00e9poque regorge de violences commises au nom de Dieu. Elle partage avec la fin du XVIe\u00a0si\u00e8cle une fi\u00e9vreuse angoisse, encore redoubl\u00e9e par la r\u00e9volution m\u00e9diatique.\" \/>\n<meta name=\"robots\" content=\"index, follow, max-snippet:-1, max-image-preview:large, max-video-preview:-1\" \/>\n<link rel=\"canonical\" href=\"https:\/\/telemme.mmsh.fr\/?p=9398\" \/>\n<meta property=\"og:locale\" content=\"fr_FR\" \/>\n<meta property=\"og:type\" content=\"article\" \/>\n<meta property=\"og:title\" content=\"Sacr\u00e9es guerres. De Catherine de M\u00e9dicis \u00e0 Henri IV - TELEMMe - Temps, espaces, langages, Europe m\u00e9ridionale, M\u00e9diterran\u00e9e\" \/>\n<meta property=\"og:description\" content=\"Parution de Sacr\u00e9es guerres. De Catherine de M\u00e9dicis \u00e0 Henri IV. Et si les guerres de Religion n\u2019\u00e9taient pas si lointaines ? Si elles \u00e9taient au contraire d\u2019une br\u00fblante actualit\u00e9 ? Attentats, massacres, radicalisations religieuses, guerres civiles\u2026 Notre \u00e9poque regorge de violences commises au nom de Dieu. Elle partage avec la fin du XVIe\u00a0si\u00e8cle une fi\u00e9vreuse angoisse, encore redoubl\u00e9e par la r\u00e9volution m\u00e9diatique.\" \/>\n<meta property=\"og:url\" content=\"https:\/\/telemme.mmsh.fr\/?p=9398\" \/>\n<meta property=\"og:site_name\" content=\"TELEMMe - Temps, espaces, langages, Europe m\u00e9ridionale, M\u00e9diterran\u00e9e\" \/>\n<meta property=\"article:published_time\" content=\"2020-11-25T15:19:00+00:00\" \/>\n<meta property=\"article:modified_time\" content=\"2021-09-01T14:24:02+00:00\" \/>\n<meta property=\"og:image\" content=\"https:\/\/telemme.mmsh.fr\/wp-content\/uploads\/2021\/09\/9782348057830.jpg\" \/>\n\t<meta property=\"og:image:width\" content=\"800\" \/>\n\t<meta property=\"og:image:height\" content=\"984\" \/>\n\t<meta property=\"og:image:type\" content=\"image\/jpeg\" \/>\n<meta name=\"author\" content=\"Delphine Cavallo\" \/>\n<meta name=\"twitter:card\" content=\"summary_large_image\" \/>\n<meta name=\"twitter:label1\" content=\"\u00c9crit par\" \/>\n\t<meta name=\"twitter:data1\" content=\"Delphine Cavallo\" \/>\n\t<meta name=\"twitter:label2\" content=\"Dur\u00e9e de lecture estim\u00e9e\" \/>\n\t<meta name=\"twitter:data2\" content=\"1 minute\" \/>\n<script type=\"application\/ld+json\" class=\"yoast-schema-graph\">{\"@context\":\"https:\\\/\\\/schema.org\",\"@graph\":[{\"@type\":\"Article\",\"@id\":\"https:\\\/\\\/telemme.mmsh.fr\\\/?p=9398#article\",\"isPartOf\":{\"@id\":\"https:\\\/\\\/telemme.mmsh.fr\\\/?p=9398\"},\"author\":{\"name\":\"Delphine Cavallo\",\"@id\":\"https:\\\/\\\/telemme.mmsh.fr\\\/#\\\/schema\\\/person\\\/86a185da4836381586528ced48e263f5\"},\"headline\":\"Sacr\u00e9es guerres. De Catherine de M\u00e9dicis \u00e0 Henri IV\",\"datePublished\":\"2020-11-25T15:19:00+00:00\",\"dateModified\":\"2021-09-01T14:24:02+00:00\",\"mainEntityOfPage\":{\"@id\":\"https:\\\/\\\/telemme.mmsh.fr\\\/?p=9398\"},\"wordCount\":181,\"publisher\":{\"@id\":\"https:\\\/\\\/telemme.mmsh.fr\\\/#organization\"},\"image\":{\"@id\":\"https:\\\/\\\/telemme.mmsh.fr\\\/?p=9398#primaryimage\"},\"thumbnailUrl\":\"https:\\\/\\\/telemme.mmsh.fr\\\/wp-content\\\/uploads\\\/2021\\\/09\\\/9782348057830.jpg\",\"keywords\":[\"bande dessin\u00e9e\",\"guerres de Religion\"],\"articleSection\":[\"Ouvrages\"],\"inLanguage\":\"fr-FR\"},{\"@type\":\"WebPage\",\"@id\":\"https:\\\/\\\/telemme.mmsh.fr\\\/?p=9398\",\"url\":\"https:\\\/\\\/telemme.mmsh.fr\\\/?p=9398\",\"name\":\"Sacr\u00e9es guerres. De Catherine de M\u00e9dicis \u00e0 Henri IV - TELEMMe - Temps, espaces, langages, Europe m\u00e9ridionale, M\u00e9diterran\u00e9e\",\"isPartOf\":{\"@id\":\"https:\\\/\\\/telemme.mmsh.fr\\\/#website\"},\"primaryImageOfPage\":{\"@id\":\"https:\\\/\\\/telemme.mmsh.fr\\\/?p=9398#primaryimage\"},\"image\":{\"@id\":\"https:\\\/\\\/telemme.mmsh.fr\\\/?p=9398#primaryimage\"},\"thumbnailUrl\":\"https:\\\/\\\/telemme.mmsh.fr\\\/wp-content\\\/uploads\\\/2021\\\/09\\\/9782348057830.jpg\",\"datePublished\":\"2020-11-25T15:19:00+00:00\",\"dateModified\":\"2021-09-01T14:24:02+00:00\",\"description\":\"Parution de Sacr\u00e9es guerres. De Catherine de M\u00e9dicis \u00e0 Henri IV. Et si les guerres de Religion n\u2019\u00e9taient pas si lointaines ? Si elles \u00e9taient au contraire d\u2019une br\u00fblante actualit\u00e9 ? Attentats, massacres, radicalisations religieuses, guerres civiles\u2026 Notre \u00e9poque regorge de violences commises au nom de Dieu. Elle partage avec la fin du XVIe\u00a0si\u00e8cle une fi\u00e9vreuse angoisse, encore redoubl\u00e9e par la r\u00e9volution m\u00e9diatique.\",\"breadcrumb\":{\"@id\":\"https:\\\/\\\/telemme.mmsh.fr\\\/?p=9398#breadcrumb\"},\"inLanguage\":\"fr-FR\",\"potentialAction\":[{\"@type\":\"ReadAction\",\"target\":[\"https:\\\/\\\/telemme.mmsh.fr\\\/?p=9398\"]}]},{\"@type\":\"ImageObject\",\"inLanguage\":\"fr-FR\",\"@id\":\"https:\\\/\\\/telemme.mmsh.fr\\\/?p=9398#primaryimage\",\"url\":\"https:\\\/\\\/telemme.mmsh.fr\\\/wp-content\\\/uploads\\\/2021\\\/09\\\/9782348057830.jpg\",\"contentUrl\":\"https:\\\/\\\/telemme.mmsh.fr\\\/wp-content\\\/uploads\\\/2021\\\/09\\\/9782348057830.jpg\",\"width\":800,\"height\":984,\"caption\":\"Couverture de Sacr\u00e9es guerres\"},{\"@type\":\"BreadcrumbList\",\"@id\":\"https:\\\/\\\/telemme.mmsh.fr\\\/?p=9398#breadcrumb\",\"itemListElement\":[{\"@type\":\"ListItem\",\"position\":1,\"name\":\"Accueil\",\"item\":\"https:\\\/\\\/telemme.mmsh.fr\\\/\"},{\"@type\":\"ListItem\",\"position\":2,\"name\":\"Publications\",\"item\":\"https:\\\/\\\/telemme.mmsh.fr\\\/?cat=1738\"},{\"@type\":\"ListItem\",\"position\":3,\"name\":\"Ouvrages\",\"item\":\"https:\\\/\\\/telemme.mmsh.fr\\\/?cat=1740\"},{\"@type\":\"ListItem\",\"position\":4,\"name\":\"Sacr\u00e9es guerres. De Catherine de M\u00e9dicis \u00e0 Henri IV\"}]},{\"@type\":\"WebSite\",\"@id\":\"https:\\\/\\\/telemme.mmsh.fr\\\/#website\",\"url\":\"https:\\\/\\\/telemme.mmsh.fr\\\/\",\"name\":\"TELEMMe - Temps, espaces, langages, Europe m\u00e9ridionale, M\u00e9diterran\u00e9e\",\"description\":\"\",\"publisher\":{\"@id\":\"https:\\\/\\\/telemme.mmsh.fr\\\/#organization\"},\"potentialAction\":[{\"@type\":\"SearchAction\",\"target\":{\"@type\":\"EntryPoint\",\"urlTemplate\":\"https:\\\/\\\/telemme.mmsh.fr\\\/?s={search_term_string}\"},\"query-input\":{\"@type\":\"PropertyValueSpecification\",\"valueRequired\":true,\"valueName\":\"search_term_string\"}}],\"inLanguage\":\"fr-FR\"},{\"@type\":\"Organization\",\"@id\":\"https:\\\/\\\/telemme.mmsh.fr\\\/#organization\",\"name\":\"TELEMMe\",\"url\":\"https:\\\/\\\/telemme.mmsh.fr\\\/\",\"logo\":{\"@type\":\"ImageObject\",\"inLanguage\":\"fr-FR\",\"@id\":\"https:\\\/\\\/telemme.mmsh.fr\\\/#\\\/schema\\\/logo\\\/image\\\/\",\"url\":\"https:\\\/\\\/telemme.mmsh.fr\\\/wp-content\\\/uploads\\\/2020\\\/03\\\/LogoTELEMMe-horizontal-fond-transparent.png\",\"contentUrl\":\"https:\\\/\\\/telemme.mmsh.fr\\\/wp-content\\\/uploads\\\/2020\\\/03\\\/LogoTELEMMe-horizontal-fond-transparent.png\",\"width\":1500,\"height\":437,\"caption\":\"TELEMMe\"},\"image\":{\"@id\":\"https:\\\/\\\/telemme.mmsh.fr\\\/#\\\/schema\\\/logo\\\/image\\\/\"}},{\"@type\":\"Person\",\"@id\":\"https:\\\/\\\/telemme.mmsh.fr\\\/#\\\/schema\\\/person\\\/86a185da4836381586528ced48e263f5\",\"name\":\"Delphine Cavallo\",\"url\":\"https:\\\/\\\/telemme.mmsh.fr\\\/?author=6\"}]}<\/script>\n<!-- \/ Yoast SEO plugin. -->","yoast_head_json":{"title":"Sacr\u00e9es guerres. De Catherine de M\u00e9dicis \u00e0 Henri IV - TELEMMe - Temps, espaces, langages, Europe m\u00e9ridionale, M\u00e9diterran\u00e9e","description":"Parution de Sacr\u00e9es guerres. De Catherine de M\u00e9dicis \u00e0 Henri IV. Et si les guerres de Religion n\u2019\u00e9taient pas si lointaines ? Si elles \u00e9taient au contraire d\u2019une br\u00fblante actualit\u00e9 ? Attentats, massacres, radicalisations religieuses, guerres civiles\u2026 Notre \u00e9poque regorge de violences commises au nom de Dieu. Elle partage avec la fin du XVIe\u00a0si\u00e8cle une fi\u00e9vreuse angoisse, encore redoubl\u00e9e par la r\u00e9volution m\u00e9diatique.","robots":{"index":"index","follow":"follow","max-snippet":"max-snippet:-1","max-image-preview":"max-image-preview:large","max-video-preview":"max-video-preview:-1"},"canonical":"https:\/\/telemme.mmsh.fr\/?p=9398","og_locale":"fr_FR","og_type":"article","og_title":"Sacr\u00e9es guerres. De Catherine de M\u00e9dicis \u00e0 Henri IV - TELEMMe - Temps, espaces, langages, Europe m\u00e9ridionale, M\u00e9diterran\u00e9e","og_description":"Parution de Sacr\u00e9es guerres. De Catherine de M\u00e9dicis \u00e0 Henri IV. Et si les guerres de Religion n\u2019\u00e9taient pas si lointaines ? Si elles \u00e9taient au contraire d\u2019une br\u00fblante actualit\u00e9 ? Attentats, massacres, radicalisations religieuses, guerres civiles\u2026 Notre \u00e9poque regorge de violences commises au nom de Dieu. Elle partage avec la fin du XVIe\u00a0si\u00e8cle une fi\u00e9vreuse angoisse, encore redoubl\u00e9e par la r\u00e9volution m\u00e9diatique.","og_url":"https:\/\/telemme.mmsh.fr\/?p=9398","og_site_name":"TELEMMe - Temps, espaces, langages, Europe m\u00e9ridionale, M\u00e9diterran\u00e9e","article_published_time":"2020-11-25T15:19:00+00:00","article_modified_time":"2021-09-01T14:24:02+00:00","og_image":[{"width":800,"height":984,"url":"https:\/\/telemme.mmsh.fr\/wp-content\/uploads\/2021\/09\/9782348057830.jpg","type":"image\/jpeg"}],"author":"Delphine Cavallo","twitter_card":"summary_large_image","twitter_misc":{"\u00c9crit par":"Delphine Cavallo","Dur\u00e9e de lecture estim\u00e9e":"1 minute"},"schema":{"@context":"https:\/\/schema.org","@graph":[{"@type":"Article","@id":"https:\/\/telemme.mmsh.fr\/?p=9398#article","isPartOf":{"@id":"https:\/\/telemme.mmsh.fr\/?p=9398"},"author":{"name":"Delphine Cavallo","@id":"https:\/\/telemme.mmsh.fr\/#\/schema\/person\/86a185da4836381586528ced48e263f5"},"headline":"Sacr\u00e9es guerres. De Catherine de M\u00e9dicis \u00e0 Henri IV","datePublished":"2020-11-25T15:19:00+00:00","dateModified":"2021-09-01T14:24:02+00:00","mainEntityOfPage":{"@id":"https:\/\/telemme.mmsh.fr\/?p=9398"},"wordCount":181,"publisher":{"@id":"https:\/\/telemme.mmsh.fr\/#organization"},"image":{"@id":"https:\/\/telemme.mmsh.fr\/?p=9398#primaryimage"},"thumbnailUrl":"https:\/\/telemme.mmsh.fr\/wp-content\/uploads\/2021\/09\/9782348057830.jpg","keywords":["bande dessin\u00e9e","guerres de Religion"],"articleSection":["Ouvrages"],"inLanguage":"fr-FR"},{"@type":"WebPage","@id":"https:\/\/telemme.mmsh.fr\/?p=9398","url":"https:\/\/telemme.mmsh.fr\/?p=9398","name":"Sacr\u00e9es guerres. De Catherine de M\u00e9dicis \u00e0 Henri IV - TELEMMe - Temps, espaces, langages, Europe m\u00e9ridionale, M\u00e9diterran\u00e9e","isPartOf":{"@id":"https:\/\/telemme.mmsh.fr\/#website"},"primaryImageOfPage":{"@id":"https:\/\/telemme.mmsh.fr\/?p=9398#primaryimage"},"image":{"@id":"https:\/\/telemme.mmsh.fr\/?p=9398#primaryimage"},"thumbnailUrl":"https:\/\/telemme.mmsh.fr\/wp-content\/uploads\/2021\/09\/9782348057830.jpg","datePublished":"2020-11-25T15:19:00+00:00","dateModified":"2021-09-01T14:24:02+00:00","description":"Parution de Sacr\u00e9es guerres. De Catherine de M\u00e9dicis \u00e0 Henri IV. Et si les guerres de Religion n\u2019\u00e9taient pas si lointaines ? Si elles \u00e9taient au contraire d\u2019une br\u00fblante actualit\u00e9 ? Attentats, massacres, radicalisations religieuses, guerres civiles\u2026 Notre \u00e9poque regorge de violences commises au nom de Dieu. Elle partage avec la fin du XVIe\u00a0si\u00e8cle une fi\u00e9vreuse angoisse, encore redoubl\u00e9e par la r\u00e9volution m\u00e9diatique.","breadcrumb":{"@id":"https:\/\/telemme.mmsh.fr\/?p=9398#breadcrumb"},"inLanguage":"fr-FR","potentialAction":[{"@type":"ReadAction","target":["https:\/\/telemme.mmsh.fr\/?p=9398"]}]},{"@type":"ImageObject","inLanguage":"fr-FR","@id":"https:\/\/telemme.mmsh.fr\/?p=9398#primaryimage","url":"https:\/\/telemme.mmsh.fr\/wp-content\/uploads\/2021\/09\/9782348057830.jpg","contentUrl":"https:\/\/telemme.mmsh.fr\/wp-content\/uploads\/2021\/09\/9782348057830.jpg","width":800,"height":984,"caption":"Couverture de Sacr\u00e9es guerres"},{"@type":"BreadcrumbList","@id":"https:\/\/telemme.mmsh.fr\/?p=9398#breadcrumb","itemListElement":[{"@type":"ListItem","position":1,"name":"Accueil","item":"https:\/\/telemme.mmsh.fr\/"},{"@type":"ListItem","position":2,"name":"Publications","item":"https:\/\/telemme.mmsh.fr\/?cat=1738"},{"@type":"ListItem","position":3,"name":"Ouvrages","item":"https:\/\/telemme.mmsh.fr\/?cat=1740"},{"@type":"ListItem","position":4,"name":"Sacr\u00e9es guerres. De Catherine de M\u00e9dicis \u00e0 Henri IV"}]},{"@type":"WebSite","@id":"https:\/\/telemme.mmsh.fr\/#website","url":"https:\/\/telemme.mmsh.fr\/","name":"TELEMMe - Temps, espaces, langages, Europe m\u00e9ridionale, M\u00e9diterran\u00e9e","description":"","publisher":{"@id":"https:\/\/telemme.mmsh.fr\/#organization"},"potentialAction":[{"@type":"SearchAction","target":{"@type":"EntryPoint","urlTemplate":"https:\/\/telemme.mmsh.fr\/?s={search_term_string}"},"query-input":{"@type":"PropertyValueSpecification","valueRequired":true,"valueName":"search_term_string"}}],"inLanguage":"fr-FR"},{"@type":"Organization","@id":"https:\/\/telemme.mmsh.fr\/#organization","name":"TELEMMe","url":"https:\/\/telemme.mmsh.fr\/","logo":{"@type":"ImageObject","inLanguage":"fr-FR","@id":"https:\/\/telemme.mmsh.fr\/#\/schema\/logo\/image\/","url":"https:\/\/telemme.mmsh.fr\/wp-content\/uploads\/2020\/03\/LogoTELEMMe-horizontal-fond-transparent.png","contentUrl":"https:\/\/telemme.mmsh.fr\/wp-content\/uploads\/2020\/03\/LogoTELEMMe-horizontal-fond-transparent.png","width":1500,"height":437,"caption":"TELEMMe"},"image":{"@id":"https:\/\/telemme.mmsh.fr\/#\/schema\/logo\/image\/"}},{"@type":"Person","@id":"https:\/\/telemme.mmsh.fr\/#\/schema\/person\/86a185da4836381586528ced48e263f5","name":"Delphine Cavallo","url":"https:\/\/telemme.mmsh.fr\/?author=6"}]}},"_links":{"self":[{"href":"https:\/\/telemme.mmsh.fr\/index.php?rest_route=\/wp\/v2\/posts\/9398","targetHints":{"allow":["GET"]}}],"collection":[{"href":"https:\/\/telemme.mmsh.fr\/index.php?rest_route=\/wp\/v2\/posts"}],"about":[{"href":"https:\/\/telemme.mmsh.fr\/index.php?rest_route=\/wp\/v2\/types\/post"}],"author":[{"embeddable":true,"href":"https:\/\/telemme.mmsh.fr\/index.php?rest_route=\/wp\/v2\/users\/6"}],"replies":[{"embeddable":true,"href":"https:\/\/telemme.mmsh.fr\/index.php?rest_route=%2Fwp%2Fv2%2Fcomments&post=9398"}],"version-history":[{"count":2,"href":"https:\/\/telemme.mmsh.fr\/index.php?rest_route=\/wp\/v2\/posts\/9398\/revisions"}],"predecessor-version":[{"id":9401,"href":"https:\/\/telemme.mmsh.fr\/index.php?rest_route=\/wp\/v2\/posts\/9398\/revisions\/9401"}],"wp:featuredmedia":[{"embeddable":true,"href":"https:\/\/telemme.mmsh.fr\/index.php?rest_route=\/wp\/v2\/media\/9400"}],"wp:attachment":[{"href":"https:\/\/telemme.mmsh.fr\/index.php?rest_route=%2Fwp%2Fv2%2Fmedia&parent=9398"}],"wp:term":[{"taxonomy":"category","embeddable":true,"href":"https:\/\/telemme.mmsh.fr\/index.php?rest_route=%2Fwp%2Fv2%2Fcategories&post=9398"},{"taxonomy":"post_tag","embeddable":true,"href":"https:\/\/telemme.mmsh.fr\/index.php?rest_route=%2Fwp%2Fv2%2Ftags&post=9398"}],"curies":[{"name":"wp","href":"https:\/\/api.w.org\/{rel}","templated":true}]}}