{"id":9392,"date":"2020-10-01T16:04:00","date_gmt":"2020-10-01T14:04:00","guid":{"rendered":"https:\/\/telemme.mmsh.fr\/?p=9392"},"modified":"2021-09-01T16:05:30","modified_gmt":"2021-09-01T14:05:30","slug":"sainte-vergogne-les-privileges-de-la-honte-dans-lhagiographie-feminine-au-xiiie-siecle","status":"publish","type":"post","link":"https:\/\/telemme.mmsh.fr\/?p=9392","title":{"rendered":"Sainte vergogne. Les privil\u00e8ges de la honte dans l\u2019hagiographie f\u00e9minine au XIIIe si\u00e8cle"},"content":{"rendered":"\n<blockquote class=\"wp-block-quote is-layout-flow wp-block-quote-is-layout-flow\"><p><em><strong><u><a href=\"https:\/\/classiques-garnier.com\/sainte-vergogne-les-privileges-de-la-honte-dans-l-hagiographie-feminine-au-xiiie-siecle.html\">Sainte vergogne<\/a><\/u><\/strong>. <strong>Les privil\u00e8ges de la honte dans l\u2019hagiographie f\u00e9minine au XIII<sup>e<\/sup> si\u00e8cle<\/strong><\/em>,  Damien Boquet, Classiques Garnier, collection <em>POLEN &#8211; Pouvoirs, lettres, normes<\/em>, n\u00b0 18, 2020, 551 pages<\/p><\/blockquote>\n\n\n\n<p>Peut-on concevoir une soci\u00e9t\u00e9 plus \u00e9trange que celle qui fait de la honte un objet \u00e0 la fois de r\u00e9pulsion et de d\u00e9sir ? L\u2019auteur interroge ce paradoxe m\u00e9di\u00e9val en explorant les r\u00e9cits de vie d\u2019une quinzaine de saintes femmes du\u00a0XIII<sup>e<\/sup>\u00a0si\u00e8cle sous l\u2019angle d\u2019une anthropologie historique des \u00e9motions.<\/p>\n","protected":false},"excerpt":{"rendered":"<p>L\u2019auteur interroge ce paradoxe m\u00e9di\u00e9val en explorant les r\u00e9cits de vie d\u2019une quinzaine de saintes femmes du\u00a0XIIIe\u00a0si\u00e8cle sous l\u2019angle d\u2019une anthropologie historique des \u00e9motions.<\/p>\n","protected":false},"author":6,"featured_media":9394,"comment_status":"closed","ping_status":"closed","sticky":false,"template":"","format":"standard","meta":{"neve_meta_sidebar":"","neve_meta_container":"","neve_meta_enable_content_width":"","neve_meta_content_width":0,"neve_meta_title_alignment":"","neve_meta_author_avatar":"","neve_post_elements_order":"","neve_meta_disable_header":"","neve_meta_disable_footer":"","neve_meta_disable_title":"","_tribe_events_control_status":"","_tribe_events_control_status_canceled_reason":"","_tribe_events_control_status_postponed_reason":"","_tribe_events_control_online":"","_tribe_events_control_online_url":"","footnotes":""},"categories":[1740],"tags":[2143,2146,2144,2145],"class_list":["post-9392","post","type-post","status-publish","format-standard","has-post-thumbnail","hentry","category-ouvrages","tag-emotions","tag-femmes","tag-genre","tag-honte"],"yoast_head":"<!-- This site is optimized with the Yoast SEO plugin v27.4 - https:\/\/yoast.com\/product\/yoast-seo-wordpress\/ -->\n<title>Sainte vergogne. Les privil\u00e8ges de la honte dans l\u2019hagiographie f\u00e9minine au XIIIe si\u00e8cle - TELEMMe - Temps, espaces, langages, Europe m\u00e9ridionale, M\u00e9diterran\u00e9e<\/title>\n<meta name=\"description\" content=\"Parution de Sainte vergogne. Les privil\u00e8ges de la honte dans l\u2019hagiographie f\u00e9minine au XIIIe si\u00e8cle, Damien Boquet, Classiques Garnier, collection POLEN - Pouvoirs, lettres, normes, n\u00b0 18, 2020, 551 pages. Peut-on concevoir une soci\u00e9t\u00e9 plus \u00e9trange que celle qui fait de la honte un objet \u00e0 la fois de r\u00e9pulsion et de d\u00e9sir ? L\u2019auteur interroge ce paradoxe m\u00e9di\u00e9val en explorant les r\u00e9cits de vie d\u2019une quinzaine de saintes femmes du\u00a0XIIIe\u00a0si\u00e8cle sous l\u2019angle d\u2019une anthropologie historique des \u00e9motions.\" \/>\n<meta name=\"robots\" content=\"index, follow, max-snippet:-1, max-image-preview:large, max-video-preview:-1\" \/>\n<link rel=\"canonical\" href=\"https:\/\/telemme.mmsh.fr\/?p=9392\" \/>\n<meta property=\"og:locale\" content=\"fr_FR\" \/>\n<meta property=\"og:type\" content=\"article\" \/>\n<meta property=\"og:title\" content=\"Sainte vergogne. Les privil\u00e8ges de la honte dans l\u2019hagiographie f\u00e9minine au XIIIe si\u00e8cle - TELEMMe - Temps, espaces, langages, Europe m\u00e9ridionale, M\u00e9diterran\u00e9e\" \/>\n<meta property=\"og:description\" content=\"Parution de Sainte vergogne. Les privil\u00e8ges de la honte dans l\u2019hagiographie f\u00e9minine au XIIIe si\u00e8cle, Damien Boquet, Classiques Garnier, collection POLEN - Pouvoirs, lettres, normes, n\u00b0 18, 2020, 551 pages. Peut-on concevoir une soci\u00e9t\u00e9 plus \u00e9trange que celle qui fait de la honte un objet \u00e0 la fois de r\u00e9pulsion et de d\u00e9sir ? L\u2019auteur interroge ce paradoxe m\u00e9di\u00e9val en explorant les r\u00e9cits de vie d\u2019une quinzaine de saintes femmes du\u00a0XIIIe\u00a0si\u00e8cle sous l\u2019angle d\u2019une anthropologie historique des \u00e9motions.\" \/>\n<meta property=\"og:url\" content=\"https:\/\/telemme.mmsh.fr\/?p=9392\" \/>\n<meta property=\"og:site_name\" content=\"TELEMMe - Temps, espaces, langages, Europe m\u00e9ridionale, M\u00e9diterran\u00e9e\" \/>\n<meta property=\"article:published_time\" content=\"2020-10-01T14:04:00+00:00\" \/>\n<meta property=\"article:modified_time\" content=\"2021-09-01T14:05:30+00:00\" \/>\n<meta property=\"og:image\" content=\"https:\/\/telemme.mmsh.fr\/wp-content\/uploads\/2021\/09\/DbtMS01b.png\" \/>\n\t<meta property=\"og:image:width\" content=\"400\" \/>\n\t<meta property=\"og:image:height\" content=\"600\" \/>\n\t<meta property=\"og:image:type\" content=\"image\/png\" \/>\n<meta name=\"author\" content=\"Delphine Cavallo\" \/>\n<meta name=\"twitter:card\" content=\"summary_large_image\" \/>\n<meta name=\"twitter:label1\" content=\"\u00c9crit par\" \/>\n\t<meta name=\"twitter:data1\" content=\"Delphine Cavallo\" \/>\n\t<meta name=\"twitter:label2\" content=\"Dur\u00e9e de lecture estim\u00e9e\" \/>\n\t<meta name=\"twitter:data2\" content=\"1 minute\" \/>\n<script type=\"application\/ld+json\" class=\"yoast-schema-graph\">{\"@context\":\"https:\\\/\\\/schema.org\",\"@graph\":[{\"@type\":\"Article\",\"@id\":\"https:\\\/\\\/telemme.mmsh.fr\\\/?p=9392#article\",\"isPartOf\":{\"@id\":\"https:\\\/\\\/telemme.mmsh.fr\\\/?p=9392\"},\"author\":{\"name\":\"Delphine Cavallo\",\"@id\":\"https:\\\/\\\/telemme.mmsh.fr\\\/#\\\/schema\\\/person\\\/86a185da4836381586528ced48e263f5\"},\"headline\":\"Sainte vergogne. Les privil\u00e8ges de la honte dans l\u2019hagiographie f\u00e9minine au XIIIe si\u00e8cle\",\"datePublished\":\"2020-10-01T14:04:00+00:00\",\"dateModified\":\"2021-09-01T14:05:30+00:00\",\"mainEntityOfPage\":{\"@id\":\"https:\\\/\\\/telemme.mmsh.fr\\\/?p=9392\"},\"wordCount\":105,\"publisher\":{\"@id\":\"https:\\\/\\\/telemme.mmsh.fr\\\/#organization\"},\"image\":{\"@id\":\"https:\\\/\\\/telemme.mmsh.fr\\\/?p=9392#primaryimage\"},\"thumbnailUrl\":\"https:\\\/\\\/telemme.mmsh.fr\\\/wp-content\\\/uploads\\\/2021\\\/09\\\/DbtMS01b.png\",\"keywords\":[\"\u00e9motions\",\"femmes\",\"genre\",\"honte\"],\"articleSection\":[\"Ouvrages\"],\"inLanguage\":\"fr-FR\"},{\"@type\":\"WebPage\",\"@id\":\"https:\\\/\\\/telemme.mmsh.fr\\\/?p=9392\",\"url\":\"https:\\\/\\\/telemme.mmsh.fr\\\/?p=9392\",\"name\":\"Sainte vergogne. Les privil\u00e8ges de la honte dans l\u2019hagiographie f\u00e9minine au XIIIe si\u00e8cle - TELEMMe - Temps, espaces, langages, Europe m\u00e9ridionale, M\u00e9diterran\u00e9e\",\"isPartOf\":{\"@id\":\"https:\\\/\\\/telemme.mmsh.fr\\\/#website\"},\"primaryImageOfPage\":{\"@id\":\"https:\\\/\\\/telemme.mmsh.fr\\\/?p=9392#primaryimage\"},\"image\":{\"@id\":\"https:\\\/\\\/telemme.mmsh.fr\\\/?p=9392#primaryimage\"},\"thumbnailUrl\":\"https:\\\/\\\/telemme.mmsh.fr\\\/wp-content\\\/uploads\\\/2021\\\/09\\\/DbtMS01b.png\",\"datePublished\":\"2020-10-01T14:04:00+00:00\",\"dateModified\":\"2021-09-01T14:05:30+00:00\",\"description\":\"Parution de Sainte vergogne. Les privil\u00e8ges de la honte dans l\u2019hagiographie f\u00e9minine au XIIIe si\u00e8cle, Damien Boquet, Classiques Garnier, collection POLEN - Pouvoirs, lettres, normes, n\u00b0 18, 2020, 551 pages. Peut-on concevoir une soci\u00e9t\u00e9 plus \u00e9trange que celle qui fait de la honte un objet \u00e0 la fois de r\u00e9pulsion et de d\u00e9sir ? L\u2019auteur interroge ce paradoxe m\u00e9di\u00e9val en explorant les r\u00e9cits de vie d\u2019une quinzaine de saintes femmes du\u00a0XIIIe\u00a0si\u00e8cle sous l\u2019angle d\u2019une anthropologie historique des \u00e9motions.\",\"breadcrumb\":{\"@id\":\"https:\\\/\\\/telemme.mmsh.fr\\\/?p=9392#breadcrumb\"},\"inLanguage\":\"fr-FR\",\"potentialAction\":[{\"@type\":\"ReadAction\",\"target\":[\"https:\\\/\\\/telemme.mmsh.fr\\\/?p=9392\"]}]},{\"@type\":\"ImageObject\",\"inLanguage\":\"fr-FR\",\"@id\":\"https:\\\/\\\/telemme.mmsh.fr\\\/?p=9392#primaryimage\",\"url\":\"https:\\\/\\\/telemme.mmsh.fr\\\/wp-content\\\/uploads\\\/2021\\\/09\\\/DbtMS01b.png\",\"contentUrl\":\"https:\\\/\\\/telemme.mmsh.fr\\\/wp-content\\\/uploads\\\/2021\\\/09\\\/DbtMS01b.png\",\"width\":400,\"height\":600,\"caption\":\"Couverture de Sainte vergogne\"},{\"@type\":\"BreadcrumbList\",\"@id\":\"https:\\\/\\\/telemme.mmsh.fr\\\/?p=9392#breadcrumb\",\"itemListElement\":[{\"@type\":\"ListItem\",\"position\":1,\"name\":\"Accueil\",\"item\":\"https:\\\/\\\/telemme.mmsh.fr\\\/\"},{\"@type\":\"ListItem\",\"position\":2,\"name\":\"Publications\",\"item\":\"https:\\\/\\\/telemme.mmsh.fr\\\/?cat=1738\"},{\"@type\":\"ListItem\",\"position\":3,\"name\":\"Ouvrages\",\"item\":\"https:\\\/\\\/telemme.mmsh.fr\\\/?cat=1740\"},{\"@type\":\"ListItem\",\"position\":4,\"name\":\"Sainte vergogne. Les privil\u00e8ges de la honte dans l\u2019hagiographie f\u00e9minine au XIIIe si\u00e8cle\"}]},{\"@type\":\"WebSite\",\"@id\":\"https:\\\/\\\/telemme.mmsh.fr\\\/#website\",\"url\":\"https:\\\/\\\/telemme.mmsh.fr\\\/\",\"name\":\"TELEMMe - Temps, espaces, langages, Europe m\u00e9ridionale, M\u00e9diterran\u00e9e\",\"description\":\"\",\"publisher\":{\"@id\":\"https:\\\/\\\/telemme.mmsh.fr\\\/#organization\"},\"potentialAction\":[{\"@type\":\"SearchAction\",\"target\":{\"@type\":\"EntryPoint\",\"urlTemplate\":\"https:\\\/\\\/telemme.mmsh.fr\\\/?s={search_term_string}\"},\"query-input\":{\"@type\":\"PropertyValueSpecification\",\"valueRequired\":true,\"valueName\":\"search_term_string\"}}],\"inLanguage\":\"fr-FR\"},{\"@type\":\"Organization\",\"@id\":\"https:\\\/\\\/telemme.mmsh.fr\\\/#organization\",\"name\":\"TELEMMe\",\"url\":\"https:\\\/\\\/telemme.mmsh.fr\\\/\",\"logo\":{\"@type\":\"ImageObject\",\"inLanguage\":\"fr-FR\",\"@id\":\"https:\\\/\\\/telemme.mmsh.fr\\\/#\\\/schema\\\/logo\\\/image\\\/\",\"url\":\"https:\\\/\\\/telemme.mmsh.fr\\\/wp-content\\\/uploads\\\/2020\\\/03\\\/LogoTELEMMe-horizontal-fond-transparent.png\",\"contentUrl\":\"https:\\\/\\\/telemme.mmsh.fr\\\/wp-content\\\/uploads\\\/2020\\\/03\\\/LogoTELEMMe-horizontal-fond-transparent.png\",\"width\":1500,\"height\":437,\"caption\":\"TELEMMe\"},\"image\":{\"@id\":\"https:\\\/\\\/telemme.mmsh.fr\\\/#\\\/schema\\\/logo\\\/image\\\/\"}},{\"@type\":\"Person\",\"@id\":\"https:\\\/\\\/telemme.mmsh.fr\\\/#\\\/schema\\\/person\\\/86a185da4836381586528ced48e263f5\",\"name\":\"Delphine Cavallo\",\"url\":\"https:\\\/\\\/telemme.mmsh.fr\\\/?author=6\"}]}<\/script>\n<!-- \/ Yoast SEO plugin. -->","yoast_head_json":{"title":"Sainte vergogne. Les privil\u00e8ges de la honte dans l\u2019hagiographie f\u00e9minine au XIIIe si\u00e8cle - TELEMMe - Temps, espaces, langages, Europe m\u00e9ridionale, M\u00e9diterran\u00e9e","description":"Parution de Sainte vergogne. Les privil\u00e8ges de la honte dans l\u2019hagiographie f\u00e9minine au XIIIe si\u00e8cle, Damien Boquet, Classiques Garnier, collection POLEN - Pouvoirs, lettres, normes, n\u00b0 18, 2020, 551 pages. Peut-on concevoir une soci\u00e9t\u00e9 plus \u00e9trange que celle qui fait de la honte un objet \u00e0 la fois de r\u00e9pulsion et de d\u00e9sir ? L\u2019auteur interroge ce paradoxe m\u00e9di\u00e9val en explorant les r\u00e9cits de vie d\u2019une quinzaine de saintes femmes du\u00a0XIIIe\u00a0si\u00e8cle sous l\u2019angle d\u2019une anthropologie historique des \u00e9motions.","robots":{"index":"index","follow":"follow","max-snippet":"max-snippet:-1","max-image-preview":"max-image-preview:large","max-video-preview":"max-video-preview:-1"},"canonical":"https:\/\/telemme.mmsh.fr\/?p=9392","og_locale":"fr_FR","og_type":"article","og_title":"Sainte vergogne. Les privil\u00e8ges de la honte dans l\u2019hagiographie f\u00e9minine au XIIIe si\u00e8cle - TELEMMe - Temps, espaces, langages, Europe m\u00e9ridionale, M\u00e9diterran\u00e9e","og_description":"Parution de Sainte vergogne. Les privil\u00e8ges de la honte dans l\u2019hagiographie f\u00e9minine au XIIIe si\u00e8cle, Damien Boquet, Classiques Garnier, collection POLEN - Pouvoirs, lettres, normes, n\u00b0 18, 2020, 551 pages. Peut-on concevoir une soci\u00e9t\u00e9 plus \u00e9trange que celle qui fait de la honte un objet \u00e0 la fois de r\u00e9pulsion et de d\u00e9sir ? L\u2019auteur interroge ce paradoxe m\u00e9di\u00e9val en explorant les r\u00e9cits de vie d\u2019une quinzaine de saintes femmes du\u00a0XIIIe\u00a0si\u00e8cle sous l\u2019angle d\u2019une anthropologie historique des \u00e9motions.","og_url":"https:\/\/telemme.mmsh.fr\/?p=9392","og_site_name":"TELEMMe - Temps, espaces, langages, Europe m\u00e9ridionale, M\u00e9diterran\u00e9e","article_published_time":"2020-10-01T14:04:00+00:00","article_modified_time":"2021-09-01T14:05:30+00:00","og_image":[{"width":400,"height":600,"url":"https:\/\/telemme.mmsh.fr\/wp-content\/uploads\/2021\/09\/DbtMS01b.png","type":"image\/png"}],"author":"Delphine Cavallo","twitter_card":"summary_large_image","twitter_misc":{"\u00c9crit par":"Delphine Cavallo","Dur\u00e9e de lecture estim\u00e9e":"1 minute"},"schema":{"@context":"https:\/\/schema.org","@graph":[{"@type":"Article","@id":"https:\/\/telemme.mmsh.fr\/?p=9392#article","isPartOf":{"@id":"https:\/\/telemme.mmsh.fr\/?p=9392"},"author":{"name":"Delphine Cavallo","@id":"https:\/\/telemme.mmsh.fr\/#\/schema\/person\/86a185da4836381586528ced48e263f5"},"headline":"Sainte vergogne. Les privil\u00e8ges de la honte dans l\u2019hagiographie f\u00e9minine au XIIIe si\u00e8cle","datePublished":"2020-10-01T14:04:00+00:00","dateModified":"2021-09-01T14:05:30+00:00","mainEntityOfPage":{"@id":"https:\/\/telemme.mmsh.fr\/?p=9392"},"wordCount":105,"publisher":{"@id":"https:\/\/telemme.mmsh.fr\/#organization"},"image":{"@id":"https:\/\/telemme.mmsh.fr\/?p=9392#primaryimage"},"thumbnailUrl":"https:\/\/telemme.mmsh.fr\/wp-content\/uploads\/2021\/09\/DbtMS01b.png","keywords":["\u00e9motions","femmes","genre","honte"],"articleSection":["Ouvrages"],"inLanguage":"fr-FR"},{"@type":"WebPage","@id":"https:\/\/telemme.mmsh.fr\/?p=9392","url":"https:\/\/telemme.mmsh.fr\/?p=9392","name":"Sainte vergogne. Les privil\u00e8ges de la honte dans l\u2019hagiographie f\u00e9minine au XIIIe si\u00e8cle - TELEMMe - Temps, espaces, langages, Europe m\u00e9ridionale, M\u00e9diterran\u00e9e","isPartOf":{"@id":"https:\/\/telemme.mmsh.fr\/#website"},"primaryImageOfPage":{"@id":"https:\/\/telemme.mmsh.fr\/?p=9392#primaryimage"},"image":{"@id":"https:\/\/telemme.mmsh.fr\/?p=9392#primaryimage"},"thumbnailUrl":"https:\/\/telemme.mmsh.fr\/wp-content\/uploads\/2021\/09\/DbtMS01b.png","datePublished":"2020-10-01T14:04:00+00:00","dateModified":"2021-09-01T14:05:30+00:00","description":"Parution de Sainte vergogne. Les privil\u00e8ges de la honte dans l\u2019hagiographie f\u00e9minine au XIIIe si\u00e8cle, Damien Boquet, Classiques Garnier, collection POLEN - Pouvoirs, lettres, normes, n\u00b0 18, 2020, 551 pages. Peut-on concevoir une soci\u00e9t\u00e9 plus \u00e9trange que celle qui fait de la honte un objet \u00e0 la fois de r\u00e9pulsion et de d\u00e9sir ? L\u2019auteur interroge ce paradoxe m\u00e9di\u00e9val en explorant les r\u00e9cits de vie d\u2019une quinzaine de saintes femmes du\u00a0XIIIe\u00a0si\u00e8cle sous l\u2019angle d\u2019une anthropologie historique des \u00e9motions.","breadcrumb":{"@id":"https:\/\/telemme.mmsh.fr\/?p=9392#breadcrumb"},"inLanguage":"fr-FR","potentialAction":[{"@type":"ReadAction","target":["https:\/\/telemme.mmsh.fr\/?p=9392"]}]},{"@type":"ImageObject","inLanguage":"fr-FR","@id":"https:\/\/telemme.mmsh.fr\/?p=9392#primaryimage","url":"https:\/\/telemme.mmsh.fr\/wp-content\/uploads\/2021\/09\/DbtMS01b.png","contentUrl":"https:\/\/telemme.mmsh.fr\/wp-content\/uploads\/2021\/09\/DbtMS01b.png","width":400,"height":600,"caption":"Couverture de Sainte vergogne"},{"@type":"BreadcrumbList","@id":"https:\/\/telemme.mmsh.fr\/?p=9392#breadcrumb","itemListElement":[{"@type":"ListItem","position":1,"name":"Accueil","item":"https:\/\/telemme.mmsh.fr\/"},{"@type":"ListItem","position":2,"name":"Publications","item":"https:\/\/telemme.mmsh.fr\/?cat=1738"},{"@type":"ListItem","position":3,"name":"Ouvrages","item":"https:\/\/telemme.mmsh.fr\/?cat=1740"},{"@type":"ListItem","position":4,"name":"Sainte vergogne. Les privil\u00e8ges de la honte dans l\u2019hagiographie f\u00e9minine au XIIIe si\u00e8cle"}]},{"@type":"WebSite","@id":"https:\/\/telemme.mmsh.fr\/#website","url":"https:\/\/telemme.mmsh.fr\/","name":"TELEMMe - Temps, espaces, langages, Europe m\u00e9ridionale, M\u00e9diterran\u00e9e","description":"","publisher":{"@id":"https:\/\/telemme.mmsh.fr\/#organization"},"potentialAction":[{"@type":"SearchAction","target":{"@type":"EntryPoint","urlTemplate":"https:\/\/telemme.mmsh.fr\/?s={search_term_string}"},"query-input":{"@type":"PropertyValueSpecification","valueRequired":true,"valueName":"search_term_string"}}],"inLanguage":"fr-FR"},{"@type":"Organization","@id":"https:\/\/telemme.mmsh.fr\/#organization","name":"TELEMMe","url":"https:\/\/telemme.mmsh.fr\/","logo":{"@type":"ImageObject","inLanguage":"fr-FR","@id":"https:\/\/telemme.mmsh.fr\/#\/schema\/logo\/image\/","url":"https:\/\/telemme.mmsh.fr\/wp-content\/uploads\/2020\/03\/LogoTELEMMe-horizontal-fond-transparent.png","contentUrl":"https:\/\/telemme.mmsh.fr\/wp-content\/uploads\/2020\/03\/LogoTELEMMe-horizontal-fond-transparent.png","width":1500,"height":437,"caption":"TELEMMe"},"image":{"@id":"https:\/\/telemme.mmsh.fr\/#\/schema\/logo\/image\/"}},{"@type":"Person","@id":"https:\/\/telemme.mmsh.fr\/#\/schema\/person\/86a185da4836381586528ced48e263f5","name":"Delphine Cavallo","url":"https:\/\/telemme.mmsh.fr\/?author=6"}]}},"_links":{"self":[{"href":"https:\/\/telemme.mmsh.fr\/index.php?rest_route=\/wp\/v2\/posts\/9392","targetHints":{"allow":["GET"]}}],"collection":[{"href":"https:\/\/telemme.mmsh.fr\/index.php?rest_route=\/wp\/v2\/posts"}],"about":[{"href":"https:\/\/telemme.mmsh.fr\/index.php?rest_route=\/wp\/v2\/types\/post"}],"author":[{"embeddable":true,"href":"https:\/\/telemme.mmsh.fr\/index.php?rest_route=\/wp\/v2\/users\/6"}],"replies":[{"embeddable":true,"href":"https:\/\/telemme.mmsh.fr\/index.php?rest_route=%2Fwp%2Fv2%2Fcomments&post=9392"}],"version-history":[{"count":3,"href":"https:\/\/telemme.mmsh.fr\/index.php?rest_route=\/wp\/v2\/posts\/9392\/revisions"}],"predecessor-version":[{"id":9396,"href":"https:\/\/telemme.mmsh.fr\/index.php?rest_route=\/wp\/v2\/posts\/9392\/revisions\/9396"}],"wp:featuredmedia":[{"embeddable":true,"href":"https:\/\/telemme.mmsh.fr\/index.php?rest_route=\/wp\/v2\/media\/9394"}],"wp:attachment":[{"href":"https:\/\/telemme.mmsh.fr\/index.php?rest_route=%2Fwp%2Fv2%2Fmedia&parent=9392"}],"wp:term":[{"taxonomy":"category","embeddable":true,"href":"https:\/\/telemme.mmsh.fr\/index.php?rest_route=%2Fwp%2Fv2%2Fcategories&post=9392"},{"taxonomy":"post_tag","embeddable":true,"href":"https:\/\/telemme.mmsh.fr\/index.php?rest_route=%2Fwp%2Fv2%2Ftags&post=9392"}],"curies":[{"name":"wp","href":"https:\/\/api.w.org\/{rel}","templated":true}]}}