{"id":9386,"date":"2020-10-21T15:18:00","date_gmt":"2020-10-21T13:18:00","guid":{"rendered":"https:\/\/telemme.mmsh.fr\/?p=9386"},"modified":"2021-09-01T15:21:55","modified_gmt":"2021-09-01T13:21:55","slug":"monument-en-mouvements-monumento-e-movimenti","status":"publish","type":"post","link":"https:\/\/telemme.mmsh.fr\/?p=9386","title":{"rendered":"Monument en mouvements | Monumento e movimenti"},"content":{"rendered":"\n<blockquote class=\"wp-block-quote is-layout-flow wp-block-quote-is-layout-flow\"><p><a href=\"http:\/\/www.gliori.it\/index.php?file=scheda_libro&amp;id=970\"><em><strong>Monument en mouvements | Monumento e movimenti.  <\/strong><\/em><\/a><strong><em>Artistes et chercheurs face aux monumentalisations contemporaine<\/em>s<\/strong>, Alessandro Gallicchio et Pierre Sint\u00e8s, Gli ori editori contemporanei, 2020, 128 pages<\/p><\/blockquote>\n\n\n\n<p>\u00ab\u00a0\u00c0 l\u2019Institut fran\u00e7ais de Florence en 2018, puis au FRAC \u00e0 Marseille en 2019, Alessandro Gallicchio et Pierre Sint\u00e8s m\u2019avaient fait l\u2019amiti\u00e9 de m\u2019inviter \u00e0 discuter quelques-uns des r\u00e9sultats du programme de recherche qu\u2019ils animaient : \u00ab Monumentalisation et espace urbain dans les Balkans et en M\u00e9diterran\u00e9e \u00bb. \u00c0 travers les textes et les images r\u00e9unis dans <em>Monument en mouvements<\/em>, on d\u00e9couvrira une r\u00e9flexion stimulante sur la monumentalit\u00e9 urbaine, qui prend sa source dans l\u2019une des initiatives les plus originales de ce parcours de recherche collective : l\u2019exposition <em>Monumento (s)fatto<\/em>, tenue \u00e0 la Villa Romana, \u00e0 Florence, en octobre 2019. Artistes et chercheurs en sciences sociales ont en effet fait le pari, peu banal, de rendre compte de leurs \u00e9changes sur la monumentalisation des villes contemporaines<br>par le moyen d\u2019une exposition, nourrie de leurs analyses crois\u00e9es et de leurs interactions. (&#8230;)\u00a0\u00bb <\/p>\n\n\n\n<p class=\"has-text-align-right\">Brigitte Marin, \u00c9cole fran\u00e7aise de Rome, pr\u00e9face \u00e0<br><a style=\"font-family: Lato, var(--nv-fallback-ff); letter-spacing: 0px; background-color: var(--nv-site-bg);\" href=\"http:\/\/www.gliori.it\/index.php?file=scheda_libro&amp;id=970\"><em><strong>Monument en mouvements | Monumento e movimenti.  <\/strong><\/em><\/a><strong style=\"font-family: Lato, var(--nv-fallback-ff); letter-spacing: 0px; color: var(--nv-text-color); background-color: var(--nv-site-bg);\"><em>Artistes et chercheurs face aux monumentalisations contemporaine<\/em>s<\/strong><span style=\"font-family: Lato, var(--nv-fallback-ff); letter-spacing: 0px; color: var(--nv-text-color); background-color: var(--nv-site-bg);\">, Alessandro Gallicchio et Pierre Sint\u00e8s, Gli ori editori contemporanei, 2020, 128 pages<\/span>  <\/p>\n","protected":false},"excerpt":{"rendered":"<p>Monument en mouvements | Monumento e movimenti. Artistes et chercheurs face aux monumentalisations contemporaines, Alessandro Gallicchio et Pierre Sint\u00e8s, Gli ori editori contemporanei, 2020, 128 pages \u00ab\u00a0\u00c0 l\u2019Institut fran\u00e7ais de&hellip;&nbsp;<a href=\"https:\/\/telemme.mmsh.fr\/?p=9386\" rel=\"bookmark\">Lire la suite &raquo;<span class=\"screen-reader-text\">Monument en mouvements | Monumento e movimenti<\/span><\/a><\/p>\n","protected":false},"author":6,"featured_media":9388,"comment_status":"closed","ping_status":"closed","sticky":false,"template":"","format":"standard","meta":{"neve_meta_sidebar":"","neve_meta_container":"","neve_meta_enable_content_width":"","neve_meta_content_width":0,"neve_meta_title_alignment":"","neve_meta_author_avatar":"","neve_post_elements_order":"","neve_meta_disable_header":"","neve_meta_disable_footer":"","neve_meta_disable_title":"","_tribe_events_control_status":"","_tribe_events_control_status_canceled_reason":"","_tribe_events_control_status_postponed_reason":"","_tribe_events_control_online":"","_tribe_events_control_online_url":"","footnotes":""},"categories":[1740],"tags":[2140,2142,2141,1927],"class_list":["post-9386","post","type-post","status-publish","format-standard","has-post-thumbnail","hentry","category-ouvrages","tag-art","tag-exposition","tag-monumed","tag-monuments"],"yoast_head":"<!-- This site is optimized with the Yoast SEO plugin v27.4 - https:\/\/yoast.com\/product\/yoast-seo-wordpress\/ -->\n<title>Monument en mouvements | Monumento e movimenti - TELEMMe - Temps, espaces, langages, Europe m\u00e9ridionale, M\u00e9diterran\u00e9e<\/title>\n<meta name=\"description\" content=\"Parution de Monument en mouvements | Monumento e movimenti. Artistes et chercheurs face aux monumentalisations contemporaines, Alessandro Gallicchio et Pierre Sint\u00e8s, Gli ori editori contemporanei, 2020, 128 pages\" \/>\n<meta name=\"robots\" content=\"index, follow, max-snippet:-1, max-image-preview:large, max-video-preview:-1\" \/>\n<link rel=\"canonical\" href=\"https:\/\/telemme.mmsh.fr\/?p=9386\" \/>\n<meta property=\"og:locale\" content=\"fr_FR\" \/>\n<meta property=\"og:type\" content=\"article\" \/>\n<meta property=\"og:title\" content=\"Monument en mouvements | Monumento e movimenti - TELEMMe - Temps, espaces, langages, Europe m\u00e9ridionale, M\u00e9diterran\u00e9e\" \/>\n<meta property=\"og:description\" content=\"Parution de Monument en mouvements | Monumento e movimenti. Artistes et chercheurs face aux monumentalisations contemporaines, Alessandro Gallicchio et Pierre Sint\u00e8s, Gli ori editori contemporanei, 2020, 128 pages\" \/>\n<meta property=\"og:url\" content=\"https:\/\/telemme.mmsh.fr\/?p=9386\" \/>\n<meta property=\"og:site_name\" content=\"TELEMMe - Temps, espaces, langages, Europe m\u00e9ridionale, M\u00e9diterran\u00e9e\" \/>\n<meta property=\"article:published_time\" content=\"2020-10-21T13:18:00+00:00\" \/>\n<meta property=\"article:modified_time\" content=\"2021-09-01T13:21:55+00:00\" \/>\n<meta property=\"og:image\" content=\"https:\/\/telemme.mmsh.fr\/wp-content\/uploads\/2021\/09\/imageItem.jpg\" \/>\n\t<meta property=\"og:image:width\" content=\"360\" \/>\n\t<meta property=\"og:image:height\" content=\"507\" \/>\n\t<meta property=\"og:image:type\" content=\"image\/jpeg\" \/>\n<meta name=\"author\" content=\"Delphine Cavallo\" \/>\n<meta name=\"twitter:card\" content=\"summary_large_image\" \/>\n<meta name=\"twitter:label1\" content=\"\u00c9crit par\" \/>\n\t<meta name=\"twitter:data1\" content=\"Delphine Cavallo\" \/>\n\t<meta name=\"twitter:label2\" content=\"Dur\u00e9e de lecture estim\u00e9e\" \/>\n\t<meta name=\"twitter:data2\" content=\"1 minute\" \/>\n<script type=\"application\/ld+json\" class=\"yoast-schema-graph\">{\"@context\":\"https:\\\/\\\/schema.org\",\"@graph\":[{\"@type\":\"Article\",\"@id\":\"https:\\\/\\\/telemme.mmsh.fr\\\/?p=9386#article\",\"isPartOf\":{\"@id\":\"https:\\\/\\\/telemme.mmsh.fr\\\/?p=9386\"},\"author\":{\"name\":\"Delphine Cavallo\",\"@id\":\"https:\\\/\\\/telemme.mmsh.fr\\\/#\\\/schema\\\/person\\\/86a185da4836381586528ced48e263f5\"},\"headline\":\"Monument en mouvements | Monumento e movimenti\",\"datePublished\":\"2020-10-21T13:18:00+00:00\",\"dateModified\":\"2021-09-01T13:21:55+00:00\",\"mainEntityOfPage\":{\"@id\":\"https:\\\/\\\/telemme.mmsh.fr\\\/?p=9386\"},\"wordCount\":207,\"publisher\":{\"@id\":\"https:\\\/\\\/telemme.mmsh.fr\\\/#organization\"},\"image\":{\"@id\":\"https:\\\/\\\/telemme.mmsh.fr\\\/?p=9386#primaryimage\"},\"thumbnailUrl\":\"https:\\\/\\\/telemme.mmsh.fr\\\/wp-content\\\/uploads\\\/2021\\\/09\\\/imageItem.jpg\",\"keywords\":[\"art\",\"exposition\",\"MonuMed\",\"monuments\"],\"articleSection\":[\"Ouvrages\"],\"inLanguage\":\"fr-FR\"},{\"@type\":\"WebPage\",\"@id\":\"https:\\\/\\\/telemme.mmsh.fr\\\/?p=9386\",\"url\":\"https:\\\/\\\/telemme.mmsh.fr\\\/?p=9386\",\"name\":\"Monument en mouvements | Monumento e movimenti - TELEMMe - Temps, espaces, langages, Europe m\u00e9ridionale, M\u00e9diterran\u00e9e\",\"isPartOf\":{\"@id\":\"https:\\\/\\\/telemme.mmsh.fr\\\/#website\"},\"primaryImageOfPage\":{\"@id\":\"https:\\\/\\\/telemme.mmsh.fr\\\/?p=9386#primaryimage\"},\"image\":{\"@id\":\"https:\\\/\\\/telemme.mmsh.fr\\\/?p=9386#primaryimage\"},\"thumbnailUrl\":\"https:\\\/\\\/telemme.mmsh.fr\\\/wp-content\\\/uploads\\\/2021\\\/09\\\/imageItem.jpg\",\"datePublished\":\"2020-10-21T13:18:00+00:00\",\"dateModified\":\"2021-09-01T13:21:55+00:00\",\"description\":\"Parution de Monument en mouvements | Monumento e movimenti. Artistes et chercheurs face aux monumentalisations contemporaines, Alessandro Gallicchio et Pierre Sint\u00e8s, Gli ori editori contemporanei, 2020, 128 pages\",\"breadcrumb\":{\"@id\":\"https:\\\/\\\/telemme.mmsh.fr\\\/?p=9386#breadcrumb\"},\"inLanguage\":\"fr-FR\",\"potentialAction\":[{\"@type\":\"ReadAction\",\"target\":[\"https:\\\/\\\/telemme.mmsh.fr\\\/?p=9386\"]}]},{\"@type\":\"ImageObject\",\"inLanguage\":\"fr-FR\",\"@id\":\"https:\\\/\\\/telemme.mmsh.fr\\\/?p=9386#primaryimage\",\"url\":\"https:\\\/\\\/telemme.mmsh.fr\\\/wp-content\\\/uploads\\\/2021\\\/09\\\/imageItem.jpg\",\"contentUrl\":\"https:\\\/\\\/telemme.mmsh.fr\\\/wp-content\\\/uploads\\\/2021\\\/09\\\/imageItem.jpg\",\"width\":360,\"height\":507,\"caption\":\"Couverture de Monument en mouvements Monumento e movimenti\"},{\"@type\":\"BreadcrumbList\",\"@id\":\"https:\\\/\\\/telemme.mmsh.fr\\\/?p=9386#breadcrumb\",\"itemListElement\":[{\"@type\":\"ListItem\",\"position\":1,\"name\":\"Accueil\",\"item\":\"https:\\\/\\\/telemme.mmsh.fr\\\/\"},{\"@type\":\"ListItem\",\"position\":2,\"name\":\"Publications\",\"item\":\"https:\\\/\\\/telemme.mmsh.fr\\\/?cat=1738\"},{\"@type\":\"ListItem\",\"position\":3,\"name\":\"Ouvrages\",\"item\":\"https:\\\/\\\/telemme.mmsh.fr\\\/?cat=1740\"},{\"@type\":\"ListItem\",\"position\":4,\"name\":\"Monument en mouvements | Monumento e movimenti\"}]},{\"@type\":\"WebSite\",\"@id\":\"https:\\\/\\\/telemme.mmsh.fr\\\/#website\",\"url\":\"https:\\\/\\\/telemme.mmsh.fr\\\/\",\"name\":\"TELEMMe - Temps, espaces, langages, Europe m\u00e9ridionale, M\u00e9diterran\u00e9e\",\"description\":\"\",\"publisher\":{\"@id\":\"https:\\\/\\\/telemme.mmsh.fr\\\/#organization\"},\"potentialAction\":[{\"@type\":\"SearchAction\",\"target\":{\"@type\":\"EntryPoint\",\"urlTemplate\":\"https:\\\/\\\/telemme.mmsh.fr\\\/?s={search_term_string}\"},\"query-input\":{\"@type\":\"PropertyValueSpecification\",\"valueRequired\":true,\"valueName\":\"search_term_string\"}}],\"inLanguage\":\"fr-FR\"},{\"@type\":\"Organization\",\"@id\":\"https:\\\/\\\/telemme.mmsh.fr\\\/#organization\",\"name\":\"TELEMMe\",\"url\":\"https:\\\/\\\/telemme.mmsh.fr\\\/\",\"logo\":{\"@type\":\"ImageObject\",\"inLanguage\":\"fr-FR\",\"@id\":\"https:\\\/\\\/telemme.mmsh.fr\\\/#\\\/schema\\\/logo\\\/image\\\/\",\"url\":\"https:\\\/\\\/telemme.mmsh.fr\\\/wp-content\\\/uploads\\\/2020\\\/03\\\/LogoTELEMMe-horizontal-fond-transparent.png\",\"contentUrl\":\"https:\\\/\\\/telemme.mmsh.fr\\\/wp-content\\\/uploads\\\/2020\\\/03\\\/LogoTELEMMe-horizontal-fond-transparent.png\",\"width\":1500,\"height\":437,\"caption\":\"TELEMMe\"},\"image\":{\"@id\":\"https:\\\/\\\/telemme.mmsh.fr\\\/#\\\/schema\\\/logo\\\/image\\\/\"}},{\"@type\":\"Person\",\"@id\":\"https:\\\/\\\/telemme.mmsh.fr\\\/#\\\/schema\\\/person\\\/86a185da4836381586528ced48e263f5\",\"name\":\"Delphine Cavallo\",\"url\":\"https:\\\/\\\/telemme.mmsh.fr\\\/?author=6\"}]}<\/script>\n<!-- \/ Yoast SEO plugin. -->","yoast_head_json":{"title":"Monument en mouvements | Monumento e movimenti - TELEMMe - Temps, espaces, langages, Europe m\u00e9ridionale, M\u00e9diterran\u00e9e","description":"Parution de Monument en mouvements | Monumento e movimenti. Artistes et chercheurs face aux monumentalisations contemporaines, Alessandro Gallicchio et Pierre Sint\u00e8s, Gli ori editori contemporanei, 2020, 128 pages","robots":{"index":"index","follow":"follow","max-snippet":"max-snippet:-1","max-image-preview":"max-image-preview:large","max-video-preview":"max-video-preview:-1"},"canonical":"https:\/\/telemme.mmsh.fr\/?p=9386","og_locale":"fr_FR","og_type":"article","og_title":"Monument en mouvements | Monumento e movimenti - TELEMMe - Temps, espaces, langages, Europe m\u00e9ridionale, M\u00e9diterran\u00e9e","og_description":"Parution de Monument en mouvements | Monumento e movimenti. Artistes et chercheurs face aux monumentalisations contemporaines, Alessandro Gallicchio et Pierre Sint\u00e8s, Gli ori editori contemporanei, 2020, 128 pages","og_url":"https:\/\/telemme.mmsh.fr\/?p=9386","og_site_name":"TELEMMe - Temps, espaces, langages, Europe m\u00e9ridionale, M\u00e9diterran\u00e9e","article_published_time":"2020-10-21T13:18:00+00:00","article_modified_time":"2021-09-01T13:21:55+00:00","og_image":[{"width":360,"height":507,"url":"https:\/\/telemme.mmsh.fr\/wp-content\/uploads\/2021\/09\/imageItem.jpg","type":"image\/jpeg"}],"author":"Delphine Cavallo","twitter_card":"summary_large_image","twitter_misc":{"\u00c9crit par":"Delphine Cavallo","Dur\u00e9e de lecture estim\u00e9e":"1 minute"},"schema":{"@context":"https:\/\/schema.org","@graph":[{"@type":"Article","@id":"https:\/\/telemme.mmsh.fr\/?p=9386#article","isPartOf":{"@id":"https:\/\/telemme.mmsh.fr\/?p=9386"},"author":{"name":"Delphine Cavallo","@id":"https:\/\/telemme.mmsh.fr\/#\/schema\/person\/86a185da4836381586528ced48e263f5"},"headline":"Monument en mouvements | Monumento e movimenti","datePublished":"2020-10-21T13:18:00+00:00","dateModified":"2021-09-01T13:21:55+00:00","mainEntityOfPage":{"@id":"https:\/\/telemme.mmsh.fr\/?p=9386"},"wordCount":207,"publisher":{"@id":"https:\/\/telemme.mmsh.fr\/#organization"},"image":{"@id":"https:\/\/telemme.mmsh.fr\/?p=9386#primaryimage"},"thumbnailUrl":"https:\/\/telemme.mmsh.fr\/wp-content\/uploads\/2021\/09\/imageItem.jpg","keywords":["art","exposition","MonuMed","monuments"],"articleSection":["Ouvrages"],"inLanguage":"fr-FR"},{"@type":"WebPage","@id":"https:\/\/telemme.mmsh.fr\/?p=9386","url":"https:\/\/telemme.mmsh.fr\/?p=9386","name":"Monument en mouvements | Monumento e movimenti - TELEMMe - Temps, espaces, langages, Europe m\u00e9ridionale, M\u00e9diterran\u00e9e","isPartOf":{"@id":"https:\/\/telemme.mmsh.fr\/#website"},"primaryImageOfPage":{"@id":"https:\/\/telemme.mmsh.fr\/?p=9386#primaryimage"},"image":{"@id":"https:\/\/telemme.mmsh.fr\/?p=9386#primaryimage"},"thumbnailUrl":"https:\/\/telemme.mmsh.fr\/wp-content\/uploads\/2021\/09\/imageItem.jpg","datePublished":"2020-10-21T13:18:00+00:00","dateModified":"2021-09-01T13:21:55+00:00","description":"Parution de Monument en mouvements | Monumento e movimenti. Artistes et chercheurs face aux monumentalisations contemporaines, Alessandro Gallicchio et Pierre Sint\u00e8s, Gli ori editori contemporanei, 2020, 128 pages","breadcrumb":{"@id":"https:\/\/telemme.mmsh.fr\/?p=9386#breadcrumb"},"inLanguage":"fr-FR","potentialAction":[{"@type":"ReadAction","target":["https:\/\/telemme.mmsh.fr\/?p=9386"]}]},{"@type":"ImageObject","inLanguage":"fr-FR","@id":"https:\/\/telemme.mmsh.fr\/?p=9386#primaryimage","url":"https:\/\/telemme.mmsh.fr\/wp-content\/uploads\/2021\/09\/imageItem.jpg","contentUrl":"https:\/\/telemme.mmsh.fr\/wp-content\/uploads\/2021\/09\/imageItem.jpg","width":360,"height":507,"caption":"Couverture de Monument en mouvements Monumento e movimenti"},{"@type":"BreadcrumbList","@id":"https:\/\/telemme.mmsh.fr\/?p=9386#breadcrumb","itemListElement":[{"@type":"ListItem","position":1,"name":"Accueil","item":"https:\/\/telemme.mmsh.fr\/"},{"@type":"ListItem","position":2,"name":"Publications","item":"https:\/\/telemme.mmsh.fr\/?cat=1738"},{"@type":"ListItem","position":3,"name":"Ouvrages","item":"https:\/\/telemme.mmsh.fr\/?cat=1740"},{"@type":"ListItem","position":4,"name":"Monument en mouvements | Monumento e movimenti"}]},{"@type":"WebSite","@id":"https:\/\/telemme.mmsh.fr\/#website","url":"https:\/\/telemme.mmsh.fr\/","name":"TELEMMe - Temps, espaces, langages, Europe m\u00e9ridionale, M\u00e9diterran\u00e9e","description":"","publisher":{"@id":"https:\/\/telemme.mmsh.fr\/#organization"},"potentialAction":[{"@type":"SearchAction","target":{"@type":"EntryPoint","urlTemplate":"https:\/\/telemme.mmsh.fr\/?s={search_term_string}"},"query-input":{"@type":"PropertyValueSpecification","valueRequired":true,"valueName":"search_term_string"}}],"inLanguage":"fr-FR"},{"@type":"Organization","@id":"https:\/\/telemme.mmsh.fr\/#organization","name":"TELEMMe","url":"https:\/\/telemme.mmsh.fr\/","logo":{"@type":"ImageObject","inLanguage":"fr-FR","@id":"https:\/\/telemme.mmsh.fr\/#\/schema\/logo\/image\/","url":"https:\/\/telemme.mmsh.fr\/wp-content\/uploads\/2020\/03\/LogoTELEMMe-horizontal-fond-transparent.png","contentUrl":"https:\/\/telemme.mmsh.fr\/wp-content\/uploads\/2020\/03\/LogoTELEMMe-horizontal-fond-transparent.png","width":1500,"height":437,"caption":"TELEMMe"},"image":{"@id":"https:\/\/telemme.mmsh.fr\/#\/schema\/logo\/image\/"}},{"@type":"Person","@id":"https:\/\/telemme.mmsh.fr\/#\/schema\/person\/86a185da4836381586528ced48e263f5","name":"Delphine Cavallo","url":"https:\/\/telemme.mmsh.fr\/?author=6"}]}},"_links":{"self":[{"href":"https:\/\/telemme.mmsh.fr\/index.php?rest_route=\/wp\/v2\/posts\/9386","targetHints":{"allow":["GET"]}}],"collection":[{"href":"https:\/\/telemme.mmsh.fr\/index.php?rest_route=\/wp\/v2\/posts"}],"about":[{"href":"https:\/\/telemme.mmsh.fr\/index.php?rest_route=\/wp\/v2\/types\/post"}],"author":[{"embeddable":true,"href":"https:\/\/telemme.mmsh.fr\/index.php?rest_route=\/wp\/v2\/users\/6"}],"replies":[{"embeddable":true,"href":"https:\/\/telemme.mmsh.fr\/index.php?rest_route=%2Fwp%2Fv2%2Fcomments&post=9386"}],"version-history":[{"count":4,"href":"https:\/\/telemme.mmsh.fr\/index.php?rest_route=\/wp\/v2\/posts\/9386\/revisions"}],"predecessor-version":[{"id":9391,"href":"https:\/\/telemme.mmsh.fr\/index.php?rest_route=\/wp\/v2\/posts\/9386\/revisions\/9391"}],"wp:featuredmedia":[{"embeddable":true,"href":"https:\/\/telemme.mmsh.fr\/index.php?rest_route=\/wp\/v2\/media\/9388"}],"wp:attachment":[{"href":"https:\/\/telemme.mmsh.fr\/index.php?rest_route=%2Fwp%2Fv2%2Fmedia&parent=9386"}],"wp:term":[{"taxonomy":"category","embeddable":true,"href":"https:\/\/telemme.mmsh.fr\/index.php?rest_route=%2Fwp%2Fv2%2Fcategories&post=9386"},{"taxonomy":"post_tag","embeddable":true,"href":"https:\/\/telemme.mmsh.fr\/index.php?rest_route=%2Fwp%2Fv2%2Ftags&post=9386"}],"curies":[{"name":"wp","href":"https:\/\/api.w.org\/{rel}","templated":true}]}}