{"id":9378,"date":"2021-06-18T14:23:00","date_gmt":"2021-06-18T12:23:00","guid":{"rendered":"https:\/\/telemme.mmsh.fr\/?p=9378"},"modified":"2022-01-04T11:09:41","modified_gmt":"2022-01-04T10:09:41","slug":"les-outils-de-lactivite-portuaire-maritime-en-europe-mediterraneenne-et-atlantique-xviie-xxe-siecle","status":"publish","type":"post","link":"https:\/\/telemme.mmsh.fr\/?p=9378","title":{"rendered":"Les outils de l\u2019activit\u00e9 portuaire maritime en Europe m\u00e9diterran\u00e9enne et atlantique, XVIIe-XXe si\u00e8cle"},"content":{"rendered":"\n<blockquote class=\"wp-block-quote is-layout-flow wp-block-quote-is-layout-flow\"><p><strong><em><a href=\"https:\/\/presses-universitaires.univ-amu.fr\/outils-lactivite-portuaire-maritime-europe-mediterraneenne-atlantique-xviie-xxe-siecle\">Les outils de l\u2019activit\u00e9 portuaire maritime en Europe m\u00e9diterran\u00e9enne et atlantique, XVIIe-XXe si\u00e8cle<\/a><\/em><\/strong>, sous la direction de Fabien BARTOLOTTI et al.,  Presses universitaires de Provence, collection \u00ab\u00a0Confluent des sciences\u00a0\u00bb, 2021, 326 pages<\/p><\/blockquote>\n\n\n\n<p>Ouvertes par nature sur l\u2019ext\u00e9rieur, les \u00e9conomies des villes portuaires maritimes de l\u2019Europe m\u00e9diterran\u00e9enne et atlantique ont \u00e9t\u00e9 les premi\u00e8res touch\u00e9es par les mouvements successifs de la mondialisation au cours des \u00e9poques moderne et contemporaine. Qu\u2019il s\u2019agisse de faire face \u00e0 la concurrence ou de s\u2019adapter aux bouleversements de la conjoncture, elles ne cessent d\u2019\u00e9voluer au rythme des multiples recompositions de leurs environnements. Comment leurs acteurs s\u2019organisent-ils pour mener leurs activit\u00e9s ? Comment g\u00e8rent-ils les crises et les dynamiques du commerce international ? Quelles sont les pratiques concr\u00e8tes d\u00e9terminant les r\u00e9ussites et les \u00e9checs d\u2019une place ? Les \u00e9conomies portuaires maritimes ont-elles une capacit\u00e9 \u00e0 se transformer plus facilement, plus rapidement ou plus radicalement que les autres ? Toutes ces questions sont autant de chantiers qui demandent \u00e0 \u00eatre travaill\u00e9s et cet ouvrage entend apporter des \u00e9l\u00e9ments de r\u00e9ponse en focalisant l\u2019attention sur un domaine particulier : les outils utilis\u00e9s par les acteurs. Parce qu\u2019elle nous plonge au c\u0153ur des activit\u00e9s \u00e9conomiques et qu\u2019elle permet donc d\u2019en saisir les ressorts intimes, cette entr\u00e9e invite \u00e0 tisser un lien concret entre les strat\u00e9gies et les pratiques, entre les discours et les r\u00e9alisations. Outils, acteurs, strat\u00e9gies\u2026 Trois \u00e9l\u00e9ments qui, lorsqu\u2019ils sont \u00e9tudi\u00e9s dans leurs interrelations, d\u00e9finissent finalement le mode de fonctionnement et les capacit\u00e9s d\u2019action des \u00e9conomies portuaires.<\/p>\n","protected":false},"excerpt":{"rendered":"<p>Ouvertes par nature sur l\u2019ext\u00e9rieur, les \u00e9conomies des villes portuaires maritimes de l\u2019Europe m\u00e9diterran\u00e9enne et atlantique ont \u00e9t\u00e9 les premi\u00e8res touch\u00e9es par les mouvements successifs de la mondialisation au cours des \u00e9poques moderne et contemporaine.<\/p>\n","protected":false},"author":6,"featured_media":9381,"comment_status":"closed","ping_status":"closed","sticky":false,"template":"","format":"standard","meta":{"neve_meta_sidebar":"","neve_meta_container":"","neve_meta_enable_content_width":"","neve_meta_content_width":0,"neve_meta_title_alignment":"","neve_meta_author_avatar":"","neve_post_elements_order":"","neve_meta_disable_header":"","neve_meta_disable_footer":"","neve_meta_disable_title":"","_tribe_events_control_status":"","_tribe_events_control_status_canceled_reason":"","_tribe_events_control_status_postponed_reason":"","_tribe_events_control_online":"","_tribe_events_control_online_url":"","footnotes":""},"categories":[1742],"tags":[2139,1991],"class_list":["post-9378","post","type-post","status-publish","format-standard","has-post-thumbnail","hentry","category-dir-ouvrage","tag-outils","tag-port"],"yoast_head":"<!-- This site is optimized with the Yoast SEO plugin v27.4 - https:\/\/yoast.com\/product\/yoast-seo-wordpress\/ -->\n<title>Les outils de l\u2019activit\u00e9 portuaire maritime en Europe m\u00e9diterran\u00e9enne et atlantique, XVIIe-XXe si\u00e8cle - TELEMMe - Temps, espaces, langages, Europe m\u00e9ridionale, M\u00e9diterran\u00e9e<\/title>\n<meta name=\"description\" content=\"Parution de Les outils de l\u2019activit\u00e9 portuaire maritime en Europe m\u00e9diterran\u00e9enne et atlantique, XVIIe-XXe si\u00e8cle, sous la direction de Fabien BARTOLOTTI et al., Presses universitaires de Provence, 2021, 326 pages\" \/>\n<meta name=\"robots\" content=\"index, follow, max-snippet:-1, max-image-preview:large, max-video-preview:-1\" \/>\n<link rel=\"canonical\" href=\"https:\/\/telemme.mmsh.fr\/?p=9378\" \/>\n<meta property=\"og:locale\" content=\"fr_FR\" \/>\n<meta property=\"og:type\" content=\"article\" \/>\n<meta property=\"og:title\" content=\"Les outils de l\u2019activit\u00e9 portuaire maritime en Europe m\u00e9diterran\u00e9enne et atlantique, XVIIe-XXe si\u00e8cle - TELEMMe - Temps, espaces, langages, Europe m\u00e9ridionale, M\u00e9diterran\u00e9e\" \/>\n<meta property=\"og:description\" content=\"Parution de Les outils de l\u2019activit\u00e9 portuaire maritime en Europe m\u00e9diterran\u00e9enne et atlantique, XVIIe-XXe si\u00e8cle, sous la direction de Fabien BARTOLOTTI et al., Presses universitaires de Provence, 2021, 326 pages\" \/>\n<meta property=\"og:url\" content=\"https:\/\/telemme.mmsh.fr\/?p=9378\" \/>\n<meta property=\"og:site_name\" content=\"TELEMMe - Temps, espaces, langages, Europe m\u00e9ridionale, M\u00e9diterran\u00e9e\" \/>\n<meta property=\"article:published_time\" content=\"2021-06-18T12:23:00+00:00\" \/>\n<meta property=\"article:modified_time\" content=\"2022-01-04T10:09:41+00:00\" \/>\n<meta property=\"og:image\" content=\"https:\/\/telemme.mmsh.fr\/wp-content\/uploads\/2021\/09\/couv_OUTILSPORTUAIRE-1.jpg\" \/>\n\t<meta property=\"og:image:width\" content=\"668\" \/>\n\t<meta property=\"og:image:height\" content=\"1002\" \/>\n\t<meta property=\"og:image:type\" content=\"image\/jpeg\" \/>\n<meta name=\"author\" content=\"Delphine Cavallo\" \/>\n<meta name=\"twitter:card\" content=\"summary_large_image\" \/>\n<meta name=\"twitter:label1\" content=\"\u00c9crit par\" \/>\n\t<meta name=\"twitter:data1\" content=\"Delphine Cavallo\" \/>\n\t<meta name=\"twitter:label2\" content=\"Dur\u00e9e de lecture estim\u00e9e\" \/>\n\t<meta name=\"twitter:data2\" content=\"2 minutes\" \/>\n<script type=\"application\/ld+json\" class=\"yoast-schema-graph\">{\"@context\":\"https:\\\/\\\/schema.org\",\"@graph\":[{\"@type\":\"Article\",\"@id\":\"https:\\\/\\\/telemme.mmsh.fr\\\/?p=9378#article\",\"isPartOf\":{\"@id\":\"https:\\\/\\\/telemme.mmsh.fr\\\/?p=9378\"},\"author\":{\"name\":\"Delphine Cavallo\",\"@id\":\"https:\\\/\\\/telemme.mmsh.fr\\\/#\\\/schema\\\/person\\\/86a185da4836381586528ced48e263f5\"},\"headline\":\"Les outils de l\u2019activit\u00e9 portuaire maritime en Europe m\u00e9diterran\u00e9enne et atlantique, XVIIe-XXe si\u00e8cle\",\"datePublished\":\"2021-06-18T12:23:00+00:00\",\"dateModified\":\"2022-01-04T10:09:41+00:00\",\"mainEntityOfPage\":{\"@id\":\"https:\\\/\\\/telemme.mmsh.fr\\\/?p=9378\"},\"wordCount\":296,\"publisher\":{\"@id\":\"https:\\\/\\\/telemme.mmsh.fr\\\/#organization\"},\"image\":{\"@id\":\"https:\\\/\\\/telemme.mmsh.fr\\\/?p=9378#primaryimage\"},\"thumbnailUrl\":\"https:\\\/\\\/telemme.mmsh.fr\\\/wp-content\\\/uploads\\\/2021\\\/09\\\/couv_OUTILSPORTUAIRE-1.jpg\",\"keywords\":[\"outils\",\"port\"],\"articleSection\":[\"Directions d'ouvrage\"],\"inLanguage\":\"fr-FR\"},{\"@type\":\"WebPage\",\"@id\":\"https:\\\/\\\/telemme.mmsh.fr\\\/?p=9378\",\"url\":\"https:\\\/\\\/telemme.mmsh.fr\\\/?p=9378\",\"name\":\"Les outils de l\u2019activit\u00e9 portuaire maritime en Europe m\u00e9diterran\u00e9enne et atlantique, XVIIe-XXe si\u00e8cle - TELEMMe - Temps, espaces, langages, Europe m\u00e9ridionale, M\u00e9diterran\u00e9e\",\"isPartOf\":{\"@id\":\"https:\\\/\\\/telemme.mmsh.fr\\\/#website\"},\"primaryImageOfPage\":{\"@id\":\"https:\\\/\\\/telemme.mmsh.fr\\\/?p=9378#primaryimage\"},\"image\":{\"@id\":\"https:\\\/\\\/telemme.mmsh.fr\\\/?p=9378#primaryimage\"},\"thumbnailUrl\":\"https:\\\/\\\/telemme.mmsh.fr\\\/wp-content\\\/uploads\\\/2021\\\/09\\\/couv_OUTILSPORTUAIRE-1.jpg\",\"datePublished\":\"2021-06-18T12:23:00+00:00\",\"dateModified\":\"2022-01-04T10:09:41+00:00\",\"description\":\"Parution de Les outils de l\u2019activit\u00e9 portuaire maritime en Europe m\u00e9diterran\u00e9enne et atlantique, XVIIe-XXe si\u00e8cle, sous la direction de Fabien BARTOLOTTI et al., Presses universitaires de Provence, 2021, 326 pages\",\"breadcrumb\":{\"@id\":\"https:\\\/\\\/telemme.mmsh.fr\\\/?p=9378#breadcrumb\"},\"inLanguage\":\"fr-FR\",\"potentialAction\":[{\"@type\":\"ReadAction\",\"target\":[\"https:\\\/\\\/telemme.mmsh.fr\\\/?p=9378\"]}]},{\"@type\":\"ImageObject\",\"inLanguage\":\"fr-FR\",\"@id\":\"https:\\\/\\\/telemme.mmsh.fr\\\/?p=9378#primaryimage\",\"url\":\"https:\\\/\\\/telemme.mmsh.fr\\\/wp-content\\\/uploads\\\/2021\\\/09\\\/couv_OUTILSPORTUAIRE-1.jpg\",\"contentUrl\":\"https:\\\/\\\/telemme.mmsh.fr\\\/wp-content\\\/uploads\\\/2021\\\/09\\\/couv_OUTILSPORTUAIRE-1.jpg\",\"width\":668,\"height\":1002,\"caption\":\"Couverture de Les outils de l\u2019activit\u00e9 portuaire maritime en Europe m\u00e9diterran\u00e9enne et atlantique, XVIIe-XXe si\u00e8cle\"},{\"@type\":\"BreadcrumbList\",\"@id\":\"https:\\\/\\\/telemme.mmsh.fr\\\/?p=9378#breadcrumb\",\"itemListElement\":[{\"@type\":\"ListItem\",\"position\":1,\"name\":\"Accueil\",\"item\":\"https:\\\/\\\/telemme.mmsh.fr\\\/\"},{\"@type\":\"ListItem\",\"position\":2,\"name\":\"Publications\",\"item\":\"https:\\\/\\\/telemme.mmsh.fr\\\/?cat=1738\"},{\"@type\":\"ListItem\",\"position\":3,\"name\":\"Directions d'ouvrage\",\"item\":\"https:\\\/\\\/telemme.mmsh.fr\\\/?cat=1742\"},{\"@type\":\"ListItem\",\"position\":4,\"name\":\"Les outils de l\u2019activit\u00e9 portuaire maritime en Europe m\u00e9diterran\u00e9enne et atlantique, XVIIe-XXe si\u00e8cle\"}]},{\"@type\":\"WebSite\",\"@id\":\"https:\\\/\\\/telemme.mmsh.fr\\\/#website\",\"url\":\"https:\\\/\\\/telemme.mmsh.fr\\\/\",\"name\":\"TELEMMe - Temps, espaces, langages, Europe m\u00e9ridionale, M\u00e9diterran\u00e9e\",\"description\":\"\",\"publisher\":{\"@id\":\"https:\\\/\\\/telemme.mmsh.fr\\\/#organization\"},\"potentialAction\":[{\"@type\":\"SearchAction\",\"target\":{\"@type\":\"EntryPoint\",\"urlTemplate\":\"https:\\\/\\\/telemme.mmsh.fr\\\/?s={search_term_string}\"},\"query-input\":{\"@type\":\"PropertyValueSpecification\",\"valueRequired\":true,\"valueName\":\"search_term_string\"}}],\"inLanguage\":\"fr-FR\"},{\"@type\":\"Organization\",\"@id\":\"https:\\\/\\\/telemme.mmsh.fr\\\/#organization\",\"name\":\"TELEMMe\",\"url\":\"https:\\\/\\\/telemme.mmsh.fr\\\/\",\"logo\":{\"@type\":\"ImageObject\",\"inLanguage\":\"fr-FR\",\"@id\":\"https:\\\/\\\/telemme.mmsh.fr\\\/#\\\/schema\\\/logo\\\/image\\\/\",\"url\":\"https:\\\/\\\/telemme.mmsh.fr\\\/wp-content\\\/uploads\\\/2020\\\/03\\\/LogoTELEMMe-horizontal-fond-transparent.png\",\"contentUrl\":\"https:\\\/\\\/telemme.mmsh.fr\\\/wp-content\\\/uploads\\\/2020\\\/03\\\/LogoTELEMMe-horizontal-fond-transparent.png\",\"width\":1500,\"height\":437,\"caption\":\"TELEMMe\"},\"image\":{\"@id\":\"https:\\\/\\\/telemme.mmsh.fr\\\/#\\\/schema\\\/logo\\\/image\\\/\"}},{\"@type\":\"Person\",\"@id\":\"https:\\\/\\\/telemme.mmsh.fr\\\/#\\\/schema\\\/person\\\/86a185da4836381586528ced48e263f5\",\"name\":\"Delphine Cavallo\",\"url\":\"https:\\\/\\\/telemme.mmsh.fr\\\/?author=6\"}]}<\/script>\n<!-- \/ Yoast SEO plugin. -->","yoast_head_json":{"title":"Les outils de l\u2019activit\u00e9 portuaire maritime en Europe m\u00e9diterran\u00e9enne et atlantique, XVIIe-XXe si\u00e8cle - TELEMMe - Temps, espaces, langages, Europe m\u00e9ridionale, M\u00e9diterran\u00e9e","description":"Parution de Les outils de l\u2019activit\u00e9 portuaire maritime en Europe m\u00e9diterran\u00e9enne et atlantique, XVIIe-XXe si\u00e8cle, sous la direction de Fabien BARTOLOTTI et al., Presses universitaires de Provence, 2021, 326 pages","robots":{"index":"index","follow":"follow","max-snippet":"max-snippet:-1","max-image-preview":"max-image-preview:large","max-video-preview":"max-video-preview:-1"},"canonical":"https:\/\/telemme.mmsh.fr\/?p=9378","og_locale":"fr_FR","og_type":"article","og_title":"Les outils de l\u2019activit\u00e9 portuaire maritime en Europe m\u00e9diterran\u00e9enne et atlantique, XVIIe-XXe si\u00e8cle - TELEMMe - Temps, espaces, langages, Europe m\u00e9ridionale, M\u00e9diterran\u00e9e","og_description":"Parution de Les outils de l\u2019activit\u00e9 portuaire maritime en Europe m\u00e9diterran\u00e9enne et atlantique, XVIIe-XXe si\u00e8cle, sous la direction de Fabien BARTOLOTTI et al., Presses universitaires de Provence, 2021, 326 pages","og_url":"https:\/\/telemme.mmsh.fr\/?p=9378","og_site_name":"TELEMMe - Temps, espaces, langages, Europe m\u00e9ridionale, M\u00e9diterran\u00e9e","article_published_time":"2021-06-18T12:23:00+00:00","article_modified_time":"2022-01-04T10:09:41+00:00","og_image":[{"width":668,"height":1002,"url":"https:\/\/telemme.mmsh.fr\/wp-content\/uploads\/2021\/09\/couv_OUTILSPORTUAIRE-1.jpg","type":"image\/jpeg"}],"author":"Delphine Cavallo","twitter_card":"summary_large_image","twitter_misc":{"\u00c9crit par":"Delphine Cavallo","Dur\u00e9e de lecture estim\u00e9e":"2 minutes"},"schema":{"@context":"https:\/\/schema.org","@graph":[{"@type":"Article","@id":"https:\/\/telemme.mmsh.fr\/?p=9378#article","isPartOf":{"@id":"https:\/\/telemme.mmsh.fr\/?p=9378"},"author":{"name":"Delphine Cavallo","@id":"https:\/\/telemme.mmsh.fr\/#\/schema\/person\/86a185da4836381586528ced48e263f5"},"headline":"Les outils de l\u2019activit\u00e9 portuaire maritime en Europe m\u00e9diterran\u00e9enne et atlantique, XVIIe-XXe si\u00e8cle","datePublished":"2021-06-18T12:23:00+00:00","dateModified":"2022-01-04T10:09:41+00:00","mainEntityOfPage":{"@id":"https:\/\/telemme.mmsh.fr\/?p=9378"},"wordCount":296,"publisher":{"@id":"https:\/\/telemme.mmsh.fr\/#organization"},"image":{"@id":"https:\/\/telemme.mmsh.fr\/?p=9378#primaryimage"},"thumbnailUrl":"https:\/\/telemme.mmsh.fr\/wp-content\/uploads\/2021\/09\/couv_OUTILSPORTUAIRE-1.jpg","keywords":["outils","port"],"articleSection":["Directions d'ouvrage"],"inLanguage":"fr-FR"},{"@type":"WebPage","@id":"https:\/\/telemme.mmsh.fr\/?p=9378","url":"https:\/\/telemme.mmsh.fr\/?p=9378","name":"Les outils de l\u2019activit\u00e9 portuaire maritime en Europe m\u00e9diterran\u00e9enne et atlantique, XVIIe-XXe si\u00e8cle - TELEMMe - Temps, espaces, langages, Europe m\u00e9ridionale, M\u00e9diterran\u00e9e","isPartOf":{"@id":"https:\/\/telemme.mmsh.fr\/#website"},"primaryImageOfPage":{"@id":"https:\/\/telemme.mmsh.fr\/?p=9378#primaryimage"},"image":{"@id":"https:\/\/telemme.mmsh.fr\/?p=9378#primaryimage"},"thumbnailUrl":"https:\/\/telemme.mmsh.fr\/wp-content\/uploads\/2021\/09\/couv_OUTILSPORTUAIRE-1.jpg","datePublished":"2021-06-18T12:23:00+00:00","dateModified":"2022-01-04T10:09:41+00:00","description":"Parution de Les outils de l\u2019activit\u00e9 portuaire maritime en Europe m\u00e9diterran\u00e9enne et atlantique, XVIIe-XXe si\u00e8cle, sous la direction de Fabien BARTOLOTTI et al., Presses universitaires de Provence, 2021, 326 pages","breadcrumb":{"@id":"https:\/\/telemme.mmsh.fr\/?p=9378#breadcrumb"},"inLanguage":"fr-FR","potentialAction":[{"@type":"ReadAction","target":["https:\/\/telemme.mmsh.fr\/?p=9378"]}]},{"@type":"ImageObject","inLanguage":"fr-FR","@id":"https:\/\/telemme.mmsh.fr\/?p=9378#primaryimage","url":"https:\/\/telemme.mmsh.fr\/wp-content\/uploads\/2021\/09\/couv_OUTILSPORTUAIRE-1.jpg","contentUrl":"https:\/\/telemme.mmsh.fr\/wp-content\/uploads\/2021\/09\/couv_OUTILSPORTUAIRE-1.jpg","width":668,"height":1002,"caption":"Couverture de Les outils de l\u2019activit\u00e9 portuaire maritime en Europe m\u00e9diterran\u00e9enne et atlantique, XVIIe-XXe si\u00e8cle"},{"@type":"BreadcrumbList","@id":"https:\/\/telemme.mmsh.fr\/?p=9378#breadcrumb","itemListElement":[{"@type":"ListItem","position":1,"name":"Accueil","item":"https:\/\/telemme.mmsh.fr\/"},{"@type":"ListItem","position":2,"name":"Publications","item":"https:\/\/telemme.mmsh.fr\/?cat=1738"},{"@type":"ListItem","position":3,"name":"Directions d'ouvrage","item":"https:\/\/telemme.mmsh.fr\/?cat=1742"},{"@type":"ListItem","position":4,"name":"Les outils de l\u2019activit\u00e9 portuaire maritime en Europe m\u00e9diterran\u00e9enne et atlantique, XVIIe-XXe si\u00e8cle"}]},{"@type":"WebSite","@id":"https:\/\/telemme.mmsh.fr\/#website","url":"https:\/\/telemme.mmsh.fr\/","name":"TELEMMe - Temps, espaces, langages, Europe m\u00e9ridionale, M\u00e9diterran\u00e9e","description":"","publisher":{"@id":"https:\/\/telemme.mmsh.fr\/#organization"},"potentialAction":[{"@type":"SearchAction","target":{"@type":"EntryPoint","urlTemplate":"https:\/\/telemme.mmsh.fr\/?s={search_term_string}"},"query-input":{"@type":"PropertyValueSpecification","valueRequired":true,"valueName":"search_term_string"}}],"inLanguage":"fr-FR"},{"@type":"Organization","@id":"https:\/\/telemme.mmsh.fr\/#organization","name":"TELEMMe","url":"https:\/\/telemme.mmsh.fr\/","logo":{"@type":"ImageObject","inLanguage":"fr-FR","@id":"https:\/\/telemme.mmsh.fr\/#\/schema\/logo\/image\/","url":"https:\/\/telemme.mmsh.fr\/wp-content\/uploads\/2020\/03\/LogoTELEMMe-horizontal-fond-transparent.png","contentUrl":"https:\/\/telemme.mmsh.fr\/wp-content\/uploads\/2020\/03\/LogoTELEMMe-horizontal-fond-transparent.png","width":1500,"height":437,"caption":"TELEMMe"},"image":{"@id":"https:\/\/telemme.mmsh.fr\/#\/schema\/logo\/image\/"}},{"@type":"Person","@id":"https:\/\/telemme.mmsh.fr\/#\/schema\/person\/86a185da4836381586528ced48e263f5","name":"Delphine Cavallo","url":"https:\/\/telemme.mmsh.fr\/?author=6"}]}},"_links":{"self":[{"href":"https:\/\/telemme.mmsh.fr\/index.php?rest_route=\/wp\/v2\/posts\/9378","targetHints":{"allow":["GET"]}}],"collection":[{"href":"https:\/\/telemme.mmsh.fr\/index.php?rest_route=\/wp\/v2\/posts"}],"about":[{"href":"https:\/\/telemme.mmsh.fr\/index.php?rest_route=\/wp\/v2\/types\/post"}],"author":[{"embeddable":true,"href":"https:\/\/telemme.mmsh.fr\/index.php?rest_route=\/wp\/v2\/users\/6"}],"replies":[{"embeddable":true,"href":"https:\/\/telemme.mmsh.fr\/index.php?rest_route=%2Fwp%2Fv2%2Fcomments&post=9378"}],"version-history":[{"count":2,"href":"https:\/\/telemme.mmsh.fr\/index.php?rest_route=\/wp\/v2\/posts\/9378\/revisions"}],"predecessor-version":[{"id":10291,"href":"https:\/\/telemme.mmsh.fr\/index.php?rest_route=\/wp\/v2\/posts\/9378\/revisions\/10291"}],"wp:featuredmedia":[{"embeddable":true,"href":"https:\/\/telemme.mmsh.fr\/index.php?rest_route=\/wp\/v2\/media\/9381"}],"wp:attachment":[{"href":"https:\/\/telemme.mmsh.fr\/index.php?rest_route=%2Fwp%2Fv2%2Fmedia&parent=9378"}],"wp:term":[{"taxonomy":"category","embeddable":true,"href":"https:\/\/telemme.mmsh.fr\/index.php?rest_route=%2Fwp%2Fv2%2Fcategories&post=9378"},{"taxonomy":"post_tag","embeddable":true,"href":"https:\/\/telemme.mmsh.fr\/index.php?rest_route=%2Fwp%2Fv2%2Ftags&post=9378"}],"curies":[{"name":"wp","href":"https:\/\/api.w.org\/{rel}","templated":true}]}}