{"id":9363,"date":"2021-05-28T18:31:00","date_gmt":"2021-05-28T16:31:00","guid":{"rendered":"https:\/\/telemme.mmsh.fr\/?p=9363"},"modified":"2021-08-31T18:34:29","modified_gmt":"2021-08-31T16:34:29","slug":"hygiene-du-cadavre-histoire-medecine-et-sante-n-16","status":"publish","type":"post","link":"https:\/\/telemme.mmsh.fr\/?p=9363","title":{"rendered":"Hygi\u00e8ne du cadavre, <em>Histoire, m\u00e9decine et sant\u00e9<\/em>, n\u00b0 16"},"content":{"rendered":"\n<blockquote class=\"wp-block-quote is-layout-flow wp-block-quote-is-layout-flow\"><p><strong><a href=\"https:\/\/journals.openedition.org\/hms\/2432\">Hygi\u00e8ne du cadavre<\/a><\/strong>, coordonn\u00e9 par Anne CAROL, <em>Histoire, m\u00e9decine et sant\u00e9<\/em>, n\u00b0 16, Presses universitaires du Midi, 2021, 172 pages<\/p><\/blockquote>\n\n\n\n<p>Ce num\u00e9ro aborde la vari\u00e9t\u00e9 des rapports que les m\u00e9decins peuvent entretenir avec la mort, non d\u2019un point de vue th\u00e9orique, mais du point de vue de la gestion mat\u00e9rielle des corps morts et de l\u2019expertise m\u00e9dicale dans ce domaine.<\/p>\n\n\n\n<p>Le XIX<sup>e<\/sup> si\u00e8cle, qui voit les sensibilit\u00e9s fun\u00e9raires se modifier et les m\u00e9decins consolider leur statut social, a \u00e9t\u00e9 particuli\u00e8rement scrut\u00e9&nbsp;: les \u00e9tudes pr\u00e9sent\u00e9es envisagent la question, en Europe, de la gestion des cadavres du point de vue de la sant\u00e9 publique (la d\u00e9finition m\u00e9dicale des crit\u00e8res de la mort), de la police sanitaire et de l\u2019hygi\u00e8ne (les dangers des cimeti\u00e8res dans l\u2019espace public, les bienfaits de l\u2019incin\u00e9ration), des rites fun\u00e9raires \u00e9mergents (l\u2019embaumement ou la cr\u00e9mation). Par ailleurs, en amont, le dossier pr\u00e9sente une source associant m\u00e9decine et cadavre dans le cadre de la mont\u00e9e en puissance de la dissection au xvi<sup>e<\/sup>&nbsp;si\u00e8cle, et en aval, une \u00e9vocation des cons\u00e9quences tr\u00e8s actuelles du r\u00f4le croissant la m\u00e9decine l\u00e9gale dans la gestion fun\u00e9raire des morts de masse, politiques ou g\u00e9nocidaires.<\/p>\n","protected":false},"excerpt":{"rendered":"<p>Ce num\u00e9ro aborde la vari\u00e9t\u00e9 des rapports que les m\u00e9decins peuvent entretenir avec la mort, non d\u2019un point de vue th\u00e9orique, mais du point de vue de la gestion mat\u00e9rielle des corps morts et de l\u2019expertise m\u00e9dicale dans ce domaine.<\/p>\n","protected":false},"author":6,"featured_media":9365,"comment_status":"closed","ping_status":"closed","sticky":false,"template":"","format":"standard","meta":{"neve_meta_sidebar":"","neve_meta_container":"","neve_meta_enable_content_width":"","neve_meta_content_width":0,"neve_meta_title_alignment":"","neve_meta_author_avatar":"","neve_post_elements_order":"","neve_meta_disable_header":"","neve_meta_disable_footer":"","neve_meta_disable_title":"","_tribe_events_control_status":"","_tribe_events_control_status_canceled_reason":"","_tribe_events_control_status_postponed_reason":"","_tribe_events_control_online":"","_tribe_events_control_online_url":"","footnotes":""},"categories":[1744],"tags":[2083,2085],"class_list":["post-9363","post","type-post","status-publish","format-standard","has-post-thumbnail","hentry","category-dir-num-revue","tag-cadavre","tag-mort"],"yoast_head":"<!-- This site is optimized with the Yoast SEO plugin v27.4 - https:\/\/yoast.com\/product\/yoast-seo-wordpress\/ -->\n<title>Hygi\u00e8ne du cadavre, Histoire, m\u00e9decine et sant\u00e9, n\u00b0 16 - TELEMMe - Temps, espaces, langages, Europe m\u00e9ridionale, M\u00e9diterran\u00e9e<\/title>\n<meta name=\"description\" content=\"Ce num\u00e9ro aborde la vari\u00e9t\u00e9 des rapports que les m\u00e9decins peuvent entretenir avec la mort, non d\u2019un point de vue th\u00e9orique, mais du point de vue de la gestion mat\u00e9rielle des corps morts et de l\u2019expertise m\u00e9dicale dans ce domaine.\" \/>\n<meta name=\"robots\" content=\"index, follow, max-snippet:-1, max-image-preview:large, max-video-preview:-1\" \/>\n<link rel=\"canonical\" href=\"https:\/\/telemme.mmsh.fr\/?p=9363\" \/>\n<meta property=\"og:locale\" content=\"fr_FR\" \/>\n<meta property=\"og:type\" content=\"article\" \/>\n<meta property=\"og:title\" content=\"Hygi\u00e8ne du cadavre, Histoire, m\u00e9decine et sant\u00e9, n\u00b0 16 - TELEMMe - Temps, espaces, langages, Europe m\u00e9ridionale, M\u00e9diterran\u00e9e\" \/>\n<meta property=\"og:description\" content=\"Ce num\u00e9ro aborde la vari\u00e9t\u00e9 des rapports que les m\u00e9decins peuvent entretenir avec la mort, non d\u2019un point de vue th\u00e9orique, mais du point de vue de la gestion mat\u00e9rielle des corps morts et de l\u2019expertise m\u00e9dicale dans ce domaine.\" \/>\n<meta property=\"og:url\" content=\"https:\/\/telemme.mmsh.fr\/?p=9363\" \/>\n<meta property=\"og:site_name\" content=\"TELEMMe - Temps, espaces, langages, Europe m\u00e9ridionale, M\u00e9diterran\u00e9e\" \/>\n<meta property=\"article:published_time\" content=\"2021-05-28T16:31:00+00:00\" \/>\n<meta property=\"article:modified_time\" content=\"2021-08-31T16:34:29+00:00\" \/>\n<meta property=\"og:image\" content=\"https:\/\/telemme.mmsh.fr\/wp-content\/uploads\/2021\/08\/couverture_hms_16-small200.jpg\" \/>\n\t<meta property=\"og:image:width\" content=\"130\" \/>\n\t<meta property=\"og:image:height\" content=\"200\" \/>\n\t<meta property=\"og:image:type\" content=\"image\/jpeg\" \/>\n<meta name=\"author\" content=\"Delphine Cavallo\" \/>\n<meta name=\"twitter:card\" content=\"summary_large_image\" \/>\n<meta name=\"twitter:label1\" content=\"\u00c9crit par\" \/>\n\t<meta name=\"twitter:data1\" content=\"Delphine Cavallo\" \/>\n\t<meta name=\"twitter:label2\" content=\"Dur\u00e9e de lecture estim\u00e9e\" \/>\n\t<meta name=\"twitter:data2\" content=\"1 minute\" \/>\n<script type=\"application\/ld+json\" class=\"yoast-schema-graph\">{\"@context\":\"https:\\\/\\\/schema.org\",\"@graph\":[{\"@type\":\"Article\",\"@id\":\"https:\\\/\\\/telemme.mmsh.fr\\\/?p=9363#article\",\"isPartOf\":{\"@id\":\"https:\\\/\\\/telemme.mmsh.fr\\\/?p=9363\"},\"author\":{\"name\":\"Delphine Cavallo\",\"@id\":\"https:\\\/\\\/telemme.mmsh.fr\\\/#\\\/schema\\\/person\\\/86a185da4836381586528ced48e263f5\"},\"headline\":\"Hygi\u00e8ne du cadavre, Histoire, m\u00e9decine et sant\u00e9, n\u00b0 16\",\"datePublished\":\"2021-05-28T16:31:00+00:00\",\"dateModified\":\"2021-08-31T16:34:29+00:00\",\"mainEntityOfPage\":{\"@id\":\"https:\\\/\\\/telemme.mmsh.fr\\\/?p=9363\"},\"wordCount\":238,\"publisher\":{\"@id\":\"https:\\\/\\\/telemme.mmsh.fr\\\/#organization\"},\"image\":{\"@id\":\"https:\\\/\\\/telemme.mmsh.fr\\\/?p=9363#primaryimage\"},\"thumbnailUrl\":\"https:\\\/\\\/telemme.mmsh.fr\\\/wp-content\\\/uploads\\\/2021\\\/08\\\/couverture_hms_16-small200.jpg\",\"keywords\":[\"cadavre\",\"mort\"],\"articleSection\":[\"Directions de num\u00e9ro de revue\"],\"inLanguage\":\"fr-FR\"},{\"@type\":\"WebPage\",\"@id\":\"https:\\\/\\\/telemme.mmsh.fr\\\/?p=9363\",\"url\":\"https:\\\/\\\/telemme.mmsh.fr\\\/?p=9363\",\"name\":\"Hygi\u00e8ne du cadavre, Histoire, m\u00e9decine et sant\u00e9, n\u00b0 16 - TELEMMe - Temps, espaces, langages, Europe m\u00e9ridionale, M\u00e9diterran\u00e9e\",\"isPartOf\":{\"@id\":\"https:\\\/\\\/telemme.mmsh.fr\\\/#website\"},\"primaryImageOfPage\":{\"@id\":\"https:\\\/\\\/telemme.mmsh.fr\\\/?p=9363#primaryimage\"},\"image\":{\"@id\":\"https:\\\/\\\/telemme.mmsh.fr\\\/?p=9363#primaryimage\"},\"thumbnailUrl\":\"https:\\\/\\\/telemme.mmsh.fr\\\/wp-content\\\/uploads\\\/2021\\\/08\\\/couverture_hms_16-small200.jpg\",\"datePublished\":\"2021-05-28T16:31:00+00:00\",\"dateModified\":\"2021-08-31T16:34:29+00:00\",\"description\":\"Ce num\u00e9ro aborde la vari\u00e9t\u00e9 des rapports que les m\u00e9decins peuvent entretenir avec la mort, non d\u2019un point de vue th\u00e9orique, mais du point de vue de la gestion mat\u00e9rielle des corps morts et de l\u2019expertise m\u00e9dicale dans ce domaine.\",\"breadcrumb\":{\"@id\":\"https:\\\/\\\/telemme.mmsh.fr\\\/?p=9363#breadcrumb\"},\"inLanguage\":\"fr-FR\",\"potentialAction\":[{\"@type\":\"ReadAction\",\"target\":[\"https:\\\/\\\/telemme.mmsh.fr\\\/?p=9363\"]}]},{\"@type\":\"ImageObject\",\"inLanguage\":\"fr-FR\",\"@id\":\"https:\\\/\\\/telemme.mmsh.fr\\\/?p=9363#primaryimage\",\"url\":\"https:\\\/\\\/telemme.mmsh.fr\\\/wp-content\\\/uploads\\\/2021\\\/08\\\/couverture_hms_16-small200.jpg\",\"contentUrl\":\"https:\\\/\\\/telemme.mmsh.fr\\\/wp-content\\\/uploads\\\/2021\\\/08\\\/couverture_hms_16-small200.jpg\",\"width\":130,\"height\":200,\"caption\":\"Couverture de Hygi\u00e8ne du cadavre, HMS n\u00b016\"},{\"@type\":\"BreadcrumbList\",\"@id\":\"https:\\\/\\\/telemme.mmsh.fr\\\/?p=9363#breadcrumb\",\"itemListElement\":[{\"@type\":\"ListItem\",\"position\":1,\"name\":\"Accueil\",\"item\":\"https:\\\/\\\/telemme.mmsh.fr\\\/\"},{\"@type\":\"ListItem\",\"position\":2,\"name\":\"Publications\",\"item\":\"https:\\\/\\\/telemme.mmsh.fr\\\/?cat=1738\"},{\"@type\":\"ListItem\",\"position\":3,\"name\":\"Directions de num\u00e9ro de revue\",\"item\":\"https:\\\/\\\/telemme.mmsh.fr\\\/?cat=1744\"},{\"@type\":\"ListItem\",\"position\":4,\"name\":\"Hygi\u00e8ne du cadavre, Histoire, m\u00e9decine et sant\u00e9, n\u00b0 16\"}]},{\"@type\":\"WebSite\",\"@id\":\"https:\\\/\\\/telemme.mmsh.fr\\\/#website\",\"url\":\"https:\\\/\\\/telemme.mmsh.fr\\\/\",\"name\":\"TELEMMe - Temps, espaces, langages, Europe m\u00e9ridionale, M\u00e9diterran\u00e9e\",\"description\":\"\",\"publisher\":{\"@id\":\"https:\\\/\\\/telemme.mmsh.fr\\\/#organization\"},\"potentialAction\":[{\"@type\":\"SearchAction\",\"target\":{\"@type\":\"EntryPoint\",\"urlTemplate\":\"https:\\\/\\\/telemme.mmsh.fr\\\/?s={search_term_string}\"},\"query-input\":{\"@type\":\"PropertyValueSpecification\",\"valueRequired\":true,\"valueName\":\"search_term_string\"}}],\"inLanguage\":\"fr-FR\"},{\"@type\":\"Organization\",\"@id\":\"https:\\\/\\\/telemme.mmsh.fr\\\/#organization\",\"name\":\"TELEMMe\",\"url\":\"https:\\\/\\\/telemme.mmsh.fr\\\/\",\"logo\":{\"@type\":\"ImageObject\",\"inLanguage\":\"fr-FR\",\"@id\":\"https:\\\/\\\/telemme.mmsh.fr\\\/#\\\/schema\\\/logo\\\/image\\\/\",\"url\":\"https:\\\/\\\/telemme.mmsh.fr\\\/wp-content\\\/uploads\\\/2020\\\/03\\\/LogoTELEMMe-horizontal-fond-transparent.png\",\"contentUrl\":\"https:\\\/\\\/telemme.mmsh.fr\\\/wp-content\\\/uploads\\\/2020\\\/03\\\/LogoTELEMMe-horizontal-fond-transparent.png\",\"width\":1500,\"height\":437,\"caption\":\"TELEMMe\"},\"image\":{\"@id\":\"https:\\\/\\\/telemme.mmsh.fr\\\/#\\\/schema\\\/logo\\\/image\\\/\"}},{\"@type\":\"Person\",\"@id\":\"https:\\\/\\\/telemme.mmsh.fr\\\/#\\\/schema\\\/person\\\/86a185da4836381586528ced48e263f5\",\"name\":\"Delphine Cavallo\",\"url\":\"https:\\\/\\\/telemme.mmsh.fr\\\/?author=6\"}]}<\/script>\n<!-- \/ Yoast SEO plugin. -->","yoast_head_json":{"title":"Hygi\u00e8ne du cadavre, Histoire, m\u00e9decine et sant\u00e9, n\u00b0 16 - TELEMMe - Temps, espaces, langages, Europe m\u00e9ridionale, M\u00e9diterran\u00e9e","description":"Ce num\u00e9ro aborde la vari\u00e9t\u00e9 des rapports que les m\u00e9decins peuvent entretenir avec la mort, non d\u2019un point de vue th\u00e9orique, mais du point de vue de la gestion mat\u00e9rielle des corps morts et de l\u2019expertise m\u00e9dicale dans ce domaine.","robots":{"index":"index","follow":"follow","max-snippet":"max-snippet:-1","max-image-preview":"max-image-preview:large","max-video-preview":"max-video-preview:-1"},"canonical":"https:\/\/telemme.mmsh.fr\/?p=9363","og_locale":"fr_FR","og_type":"article","og_title":"Hygi\u00e8ne du cadavre, Histoire, m\u00e9decine et sant\u00e9, n\u00b0 16 - TELEMMe - Temps, espaces, langages, Europe m\u00e9ridionale, M\u00e9diterran\u00e9e","og_description":"Ce num\u00e9ro aborde la vari\u00e9t\u00e9 des rapports que les m\u00e9decins peuvent entretenir avec la mort, non d\u2019un point de vue th\u00e9orique, mais du point de vue de la gestion mat\u00e9rielle des corps morts et de l\u2019expertise m\u00e9dicale dans ce domaine.","og_url":"https:\/\/telemme.mmsh.fr\/?p=9363","og_site_name":"TELEMMe - Temps, espaces, langages, Europe m\u00e9ridionale, M\u00e9diterran\u00e9e","article_published_time":"2021-05-28T16:31:00+00:00","article_modified_time":"2021-08-31T16:34:29+00:00","og_image":[{"width":130,"height":200,"url":"https:\/\/telemme.mmsh.fr\/wp-content\/uploads\/2021\/08\/couverture_hms_16-small200.jpg","type":"image\/jpeg"}],"author":"Delphine Cavallo","twitter_card":"summary_large_image","twitter_misc":{"\u00c9crit par":"Delphine Cavallo","Dur\u00e9e de lecture estim\u00e9e":"1 minute"},"schema":{"@context":"https:\/\/schema.org","@graph":[{"@type":"Article","@id":"https:\/\/telemme.mmsh.fr\/?p=9363#article","isPartOf":{"@id":"https:\/\/telemme.mmsh.fr\/?p=9363"},"author":{"name":"Delphine Cavallo","@id":"https:\/\/telemme.mmsh.fr\/#\/schema\/person\/86a185da4836381586528ced48e263f5"},"headline":"Hygi\u00e8ne du cadavre, Histoire, m\u00e9decine et sant\u00e9, n\u00b0 16","datePublished":"2021-05-28T16:31:00+00:00","dateModified":"2021-08-31T16:34:29+00:00","mainEntityOfPage":{"@id":"https:\/\/telemme.mmsh.fr\/?p=9363"},"wordCount":238,"publisher":{"@id":"https:\/\/telemme.mmsh.fr\/#organization"},"image":{"@id":"https:\/\/telemme.mmsh.fr\/?p=9363#primaryimage"},"thumbnailUrl":"https:\/\/telemme.mmsh.fr\/wp-content\/uploads\/2021\/08\/couverture_hms_16-small200.jpg","keywords":["cadavre","mort"],"articleSection":["Directions de num\u00e9ro de revue"],"inLanguage":"fr-FR"},{"@type":"WebPage","@id":"https:\/\/telemme.mmsh.fr\/?p=9363","url":"https:\/\/telemme.mmsh.fr\/?p=9363","name":"Hygi\u00e8ne du cadavre, Histoire, m\u00e9decine et sant\u00e9, n\u00b0 16 - TELEMMe - Temps, espaces, langages, Europe m\u00e9ridionale, M\u00e9diterran\u00e9e","isPartOf":{"@id":"https:\/\/telemme.mmsh.fr\/#website"},"primaryImageOfPage":{"@id":"https:\/\/telemme.mmsh.fr\/?p=9363#primaryimage"},"image":{"@id":"https:\/\/telemme.mmsh.fr\/?p=9363#primaryimage"},"thumbnailUrl":"https:\/\/telemme.mmsh.fr\/wp-content\/uploads\/2021\/08\/couverture_hms_16-small200.jpg","datePublished":"2021-05-28T16:31:00+00:00","dateModified":"2021-08-31T16:34:29+00:00","description":"Ce num\u00e9ro aborde la vari\u00e9t\u00e9 des rapports que les m\u00e9decins peuvent entretenir avec la mort, non d\u2019un point de vue th\u00e9orique, mais du point de vue de la gestion mat\u00e9rielle des corps morts et de l\u2019expertise m\u00e9dicale dans ce domaine.","breadcrumb":{"@id":"https:\/\/telemme.mmsh.fr\/?p=9363#breadcrumb"},"inLanguage":"fr-FR","potentialAction":[{"@type":"ReadAction","target":["https:\/\/telemme.mmsh.fr\/?p=9363"]}]},{"@type":"ImageObject","inLanguage":"fr-FR","@id":"https:\/\/telemme.mmsh.fr\/?p=9363#primaryimage","url":"https:\/\/telemme.mmsh.fr\/wp-content\/uploads\/2021\/08\/couverture_hms_16-small200.jpg","contentUrl":"https:\/\/telemme.mmsh.fr\/wp-content\/uploads\/2021\/08\/couverture_hms_16-small200.jpg","width":130,"height":200,"caption":"Couverture de Hygi\u00e8ne du cadavre, HMS n\u00b016"},{"@type":"BreadcrumbList","@id":"https:\/\/telemme.mmsh.fr\/?p=9363#breadcrumb","itemListElement":[{"@type":"ListItem","position":1,"name":"Accueil","item":"https:\/\/telemme.mmsh.fr\/"},{"@type":"ListItem","position":2,"name":"Publications","item":"https:\/\/telemme.mmsh.fr\/?cat=1738"},{"@type":"ListItem","position":3,"name":"Directions de num\u00e9ro de revue","item":"https:\/\/telemme.mmsh.fr\/?cat=1744"},{"@type":"ListItem","position":4,"name":"Hygi\u00e8ne du cadavre, Histoire, m\u00e9decine et sant\u00e9, n\u00b0 16"}]},{"@type":"WebSite","@id":"https:\/\/telemme.mmsh.fr\/#website","url":"https:\/\/telemme.mmsh.fr\/","name":"TELEMMe - Temps, espaces, langages, Europe m\u00e9ridionale, M\u00e9diterran\u00e9e","description":"","publisher":{"@id":"https:\/\/telemme.mmsh.fr\/#organization"},"potentialAction":[{"@type":"SearchAction","target":{"@type":"EntryPoint","urlTemplate":"https:\/\/telemme.mmsh.fr\/?s={search_term_string}"},"query-input":{"@type":"PropertyValueSpecification","valueRequired":true,"valueName":"search_term_string"}}],"inLanguage":"fr-FR"},{"@type":"Organization","@id":"https:\/\/telemme.mmsh.fr\/#organization","name":"TELEMMe","url":"https:\/\/telemme.mmsh.fr\/","logo":{"@type":"ImageObject","inLanguage":"fr-FR","@id":"https:\/\/telemme.mmsh.fr\/#\/schema\/logo\/image\/","url":"https:\/\/telemme.mmsh.fr\/wp-content\/uploads\/2020\/03\/LogoTELEMMe-horizontal-fond-transparent.png","contentUrl":"https:\/\/telemme.mmsh.fr\/wp-content\/uploads\/2020\/03\/LogoTELEMMe-horizontal-fond-transparent.png","width":1500,"height":437,"caption":"TELEMMe"},"image":{"@id":"https:\/\/telemme.mmsh.fr\/#\/schema\/logo\/image\/"}},{"@type":"Person","@id":"https:\/\/telemme.mmsh.fr\/#\/schema\/person\/86a185da4836381586528ced48e263f5","name":"Delphine Cavallo","url":"https:\/\/telemme.mmsh.fr\/?author=6"}]}},"_links":{"self":[{"href":"https:\/\/telemme.mmsh.fr\/index.php?rest_route=\/wp\/v2\/posts\/9363","targetHints":{"allow":["GET"]}}],"collection":[{"href":"https:\/\/telemme.mmsh.fr\/index.php?rest_route=\/wp\/v2\/posts"}],"about":[{"href":"https:\/\/telemme.mmsh.fr\/index.php?rest_route=\/wp\/v2\/types\/post"}],"author":[{"embeddable":true,"href":"https:\/\/telemme.mmsh.fr\/index.php?rest_route=\/wp\/v2\/users\/6"}],"replies":[{"embeddable":true,"href":"https:\/\/telemme.mmsh.fr\/index.php?rest_route=%2Fwp%2Fv2%2Fcomments&post=9363"}],"version-history":[{"count":2,"href":"https:\/\/telemme.mmsh.fr\/index.php?rest_route=\/wp\/v2\/posts\/9363\/revisions"}],"predecessor-version":[{"id":9366,"href":"https:\/\/telemme.mmsh.fr\/index.php?rest_route=\/wp\/v2\/posts\/9363\/revisions\/9366"}],"wp:featuredmedia":[{"embeddable":true,"href":"https:\/\/telemme.mmsh.fr\/index.php?rest_route=\/wp\/v2\/media\/9365"}],"wp:attachment":[{"href":"https:\/\/telemme.mmsh.fr\/index.php?rest_route=%2Fwp%2Fv2%2Fmedia&parent=9363"}],"wp:term":[{"taxonomy":"category","embeddable":true,"href":"https:\/\/telemme.mmsh.fr\/index.php?rest_route=%2Fwp%2Fv2%2Fcategories&post=9363"},{"taxonomy":"post_tag","embeddable":true,"href":"https:\/\/telemme.mmsh.fr\/index.php?rest_route=%2Fwp%2Fv2%2Ftags&post=9363"}],"curies":[{"name":"wp","href":"https:\/\/api.w.org\/{rel}","templated":true}]}}