{"id":9360,"date":"2021-05-28T18:13:00","date_gmt":"2021-05-28T16:13:00","guid":{"rendered":"https:\/\/telemme.mmsh.fr\/?p=9360"},"modified":"2021-08-31T18:16:51","modified_gmt":"2021-08-31T16:16:51","slug":"la-mort-au-parlement-parlements-revue-dhistoire-politique-2021-2-n-hs-16","status":"publish","type":"post","link":"https:\/\/telemme.mmsh.fr\/?p=9360","title":{"rendered":"La mort au Parlement. <em>Parlement[s], Revue d&rsquo;histoire politique<\/em> 2021\/2 (N\u00b0\u00a0HS 16)"},"content":{"rendered":"\n<blockquote class=\"wp-block-quote is-layout-flow wp-block-quote-is-layout-flow\"><p><a href=\"https:\/\/www.cairn.info\/revue-parlements-2021-2.htm\"><strong>L<\/strong><\/a><strong><a href=\"https:\/\/www.cairn.info\/revue-parlements-2021-2.htm\">a mort au Parlement<\/a>, <\/strong>dossier coordonn\u00e9e par Anne CAROL, <a href=\"https:\/\/www.cairn.info\/revue-parlements.htm\"><em>Parlement[s], Revue d&rsquo;histoire politique<\/em><\/a> 2021\/2 (N\u00b0\u00a0HS 16), Presses universitaires de Rennes, 216 pages<\/p><\/blockquote>\n\n\n\n<p>L\u2019histoire de la mort a connu son apog\u00e9e au tournant des ann\u00e9es 1970 et 1980, \u00e0 travers les deux grandes synth\u00e8ses de Michel Vovelle et Philippe Ari\u00e8s. N\u00e9e dans la continuit\u00e9 de l\u2019histoire religieuse et de la d\u00e9mographie historique, elle s\u2019est renouvel\u00e9e les vingt derni\u00e8res ann\u00e9es par une approche mat\u00e9rielle centr\u00e9e sur le traitement du cadavre. Une histoire et une anthropologie politiques de la mort se sont aussi progressivement d\u00e9velopp\u00e9es autour du corps du roi ou des usages politiques des fun\u00e9railles. Mais la question de la mort au(x) Parlement(s) n\u2019avait jamais \u00e9t\u00e9 abord\u00e9e en tant que telle. Ce hors-s\u00e9rie veut montrer les multiples fa\u00e7ons dont on peut comprendre les relations possibles entre mort et Parlement, ainsi que les diff\u00e9rentes \u00ab\u00a0histoires de la mort\u00a0\u00bb qui se pratiquent aujourd\u2019hui. Sont explor\u00e9es, de la R\u00e9volution au tr\u00e8s contemporain, en Europe et plus particuli\u00e8rement en France, les mani\u00e8res dont les parlementaires se saisissent de la mort pour dire la norme et travailler le droit (sur le crime de l\u00e8se-nation, la violation de s\u00e9pulture, le p\u00e9rim\u00e8tre de la peine de mort), utilisent les cadavres pour asseoir leur l\u00e9gitimit\u00e9, cr\u00e9er un consensus ou marquer une rupture (les martyrs de la R\u00e9volution ou de la nation, les h\u00e9ros de guerre), sont interpell\u00e9s et d\u00e9battent sur des sujets tels que les fronti\u00e8res entre la vie et la mort, le devenir des cendres, ou comment les \u00e9lus se confrontent directement \u00e0 leur propre mort (assassinat de F\u00e9raud, attentat de Vaillant, traitement des d\u00e9pouilles de Gambetta ou Mandel).<\/p>\n","protected":false},"excerpt":{"rendered":"<p>La mort au Parlement, dossier coordonn\u00e9e par Anne CAROL, Parlement[s], Revue d&rsquo;histoire politique 2021\/2 (N\u00b0\u00a0HS 16), Presses universitaires de Rennes, 216 pages L\u2019histoire de la mort a connu son apog\u00e9e&hellip;&nbsp;<a href=\"https:\/\/telemme.mmsh.fr\/?p=9360\" rel=\"bookmark\">Lire la suite &raquo;<span class=\"screen-reader-text\">La mort au Parlement. <em>Parlement[s], Revue d&rsquo;histoire politique<\/em> 2021\/2 (N\u00b0\u00a0HS 16)<\/span><\/a><\/p>\n","protected":false},"author":6,"featured_media":9362,"comment_status":"closed","ping_status":"closed","sticky":false,"template":"","format":"standard","meta":{"neve_meta_sidebar":"","neve_meta_container":"","neve_meta_enable_content_width":"","neve_meta_content_width":0,"neve_meta_title_alignment":"","neve_meta_author_avatar":"","neve_post_elements_order":"","neve_meta_disable_header":"","neve_meta_disable_footer":"","neve_meta_disable_title":"","_tribe_events_control_status":"","_tribe_events_control_status_canceled_reason":"","_tribe_events_control_status_postponed_reason":"","_tribe_events_control_online":"","_tribe_events_control_online_url":"","footnotes":""},"categories":[1744],"tags":[2085,2138],"class_list":["post-9360","post","type-post","status-publish","format-standard","has-post-thumbnail","hentry","category-dir-num-revue","tag-mort","tag-parlement"],"yoast_head":"<!-- This site is optimized with the Yoast SEO plugin v27.4 - https:\/\/yoast.com\/product\/yoast-seo-wordpress\/ -->\n<title>La mort au Parlement. Parlement[s], Revue d&#039;histoire politique 2021\/2 (N\u00b0\u00a0HS 16) - TELEMMe - Temps, espaces, langages, Europe m\u00e9ridionale, M\u00e9diterran\u00e9e<\/title>\n<meta name=\"description\" content=\"L\u2019histoire de la mort a connu son apog\u00e9e au tournant des ann\u00e9es 1970 et 1980, \u00e0 travers les deux grandes synth\u00e8ses de Michel Vovelle et Philippe Ari\u00e8s.\" \/>\n<meta name=\"robots\" content=\"index, follow, max-snippet:-1, max-image-preview:large, max-video-preview:-1\" \/>\n<link rel=\"canonical\" href=\"https:\/\/telemme.mmsh.fr\/?p=9360\" \/>\n<meta property=\"og:locale\" content=\"fr_FR\" \/>\n<meta property=\"og:type\" content=\"article\" \/>\n<meta property=\"og:title\" content=\"La mort au Parlement. Parlement[s], Revue d&#039;histoire politique 2021\/2 (N\u00b0\u00a0HS 16) - TELEMMe - Temps, espaces, langages, Europe m\u00e9ridionale, M\u00e9diterran\u00e9e\" \/>\n<meta property=\"og:description\" content=\"L\u2019histoire de la mort a connu son apog\u00e9e au tournant des ann\u00e9es 1970 et 1980, \u00e0 travers les deux grandes synth\u00e8ses de Michel Vovelle et Philippe Ari\u00e8s.\" \/>\n<meta property=\"og:url\" content=\"https:\/\/telemme.mmsh.fr\/?p=9360\" \/>\n<meta property=\"og:site_name\" content=\"TELEMMe - Temps, espaces, langages, Europe m\u00e9ridionale, M\u00e9diterran\u00e9e\" \/>\n<meta property=\"article:published_time\" content=\"2021-05-28T16:13:00+00:00\" \/>\n<meta property=\"article:modified_time\" content=\"2021-08-31T16:16:51+00:00\" \/>\n<meta property=\"og:image\" content=\"https:\/\/telemme.mmsh.fr\/wp-content\/uploads\/2021\/08\/PARL2_HS16_L204.jpg\" \/>\n\t<meta property=\"og:image:width\" content=\"204\" \/>\n\t<meta property=\"og:image:height\" content=\"299\" \/>\n\t<meta property=\"og:image:type\" content=\"image\/jpeg\" \/>\n<meta name=\"author\" content=\"Delphine Cavallo\" \/>\n<meta name=\"twitter:card\" content=\"summary_large_image\" \/>\n<meta name=\"twitter:label1\" content=\"\u00c9crit par\" \/>\n\t<meta name=\"twitter:data1\" content=\"Delphine Cavallo\" \/>\n\t<meta name=\"twitter:label2\" content=\"Dur\u00e9e de lecture estim\u00e9e\" \/>\n\t<meta name=\"twitter:data2\" content=\"2 minutes\" \/>\n<script type=\"application\/ld+json\" class=\"yoast-schema-graph\">{\"@context\":\"https:\\\/\\\/schema.org\",\"@graph\":[{\"@type\":\"Article\",\"@id\":\"https:\\\/\\\/telemme.mmsh.fr\\\/?p=9360#article\",\"isPartOf\":{\"@id\":\"https:\\\/\\\/telemme.mmsh.fr\\\/?p=9360\"},\"author\":{\"name\":\"Delphine Cavallo\",\"@id\":\"https:\\\/\\\/telemme.mmsh.fr\\\/#\\\/schema\\\/person\\\/86a185da4836381586528ced48e263f5\"},\"headline\":\"La mort au Parlement. Parlement[s], Revue d&rsquo;histoire politique 2021\\\/2 (N\u00b0\u00a0HS 16)\",\"datePublished\":\"2021-05-28T16:13:00+00:00\",\"dateModified\":\"2021-08-31T16:16:51+00:00\",\"mainEntityOfPage\":{\"@id\":\"https:\\\/\\\/telemme.mmsh.fr\\\/?p=9360\"},\"wordCount\":323,\"publisher\":{\"@id\":\"https:\\\/\\\/telemme.mmsh.fr\\\/#organization\"},\"image\":{\"@id\":\"https:\\\/\\\/telemme.mmsh.fr\\\/?p=9360#primaryimage\"},\"thumbnailUrl\":\"https:\\\/\\\/telemme.mmsh.fr\\\/wp-content\\\/uploads\\\/2021\\\/08\\\/PARL2_HS16_L204.jpg\",\"keywords\":[\"mort\",\"parlement\"],\"articleSection\":[\"Directions de num\u00e9ro de revue\"],\"inLanguage\":\"fr-FR\"},{\"@type\":\"WebPage\",\"@id\":\"https:\\\/\\\/telemme.mmsh.fr\\\/?p=9360\",\"url\":\"https:\\\/\\\/telemme.mmsh.fr\\\/?p=9360\",\"name\":\"La mort au Parlement. Parlement[s], Revue d'histoire politique 2021\\\/2 (N\u00b0\u00a0HS 16) - TELEMMe - Temps, espaces, langages, Europe m\u00e9ridionale, M\u00e9diterran\u00e9e\",\"isPartOf\":{\"@id\":\"https:\\\/\\\/telemme.mmsh.fr\\\/#website\"},\"primaryImageOfPage\":{\"@id\":\"https:\\\/\\\/telemme.mmsh.fr\\\/?p=9360#primaryimage\"},\"image\":{\"@id\":\"https:\\\/\\\/telemme.mmsh.fr\\\/?p=9360#primaryimage\"},\"thumbnailUrl\":\"https:\\\/\\\/telemme.mmsh.fr\\\/wp-content\\\/uploads\\\/2021\\\/08\\\/PARL2_HS16_L204.jpg\",\"datePublished\":\"2021-05-28T16:13:00+00:00\",\"dateModified\":\"2021-08-31T16:16:51+00:00\",\"description\":\"L\u2019histoire de la mort a connu son apog\u00e9e au tournant des ann\u00e9es 1970 et 1980, \u00e0 travers les deux grandes synth\u00e8ses de Michel Vovelle et Philippe Ari\u00e8s.\",\"breadcrumb\":{\"@id\":\"https:\\\/\\\/telemme.mmsh.fr\\\/?p=9360#breadcrumb\"},\"inLanguage\":\"fr-FR\",\"potentialAction\":[{\"@type\":\"ReadAction\",\"target\":[\"https:\\\/\\\/telemme.mmsh.fr\\\/?p=9360\"]}]},{\"@type\":\"ImageObject\",\"inLanguage\":\"fr-FR\",\"@id\":\"https:\\\/\\\/telemme.mmsh.fr\\\/?p=9360#primaryimage\",\"url\":\"https:\\\/\\\/telemme.mmsh.fr\\\/wp-content\\\/uploads\\\/2021\\\/08\\\/PARL2_HS16_L204.jpg\",\"contentUrl\":\"https:\\\/\\\/telemme.mmsh.fr\\\/wp-content\\\/uploads\\\/2021\\\/08\\\/PARL2_HS16_L204.jpg\",\"width\":204,\"height\":299,\"caption\":\"Couverture de La mort au Parlement. Parlement[s], Revue d\u2019histoire politique 2021\\\/2 (N\u00b0 HS 16)\"},{\"@type\":\"BreadcrumbList\",\"@id\":\"https:\\\/\\\/telemme.mmsh.fr\\\/?p=9360#breadcrumb\",\"itemListElement\":[{\"@type\":\"ListItem\",\"position\":1,\"name\":\"Accueil\",\"item\":\"https:\\\/\\\/telemme.mmsh.fr\\\/\"},{\"@type\":\"ListItem\",\"position\":2,\"name\":\"Publications\",\"item\":\"https:\\\/\\\/telemme.mmsh.fr\\\/?cat=1738\"},{\"@type\":\"ListItem\",\"position\":3,\"name\":\"Directions de num\u00e9ro de revue\",\"item\":\"https:\\\/\\\/telemme.mmsh.fr\\\/?cat=1744\"},{\"@type\":\"ListItem\",\"position\":4,\"name\":\"La mort au Parlement. Parlement[s], Revue d&rsquo;histoire politique 2021\\\/2 (N\u00b0\u00a0HS 16)\"}]},{\"@type\":\"WebSite\",\"@id\":\"https:\\\/\\\/telemme.mmsh.fr\\\/#website\",\"url\":\"https:\\\/\\\/telemme.mmsh.fr\\\/\",\"name\":\"TELEMMe - Temps, espaces, langages, Europe m\u00e9ridionale, M\u00e9diterran\u00e9e\",\"description\":\"\",\"publisher\":{\"@id\":\"https:\\\/\\\/telemme.mmsh.fr\\\/#organization\"},\"potentialAction\":[{\"@type\":\"SearchAction\",\"target\":{\"@type\":\"EntryPoint\",\"urlTemplate\":\"https:\\\/\\\/telemme.mmsh.fr\\\/?s={search_term_string}\"},\"query-input\":{\"@type\":\"PropertyValueSpecification\",\"valueRequired\":true,\"valueName\":\"search_term_string\"}}],\"inLanguage\":\"fr-FR\"},{\"@type\":\"Organization\",\"@id\":\"https:\\\/\\\/telemme.mmsh.fr\\\/#organization\",\"name\":\"TELEMMe\",\"url\":\"https:\\\/\\\/telemme.mmsh.fr\\\/\",\"logo\":{\"@type\":\"ImageObject\",\"inLanguage\":\"fr-FR\",\"@id\":\"https:\\\/\\\/telemme.mmsh.fr\\\/#\\\/schema\\\/logo\\\/image\\\/\",\"url\":\"https:\\\/\\\/telemme.mmsh.fr\\\/wp-content\\\/uploads\\\/2020\\\/03\\\/LogoTELEMMe-horizontal-fond-transparent.png\",\"contentUrl\":\"https:\\\/\\\/telemme.mmsh.fr\\\/wp-content\\\/uploads\\\/2020\\\/03\\\/LogoTELEMMe-horizontal-fond-transparent.png\",\"width\":1500,\"height\":437,\"caption\":\"TELEMMe\"},\"image\":{\"@id\":\"https:\\\/\\\/telemme.mmsh.fr\\\/#\\\/schema\\\/logo\\\/image\\\/\"}},{\"@type\":\"Person\",\"@id\":\"https:\\\/\\\/telemme.mmsh.fr\\\/#\\\/schema\\\/person\\\/86a185da4836381586528ced48e263f5\",\"name\":\"Delphine Cavallo\",\"url\":\"https:\\\/\\\/telemme.mmsh.fr\\\/?author=6\"}]}<\/script>\n<!-- \/ Yoast SEO plugin. -->","yoast_head_json":{"title":"La mort au Parlement. Parlement[s], Revue d'histoire politique 2021\/2 (N\u00b0\u00a0HS 16) - TELEMMe - Temps, espaces, langages, Europe m\u00e9ridionale, M\u00e9diterran\u00e9e","description":"L\u2019histoire de la mort a connu son apog\u00e9e au tournant des ann\u00e9es 1970 et 1980, \u00e0 travers les deux grandes synth\u00e8ses de Michel Vovelle et Philippe Ari\u00e8s.","robots":{"index":"index","follow":"follow","max-snippet":"max-snippet:-1","max-image-preview":"max-image-preview:large","max-video-preview":"max-video-preview:-1"},"canonical":"https:\/\/telemme.mmsh.fr\/?p=9360","og_locale":"fr_FR","og_type":"article","og_title":"La mort au Parlement. Parlement[s], Revue d'histoire politique 2021\/2 (N\u00b0\u00a0HS 16) - TELEMMe - Temps, espaces, langages, Europe m\u00e9ridionale, M\u00e9diterran\u00e9e","og_description":"L\u2019histoire de la mort a connu son apog\u00e9e au tournant des ann\u00e9es 1970 et 1980, \u00e0 travers les deux grandes synth\u00e8ses de Michel Vovelle et Philippe Ari\u00e8s.","og_url":"https:\/\/telemme.mmsh.fr\/?p=9360","og_site_name":"TELEMMe - Temps, espaces, langages, Europe m\u00e9ridionale, M\u00e9diterran\u00e9e","article_published_time":"2021-05-28T16:13:00+00:00","article_modified_time":"2021-08-31T16:16:51+00:00","og_image":[{"width":204,"height":299,"url":"https:\/\/telemme.mmsh.fr\/wp-content\/uploads\/2021\/08\/PARL2_HS16_L204.jpg","type":"image\/jpeg"}],"author":"Delphine Cavallo","twitter_card":"summary_large_image","twitter_misc":{"\u00c9crit par":"Delphine Cavallo","Dur\u00e9e de lecture estim\u00e9e":"2 minutes"},"schema":{"@context":"https:\/\/schema.org","@graph":[{"@type":"Article","@id":"https:\/\/telemme.mmsh.fr\/?p=9360#article","isPartOf":{"@id":"https:\/\/telemme.mmsh.fr\/?p=9360"},"author":{"name":"Delphine Cavallo","@id":"https:\/\/telemme.mmsh.fr\/#\/schema\/person\/86a185da4836381586528ced48e263f5"},"headline":"La mort au Parlement. Parlement[s], Revue d&rsquo;histoire politique 2021\/2 (N\u00b0\u00a0HS 16)","datePublished":"2021-05-28T16:13:00+00:00","dateModified":"2021-08-31T16:16:51+00:00","mainEntityOfPage":{"@id":"https:\/\/telemme.mmsh.fr\/?p=9360"},"wordCount":323,"publisher":{"@id":"https:\/\/telemme.mmsh.fr\/#organization"},"image":{"@id":"https:\/\/telemme.mmsh.fr\/?p=9360#primaryimage"},"thumbnailUrl":"https:\/\/telemme.mmsh.fr\/wp-content\/uploads\/2021\/08\/PARL2_HS16_L204.jpg","keywords":["mort","parlement"],"articleSection":["Directions de num\u00e9ro de revue"],"inLanguage":"fr-FR"},{"@type":"WebPage","@id":"https:\/\/telemme.mmsh.fr\/?p=9360","url":"https:\/\/telemme.mmsh.fr\/?p=9360","name":"La mort au Parlement. Parlement[s], Revue d'histoire politique 2021\/2 (N\u00b0\u00a0HS 16) - TELEMMe - Temps, espaces, langages, Europe m\u00e9ridionale, M\u00e9diterran\u00e9e","isPartOf":{"@id":"https:\/\/telemme.mmsh.fr\/#website"},"primaryImageOfPage":{"@id":"https:\/\/telemme.mmsh.fr\/?p=9360#primaryimage"},"image":{"@id":"https:\/\/telemme.mmsh.fr\/?p=9360#primaryimage"},"thumbnailUrl":"https:\/\/telemme.mmsh.fr\/wp-content\/uploads\/2021\/08\/PARL2_HS16_L204.jpg","datePublished":"2021-05-28T16:13:00+00:00","dateModified":"2021-08-31T16:16:51+00:00","description":"L\u2019histoire de la mort a connu son apog\u00e9e au tournant des ann\u00e9es 1970 et 1980, \u00e0 travers les deux grandes synth\u00e8ses de Michel Vovelle et Philippe Ari\u00e8s.","breadcrumb":{"@id":"https:\/\/telemme.mmsh.fr\/?p=9360#breadcrumb"},"inLanguage":"fr-FR","potentialAction":[{"@type":"ReadAction","target":["https:\/\/telemme.mmsh.fr\/?p=9360"]}]},{"@type":"ImageObject","inLanguage":"fr-FR","@id":"https:\/\/telemme.mmsh.fr\/?p=9360#primaryimage","url":"https:\/\/telemme.mmsh.fr\/wp-content\/uploads\/2021\/08\/PARL2_HS16_L204.jpg","contentUrl":"https:\/\/telemme.mmsh.fr\/wp-content\/uploads\/2021\/08\/PARL2_HS16_L204.jpg","width":204,"height":299,"caption":"Couverture de La mort au Parlement. Parlement[s], Revue d\u2019histoire politique 2021\/2 (N\u00b0 HS 16)"},{"@type":"BreadcrumbList","@id":"https:\/\/telemme.mmsh.fr\/?p=9360#breadcrumb","itemListElement":[{"@type":"ListItem","position":1,"name":"Accueil","item":"https:\/\/telemme.mmsh.fr\/"},{"@type":"ListItem","position":2,"name":"Publications","item":"https:\/\/telemme.mmsh.fr\/?cat=1738"},{"@type":"ListItem","position":3,"name":"Directions de num\u00e9ro de revue","item":"https:\/\/telemme.mmsh.fr\/?cat=1744"},{"@type":"ListItem","position":4,"name":"La mort au Parlement. Parlement[s], Revue d&rsquo;histoire politique 2021\/2 (N\u00b0\u00a0HS 16)"}]},{"@type":"WebSite","@id":"https:\/\/telemme.mmsh.fr\/#website","url":"https:\/\/telemme.mmsh.fr\/","name":"TELEMMe - Temps, espaces, langages, Europe m\u00e9ridionale, M\u00e9diterran\u00e9e","description":"","publisher":{"@id":"https:\/\/telemme.mmsh.fr\/#organization"},"potentialAction":[{"@type":"SearchAction","target":{"@type":"EntryPoint","urlTemplate":"https:\/\/telemme.mmsh.fr\/?s={search_term_string}"},"query-input":{"@type":"PropertyValueSpecification","valueRequired":true,"valueName":"search_term_string"}}],"inLanguage":"fr-FR"},{"@type":"Organization","@id":"https:\/\/telemme.mmsh.fr\/#organization","name":"TELEMMe","url":"https:\/\/telemme.mmsh.fr\/","logo":{"@type":"ImageObject","inLanguage":"fr-FR","@id":"https:\/\/telemme.mmsh.fr\/#\/schema\/logo\/image\/","url":"https:\/\/telemme.mmsh.fr\/wp-content\/uploads\/2020\/03\/LogoTELEMMe-horizontal-fond-transparent.png","contentUrl":"https:\/\/telemme.mmsh.fr\/wp-content\/uploads\/2020\/03\/LogoTELEMMe-horizontal-fond-transparent.png","width":1500,"height":437,"caption":"TELEMMe"},"image":{"@id":"https:\/\/telemme.mmsh.fr\/#\/schema\/logo\/image\/"}},{"@type":"Person","@id":"https:\/\/telemme.mmsh.fr\/#\/schema\/person\/86a185da4836381586528ced48e263f5","name":"Delphine Cavallo","url":"https:\/\/telemme.mmsh.fr\/?author=6"}]}},"_links":{"self":[{"href":"https:\/\/telemme.mmsh.fr\/index.php?rest_route=\/wp\/v2\/posts\/9360","targetHints":{"allow":["GET"]}}],"collection":[{"href":"https:\/\/telemme.mmsh.fr\/index.php?rest_route=\/wp\/v2\/posts"}],"about":[{"href":"https:\/\/telemme.mmsh.fr\/index.php?rest_route=\/wp\/v2\/types\/post"}],"author":[{"embeddable":true,"href":"https:\/\/telemme.mmsh.fr\/index.php?rest_route=\/wp\/v2\/users\/6"}],"replies":[{"embeddable":true,"href":"https:\/\/telemme.mmsh.fr\/index.php?rest_route=%2Fwp%2Fv2%2Fcomments&post=9360"}],"version-history":[{"count":1,"href":"https:\/\/telemme.mmsh.fr\/index.php?rest_route=\/wp\/v2\/posts\/9360\/revisions"}],"predecessor-version":[{"id":9361,"href":"https:\/\/telemme.mmsh.fr\/index.php?rest_route=\/wp\/v2\/posts\/9360\/revisions\/9361"}],"wp:featuredmedia":[{"embeddable":true,"href":"https:\/\/telemme.mmsh.fr\/index.php?rest_route=\/wp\/v2\/media\/9362"}],"wp:attachment":[{"href":"https:\/\/telemme.mmsh.fr\/index.php?rest_route=%2Fwp%2Fv2%2Fmedia&parent=9360"}],"wp:term":[{"taxonomy":"category","embeddable":true,"href":"https:\/\/telemme.mmsh.fr\/index.php?rest_route=%2Fwp%2Fv2%2Fcategories&post=9360"},{"taxonomy":"post_tag","embeddable":true,"href":"https:\/\/telemme.mmsh.fr\/index.php?rest_route=%2Fwp%2Fv2%2Ftags&post=9360"}],"curies":[{"name":"wp","href":"https:\/\/api.w.org\/{rel}","templated":true}]}}