{"id":9353,"date":"2021-09-02T08:30:00","date_gmt":"2021-09-02T06:30:00","guid":{"rendered":"https:\/\/telemme.mmsh.fr\/?p=9353"},"modified":"2022-03-16T11:37:42","modified_gmt":"2022-03-16T10:37:42","slug":"tous-ceux-qui-tombent-visages-du-massacre-de-la-saint-barthelemy","status":"publish","type":"post","link":"https:\/\/telemme.mmsh.fr\/?p=9353","title":{"rendered":"Tous ceux qui tombent. Visages du massacre de la Saint-Barth\u00e9lemy"},"content":{"rendered":"\n<blockquote class=\"wp-block-quote is-layout-flow wp-block-quote-is-layout-flow\"><p><strong><em><a href=\"https:\/\/www.editionsladecouverte.fr\/tous_ceux_qui_tombent-9782348057885\">Tous ceux qui tombent. Visages du massacre de la Saint-Barth\u00e9lemy<\/a><\/em><\/strong>, J\u00e9r\u00e9mie FOA, \u00e9ditions La D\u00e9couverte, Collection : Sciences humaines \/ \u00e0 la source, 2021, 352 pages<\/p><\/blockquote>\n\n\n\n<p>Fin ao\u00fbt 1572. \u00c0 Paris, des notaires dressent des inventaires apr\u00e8s d\u00e9c\u00e8s, enregistrent des actes, r\u00e8glent des h\u00e9ritages. Avec minutie, ils transcrivent l\u2019ordinaire des vies au milieu d\u2019une colossale h\u00e9catombe. Mais ils livrent aussi des noms, des adresses, des liens.<br>Puisant dans ces archives notariales, J\u00e9r\u00e9mie Foa tisse une micro-histoire de la Saint-Barth\u00e9lemy soucieuse de nommer les anonymes, les obscurs jet\u00e9s au fleuve ou m\u00eal\u00e9s \u00e0 la fosse, \u00e0 jamais engloutis. Pour \u00e9lucider des crimes dont on ignorait jusqu\u2019\u00e0 l\u2019existence, il abandonne les palais pour les pav\u00e9s, exhumant les indices d\u2019un massacre de proximit\u00e9, commis par des voisins sur leurs voisins. Car \u00e0 descendre dans la rue, on croise ceux qui ont du sang sur les mains, on observe le savoir-faire de la poign\u00e9e d\u2019hommes responsables de la plupart des meurtres. Sans avoir \u00e9t\u00e9 pr\u00e9m\u00e9dit\u00e9, le massacre \u00e9tait pr\u00e9par\u00e9 de longue date \u2013 les assassins n\u2019ont pas surgi tout arm\u00e9s dans la folie d\u2019un soir d\u2019\u00e9t\u00e9.<br>Au fil de vingt-cinq enqu\u00eates haletantes, l\u2019historien retrouve les victimes et les tueurs, simples passants ou ardents massacreurs, dans leur humaine trivialit\u00e9 : \u00e9pingliers, menuisiers, r\u00f4tisseurs de la Vall\u00e9e de Mis\u00e8re, tanneurs d\u2019Aubusson et taverniers de Maubert, <em>vies minuscules<\/em> emport\u00e9es par l\u2019\u00e9v\u00e9nement.<\/p>\n","protected":false},"excerpt":{"rendered":"<p>Tous ceux qui tombent. Visages du massacre de la Saint-Barth\u00e9lemy, J\u00e9r\u00e9mie FOA, \u00e9ditions La D\u00e9couverte, Collection : Sciences humaines \/ \u00e0 la source, 2021, 352 pages Fin ao\u00fbt 1572. \u00c0&hellip;&nbsp;<a href=\"https:\/\/telemme.mmsh.fr\/?p=9353\" rel=\"bookmark\">Lire la suite &raquo;<span class=\"screen-reader-text\">Tous ceux qui tombent. Visages du massacre de la Saint-Barth\u00e9lemy<\/span><\/a><\/p>\n","protected":false},"author":6,"featured_media":10814,"comment_status":"closed","ping_status":"closed","sticky":false,"template":"","format":"standard","meta":{"neve_meta_sidebar":"","neve_meta_container":"","neve_meta_enable_content_width":"","neve_meta_content_width":0,"neve_meta_title_alignment":"","neve_meta_author_avatar":"","neve_post_elements_order":"","neve_meta_disable_header":"","neve_meta_disable_footer":"","neve_meta_disable_title":"","_tribe_events_control_status":"","_tribe_events_control_status_canceled_reason":"","_tribe_events_control_status_postponed_reason":"","_tribe_events_control_online":"","_tribe_events_control_online_url":"","footnotes":""},"categories":[1740],"tags":[],"class_list":["post-9353","post","type-post","status-publish","format-standard","has-post-thumbnail","hentry","category-ouvrages"],"yoast_head":"<!-- This site is optimized with the Yoast SEO plugin v27.4 - https:\/\/yoast.com\/product\/yoast-seo-wordpress\/ -->\n<title>Tous ceux qui tombent. Visages du massacre de la Saint-Barth\u00e9lemy - TELEMMe - Temps, espaces, langages, Europe m\u00e9ridionale, M\u00e9diterran\u00e9e<\/title>\n<meta name=\"description\" content=\"Parution de Tous ceux qui tombent. Visages du massacre de la Saint-Barth\u00e9lemy, J\u00e9r\u00e9mie FOA. Puisant dans ces archives notariales, J\u00e9r\u00e9mie Foa tisse une micro-histoire de la Saint-Barth\u00e9lemy soucieuse de nommer les anonymes\" \/>\n<meta name=\"robots\" content=\"index, follow, max-snippet:-1, max-image-preview:large, max-video-preview:-1\" \/>\n<link rel=\"canonical\" href=\"https:\/\/telemme.mmsh.fr\/?p=9353\" \/>\n<meta property=\"og:locale\" content=\"fr_FR\" \/>\n<meta property=\"og:type\" content=\"article\" \/>\n<meta property=\"og:title\" content=\"Tous ceux qui tombent. Visages du massacre de la Saint-Barth\u00e9lemy - TELEMMe - Temps, espaces, langages, Europe m\u00e9ridionale, M\u00e9diterran\u00e9e\" \/>\n<meta property=\"og:description\" content=\"Parution de Tous ceux qui tombent. Visages du massacre de la Saint-Barth\u00e9lemy, J\u00e9r\u00e9mie FOA. Puisant dans ces archives notariales, J\u00e9r\u00e9mie Foa tisse une micro-histoire de la Saint-Barth\u00e9lemy soucieuse de nommer les anonymes\" \/>\n<meta property=\"og:url\" content=\"https:\/\/telemme.mmsh.fr\/?p=9353\" \/>\n<meta property=\"og:site_name\" content=\"TELEMMe - Temps, espaces, langages, Europe m\u00e9ridionale, M\u00e9diterran\u00e9e\" \/>\n<meta property=\"article:published_time\" content=\"2021-09-02T06:30:00+00:00\" \/>\n<meta property=\"article:modified_time\" content=\"2022-03-16T10:37:42+00:00\" \/>\n<meta property=\"og:image\" content=\"https:\/\/telemme.mmsh.fr\/wp-content\/uploads\/2022\/03\/9782348057885_TousCeuxQuiTombent-1.jpg\" \/>\n\t<meta property=\"og:image:width\" content=\"300\" \/>\n\t<meta property=\"og:image:height\" content=\"440\" \/>\n\t<meta property=\"og:image:type\" content=\"image\/jpeg\" \/>\n<meta name=\"author\" content=\"Delphine Cavallo\" \/>\n<meta name=\"twitter:card\" content=\"summary_large_image\" \/>\n<meta name=\"twitter:label1\" content=\"\u00c9crit par\" \/>\n\t<meta name=\"twitter:data1\" content=\"Delphine Cavallo\" \/>\n\t<meta name=\"twitter:label2\" content=\"Dur\u00e9e de lecture estim\u00e9e\" \/>\n\t<meta name=\"twitter:data2\" content=\"2 minutes\" \/>\n<script type=\"application\/ld+json\" class=\"yoast-schema-graph\">{\"@context\":\"https:\\\/\\\/schema.org\",\"@graph\":[{\"@type\":\"Article\",\"@id\":\"https:\\\/\\\/telemme.mmsh.fr\\\/?p=9353#article\",\"isPartOf\":{\"@id\":\"https:\\\/\\\/telemme.mmsh.fr\\\/?p=9353\"},\"author\":{\"name\":\"Delphine Cavallo\",\"@id\":\"https:\\\/\\\/telemme.mmsh.fr\\\/#\\\/schema\\\/person\\\/86a185da4836381586528ced48e263f5\"},\"headline\":\"Tous ceux qui tombent. Visages du massacre de la Saint-Barth\u00e9lemy\",\"datePublished\":\"2021-09-02T06:30:00+00:00\",\"dateModified\":\"2022-03-16T10:37:42+00:00\",\"mainEntityOfPage\":{\"@id\":\"https:\\\/\\\/telemme.mmsh.fr\\\/?p=9353\"},\"wordCount\":263,\"publisher\":{\"@id\":\"https:\\\/\\\/telemme.mmsh.fr\\\/#organization\"},\"image\":{\"@id\":\"https:\\\/\\\/telemme.mmsh.fr\\\/?p=9353#primaryimage\"},\"thumbnailUrl\":\"https:\\\/\\\/telemme.mmsh.fr\\\/wp-content\\\/uploads\\\/2022\\\/03\\\/9782348057885_TousCeuxQuiTombent-1.jpg\",\"articleSection\":[\"Ouvrages\"],\"inLanguage\":\"fr-FR\"},{\"@type\":\"WebPage\",\"@id\":\"https:\\\/\\\/telemme.mmsh.fr\\\/?p=9353\",\"url\":\"https:\\\/\\\/telemme.mmsh.fr\\\/?p=9353\",\"name\":\"Tous ceux qui tombent. Visages du massacre de la Saint-Barth\u00e9lemy - TELEMMe - Temps, espaces, langages, Europe m\u00e9ridionale, M\u00e9diterran\u00e9e\",\"isPartOf\":{\"@id\":\"https:\\\/\\\/telemme.mmsh.fr\\\/#website\"},\"primaryImageOfPage\":{\"@id\":\"https:\\\/\\\/telemme.mmsh.fr\\\/?p=9353#primaryimage\"},\"image\":{\"@id\":\"https:\\\/\\\/telemme.mmsh.fr\\\/?p=9353#primaryimage\"},\"thumbnailUrl\":\"https:\\\/\\\/telemme.mmsh.fr\\\/wp-content\\\/uploads\\\/2022\\\/03\\\/9782348057885_TousCeuxQuiTombent-1.jpg\",\"datePublished\":\"2021-09-02T06:30:00+00:00\",\"dateModified\":\"2022-03-16T10:37:42+00:00\",\"description\":\"Parution de Tous ceux qui tombent. Visages du massacre de la Saint-Barth\u00e9lemy, J\u00e9r\u00e9mie FOA. Puisant dans ces archives notariales, J\u00e9r\u00e9mie Foa tisse une micro-histoire de la Saint-Barth\u00e9lemy soucieuse de nommer les anonymes\",\"breadcrumb\":{\"@id\":\"https:\\\/\\\/telemme.mmsh.fr\\\/?p=9353#breadcrumb\"},\"inLanguage\":\"fr-FR\",\"potentialAction\":[{\"@type\":\"ReadAction\",\"target\":[\"https:\\\/\\\/telemme.mmsh.fr\\\/?p=9353\"]}]},{\"@type\":\"ImageObject\",\"inLanguage\":\"fr-FR\",\"@id\":\"https:\\\/\\\/telemme.mmsh.fr\\\/?p=9353#primaryimage\",\"url\":\"https:\\\/\\\/telemme.mmsh.fr\\\/wp-content\\\/uploads\\\/2022\\\/03\\\/9782348057885_TousCeuxQuiTombent-1.jpg\",\"contentUrl\":\"https:\\\/\\\/telemme.mmsh.fr\\\/wp-content\\\/uploads\\\/2022\\\/03\\\/9782348057885_TousCeuxQuiTombent-1.jpg\",\"width\":300,\"height\":440,\"caption\":\"Couverture de Tous ceux qui tombent, J\u00e9r\u00e9mie Foa, La D\u00e9couverte, 2021\"},{\"@type\":\"BreadcrumbList\",\"@id\":\"https:\\\/\\\/telemme.mmsh.fr\\\/?p=9353#breadcrumb\",\"itemListElement\":[{\"@type\":\"ListItem\",\"position\":1,\"name\":\"Accueil\",\"item\":\"https:\\\/\\\/telemme.mmsh.fr\\\/\"},{\"@type\":\"ListItem\",\"position\":2,\"name\":\"Publications\",\"item\":\"https:\\\/\\\/telemme.mmsh.fr\\\/?cat=1738\"},{\"@type\":\"ListItem\",\"position\":3,\"name\":\"Ouvrages\",\"item\":\"https:\\\/\\\/telemme.mmsh.fr\\\/?cat=1740\"},{\"@type\":\"ListItem\",\"position\":4,\"name\":\"Tous ceux qui tombent. Visages du massacre de la Saint-Barth\u00e9lemy\"}]},{\"@type\":\"WebSite\",\"@id\":\"https:\\\/\\\/telemme.mmsh.fr\\\/#website\",\"url\":\"https:\\\/\\\/telemme.mmsh.fr\\\/\",\"name\":\"TELEMMe - Temps, espaces, langages, Europe m\u00e9ridionale, M\u00e9diterran\u00e9e\",\"description\":\"\",\"publisher\":{\"@id\":\"https:\\\/\\\/telemme.mmsh.fr\\\/#organization\"},\"potentialAction\":[{\"@type\":\"SearchAction\",\"target\":{\"@type\":\"EntryPoint\",\"urlTemplate\":\"https:\\\/\\\/telemme.mmsh.fr\\\/?s={search_term_string}\"},\"query-input\":{\"@type\":\"PropertyValueSpecification\",\"valueRequired\":true,\"valueName\":\"search_term_string\"}}],\"inLanguage\":\"fr-FR\"},{\"@type\":\"Organization\",\"@id\":\"https:\\\/\\\/telemme.mmsh.fr\\\/#organization\",\"name\":\"TELEMMe\",\"url\":\"https:\\\/\\\/telemme.mmsh.fr\\\/\",\"logo\":{\"@type\":\"ImageObject\",\"inLanguage\":\"fr-FR\",\"@id\":\"https:\\\/\\\/telemme.mmsh.fr\\\/#\\\/schema\\\/logo\\\/image\\\/\",\"url\":\"https:\\\/\\\/telemme.mmsh.fr\\\/wp-content\\\/uploads\\\/2020\\\/03\\\/LogoTELEMMe-horizontal-fond-transparent.png\",\"contentUrl\":\"https:\\\/\\\/telemme.mmsh.fr\\\/wp-content\\\/uploads\\\/2020\\\/03\\\/LogoTELEMMe-horizontal-fond-transparent.png\",\"width\":1500,\"height\":437,\"caption\":\"TELEMMe\"},\"image\":{\"@id\":\"https:\\\/\\\/telemme.mmsh.fr\\\/#\\\/schema\\\/logo\\\/image\\\/\"}},{\"@type\":\"Person\",\"@id\":\"https:\\\/\\\/telemme.mmsh.fr\\\/#\\\/schema\\\/person\\\/86a185da4836381586528ced48e263f5\",\"name\":\"Delphine Cavallo\",\"url\":\"https:\\\/\\\/telemme.mmsh.fr\\\/?author=6\"}]}<\/script>\n<!-- \/ Yoast SEO plugin. -->","yoast_head_json":{"title":"Tous ceux qui tombent. Visages du massacre de la Saint-Barth\u00e9lemy - TELEMMe - Temps, espaces, langages, Europe m\u00e9ridionale, M\u00e9diterran\u00e9e","description":"Parution de Tous ceux qui tombent. Visages du massacre de la Saint-Barth\u00e9lemy, J\u00e9r\u00e9mie FOA. Puisant dans ces archives notariales, J\u00e9r\u00e9mie Foa tisse une micro-histoire de la Saint-Barth\u00e9lemy soucieuse de nommer les anonymes","robots":{"index":"index","follow":"follow","max-snippet":"max-snippet:-1","max-image-preview":"max-image-preview:large","max-video-preview":"max-video-preview:-1"},"canonical":"https:\/\/telemme.mmsh.fr\/?p=9353","og_locale":"fr_FR","og_type":"article","og_title":"Tous ceux qui tombent. Visages du massacre de la Saint-Barth\u00e9lemy - TELEMMe - Temps, espaces, langages, Europe m\u00e9ridionale, M\u00e9diterran\u00e9e","og_description":"Parution de Tous ceux qui tombent. Visages du massacre de la Saint-Barth\u00e9lemy, J\u00e9r\u00e9mie FOA. Puisant dans ces archives notariales, J\u00e9r\u00e9mie Foa tisse une micro-histoire de la Saint-Barth\u00e9lemy soucieuse de nommer les anonymes","og_url":"https:\/\/telemme.mmsh.fr\/?p=9353","og_site_name":"TELEMMe - Temps, espaces, langages, Europe m\u00e9ridionale, M\u00e9diterran\u00e9e","article_published_time":"2021-09-02T06:30:00+00:00","article_modified_time":"2022-03-16T10:37:42+00:00","og_image":[{"width":300,"height":440,"url":"https:\/\/telemme.mmsh.fr\/wp-content\/uploads\/2022\/03\/9782348057885_TousCeuxQuiTombent-1.jpg","type":"image\/jpeg"}],"author":"Delphine Cavallo","twitter_card":"summary_large_image","twitter_misc":{"\u00c9crit par":"Delphine Cavallo","Dur\u00e9e de lecture estim\u00e9e":"2 minutes"},"schema":{"@context":"https:\/\/schema.org","@graph":[{"@type":"Article","@id":"https:\/\/telemme.mmsh.fr\/?p=9353#article","isPartOf":{"@id":"https:\/\/telemme.mmsh.fr\/?p=9353"},"author":{"name":"Delphine Cavallo","@id":"https:\/\/telemme.mmsh.fr\/#\/schema\/person\/86a185da4836381586528ced48e263f5"},"headline":"Tous ceux qui tombent. Visages du massacre de la Saint-Barth\u00e9lemy","datePublished":"2021-09-02T06:30:00+00:00","dateModified":"2022-03-16T10:37:42+00:00","mainEntityOfPage":{"@id":"https:\/\/telemme.mmsh.fr\/?p=9353"},"wordCount":263,"publisher":{"@id":"https:\/\/telemme.mmsh.fr\/#organization"},"image":{"@id":"https:\/\/telemme.mmsh.fr\/?p=9353#primaryimage"},"thumbnailUrl":"https:\/\/telemme.mmsh.fr\/wp-content\/uploads\/2022\/03\/9782348057885_TousCeuxQuiTombent-1.jpg","articleSection":["Ouvrages"],"inLanguage":"fr-FR"},{"@type":"WebPage","@id":"https:\/\/telemme.mmsh.fr\/?p=9353","url":"https:\/\/telemme.mmsh.fr\/?p=9353","name":"Tous ceux qui tombent. Visages du massacre de la Saint-Barth\u00e9lemy - TELEMMe - Temps, espaces, langages, Europe m\u00e9ridionale, M\u00e9diterran\u00e9e","isPartOf":{"@id":"https:\/\/telemme.mmsh.fr\/#website"},"primaryImageOfPage":{"@id":"https:\/\/telemme.mmsh.fr\/?p=9353#primaryimage"},"image":{"@id":"https:\/\/telemme.mmsh.fr\/?p=9353#primaryimage"},"thumbnailUrl":"https:\/\/telemme.mmsh.fr\/wp-content\/uploads\/2022\/03\/9782348057885_TousCeuxQuiTombent-1.jpg","datePublished":"2021-09-02T06:30:00+00:00","dateModified":"2022-03-16T10:37:42+00:00","description":"Parution de Tous ceux qui tombent. Visages du massacre de la Saint-Barth\u00e9lemy, J\u00e9r\u00e9mie FOA. Puisant dans ces archives notariales, J\u00e9r\u00e9mie Foa tisse une micro-histoire de la Saint-Barth\u00e9lemy soucieuse de nommer les anonymes","breadcrumb":{"@id":"https:\/\/telemme.mmsh.fr\/?p=9353#breadcrumb"},"inLanguage":"fr-FR","potentialAction":[{"@type":"ReadAction","target":["https:\/\/telemme.mmsh.fr\/?p=9353"]}]},{"@type":"ImageObject","inLanguage":"fr-FR","@id":"https:\/\/telemme.mmsh.fr\/?p=9353#primaryimage","url":"https:\/\/telemme.mmsh.fr\/wp-content\/uploads\/2022\/03\/9782348057885_TousCeuxQuiTombent-1.jpg","contentUrl":"https:\/\/telemme.mmsh.fr\/wp-content\/uploads\/2022\/03\/9782348057885_TousCeuxQuiTombent-1.jpg","width":300,"height":440,"caption":"Couverture de Tous ceux qui tombent, J\u00e9r\u00e9mie Foa, La D\u00e9couverte, 2021"},{"@type":"BreadcrumbList","@id":"https:\/\/telemme.mmsh.fr\/?p=9353#breadcrumb","itemListElement":[{"@type":"ListItem","position":1,"name":"Accueil","item":"https:\/\/telemme.mmsh.fr\/"},{"@type":"ListItem","position":2,"name":"Publications","item":"https:\/\/telemme.mmsh.fr\/?cat=1738"},{"@type":"ListItem","position":3,"name":"Ouvrages","item":"https:\/\/telemme.mmsh.fr\/?cat=1740"},{"@type":"ListItem","position":4,"name":"Tous ceux qui tombent. Visages du massacre de la Saint-Barth\u00e9lemy"}]},{"@type":"WebSite","@id":"https:\/\/telemme.mmsh.fr\/#website","url":"https:\/\/telemme.mmsh.fr\/","name":"TELEMMe - Temps, espaces, langages, Europe m\u00e9ridionale, M\u00e9diterran\u00e9e","description":"","publisher":{"@id":"https:\/\/telemme.mmsh.fr\/#organization"},"potentialAction":[{"@type":"SearchAction","target":{"@type":"EntryPoint","urlTemplate":"https:\/\/telemme.mmsh.fr\/?s={search_term_string}"},"query-input":{"@type":"PropertyValueSpecification","valueRequired":true,"valueName":"search_term_string"}}],"inLanguage":"fr-FR"},{"@type":"Organization","@id":"https:\/\/telemme.mmsh.fr\/#organization","name":"TELEMMe","url":"https:\/\/telemme.mmsh.fr\/","logo":{"@type":"ImageObject","inLanguage":"fr-FR","@id":"https:\/\/telemme.mmsh.fr\/#\/schema\/logo\/image\/","url":"https:\/\/telemme.mmsh.fr\/wp-content\/uploads\/2020\/03\/LogoTELEMMe-horizontal-fond-transparent.png","contentUrl":"https:\/\/telemme.mmsh.fr\/wp-content\/uploads\/2020\/03\/LogoTELEMMe-horizontal-fond-transparent.png","width":1500,"height":437,"caption":"TELEMMe"},"image":{"@id":"https:\/\/telemme.mmsh.fr\/#\/schema\/logo\/image\/"}},{"@type":"Person","@id":"https:\/\/telemme.mmsh.fr\/#\/schema\/person\/86a185da4836381586528ced48e263f5","name":"Delphine Cavallo","url":"https:\/\/telemme.mmsh.fr\/?author=6"}]}},"_links":{"self":[{"href":"https:\/\/telemme.mmsh.fr\/index.php?rest_route=\/wp\/v2\/posts\/9353","targetHints":{"allow":["GET"]}}],"collection":[{"href":"https:\/\/telemme.mmsh.fr\/index.php?rest_route=\/wp\/v2\/posts"}],"about":[{"href":"https:\/\/telemme.mmsh.fr\/index.php?rest_route=\/wp\/v2\/types\/post"}],"author":[{"embeddable":true,"href":"https:\/\/telemme.mmsh.fr\/index.php?rest_route=\/wp\/v2\/users\/6"}],"replies":[{"embeddable":true,"href":"https:\/\/telemme.mmsh.fr\/index.php?rest_route=%2Fwp%2Fv2%2Fcomments&post=9353"}],"version-history":[{"count":4,"href":"https:\/\/telemme.mmsh.fr\/index.php?rest_route=\/wp\/v2\/posts\/9353\/revisions"}],"predecessor-version":[{"id":9358,"href":"https:\/\/telemme.mmsh.fr\/index.php?rest_route=\/wp\/v2\/posts\/9353\/revisions\/9358"}],"wp:featuredmedia":[{"embeddable":true,"href":"https:\/\/telemme.mmsh.fr\/index.php?rest_route=\/wp\/v2\/media\/10814"}],"wp:attachment":[{"href":"https:\/\/telemme.mmsh.fr\/index.php?rest_route=%2Fwp%2Fv2%2Fmedia&parent=9353"}],"wp:term":[{"taxonomy":"category","embeddable":true,"href":"https:\/\/telemme.mmsh.fr\/index.php?rest_route=%2Fwp%2Fv2%2Fcategories&post=9353"},{"taxonomy":"post_tag","embeddable":true,"href":"https:\/\/telemme.mmsh.fr\/index.php?rest_route=%2Fwp%2Fv2%2Ftags&post=9353"}],"curies":[{"name":"wp","href":"https:\/\/api.w.org\/{rel}","templated":true}]}}