{"id":9194,"date":"2021-01-04T11:40:00","date_gmt":"2021-01-04T10:40:00","guid":{"rendered":"https:\/\/telemme.mmsh.fr\/?p=9194"},"modified":"2021-08-24T11:40:43","modified_gmt":"2021-08-24T09:40:43","slug":"atlas-des-espaces-proteges-en-france","status":"publish","type":"post","link":"https:\/\/telemme.mmsh.fr\/?p=9194","title":{"rendered":"Atlas des espaces prot\u00e9g\u00e9s en France"},"content":{"rendered":"\n<blockquote class=\"wp-block-quote is-layout-flow wp-block-quote-is-layout-flow\"><p><strong><em><a href=\"https:\/\/sciencepress.mnhn.fr\/fr\/collections\/patrimoines-naturels\/atlas-des-espaces-proteges-en-france\">Atlas des espaces prot\u00e9g\u00e9s en France. Des territoires en partage ?<\/a><\/em><\/strong>, Lionel LASLAZ, Anne CADORET &amp; Johan MILIAN, Mus\u00e9um national d&rsquo;Histoire naturelle, Paris, 120 pages (Patrimoines naturels ; 82)<\/p><\/blockquote>\n\n\n\n<p>Riche de nombreuses illustrations (plus de 140 cartes, graphiques, croquis, photographies, \u00adtableaux), cet atlas propose un tour d\u2019horizon actualis\u00e9 et distanci\u00e9 des espaces prot\u00e9g\u00e9s en France. Comment pr\u00e9serve-t-on l\u2019environnement aujourd\u2019hui en France\u202f? Gr\u00e2ce \u00e0 quels outils\u202f? Selon quelles modalit\u00e9s et quels processus\u202f?<br>Cet ouvrage, fruit de trois ans de travail et de la mobilisation de nombreuses donn\u00e9es r\u00e9centes aupr\u00e8s des structures de gestion et des multiples acteurs impliqu\u00e9s dans les d\u00e9marches de \u00adprotection et de planification, r\u00e9pond entre autres \u00e0 ces questions.<br>Les auteurs, g\u00e9ographes, proposent une analyse des dynamiques de conservation par le prisme d\u2019une lecture r\u00e9solument sociale de l\u2019environnement. C\u2019est ainsi \u00e0 l\u2019aune des choix politiques, de la conflictualit\u00e9 entre usages et pratiques des espaces prot\u00e9g\u00e9s, ou encore de l\u2019acceptation sociale de ces derniers que se d\u00e9clinent les quarante doubles pages (fortes de deux \u00e0 six illustrations chacune) de cet ouvrage. Couvrant de mani\u00e8re repr\u00e9sentative un large \u00e9chantillon d\u2019espaces de France m\u00e9tropolitaine et d\u2019outre-mer, elles abordent des sites embl\u00e9matiques en particulier (Gavarnie, le Mont-Saint-Michel\u2026), des milieux (zones humides, littoral, montagne\u2026) et des types de protection. Dans ce dernier registre, elles remettent en perspective un large panel d\u2019outils, des plus classiques (parcs nationaux, r\u00e9serves naturelles\u2026) aux approches les plus contemporaines (environnement nocturne, nature intra-urbaine, initiatives priv\u00e9es, etc.). En multipliant les exemples et les analyses critiques, cet atlas se veut un outil tout autant informatif qu\u2019\u00e0 m\u00eame de nourrir les r\u00e9flexions des gestionnaires, mais aussi du grand public, sur la mani\u00e8re dont se dessine la protection de l\u2019environnement en France et, plus largement, notre rapport \u00e0 la nature.<\/p>\n","protected":false},"excerpt":{"rendered":"<p>Atlas des espaces prot\u00e9g\u00e9s en France. Des territoires en partage ?, Lionel LASLAZ, Anne CADORET &amp; Johan MILIAN, Mus\u00e9um national d&rsquo;Histoire naturelle, Paris, 120 pages (Patrimoines naturels ; 82) Riche&hellip;&nbsp;<a href=\"https:\/\/telemme.mmsh.fr\/?p=9194\" rel=\"bookmark\">Lire la suite &raquo;<span class=\"screen-reader-text\">Atlas des espaces prot\u00e9g\u00e9s en France<\/span><\/a><\/p>\n","protected":false},"author":6,"featured_media":9195,"comment_status":"closed","ping_status":"closed","sticky":false,"template":"","format":"standard","meta":{"neve_meta_sidebar":"","neve_meta_container":"","neve_meta_enable_content_width":"","neve_meta_content_width":0,"neve_meta_title_alignment":"","neve_meta_author_avatar":"","neve_post_elements_order":"","neve_meta_disable_header":"","neve_meta_disable_footer":"","neve_meta_disable_title":"","_tribe_events_control_status":"","_tribe_events_control_status_canceled_reason":"","_tribe_events_control_status_postponed_reason":"","_tribe_events_control_online":"","_tribe_events_control_online_url":"","footnotes":""},"categories":[1742],"tags":[2067,2068],"class_list":["post-9194","post","type-post","status-publish","format-standard","has-post-thumbnail","hentry","category-dir-ouvrage","tag-atlas","tag-espaces-proteges"],"yoast_head":"<!-- This site is optimized with the Yoast SEO plugin v27.4 - https:\/\/yoast.com\/product\/yoast-seo-wordpress\/ -->\n<title>Atlas des espaces prot\u00e9g\u00e9s en France - TELEMMe - Temps, espaces, langages, Europe m\u00e9ridionale, M\u00e9diterran\u00e9e<\/title>\n<meta name=\"robots\" content=\"index, follow, max-snippet:-1, max-image-preview:large, max-video-preview:-1\" \/>\n<link rel=\"canonical\" href=\"https:\/\/telemme.mmsh.fr\/?p=9194\" \/>\n<meta property=\"og:locale\" content=\"fr_FR\" \/>\n<meta property=\"og:type\" content=\"article\" \/>\n<meta property=\"og:title\" content=\"Atlas des espaces prot\u00e9g\u00e9s en France - TELEMMe - Temps, espaces, langages, Europe m\u00e9ridionale, M\u00e9diterran\u00e9e\" \/>\n<meta property=\"og:description\" content=\"Atlas des espaces prot\u00e9g\u00e9s en France. Des territoires en partage ?, Lionel LASLAZ, Anne CADORET &amp; Johan MILIAN, Mus\u00e9um national d&rsquo;Histoire naturelle, Paris, 120 pages (Patrimoines naturels ; 82) Riche&hellip;&nbsp;Lire la suite &raquo;Atlas des espaces prot\u00e9g\u00e9s en France\" \/>\n<meta property=\"og:url\" content=\"https:\/\/telemme.mmsh.fr\/?p=9194\" \/>\n<meta property=\"og:site_name\" content=\"TELEMMe - Temps, espaces, langages, Europe m\u00e9ridionale, M\u00e9diterran\u00e9e\" \/>\n<meta property=\"article:published_time\" content=\"2021-01-04T10:40:00+00:00\" \/>\n<meta property=\"article:modified_time\" content=\"2021-08-24T09:40:43+00:00\" \/>\n<meta property=\"og:image\" content=\"https:\/\/telemme.mmsh.fr\/wp-content\/uploads\/2021\/08\/cpn82.png\" \/>\n\t<meta property=\"og:image:width\" content=\"215\" \/>\n\t<meta property=\"og:image:height\" content=\"300\" \/>\n\t<meta property=\"og:image:type\" content=\"image\/png\" \/>\n<meta name=\"author\" content=\"Delphine Cavallo\" \/>\n<meta name=\"twitter:card\" content=\"summary_large_image\" \/>\n<meta name=\"twitter:label1\" content=\"\u00c9crit par\" \/>\n\t<meta name=\"twitter:data1\" content=\"Delphine Cavallo\" \/>\n\t<meta name=\"twitter:label2\" content=\"Dur\u00e9e de lecture estim\u00e9e\" \/>\n\t<meta name=\"twitter:data2\" content=\"2 minutes\" \/>\n<script type=\"application\/ld+json\" class=\"yoast-schema-graph\">{\"@context\":\"https:\\\/\\\/schema.org\",\"@graph\":[{\"@type\":\"Article\",\"@id\":\"https:\\\/\\\/telemme.mmsh.fr\\\/?p=9194#article\",\"isPartOf\":{\"@id\":\"https:\\\/\\\/telemme.mmsh.fr\\\/?p=9194\"},\"author\":{\"name\":\"Delphine Cavallo\",\"@id\":\"https:\\\/\\\/telemme.mmsh.fr\\\/#\\\/schema\\\/person\\\/86a185da4836381586528ced48e263f5\"},\"headline\":\"Atlas des espaces prot\u00e9g\u00e9s en France\",\"datePublished\":\"2021-01-04T10:40:00+00:00\",\"dateModified\":\"2021-08-24T09:40:43+00:00\",\"mainEntityOfPage\":{\"@id\":\"https:\\\/\\\/telemme.mmsh.fr\\\/?p=9194\"},\"wordCount\":326,\"publisher\":{\"@id\":\"https:\\\/\\\/telemme.mmsh.fr\\\/#organization\"},\"image\":{\"@id\":\"https:\\\/\\\/telemme.mmsh.fr\\\/?p=9194#primaryimage\"},\"thumbnailUrl\":\"https:\\\/\\\/telemme.mmsh.fr\\\/wp-content\\\/uploads\\\/2021\\\/08\\\/cpn82.png\",\"keywords\":[\"atlas\",\"espaces prot\u00e9g\u00e9s\"],\"articleSection\":[\"Directions d'ouvrage\"],\"inLanguage\":\"fr-FR\"},{\"@type\":\"WebPage\",\"@id\":\"https:\\\/\\\/telemme.mmsh.fr\\\/?p=9194\",\"url\":\"https:\\\/\\\/telemme.mmsh.fr\\\/?p=9194\",\"name\":\"Atlas des espaces prot\u00e9g\u00e9s en France - TELEMMe - Temps, espaces, langages, Europe m\u00e9ridionale, M\u00e9diterran\u00e9e\",\"isPartOf\":{\"@id\":\"https:\\\/\\\/telemme.mmsh.fr\\\/#website\"},\"primaryImageOfPage\":{\"@id\":\"https:\\\/\\\/telemme.mmsh.fr\\\/?p=9194#primaryimage\"},\"image\":{\"@id\":\"https:\\\/\\\/telemme.mmsh.fr\\\/?p=9194#primaryimage\"},\"thumbnailUrl\":\"https:\\\/\\\/telemme.mmsh.fr\\\/wp-content\\\/uploads\\\/2021\\\/08\\\/cpn82.png\",\"datePublished\":\"2021-01-04T10:40:00+00:00\",\"dateModified\":\"2021-08-24T09:40:43+00:00\",\"breadcrumb\":{\"@id\":\"https:\\\/\\\/telemme.mmsh.fr\\\/?p=9194#breadcrumb\"},\"inLanguage\":\"fr-FR\",\"potentialAction\":[{\"@type\":\"ReadAction\",\"target\":[\"https:\\\/\\\/telemme.mmsh.fr\\\/?p=9194\"]}]},{\"@type\":\"ImageObject\",\"inLanguage\":\"fr-FR\",\"@id\":\"https:\\\/\\\/telemme.mmsh.fr\\\/?p=9194#primaryimage\",\"url\":\"https:\\\/\\\/telemme.mmsh.fr\\\/wp-content\\\/uploads\\\/2021\\\/08\\\/cpn82.png\",\"contentUrl\":\"https:\\\/\\\/telemme.mmsh.fr\\\/wp-content\\\/uploads\\\/2021\\\/08\\\/cpn82.png\",\"width\":215,\"height\":300,\"caption\":\"Couverture de l'Atlas des espaces prot\u00e9g\u00e9s en France, \u00e9ditions du Museum national d'histoire naturel\"},{\"@type\":\"BreadcrumbList\",\"@id\":\"https:\\\/\\\/telemme.mmsh.fr\\\/?p=9194#breadcrumb\",\"itemListElement\":[{\"@type\":\"ListItem\",\"position\":1,\"name\":\"Accueil\",\"item\":\"https:\\\/\\\/telemme.mmsh.fr\\\/\"},{\"@type\":\"ListItem\",\"position\":2,\"name\":\"Publications\",\"item\":\"https:\\\/\\\/telemme.mmsh.fr\\\/?cat=1738\"},{\"@type\":\"ListItem\",\"position\":3,\"name\":\"Directions d'ouvrage\",\"item\":\"https:\\\/\\\/telemme.mmsh.fr\\\/?cat=1742\"},{\"@type\":\"ListItem\",\"position\":4,\"name\":\"Atlas des espaces prot\u00e9g\u00e9s en France\"}]},{\"@type\":\"WebSite\",\"@id\":\"https:\\\/\\\/telemme.mmsh.fr\\\/#website\",\"url\":\"https:\\\/\\\/telemme.mmsh.fr\\\/\",\"name\":\"TELEMMe - Temps, espaces, langages, Europe m\u00e9ridionale, M\u00e9diterran\u00e9e\",\"description\":\"\",\"publisher\":{\"@id\":\"https:\\\/\\\/telemme.mmsh.fr\\\/#organization\"},\"potentialAction\":[{\"@type\":\"SearchAction\",\"target\":{\"@type\":\"EntryPoint\",\"urlTemplate\":\"https:\\\/\\\/telemme.mmsh.fr\\\/?s={search_term_string}\"},\"query-input\":{\"@type\":\"PropertyValueSpecification\",\"valueRequired\":true,\"valueName\":\"search_term_string\"}}],\"inLanguage\":\"fr-FR\"},{\"@type\":\"Organization\",\"@id\":\"https:\\\/\\\/telemme.mmsh.fr\\\/#organization\",\"name\":\"TELEMMe\",\"url\":\"https:\\\/\\\/telemme.mmsh.fr\\\/\",\"logo\":{\"@type\":\"ImageObject\",\"inLanguage\":\"fr-FR\",\"@id\":\"https:\\\/\\\/telemme.mmsh.fr\\\/#\\\/schema\\\/logo\\\/image\\\/\",\"url\":\"https:\\\/\\\/telemme.mmsh.fr\\\/wp-content\\\/uploads\\\/2020\\\/03\\\/LogoTELEMMe-horizontal-fond-transparent.png\",\"contentUrl\":\"https:\\\/\\\/telemme.mmsh.fr\\\/wp-content\\\/uploads\\\/2020\\\/03\\\/LogoTELEMMe-horizontal-fond-transparent.png\",\"width\":1500,\"height\":437,\"caption\":\"TELEMMe\"},\"image\":{\"@id\":\"https:\\\/\\\/telemme.mmsh.fr\\\/#\\\/schema\\\/logo\\\/image\\\/\"}},{\"@type\":\"Person\",\"@id\":\"https:\\\/\\\/telemme.mmsh.fr\\\/#\\\/schema\\\/person\\\/86a185da4836381586528ced48e263f5\",\"name\":\"Delphine Cavallo\",\"url\":\"https:\\\/\\\/telemme.mmsh.fr\\\/?author=6\"}]}<\/script>\n<!-- \/ Yoast SEO plugin. -->","yoast_head_json":{"title":"Atlas des espaces prot\u00e9g\u00e9s en France - TELEMMe - Temps, espaces, langages, Europe m\u00e9ridionale, M\u00e9diterran\u00e9e","robots":{"index":"index","follow":"follow","max-snippet":"max-snippet:-1","max-image-preview":"max-image-preview:large","max-video-preview":"max-video-preview:-1"},"canonical":"https:\/\/telemme.mmsh.fr\/?p=9194","og_locale":"fr_FR","og_type":"article","og_title":"Atlas des espaces prot\u00e9g\u00e9s en France - TELEMMe - Temps, espaces, langages, Europe m\u00e9ridionale, M\u00e9diterran\u00e9e","og_description":"Atlas des espaces prot\u00e9g\u00e9s en France. Des territoires en partage ?, Lionel LASLAZ, Anne CADORET &amp; Johan MILIAN, Mus\u00e9um national d&rsquo;Histoire naturelle, Paris, 120 pages (Patrimoines naturels ; 82) Riche&hellip;&nbsp;Lire la suite &raquo;Atlas des espaces prot\u00e9g\u00e9s en France","og_url":"https:\/\/telemme.mmsh.fr\/?p=9194","og_site_name":"TELEMMe - Temps, espaces, langages, Europe m\u00e9ridionale, M\u00e9diterran\u00e9e","article_published_time":"2021-01-04T10:40:00+00:00","article_modified_time":"2021-08-24T09:40:43+00:00","og_image":[{"width":215,"height":300,"url":"https:\/\/telemme.mmsh.fr\/wp-content\/uploads\/2021\/08\/cpn82.png","type":"image\/png"}],"author":"Delphine Cavallo","twitter_card":"summary_large_image","twitter_misc":{"\u00c9crit par":"Delphine Cavallo","Dur\u00e9e de lecture estim\u00e9e":"2 minutes"},"schema":{"@context":"https:\/\/schema.org","@graph":[{"@type":"Article","@id":"https:\/\/telemme.mmsh.fr\/?p=9194#article","isPartOf":{"@id":"https:\/\/telemme.mmsh.fr\/?p=9194"},"author":{"name":"Delphine Cavallo","@id":"https:\/\/telemme.mmsh.fr\/#\/schema\/person\/86a185da4836381586528ced48e263f5"},"headline":"Atlas des espaces prot\u00e9g\u00e9s en France","datePublished":"2021-01-04T10:40:00+00:00","dateModified":"2021-08-24T09:40:43+00:00","mainEntityOfPage":{"@id":"https:\/\/telemme.mmsh.fr\/?p=9194"},"wordCount":326,"publisher":{"@id":"https:\/\/telemme.mmsh.fr\/#organization"},"image":{"@id":"https:\/\/telemme.mmsh.fr\/?p=9194#primaryimage"},"thumbnailUrl":"https:\/\/telemme.mmsh.fr\/wp-content\/uploads\/2021\/08\/cpn82.png","keywords":["atlas","espaces prot\u00e9g\u00e9s"],"articleSection":["Directions d'ouvrage"],"inLanguage":"fr-FR"},{"@type":"WebPage","@id":"https:\/\/telemme.mmsh.fr\/?p=9194","url":"https:\/\/telemme.mmsh.fr\/?p=9194","name":"Atlas des espaces prot\u00e9g\u00e9s en France - TELEMMe - Temps, espaces, langages, Europe m\u00e9ridionale, M\u00e9diterran\u00e9e","isPartOf":{"@id":"https:\/\/telemme.mmsh.fr\/#website"},"primaryImageOfPage":{"@id":"https:\/\/telemme.mmsh.fr\/?p=9194#primaryimage"},"image":{"@id":"https:\/\/telemme.mmsh.fr\/?p=9194#primaryimage"},"thumbnailUrl":"https:\/\/telemme.mmsh.fr\/wp-content\/uploads\/2021\/08\/cpn82.png","datePublished":"2021-01-04T10:40:00+00:00","dateModified":"2021-08-24T09:40:43+00:00","breadcrumb":{"@id":"https:\/\/telemme.mmsh.fr\/?p=9194#breadcrumb"},"inLanguage":"fr-FR","potentialAction":[{"@type":"ReadAction","target":["https:\/\/telemme.mmsh.fr\/?p=9194"]}]},{"@type":"ImageObject","inLanguage":"fr-FR","@id":"https:\/\/telemme.mmsh.fr\/?p=9194#primaryimage","url":"https:\/\/telemme.mmsh.fr\/wp-content\/uploads\/2021\/08\/cpn82.png","contentUrl":"https:\/\/telemme.mmsh.fr\/wp-content\/uploads\/2021\/08\/cpn82.png","width":215,"height":300,"caption":"Couverture de l'Atlas des espaces prot\u00e9g\u00e9s en France, \u00e9ditions du Museum national d'histoire naturel"},{"@type":"BreadcrumbList","@id":"https:\/\/telemme.mmsh.fr\/?p=9194#breadcrumb","itemListElement":[{"@type":"ListItem","position":1,"name":"Accueil","item":"https:\/\/telemme.mmsh.fr\/"},{"@type":"ListItem","position":2,"name":"Publications","item":"https:\/\/telemme.mmsh.fr\/?cat=1738"},{"@type":"ListItem","position":3,"name":"Directions d'ouvrage","item":"https:\/\/telemme.mmsh.fr\/?cat=1742"},{"@type":"ListItem","position":4,"name":"Atlas des espaces prot\u00e9g\u00e9s en France"}]},{"@type":"WebSite","@id":"https:\/\/telemme.mmsh.fr\/#website","url":"https:\/\/telemme.mmsh.fr\/","name":"TELEMMe - Temps, espaces, langages, Europe m\u00e9ridionale, M\u00e9diterran\u00e9e","description":"","publisher":{"@id":"https:\/\/telemme.mmsh.fr\/#organization"},"potentialAction":[{"@type":"SearchAction","target":{"@type":"EntryPoint","urlTemplate":"https:\/\/telemme.mmsh.fr\/?s={search_term_string}"},"query-input":{"@type":"PropertyValueSpecification","valueRequired":true,"valueName":"search_term_string"}}],"inLanguage":"fr-FR"},{"@type":"Organization","@id":"https:\/\/telemme.mmsh.fr\/#organization","name":"TELEMMe","url":"https:\/\/telemme.mmsh.fr\/","logo":{"@type":"ImageObject","inLanguage":"fr-FR","@id":"https:\/\/telemme.mmsh.fr\/#\/schema\/logo\/image\/","url":"https:\/\/telemme.mmsh.fr\/wp-content\/uploads\/2020\/03\/LogoTELEMMe-horizontal-fond-transparent.png","contentUrl":"https:\/\/telemme.mmsh.fr\/wp-content\/uploads\/2020\/03\/LogoTELEMMe-horizontal-fond-transparent.png","width":1500,"height":437,"caption":"TELEMMe"},"image":{"@id":"https:\/\/telemme.mmsh.fr\/#\/schema\/logo\/image\/"}},{"@type":"Person","@id":"https:\/\/telemme.mmsh.fr\/#\/schema\/person\/86a185da4836381586528ced48e263f5","name":"Delphine Cavallo","url":"https:\/\/telemme.mmsh.fr\/?author=6"}]}},"_links":{"self":[{"href":"https:\/\/telemme.mmsh.fr\/index.php?rest_route=\/wp\/v2\/posts\/9194","targetHints":{"allow":["GET"]}}],"collection":[{"href":"https:\/\/telemme.mmsh.fr\/index.php?rest_route=\/wp\/v2\/posts"}],"about":[{"href":"https:\/\/telemme.mmsh.fr\/index.php?rest_route=\/wp\/v2\/types\/post"}],"author":[{"embeddable":true,"href":"https:\/\/telemme.mmsh.fr\/index.php?rest_route=\/wp\/v2\/users\/6"}],"replies":[{"embeddable":true,"href":"https:\/\/telemme.mmsh.fr\/index.php?rest_route=%2Fwp%2Fv2%2Fcomments&post=9194"}],"version-history":[{"count":1,"href":"https:\/\/telemme.mmsh.fr\/index.php?rest_route=\/wp\/v2\/posts\/9194\/revisions"}],"predecessor-version":[{"id":9196,"href":"https:\/\/telemme.mmsh.fr\/index.php?rest_route=\/wp\/v2\/posts\/9194\/revisions\/9196"}],"wp:featuredmedia":[{"embeddable":true,"href":"https:\/\/telemme.mmsh.fr\/index.php?rest_route=\/wp\/v2\/media\/9195"}],"wp:attachment":[{"href":"https:\/\/telemme.mmsh.fr\/index.php?rest_route=%2Fwp%2Fv2%2Fmedia&parent=9194"}],"wp:term":[{"taxonomy":"category","embeddable":true,"href":"https:\/\/telemme.mmsh.fr\/index.php?rest_route=%2Fwp%2Fv2%2Fcategories&post=9194"},{"taxonomy":"post_tag","embeddable":true,"href":"https:\/\/telemme.mmsh.fr\/index.php?rest_route=%2Fwp%2Fv2%2Ftags&post=9194"}],"curies":[{"name":"wp","href":"https:\/\/api.w.org\/{rel}","templated":true}]}}