{"id":9189,"date":"2021-03-01T11:13:00","date_gmt":"2021-03-01T10:13:00","guid":{"rendered":"https:\/\/telemme.mmsh.fr\/?p=9189"},"modified":"2021-08-24T11:14:13","modified_gmt":"2021-08-24T09:14:13","slug":"atlas-des-migrations-en-mediterranee","status":"publish","type":"post","link":"https:\/\/telemme.mmsh.fr\/?p=9189","title":{"rendered":"Atlas des migrations en M\u00e9diterran\u00e9e"},"content":{"rendered":"\n<blockquote class=\"wp-block-quote is-layout-flow wp-block-quote-is-layout-flow\"><p><em><strong><a href=\"https:\/\/www.actes-sud.fr\/catalogue\/atlas-des-migrations-en-mediterranee\">Atlas des migrations en M\u00e9diterran\u00e9e. De l&rsquo;Antiquit\u00e9 \u00e0 nos jours<\/a><\/strong><\/em>, collectif sous la direction de Virginie BABY-COLLIN, St\u00e9phane MOURLANE et Sophie BOUFFIER, \u00e9ditions Actes Sud, hors collection, 2021, 288 pages<\/p><\/blockquote>\n\n\n\n<p><em>L\u2019Atlas des migrations en M\u00e9diterran\u00e9e de l\u2019Antiquit\u00e9 \u00e0 nos jours<\/em> est un ouvrage sans \u00e9quivalent, qui balaye plus de trois mille ans d&rsquo;histoire. Au travers de deux cents cartes, des illustrations, des extraits de sources historiques et des textes de synth\u00e8se r\u00e9dig\u00e9s par des sp\u00e9cialistes, historiens et g\u00e9ographes, l\u2019atlas montre comment les migrations ont fa\u00e7onn\u00e9 les soci\u00e9t\u00e9s et les cultures m\u00e9diterran\u00e9ennes sur la longue dur\u00e9e. S\u2019adressant \u00e0 un large public, il propose sur une base scientifique pluridisciplinaire solide, \u00e0 la fois une mise au point utile et des pistes de r\u00e9flexion sur une question toujours en d\u00e9bat.<\/p>\n","protected":false},"excerpt":{"rendered":"<p>Atlas des migrations en M\u00e9diterran\u00e9e. De l&rsquo;Antiquit\u00e9 \u00e0 nos jours, collectif sous la direction de Virginie BABY-COLLIN, St\u00e9phane MOURLANE et Sophie BOUFFIER, \u00e9ditions Actes Sud, hors collection, 2021, 288 pages<\/p>\n","protected":false},"author":6,"featured_media":9191,"comment_status":"closed","ping_status":"closed","sticky":false,"template":"","format":"standard","meta":{"neve_meta_sidebar":"","neve_meta_container":"","neve_meta_enable_content_width":"","neve_meta_content_width":0,"neve_meta_title_alignment":"","neve_meta_author_avatar":"","neve_post_elements_order":"","neve_meta_disable_header":"","neve_meta_disable_footer":"","neve_meta_disable_title":"","_tribe_events_control_status":"","_tribe_events_control_status_canceled_reason":"","_tribe_events_control_status_postponed_reason":"","_tribe_events_control_online":"","_tribe_events_control_online_url":"","footnotes":""},"categories":[1742],"tags":[2067,1930,1986],"class_list":["post-9189","post","type-post","status-publish","format-standard","has-post-thumbnail","hentry","category-dir-ouvrage","tag-atlas","tag-mediterranee","tag-migrations"],"yoast_head":"<!-- This site is optimized with the Yoast SEO plugin v27.4 - https:\/\/yoast.com\/product\/yoast-seo-wordpress\/ -->\n<title>Atlas des migrations en M\u00e9diterran\u00e9e - TELEMMe - Temps, espaces, langages, Europe m\u00e9ridionale, M\u00e9diterran\u00e9e<\/title>\n<meta name=\"description\" content=\"L\u2019Atlas des migrations en M\u00e9diterran\u00e9e de l\u2019Antiquit\u00e9 \u00e0 nos jours est un ouvrage sans \u00e9quivalent, qui balaye plus de trois mille ans d&#039;histoire. Au travers de deux cents cartes, des illustrations, des extraits de sources historiques et des textes de synth\u00e8se r\u00e9dig\u00e9s par des sp\u00e9cialistes, historiens et g\u00e9ographes, l\u2019atlas montre comment les migrations ont fa\u00e7onn\u00e9 les soci\u00e9t\u00e9s et les cultures m\u00e9diterran\u00e9ennes sur la longue dur\u00e9e. S\u2019adressant \u00e0 un large public, il propose sur une base scientifique pluridisciplinaire solide, \u00e0 la fois une mise au point utile et des pistes de r\u00e9flexion sur une question toujours en d\u00e9bat.\" \/>\n<meta name=\"robots\" content=\"index, follow, max-snippet:-1, max-image-preview:large, max-video-preview:-1\" \/>\n<link rel=\"canonical\" href=\"https:\/\/telemme.mmsh.fr\/?p=9189\" \/>\n<meta property=\"og:locale\" content=\"fr_FR\" \/>\n<meta property=\"og:type\" content=\"article\" \/>\n<meta property=\"og:title\" content=\"Atlas des migrations en M\u00e9diterran\u00e9e - TELEMMe - Temps, espaces, langages, Europe m\u00e9ridionale, M\u00e9diterran\u00e9e\" \/>\n<meta property=\"og:description\" content=\"L\u2019Atlas des migrations en M\u00e9diterran\u00e9e de l\u2019Antiquit\u00e9 \u00e0 nos jours est un ouvrage sans \u00e9quivalent, qui balaye plus de trois mille ans d&#039;histoire. Au travers de deux cents cartes, des illustrations, des extraits de sources historiques et des textes de synth\u00e8se r\u00e9dig\u00e9s par des sp\u00e9cialistes, historiens et g\u00e9ographes, l\u2019atlas montre comment les migrations ont fa\u00e7onn\u00e9 les soci\u00e9t\u00e9s et les cultures m\u00e9diterran\u00e9ennes sur la longue dur\u00e9e. S\u2019adressant \u00e0 un large public, il propose sur une base scientifique pluridisciplinaire solide, \u00e0 la fois une mise au point utile et des pistes de r\u00e9flexion sur une question toujours en d\u00e9bat.\" \/>\n<meta property=\"og:url\" content=\"https:\/\/telemme.mmsh.fr\/?p=9189\" \/>\n<meta property=\"og:site_name\" content=\"TELEMMe - Temps, espaces, langages, Europe m\u00e9ridionale, M\u00e9diterran\u00e9e\" \/>\n<meta property=\"article:published_time\" content=\"2021-03-01T10:13:00+00:00\" \/>\n<meta property=\"article:modified_time\" content=\"2021-08-24T09:14:13+00:00\" \/>\n<meta property=\"og:image\" content=\"https:\/\/telemme.mmsh.fr\/wp-content\/uploads\/2021\/08\/Atlas-migrations.jpg\" \/>\n\t<meta property=\"og:image:width\" content=\"500\" \/>\n\t<meta property=\"og:image:height\" content=\"385\" \/>\n\t<meta property=\"og:image:type\" content=\"image\/jpeg\" \/>\n<meta name=\"author\" content=\"Delphine Cavallo\" \/>\n<meta name=\"twitter:card\" content=\"summary_large_image\" \/>\n<meta name=\"twitter:label1\" content=\"\u00c9crit par\" \/>\n\t<meta name=\"twitter:data1\" content=\"Delphine Cavallo\" \/>\n\t<meta name=\"twitter:label2\" content=\"Dur\u00e9e de lecture estim\u00e9e\" \/>\n\t<meta name=\"twitter:data2\" content=\"1 minute\" \/>\n<script type=\"application\/ld+json\" class=\"yoast-schema-graph\">{\"@context\":\"https:\\\/\\\/schema.org\",\"@graph\":[{\"@type\":\"Article\",\"@id\":\"https:\\\/\\\/telemme.mmsh.fr\\\/?p=9189#article\",\"isPartOf\":{\"@id\":\"https:\\\/\\\/telemme.mmsh.fr\\\/?p=9189\"},\"author\":{\"name\":\"Delphine Cavallo\",\"@id\":\"https:\\\/\\\/telemme.mmsh.fr\\\/#\\\/schema\\\/person\\\/86a185da4836381586528ced48e263f5\"},\"headline\":\"Atlas des migrations en M\u00e9diterran\u00e9e\",\"datePublished\":\"2021-03-01T10:13:00+00:00\",\"dateModified\":\"2021-08-24T09:14:13+00:00\",\"mainEntityOfPage\":{\"@id\":\"https:\\\/\\\/telemme.mmsh.fr\\\/?p=9189\"},\"wordCount\":152,\"publisher\":{\"@id\":\"https:\\\/\\\/telemme.mmsh.fr\\\/#organization\"},\"image\":{\"@id\":\"https:\\\/\\\/telemme.mmsh.fr\\\/?p=9189#primaryimage\"},\"thumbnailUrl\":\"https:\\\/\\\/telemme.mmsh.fr\\\/wp-content\\\/uploads\\\/2021\\\/08\\\/Atlas-migrations.jpg\",\"keywords\":[\"atlas\",\"M\u00e9diterran\u00e9e\",\"migrations\"],\"articleSection\":[\"Directions d'ouvrage\"],\"inLanguage\":\"fr-FR\"},{\"@type\":\"WebPage\",\"@id\":\"https:\\\/\\\/telemme.mmsh.fr\\\/?p=9189\",\"url\":\"https:\\\/\\\/telemme.mmsh.fr\\\/?p=9189\",\"name\":\"Atlas des migrations en M\u00e9diterran\u00e9e - TELEMMe - Temps, espaces, langages, Europe m\u00e9ridionale, M\u00e9diterran\u00e9e\",\"isPartOf\":{\"@id\":\"https:\\\/\\\/telemme.mmsh.fr\\\/#website\"},\"primaryImageOfPage\":{\"@id\":\"https:\\\/\\\/telemme.mmsh.fr\\\/?p=9189#primaryimage\"},\"image\":{\"@id\":\"https:\\\/\\\/telemme.mmsh.fr\\\/?p=9189#primaryimage\"},\"thumbnailUrl\":\"https:\\\/\\\/telemme.mmsh.fr\\\/wp-content\\\/uploads\\\/2021\\\/08\\\/Atlas-migrations.jpg\",\"datePublished\":\"2021-03-01T10:13:00+00:00\",\"dateModified\":\"2021-08-24T09:14:13+00:00\",\"description\":\"L\u2019Atlas des migrations en M\u00e9diterran\u00e9e de l\u2019Antiquit\u00e9 \u00e0 nos jours est un ouvrage sans \u00e9quivalent, qui balaye plus de trois mille ans d'histoire. Au travers de deux cents cartes, des illustrations, des extraits de sources historiques et des textes de synth\u00e8se r\u00e9dig\u00e9s par des sp\u00e9cialistes, historiens et g\u00e9ographes, l\u2019atlas montre comment les migrations ont fa\u00e7onn\u00e9 les soci\u00e9t\u00e9s et les cultures m\u00e9diterran\u00e9ennes sur la longue dur\u00e9e. S\u2019adressant \u00e0 un large public, il propose sur une base scientifique pluridisciplinaire solide, \u00e0 la fois une mise au point utile et des pistes de r\u00e9flexion sur une question toujours en d\u00e9bat.\",\"breadcrumb\":{\"@id\":\"https:\\\/\\\/telemme.mmsh.fr\\\/?p=9189#breadcrumb\"},\"inLanguage\":\"fr-FR\",\"potentialAction\":[{\"@type\":\"ReadAction\",\"target\":[\"https:\\\/\\\/telemme.mmsh.fr\\\/?p=9189\"]}]},{\"@type\":\"ImageObject\",\"inLanguage\":\"fr-FR\",\"@id\":\"https:\\\/\\\/telemme.mmsh.fr\\\/?p=9189#primaryimage\",\"url\":\"https:\\\/\\\/telemme.mmsh.fr\\\/wp-content\\\/uploads\\\/2021\\\/08\\\/Atlas-migrations.jpg\",\"contentUrl\":\"https:\\\/\\\/telemme.mmsh.fr\\\/wp-content\\\/uploads\\\/2021\\\/08\\\/Atlas-migrations.jpg\",\"width\":500,\"height\":385,\"caption\":\"Couverture de Atlas des migrations en M\u00e9diterran\u00e9e. De l\u2019Antiquit\u00e9 \u00e0 nos jours\"},{\"@type\":\"BreadcrumbList\",\"@id\":\"https:\\\/\\\/telemme.mmsh.fr\\\/?p=9189#breadcrumb\",\"itemListElement\":[{\"@type\":\"ListItem\",\"position\":1,\"name\":\"Accueil\",\"item\":\"https:\\\/\\\/telemme.mmsh.fr\\\/\"},{\"@type\":\"ListItem\",\"position\":2,\"name\":\"Publications\",\"item\":\"https:\\\/\\\/telemme.mmsh.fr\\\/?cat=1738\"},{\"@type\":\"ListItem\",\"position\":3,\"name\":\"Directions d'ouvrage\",\"item\":\"https:\\\/\\\/telemme.mmsh.fr\\\/?cat=1742\"},{\"@type\":\"ListItem\",\"position\":4,\"name\":\"Atlas des migrations en M\u00e9diterran\u00e9e\"}]},{\"@type\":\"WebSite\",\"@id\":\"https:\\\/\\\/telemme.mmsh.fr\\\/#website\",\"url\":\"https:\\\/\\\/telemme.mmsh.fr\\\/\",\"name\":\"TELEMMe - Temps, espaces, langages, Europe m\u00e9ridionale, M\u00e9diterran\u00e9e\",\"description\":\"\",\"publisher\":{\"@id\":\"https:\\\/\\\/telemme.mmsh.fr\\\/#organization\"},\"potentialAction\":[{\"@type\":\"SearchAction\",\"target\":{\"@type\":\"EntryPoint\",\"urlTemplate\":\"https:\\\/\\\/telemme.mmsh.fr\\\/?s={search_term_string}\"},\"query-input\":{\"@type\":\"PropertyValueSpecification\",\"valueRequired\":true,\"valueName\":\"search_term_string\"}}],\"inLanguage\":\"fr-FR\"},{\"@type\":\"Organization\",\"@id\":\"https:\\\/\\\/telemme.mmsh.fr\\\/#organization\",\"name\":\"TELEMMe\",\"url\":\"https:\\\/\\\/telemme.mmsh.fr\\\/\",\"logo\":{\"@type\":\"ImageObject\",\"inLanguage\":\"fr-FR\",\"@id\":\"https:\\\/\\\/telemme.mmsh.fr\\\/#\\\/schema\\\/logo\\\/image\\\/\",\"url\":\"https:\\\/\\\/telemme.mmsh.fr\\\/wp-content\\\/uploads\\\/2020\\\/03\\\/LogoTELEMMe-horizontal-fond-transparent.png\",\"contentUrl\":\"https:\\\/\\\/telemme.mmsh.fr\\\/wp-content\\\/uploads\\\/2020\\\/03\\\/LogoTELEMMe-horizontal-fond-transparent.png\",\"width\":1500,\"height\":437,\"caption\":\"TELEMMe\"},\"image\":{\"@id\":\"https:\\\/\\\/telemme.mmsh.fr\\\/#\\\/schema\\\/logo\\\/image\\\/\"}},{\"@type\":\"Person\",\"@id\":\"https:\\\/\\\/telemme.mmsh.fr\\\/#\\\/schema\\\/person\\\/86a185da4836381586528ced48e263f5\",\"name\":\"Delphine Cavallo\",\"url\":\"https:\\\/\\\/telemme.mmsh.fr\\\/?author=6\"}]}<\/script>\n<!-- \/ Yoast SEO plugin. -->","yoast_head_json":{"title":"Atlas des migrations en M\u00e9diterran\u00e9e - TELEMMe - Temps, espaces, langages, Europe m\u00e9ridionale, M\u00e9diterran\u00e9e","description":"L\u2019Atlas des migrations en M\u00e9diterran\u00e9e de l\u2019Antiquit\u00e9 \u00e0 nos jours est un ouvrage sans \u00e9quivalent, qui balaye plus de trois mille ans d'histoire. Au travers de deux cents cartes, des illustrations, des extraits de sources historiques et des textes de synth\u00e8se r\u00e9dig\u00e9s par des sp\u00e9cialistes, historiens et g\u00e9ographes, l\u2019atlas montre comment les migrations ont fa\u00e7onn\u00e9 les soci\u00e9t\u00e9s et les cultures m\u00e9diterran\u00e9ennes sur la longue dur\u00e9e. S\u2019adressant \u00e0 un large public, il propose sur une base scientifique pluridisciplinaire solide, \u00e0 la fois une mise au point utile et des pistes de r\u00e9flexion sur une question toujours en d\u00e9bat.","robots":{"index":"index","follow":"follow","max-snippet":"max-snippet:-1","max-image-preview":"max-image-preview:large","max-video-preview":"max-video-preview:-1"},"canonical":"https:\/\/telemme.mmsh.fr\/?p=9189","og_locale":"fr_FR","og_type":"article","og_title":"Atlas des migrations en M\u00e9diterran\u00e9e - TELEMMe - Temps, espaces, langages, Europe m\u00e9ridionale, M\u00e9diterran\u00e9e","og_description":"L\u2019Atlas des migrations en M\u00e9diterran\u00e9e de l\u2019Antiquit\u00e9 \u00e0 nos jours est un ouvrage sans \u00e9quivalent, qui balaye plus de trois mille ans d'histoire. Au travers de deux cents cartes, des illustrations, des extraits de sources historiques et des textes de synth\u00e8se r\u00e9dig\u00e9s par des sp\u00e9cialistes, historiens et g\u00e9ographes, l\u2019atlas montre comment les migrations ont fa\u00e7onn\u00e9 les soci\u00e9t\u00e9s et les cultures m\u00e9diterran\u00e9ennes sur la longue dur\u00e9e. S\u2019adressant \u00e0 un large public, il propose sur une base scientifique pluridisciplinaire solide, \u00e0 la fois une mise au point utile et des pistes de r\u00e9flexion sur une question toujours en d\u00e9bat.","og_url":"https:\/\/telemme.mmsh.fr\/?p=9189","og_site_name":"TELEMMe - Temps, espaces, langages, Europe m\u00e9ridionale, M\u00e9diterran\u00e9e","article_published_time":"2021-03-01T10:13:00+00:00","article_modified_time":"2021-08-24T09:14:13+00:00","og_image":[{"width":500,"height":385,"url":"https:\/\/telemme.mmsh.fr\/wp-content\/uploads\/2021\/08\/Atlas-migrations.jpg","type":"image\/jpeg"}],"author":"Delphine Cavallo","twitter_card":"summary_large_image","twitter_misc":{"\u00c9crit par":"Delphine Cavallo","Dur\u00e9e de lecture estim\u00e9e":"1 minute"},"schema":{"@context":"https:\/\/schema.org","@graph":[{"@type":"Article","@id":"https:\/\/telemme.mmsh.fr\/?p=9189#article","isPartOf":{"@id":"https:\/\/telemme.mmsh.fr\/?p=9189"},"author":{"name":"Delphine Cavallo","@id":"https:\/\/telemme.mmsh.fr\/#\/schema\/person\/86a185da4836381586528ced48e263f5"},"headline":"Atlas des migrations en M\u00e9diterran\u00e9e","datePublished":"2021-03-01T10:13:00+00:00","dateModified":"2021-08-24T09:14:13+00:00","mainEntityOfPage":{"@id":"https:\/\/telemme.mmsh.fr\/?p=9189"},"wordCount":152,"publisher":{"@id":"https:\/\/telemme.mmsh.fr\/#organization"},"image":{"@id":"https:\/\/telemme.mmsh.fr\/?p=9189#primaryimage"},"thumbnailUrl":"https:\/\/telemme.mmsh.fr\/wp-content\/uploads\/2021\/08\/Atlas-migrations.jpg","keywords":["atlas","M\u00e9diterran\u00e9e","migrations"],"articleSection":["Directions d'ouvrage"],"inLanguage":"fr-FR"},{"@type":"WebPage","@id":"https:\/\/telemme.mmsh.fr\/?p=9189","url":"https:\/\/telemme.mmsh.fr\/?p=9189","name":"Atlas des migrations en M\u00e9diterran\u00e9e - TELEMMe - Temps, espaces, langages, Europe m\u00e9ridionale, M\u00e9diterran\u00e9e","isPartOf":{"@id":"https:\/\/telemme.mmsh.fr\/#website"},"primaryImageOfPage":{"@id":"https:\/\/telemme.mmsh.fr\/?p=9189#primaryimage"},"image":{"@id":"https:\/\/telemme.mmsh.fr\/?p=9189#primaryimage"},"thumbnailUrl":"https:\/\/telemme.mmsh.fr\/wp-content\/uploads\/2021\/08\/Atlas-migrations.jpg","datePublished":"2021-03-01T10:13:00+00:00","dateModified":"2021-08-24T09:14:13+00:00","description":"L\u2019Atlas des migrations en M\u00e9diterran\u00e9e de l\u2019Antiquit\u00e9 \u00e0 nos jours est un ouvrage sans \u00e9quivalent, qui balaye plus de trois mille ans d'histoire. Au travers de deux cents cartes, des illustrations, des extraits de sources historiques et des textes de synth\u00e8se r\u00e9dig\u00e9s par des sp\u00e9cialistes, historiens et g\u00e9ographes, l\u2019atlas montre comment les migrations ont fa\u00e7onn\u00e9 les soci\u00e9t\u00e9s et les cultures m\u00e9diterran\u00e9ennes sur la longue dur\u00e9e. S\u2019adressant \u00e0 un large public, il propose sur une base scientifique pluridisciplinaire solide, \u00e0 la fois une mise au point utile et des pistes de r\u00e9flexion sur une question toujours en d\u00e9bat.","breadcrumb":{"@id":"https:\/\/telemme.mmsh.fr\/?p=9189#breadcrumb"},"inLanguage":"fr-FR","potentialAction":[{"@type":"ReadAction","target":["https:\/\/telemme.mmsh.fr\/?p=9189"]}]},{"@type":"ImageObject","inLanguage":"fr-FR","@id":"https:\/\/telemme.mmsh.fr\/?p=9189#primaryimage","url":"https:\/\/telemme.mmsh.fr\/wp-content\/uploads\/2021\/08\/Atlas-migrations.jpg","contentUrl":"https:\/\/telemme.mmsh.fr\/wp-content\/uploads\/2021\/08\/Atlas-migrations.jpg","width":500,"height":385,"caption":"Couverture de Atlas des migrations en M\u00e9diterran\u00e9e. De l\u2019Antiquit\u00e9 \u00e0 nos jours"},{"@type":"BreadcrumbList","@id":"https:\/\/telemme.mmsh.fr\/?p=9189#breadcrumb","itemListElement":[{"@type":"ListItem","position":1,"name":"Accueil","item":"https:\/\/telemme.mmsh.fr\/"},{"@type":"ListItem","position":2,"name":"Publications","item":"https:\/\/telemme.mmsh.fr\/?cat=1738"},{"@type":"ListItem","position":3,"name":"Directions d'ouvrage","item":"https:\/\/telemme.mmsh.fr\/?cat=1742"},{"@type":"ListItem","position":4,"name":"Atlas des migrations en M\u00e9diterran\u00e9e"}]},{"@type":"WebSite","@id":"https:\/\/telemme.mmsh.fr\/#website","url":"https:\/\/telemme.mmsh.fr\/","name":"TELEMMe - Temps, espaces, langages, Europe m\u00e9ridionale, M\u00e9diterran\u00e9e","description":"","publisher":{"@id":"https:\/\/telemme.mmsh.fr\/#organization"},"potentialAction":[{"@type":"SearchAction","target":{"@type":"EntryPoint","urlTemplate":"https:\/\/telemme.mmsh.fr\/?s={search_term_string}"},"query-input":{"@type":"PropertyValueSpecification","valueRequired":true,"valueName":"search_term_string"}}],"inLanguage":"fr-FR"},{"@type":"Organization","@id":"https:\/\/telemme.mmsh.fr\/#organization","name":"TELEMMe","url":"https:\/\/telemme.mmsh.fr\/","logo":{"@type":"ImageObject","inLanguage":"fr-FR","@id":"https:\/\/telemme.mmsh.fr\/#\/schema\/logo\/image\/","url":"https:\/\/telemme.mmsh.fr\/wp-content\/uploads\/2020\/03\/LogoTELEMMe-horizontal-fond-transparent.png","contentUrl":"https:\/\/telemme.mmsh.fr\/wp-content\/uploads\/2020\/03\/LogoTELEMMe-horizontal-fond-transparent.png","width":1500,"height":437,"caption":"TELEMMe"},"image":{"@id":"https:\/\/telemme.mmsh.fr\/#\/schema\/logo\/image\/"}},{"@type":"Person","@id":"https:\/\/telemme.mmsh.fr\/#\/schema\/person\/86a185da4836381586528ced48e263f5","name":"Delphine Cavallo","url":"https:\/\/telemme.mmsh.fr\/?author=6"}]}},"_links":{"self":[{"href":"https:\/\/telemme.mmsh.fr\/index.php?rest_route=\/wp\/v2\/posts\/9189","targetHints":{"allow":["GET"]}}],"collection":[{"href":"https:\/\/telemme.mmsh.fr\/index.php?rest_route=\/wp\/v2\/posts"}],"about":[{"href":"https:\/\/telemme.mmsh.fr\/index.php?rest_route=\/wp\/v2\/types\/post"}],"author":[{"embeddable":true,"href":"https:\/\/telemme.mmsh.fr\/index.php?rest_route=\/wp\/v2\/users\/6"}],"replies":[{"embeddable":true,"href":"https:\/\/telemme.mmsh.fr\/index.php?rest_route=%2Fwp%2Fv2%2Fcomments&post=9189"}],"version-history":[{"count":3,"href":"https:\/\/telemme.mmsh.fr\/index.php?rest_route=\/wp\/v2\/posts\/9189\/revisions"}],"predecessor-version":[{"id":9193,"href":"https:\/\/telemme.mmsh.fr\/index.php?rest_route=\/wp\/v2\/posts\/9189\/revisions\/9193"}],"wp:featuredmedia":[{"embeddable":true,"href":"https:\/\/telemme.mmsh.fr\/index.php?rest_route=\/wp\/v2\/media\/9191"}],"wp:attachment":[{"href":"https:\/\/telemme.mmsh.fr\/index.php?rest_route=%2Fwp%2Fv2%2Fmedia&parent=9189"}],"wp:term":[{"taxonomy":"category","embeddable":true,"href":"https:\/\/telemme.mmsh.fr\/index.php?rest_route=%2Fwp%2Fv2%2Fcategories&post=9189"},{"taxonomy":"post_tag","embeddable":true,"href":"https:\/\/telemme.mmsh.fr\/index.php?rest_route=%2Fwp%2Fv2%2Ftags&post=9189"}],"curies":[{"name":"wp","href":"https:\/\/api.w.org\/{rel}","templated":true}]}}