{"id":9183,"date":"2021-09-27T16:33:00","date_gmt":"2021-09-27T14:33:00","guid":{"rendered":"https:\/\/telemme.mmsh.fr\/?p=9183"},"modified":"2021-09-28T09:59:34","modified_gmt":"2021-09-28T07:59:34","slug":"telemme-aux-rendez-vous-de-lhistoire-de-blois-2021","status":"publish","type":"post","link":"https:\/\/telemme.mmsh.fr\/?p=9183","title":{"rendered":"TELEMMe aux Rendez-vous de l&rsquo;histoire de Blois 2021"},"content":{"rendered":"\n<p class=\"has-text-align-center has-medium-font-size\"><strong>Cette ann\u00e9e encore, plusieurs membres de TELEMMe seront pr\u00e9sent\u00b7es aux <a href=\"https:\/\/rdv-histoire.com\/\">Rendez-vous de l&rsquo;histoire de Blois<\/a>, consacr\u00e9s au <a href=\"https:\/\/rdv-histoire.com\/programme\/edition-2021-le-travail\">travail<\/a>. <\/strong><br>Les RVH 2021 se tiennent du 6 au 10 octobre en <a href=\"https:\/\/rdv-histoire.com\/infos-pratiques\/les-lieux-du-festival\">plusieurs lieux de la ville<\/a>. <\/p>\n\n\n\n<div style=\"height:40px\" aria-hidden=\"true\" class=\"wp-block-spacer\"><\/div>\n\n\n\n<hr class=\"wp-block-separator\"\/>\n\n\n\n<div class=\"wp-block-columns is-layout-flex wp-container-core-columns-is-layout-9d6595d7 wp-block-columns-is-layout-flex\">\n<div class=\"wp-block-column is-layout-flow wp-block-column-is-layout-flow\" style=\"flex-basis:100%\">\n<div class=\"wp-block-columns is-layout-flex wp-container-core-columns-is-layout-9d6595d7 wp-block-columns-is-layout-flex\">\n<div class=\"wp-block-column is-layout-flow wp-block-column-is-layout-flow\" style=\"flex-basis:66.66%\">\n<div style=\"height:25px\" aria-hidden=\"true\" class=\"wp-block-spacer\"><\/div>\n\n\n\n<p><a href=\"https:\/\/telemme.mmsh.fr\/?membres=eleonora-canepari\">Eleonora CANEPARI<\/a>, ma\u00eetre de conf\u00e9rences en histoire moderne, participera \u00e0 la table ronde  <strong><a href=\"https:\/\/rdv-histoire.com\/programme\/edition-2021-le-travail\/les-mobilites-professionnelles-dans-la-france-moderne-xviie-xviiie-siecles\">Les mobilit\u00e9s professionnelles dans la France moderne (XVIIe &#8211; XVIIIe si\u00e8cles)<\/a><\/strong> mod\u00e9r\u00e9e par Philippe Bourdin et en pr\u00e9sence d&rsquo;Olivier Poncet, Anne Conchon et Cyril Triolaire.<\/p>\n\n\n\n<blockquote class=\"wp-block-quote is-layout-flow wp-block-quote-is-layout-flow\"><p><strong>Samedi 9 oct<\/strong>. 2021 de 17:30\u00a0\u00e0 19:00\u00a0\u00a0Conseil D\u00e9partemental &#8211; Salle Capitulaire<\/p><\/blockquote>\n<\/div>\n\n\n\n<div class=\"wp-block-column is-layout-flow wp-block-column-is-layout-flow\" style=\"flex-basis:33.33%\">\n<div class=\"wp-block-image is-style-rounded wp-duotone-c7005a-fff278-1\"><figure class=\"aligncenter size-full\"><img loading=\"lazy\" decoding=\"async\" width=\"320\" height=\"320\" src=\"https:\/\/telemme.mmsh.fr\/wp-content\/uploads\/2021\/09\/photo_canepari.jpg\" alt=\"\" class=\"wp-image-9599\" srcset=\"https:\/\/telemme.mmsh.fr\/wp-content\/uploads\/2021\/09\/photo_canepari.jpg 320w, https:\/\/telemme.mmsh.fr\/wp-content\/uploads\/2021\/09\/photo_canepari-300x300.jpg 300w, https:\/\/telemme.mmsh.fr\/wp-content\/uploads\/2021\/09\/photo_canepari-150x150.jpg 150w, https:\/\/telemme.mmsh.fr\/wp-content\/uploads\/2021\/09\/photo_canepari-100x100.jpg 100w\" sizes=\"auto, (max-width: 320px) 100vw, 320px\" \/><\/figure><\/div>\n<\/div>\n<\/div>\n\n\n\n<div class=\"wp-block-columns is-layout-flex wp-container-core-columns-is-layout-9d6595d7 wp-block-columns-is-layout-flex\">\n<div class=\"wp-block-column is-layout-flow wp-block-column-is-layout-flow\" style=\"flex-basis:33.33%\">\n<div class=\"wp-block-image is-style-rounded wp-duotone-c7005a-fff278-2\"><figure class=\"aligncenter size-medium\"><img loading=\"lazy\" decoding=\"async\" width=\"256\" height=\"300\" src=\"https:\/\/telemme.mmsh.fr\/wp-content\/uploads\/2020\/11\/Gerard-Chastagnaret3-256x300.jpg\" alt=\"G\u00e9rard Chastagnaret, TELEMMe (AMU-CNRS)\" class=\"wp-image-4016\" srcset=\"https:\/\/telemme.mmsh.fr\/wp-content\/uploads\/2020\/11\/Gerard-Chastagnaret3-256x300.jpg 256w, https:\/\/telemme.mmsh.fr\/wp-content\/uploads\/2020\/11\/Gerard-Chastagnaret3.jpg 500w\" sizes=\"auto, (max-width: 256px) 100vw, 256px\" \/><\/figure><\/div>\n\n\n\n<p><\/p>\n<\/div>\n\n\n\n<div class=\"wp-block-column is-layout-flow wp-block-column-is-layout-flow\" style=\"flex-basis:66.66%\">\n<div style=\"height:25px\" aria-hidden=\"true\" class=\"wp-block-spacer\"><\/div>\n\n\n\n<p><a href=\"https:\/\/telemme.mmsh.fr\/?membres=gerard-chastagnaret\">G\u00e9rard CHASTAGNARET<\/a>, professeur \u00e9m\u00e9rite en histoire contemporaine et ancien directeur de la Casa de Vel\u00e1zquez, participera \u00e0 la table ronde anim\u00e9e par Emmanuel Laurentin <strong><a href=\"https:\/\/rdv-histoire.com\/programme\/edition-2021-le-travail\/les-chercheurs-sur-leur-terrain-de-travail-questions-sociales-et-environnementales\">Les chercheurs sur leur terrain de travail : questions sociales et environnementales<\/a><\/strong>,  en compagnie de Margarita Nazou, F\u00e9lix Relats Montserrat, Christophe Pottier et Nicolas Minvielle-Larousse.<\/p>\n\n\n\n<blockquote class=\"wp-block-quote is-layout-flow wp-block-quote-is-layout-flow\"><p><strong>Vendredi 8 oct<\/strong>. 2021 de 14:00\u00a0\u00e0 15:30\u00a0\u00a0Site Chocolaterie de l&rsquo;IUT &#8211; Amphi 1<\/p><\/blockquote>\n<\/div>\n<\/div>\n\n\n\n<div class=\"wp-block-columns is-layout-flex wp-container-core-columns-is-layout-9d6595d7 wp-block-columns-is-layout-flex\">\n<div class=\"wp-block-column is-layout-flow wp-block-column-is-layout-flow\" style=\"flex-basis:66.66%\">\n<div style=\"height:25px\" aria-hidden=\"true\" class=\"wp-block-spacer\"><\/div>\n\n\n\n<p><a href=\"https:\/\/telemme.mmsh.fr\/?membres=jeremie-foa\">J\u00e9r\u00e9mie FOA<\/a>, ma\u00eetre de conf\u00e9rence HDR en histoire moderne, jouera au <strong><a href=\"https:\/\/rdv-histoire.com\/programme\/edition-2021-le-travail\/le-quizz-de-l-histoire-dessinee-de-la-france\">Quizz de l&rsquo;Histoire dessin\u00e9e de la France<\/a><\/strong> anim\u00e9 par Yann Potin autour de la collection <em>L&rsquo;histoire dessin\u00e9e de la France <\/em>des \u00e9ditions La D\u00e9couverte.<\/p>\n\n\n\n<blockquote class=\"wp-block-quote is-layout-flow wp-block-quote-is-layout-flow\"><p><strong>Dimanche 10 oct<\/strong>. 2021 de 14:30\u00a0\u00e0 16:00\u00a0\u00a0Maison de la magie &#8211; Salle de spectacle<\/p><\/blockquote>\n<\/div>\n\n\n\n<div class=\"wp-block-column is-layout-flow wp-block-column-is-layout-flow\" style=\"flex-basis:33.33%\">\n<div class=\"wp-block-image is-style-rounded wp-duotone-c7005a-fff278-3\"><figure class=\"aligncenter size-full\"><img loading=\"lazy\" decoding=\"async\" width=\"320\" height=\"320\" src=\"https:\/\/telemme.mmsh.fr\/wp-content\/uploads\/2021\/09\/jeremie_foa_d_r.png\" alt=\"\" class=\"wp-image-9616\" srcset=\"https:\/\/telemme.mmsh.fr\/wp-content\/uploads\/2021\/09\/jeremie_foa_d_r.png 320w, https:\/\/telemme.mmsh.fr\/wp-content\/uploads\/2021\/09\/jeremie_foa_d_r-300x300.png 300w, https:\/\/telemme.mmsh.fr\/wp-content\/uploads\/2021\/09\/jeremie_foa_d_r-150x150.png 150w, https:\/\/telemme.mmsh.fr\/wp-content\/uploads\/2021\/09\/jeremie_foa_d_r-100x100.png 100w\" sizes=\"auto, (max-width: 320px) 100vw, 320px\" \/><\/figure><\/div>\n<\/div>\n<\/div>\n\n\n\n<div class=\"wp-block-columns is-layout-flex wp-container-core-columns-is-layout-9d6595d7 wp-block-columns-is-layout-flex\">\n<div class=\"wp-block-column is-layout-flow wp-block-column-is-layout-flow\" style=\"flex-basis:33.33%\">\n<div class=\"wp-block-image is-style-rounded wp-duotone-c7005a-fff278-4\"><figure class=\"aligncenter size-full\"><img loading=\"lazy\" decoding=\"async\" width=\"320\" height=\"320\" src=\"https:\/\/telemme.mmsh.fr\/wp-content\/uploads\/2021\/09\/photo_HG_zkoray.jpg\" alt=\"\" class=\"wp-image-9596\" srcset=\"https:\/\/telemme.mmsh.fr\/wp-content\/uploads\/2021\/09\/photo_HG_zkoray.jpg 320w, https:\/\/telemme.mmsh.fr\/wp-content\/uploads\/2021\/09\/photo_HG_zkoray-300x300.jpg 300w, https:\/\/telemme.mmsh.fr\/wp-content\/uploads\/2021\/09\/photo_HG_zkoray-150x150.jpg 150w, https:\/\/telemme.mmsh.fr\/wp-content\/uploads\/2021\/09\/photo_HG_zkoray-100x100.jpg 100w\" sizes=\"auto, (max-width: 320px) 100vw, 320px\" \/><\/figure><\/div>\n<\/div>\n\n\n\n<div class=\"wp-block-column is-layout-flow wp-block-column-is-layout-flow\" style=\"flex-basis:66.66%\">\n<div style=\"height:25px\" aria-hidden=\"true\" class=\"wp-block-spacer\"><\/div>\n\n\n\n<p><a href=\"https:\/\/telemme.mmsh.fr\/?membres=hayri-goksin-ozkoray\">Hayri  G. \u00d6ZKORAY<\/a>, ma\u00eetre de conf\u00e9rences en histoire moderne, interviendra \u00e0 la table ronde <a href=\"https:\/\/rdv-histoire.com\/programme\/edition-2021-le-travail\/d-athenes-au-bresil-comment-l-esclavage-faconne-le-travail\"><strong>D&rsquo;Ath\u00e8nes au Br\u00e9sil, comment l&rsquo;esclavage a fa\u00e7onn\u00e9 le travail<\/strong><\/a>, mod\u00e9r\u00e9e par M&rsquo;hamed Oualdi, aux c\u00f4t\u00e9s de Paulin Ismard, Aur\u00e9lia Michel et Dominique Rogers.<\/p>\n\n\n\n<blockquote class=\"wp-block-quote is-layout-flow wp-block-quote-is-layout-flow\"><p><strong>Vendredi 8 oct.<\/strong> 2021 de 14:00\u00a0\u00e0 15:30,\u00a0\u00a0Maison de la magie &#8211; Salle de spectacle <\/p><\/blockquote>\n<\/div>\n<\/div>\n<\/div>\n<\/div>\n\n\n\n<hr class=\"wp-block-separator\"\/>\n\n\n\n<p class=\"has-text-align-center has-medium-font-size\"> <strong>Plusieurs membres associ\u00e9s de TELEMMe ont \u00e9galement r\u00e9pondu pr\u00e9sent aux rendez-vous de l&rsquo;histoire.<\/strong><\/p>\n\n\n\n<div style=\"height:40px\" aria-hidden=\"true\" class=\"wp-block-spacer\"><\/div>\n\n\n\n<div class=\"wp-block-columns is-layout-flex wp-container-core-columns-is-layout-9d6595d7 wp-block-columns-is-layout-flex\">\n<div class=\"wp-block-column is-layout-flow wp-block-column-is-layout-flow\" style=\"flex-basis:66.66%\">\n<div style=\"height:25px\" aria-hidden=\"true\" class=\"wp-block-spacer\"><\/div>\n\n\n\n<p><a href=\"https:\/\/telemme.mmsh.fr\/?membres=sebastien-llaurens\">S\u00e9bastien LLAURENS<\/a>, enseignant et docteur de TELEMMe, participera \u00e0 la table ronde anim\u00e9e par No\u00eblline Castagnez  <strong><a href=\"https:\/\/rdv-histoire.com\/programme\/edition-2021-le-travail\/dessine-nous-la-guerre-en-syrie-la-bd-d-actualite-et-le-moyen-orient\">Dessine-nous la guerre en Syrie ! La BD d&rsquo;actualit\u00e9 et le Moyen-Orient<\/a><\/strong> en compagnie de J\u00e9r\u00f4me Bocquet, Ziad Majed et Lucile Bordes.<\/p>\n\n\n\n<blockquote class=\"wp-block-quote is-layout-flow wp-block-quote-is-layout-flow\"><p><strong>Dimanche 10 oct<\/strong>. 2021 de 11:30\u00a0\u00e0 13:00\u00a0\u00a0Maison de la BD &#8211; Salle Annie Goetzinger<\/p><\/blockquote>\n\n\n\n<p><\/p>\n<\/div>\n\n\n\n<div class=\"wp-block-column is-layout-flow wp-block-column-is-layout-flow\" style=\"flex-basis:33.33%\">\n<div class=\"wp-block-image is-style-rounded wp-duotone-c7005a-fff278-5\"><figure class=\"aligncenter size-full\"><img loading=\"lazy\" decoding=\"async\" width=\"320\" height=\"320\" src=\"https:\/\/telemme.mmsh.fr\/wp-content\/uploads\/2021\/09\/S_bastien_llaurens.jpg\" alt=\"\" class=\"wp-image-9620\" srcset=\"https:\/\/telemme.mmsh.fr\/wp-content\/uploads\/2021\/09\/S_bastien_llaurens.jpg 320w, https:\/\/telemme.mmsh.fr\/wp-content\/uploads\/2021\/09\/S_bastien_llaurens-300x300.jpg 300w, https:\/\/telemme.mmsh.fr\/wp-content\/uploads\/2021\/09\/S_bastien_llaurens-150x150.jpg 150w, https:\/\/telemme.mmsh.fr\/wp-content\/uploads\/2021\/09\/S_bastien_llaurens-100x100.jpg 100w\" sizes=\"auto, (max-width: 320px) 100vw, 320px\" \/><\/figure><\/div>\n<\/div>\n<\/div>\n\n\n\n<div class=\"wp-block-columns is-layout-flex wp-container-core-columns-is-layout-9d6595d7 wp-block-columns-is-layout-flex\">\n<div class=\"wp-block-column is-layout-flow wp-block-column-is-layout-flow\" style=\"flex-basis:33.33%\">\n<div class=\"wp-block-image is-style-rounded wp-duotone-c7005a-fff278-6\"><figure class=\"aligncenter size-full\"><img loading=\"lazy\" decoding=\"async\" width=\"320\" height=\"320\" src=\"https:\/\/telemme.mmsh.fr\/wp-content\/uploads\/2021\/09\/A_Moumen.jpg\" alt=\"\" class=\"wp-image-9627\" srcset=\"https:\/\/telemme.mmsh.fr\/wp-content\/uploads\/2021\/09\/A_Moumen.jpg 320w, https:\/\/telemme.mmsh.fr\/wp-content\/uploads\/2021\/09\/A_Moumen-300x300.jpg 300w, https:\/\/telemme.mmsh.fr\/wp-content\/uploads\/2021\/09\/A_Moumen-150x150.jpg 150w, https:\/\/telemme.mmsh.fr\/wp-content\/uploads\/2021\/09\/A_Moumen-100x100.jpg 100w\" sizes=\"auto, (max-width: 320px) 100vw, 320px\" \/><\/figure><\/div>\n<\/div>\n\n\n\n<div class=\"wp-block-column is-layout-flow wp-block-column-is-layout-flow\" style=\"flex-basis:66.66%\">\n<div style=\"height:25px\" aria-hidden=\"true\" class=\"wp-block-spacer\"><\/div>\n\n\n\n<p><a href=\"https:\/\/telemme.mmsh.fr\/?membres=abderahmen-moumen\">Abderahmen MOUMEN<\/a><em>, <\/em>historien et charg\u00e9 de mission nationale \u00e0 l\u2019ONACVG \u00ab Histoire et m\u00e9moires de la guerre d\u2019Alg\u00e9rie \u00bb, interviendra \u00e0 la table ronde du Lab de l&rsquo;enseignant <strong><a href=\"https:\/\/rdv-histoire.com\/programme\/edition-2021-le-travail\/comment-enseigner-la-guerre-d-algerie-aujourd-hui\">Comment enseigner la Guerre d&rsquo;Alg\u00e9rie aujourd&rsquo;hui ?<\/a><\/strong>  avec Tristan Lecoq, C\u00e9line Borel, Nathalie Topalian et Catherine Borot.<\/p>\n\n\n\n<blockquote class=\"wp-block-quote is-layout-flow wp-block-quote-is-layout-flow\"><p><strong>Vendredi 8 oct<\/strong>. 2021 de 17:45\u00a0\u00e0 19:15\u00a0\u00a0INSP\u00c9 &#8211; Salle 23<\/p><\/blockquote>\n<\/div>\n<\/div>\n\n\n\n<div class=\"wp-block-columns is-layout-flex wp-container-core-columns-is-layout-9d6595d7 wp-block-columns-is-layout-flex\">\n<div class=\"wp-block-column is-layout-flow wp-block-column-is-layout-flow\" style=\"flex-basis:66.66%\">\n<p><a href=\"https:\/\/telemme.mmsh.fr\/?membres=solene-rivoal\">Sol\u00e8ne RIVOAL<\/a>, ma\u00eetresse de conf\u00e9rences en histoire moderne (Albi, Universit\u00e9 de Toulouse), participera \u00e0 trois tables rondes de l&rsquo;histoire en d\u00e9bat : <strong><a href=\"https:\/\/rdv-histoire.com\/programme\/edition-2021-le-travail\/negocier-resister-contourner-s-emanciper-les-enjeux-politiques-du-travail\">N\u00e9gocier, r\u00e9sister, contourner, s&rsquo;\u00e9manciper : les enjeux politiques du travail<\/a><\/strong> et <strong><a href=\"https:\/\/rdv-histoire.com\/programme\/edition-2021-le-travail\/les-travailleurs-de-la-mer-entre-usages-du-droit-et-pratiques-contraintes-xviie-xxe-siecles\">Les travailleurs de la mer, entre usages du droit et pratiques contraintes (XVIIe &#8211; XXe si\u00e8cles)<\/a><\/strong>, en tant que mod\u00e9ratrice, et <strong><a href=\"http:\/\/Libert\u00e9 du travail et corporatisme au Moyen \u00c2ge et \u00e0 l'\u00e9poque moderne\">Libert\u00e9 du travail et corporatisme au Moyen \u00c2ge et \u00e0 l&rsquo;\u00e9poque moderne<\/a><\/strong> comme intervenante.<\/p>\n\n\n\n<blockquote class=\"wp-block-quote is-layout-flow wp-block-quote-is-layout-flow\"><p><strong>Jeudi 7 oct.<\/strong> 2021 de 14:15\u00a0\u00e0 15:45\u00a0\u00a0Conseil D\u00e9partemental &#8211; Salle Capitulaire<\/p><p><strong>Vendredi 8 oct<\/strong>. 2021 de 14:00\u00a0\u00e0 15:30\u00a0\u00a0INSA &#8211; B\u00e2timent principal &#8211; Petit Amphi<\/p><p><strong>Vendredi 8 oct.<\/strong> 2021 de 16:00\u00a0\u00e0 17:30\u00a0\u00a0INSA &#8211; B\u00e2timent principal &#8211; Petit Amphi<\/p><\/blockquote>\n<\/div>\n\n\n\n<div class=\"wp-block-column is-layout-flow wp-block-column-is-layout-flow\" style=\"flex-basis:33.33%\">\n<div class=\"wp-block-image is-style-rounded wp-duotone-c7005a-fff278-7\"><figure class=\"aligncenter size-full\"><img loading=\"lazy\" decoding=\"async\" width=\"320\" height=\"320\" src=\"https:\/\/telemme.mmsh.fr\/wp-content\/uploads\/2021\/09\/solene_rivoal.jpg\" alt=\"\" class=\"wp-image-9629\" srcset=\"https:\/\/telemme.mmsh.fr\/wp-content\/uploads\/2021\/09\/solene_rivoal.jpg 320w, https:\/\/telemme.mmsh.fr\/wp-content\/uploads\/2021\/09\/solene_rivoal-300x300.jpg 300w, https:\/\/telemme.mmsh.fr\/wp-content\/uploads\/2021\/09\/solene_rivoal-150x150.jpg 150w, https:\/\/telemme.mmsh.fr\/wp-content\/uploads\/2021\/09\/solene_rivoal-100x100.jpg 100w\" sizes=\"auto, (max-width: 320px) 100vw, 320px\" \/><\/figure><\/div>\n<\/div>\n<\/div>\n\n\n\n<div class=\"wp-block-columns is-layout-flex wp-container-core-columns-is-layout-9d6595d7 wp-block-columns-is-layout-flex\">\n<div class=\"wp-block-column is-layout-flow wp-block-column-is-layout-flow\" style=\"flex-basis:33.33%\">\n<div class=\"wp-block-image is-style-rounded wp-duotone-c7005a-fff278-8\"><figure class=\"aligncenter size-full\"><img loading=\"lazy\" decoding=\"async\" width=\"250\" height=\"300\" src=\"https:\/\/telemme.mmsh.fr\/wp-content\/uploads\/2020\/11\/Nessim_Znaien.png\" alt=\"Nessim Znaien, TELEMMe (AMU-CNRS)\" class=\"wp-image-3330\"\/><\/figure><\/div>\n<\/div>\n\n\n\n<div class=\"wp-block-column is-layout-flow wp-block-column-is-layout-flow\" style=\"flex-basis:66.66%\">\n<div style=\"height:25px\" aria-hidden=\"true\" class=\"wp-block-spacer\"><\/div>\n\n\n\n<p><a href=\"https:\/\/telemme.mmsh.fr\/?membres=nessim-znaien\">Nessim ZNAIEN<\/a>, docteur et enseignant \u00e0 Aix-Marseille Universit\u00e9, s&rsquo;ets vu confier une carte blanche en compagnie de Philippe Bourmaud  consacr\u00e9e aux <strong><a href=\"https:\/\/rdv-histoire.com\/programme\/edition-2021-le-travail\/mondes-du-travail-profession-et-question-sociale-au-maghreb-et-au-machreq-contemporains-xixe-xxie\">Mondes du travail, profession et question sociale au Maghreb et au Machreq contemporains (XIXe-XXIe si\u00e8cles)<\/a><\/strong> mod\u00e9r\u00e9e par Annick Lacroix et \u00e0 laquelle participe \u00e9galement Elisabeth Longuenesse.<\/p>\n\n\n\n<blockquote class=\"wp-block-quote is-layout-flow wp-block-quote-is-layout-flow\"><p><strong>Samedi 9 oct<\/strong>. 2021 de 14:15\u00a0\u00e0 15:45\u00a0\u00a0Ch\u00e2teau Royal de Blois &#8211; Salle Mansart<\/p><\/blockquote>\n<\/div>\n<\/div>\n","protected":false},"excerpt":{"rendered":"<p>Cette ann\u00e9e encore, plusieurs membres de TELEMMe seront pr\u00e9sent.es aux Rendez-vous de l&rsquo;histoire de Blois, consacr\u00e9s au travail. <\/p>\n","protected":false},"author":6,"featured_media":9606,"comment_status":"closed","ping_status":"closed","sticky":false,"template":"","format":"standard","meta":{"neve_meta_sidebar":"","neve_meta_container":"","neve_meta_enable_content_width":"","neve_meta_content_width":0,"neve_meta_title_alignment":"","neve_meta_author_avatar":"","neve_post_elements_order":"","neve_meta_disable_header":"","neve_meta_disable_footer":"","neve_meta_disable_title":"","_tribe_events_control_status":"","_tribe_events_control_status_canceled_reason":"","_tribe_events_control_status_postponed_reason":"","_tribe_events_control_online":"","_tribe_events_control_online_url":"","footnotes":""},"categories":[1992],"tags":[2066],"class_list":["post-9183","post","type-post","status-publish","format-standard","has-post-thumbnail","hentry","category-rencontres","tag-rvh"],"yoast_head":"<!-- This site is optimized with the Yoast SEO plugin v27.4 - https:\/\/yoast.com\/product\/yoast-seo-wordpress\/ -->\n<title>TELEMMe aux Rendez-vous de l&#039;histoire de Blois 2021 - TELEMMe - Temps, espaces, langages, Europe m\u00e9ridionale, M\u00e9diterran\u00e9e<\/title>\n<meta name=\"description\" content=\"Cette ann\u00e9e encore, plusieurs membres de TELEMMe seront pr\u00e9sent\u00b7es aux Rendez-vous de l&#039;histoire de Blois, consacr\u00e9s au travail.\" \/>\n<meta name=\"robots\" content=\"index, follow, max-snippet:-1, max-image-preview:large, max-video-preview:-1\" \/>\n<link rel=\"canonical\" href=\"https:\/\/telemme.mmsh.fr\/?p=9183\" \/>\n<meta property=\"og:locale\" content=\"fr_FR\" \/>\n<meta property=\"og:type\" content=\"article\" \/>\n<meta property=\"og:title\" content=\"TELEMMe aux Rendez-vous de l&#039;histoire de Blois 2021 - TELEMMe - Temps, espaces, langages, Europe m\u00e9ridionale, M\u00e9diterran\u00e9e\" \/>\n<meta property=\"og:description\" content=\"Cette ann\u00e9e encore, plusieurs membres de TELEMMe seront pr\u00e9sent\u00b7es aux Rendez-vous de l&#039;histoire de Blois, consacr\u00e9s au travail.\" \/>\n<meta property=\"og:url\" content=\"https:\/\/telemme.mmsh.fr\/?p=9183\" \/>\n<meta property=\"og:site_name\" content=\"TELEMMe - Temps, espaces, langages, Europe m\u00e9ridionale, M\u00e9diterran\u00e9e\" \/>\n<meta property=\"article:published_time\" content=\"2021-09-27T14:33:00+00:00\" \/>\n<meta property=\"article:modified_time\" content=\"2021-09-28T07:59:34+00:00\" \/>\n<meta property=\"og:image\" content=\"https:\/\/telemme.mmsh.fr\/wp-content\/uploads\/2021\/09\/2021-rvh_bandeau-1.png\" \/>\n\t<meta property=\"og:image:width\" content=\"910\" \/>\n\t<meta property=\"og:image:height\" content=\"346\" \/>\n\t<meta property=\"og:image:type\" content=\"image\/png\" \/>\n<meta name=\"author\" content=\"Delphine Cavallo\" \/>\n<meta name=\"twitter:card\" content=\"summary_large_image\" \/>\n<meta name=\"twitter:label1\" content=\"\u00c9crit par\" \/>\n\t<meta name=\"twitter:data1\" content=\"Delphine Cavallo\" \/>\n\t<meta name=\"twitter:label2\" content=\"Dur\u00e9e de lecture estim\u00e9e\" \/>\n\t<meta name=\"twitter:data2\" content=\"4 minutes\" \/>\n<script type=\"application\/ld+json\" class=\"yoast-schema-graph\">{\"@context\":\"https:\\\/\\\/schema.org\",\"@graph\":[{\"@type\":\"Article\",\"@id\":\"https:\\\/\\\/telemme.mmsh.fr\\\/?p=9183#article\",\"isPartOf\":{\"@id\":\"https:\\\/\\\/telemme.mmsh.fr\\\/?p=9183\"},\"author\":{\"name\":\"Delphine Cavallo\",\"@id\":\"https:\\\/\\\/telemme.mmsh.fr\\\/#\\\/schema\\\/person\\\/86a185da4836381586528ced48e263f5\"},\"headline\":\"TELEMMe aux Rendez-vous de l&rsquo;histoire de Blois 2021\",\"datePublished\":\"2021-09-27T14:33:00+00:00\",\"dateModified\":\"2021-09-28T07:59:34+00:00\",\"mainEntityOfPage\":{\"@id\":\"https:\\\/\\\/telemme.mmsh.fr\\\/?p=9183\"},\"wordCount\":567,\"publisher\":{\"@id\":\"https:\\\/\\\/telemme.mmsh.fr\\\/#organization\"},\"image\":{\"@id\":\"https:\\\/\\\/telemme.mmsh.fr\\\/?p=9183#primaryimage\"},\"thumbnailUrl\":\"https:\\\/\\\/telemme.mmsh.fr\\\/wp-content\\\/uploads\\\/2021\\\/09\\\/2021-rvh_bandeau-1.png\",\"keywords\":[\"RVH\"],\"articleSection\":[\"Rencontres\"],\"inLanguage\":\"fr-FR\"},{\"@type\":\"WebPage\",\"@id\":\"https:\\\/\\\/telemme.mmsh.fr\\\/?p=9183\",\"url\":\"https:\\\/\\\/telemme.mmsh.fr\\\/?p=9183\",\"name\":\"TELEMMe aux Rendez-vous de l'histoire de Blois 2021 - TELEMMe - Temps, espaces, langages, Europe m\u00e9ridionale, M\u00e9diterran\u00e9e\",\"isPartOf\":{\"@id\":\"https:\\\/\\\/telemme.mmsh.fr\\\/#website\"},\"primaryImageOfPage\":{\"@id\":\"https:\\\/\\\/telemme.mmsh.fr\\\/?p=9183#primaryimage\"},\"image\":{\"@id\":\"https:\\\/\\\/telemme.mmsh.fr\\\/?p=9183#primaryimage\"},\"thumbnailUrl\":\"https:\\\/\\\/telemme.mmsh.fr\\\/wp-content\\\/uploads\\\/2021\\\/09\\\/2021-rvh_bandeau-1.png\",\"datePublished\":\"2021-09-27T14:33:00+00:00\",\"dateModified\":\"2021-09-28T07:59:34+00:00\",\"description\":\"Cette ann\u00e9e encore, plusieurs membres de TELEMMe seront pr\u00e9sent\u00b7es aux Rendez-vous de l'histoire de Blois, consacr\u00e9s au travail.\",\"breadcrumb\":{\"@id\":\"https:\\\/\\\/telemme.mmsh.fr\\\/?p=9183#breadcrumb\"},\"inLanguage\":\"fr-FR\",\"potentialAction\":[{\"@type\":\"ReadAction\",\"target\":[\"https:\\\/\\\/telemme.mmsh.fr\\\/?p=9183\"]}]},{\"@type\":\"ImageObject\",\"inLanguage\":\"fr-FR\",\"@id\":\"https:\\\/\\\/telemme.mmsh.fr\\\/?p=9183#primaryimage\",\"url\":\"https:\\\/\\\/telemme.mmsh.fr\\\/wp-content\\\/uploads\\\/2021\\\/09\\\/2021-rvh_bandeau-1.png\",\"contentUrl\":\"https:\\\/\\\/telemme.mmsh.fr\\\/wp-content\\\/uploads\\\/2021\\\/09\\\/2021-rvh_bandeau-1.png\",\"width\":910,\"height\":346,\"caption\":\"Affiche des Rendez-vous de l'histoire de Blois 2021 sur le th\u00e8me Le Travail - AAA Production - Les Shadoks par Jacques Rouxel - Belleville 2021\"},{\"@type\":\"BreadcrumbList\",\"@id\":\"https:\\\/\\\/telemme.mmsh.fr\\\/?p=9183#breadcrumb\",\"itemListElement\":[{\"@type\":\"ListItem\",\"position\":1,\"name\":\"Accueil\",\"item\":\"https:\\\/\\\/telemme.mmsh.fr\\\/\"},{\"@type\":\"ListItem\",\"position\":2,\"name\":\"Actualit\u00e9s\",\"item\":\"https:\\\/\\\/telemme.mmsh.fr\\\/?cat=1995\"},{\"@type\":\"ListItem\",\"position\":3,\"name\":\"Rencontres\",\"item\":\"https:\\\/\\\/telemme.mmsh.fr\\\/?cat=1992\"},{\"@type\":\"ListItem\",\"position\":4,\"name\":\"TELEMMe aux Rendez-vous de l&rsquo;histoire de Blois 2021\"}]},{\"@type\":\"WebSite\",\"@id\":\"https:\\\/\\\/telemme.mmsh.fr\\\/#website\",\"url\":\"https:\\\/\\\/telemme.mmsh.fr\\\/\",\"name\":\"TELEMMe - Temps, espaces, langages, Europe m\u00e9ridionale, M\u00e9diterran\u00e9e\",\"description\":\"\",\"publisher\":{\"@id\":\"https:\\\/\\\/telemme.mmsh.fr\\\/#organization\"},\"potentialAction\":[{\"@type\":\"SearchAction\",\"target\":{\"@type\":\"EntryPoint\",\"urlTemplate\":\"https:\\\/\\\/telemme.mmsh.fr\\\/?s={search_term_string}\"},\"query-input\":{\"@type\":\"PropertyValueSpecification\",\"valueRequired\":true,\"valueName\":\"search_term_string\"}}],\"inLanguage\":\"fr-FR\"},{\"@type\":\"Organization\",\"@id\":\"https:\\\/\\\/telemme.mmsh.fr\\\/#organization\",\"name\":\"TELEMMe\",\"url\":\"https:\\\/\\\/telemme.mmsh.fr\\\/\",\"logo\":{\"@type\":\"ImageObject\",\"inLanguage\":\"fr-FR\",\"@id\":\"https:\\\/\\\/telemme.mmsh.fr\\\/#\\\/schema\\\/logo\\\/image\\\/\",\"url\":\"https:\\\/\\\/telemme.mmsh.fr\\\/wp-content\\\/uploads\\\/2020\\\/03\\\/LogoTELEMMe-horizontal-fond-transparent.png\",\"contentUrl\":\"https:\\\/\\\/telemme.mmsh.fr\\\/wp-content\\\/uploads\\\/2020\\\/03\\\/LogoTELEMMe-horizontal-fond-transparent.png\",\"width\":1500,\"height\":437,\"caption\":\"TELEMMe\"},\"image\":{\"@id\":\"https:\\\/\\\/telemme.mmsh.fr\\\/#\\\/schema\\\/logo\\\/image\\\/\"}},{\"@type\":\"Person\",\"@id\":\"https:\\\/\\\/telemme.mmsh.fr\\\/#\\\/schema\\\/person\\\/86a185da4836381586528ced48e263f5\",\"name\":\"Delphine Cavallo\",\"url\":\"https:\\\/\\\/telemme.mmsh.fr\\\/?author=6\"}]}<\/script>\n<!-- \/ Yoast SEO plugin. -->","yoast_head_json":{"title":"TELEMMe aux Rendez-vous de l'histoire de Blois 2021 - TELEMMe - Temps, espaces, langages, Europe m\u00e9ridionale, M\u00e9diterran\u00e9e","description":"Cette ann\u00e9e encore, plusieurs membres de TELEMMe seront pr\u00e9sent\u00b7es aux Rendez-vous de l'histoire de Blois, consacr\u00e9s au travail.","robots":{"index":"index","follow":"follow","max-snippet":"max-snippet:-1","max-image-preview":"max-image-preview:large","max-video-preview":"max-video-preview:-1"},"canonical":"https:\/\/telemme.mmsh.fr\/?p=9183","og_locale":"fr_FR","og_type":"article","og_title":"TELEMMe aux Rendez-vous de l'histoire de Blois 2021 - TELEMMe - Temps, espaces, langages, Europe m\u00e9ridionale, M\u00e9diterran\u00e9e","og_description":"Cette ann\u00e9e encore, plusieurs membres de TELEMMe seront pr\u00e9sent\u00b7es aux Rendez-vous de l'histoire de Blois, consacr\u00e9s au travail.","og_url":"https:\/\/telemme.mmsh.fr\/?p=9183","og_site_name":"TELEMMe - Temps, espaces, langages, Europe m\u00e9ridionale, M\u00e9diterran\u00e9e","article_published_time":"2021-09-27T14:33:00+00:00","article_modified_time":"2021-09-28T07:59:34+00:00","og_image":[{"width":910,"height":346,"url":"https:\/\/telemme.mmsh.fr\/wp-content\/uploads\/2021\/09\/2021-rvh_bandeau-1.png","type":"image\/png"}],"author":"Delphine Cavallo","twitter_card":"summary_large_image","twitter_misc":{"\u00c9crit par":"Delphine Cavallo","Dur\u00e9e de lecture estim\u00e9e":"4 minutes"},"schema":{"@context":"https:\/\/schema.org","@graph":[{"@type":"Article","@id":"https:\/\/telemme.mmsh.fr\/?p=9183#article","isPartOf":{"@id":"https:\/\/telemme.mmsh.fr\/?p=9183"},"author":{"name":"Delphine Cavallo","@id":"https:\/\/telemme.mmsh.fr\/#\/schema\/person\/86a185da4836381586528ced48e263f5"},"headline":"TELEMMe aux Rendez-vous de l&rsquo;histoire de Blois 2021","datePublished":"2021-09-27T14:33:00+00:00","dateModified":"2021-09-28T07:59:34+00:00","mainEntityOfPage":{"@id":"https:\/\/telemme.mmsh.fr\/?p=9183"},"wordCount":567,"publisher":{"@id":"https:\/\/telemme.mmsh.fr\/#organization"},"image":{"@id":"https:\/\/telemme.mmsh.fr\/?p=9183#primaryimage"},"thumbnailUrl":"https:\/\/telemme.mmsh.fr\/wp-content\/uploads\/2021\/09\/2021-rvh_bandeau-1.png","keywords":["RVH"],"articleSection":["Rencontres"],"inLanguage":"fr-FR"},{"@type":"WebPage","@id":"https:\/\/telemme.mmsh.fr\/?p=9183","url":"https:\/\/telemme.mmsh.fr\/?p=9183","name":"TELEMMe aux Rendez-vous de l'histoire de Blois 2021 - TELEMMe - Temps, espaces, langages, Europe m\u00e9ridionale, M\u00e9diterran\u00e9e","isPartOf":{"@id":"https:\/\/telemme.mmsh.fr\/#website"},"primaryImageOfPage":{"@id":"https:\/\/telemme.mmsh.fr\/?p=9183#primaryimage"},"image":{"@id":"https:\/\/telemme.mmsh.fr\/?p=9183#primaryimage"},"thumbnailUrl":"https:\/\/telemme.mmsh.fr\/wp-content\/uploads\/2021\/09\/2021-rvh_bandeau-1.png","datePublished":"2021-09-27T14:33:00+00:00","dateModified":"2021-09-28T07:59:34+00:00","description":"Cette ann\u00e9e encore, plusieurs membres de TELEMMe seront pr\u00e9sent\u00b7es aux Rendez-vous de l'histoire de Blois, consacr\u00e9s au travail.","breadcrumb":{"@id":"https:\/\/telemme.mmsh.fr\/?p=9183#breadcrumb"},"inLanguage":"fr-FR","potentialAction":[{"@type":"ReadAction","target":["https:\/\/telemme.mmsh.fr\/?p=9183"]}]},{"@type":"ImageObject","inLanguage":"fr-FR","@id":"https:\/\/telemme.mmsh.fr\/?p=9183#primaryimage","url":"https:\/\/telemme.mmsh.fr\/wp-content\/uploads\/2021\/09\/2021-rvh_bandeau-1.png","contentUrl":"https:\/\/telemme.mmsh.fr\/wp-content\/uploads\/2021\/09\/2021-rvh_bandeau-1.png","width":910,"height":346,"caption":"Affiche des Rendez-vous de l'histoire de Blois 2021 sur le th\u00e8me Le Travail - AAA Production - Les Shadoks par Jacques Rouxel - Belleville 2021"},{"@type":"BreadcrumbList","@id":"https:\/\/telemme.mmsh.fr\/?p=9183#breadcrumb","itemListElement":[{"@type":"ListItem","position":1,"name":"Accueil","item":"https:\/\/telemme.mmsh.fr\/"},{"@type":"ListItem","position":2,"name":"Actualit\u00e9s","item":"https:\/\/telemme.mmsh.fr\/?cat=1995"},{"@type":"ListItem","position":3,"name":"Rencontres","item":"https:\/\/telemme.mmsh.fr\/?cat=1992"},{"@type":"ListItem","position":4,"name":"TELEMMe aux Rendez-vous de l&rsquo;histoire de Blois 2021"}]},{"@type":"WebSite","@id":"https:\/\/telemme.mmsh.fr\/#website","url":"https:\/\/telemme.mmsh.fr\/","name":"TELEMMe - Temps, espaces, langages, Europe m\u00e9ridionale, M\u00e9diterran\u00e9e","description":"","publisher":{"@id":"https:\/\/telemme.mmsh.fr\/#organization"},"potentialAction":[{"@type":"SearchAction","target":{"@type":"EntryPoint","urlTemplate":"https:\/\/telemme.mmsh.fr\/?s={search_term_string}"},"query-input":{"@type":"PropertyValueSpecification","valueRequired":true,"valueName":"search_term_string"}}],"inLanguage":"fr-FR"},{"@type":"Organization","@id":"https:\/\/telemme.mmsh.fr\/#organization","name":"TELEMMe","url":"https:\/\/telemme.mmsh.fr\/","logo":{"@type":"ImageObject","inLanguage":"fr-FR","@id":"https:\/\/telemme.mmsh.fr\/#\/schema\/logo\/image\/","url":"https:\/\/telemme.mmsh.fr\/wp-content\/uploads\/2020\/03\/LogoTELEMMe-horizontal-fond-transparent.png","contentUrl":"https:\/\/telemme.mmsh.fr\/wp-content\/uploads\/2020\/03\/LogoTELEMMe-horizontal-fond-transparent.png","width":1500,"height":437,"caption":"TELEMMe"},"image":{"@id":"https:\/\/telemme.mmsh.fr\/#\/schema\/logo\/image\/"}},{"@type":"Person","@id":"https:\/\/telemme.mmsh.fr\/#\/schema\/person\/86a185da4836381586528ced48e263f5","name":"Delphine Cavallo","url":"https:\/\/telemme.mmsh.fr\/?author=6"}]}},"_links":{"self":[{"href":"https:\/\/telemme.mmsh.fr\/index.php?rest_route=\/wp\/v2\/posts\/9183","targetHints":{"allow":["GET"]}}],"collection":[{"href":"https:\/\/telemme.mmsh.fr\/index.php?rest_route=\/wp\/v2\/posts"}],"about":[{"href":"https:\/\/telemme.mmsh.fr\/index.php?rest_route=\/wp\/v2\/types\/post"}],"author":[{"embeddable":true,"href":"https:\/\/telemme.mmsh.fr\/index.php?rest_route=\/wp\/v2\/users\/6"}],"replies":[{"embeddable":true,"href":"https:\/\/telemme.mmsh.fr\/index.php?rest_route=%2Fwp%2Fv2%2Fcomments&post=9183"}],"version-history":[{"count":39,"href":"https:\/\/telemme.mmsh.fr\/index.php?rest_route=\/wp\/v2\/posts\/9183\/revisions"}],"predecessor-version":[{"id":13165,"href":"https:\/\/telemme.mmsh.fr\/index.php?rest_route=\/wp\/v2\/posts\/9183\/revisions\/13165"}],"wp:featuredmedia":[{"embeddable":true,"href":"https:\/\/telemme.mmsh.fr\/index.php?rest_route=\/wp\/v2\/media\/9606"}],"wp:attachment":[{"href":"https:\/\/telemme.mmsh.fr\/index.php?rest_route=%2Fwp%2Fv2%2Fmedia&parent=9183"}],"wp:term":[{"taxonomy":"category","embeddable":true,"href":"https:\/\/telemme.mmsh.fr\/index.php?rest_route=%2Fwp%2Fv2%2Fcategories&post=9183"},{"taxonomy":"post_tag","embeddable":true,"href":"https:\/\/telemme.mmsh.fr\/index.php?rest_route=%2Fwp%2Fv2%2Ftags&post=9183"}],"curies":[{"name":"wp","href":"https:\/\/api.w.org\/{rel}","templated":true}]}}