{"id":9051,"date":"2021-05-10T11:48:00","date_gmt":"2021-05-10T09:48:00","guid":{"rendered":"https:\/\/telemme.mmsh.fr\/?p=9051"},"modified":"2021-07-16T11:48:56","modified_gmt":"2021-07-16T09:48:56","slug":"corps-noirs-et-medecins-blancs","status":"publish","type":"post","link":"https:\/\/telemme.mmsh.fr\/?p=9051","title":{"rendered":"Corps noirs et m\u00e9decins blancs"},"content":{"rendered":"\n<blockquote class=\"wp-block-quote is-layout-flow wp-block-quote-is-layout-flow\"><p><strong><em><a href=\"https:\/\/www.editionsladecouverte.fr\/corps_noirs_et_medecins_blancs-9782348045011\">Corps noirs et m\u00e9decins blancs. La fabrique du pr\u00e9jug\u00e9 racial, XIXe-XXe si\u00e8cles<\/a><\/em><\/strong>, <a href=\"https:\/\/telemme.mmsh.fr\/?membres=delphine-peiretti-courtis\">Delphine PEIRETTI-COURTIS<\/a>, \u00e9ditions La D\u00e9couverte, Collection : Sciences humaines, 2021, 354 pages<\/p><\/blockquote>\n\n\n\n<p>Pour lutter contre les st\u00e9r\u00e9otypes racistes qui perdurent \u00e0 l\u2019\u00e9gard des femmes et des hommes noirs dans la soci\u00e9t\u00e9 fran\u00e7aise, il faut revenir \u00e0 leurs origines. De la fin du XVIII<sup>e<\/sup> si\u00e8cle jusqu\u2019au milieu du XX<sup>e<\/sup>, la litt\u00e9rature m\u00e9dicale a \u00e9lev\u00e9 au rang de v\u00e9rit\u00e9 scientifique les pr\u00e9jug\u00e9s raciaux sur les corps noirs : inf\u00e9riorit\u00e9 intellectuelle, r\u00e9sistance physique, pr\u00e9dominance des \u00e9motions ou encore hypersexualit\u00e9.<\/p>\n\n\n\n<p>L\u2019ouvrage de Delphine Peiretti-Courtis constitue une premi\u00e8re enqu\u00eate approfondie sur la fa\u00e7on dont fut trait\u00e9e cette question dans les \u00e9crits sp\u00e9cialis\u00e9s de la p\u00e9riode : dictionnaires et trait\u00e9s m\u00e9dicaux, monographies sur les races humaines, rapports de missions coloniales. Elle documente ainsi l\u2019apparition dans les sciences m\u00e9dicales fran\u00e7aises des th\u00e9ories raciales appliqu\u00e9es aux populations africaines, puis leur d\u00e9veloppement avant leur d\u00e9clin. Elle \u00e9claire les processus de racialisation du corps, du genre et de la sexualit\u00e9 des peuples d\u2019Afrique. Dans une soci\u00e9t\u00e9 o\u00f9 la science se substitue progressivement \u00e0 la religion comme source du savoir, le sch\u00e9ma racialiste \u00e9labor\u00e9 par les savants est ensuite confort\u00e9 par le pouvoir politique pour servir le projet colonial : le corps devient un outil de la colonisation.<br>En mettant en lumi\u00e8re les m\u00e9canismes de formation des st\u00e9r\u00e9otypes ainsi que leur contestation progressive, cet ouvrage permet de comprendre comment les pr\u00e9jug\u00e9s sont devenus des \u00ab savoirs \u00bb scientifiques, ancr\u00e9s durablement dans les esprits, m\u00eame apr\u00e8s leur invalidation compl\u00e8te.<\/p>\n","protected":false},"excerpt":{"rendered":"<p>Pour lutter contre les st\u00e9r\u00e9otypes racistes qui perdurent \u00e0 l\u2019\u00e9gard des femmes et des hommes noirs dans la soci\u00e9t\u00e9 fran\u00e7aise, il faut revenir \u00e0 leurs origines. De la fin du XVIIIe si\u00e8cle jusqu\u2019au milieu du XXe, la litt\u00e9rature m\u00e9dicale a \u00e9lev\u00e9 au rang de v\u00e9rit\u00e9 scientifique les pr\u00e9jug\u00e9s raciaux sur les corps noirs : inf\u00e9riorit\u00e9 intellectuelle, r\u00e9sistance physique, pr\u00e9dominance des \u00e9motions ou encore hypersexualit\u00e9.<\/p>\n","protected":false},"author":6,"featured_media":9053,"comment_status":"closed","ping_status":"closed","sticky":false,"template":"","format":"standard","meta":{"neve_meta_sidebar":"","neve_meta_container":"","neve_meta_enable_content_width":"","neve_meta_content_width":0,"neve_meta_title_alignment":"","neve_meta_author_avatar":"","neve_post_elements_order":"","neve_meta_disable_header":"","neve_meta_disable_footer":"","neve_meta_disable_title":"","_tribe_events_control_status":"","_tribe_events_control_status_canceled_reason":"","_tribe_events_control_status_postponed_reason":"","_tribe_events_control_online":"","_tribe_events_control_online_url":"","footnotes":""},"categories":[1740],"tags":[2041],"class_list":["post-9051","post","type-post","status-publish","format-standard","has-post-thumbnail","hentry","category-ouvrages","tag-medecine-coloniale"],"yoast_head":"<!-- This site is optimized with the Yoast SEO plugin v27.4 - https:\/\/yoast.com\/product\/yoast-seo-wordpress\/ -->\n<title>Corps noirs et m\u00e9decins blancs - TELEMMe - Temps, espaces, langages, Europe m\u00e9ridionale, M\u00e9diterran\u00e9e<\/title>\n<meta name=\"description\" content=\"Corps noirs et m\u00e9decins blancs. La fabrique du pr\u00e9jug\u00e9 racial, XIXe-XXe si\u00e8cles, Delphine PEIRETTI-COURTIS, \u00e9ditions La D\u00e9couverte, Collection : Sciences humaines, 2021, 354 pages\" \/>\n<meta name=\"robots\" content=\"index, follow, max-snippet:-1, max-image-preview:large, max-video-preview:-1\" \/>\n<link rel=\"canonical\" href=\"https:\/\/telemme.mmsh.fr\/?p=9051\" \/>\n<meta property=\"og:locale\" content=\"fr_FR\" \/>\n<meta property=\"og:type\" content=\"article\" \/>\n<meta property=\"og:title\" content=\"Corps noirs et m\u00e9decins blancs - TELEMMe - Temps, espaces, langages, Europe m\u00e9ridionale, M\u00e9diterran\u00e9e\" \/>\n<meta property=\"og:description\" content=\"Corps noirs et m\u00e9decins blancs. La fabrique du pr\u00e9jug\u00e9 racial, XIXe-XXe si\u00e8cles, Delphine PEIRETTI-COURTIS, \u00e9ditions La D\u00e9couverte, Collection : Sciences humaines, 2021, 354 pages\" \/>\n<meta property=\"og:url\" content=\"https:\/\/telemme.mmsh.fr\/?p=9051\" \/>\n<meta property=\"og:site_name\" content=\"TELEMMe - Temps, espaces, langages, Europe m\u00e9ridionale, M\u00e9diterran\u00e9e\" \/>\n<meta property=\"article:published_time\" content=\"2021-05-10T09:48:00+00:00\" \/>\n<meta property=\"article:modified_time\" content=\"2021-07-16T09:48:56+00:00\" \/>\n<meta property=\"og:image\" content=\"https:\/\/telemme.mmsh.fr\/wp-content\/uploads\/2021\/07\/CorspnoirsMedecinsblancs.jpg\" \/>\n\t<meta property=\"og:image:width\" content=\"200\" \/>\n\t<meta property=\"og:image:height\" content=\"326\" \/>\n\t<meta property=\"og:image:type\" content=\"image\/jpeg\" \/>\n<meta name=\"author\" content=\"Delphine Cavallo\" \/>\n<meta name=\"twitter:card\" content=\"summary_large_image\" \/>\n<meta name=\"twitter:label1\" content=\"\u00c9crit par\" \/>\n\t<meta name=\"twitter:data1\" content=\"Delphine Cavallo\" \/>\n\t<meta name=\"twitter:label2\" content=\"Dur\u00e9e de lecture estim\u00e9e\" \/>\n\t<meta name=\"twitter:data2\" content=\"2 minutes\" \/>\n<script type=\"application\/ld+json\" class=\"yoast-schema-graph\">{\"@context\":\"https:\\\/\\\/schema.org\",\"@graph\":[{\"@type\":\"Article\",\"@id\":\"https:\\\/\\\/telemme.mmsh.fr\\\/?p=9051#article\",\"isPartOf\":{\"@id\":\"https:\\\/\\\/telemme.mmsh.fr\\\/?p=9051\"},\"author\":{\"name\":\"Delphine Cavallo\",\"@id\":\"https:\\\/\\\/telemme.mmsh.fr\\\/#\\\/schema\\\/person\\\/86a185da4836381586528ced48e263f5\"},\"headline\":\"Corps noirs et m\u00e9decins blancs\",\"datePublished\":\"2021-05-10T09:48:00+00:00\",\"dateModified\":\"2021-07-16T09:48:56+00:00\",\"mainEntityOfPage\":{\"@id\":\"https:\\\/\\\/telemme.mmsh.fr\\\/?p=9051\"},\"wordCount\":293,\"publisher\":{\"@id\":\"https:\\\/\\\/telemme.mmsh.fr\\\/#organization\"},\"image\":{\"@id\":\"https:\\\/\\\/telemme.mmsh.fr\\\/?p=9051#primaryimage\"},\"thumbnailUrl\":\"https:\\\/\\\/telemme.mmsh.fr\\\/wp-content\\\/uploads\\\/2021\\\/07\\\/CorspnoirsMedecinsblancs.jpg\",\"keywords\":[\"m\u00e9decine coloniale\"],\"articleSection\":[\"Ouvrages\"],\"inLanguage\":\"fr-FR\"},{\"@type\":\"WebPage\",\"@id\":\"https:\\\/\\\/telemme.mmsh.fr\\\/?p=9051\",\"url\":\"https:\\\/\\\/telemme.mmsh.fr\\\/?p=9051\",\"name\":\"Corps noirs et m\u00e9decins blancs - TELEMMe - Temps, espaces, langages, Europe m\u00e9ridionale, M\u00e9diterran\u00e9e\",\"isPartOf\":{\"@id\":\"https:\\\/\\\/telemme.mmsh.fr\\\/#website\"},\"primaryImageOfPage\":{\"@id\":\"https:\\\/\\\/telemme.mmsh.fr\\\/?p=9051#primaryimage\"},\"image\":{\"@id\":\"https:\\\/\\\/telemme.mmsh.fr\\\/?p=9051#primaryimage\"},\"thumbnailUrl\":\"https:\\\/\\\/telemme.mmsh.fr\\\/wp-content\\\/uploads\\\/2021\\\/07\\\/CorspnoirsMedecinsblancs.jpg\",\"datePublished\":\"2021-05-10T09:48:00+00:00\",\"dateModified\":\"2021-07-16T09:48:56+00:00\",\"description\":\"Corps noirs et m\u00e9decins blancs. La fabrique du pr\u00e9jug\u00e9 racial, XIXe-XXe si\u00e8cles, Delphine PEIRETTI-COURTIS, \u00e9ditions La D\u00e9couverte, Collection : Sciences humaines, 2021, 354 pages\",\"breadcrumb\":{\"@id\":\"https:\\\/\\\/telemme.mmsh.fr\\\/?p=9051#breadcrumb\"},\"inLanguage\":\"fr-FR\",\"potentialAction\":[{\"@type\":\"ReadAction\",\"target\":[\"https:\\\/\\\/telemme.mmsh.fr\\\/?p=9051\"]}]},{\"@type\":\"ImageObject\",\"inLanguage\":\"fr-FR\",\"@id\":\"https:\\\/\\\/telemme.mmsh.fr\\\/?p=9051#primaryimage\",\"url\":\"https:\\\/\\\/telemme.mmsh.fr\\\/wp-content\\\/uploads\\\/2021\\\/07\\\/CorspnoirsMedecinsblancs.jpg\",\"contentUrl\":\"https:\\\/\\\/telemme.mmsh.fr\\\/wp-content\\\/uploads\\\/2021\\\/07\\\/CorspnoirsMedecinsblancs.jpg\",\"width\":200,\"height\":326,\"caption\":\"Couverture de Corps noirs et m\u00e9decins blancs. La fabrique du pr\u00e9jug\u00e9 racial, XIXe-XXe si\u00e8cles, Delphine PEIRETTI-COURTIS, \u00e9ditions La D\u00e9couverte, 2021\"},{\"@type\":\"BreadcrumbList\",\"@id\":\"https:\\\/\\\/telemme.mmsh.fr\\\/?p=9051#breadcrumb\",\"itemListElement\":[{\"@type\":\"ListItem\",\"position\":1,\"name\":\"Accueil\",\"item\":\"https:\\\/\\\/telemme.mmsh.fr\\\/\"},{\"@type\":\"ListItem\",\"position\":2,\"name\":\"Publications\",\"item\":\"https:\\\/\\\/telemme.mmsh.fr\\\/?cat=1738\"},{\"@type\":\"ListItem\",\"position\":3,\"name\":\"Ouvrages\",\"item\":\"https:\\\/\\\/telemme.mmsh.fr\\\/?cat=1740\"},{\"@type\":\"ListItem\",\"position\":4,\"name\":\"Corps noirs et m\u00e9decins blancs\"}]},{\"@type\":\"WebSite\",\"@id\":\"https:\\\/\\\/telemme.mmsh.fr\\\/#website\",\"url\":\"https:\\\/\\\/telemme.mmsh.fr\\\/\",\"name\":\"TELEMMe - Temps, espaces, langages, Europe m\u00e9ridionale, M\u00e9diterran\u00e9e\",\"description\":\"\",\"publisher\":{\"@id\":\"https:\\\/\\\/telemme.mmsh.fr\\\/#organization\"},\"potentialAction\":[{\"@type\":\"SearchAction\",\"target\":{\"@type\":\"EntryPoint\",\"urlTemplate\":\"https:\\\/\\\/telemme.mmsh.fr\\\/?s={search_term_string}\"},\"query-input\":{\"@type\":\"PropertyValueSpecification\",\"valueRequired\":true,\"valueName\":\"search_term_string\"}}],\"inLanguage\":\"fr-FR\"},{\"@type\":\"Organization\",\"@id\":\"https:\\\/\\\/telemme.mmsh.fr\\\/#organization\",\"name\":\"TELEMMe\",\"url\":\"https:\\\/\\\/telemme.mmsh.fr\\\/\",\"logo\":{\"@type\":\"ImageObject\",\"inLanguage\":\"fr-FR\",\"@id\":\"https:\\\/\\\/telemme.mmsh.fr\\\/#\\\/schema\\\/logo\\\/image\\\/\",\"url\":\"https:\\\/\\\/telemme.mmsh.fr\\\/wp-content\\\/uploads\\\/2020\\\/03\\\/LogoTELEMMe-horizontal-fond-transparent.png\",\"contentUrl\":\"https:\\\/\\\/telemme.mmsh.fr\\\/wp-content\\\/uploads\\\/2020\\\/03\\\/LogoTELEMMe-horizontal-fond-transparent.png\",\"width\":1500,\"height\":437,\"caption\":\"TELEMMe\"},\"image\":{\"@id\":\"https:\\\/\\\/telemme.mmsh.fr\\\/#\\\/schema\\\/logo\\\/image\\\/\"}},{\"@type\":\"Person\",\"@id\":\"https:\\\/\\\/telemme.mmsh.fr\\\/#\\\/schema\\\/person\\\/86a185da4836381586528ced48e263f5\",\"name\":\"Delphine Cavallo\",\"url\":\"https:\\\/\\\/telemme.mmsh.fr\\\/?author=6\"}]}<\/script>\n<!-- \/ Yoast SEO plugin. -->","yoast_head_json":{"title":"Corps noirs et m\u00e9decins blancs - TELEMMe - Temps, espaces, langages, Europe m\u00e9ridionale, M\u00e9diterran\u00e9e","description":"Corps noirs et m\u00e9decins blancs. La fabrique du pr\u00e9jug\u00e9 racial, XIXe-XXe si\u00e8cles, Delphine PEIRETTI-COURTIS, \u00e9ditions La D\u00e9couverte, Collection : Sciences humaines, 2021, 354 pages","robots":{"index":"index","follow":"follow","max-snippet":"max-snippet:-1","max-image-preview":"max-image-preview:large","max-video-preview":"max-video-preview:-1"},"canonical":"https:\/\/telemme.mmsh.fr\/?p=9051","og_locale":"fr_FR","og_type":"article","og_title":"Corps noirs et m\u00e9decins blancs - TELEMMe - Temps, espaces, langages, Europe m\u00e9ridionale, M\u00e9diterran\u00e9e","og_description":"Corps noirs et m\u00e9decins blancs. La fabrique du pr\u00e9jug\u00e9 racial, XIXe-XXe si\u00e8cles, Delphine PEIRETTI-COURTIS, \u00e9ditions La D\u00e9couverte, Collection : Sciences humaines, 2021, 354 pages","og_url":"https:\/\/telemme.mmsh.fr\/?p=9051","og_site_name":"TELEMMe - Temps, espaces, langages, Europe m\u00e9ridionale, M\u00e9diterran\u00e9e","article_published_time":"2021-05-10T09:48:00+00:00","article_modified_time":"2021-07-16T09:48:56+00:00","og_image":[{"width":200,"height":326,"url":"https:\/\/telemme.mmsh.fr\/wp-content\/uploads\/2021\/07\/CorspnoirsMedecinsblancs.jpg","type":"image\/jpeg"}],"author":"Delphine Cavallo","twitter_card":"summary_large_image","twitter_misc":{"\u00c9crit par":"Delphine Cavallo","Dur\u00e9e de lecture estim\u00e9e":"2 minutes"},"schema":{"@context":"https:\/\/schema.org","@graph":[{"@type":"Article","@id":"https:\/\/telemme.mmsh.fr\/?p=9051#article","isPartOf":{"@id":"https:\/\/telemme.mmsh.fr\/?p=9051"},"author":{"name":"Delphine Cavallo","@id":"https:\/\/telemme.mmsh.fr\/#\/schema\/person\/86a185da4836381586528ced48e263f5"},"headline":"Corps noirs et m\u00e9decins blancs","datePublished":"2021-05-10T09:48:00+00:00","dateModified":"2021-07-16T09:48:56+00:00","mainEntityOfPage":{"@id":"https:\/\/telemme.mmsh.fr\/?p=9051"},"wordCount":293,"publisher":{"@id":"https:\/\/telemme.mmsh.fr\/#organization"},"image":{"@id":"https:\/\/telemme.mmsh.fr\/?p=9051#primaryimage"},"thumbnailUrl":"https:\/\/telemme.mmsh.fr\/wp-content\/uploads\/2021\/07\/CorspnoirsMedecinsblancs.jpg","keywords":["m\u00e9decine coloniale"],"articleSection":["Ouvrages"],"inLanguage":"fr-FR"},{"@type":"WebPage","@id":"https:\/\/telemme.mmsh.fr\/?p=9051","url":"https:\/\/telemme.mmsh.fr\/?p=9051","name":"Corps noirs et m\u00e9decins blancs - TELEMMe - Temps, espaces, langages, Europe m\u00e9ridionale, M\u00e9diterran\u00e9e","isPartOf":{"@id":"https:\/\/telemme.mmsh.fr\/#website"},"primaryImageOfPage":{"@id":"https:\/\/telemme.mmsh.fr\/?p=9051#primaryimage"},"image":{"@id":"https:\/\/telemme.mmsh.fr\/?p=9051#primaryimage"},"thumbnailUrl":"https:\/\/telemme.mmsh.fr\/wp-content\/uploads\/2021\/07\/CorspnoirsMedecinsblancs.jpg","datePublished":"2021-05-10T09:48:00+00:00","dateModified":"2021-07-16T09:48:56+00:00","description":"Corps noirs et m\u00e9decins blancs. La fabrique du pr\u00e9jug\u00e9 racial, XIXe-XXe si\u00e8cles, Delphine PEIRETTI-COURTIS, \u00e9ditions La D\u00e9couverte, Collection : Sciences humaines, 2021, 354 pages","breadcrumb":{"@id":"https:\/\/telemme.mmsh.fr\/?p=9051#breadcrumb"},"inLanguage":"fr-FR","potentialAction":[{"@type":"ReadAction","target":["https:\/\/telemme.mmsh.fr\/?p=9051"]}]},{"@type":"ImageObject","inLanguage":"fr-FR","@id":"https:\/\/telemme.mmsh.fr\/?p=9051#primaryimage","url":"https:\/\/telemme.mmsh.fr\/wp-content\/uploads\/2021\/07\/CorspnoirsMedecinsblancs.jpg","contentUrl":"https:\/\/telemme.mmsh.fr\/wp-content\/uploads\/2021\/07\/CorspnoirsMedecinsblancs.jpg","width":200,"height":326,"caption":"Couverture de Corps noirs et m\u00e9decins blancs. La fabrique du pr\u00e9jug\u00e9 racial, XIXe-XXe si\u00e8cles, Delphine PEIRETTI-COURTIS, \u00e9ditions La D\u00e9couverte, 2021"},{"@type":"BreadcrumbList","@id":"https:\/\/telemme.mmsh.fr\/?p=9051#breadcrumb","itemListElement":[{"@type":"ListItem","position":1,"name":"Accueil","item":"https:\/\/telemme.mmsh.fr\/"},{"@type":"ListItem","position":2,"name":"Publications","item":"https:\/\/telemme.mmsh.fr\/?cat=1738"},{"@type":"ListItem","position":3,"name":"Ouvrages","item":"https:\/\/telemme.mmsh.fr\/?cat=1740"},{"@type":"ListItem","position":4,"name":"Corps noirs et m\u00e9decins blancs"}]},{"@type":"WebSite","@id":"https:\/\/telemme.mmsh.fr\/#website","url":"https:\/\/telemme.mmsh.fr\/","name":"TELEMMe - Temps, espaces, langages, Europe m\u00e9ridionale, M\u00e9diterran\u00e9e","description":"","publisher":{"@id":"https:\/\/telemme.mmsh.fr\/#organization"},"potentialAction":[{"@type":"SearchAction","target":{"@type":"EntryPoint","urlTemplate":"https:\/\/telemme.mmsh.fr\/?s={search_term_string}"},"query-input":{"@type":"PropertyValueSpecification","valueRequired":true,"valueName":"search_term_string"}}],"inLanguage":"fr-FR"},{"@type":"Organization","@id":"https:\/\/telemme.mmsh.fr\/#organization","name":"TELEMMe","url":"https:\/\/telemme.mmsh.fr\/","logo":{"@type":"ImageObject","inLanguage":"fr-FR","@id":"https:\/\/telemme.mmsh.fr\/#\/schema\/logo\/image\/","url":"https:\/\/telemme.mmsh.fr\/wp-content\/uploads\/2020\/03\/LogoTELEMMe-horizontal-fond-transparent.png","contentUrl":"https:\/\/telemme.mmsh.fr\/wp-content\/uploads\/2020\/03\/LogoTELEMMe-horizontal-fond-transparent.png","width":1500,"height":437,"caption":"TELEMMe"},"image":{"@id":"https:\/\/telemme.mmsh.fr\/#\/schema\/logo\/image\/"}},{"@type":"Person","@id":"https:\/\/telemme.mmsh.fr\/#\/schema\/person\/86a185da4836381586528ced48e263f5","name":"Delphine Cavallo","url":"https:\/\/telemme.mmsh.fr\/?author=6"}]}},"_links":{"self":[{"href":"https:\/\/telemme.mmsh.fr\/index.php?rest_route=\/wp\/v2\/posts\/9051","targetHints":{"allow":["GET"]}}],"collection":[{"href":"https:\/\/telemme.mmsh.fr\/index.php?rest_route=\/wp\/v2\/posts"}],"about":[{"href":"https:\/\/telemme.mmsh.fr\/index.php?rest_route=\/wp\/v2\/types\/post"}],"author":[{"embeddable":true,"href":"https:\/\/telemme.mmsh.fr\/index.php?rest_route=\/wp\/v2\/users\/6"}],"replies":[{"embeddable":true,"href":"https:\/\/telemme.mmsh.fr\/index.php?rest_route=%2Fwp%2Fv2%2Fcomments&post=9051"}],"version-history":[{"count":2,"href":"https:\/\/telemme.mmsh.fr\/index.php?rest_route=\/wp\/v2\/posts\/9051\/revisions"}],"predecessor-version":[{"id":9054,"href":"https:\/\/telemme.mmsh.fr\/index.php?rest_route=\/wp\/v2\/posts\/9051\/revisions\/9054"}],"wp:featuredmedia":[{"embeddable":true,"href":"https:\/\/telemme.mmsh.fr\/index.php?rest_route=\/wp\/v2\/media\/9053"}],"wp:attachment":[{"href":"https:\/\/telemme.mmsh.fr\/index.php?rest_route=%2Fwp%2Fv2%2Fmedia&parent=9051"}],"wp:term":[{"taxonomy":"category","embeddable":true,"href":"https:\/\/telemme.mmsh.fr\/index.php?rest_route=%2Fwp%2Fv2%2Fcategories&post=9051"},{"taxonomy":"post_tag","embeddable":true,"href":"https:\/\/telemme.mmsh.fr\/index.php?rest_route=%2Fwp%2Fv2%2Ftags&post=9051"}],"curies":[{"name":"wp","href":"https:\/\/api.w.org\/{rel}","templated":true}]}}