{"id":9048,"date":"2021-05-07T11:32:00","date_gmt":"2021-05-07T09:32:00","guid":{"rendered":"https:\/\/telemme.mmsh.fr\/?p=9048"},"modified":"2021-07-16T11:33:01","modified_gmt":"2021-07-16T09:33:01","slug":"marseille-litalienne","status":"publish","type":"post","link":"https:\/\/telemme.mmsh.fr\/?p=9048","title":{"rendered":"Marseille l&rsquo;Italienne"},"content":{"rendered":"\n<blockquote class=\"wp-block-quote is-layout-flow wp-block-quote-is-layout-flow\"><p><strong><em><a href=\"https:\/\/www.arnaudbizalion.fr\/accueil\/123-marseille-l-italienne.html\">Marseille l&rsquo;Italienne. Histoires d\u2019une passion s\u00e9culaire<\/a><\/em><\/strong> sous la direction de Jean Boutier et St\u00e9phane Mourlane, Arles, Arnaud Bizalion, 2021, 208 pages<\/p><\/blockquote>\n\n\n\n<p>Port m\u00e9diterran\u00e9en, Marseille d\u00e9veloppe naturellement depuis le Moyen-\u00c2ge de forts liens avec la p\u00e9ninsule italienne. C\u2019est cette relation passionnelle, faite d\u2019\u00e9changes commerciaux et artistiques, d\u2019influences politiques et surtout d\u2019histoires personnelles, qui est ici racont\u00e9e. Au-del\u00e0 du clich\u00e9 de l\u2019immigr\u00e9 italien, vecteur de tous les fantasmes, se r\u00e9v\u00e8le la r\u00e9alit\u00e9 quotidienne d\u2019une pr\u00e9sence italienne de longue date, posant la question d\u2019une \u00ab italianit\u00e9 \u00bb marseillaise sp\u00e9cifique.<\/p>\n\n\n\n<p>L\u2019ouvrage a \u00e9t\u00e9 pr\u00e9par\u00e9 dans le cadre de l\u2019exposition \u00ab&nbsp;Marseille l\u2019Italienne&nbsp;\u00bb qui se tiendra en septembre-octobre 2021 aux Archives municipales de Marseille, sous le commissariat de St\u00e9phane Mourlane (Universit\u00e9 d\u2019Aix-Marseille), Jean Boutier (Centre Norbert Elias\/EHESS) et Sylvie Clair (Archives de Marseille).<\/p>\n\n\n\n<p>Avec les contributions d\u2019Isabelle Aillaud, Simone Balossino, Laurent Bocquillon, Sylvain Borzillo, Annastella Carrino, No\u00eblle Colombi\u00e9, Xavier Daumalin, Paul Dietschy, Vincent Di Roma, Linda Guerry, Aud\u00e9ric Maret, Robert Mencherini, Robert Palmaccio, Caroline Pane, C\u00e9line Regnard, L\u00e9a Renucci, Anne Richier, \u00c9milie Roffidal, CNRS, Matteo Sanfilippo, Francesca Sirna.<\/p>\n","protected":false},"excerpt":{"rendered":"<p>Port m\u00e9diterran\u00e9en, Marseille d\u00e9veloppe naturellement depuis le Moyen-\u00c2ge de forts liens avec la p\u00e9ninsule italienne. C\u2019est cette relation passionnelle, faite d\u2019\u00e9changes commerciaux et artistiques, d\u2019influences politiques et surtout d\u2019histoires personnelles, qui est ici racont\u00e9e.<\/p>\n","protected":false},"author":6,"featured_media":9049,"comment_status":"closed","ping_status":"closed","sticky":false,"template":"","format":"standard","meta":{"neve_meta_sidebar":"","neve_meta_container":"","neve_meta_enable_content_width":"","neve_meta_content_width":0,"neve_meta_title_alignment":"","neve_meta_author_avatar":"","neve_post_elements_order":"","neve_meta_disable_header":"","neve_meta_disable_footer":"","neve_meta_disable_title":"","_tribe_events_control_status":"","_tribe_events_control_status_canceled_reason":"","_tribe_events_control_status_postponed_reason":"","_tribe_events_control_online":"","_tribe_events_control_online_url":"","footnotes":""},"categories":[1742],"tags":[1971,1926],"class_list":["post-9048","post","type-post","status-publish","format-standard","has-post-thumbnail","hentry","category-dir-ouvrage","tag-italie","tag-marseille"],"yoast_head":"<!-- This site is optimized with the Yoast SEO plugin v27.4 - https:\/\/yoast.com\/product\/yoast-seo-wordpress\/ -->\n<title>Marseille l&#039;Italienne - TELEMMe - Temps, espaces, langages, Europe m\u00e9ridionale, M\u00e9diterran\u00e9e<\/title>\n<meta name=\"description\" content=\"Marseille l&#039;Italienne. Histoires d\u2019une passion s\u00e9culaire sous la direction de Jean Boutier et St\u00e9phane Mourlane, Arles, Arnaud Bizalion, 2021, 208 pages\" \/>\n<meta name=\"robots\" content=\"index, follow, max-snippet:-1, max-image-preview:large, max-video-preview:-1\" \/>\n<link rel=\"canonical\" href=\"https:\/\/telemme.mmsh.fr\/?p=9048\" \/>\n<meta property=\"og:locale\" content=\"fr_FR\" \/>\n<meta property=\"og:type\" content=\"article\" \/>\n<meta property=\"og:title\" content=\"Marseille l&#039;Italienne - TELEMMe - Temps, espaces, langages, Europe m\u00e9ridionale, M\u00e9diterran\u00e9e\" \/>\n<meta property=\"og:description\" content=\"Marseille l&#039;Italienne. Histoires d\u2019une passion s\u00e9culaire sous la direction de Jean Boutier et St\u00e9phane Mourlane, Arles, Arnaud Bizalion, 2021, 208 pages\" \/>\n<meta property=\"og:url\" content=\"https:\/\/telemme.mmsh.fr\/?p=9048\" \/>\n<meta property=\"og:site_name\" content=\"TELEMMe - Temps, espaces, langages, Europe m\u00e9ridionale, M\u00e9diterran\u00e9e\" \/>\n<meta property=\"article:published_time\" content=\"2021-05-07T09:32:00+00:00\" \/>\n<meta property=\"article:modified_time\" content=\"2021-07-16T09:33:01+00:00\" \/>\n<meta property=\"og:image\" content=\"https:\/\/telemme.mmsh.fr\/wp-content\/uploads\/2021\/07\/marseille-l-italienne.jpg\" \/>\n\t<meta property=\"og:image:width\" content=\"1100\" \/>\n\t<meta property=\"og:image:height\" content=\"1422\" \/>\n\t<meta property=\"og:image:type\" content=\"image\/jpeg\" \/>\n<meta name=\"author\" content=\"Delphine Cavallo\" \/>\n<meta name=\"twitter:card\" content=\"summary_large_image\" \/>\n<meta name=\"twitter:label1\" content=\"\u00c9crit par\" \/>\n\t<meta name=\"twitter:data1\" content=\"Delphine Cavallo\" \/>\n\t<meta name=\"twitter:label2\" content=\"Dur\u00e9e de lecture estim\u00e9e\" \/>\n\t<meta name=\"twitter:data2\" content=\"1 minute\" \/>\n<script type=\"application\/ld+json\" class=\"yoast-schema-graph\">{\"@context\":\"https:\\\/\\\/schema.org\",\"@graph\":[{\"@type\":\"Article\",\"@id\":\"https:\\\/\\\/telemme.mmsh.fr\\\/?p=9048#article\",\"isPartOf\":{\"@id\":\"https:\\\/\\\/telemme.mmsh.fr\\\/?p=9048\"},\"author\":{\"name\":\"Delphine Cavallo\",\"@id\":\"https:\\\/\\\/telemme.mmsh.fr\\\/#\\\/schema\\\/person\\\/86a185da4836381586528ced48e263f5\"},\"headline\":\"Marseille l&rsquo;Italienne\",\"datePublished\":\"2021-05-07T09:32:00+00:00\",\"dateModified\":\"2021-07-16T09:33:01+00:00\",\"mainEntityOfPage\":{\"@id\":\"https:\\\/\\\/telemme.mmsh.fr\\\/?p=9048\"},\"wordCount\":206,\"publisher\":{\"@id\":\"https:\\\/\\\/telemme.mmsh.fr\\\/#organization\"},\"image\":{\"@id\":\"https:\\\/\\\/telemme.mmsh.fr\\\/?p=9048#primaryimage\"},\"thumbnailUrl\":\"https:\\\/\\\/telemme.mmsh.fr\\\/wp-content\\\/uploads\\\/2021\\\/07\\\/marseille-l-italienne.jpg\",\"keywords\":[\"Italie\",\"Marseille\"],\"articleSection\":[\"Directions d'ouvrage\"],\"inLanguage\":\"fr-FR\"},{\"@type\":\"WebPage\",\"@id\":\"https:\\\/\\\/telemme.mmsh.fr\\\/?p=9048\",\"url\":\"https:\\\/\\\/telemme.mmsh.fr\\\/?p=9048\",\"name\":\"Marseille l'Italienne - TELEMMe - Temps, espaces, langages, Europe m\u00e9ridionale, M\u00e9diterran\u00e9e\",\"isPartOf\":{\"@id\":\"https:\\\/\\\/telemme.mmsh.fr\\\/#website\"},\"primaryImageOfPage\":{\"@id\":\"https:\\\/\\\/telemme.mmsh.fr\\\/?p=9048#primaryimage\"},\"image\":{\"@id\":\"https:\\\/\\\/telemme.mmsh.fr\\\/?p=9048#primaryimage\"},\"thumbnailUrl\":\"https:\\\/\\\/telemme.mmsh.fr\\\/wp-content\\\/uploads\\\/2021\\\/07\\\/marseille-l-italienne.jpg\",\"datePublished\":\"2021-05-07T09:32:00+00:00\",\"dateModified\":\"2021-07-16T09:33:01+00:00\",\"description\":\"Marseille l'Italienne. Histoires d\u2019une passion s\u00e9culaire sous la direction de Jean Boutier et St\u00e9phane Mourlane, Arles, Arnaud Bizalion, 2021, 208 pages\",\"breadcrumb\":{\"@id\":\"https:\\\/\\\/telemme.mmsh.fr\\\/?p=9048#breadcrumb\"},\"inLanguage\":\"fr-FR\",\"potentialAction\":[{\"@type\":\"ReadAction\",\"target\":[\"https:\\\/\\\/telemme.mmsh.fr\\\/?p=9048\"]}]},{\"@type\":\"ImageObject\",\"inLanguage\":\"fr-FR\",\"@id\":\"https:\\\/\\\/telemme.mmsh.fr\\\/?p=9048#primaryimage\",\"url\":\"https:\\\/\\\/telemme.mmsh.fr\\\/wp-content\\\/uploads\\\/2021\\\/07\\\/marseille-l-italienne.jpg\",\"contentUrl\":\"https:\\\/\\\/telemme.mmsh.fr\\\/wp-content\\\/uploads\\\/2021\\\/07\\\/marseille-l-italienne.jpg\",\"width\":1100,\"height\":1422,\"caption\":\"Couverture de Marseille l'Italienne. Histoires d\u2019une passion s\u00e9culaire sous la direction de Jean Boutier et St\u00e9phane Mourlane, Arles, Arnaud Bizalion, 2021, 208 pages\"},{\"@type\":\"BreadcrumbList\",\"@id\":\"https:\\\/\\\/telemme.mmsh.fr\\\/?p=9048#breadcrumb\",\"itemListElement\":[{\"@type\":\"ListItem\",\"position\":1,\"name\":\"Accueil\",\"item\":\"https:\\\/\\\/telemme.mmsh.fr\\\/\"},{\"@type\":\"ListItem\",\"position\":2,\"name\":\"Publications\",\"item\":\"https:\\\/\\\/telemme.mmsh.fr\\\/?cat=1738\"},{\"@type\":\"ListItem\",\"position\":3,\"name\":\"Directions d'ouvrage\",\"item\":\"https:\\\/\\\/telemme.mmsh.fr\\\/?cat=1742\"},{\"@type\":\"ListItem\",\"position\":4,\"name\":\"Marseille l&rsquo;Italienne\"}]},{\"@type\":\"WebSite\",\"@id\":\"https:\\\/\\\/telemme.mmsh.fr\\\/#website\",\"url\":\"https:\\\/\\\/telemme.mmsh.fr\\\/\",\"name\":\"TELEMMe - Temps, espaces, langages, Europe m\u00e9ridionale, M\u00e9diterran\u00e9e\",\"description\":\"\",\"publisher\":{\"@id\":\"https:\\\/\\\/telemme.mmsh.fr\\\/#organization\"},\"potentialAction\":[{\"@type\":\"SearchAction\",\"target\":{\"@type\":\"EntryPoint\",\"urlTemplate\":\"https:\\\/\\\/telemme.mmsh.fr\\\/?s={search_term_string}\"},\"query-input\":{\"@type\":\"PropertyValueSpecification\",\"valueRequired\":true,\"valueName\":\"search_term_string\"}}],\"inLanguage\":\"fr-FR\"},{\"@type\":\"Organization\",\"@id\":\"https:\\\/\\\/telemme.mmsh.fr\\\/#organization\",\"name\":\"TELEMMe\",\"url\":\"https:\\\/\\\/telemme.mmsh.fr\\\/\",\"logo\":{\"@type\":\"ImageObject\",\"inLanguage\":\"fr-FR\",\"@id\":\"https:\\\/\\\/telemme.mmsh.fr\\\/#\\\/schema\\\/logo\\\/image\\\/\",\"url\":\"https:\\\/\\\/telemme.mmsh.fr\\\/wp-content\\\/uploads\\\/2020\\\/03\\\/LogoTELEMMe-horizontal-fond-transparent.png\",\"contentUrl\":\"https:\\\/\\\/telemme.mmsh.fr\\\/wp-content\\\/uploads\\\/2020\\\/03\\\/LogoTELEMMe-horizontal-fond-transparent.png\",\"width\":1500,\"height\":437,\"caption\":\"TELEMMe\"},\"image\":{\"@id\":\"https:\\\/\\\/telemme.mmsh.fr\\\/#\\\/schema\\\/logo\\\/image\\\/\"}},{\"@type\":\"Person\",\"@id\":\"https:\\\/\\\/telemme.mmsh.fr\\\/#\\\/schema\\\/person\\\/86a185da4836381586528ced48e263f5\",\"name\":\"Delphine Cavallo\",\"url\":\"https:\\\/\\\/telemme.mmsh.fr\\\/?author=6\"}]}<\/script>\n<!-- \/ Yoast SEO plugin. -->","yoast_head_json":{"title":"Marseille l'Italienne - TELEMMe - Temps, espaces, langages, Europe m\u00e9ridionale, M\u00e9diterran\u00e9e","description":"Marseille l'Italienne. Histoires d\u2019une passion s\u00e9culaire sous la direction de Jean Boutier et St\u00e9phane Mourlane, Arles, Arnaud Bizalion, 2021, 208 pages","robots":{"index":"index","follow":"follow","max-snippet":"max-snippet:-1","max-image-preview":"max-image-preview:large","max-video-preview":"max-video-preview:-1"},"canonical":"https:\/\/telemme.mmsh.fr\/?p=9048","og_locale":"fr_FR","og_type":"article","og_title":"Marseille l'Italienne - TELEMMe - Temps, espaces, langages, Europe m\u00e9ridionale, M\u00e9diterran\u00e9e","og_description":"Marseille l'Italienne. Histoires d\u2019une passion s\u00e9culaire sous la direction de Jean Boutier et St\u00e9phane Mourlane, Arles, Arnaud Bizalion, 2021, 208 pages","og_url":"https:\/\/telemme.mmsh.fr\/?p=9048","og_site_name":"TELEMMe - Temps, espaces, langages, Europe m\u00e9ridionale, M\u00e9diterran\u00e9e","article_published_time":"2021-05-07T09:32:00+00:00","article_modified_time":"2021-07-16T09:33:01+00:00","og_image":[{"width":1100,"height":1422,"url":"https:\/\/telemme.mmsh.fr\/wp-content\/uploads\/2021\/07\/marseille-l-italienne.jpg","type":"image\/jpeg"}],"author":"Delphine Cavallo","twitter_card":"summary_large_image","twitter_misc":{"\u00c9crit par":"Delphine Cavallo","Dur\u00e9e de lecture estim\u00e9e":"1 minute"},"schema":{"@context":"https:\/\/schema.org","@graph":[{"@type":"Article","@id":"https:\/\/telemme.mmsh.fr\/?p=9048#article","isPartOf":{"@id":"https:\/\/telemme.mmsh.fr\/?p=9048"},"author":{"name":"Delphine Cavallo","@id":"https:\/\/telemme.mmsh.fr\/#\/schema\/person\/86a185da4836381586528ced48e263f5"},"headline":"Marseille l&rsquo;Italienne","datePublished":"2021-05-07T09:32:00+00:00","dateModified":"2021-07-16T09:33:01+00:00","mainEntityOfPage":{"@id":"https:\/\/telemme.mmsh.fr\/?p=9048"},"wordCount":206,"publisher":{"@id":"https:\/\/telemme.mmsh.fr\/#organization"},"image":{"@id":"https:\/\/telemme.mmsh.fr\/?p=9048#primaryimage"},"thumbnailUrl":"https:\/\/telemme.mmsh.fr\/wp-content\/uploads\/2021\/07\/marseille-l-italienne.jpg","keywords":["Italie","Marseille"],"articleSection":["Directions d'ouvrage"],"inLanguage":"fr-FR"},{"@type":"WebPage","@id":"https:\/\/telemme.mmsh.fr\/?p=9048","url":"https:\/\/telemme.mmsh.fr\/?p=9048","name":"Marseille l'Italienne - TELEMMe - Temps, espaces, langages, Europe m\u00e9ridionale, M\u00e9diterran\u00e9e","isPartOf":{"@id":"https:\/\/telemme.mmsh.fr\/#website"},"primaryImageOfPage":{"@id":"https:\/\/telemme.mmsh.fr\/?p=9048#primaryimage"},"image":{"@id":"https:\/\/telemme.mmsh.fr\/?p=9048#primaryimage"},"thumbnailUrl":"https:\/\/telemme.mmsh.fr\/wp-content\/uploads\/2021\/07\/marseille-l-italienne.jpg","datePublished":"2021-05-07T09:32:00+00:00","dateModified":"2021-07-16T09:33:01+00:00","description":"Marseille l'Italienne. Histoires d\u2019une passion s\u00e9culaire sous la direction de Jean Boutier et St\u00e9phane Mourlane, Arles, Arnaud Bizalion, 2021, 208 pages","breadcrumb":{"@id":"https:\/\/telemme.mmsh.fr\/?p=9048#breadcrumb"},"inLanguage":"fr-FR","potentialAction":[{"@type":"ReadAction","target":["https:\/\/telemme.mmsh.fr\/?p=9048"]}]},{"@type":"ImageObject","inLanguage":"fr-FR","@id":"https:\/\/telemme.mmsh.fr\/?p=9048#primaryimage","url":"https:\/\/telemme.mmsh.fr\/wp-content\/uploads\/2021\/07\/marseille-l-italienne.jpg","contentUrl":"https:\/\/telemme.mmsh.fr\/wp-content\/uploads\/2021\/07\/marseille-l-italienne.jpg","width":1100,"height":1422,"caption":"Couverture de Marseille l'Italienne. Histoires d\u2019une passion s\u00e9culaire sous la direction de Jean Boutier et St\u00e9phane Mourlane, Arles, Arnaud Bizalion, 2021, 208 pages"},{"@type":"BreadcrumbList","@id":"https:\/\/telemme.mmsh.fr\/?p=9048#breadcrumb","itemListElement":[{"@type":"ListItem","position":1,"name":"Accueil","item":"https:\/\/telemme.mmsh.fr\/"},{"@type":"ListItem","position":2,"name":"Publications","item":"https:\/\/telemme.mmsh.fr\/?cat=1738"},{"@type":"ListItem","position":3,"name":"Directions d'ouvrage","item":"https:\/\/telemme.mmsh.fr\/?cat=1742"},{"@type":"ListItem","position":4,"name":"Marseille l&rsquo;Italienne"}]},{"@type":"WebSite","@id":"https:\/\/telemme.mmsh.fr\/#website","url":"https:\/\/telemme.mmsh.fr\/","name":"TELEMMe - Temps, espaces, langages, Europe m\u00e9ridionale, M\u00e9diterran\u00e9e","description":"","publisher":{"@id":"https:\/\/telemme.mmsh.fr\/#organization"},"potentialAction":[{"@type":"SearchAction","target":{"@type":"EntryPoint","urlTemplate":"https:\/\/telemme.mmsh.fr\/?s={search_term_string}"},"query-input":{"@type":"PropertyValueSpecification","valueRequired":true,"valueName":"search_term_string"}}],"inLanguage":"fr-FR"},{"@type":"Organization","@id":"https:\/\/telemme.mmsh.fr\/#organization","name":"TELEMMe","url":"https:\/\/telemme.mmsh.fr\/","logo":{"@type":"ImageObject","inLanguage":"fr-FR","@id":"https:\/\/telemme.mmsh.fr\/#\/schema\/logo\/image\/","url":"https:\/\/telemme.mmsh.fr\/wp-content\/uploads\/2020\/03\/LogoTELEMMe-horizontal-fond-transparent.png","contentUrl":"https:\/\/telemme.mmsh.fr\/wp-content\/uploads\/2020\/03\/LogoTELEMMe-horizontal-fond-transparent.png","width":1500,"height":437,"caption":"TELEMMe"},"image":{"@id":"https:\/\/telemme.mmsh.fr\/#\/schema\/logo\/image\/"}},{"@type":"Person","@id":"https:\/\/telemme.mmsh.fr\/#\/schema\/person\/86a185da4836381586528ced48e263f5","name":"Delphine Cavallo","url":"https:\/\/telemme.mmsh.fr\/?author=6"}]}},"_links":{"self":[{"href":"https:\/\/telemme.mmsh.fr\/index.php?rest_route=\/wp\/v2\/posts\/9048","targetHints":{"allow":["GET"]}}],"collection":[{"href":"https:\/\/telemme.mmsh.fr\/index.php?rest_route=\/wp\/v2\/posts"}],"about":[{"href":"https:\/\/telemme.mmsh.fr\/index.php?rest_route=\/wp\/v2\/types\/post"}],"author":[{"embeddable":true,"href":"https:\/\/telemme.mmsh.fr\/index.php?rest_route=\/wp\/v2\/users\/6"}],"replies":[{"embeddable":true,"href":"https:\/\/telemme.mmsh.fr\/index.php?rest_route=%2Fwp%2Fv2%2Fcomments&post=9048"}],"version-history":[{"count":1,"href":"https:\/\/telemme.mmsh.fr\/index.php?rest_route=\/wp\/v2\/posts\/9048\/revisions"}],"predecessor-version":[{"id":9050,"href":"https:\/\/telemme.mmsh.fr\/index.php?rest_route=\/wp\/v2\/posts\/9048\/revisions\/9050"}],"wp:featuredmedia":[{"embeddable":true,"href":"https:\/\/telemme.mmsh.fr\/index.php?rest_route=\/wp\/v2\/media\/9049"}],"wp:attachment":[{"href":"https:\/\/telemme.mmsh.fr\/index.php?rest_route=%2Fwp%2Fv2%2Fmedia&parent=9048"}],"wp:term":[{"taxonomy":"category","embeddable":true,"href":"https:\/\/telemme.mmsh.fr\/index.php?rest_route=%2Fwp%2Fv2%2Fcategories&post=9048"},{"taxonomy":"post_tag","embeddable":true,"href":"https:\/\/telemme.mmsh.fr\/index.php?rest_route=%2Fwp%2Fv2%2Ftags&post=9048"}],"curies":[{"name":"wp","href":"https:\/\/api.w.org\/{rel}","templated":true}]}}