{"id":9020,"date":"2021-03-01T17:37:00","date_gmt":"2021-03-01T16:37:00","guid":{"rendered":"https:\/\/telemme.mmsh.fr\/?p=9020"},"modified":"2021-07-16T11:18:53","modified_gmt":"2021-07-16T09:18:53","slug":"rouge-cochenille","status":"publish","type":"post","link":"https:\/\/telemme.mmsh.fr\/?p=9020","title":{"rendered":"Rouge Cochenille"},"content":{"rendered":"\n<blockquote class=\"wp-block-quote is-layout-flow wp-block-quote-is-layout-flow\"><p><em><a href=\"https:\/\/www.cnrseditions.fr\/catalogue\/histoire\/rouge-cochenille\/\"><strong>Rouge Cochenille. Histoire d\u2019un insecte qui colora le monde XVIe-XXIe si\u00e8cle<\/strong><\/a><\/em>, Danielle Trichaud-Buti et Gilbert Buti, CNRS \u00e9ditions, collection \u00ab\u00a0Histoire\u00a0\u00bb, 2021, 336 pages.<\/p><\/blockquote>\n\n\n\n<p>La cochenille n\u2019aurait pu \u00eatre qu\u2019un insecte parasite du nopal, cactus des hauts plateaux du Mexique. Gr\u00e2ce aux soins des peuples pr\u00e9colombiens, son cadavre est devenu un tr\u00e9sor convoit\u00e9 par toute l\u2019Europe. Mati\u00e8re premi\u00e8re pour teindre dans une gamme de rouges du luxe (carmins, cramoisis, \u00e9carlates), elle y a d\u00e9tr\u00f4n\u00e9 le vermillon du kerm\u00e8s.<br>Danielle Trichaud-Buti et Gilbert Buti se livrent \u00e0 la traque de l\u2019\u00e9tonnant insecte qui participe \u00e0 la premi\u00e8re mondialisation des \u00e9changes. Apr\u00e8s avoir pr\u00e9sent\u00e9 le produit dans l\u2019espace am\u00e9rindien et son contr\u00f4le par les Espagnols, ils en retracent sa redistribution en pointant le r\u00f4le de Marseille, \u00ab\u2009place la plus d\u00e9licate de l\u2019Europe\u2009\u00bb au XVIII<sup>e<\/sup>&nbsp;si\u00e8cle. L\u2019enqu\u00eate se prolonge par l\u2019\u00e9tude de son acclimatation dans le monde au XIX<sup>e<\/sup> si\u00e8cle avant son abandon provoqu\u00e9 par les colorants synth\u00e9tiques, puis son discret retour de nos jours comme colorant naturel.<br>Une \u00e9pop\u00e9e haute en couleur \u00e0 travers le Nouveau et l\u2019Ancien Monde, o\u00f9 se tissent les destins ordinaires et exceptionnels d\u2019aventuriers, d\u2019artisans et de marchands, mais aussi de scientifiques botanistes, naturalistes et g\u00e9ographes parmi les plus passionnants.<\/p>\n","protected":false},"excerpt":{"rendered":"<p>La cochenille n\u2019aurait pu \u00eatre qu\u2019un insecte parasite du nopal, cactus des hauts plateaux du Mexique. Gr\u00e2ce aux soins des peuples pr\u00e9colombiens, son cadavre est devenu un tr\u00e9sor convoit\u00e9 par toute l\u2019Europe. Mati\u00e8re premi\u00e8re pour teindre dans une gamme de rouges du luxe (carmins, cramoisis, \u00e9carlates), elle y a d\u00e9tr\u00f4n\u00e9 le vermillon du kerm\u00e8s.<\/p>\n","protected":false},"author":6,"featured_media":9022,"comment_status":"closed","ping_status":"closed","sticky":false,"template":"","format":"standard","meta":{"neve_meta_sidebar":"","neve_meta_container":"","neve_meta_enable_content_width":"","neve_meta_content_width":0,"neve_meta_title_alignment":"","neve_meta_author_avatar":"","neve_post_elements_order":"","neve_meta_disable_header":"","neve_meta_disable_footer":"","neve_meta_disable_title":"","_tribe_events_control_status":"","_tribe_events_control_status_canceled_reason":"","_tribe_events_control_status_postponed_reason":"","_tribe_events_control_online":"","_tribe_events_control_online_url":"","footnotes":""},"categories":[1740],"tags":[2030],"class_list":["post-9020","post","type-post","status-publish","format-standard","has-post-thumbnail","hentry","category-ouvrages","tag-cochenille"],"yoast_head":"<!-- This site is optimized with the Yoast SEO plugin v27.4 - https:\/\/yoast.com\/product\/yoast-seo-wordpress\/ -->\n<title>Rouge Cochenille - TELEMMe - Temps, espaces, langages, Europe m\u00e9ridionale, M\u00e9diterran\u00e9e<\/title>\n<meta name=\"description\" content=\"Rouge Cochenille. Histoire d\u2019un insecte qui colora le monde XVIe-XXIe si\u00e8cle, Danielle Trichaud-Buti et Gilbert Buti, CNRS \u00e9ditions, collection &quot;Histoire&quot;, 2021, 336 pages.\" \/>\n<meta name=\"robots\" content=\"index, follow, max-snippet:-1, max-image-preview:large, max-video-preview:-1\" \/>\n<link rel=\"canonical\" href=\"https:\/\/telemme.mmsh.fr\/?p=9020\" \/>\n<meta property=\"og:locale\" content=\"fr_FR\" \/>\n<meta property=\"og:type\" content=\"article\" \/>\n<meta property=\"og:title\" content=\"Rouge Cochenille - TELEMMe - Temps, espaces, langages, Europe m\u00e9ridionale, M\u00e9diterran\u00e9e\" \/>\n<meta property=\"og:description\" content=\"Rouge Cochenille. Histoire d\u2019un insecte qui colora le monde XVIe-XXIe si\u00e8cle, Danielle Trichaud-Buti et Gilbert Buti, CNRS \u00e9ditions, collection &quot;Histoire&quot;, 2021, 336 pages.\" \/>\n<meta property=\"og:url\" content=\"https:\/\/telemme.mmsh.fr\/?p=9020\" \/>\n<meta property=\"og:site_name\" content=\"TELEMMe - Temps, espaces, langages, Europe m\u00e9ridionale, M\u00e9diterran\u00e9e\" \/>\n<meta property=\"article:published_time\" content=\"2021-03-01T16:37:00+00:00\" \/>\n<meta property=\"article:modified_time\" content=\"2021-07-16T09:18:53+00:00\" \/>\n<meta property=\"og:image\" content=\"https:\/\/telemme.mmsh.fr\/wp-content\/uploads\/2021\/07\/9782271081452.jpg\" \/>\n\t<meta property=\"og:image:width\" content=\"600\" \/>\n\t<meta property=\"og:image:height\" content=\"733\" \/>\n\t<meta property=\"og:image:type\" content=\"image\/jpeg\" \/>\n<meta name=\"author\" content=\"Delphine Cavallo\" \/>\n<meta name=\"twitter:card\" content=\"summary_large_image\" \/>\n<meta name=\"twitter:label1\" content=\"\u00c9crit par\" \/>\n\t<meta name=\"twitter:data1\" content=\"Delphine Cavallo\" \/>\n\t<meta name=\"twitter:label2\" content=\"Dur\u00e9e de lecture estim\u00e9e\" \/>\n\t<meta name=\"twitter:data2\" content=\"1 minute\" \/>\n<script type=\"application\/ld+json\" class=\"yoast-schema-graph\">{\"@context\":\"https:\\\/\\\/schema.org\",\"@graph\":[{\"@type\":\"Article\",\"@id\":\"https:\\\/\\\/telemme.mmsh.fr\\\/?p=9020#article\",\"isPartOf\":{\"@id\":\"https:\\\/\\\/telemme.mmsh.fr\\\/?p=9020\"},\"author\":{\"name\":\"Delphine Cavallo\",\"@id\":\"https:\\\/\\\/telemme.mmsh.fr\\\/#\\\/schema\\\/person\\\/86a185da4836381586528ced48e263f5\"},\"headline\":\"Rouge Cochenille\",\"datePublished\":\"2021-03-01T16:37:00+00:00\",\"dateModified\":\"2021-07-16T09:18:53+00:00\",\"mainEntityOfPage\":{\"@id\":\"https:\\\/\\\/telemme.mmsh.fr\\\/?p=9020\"},\"wordCount\":233,\"publisher\":{\"@id\":\"https:\\\/\\\/telemme.mmsh.fr\\\/#organization\"},\"image\":{\"@id\":\"https:\\\/\\\/telemme.mmsh.fr\\\/?p=9020#primaryimage\"},\"thumbnailUrl\":\"https:\\\/\\\/telemme.mmsh.fr\\\/wp-content\\\/uploads\\\/2021\\\/07\\\/9782271081452.jpg\",\"keywords\":[\"cochenille\"],\"articleSection\":[\"Ouvrages\"],\"inLanguage\":\"fr-FR\"},{\"@type\":\"WebPage\",\"@id\":\"https:\\\/\\\/telemme.mmsh.fr\\\/?p=9020\",\"url\":\"https:\\\/\\\/telemme.mmsh.fr\\\/?p=9020\",\"name\":\"Rouge Cochenille - TELEMMe - Temps, espaces, langages, Europe m\u00e9ridionale, M\u00e9diterran\u00e9e\",\"isPartOf\":{\"@id\":\"https:\\\/\\\/telemme.mmsh.fr\\\/#website\"},\"primaryImageOfPage\":{\"@id\":\"https:\\\/\\\/telemme.mmsh.fr\\\/?p=9020#primaryimage\"},\"image\":{\"@id\":\"https:\\\/\\\/telemme.mmsh.fr\\\/?p=9020#primaryimage\"},\"thumbnailUrl\":\"https:\\\/\\\/telemme.mmsh.fr\\\/wp-content\\\/uploads\\\/2021\\\/07\\\/9782271081452.jpg\",\"datePublished\":\"2021-03-01T16:37:00+00:00\",\"dateModified\":\"2021-07-16T09:18:53+00:00\",\"description\":\"Rouge Cochenille. Histoire d\u2019un insecte qui colora le monde XVIe-XXIe si\u00e8cle, Danielle Trichaud-Buti et Gilbert Buti, CNRS \u00e9ditions, collection \\\"Histoire\\\", 2021, 336 pages.\",\"breadcrumb\":{\"@id\":\"https:\\\/\\\/telemme.mmsh.fr\\\/?p=9020#breadcrumb\"},\"inLanguage\":\"fr-FR\",\"potentialAction\":[{\"@type\":\"ReadAction\",\"target\":[\"https:\\\/\\\/telemme.mmsh.fr\\\/?p=9020\"]}]},{\"@type\":\"ImageObject\",\"inLanguage\":\"fr-FR\",\"@id\":\"https:\\\/\\\/telemme.mmsh.fr\\\/?p=9020#primaryimage\",\"url\":\"https:\\\/\\\/telemme.mmsh.fr\\\/wp-content\\\/uploads\\\/2021\\\/07\\\/9782271081452.jpg\",\"contentUrl\":\"https:\\\/\\\/telemme.mmsh.fr\\\/wp-content\\\/uploads\\\/2021\\\/07\\\/9782271081452.jpg\",\"width\":600,\"height\":733,\"caption\":\"Couverture de Rouge cochenille, Danielle Trichaud-Buti, Gilbert Buti, CNRS \u00e9ditions, 2021\"},{\"@type\":\"BreadcrumbList\",\"@id\":\"https:\\\/\\\/telemme.mmsh.fr\\\/?p=9020#breadcrumb\",\"itemListElement\":[{\"@type\":\"ListItem\",\"position\":1,\"name\":\"Accueil\",\"item\":\"https:\\\/\\\/telemme.mmsh.fr\\\/\"},{\"@type\":\"ListItem\",\"position\":2,\"name\":\"Publications\",\"item\":\"https:\\\/\\\/telemme.mmsh.fr\\\/?cat=1738\"},{\"@type\":\"ListItem\",\"position\":3,\"name\":\"Ouvrages\",\"item\":\"https:\\\/\\\/telemme.mmsh.fr\\\/?cat=1740\"},{\"@type\":\"ListItem\",\"position\":4,\"name\":\"Rouge Cochenille\"}]},{\"@type\":\"WebSite\",\"@id\":\"https:\\\/\\\/telemme.mmsh.fr\\\/#website\",\"url\":\"https:\\\/\\\/telemme.mmsh.fr\\\/\",\"name\":\"TELEMMe - Temps, espaces, langages, Europe m\u00e9ridionale, M\u00e9diterran\u00e9e\",\"description\":\"\",\"publisher\":{\"@id\":\"https:\\\/\\\/telemme.mmsh.fr\\\/#organization\"},\"potentialAction\":[{\"@type\":\"SearchAction\",\"target\":{\"@type\":\"EntryPoint\",\"urlTemplate\":\"https:\\\/\\\/telemme.mmsh.fr\\\/?s={search_term_string}\"},\"query-input\":{\"@type\":\"PropertyValueSpecification\",\"valueRequired\":true,\"valueName\":\"search_term_string\"}}],\"inLanguage\":\"fr-FR\"},{\"@type\":\"Organization\",\"@id\":\"https:\\\/\\\/telemme.mmsh.fr\\\/#organization\",\"name\":\"TELEMMe\",\"url\":\"https:\\\/\\\/telemme.mmsh.fr\\\/\",\"logo\":{\"@type\":\"ImageObject\",\"inLanguage\":\"fr-FR\",\"@id\":\"https:\\\/\\\/telemme.mmsh.fr\\\/#\\\/schema\\\/logo\\\/image\\\/\",\"url\":\"https:\\\/\\\/telemme.mmsh.fr\\\/wp-content\\\/uploads\\\/2020\\\/03\\\/LogoTELEMMe-horizontal-fond-transparent.png\",\"contentUrl\":\"https:\\\/\\\/telemme.mmsh.fr\\\/wp-content\\\/uploads\\\/2020\\\/03\\\/LogoTELEMMe-horizontal-fond-transparent.png\",\"width\":1500,\"height\":437,\"caption\":\"TELEMMe\"},\"image\":{\"@id\":\"https:\\\/\\\/telemme.mmsh.fr\\\/#\\\/schema\\\/logo\\\/image\\\/\"}},{\"@type\":\"Person\",\"@id\":\"https:\\\/\\\/telemme.mmsh.fr\\\/#\\\/schema\\\/person\\\/86a185da4836381586528ced48e263f5\",\"name\":\"Delphine Cavallo\",\"url\":\"https:\\\/\\\/telemme.mmsh.fr\\\/?author=6\"}]}<\/script>\n<!-- \/ Yoast SEO plugin. -->","yoast_head_json":{"title":"Rouge Cochenille - TELEMMe - Temps, espaces, langages, Europe m\u00e9ridionale, M\u00e9diterran\u00e9e","description":"Rouge Cochenille. Histoire d\u2019un insecte qui colora le monde XVIe-XXIe si\u00e8cle, Danielle Trichaud-Buti et Gilbert Buti, CNRS \u00e9ditions, collection \"Histoire\", 2021, 336 pages.","robots":{"index":"index","follow":"follow","max-snippet":"max-snippet:-1","max-image-preview":"max-image-preview:large","max-video-preview":"max-video-preview:-1"},"canonical":"https:\/\/telemme.mmsh.fr\/?p=9020","og_locale":"fr_FR","og_type":"article","og_title":"Rouge Cochenille - TELEMMe - Temps, espaces, langages, Europe m\u00e9ridionale, M\u00e9diterran\u00e9e","og_description":"Rouge Cochenille. Histoire d\u2019un insecte qui colora le monde XVIe-XXIe si\u00e8cle, Danielle Trichaud-Buti et Gilbert Buti, CNRS \u00e9ditions, collection \"Histoire\", 2021, 336 pages.","og_url":"https:\/\/telemme.mmsh.fr\/?p=9020","og_site_name":"TELEMMe - Temps, espaces, langages, Europe m\u00e9ridionale, M\u00e9diterran\u00e9e","article_published_time":"2021-03-01T16:37:00+00:00","article_modified_time":"2021-07-16T09:18:53+00:00","og_image":[{"width":600,"height":733,"url":"https:\/\/telemme.mmsh.fr\/wp-content\/uploads\/2021\/07\/9782271081452.jpg","type":"image\/jpeg"}],"author":"Delphine Cavallo","twitter_card":"summary_large_image","twitter_misc":{"\u00c9crit par":"Delphine Cavallo","Dur\u00e9e de lecture estim\u00e9e":"1 minute"},"schema":{"@context":"https:\/\/schema.org","@graph":[{"@type":"Article","@id":"https:\/\/telemme.mmsh.fr\/?p=9020#article","isPartOf":{"@id":"https:\/\/telemme.mmsh.fr\/?p=9020"},"author":{"name":"Delphine Cavallo","@id":"https:\/\/telemme.mmsh.fr\/#\/schema\/person\/86a185da4836381586528ced48e263f5"},"headline":"Rouge Cochenille","datePublished":"2021-03-01T16:37:00+00:00","dateModified":"2021-07-16T09:18:53+00:00","mainEntityOfPage":{"@id":"https:\/\/telemme.mmsh.fr\/?p=9020"},"wordCount":233,"publisher":{"@id":"https:\/\/telemme.mmsh.fr\/#organization"},"image":{"@id":"https:\/\/telemme.mmsh.fr\/?p=9020#primaryimage"},"thumbnailUrl":"https:\/\/telemme.mmsh.fr\/wp-content\/uploads\/2021\/07\/9782271081452.jpg","keywords":["cochenille"],"articleSection":["Ouvrages"],"inLanguage":"fr-FR"},{"@type":"WebPage","@id":"https:\/\/telemme.mmsh.fr\/?p=9020","url":"https:\/\/telemme.mmsh.fr\/?p=9020","name":"Rouge Cochenille - TELEMMe - Temps, espaces, langages, Europe m\u00e9ridionale, M\u00e9diterran\u00e9e","isPartOf":{"@id":"https:\/\/telemme.mmsh.fr\/#website"},"primaryImageOfPage":{"@id":"https:\/\/telemme.mmsh.fr\/?p=9020#primaryimage"},"image":{"@id":"https:\/\/telemme.mmsh.fr\/?p=9020#primaryimage"},"thumbnailUrl":"https:\/\/telemme.mmsh.fr\/wp-content\/uploads\/2021\/07\/9782271081452.jpg","datePublished":"2021-03-01T16:37:00+00:00","dateModified":"2021-07-16T09:18:53+00:00","description":"Rouge Cochenille. Histoire d\u2019un insecte qui colora le monde XVIe-XXIe si\u00e8cle, Danielle Trichaud-Buti et Gilbert Buti, CNRS \u00e9ditions, collection \"Histoire\", 2021, 336 pages.","breadcrumb":{"@id":"https:\/\/telemme.mmsh.fr\/?p=9020#breadcrumb"},"inLanguage":"fr-FR","potentialAction":[{"@type":"ReadAction","target":["https:\/\/telemme.mmsh.fr\/?p=9020"]}]},{"@type":"ImageObject","inLanguage":"fr-FR","@id":"https:\/\/telemme.mmsh.fr\/?p=9020#primaryimage","url":"https:\/\/telemme.mmsh.fr\/wp-content\/uploads\/2021\/07\/9782271081452.jpg","contentUrl":"https:\/\/telemme.mmsh.fr\/wp-content\/uploads\/2021\/07\/9782271081452.jpg","width":600,"height":733,"caption":"Couverture de Rouge cochenille, Danielle Trichaud-Buti, Gilbert Buti, CNRS \u00e9ditions, 2021"},{"@type":"BreadcrumbList","@id":"https:\/\/telemme.mmsh.fr\/?p=9020#breadcrumb","itemListElement":[{"@type":"ListItem","position":1,"name":"Accueil","item":"https:\/\/telemme.mmsh.fr\/"},{"@type":"ListItem","position":2,"name":"Publications","item":"https:\/\/telemme.mmsh.fr\/?cat=1738"},{"@type":"ListItem","position":3,"name":"Ouvrages","item":"https:\/\/telemme.mmsh.fr\/?cat=1740"},{"@type":"ListItem","position":4,"name":"Rouge Cochenille"}]},{"@type":"WebSite","@id":"https:\/\/telemme.mmsh.fr\/#website","url":"https:\/\/telemme.mmsh.fr\/","name":"TELEMMe - Temps, espaces, langages, Europe m\u00e9ridionale, M\u00e9diterran\u00e9e","description":"","publisher":{"@id":"https:\/\/telemme.mmsh.fr\/#organization"},"potentialAction":[{"@type":"SearchAction","target":{"@type":"EntryPoint","urlTemplate":"https:\/\/telemme.mmsh.fr\/?s={search_term_string}"},"query-input":{"@type":"PropertyValueSpecification","valueRequired":true,"valueName":"search_term_string"}}],"inLanguage":"fr-FR"},{"@type":"Organization","@id":"https:\/\/telemme.mmsh.fr\/#organization","name":"TELEMMe","url":"https:\/\/telemme.mmsh.fr\/","logo":{"@type":"ImageObject","inLanguage":"fr-FR","@id":"https:\/\/telemme.mmsh.fr\/#\/schema\/logo\/image\/","url":"https:\/\/telemme.mmsh.fr\/wp-content\/uploads\/2020\/03\/LogoTELEMMe-horizontal-fond-transparent.png","contentUrl":"https:\/\/telemme.mmsh.fr\/wp-content\/uploads\/2020\/03\/LogoTELEMMe-horizontal-fond-transparent.png","width":1500,"height":437,"caption":"TELEMMe"},"image":{"@id":"https:\/\/telemme.mmsh.fr\/#\/schema\/logo\/image\/"}},{"@type":"Person","@id":"https:\/\/telemme.mmsh.fr\/#\/schema\/person\/86a185da4836381586528ced48e263f5","name":"Delphine Cavallo","url":"https:\/\/telemme.mmsh.fr\/?author=6"}]}},"_links":{"self":[{"href":"https:\/\/telemme.mmsh.fr\/index.php?rest_route=\/wp\/v2\/posts\/9020","targetHints":{"allow":["GET"]}}],"collection":[{"href":"https:\/\/telemme.mmsh.fr\/index.php?rest_route=\/wp\/v2\/posts"}],"about":[{"href":"https:\/\/telemme.mmsh.fr\/index.php?rest_route=\/wp\/v2\/types\/post"}],"author":[{"embeddable":true,"href":"https:\/\/telemme.mmsh.fr\/index.php?rest_route=\/wp\/v2\/users\/6"}],"replies":[{"embeddable":true,"href":"https:\/\/telemme.mmsh.fr\/index.php?rest_route=%2Fwp%2Fv2%2Fcomments&post=9020"}],"version-history":[{"count":5,"href":"https:\/\/telemme.mmsh.fr\/index.php?rest_route=\/wp\/v2\/posts\/9020\/revisions"}],"predecessor-version":[{"id":9026,"href":"https:\/\/telemme.mmsh.fr\/index.php?rest_route=\/wp\/v2\/posts\/9020\/revisions\/9026"}],"wp:featuredmedia":[{"embeddable":true,"href":"https:\/\/telemme.mmsh.fr\/index.php?rest_route=\/wp\/v2\/media\/9022"}],"wp:attachment":[{"href":"https:\/\/telemme.mmsh.fr\/index.php?rest_route=%2Fwp%2Fv2%2Fmedia&parent=9020"}],"wp:term":[{"taxonomy":"category","embeddable":true,"href":"https:\/\/telemme.mmsh.fr\/index.php?rest_route=%2Fwp%2Fv2%2Fcategories&post=9020"},{"taxonomy":"post_tag","embeddable":true,"href":"https:\/\/telemme.mmsh.fr\/index.php?rest_route=%2Fwp%2Fv2%2Ftags&post=9020"}],"curies":[{"name":"wp","href":"https:\/\/api.w.org\/{rel}","templated":true}]}}