{"id":8776,"date":"2021-06-21T16:09:00","date_gmt":"2021-06-21T14:09:00","guid":{"rendered":"https:\/\/telemme.mmsh.fr\/?p=8776"},"modified":"2021-07-08T16:10:45","modified_gmt":"2021-07-08T14:10:45","slug":"hdr-jeremie-foa-troubles-dans-le-temps-approches-des-guerres-de-religion","status":"publish","type":"post","link":"https:\/\/telemme.mmsh.fr\/?p=8776","title":{"rendered":"[HDR] J\u00e9r\u00e9mie Foa, Troubles dans le temps. Approches des guerres de Religion"},"content":{"rendered":"\n<p>J\u00e9r\u00e9mie Foa soutiendra son Habilitation \u00e0 Diriger des Recherches samedi 26 juin 2021 \u00e0 13h30, \u00e0 l&rsquo;Universit\u00e9 Sorbonne Paris Nord, devant un jury compos\u00e9 de :\u00a0<\/p>\n\n\n\n<ul class=\"wp-block-list\"><li>Denis Crouzet (Universit\u00e9 Paris Sorbonne);\u00a0<\/li><li>Quentin Deluermoz (Universit\u00e9 de Paris);\u00a0<\/li><li>Murielle Gaude-Ferragu (Universit\u00e9 Sorbonne Paris Nord);\u00a0<\/li><li>Philippe Hamon (Universit\u00e9 de Rennes 2);\u00a0<\/li><li>Nicolas Le Roux (Universit\u00e9 Sorbonne Paris Nord ; garant);\u00a0<\/li><li>Natalia Muchnik (EHESS);\u00a0<\/li><li>Penny Roberts (Univ. of Warwick).<\/li><\/ul>\n\n\n\n<p>Le dossier est intitul\u00e9\u00a0\u00ab\u00a0Troubles dans le temps. Approches des guerres de Religion\u00a0\u00bb\u00a0et comprend notamment un m\u00e9moire in\u00e9dit\u00a0portant sur le massacre de la Saint-Barth\u00e9lemy (<em>Tous ceux qui tombent. Visages du massacre de la Saint-Barth\u00e9lemy<\/em>).\u00a0<\/p>\n","protected":false},"excerpt":{"rendered":"<p>J\u00e9r\u00e9mie Foa soutiendra son Habilitation \u00e0 Diriger des Recherches samedi 26 juin 2021. Le dossier est intitul\u00e9 \u00ab\u00a0Troubles dans le temps. Approches des guerres de Religion\u00a0\u00bb et comprend notamment un m\u00e9moire in\u00e9dit portant sur le massacre de la Saint-Barth\u00e9lemy (Tous ceux qui tombent. Visages du massacre de la Saint-Barth\u00e9lemy). <\/p>\n","protected":false},"author":6,"featured_media":8777,"comment_status":"closed","ping_status":"closed","sticky":false,"template":"","format":"standard","meta":{"neve_meta_sidebar":"right","neve_meta_container":"","neve_meta_enable_content_width":"on","neve_meta_content_width":70,"neve_meta_title_alignment":"","neve_meta_author_avatar":"","neve_post_elements_order":"","neve_meta_disable_header":"","neve_meta_disable_footer":"","neve_meta_disable_title":"","_tribe_events_control_status":"","_tribe_events_control_status_canceled_reason":"","_tribe_events_control_status_postponed_reason":"","_tribe_events_control_online":"","_tribe_events_control_online_url":"","footnotes":""},"categories":[2001],"tags":[2018],"class_list":["post-8776","post","type-post","status-publish","format-standard","has-post-thumbnail","hentry","category-soutenance-hdr","tag-guerres-de-religion"],"yoast_head":"<!-- This site is optimized with the Yoast SEO plugin v27.4 - https:\/\/yoast.com\/product\/yoast-seo-wordpress\/ -->\n<title>[HDR] J\u00e9r\u00e9mie Foa, Troubles dans le temps. Approches des guerres de Religion - TELEMMe - Temps, espaces, langages, Europe m\u00e9ridionale, M\u00e9diterran\u00e9e<\/title>\n<meta name=\"description\" content=\"J\u00e9r\u00e9mie Foa soutiendra son Habilitation \u00e0 Diriger des Recherches samedi 26 juin 2021. Le dossier est intitul\u00e9 &quot;Troubles dans le temps. Approches des guerres de Religion&quot; et comprend notamment un m\u00e9moire in\u00e9dit portant sur le massacre de la Saint-Barth\u00e9lemy (Tous ceux qui tombent. Visages du massacre de la Saint-Barth\u00e9lemy).\" \/>\n<meta name=\"robots\" content=\"index, follow, max-snippet:-1, max-image-preview:large, max-video-preview:-1\" \/>\n<link rel=\"canonical\" href=\"https:\/\/telemme.mmsh.fr\/?p=8776\" \/>\n<meta property=\"og:locale\" content=\"fr_FR\" \/>\n<meta property=\"og:type\" content=\"article\" \/>\n<meta property=\"og:title\" content=\"[HDR] J\u00e9r\u00e9mie Foa, Troubles dans le temps. Approches des guerres de Religion - TELEMMe - Temps, espaces, langages, Europe m\u00e9ridionale, M\u00e9diterran\u00e9e\" \/>\n<meta property=\"og:description\" content=\"J\u00e9r\u00e9mie Foa soutiendra son Habilitation \u00e0 Diriger des Recherches samedi 26 juin 2021. Le dossier est intitul\u00e9 &quot;Troubles dans le temps. Approches des guerres de Religion&quot; et comprend notamment un m\u00e9moire in\u00e9dit portant sur le massacre de la Saint-Barth\u00e9lemy (Tous ceux qui tombent. Visages du massacre de la Saint-Barth\u00e9lemy).\" \/>\n<meta property=\"og:url\" content=\"https:\/\/telemme.mmsh.fr\/?p=8776\" \/>\n<meta property=\"og:site_name\" content=\"TELEMMe - Temps, espaces, langages, Europe m\u00e9ridionale, M\u00e9diterran\u00e9e\" \/>\n<meta property=\"article:published_time\" content=\"2021-06-21T14:09:00+00:00\" \/>\n<meta property=\"article:modified_time\" content=\"2021-07-08T14:10:45+00:00\" \/>\n<meta property=\"og:image\" content=\"https:\/\/telemme.mmsh.fr\/wp-content\/uploads\/2021\/07\/La_masacre_de_San_Bartolome_por_Francois_Dubois.jpg\" \/>\n\t<meta property=\"og:image:width\" content=\"1024\" \/>\n\t<meta property=\"og:image:height\" content=\"621\" \/>\n\t<meta property=\"og:image:type\" content=\"image\/jpeg\" \/>\n<meta name=\"author\" content=\"Delphine Cavallo\" \/>\n<meta name=\"twitter:card\" content=\"summary_large_image\" \/>\n<meta name=\"twitter:label1\" content=\"\u00c9crit par\" \/>\n\t<meta name=\"twitter:data1\" content=\"Delphine Cavallo\" \/>\n\t<meta name=\"twitter:label2\" content=\"Dur\u00e9e de lecture estim\u00e9e\" \/>\n\t<meta name=\"twitter:data2\" content=\"1 minute\" \/>\n<script type=\"application\/ld+json\" class=\"yoast-schema-graph\">{\"@context\":\"https:\\\/\\\/schema.org\",\"@graph\":[{\"@type\":\"Article\",\"@id\":\"https:\\\/\\\/telemme.mmsh.fr\\\/?p=8776#article\",\"isPartOf\":{\"@id\":\"https:\\\/\\\/telemme.mmsh.fr\\\/?p=8776\"},\"author\":{\"name\":\"Delphine Cavallo\",\"@id\":\"https:\\\/\\\/telemme.mmsh.fr\\\/#\\\/schema\\\/person\\\/86a185da4836381586528ced48e263f5\"},\"headline\":\"[HDR] J\u00e9r\u00e9mie Foa, Troubles dans le temps. Approches des guerres de Religion\",\"datePublished\":\"2021-06-21T14:09:00+00:00\",\"dateModified\":\"2021-07-08T14:10:45+00:00\",\"mainEntityOfPage\":{\"@id\":\"https:\\\/\\\/telemme.mmsh.fr\\\/?p=8776\"},\"wordCount\":114,\"publisher\":{\"@id\":\"https:\\\/\\\/telemme.mmsh.fr\\\/#organization\"},\"image\":{\"@id\":\"https:\\\/\\\/telemme.mmsh.fr\\\/?p=8776#primaryimage\"},\"thumbnailUrl\":\"https:\\\/\\\/telemme.mmsh.fr\\\/wp-content\\\/uploads\\\/2021\\\/07\\\/La_masacre_de_San_Bartolome_por_Francois_Dubois.jpg\",\"keywords\":[\"guerres de Religion\"],\"articleSection\":[\"Soutenances d'HDR\"],\"inLanguage\":\"fr-FR\"},{\"@type\":\"WebPage\",\"@id\":\"https:\\\/\\\/telemme.mmsh.fr\\\/?p=8776\",\"url\":\"https:\\\/\\\/telemme.mmsh.fr\\\/?p=8776\",\"name\":\"[HDR] J\u00e9r\u00e9mie Foa, Troubles dans le temps. Approches des guerres de Religion - TELEMMe - Temps, espaces, langages, Europe m\u00e9ridionale, M\u00e9diterran\u00e9e\",\"isPartOf\":{\"@id\":\"https:\\\/\\\/telemme.mmsh.fr\\\/#website\"},\"primaryImageOfPage\":{\"@id\":\"https:\\\/\\\/telemme.mmsh.fr\\\/?p=8776#primaryimage\"},\"image\":{\"@id\":\"https:\\\/\\\/telemme.mmsh.fr\\\/?p=8776#primaryimage\"},\"thumbnailUrl\":\"https:\\\/\\\/telemme.mmsh.fr\\\/wp-content\\\/uploads\\\/2021\\\/07\\\/La_masacre_de_San_Bartolome_por_Francois_Dubois.jpg\",\"datePublished\":\"2021-06-21T14:09:00+00:00\",\"dateModified\":\"2021-07-08T14:10:45+00:00\",\"description\":\"J\u00e9r\u00e9mie Foa soutiendra son Habilitation \u00e0 Diriger des Recherches samedi 26 juin 2021. Le dossier est intitul\u00e9 \\\"Troubles dans le temps. Approches des guerres de Religion\\\" et comprend notamment un m\u00e9moire in\u00e9dit portant sur le massacre de la Saint-Barth\u00e9lemy (Tous ceux qui tombent. Visages du massacre de la Saint-Barth\u00e9lemy).\",\"breadcrumb\":{\"@id\":\"https:\\\/\\\/telemme.mmsh.fr\\\/?p=8776#breadcrumb\"},\"inLanguage\":\"fr-FR\",\"potentialAction\":[{\"@type\":\"ReadAction\",\"target\":[\"https:\\\/\\\/telemme.mmsh.fr\\\/?p=8776\"]}]},{\"@type\":\"ImageObject\",\"inLanguage\":\"fr-FR\",\"@id\":\"https:\\\/\\\/telemme.mmsh.fr\\\/?p=8776#primaryimage\",\"url\":\"https:\\\/\\\/telemme.mmsh.fr\\\/wp-content\\\/uploads\\\/2021\\\/07\\\/La_masacre_de_San_Bartolome_por_Francois_Dubois.jpg\",\"contentUrl\":\"https:\\\/\\\/telemme.mmsh.fr\\\/wp-content\\\/uploads\\\/2021\\\/07\\\/La_masacre_de_San_Bartolome_por_Francois_Dubois.jpg\",\"width\":1024,\"height\":621,\"caption\":\"Le Massacre de la Saint-Barth\u00e9lemy de Fran\u00e7ois Dubois, mus\u00e9e cantonal des Beaux-Arts de Lausanne.\"},{\"@type\":\"BreadcrumbList\",\"@id\":\"https:\\\/\\\/telemme.mmsh.fr\\\/?p=8776#breadcrumb\",\"itemListElement\":[{\"@type\":\"ListItem\",\"position\":1,\"name\":\"Accueil\",\"item\":\"https:\\\/\\\/telemme.mmsh.fr\\\/\"},{\"@type\":\"ListItem\",\"position\":2,\"name\":\"Actualit\u00e9s\",\"item\":\"https:\\\/\\\/telemme.mmsh.fr\\\/?cat=1995\"},{\"@type\":\"ListItem\",\"position\":3,\"name\":\"Soutenances d'HDR\",\"item\":\"https:\\\/\\\/telemme.mmsh.fr\\\/?cat=2001\"},{\"@type\":\"ListItem\",\"position\":4,\"name\":\"[HDR] J\u00e9r\u00e9mie Foa, Troubles dans le temps. Approches des guerres de Religion\"}]},{\"@type\":\"WebSite\",\"@id\":\"https:\\\/\\\/telemme.mmsh.fr\\\/#website\",\"url\":\"https:\\\/\\\/telemme.mmsh.fr\\\/\",\"name\":\"TELEMMe - Temps, espaces, langages, Europe m\u00e9ridionale, M\u00e9diterran\u00e9e\",\"description\":\"\",\"publisher\":{\"@id\":\"https:\\\/\\\/telemme.mmsh.fr\\\/#organization\"},\"potentialAction\":[{\"@type\":\"SearchAction\",\"target\":{\"@type\":\"EntryPoint\",\"urlTemplate\":\"https:\\\/\\\/telemme.mmsh.fr\\\/?s={search_term_string}\"},\"query-input\":{\"@type\":\"PropertyValueSpecification\",\"valueRequired\":true,\"valueName\":\"search_term_string\"}}],\"inLanguage\":\"fr-FR\"},{\"@type\":\"Organization\",\"@id\":\"https:\\\/\\\/telemme.mmsh.fr\\\/#organization\",\"name\":\"TELEMMe\",\"url\":\"https:\\\/\\\/telemme.mmsh.fr\\\/\",\"logo\":{\"@type\":\"ImageObject\",\"inLanguage\":\"fr-FR\",\"@id\":\"https:\\\/\\\/telemme.mmsh.fr\\\/#\\\/schema\\\/logo\\\/image\\\/\",\"url\":\"https:\\\/\\\/telemme.mmsh.fr\\\/wp-content\\\/uploads\\\/2020\\\/03\\\/LogoTELEMMe-horizontal-fond-transparent.png\",\"contentUrl\":\"https:\\\/\\\/telemme.mmsh.fr\\\/wp-content\\\/uploads\\\/2020\\\/03\\\/LogoTELEMMe-horizontal-fond-transparent.png\",\"width\":1500,\"height\":437,\"caption\":\"TELEMMe\"},\"image\":{\"@id\":\"https:\\\/\\\/telemme.mmsh.fr\\\/#\\\/schema\\\/logo\\\/image\\\/\"}},{\"@type\":\"Person\",\"@id\":\"https:\\\/\\\/telemme.mmsh.fr\\\/#\\\/schema\\\/person\\\/86a185da4836381586528ced48e263f5\",\"name\":\"Delphine Cavallo\",\"url\":\"https:\\\/\\\/telemme.mmsh.fr\\\/?author=6\"}]}<\/script>\n<!-- \/ Yoast SEO plugin. -->","yoast_head_json":{"title":"[HDR] J\u00e9r\u00e9mie Foa, Troubles dans le temps. Approches des guerres de Religion - TELEMMe - Temps, espaces, langages, Europe m\u00e9ridionale, M\u00e9diterran\u00e9e","description":"J\u00e9r\u00e9mie Foa soutiendra son Habilitation \u00e0 Diriger des Recherches samedi 26 juin 2021. Le dossier est intitul\u00e9 \"Troubles dans le temps. Approches des guerres de Religion\" et comprend notamment un m\u00e9moire in\u00e9dit portant sur le massacre de la Saint-Barth\u00e9lemy (Tous ceux qui tombent. Visages du massacre de la Saint-Barth\u00e9lemy).","robots":{"index":"index","follow":"follow","max-snippet":"max-snippet:-1","max-image-preview":"max-image-preview:large","max-video-preview":"max-video-preview:-1"},"canonical":"https:\/\/telemme.mmsh.fr\/?p=8776","og_locale":"fr_FR","og_type":"article","og_title":"[HDR] J\u00e9r\u00e9mie Foa, Troubles dans le temps. Approches des guerres de Religion - TELEMMe - Temps, espaces, langages, Europe m\u00e9ridionale, M\u00e9diterran\u00e9e","og_description":"J\u00e9r\u00e9mie Foa soutiendra son Habilitation \u00e0 Diriger des Recherches samedi 26 juin 2021. Le dossier est intitul\u00e9 \"Troubles dans le temps. Approches des guerres de Religion\" et comprend notamment un m\u00e9moire in\u00e9dit portant sur le massacre de la Saint-Barth\u00e9lemy (Tous ceux qui tombent. Visages du massacre de la Saint-Barth\u00e9lemy).","og_url":"https:\/\/telemme.mmsh.fr\/?p=8776","og_site_name":"TELEMMe - Temps, espaces, langages, Europe m\u00e9ridionale, M\u00e9diterran\u00e9e","article_published_time":"2021-06-21T14:09:00+00:00","article_modified_time":"2021-07-08T14:10:45+00:00","og_image":[{"width":1024,"height":621,"url":"https:\/\/telemme.mmsh.fr\/wp-content\/uploads\/2021\/07\/La_masacre_de_San_Bartolome_por_Francois_Dubois.jpg","type":"image\/jpeg"}],"author":"Delphine Cavallo","twitter_card":"summary_large_image","twitter_misc":{"\u00c9crit par":"Delphine Cavallo","Dur\u00e9e de lecture estim\u00e9e":"1 minute"},"schema":{"@context":"https:\/\/schema.org","@graph":[{"@type":"Article","@id":"https:\/\/telemme.mmsh.fr\/?p=8776#article","isPartOf":{"@id":"https:\/\/telemme.mmsh.fr\/?p=8776"},"author":{"name":"Delphine Cavallo","@id":"https:\/\/telemme.mmsh.fr\/#\/schema\/person\/86a185da4836381586528ced48e263f5"},"headline":"[HDR] J\u00e9r\u00e9mie Foa, Troubles dans le temps. Approches des guerres de Religion","datePublished":"2021-06-21T14:09:00+00:00","dateModified":"2021-07-08T14:10:45+00:00","mainEntityOfPage":{"@id":"https:\/\/telemme.mmsh.fr\/?p=8776"},"wordCount":114,"publisher":{"@id":"https:\/\/telemme.mmsh.fr\/#organization"},"image":{"@id":"https:\/\/telemme.mmsh.fr\/?p=8776#primaryimage"},"thumbnailUrl":"https:\/\/telemme.mmsh.fr\/wp-content\/uploads\/2021\/07\/La_masacre_de_San_Bartolome_por_Francois_Dubois.jpg","keywords":["guerres de Religion"],"articleSection":["Soutenances d'HDR"],"inLanguage":"fr-FR"},{"@type":"WebPage","@id":"https:\/\/telemme.mmsh.fr\/?p=8776","url":"https:\/\/telemme.mmsh.fr\/?p=8776","name":"[HDR] J\u00e9r\u00e9mie Foa, Troubles dans le temps. Approches des guerres de Religion - TELEMMe - Temps, espaces, langages, Europe m\u00e9ridionale, M\u00e9diterran\u00e9e","isPartOf":{"@id":"https:\/\/telemme.mmsh.fr\/#website"},"primaryImageOfPage":{"@id":"https:\/\/telemme.mmsh.fr\/?p=8776#primaryimage"},"image":{"@id":"https:\/\/telemme.mmsh.fr\/?p=8776#primaryimage"},"thumbnailUrl":"https:\/\/telemme.mmsh.fr\/wp-content\/uploads\/2021\/07\/La_masacre_de_San_Bartolome_por_Francois_Dubois.jpg","datePublished":"2021-06-21T14:09:00+00:00","dateModified":"2021-07-08T14:10:45+00:00","description":"J\u00e9r\u00e9mie Foa soutiendra son Habilitation \u00e0 Diriger des Recherches samedi 26 juin 2021. Le dossier est intitul\u00e9 \"Troubles dans le temps. Approches des guerres de Religion\" et comprend notamment un m\u00e9moire in\u00e9dit portant sur le massacre de la Saint-Barth\u00e9lemy (Tous ceux qui tombent. Visages du massacre de la Saint-Barth\u00e9lemy).","breadcrumb":{"@id":"https:\/\/telemme.mmsh.fr\/?p=8776#breadcrumb"},"inLanguage":"fr-FR","potentialAction":[{"@type":"ReadAction","target":["https:\/\/telemme.mmsh.fr\/?p=8776"]}]},{"@type":"ImageObject","inLanguage":"fr-FR","@id":"https:\/\/telemme.mmsh.fr\/?p=8776#primaryimage","url":"https:\/\/telemme.mmsh.fr\/wp-content\/uploads\/2021\/07\/La_masacre_de_San_Bartolome_por_Francois_Dubois.jpg","contentUrl":"https:\/\/telemme.mmsh.fr\/wp-content\/uploads\/2021\/07\/La_masacre_de_San_Bartolome_por_Francois_Dubois.jpg","width":1024,"height":621,"caption":"Le Massacre de la Saint-Barth\u00e9lemy de Fran\u00e7ois Dubois, mus\u00e9e cantonal des Beaux-Arts de Lausanne."},{"@type":"BreadcrumbList","@id":"https:\/\/telemme.mmsh.fr\/?p=8776#breadcrumb","itemListElement":[{"@type":"ListItem","position":1,"name":"Accueil","item":"https:\/\/telemme.mmsh.fr\/"},{"@type":"ListItem","position":2,"name":"Actualit\u00e9s","item":"https:\/\/telemme.mmsh.fr\/?cat=1995"},{"@type":"ListItem","position":3,"name":"Soutenances d'HDR","item":"https:\/\/telemme.mmsh.fr\/?cat=2001"},{"@type":"ListItem","position":4,"name":"[HDR] J\u00e9r\u00e9mie Foa, Troubles dans le temps. Approches des guerres de Religion"}]},{"@type":"WebSite","@id":"https:\/\/telemme.mmsh.fr\/#website","url":"https:\/\/telemme.mmsh.fr\/","name":"TELEMMe - Temps, espaces, langages, Europe m\u00e9ridionale, M\u00e9diterran\u00e9e","description":"","publisher":{"@id":"https:\/\/telemme.mmsh.fr\/#organization"},"potentialAction":[{"@type":"SearchAction","target":{"@type":"EntryPoint","urlTemplate":"https:\/\/telemme.mmsh.fr\/?s={search_term_string}"},"query-input":{"@type":"PropertyValueSpecification","valueRequired":true,"valueName":"search_term_string"}}],"inLanguage":"fr-FR"},{"@type":"Organization","@id":"https:\/\/telemme.mmsh.fr\/#organization","name":"TELEMMe","url":"https:\/\/telemme.mmsh.fr\/","logo":{"@type":"ImageObject","inLanguage":"fr-FR","@id":"https:\/\/telemme.mmsh.fr\/#\/schema\/logo\/image\/","url":"https:\/\/telemme.mmsh.fr\/wp-content\/uploads\/2020\/03\/LogoTELEMMe-horizontal-fond-transparent.png","contentUrl":"https:\/\/telemme.mmsh.fr\/wp-content\/uploads\/2020\/03\/LogoTELEMMe-horizontal-fond-transparent.png","width":1500,"height":437,"caption":"TELEMMe"},"image":{"@id":"https:\/\/telemme.mmsh.fr\/#\/schema\/logo\/image\/"}},{"@type":"Person","@id":"https:\/\/telemme.mmsh.fr\/#\/schema\/person\/86a185da4836381586528ced48e263f5","name":"Delphine Cavallo","url":"https:\/\/telemme.mmsh.fr\/?author=6"}]}},"_links":{"self":[{"href":"https:\/\/telemme.mmsh.fr\/index.php?rest_route=\/wp\/v2\/posts\/8776","targetHints":{"allow":["GET"]}}],"collection":[{"href":"https:\/\/telemme.mmsh.fr\/index.php?rest_route=\/wp\/v2\/posts"}],"about":[{"href":"https:\/\/telemme.mmsh.fr\/index.php?rest_route=\/wp\/v2\/types\/post"}],"author":[{"embeddable":true,"href":"https:\/\/telemme.mmsh.fr\/index.php?rest_route=\/wp\/v2\/users\/6"}],"replies":[{"embeddable":true,"href":"https:\/\/telemme.mmsh.fr\/index.php?rest_route=%2Fwp%2Fv2%2Fcomments&post=8776"}],"version-history":[{"count":1,"href":"https:\/\/telemme.mmsh.fr\/index.php?rest_route=\/wp\/v2\/posts\/8776\/revisions"}],"predecessor-version":[{"id":8778,"href":"https:\/\/telemme.mmsh.fr\/index.php?rest_route=\/wp\/v2\/posts\/8776\/revisions\/8778"}],"wp:featuredmedia":[{"embeddable":true,"href":"https:\/\/telemme.mmsh.fr\/index.php?rest_route=\/wp\/v2\/media\/8777"}],"wp:attachment":[{"href":"https:\/\/telemme.mmsh.fr\/index.php?rest_route=%2Fwp%2Fv2%2Fmedia&parent=8776"}],"wp:term":[{"taxonomy":"category","embeddable":true,"href":"https:\/\/telemme.mmsh.fr\/index.php?rest_route=%2Fwp%2Fv2%2Fcategories&post=8776"},{"taxonomy":"post_tag","embeddable":true,"href":"https:\/\/telemme.mmsh.fr\/index.php?rest_route=%2Fwp%2Fv2%2Ftags&post=8776"}],"curies":[{"name":"wp","href":"https:\/\/api.w.org\/{rel}","templated":true}]}}