{"id":8772,"date":"2021-01-04T15:56:00","date_gmt":"2021-01-04T14:56:00","guid":{"rendered":"https:\/\/telemme.mmsh.fr\/?p=8772"},"modified":"2021-07-15T11:30:02","modified_gmt":"2021-07-15T09:30:02","slug":"8772","status":"publish","type":"post","link":"https:\/\/telemme.mmsh.fr\/?p=8772","title":{"rendered":"[Th\u00e8se] Leily Hassaine-Bau, L\u2019\u00e9lite en ses territoires, vendredi 8 janvier 2021"},"content":{"rendered":"\n<p>Leily Hassaine-Bau&nbsp; soutiendra sa th\u00e8se de doctorat en g\u00e9ographie, intitul\u00e9e <strong>L\u2019\u00e9lite en ses territoires. Financiarisation, privatisation et projets urbains. (Monterrey, Mexique)<\/strong> et r\u00e9alis\u00e9e sous la direction de Virginie Baby-Collin et codirection de Gu\u00e9nola Capron,&nbsp; <strong>vendredi 8 janvier 2021 \u00e0 14h30<\/strong>&nbsp;\u00e0 Aix-en-Provence.<\/p>\n\n\n\n<p>Compte tenu du contexte sanitaire, la soutenance se d\u00e9roulera en&nbsp;<strong>visioconf\u00e9rence<\/strong>&nbsp;<\/p>\n\n\n\n<p>Si vous souhaitez y assister \u00e0 distance,&nbsp;<strong>merci de bien vouloir m\u2019envoyer un e-mail \u00e0 l&rsquo;adresse suivante&nbsp;:&nbsp;<a href=\"mailto:leilyhb@gmail.com\">leilyhb@gmail.com<\/a>&nbsp;<\/strong><\/p>\n\n\n\n<p><strong>Le jury sera compos\u00e9 de:&nbsp;<\/strong><\/p>\n\n\n\n<ul class=\"wp-block-list\"><li>Virginie BABY-COLLIN, G\u00e9ographe, Professeure des Universit\u00e9s, Aix-Marseille Universit\u00e9 (Directrice)<\/li><li>Gu\u00e9nola CAPRON, G\u00e9ographe, Professeure, Universidad Aut\u00f3noma Metropolitana (UAM) (Co-directrice)<\/li><li>Elisabeth DORIER, G\u00e9ographe, Professeure des Universit\u00e9s, Aix-Marseille Universit\u00e9 (Pr\u00e9sidente)&nbsp;<\/li><li>Anne FOUQUET, Sociologue, Professeure, Instituto Tecnol\u00f3gico y de Estudios Superiores de Monterrey (ITESM)<\/li><li>Renaud LE GOIX, G\u00e9ographe, Professeur des Universit\u00e9s, Universit\u00e9 de Paris (Rapporteur)<\/li><li>Patrice MEL\u00c9, G\u00e9ographe, Professeur des Universit\u00e9s, Universit\u00e9 de Tours (Rapporteur)<\/li><li>Matari PIERRE MANIGAT, \u00c9conomiste, Chercheur, Universidad Nacional de M\u00e9xico (UNAM)<\/li><li>Ana VILLARREAL, Sociologue, Professeure assistant, Boston University<\/li><\/ul>\n\n\n\n<p><strong>R\u00e9sum\u00e9<\/strong><strong>:&nbsp;<\/strong><\/p>\n\n\n\n<p>Comment l\u2019\u00e9lite prend-elle les r\u00eanes de la production urbaine et fait-elle la ville pour elle-m\u00eame ? Cette question est explor\u00e9e \u00e0 San Pedro Garza Garcia, la municipalit\u00e9 la plus riche du Mexique, localis\u00e9e dans l\u2019Aire M\u00e9tropolitaine de Monterrey, au nord-est du pays. Lieu de r\u00e9sidence de l\u2019\u00e9lite depuis les ann\u00e9es 1950, la municipalit\u00e9 est dor\u00e9navant r\u00e9am\u00e9nag\u00e9e \u00e0 partir de grands projets urbains adoptant les modes de production de la ville globale. La financiarisation de la ville acc\u00e9l\u00e8re un processus de privatisation de la production et des formes urbaines dont la th\u00e8se met en \u00e9vidence l\u2019historicit\u00e9.<\/p>\n\n\n\n<p>Depuis plus d\u2019un si\u00e8cle, la co\u00efncidence entre croissance \u00e9conomique et consolidation de l\u2019\u00e9lite rythme la production de la ville. L\u2019\u00e9tude de la production du territoire de l\u2019\u00e9lite, \u00e0 partir de diff\u00e9rents angles d\u2019approches, \u00e9conomique, politique, social, permet la compr\u00e9hension d\u2019un territoire particulier de tr\u00e8s forte agr\u00e9gation sociale. L\u2019analyse des projets d\u2019am\u00e9nagement urbain \u00e0 l\u2019initiative de ces grandes familles depuis 2010 permet de saisir comment les fonds et outils financiers qu\u2019elles mobilisent, gr\u00e2ce \u00e0 la cr\u00e9ation de fonds d\u2019investissement, deviennent des leviers de pouvoir renfor\u00e7ant leur contr\u00f4le sur la gouvernance urbaine locale. La planification de projets dans lesquels le foncier est envisag\u00e9 comme actif financier et la mise en patrimoine des projets par les fonds d\u2019investissement g\u00e9n\u00e8rent une privatisation de la gestion urbaine. Ces mutations permettent aux \u00e9lites d\u2019accentuer l\u2019enclavement de la municipalit\u00e9, dans laquelle surgissent plusieurs objets urbains aux diff\u00e9rents niveaux de fermeture (des tours et quartiers aux grands projets urbains).<\/p>\n\n\n\n<p>L\u2019\u00e9tude est conduite \u00e0 hauteur des individus, ceux que le grand projet concerne au quotidien : directeurs g\u00e9n\u00e9raux des fonds d\u2019investissements et des grandes entreprises, \u00e9lus, et habitants. L\u2019analyse de r\u00e9seau de ces acteurs et de leurs familles r\u00e9v\u00e8le l\u2019homog\u00e9n\u00e9it\u00e9 de cette classe sociale. Crois\u00e9e \u00e0 l\u2019observation des modes de financement des grands projets, ce travail donne \u00e0 voir leur monopole quant \u00e0 l\u2019acc\u00e8s et \u00e0 l\u2019investissement de capitaux financiers. Cette th\u00e8se confirme des processus historiques : ces familles ont tout autant fabriqu\u00e9 la ville industrielle du XXe&nbsp;si\u00e8cle qu\u2019elles fabriquent aujourd\u2019hui cette ville globale. Les nouvelles \u00e9chelles de privatisation de la ville, engendr\u00e9es par les logiques financi\u00e8res, semblent reconfigurer l\u2019espace m\u00e9tropolitain, entre dynamiques renouvel\u00e9es d\u2019agr\u00e9gation et de s\u00e9gr\u00e9gation sociale.<\/p>\n\n\n\n<p><strong>Mots cl\u00e9s<\/strong>: gouvernance urbaine, grands projets urbains, ville priv\u00e9e, financiarisation, acteurs de march\u00e9, \u00e9lite, production urbaine.<\/p>\n","protected":false},"excerpt":{"rendered":"<p>Leily Hassaine-Bau  soutiendra sa th\u00e8se de doctorat en g\u00e9ographie, intitul\u00e9e L\u2019\u00e9lite en ses territoires. Financiarisation, privatisation et projets urbains. (Monterrey, Mexique) et r\u00e9alis\u00e9e sous la direction de Virginie Baby-Collin et codirection de Gu\u00e9nola Capron,  vendredi 8 janvier 2021 \u00e0 14h30 \u00e0 Aix-en-Provence.<\/p>\n","protected":false},"author":6,"featured_media":8774,"comment_status":"closed","ping_status":"closed","sticky":false,"template":"","format":"standard","meta":{"neve_meta_sidebar":"right","neve_meta_container":"","neve_meta_enable_content_width":"on","neve_meta_content_width":70,"neve_meta_title_alignment":"","neve_meta_author_avatar":"","neve_post_elements_order":"","neve_meta_disable_header":"","neve_meta_disable_footer":"","neve_meta_disable_title":"","_tribe_events_control_status":"","_tribe_events_control_status_canceled_reason":"","_tribe_events_control_status_postponed_reason":"","_tribe_events_control_online":"","_tribe_events_control_online_url":"","footnotes":""},"categories":[1999],"tags":[2016,2015,2017],"class_list":["post-8772","post","type-post","status-publish","format-standard","has-post-thumbnail","hentry","category-soutenance-these","tag-gouvernance-urbaine","tag-mexique","tag-ville-privee"],"yoast_head":"<!-- This site is optimized with the Yoast SEO plugin v27.4 - https:\/\/yoast.com\/product\/yoast-seo-wordpress\/ -->\n<title>[Th\u00e8se] Leily Hassaine-Bau, L\u2019\u00e9lite en ses territoires, vendredi 8 janvier 2021 - TELEMMe - Temps, espaces, langages, Europe m\u00e9ridionale, M\u00e9diterran\u00e9e<\/title>\n<meta name=\"description\" content=\"Leily Hassaine-Bau soutiendra sa th\u00e8se de doctorat en g\u00e9ographie, intitul\u00e9e L\u2019\u00e9lite en ses territoires. Financiarisation, privatisation et projets urbains. (Monterrey, Mexique) et r\u00e9alis\u00e9e sous la direction de Virginie Baby-Collin et codirection de Gu\u00e9nola Capron, vendredi 8 janvier 2021 \u00e0 14h30 \u00e0 Aix-en-Provence.\" \/>\n<meta name=\"robots\" content=\"index, follow, max-snippet:-1, max-image-preview:large, max-video-preview:-1\" \/>\n<link rel=\"canonical\" href=\"https:\/\/telemme.mmsh.fr\/?p=8772\" \/>\n<meta property=\"og:locale\" content=\"fr_FR\" \/>\n<meta property=\"og:type\" content=\"article\" \/>\n<meta property=\"og:title\" content=\"[Th\u00e8se] Leily Hassaine-Bau, L\u2019\u00e9lite en ses territoires, vendredi 8 janvier 2021 - TELEMMe - Temps, espaces, langages, Europe m\u00e9ridionale, M\u00e9diterran\u00e9e\" \/>\n<meta property=\"og:description\" content=\"Leily Hassaine-Bau soutiendra sa th\u00e8se de doctorat en g\u00e9ographie, intitul\u00e9e L\u2019\u00e9lite en ses territoires. Financiarisation, privatisation et projets urbains. (Monterrey, Mexique) et r\u00e9alis\u00e9e sous la direction de Virginie Baby-Collin et codirection de Gu\u00e9nola Capron, vendredi 8 janvier 2021 \u00e0 14h30 \u00e0 Aix-en-Provence.\" \/>\n<meta property=\"og:url\" content=\"https:\/\/telemme.mmsh.fr\/?p=8772\" \/>\n<meta property=\"og:site_name\" content=\"TELEMMe - Temps, espaces, langages, Europe m\u00e9ridionale, M\u00e9diterran\u00e9e\" \/>\n<meta property=\"article:published_time\" content=\"2021-01-04T14:56:00+00:00\" \/>\n<meta property=\"article:modified_time\" content=\"2021-07-15T09:30:02+00:00\" \/>\n<meta property=\"og:image\" content=\"https:\/\/telemme.mmsh.fr\/wp-content\/uploads\/2021\/07\/Cerro_de_la_Silla_Mountain_Nuevo_Leon.jpg\" \/>\n\t<meta property=\"og:image:width\" content=\"512\" \/>\n\t<meta property=\"og:image:height\" content=\"384\" \/>\n\t<meta property=\"og:image:type\" content=\"image\/jpeg\" \/>\n<meta name=\"author\" content=\"Delphine Cavallo\" \/>\n<meta name=\"twitter:card\" content=\"summary_large_image\" \/>\n<meta name=\"twitter:label1\" content=\"\u00c9crit par\" \/>\n\t<meta name=\"twitter:data1\" content=\"Delphine Cavallo\" \/>\n\t<meta name=\"twitter:label2\" content=\"Dur\u00e9e de lecture estim\u00e9e\" \/>\n\t<meta name=\"twitter:data2\" content=\"3 minutes\" \/>\n<script type=\"application\/ld+json\" class=\"yoast-schema-graph\">{\"@context\":\"https:\\\/\\\/schema.org\",\"@graph\":[{\"@type\":\"Article\",\"@id\":\"https:\\\/\\\/telemme.mmsh.fr\\\/?p=8772#article\",\"isPartOf\":{\"@id\":\"https:\\\/\\\/telemme.mmsh.fr\\\/?p=8772\"},\"author\":{\"name\":\"Delphine Cavallo\",\"@id\":\"https:\\\/\\\/telemme.mmsh.fr\\\/#\\\/schema\\\/person\\\/86a185da4836381586528ced48e263f5\"},\"headline\":\"[Th\u00e8se] Leily Hassaine-Bau, L\u2019\u00e9lite en ses territoires, vendredi 8 janvier 2021\",\"datePublished\":\"2021-01-04T14:56:00+00:00\",\"dateModified\":\"2021-07-15T09:30:02+00:00\",\"mainEntityOfPage\":{\"@id\":\"https:\\\/\\\/telemme.mmsh.fr\\\/?p=8772\"},\"wordCount\":645,\"publisher\":{\"@id\":\"https:\\\/\\\/telemme.mmsh.fr\\\/#organization\"},\"image\":{\"@id\":\"https:\\\/\\\/telemme.mmsh.fr\\\/?p=8772#primaryimage\"},\"thumbnailUrl\":\"https:\\\/\\\/telemme.mmsh.fr\\\/wp-content\\\/uploads\\\/2021\\\/07\\\/Cerro_de_la_Silla_Mountain_Nuevo_Leon.jpg\",\"keywords\":[\"gouvernance urbaine\",\"Mexique\",\"ville priv\u00e9e\"],\"articleSection\":[\"Soutenances de th\u00e8se\"],\"inLanguage\":\"fr-FR\"},{\"@type\":\"WebPage\",\"@id\":\"https:\\\/\\\/telemme.mmsh.fr\\\/?p=8772\",\"url\":\"https:\\\/\\\/telemme.mmsh.fr\\\/?p=8772\",\"name\":\"[Th\u00e8se] Leily Hassaine-Bau, L\u2019\u00e9lite en ses territoires, vendredi 8 janvier 2021 - TELEMMe - Temps, espaces, langages, Europe m\u00e9ridionale, M\u00e9diterran\u00e9e\",\"isPartOf\":{\"@id\":\"https:\\\/\\\/telemme.mmsh.fr\\\/#website\"},\"primaryImageOfPage\":{\"@id\":\"https:\\\/\\\/telemme.mmsh.fr\\\/?p=8772#primaryimage\"},\"image\":{\"@id\":\"https:\\\/\\\/telemme.mmsh.fr\\\/?p=8772#primaryimage\"},\"thumbnailUrl\":\"https:\\\/\\\/telemme.mmsh.fr\\\/wp-content\\\/uploads\\\/2021\\\/07\\\/Cerro_de_la_Silla_Mountain_Nuevo_Leon.jpg\",\"datePublished\":\"2021-01-04T14:56:00+00:00\",\"dateModified\":\"2021-07-15T09:30:02+00:00\",\"description\":\"Leily Hassaine-Bau soutiendra sa th\u00e8se de doctorat en g\u00e9ographie, intitul\u00e9e L\u2019\u00e9lite en ses territoires. Financiarisation, privatisation et projets urbains. (Monterrey, Mexique) et r\u00e9alis\u00e9e sous la direction de Virginie Baby-Collin et codirection de Gu\u00e9nola Capron, vendredi 8 janvier 2021 \u00e0 14h30 \u00e0 Aix-en-Provence.\",\"breadcrumb\":{\"@id\":\"https:\\\/\\\/telemme.mmsh.fr\\\/?p=8772#breadcrumb\"},\"inLanguage\":\"fr-FR\",\"potentialAction\":[{\"@type\":\"ReadAction\",\"target\":[\"https:\\\/\\\/telemme.mmsh.fr\\\/?p=8772\"]}]},{\"@type\":\"ImageObject\",\"inLanguage\":\"fr-FR\",\"@id\":\"https:\\\/\\\/telemme.mmsh.fr\\\/?p=8772#primaryimage\",\"url\":\"https:\\\/\\\/telemme.mmsh.fr\\\/wp-content\\\/uploads\\\/2021\\\/07\\\/Cerro_de_la_Silla_Mountain_Nuevo_Leon.jpg\",\"contentUrl\":\"https:\\\/\\\/telemme.mmsh.fr\\\/wp-content\\\/uploads\\\/2021\\\/07\\\/Cerro_de_la_Silla_Mountain_Nuevo_Leon.jpg\",\"width\":512,\"height\":384,\"caption\":\"Monterrey desde la MacroBandera en el Cerro del Obispado\"},{\"@type\":\"BreadcrumbList\",\"@id\":\"https:\\\/\\\/telemme.mmsh.fr\\\/?p=8772#breadcrumb\",\"itemListElement\":[{\"@type\":\"ListItem\",\"position\":1,\"name\":\"Accueil\",\"item\":\"https:\\\/\\\/telemme.mmsh.fr\\\/\"},{\"@type\":\"ListItem\",\"position\":2,\"name\":\"Actualit\u00e9s\",\"item\":\"https:\\\/\\\/telemme.mmsh.fr\\\/?cat=1995\"},{\"@type\":\"ListItem\",\"position\":3,\"name\":\"Soutenances de th\u00e8se\",\"item\":\"https:\\\/\\\/telemme.mmsh.fr\\\/?cat=1999\"},{\"@type\":\"ListItem\",\"position\":4,\"name\":\"[Th\u00e8se] Leily Hassaine-Bau, L\u2019\u00e9lite en ses territoires, vendredi 8 janvier 2021\"}]},{\"@type\":\"WebSite\",\"@id\":\"https:\\\/\\\/telemme.mmsh.fr\\\/#website\",\"url\":\"https:\\\/\\\/telemme.mmsh.fr\\\/\",\"name\":\"TELEMMe - Temps, espaces, langages, Europe m\u00e9ridionale, M\u00e9diterran\u00e9e\",\"description\":\"\",\"publisher\":{\"@id\":\"https:\\\/\\\/telemme.mmsh.fr\\\/#organization\"},\"potentialAction\":[{\"@type\":\"SearchAction\",\"target\":{\"@type\":\"EntryPoint\",\"urlTemplate\":\"https:\\\/\\\/telemme.mmsh.fr\\\/?s={search_term_string}\"},\"query-input\":{\"@type\":\"PropertyValueSpecification\",\"valueRequired\":true,\"valueName\":\"search_term_string\"}}],\"inLanguage\":\"fr-FR\"},{\"@type\":\"Organization\",\"@id\":\"https:\\\/\\\/telemme.mmsh.fr\\\/#organization\",\"name\":\"TELEMMe\",\"url\":\"https:\\\/\\\/telemme.mmsh.fr\\\/\",\"logo\":{\"@type\":\"ImageObject\",\"inLanguage\":\"fr-FR\",\"@id\":\"https:\\\/\\\/telemme.mmsh.fr\\\/#\\\/schema\\\/logo\\\/image\\\/\",\"url\":\"https:\\\/\\\/telemme.mmsh.fr\\\/wp-content\\\/uploads\\\/2020\\\/03\\\/LogoTELEMMe-horizontal-fond-transparent.png\",\"contentUrl\":\"https:\\\/\\\/telemme.mmsh.fr\\\/wp-content\\\/uploads\\\/2020\\\/03\\\/LogoTELEMMe-horizontal-fond-transparent.png\",\"width\":1500,\"height\":437,\"caption\":\"TELEMMe\"},\"image\":{\"@id\":\"https:\\\/\\\/telemme.mmsh.fr\\\/#\\\/schema\\\/logo\\\/image\\\/\"}},{\"@type\":\"Person\",\"@id\":\"https:\\\/\\\/telemme.mmsh.fr\\\/#\\\/schema\\\/person\\\/86a185da4836381586528ced48e263f5\",\"name\":\"Delphine Cavallo\",\"url\":\"https:\\\/\\\/telemme.mmsh.fr\\\/?author=6\"}]}<\/script>\n<!-- \/ Yoast SEO plugin. -->","yoast_head_json":{"title":"[Th\u00e8se] Leily Hassaine-Bau, L\u2019\u00e9lite en ses territoires, vendredi 8 janvier 2021 - TELEMMe - Temps, espaces, langages, Europe m\u00e9ridionale, M\u00e9diterran\u00e9e","description":"Leily Hassaine-Bau soutiendra sa th\u00e8se de doctorat en g\u00e9ographie, intitul\u00e9e L\u2019\u00e9lite en ses territoires. Financiarisation, privatisation et projets urbains. (Monterrey, Mexique) et r\u00e9alis\u00e9e sous la direction de Virginie Baby-Collin et codirection de Gu\u00e9nola Capron, vendredi 8 janvier 2021 \u00e0 14h30 \u00e0 Aix-en-Provence.","robots":{"index":"index","follow":"follow","max-snippet":"max-snippet:-1","max-image-preview":"max-image-preview:large","max-video-preview":"max-video-preview:-1"},"canonical":"https:\/\/telemme.mmsh.fr\/?p=8772","og_locale":"fr_FR","og_type":"article","og_title":"[Th\u00e8se] Leily Hassaine-Bau, L\u2019\u00e9lite en ses territoires, vendredi 8 janvier 2021 - TELEMMe - Temps, espaces, langages, Europe m\u00e9ridionale, M\u00e9diterran\u00e9e","og_description":"Leily Hassaine-Bau soutiendra sa th\u00e8se de doctorat en g\u00e9ographie, intitul\u00e9e L\u2019\u00e9lite en ses territoires. Financiarisation, privatisation et projets urbains. (Monterrey, Mexique) et r\u00e9alis\u00e9e sous la direction de Virginie Baby-Collin et codirection de Gu\u00e9nola Capron, vendredi 8 janvier 2021 \u00e0 14h30 \u00e0 Aix-en-Provence.","og_url":"https:\/\/telemme.mmsh.fr\/?p=8772","og_site_name":"TELEMMe - Temps, espaces, langages, Europe m\u00e9ridionale, M\u00e9diterran\u00e9e","article_published_time":"2021-01-04T14:56:00+00:00","article_modified_time":"2021-07-15T09:30:02+00:00","og_image":[{"width":512,"height":384,"url":"https:\/\/telemme.mmsh.fr\/wp-content\/uploads\/2021\/07\/Cerro_de_la_Silla_Mountain_Nuevo_Leon.jpg","type":"image\/jpeg"}],"author":"Delphine Cavallo","twitter_card":"summary_large_image","twitter_misc":{"\u00c9crit par":"Delphine Cavallo","Dur\u00e9e de lecture estim\u00e9e":"3 minutes"},"schema":{"@context":"https:\/\/schema.org","@graph":[{"@type":"Article","@id":"https:\/\/telemme.mmsh.fr\/?p=8772#article","isPartOf":{"@id":"https:\/\/telemme.mmsh.fr\/?p=8772"},"author":{"name":"Delphine Cavallo","@id":"https:\/\/telemme.mmsh.fr\/#\/schema\/person\/86a185da4836381586528ced48e263f5"},"headline":"[Th\u00e8se] Leily Hassaine-Bau, L\u2019\u00e9lite en ses territoires, vendredi 8 janvier 2021","datePublished":"2021-01-04T14:56:00+00:00","dateModified":"2021-07-15T09:30:02+00:00","mainEntityOfPage":{"@id":"https:\/\/telemme.mmsh.fr\/?p=8772"},"wordCount":645,"publisher":{"@id":"https:\/\/telemme.mmsh.fr\/#organization"},"image":{"@id":"https:\/\/telemme.mmsh.fr\/?p=8772#primaryimage"},"thumbnailUrl":"https:\/\/telemme.mmsh.fr\/wp-content\/uploads\/2021\/07\/Cerro_de_la_Silla_Mountain_Nuevo_Leon.jpg","keywords":["gouvernance urbaine","Mexique","ville priv\u00e9e"],"articleSection":["Soutenances de th\u00e8se"],"inLanguage":"fr-FR"},{"@type":"WebPage","@id":"https:\/\/telemme.mmsh.fr\/?p=8772","url":"https:\/\/telemme.mmsh.fr\/?p=8772","name":"[Th\u00e8se] Leily Hassaine-Bau, L\u2019\u00e9lite en ses territoires, vendredi 8 janvier 2021 - TELEMMe - Temps, espaces, langages, Europe m\u00e9ridionale, M\u00e9diterran\u00e9e","isPartOf":{"@id":"https:\/\/telemme.mmsh.fr\/#website"},"primaryImageOfPage":{"@id":"https:\/\/telemme.mmsh.fr\/?p=8772#primaryimage"},"image":{"@id":"https:\/\/telemme.mmsh.fr\/?p=8772#primaryimage"},"thumbnailUrl":"https:\/\/telemme.mmsh.fr\/wp-content\/uploads\/2021\/07\/Cerro_de_la_Silla_Mountain_Nuevo_Leon.jpg","datePublished":"2021-01-04T14:56:00+00:00","dateModified":"2021-07-15T09:30:02+00:00","description":"Leily Hassaine-Bau soutiendra sa th\u00e8se de doctorat en g\u00e9ographie, intitul\u00e9e L\u2019\u00e9lite en ses territoires. Financiarisation, privatisation et projets urbains. (Monterrey, Mexique) et r\u00e9alis\u00e9e sous la direction de Virginie Baby-Collin et codirection de Gu\u00e9nola Capron, vendredi 8 janvier 2021 \u00e0 14h30 \u00e0 Aix-en-Provence.","breadcrumb":{"@id":"https:\/\/telemme.mmsh.fr\/?p=8772#breadcrumb"},"inLanguage":"fr-FR","potentialAction":[{"@type":"ReadAction","target":["https:\/\/telemme.mmsh.fr\/?p=8772"]}]},{"@type":"ImageObject","inLanguage":"fr-FR","@id":"https:\/\/telemme.mmsh.fr\/?p=8772#primaryimage","url":"https:\/\/telemme.mmsh.fr\/wp-content\/uploads\/2021\/07\/Cerro_de_la_Silla_Mountain_Nuevo_Leon.jpg","contentUrl":"https:\/\/telemme.mmsh.fr\/wp-content\/uploads\/2021\/07\/Cerro_de_la_Silla_Mountain_Nuevo_Leon.jpg","width":512,"height":384,"caption":"Monterrey desde la MacroBandera en el Cerro del Obispado"},{"@type":"BreadcrumbList","@id":"https:\/\/telemme.mmsh.fr\/?p=8772#breadcrumb","itemListElement":[{"@type":"ListItem","position":1,"name":"Accueil","item":"https:\/\/telemme.mmsh.fr\/"},{"@type":"ListItem","position":2,"name":"Actualit\u00e9s","item":"https:\/\/telemme.mmsh.fr\/?cat=1995"},{"@type":"ListItem","position":3,"name":"Soutenances de th\u00e8se","item":"https:\/\/telemme.mmsh.fr\/?cat=1999"},{"@type":"ListItem","position":4,"name":"[Th\u00e8se] Leily Hassaine-Bau, L\u2019\u00e9lite en ses territoires, vendredi 8 janvier 2021"}]},{"@type":"WebSite","@id":"https:\/\/telemme.mmsh.fr\/#website","url":"https:\/\/telemme.mmsh.fr\/","name":"TELEMMe - Temps, espaces, langages, Europe m\u00e9ridionale, M\u00e9diterran\u00e9e","description":"","publisher":{"@id":"https:\/\/telemme.mmsh.fr\/#organization"},"potentialAction":[{"@type":"SearchAction","target":{"@type":"EntryPoint","urlTemplate":"https:\/\/telemme.mmsh.fr\/?s={search_term_string}"},"query-input":{"@type":"PropertyValueSpecification","valueRequired":true,"valueName":"search_term_string"}}],"inLanguage":"fr-FR"},{"@type":"Organization","@id":"https:\/\/telemme.mmsh.fr\/#organization","name":"TELEMMe","url":"https:\/\/telemme.mmsh.fr\/","logo":{"@type":"ImageObject","inLanguage":"fr-FR","@id":"https:\/\/telemme.mmsh.fr\/#\/schema\/logo\/image\/","url":"https:\/\/telemme.mmsh.fr\/wp-content\/uploads\/2020\/03\/LogoTELEMMe-horizontal-fond-transparent.png","contentUrl":"https:\/\/telemme.mmsh.fr\/wp-content\/uploads\/2020\/03\/LogoTELEMMe-horizontal-fond-transparent.png","width":1500,"height":437,"caption":"TELEMMe"},"image":{"@id":"https:\/\/telemme.mmsh.fr\/#\/schema\/logo\/image\/"}},{"@type":"Person","@id":"https:\/\/telemme.mmsh.fr\/#\/schema\/person\/86a185da4836381586528ced48e263f5","name":"Delphine Cavallo","url":"https:\/\/telemme.mmsh.fr\/?author=6"}]}},"_links":{"self":[{"href":"https:\/\/telemme.mmsh.fr\/index.php?rest_route=\/wp\/v2\/posts\/8772","targetHints":{"allow":["GET"]}}],"collection":[{"href":"https:\/\/telemme.mmsh.fr\/index.php?rest_route=\/wp\/v2\/posts"}],"about":[{"href":"https:\/\/telemme.mmsh.fr\/index.php?rest_route=\/wp\/v2\/types\/post"}],"author":[{"embeddable":true,"href":"https:\/\/telemme.mmsh.fr\/index.php?rest_route=\/wp\/v2\/users\/6"}],"replies":[{"embeddable":true,"href":"https:\/\/telemme.mmsh.fr\/index.php?rest_route=%2Fwp%2Fv2%2Fcomments&post=8772"}],"version-history":[{"count":3,"href":"https:\/\/telemme.mmsh.fr\/index.php?rest_route=\/wp\/v2\/posts\/8772\/revisions"}],"predecessor-version":[{"id":8942,"href":"https:\/\/telemme.mmsh.fr\/index.php?rest_route=\/wp\/v2\/posts\/8772\/revisions\/8942"}],"wp:featuredmedia":[{"embeddable":true,"href":"https:\/\/telemme.mmsh.fr\/index.php?rest_route=\/wp\/v2\/media\/8774"}],"wp:attachment":[{"href":"https:\/\/telemme.mmsh.fr\/index.php?rest_route=%2Fwp%2Fv2%2Fmedia&parent=8772"}],"wp:term":[{"taxonomy":"category","embeddable":true,"href":"https:\/\/telemme.mmsh.fr\/index.php?rest_route=%2Fwp%2Fv2%2Fcategories&post=8772"},{"taxonomy":"post_tag","embeddable":true,"href":"https:\/\/telemme.mmsh.fr\/index.php?rest_route=%2Fwp%2Fv2%2Ftags&post=8772"}],"curies":[{"name":"wp","href":"https:\/\/api.w.org\/{rel}","templated":true}]}}