{"id":8770,"date":"2021-03-01T15:46:00","date_gmt":"2021-03-01T14:46:00","guid":{"rendered":"https:\/\/telemme.mmsh.fr\/?p=8770"},"modified":"2021-07-15T11:32:07","modified_gmt":"2021-07-15T09:32:07","slug":"these-salem-salah-pratiques-des-fondations-waqf-a-tunis-de-lepoque-ottomane-a-lindependance-1574-1957-mardi-9-mars-2021","status":"publish","type":"post","link":"https:\/\/telemme.mmsh.fr\/?p=8770","title":{"rendered":"[Th\u00e8se] Salem Salah, Pratiques des fondations waqf \u00e0 Tunis (1574-1957), mardi 9 mars 2021"},"content":{"rendered":"\n<p><strong>Salem SALAH<\/strong> soutiendra sa th\u00e8se de doctorat, r\u00e9alis\u00e9e sous la direction de Randi Deguilhem,  mardi 9 mars \u00e0 14h30 : <\/p>\n\n\n\n<p><strong>Pratiques des fondations waqf \u00e0 Tunis&nbsp;:&nbsp;de l\u2019\u00e9poque ottomane \u00e0 l\u2019ind\u00e9pendance (1574-1957)<\/strong><\/p>\n\n\n\n<p>Les fondations waqf en islam ont fait l\u2019objet de nombreuses \u00e9tudes dans diff\u00e9rentes langues \u00e0 travers le monde. Cela n\u2019a rien d\u2019\u00e9tonnant vu l\u2019importance de ces institutions dans l\u2019histoire \u00e9conomique, sociale, juridique et dans d\u2019autres domaines des soci\u00e9t\u00e9s islamiques ainsi que dans d\u2019autres communaut\u00e9s confessionnelles en terre d\u2019islam. Un sujet complexe en raison de son \u00e9volution soci\u00e9tale, le waqf est un outil par lequel un homme ou une femme (ou un groupe) c\u00e8de, \u00e0 titre perp\u00e9tuel, une partie de leurs propri\u00e9t\u00e9s priv\u00e9es. Une partie sp\u00e9cifique des revenus provenant de la rentabilisation de ces propri\u00e9t\u00e9s (le plus souvent par leur mise en location) va aux b\u00e9n\u00e9ficiaires nomm\u00e9s par la personne qui \u00e9tablit la fondation waqf. L\u2019administration des affaires du waqf est g\u00e9r\u00e9e par un individu indiqu\u00e9e par le fondateur ou la fondatrice du waqf au moment de la cr\u00e9ation de la fondation et cela de mani\u00e8re \u00e0 ce que le waqf continue \u00e0 fonctionner apr\u00e8s le d\u00e9c\u00e8s de la personne qui l\u2019a cr\u00e9\u00e9. Signalons qu\u2019il s\u2019agit d\u2019une pratique qui remonte aux premi\u00e8res g\u00e9n\u00e9rations de l\u2019islam et qui est encore pratiqu\u00e9e de nos jours dans des nombreux pays \u00e0 majorit\u00e9 musulmane.<\/p>\n\n\n\n<p>L\u2019\u00e9tude des documents de&nbsp;waqf permet de s\u2019approcher du fonctionnement de la fondation \u00e0 des \u00e9poques diff\u00e9rentes, ainsi que de son \u00e9volution dans l\u2019espace et dans le temps. L\u2019objectif de cette th\u00e8se est d\u2019analyser, tant qu\u2019il est possible, la logique des pratiques des fondations waqfdans la ville de Tunis de l\u2019\u00e9poque ottomane jusqu\u2019\u00e0 l\u2019ind\u00e9pendance de la Tunisie en passant par le protectorat fran\u00e7ais dans le pays (1574-1957). Nous \u00e9tudions ce sujet \u00e0 partir des documents de premi\u00e8re main, notamment, en s\u2019appuyant sur les actes qui portent sur les waqfs enregistr\u00e9s dans le tribunal ottoman de la ville de Tunis mais aussi par l\u2019analyse des documents de nature juridique et l\u00e9gislative produits par la gouvernance du protectorat, puis par celle de la Tunisie ind\u00e9pendante.<\/p>\n\n\n\n<p>Dans la premi\u00e8re partie de la th\u00e8se, nous \u00e9tudions la th\u00e9orie des pratiques du waqf \u00e0 Tunis ob\u00e9issant aux principes de la jurisprudence musulmane (<em>fiqh<\/em>) du rite (<em>madhhab<\/em>) mal\u00e9kite, puis au regard de la l\u00e9gislation de protectorat fran\u00e7ais en Tunisie. Dans la deuxi\u00e8me partie de ce travail, nous \u00e9tudions la structure de la charte de fondation du waqf, la <em>waqfiyya<\/em>, et des modes de transmission des biens appartenant aux waqfs \u00e0 l\u2019\u00e9poque ottomane (1574-1881) et coloniale (1881-1956) ainsi qu\u2019aux premi\u00e8res ann\u00e9es de l\u2019ind\u00e9pendance acquise en 1956. La troisi\u00e8me partie de la th\u00e8se porte sur l\u2019\u00e9tude de la gestion locale du waqf dans la ville de Tunis au cours de la p\u00e9riode \u00e9tudi\u00e9e, en mettant l\u2019accent sur les changements concernant la gestion des biens poss\u00e9d\u00e9s par les waqfs, plus particuli\u00e8rement, pour le d\u00e9but de la seconde moiti\u00e9 du XIX<sup>e<\/sup> si\u00e8cle avec la cr\u00e9ation de l\u2019Administration des Waqfs, la \u01e6am\u02bfiyyat al-Awq\u0101f&nbsp;en 1874.<\/p>\n\n\n\n<p>Par ces approches m\u00e9thodologiques, cette th\u00e8se nous permet d\u2019\u00e9tudier l\u2019\u00e9volution globale mais \u00e9galement d\u00e9taill\u00e9e de la gestion des waqfs de Tunis et, plus largement, de la Tunisie de l\u2019\u00e9poque ottomane ainsi que celle du protectorat et des premi\u00e8res ann\u00e9es de l\u2019ind\u00e9pendance du pays.<\/p>\n\n\n\n<p><strong>Mots-cl\u00e9s<\/strong>&nbsp;: waqf, Tunisie, ottoman, protectorat fran\u00e7ais, fiqh mal\u00e9kite, waqf han\u00e9fite<\/p>\n\n\n\n<p><strong>Composition du jury<\/strong><\/p>\n\n\n\n<ul class=\"wp-block-list\"><li>BOUGHOUFALA Oudd\u00e8ne, professeur des universit\u00e9s, Universit\u00e9 Ibn Khaldoun, Tiaret, Alg\u00e9rie, rapporteur<\/li><li>DEGUILHEM Randi, directrice de recherche, CNRS, TELEMMe-MMSH, Aix-Marseille Universit\u00e9, directrice de la th\u00e8se<\/li><li>LE THIEC Guy, professeur des universit\u00e9s, Aix-Marseille Universit\u00e9, TELEMMe-MMSH, examinateur<\/li><li>MOUTON Jean-Michel, directeur d\u2019\u00e9tudes, EPHE, Paris, examinateur<\/li><li>SAADAOUI Ahmed, professeur des universit\u00e9s, Universit\u00e9 de La Manouba, Tunis, examinateur<\/li><li>SROOR Musa, ma\u00eetre de conf\u00e9rences, Universit\u00e9 Birzeit, Palestine, rapporteur<\/li><\/ul>\n","protected":false},"excerpt":{"rendered":"<p>Salem SALAH soutiendra sa th\u00e8se de doctorat, r\u00e9alis\u00e9e sous la direction de Randi Deguilhem,  mardi 9 mars \u00e0 14h30 : Pratiques des fondations waqf \u00e0 Tunis : de l\u2019\u00e9poque ottomane \u00e0 l\u2019ind\u00e9pendance (1574-1957)<\/p>\n","protected":false},"author":6,"featured_media":0,"comment_status":"closed","ping_status":"closed","sticky":false,"template":"","format":"standard","meta":{"neve_meta_sidebar":"right","neve_meta_container":"","neve_meta_enable_content_width":"on","neve_meta_content_width":70,"neve_meta_title_alignment":"","neve_meta_author_avatar":"","neve_post_elements_order":"","neve_meta_disable_header":"","neve_meta_disable_footer":"","neve_meta_disable_title":"","_tribe_events_control_status":"","_tribe_events_control_status_canceled_reason":"","_tribe_events_control_status_postponed_reason":"","_tribe_events_control_online":"","_tribe_events_control_online_url":"","footnotes":""},"categories":[1999],"tags":[2014,2013],"class_list":["post-8770","post","type-post","status-publish","format-standard","hentry","category-soutenance-these","tag-tunis","tag-waqf"],"yoast_head":"<!-- This site is optimized with the Yoast SEO plugin v27.4 - https:\/\/yoast.com\/product\/yoast-seo-wordpress\/ -->\n<title>[Th\u00e8se] Salem Salah, Pratiques des fondations waqf \u00e0 Tunis (1574-1957), mardi 9 mars 2021 - TELEMMe - Temps, espaces, langages, Europe m\u00e9ridionale, M\u00e9diterran\u00e9e<\/title>\n<meta name=\"description\" content=\"Salem SALAH soutiendra sa th\u00e8se de doctorat, r\u00e9alis\u00e9e sous la direction de Randi Deguilhem, mardi 9 mars \u00e0 14h30 : Pratiques des fondations waqf \u00e0 Tunis : de l\u2019\u00e9poque ottomane \u00e0 l\u2019ind\u00e9pendance (1574-1957)\" \/>\n<meta name=\"robots\" content=\"index, follow, max-snippet:-1, max-image-preview:large, max-video-preview:-1\" \/>\n<link rel=\"canonical\" href=\"https:\/\/telemme.mmsh.fr\/?p=8770\" \/>\n<meta property=\"og:locale\" content=\"fr_FR\" \/>\n<meta property=\"og:type\" content=\"article\" \/>\n<meta property=\"og:title\" content=\"[Th\u00e8se] Salem Salah, Pratiques des fondations waqf \u00e0 Tunis (1574-1957), mardi 9 mars 2021 - TELEMMe - Temps, espaces, langages, Europe m\u00e9ridionale, M\u00e9diterran\u00e9e\" \/>\n<meta property=\"og:description\" content=\"Salem SALAH soutiendra sa th\u00e8se de doctorat, r\u00e9alis\u00e9e sous la direction de Randi Deguilhem, mardi 9 mars \u00e0 14h30 : Pratiques des fondations waqf \u00e0 Tunis : de l\u2019\u00e9poque ottomane \u00e0 l\u2019ind\u00e9pendance (1574-1957)\" \/>\n<meta property=\"og:url\" content=\"https:\/\/telemme.mmsh.fr\/?p=8770\" \/>\n<meta property=\"og:site_name\" content=\"TELEMMe - Temps, espaces, langages, Europe m\u00e9ridionale, M\u00e9diterran\u00e9e\" \/>\n<meta property=\"article:published_time\" content=\"2021-03-01T14:46:00+00:00\" \/>\n<meta property=\"article:modified_time\" content=\"2021-07-15T09:32:07+00:00\" \/>\n<meta name=\"author\" content=\"Delphine Cavallo\" \/>\n<meta name=\"twitter:card\" content=\"summary_large_image\" \/>\n<meta name=\"twitter:label1\" content=\"\u00c9crit par\" \/>\n\t<meta name=\"twitter:data1\" content=\"Delphine Cavallo\" \/>\n\t<meta name=\"twitter:label2\" content=\"Dur\u00e9e de lecture estim\u00e9e\" \/>\n\t<meta name=\"twitter:data2\" content=\"3 minutes\" \/>\n<script type=\"application\/ld+json\" class=\"yoast-schema-graph\">{\"@context\":\"https:\\\/\\\/schema.org\",\"@graph\":[{\"@type\":\"Article\",\"@id\":\"https:\\\/\\\/telemme.mmsh.fr\\\/?p=8770#article\",\"isPartOf\":{\"@id\":\"https:\\\/\\\/telemme.mmsh.fr\\\/?p=8770\"},\"author\":{\"name\":\"Delphine Cavallo\",\"@id\":\"https:\\\/\\\/telemme.mmsh.fr\\\/#\\\/schema\\\/person\\\/86a185da4836381586528ced48e263f5\"},\"headline\":\"[Th\u00e8se] Salem Salah, Pratiques des fondations waqf \u00e0 Tunis (1574-1957), mardi 9 mars 2021\",\"datePublished\":\"2021-03-01T14:46:00+00:00\",\"dateModified\":\"2021-07-15T09:32:07+00:00\",\"mainEntityOfPage\":{\"@id\":\"https:\\\/\\\/telemme.mmsh.fr\\\/?p=8770\"},\"wordCount\":732,\"publisher\":{\"@id\":\"https:\\\/\\\/telemme.mmsh.fr\\\/#organization\"},\"keywords\":[\"Tunis\",\"waqf\"],\"articleSection\":[\"Soutenances de th\u00e8se\"],\"inLanguage\":\"fr-FR\"},{\"@type\":\"WebPage\",\"@id\":\"https:\\\/\\\/telemme.mmsh.fr\\\/?p=8770\",\"url\":\"https:\\\/\\\/telemme.mmsh.fr\\\/?p=8770\",\"name\":\"[Th\u00e8se] Salem Salah, Pratiques des fondations waqf \u00e0 Tunis (1574-1957), mardi 9 mars 2021 - TELEMMe - Temps, espaces, langages, Europe m\u00e9ridionale, M\u00e9diterran\u00e9e\",\"isPartOf\":{\"@id\":\"https:\\\/\\\/telemme.mmsh.fr\\\/#website\"},\"datePublished\":\"2021-03-01T14:46:00+00:00\",\"dateModified\":\"2021-07-15T09:32:07+00:00\",\"description\":\"Salem SALAH soutiendra sa th\u00e8se de doctorat, r\u00e9alis\u00e9e sous la direction de Randi Deguilhem, mardi 9 mars \u00e0 14h30 : Pratiques des fondations waqf \u00e0 Tunis : de l\u2019\u00e9poque ottomane \u00e0 l\u2019ind\u00e9pendance (1574-1957)\",\"breadcrumb\":{\"@id\":\"https:\\\/\\\/telemme.mmsh.fr\\\/?p=8770#breadcrumb\"},\"inLanguage\":\"fr-FR\",\"potentialAction\":[{\"@type\":\"ReadAction\",\"target\":[\"https:\\\/\\\/telemme.mmsh.fr\\\/?p=8770\"]}]},{\"@type\":\"BreadcrumbList\",\"@id\":\"https:\\\/\\\/telemme.mmsh.fr\\\/?p=8770#breadcrumb\",\"itemListElement\":[{\"@type\":\"ListItem\",\"position\":1,\"name\":\"Accueil\",\"item\":\"https:\\\/\\\/telemme.mmsh.fr\\\/\"},{\"@type\":\"ListItem\",\"position\":2,\"name\":\"Actualit\u00e9s\",\"item\":\"https:\\\/\\\/telemme.mmsh.fr\\\/?cat=1995\"},{\"@type\":\"ListItem\",\"position\":3,\"name\":\"Soutenances de th\u00e8se\",\"item\":\"https:\\\/\\\/telemme.mmsh.fr\\\/?cat=1999\"},{\"@type\":\"ListItem\",\"position\":4,\"name\":\"[Th\u00e8se] Salem Salah, Pratiques des fondations waqf \u00e0 Tunis (1574-1957), mardi 9 mars 2021\"}]},{\"@type\":\"WebSite\",\"@id\":\"https:\\\/\\\/telemme.mmsh.fr\\\/#website\",\"url\":\"https:\\\/\\\/telemme.mmsh.fr\\\/\",\"name\":\"TELEMMe - Temps, espaces, langages, Europe m\u00e9ridionale, M\u00e9diterran\u00e9e\",\"description\":\"\",\"publisher\":{\"@id\":\"https:\\\/\\\/telemme.mmsh.fr\\\/#organization\"},\"potentialAction\":[{\"@type\":\"SearchAction\",\"target\":{\"@type\":\"EntryPoint\",\"urlTemplate\":\"https:\\\/\\\/telemme.mmsh.fr\\\/?s={search_term_string}\"},\"query-input\":{\"@type\":\"PropertyValueSpecification\",\"valueRequired\":true,\"valueName\":\"search_term_string\"}}],\"inLanguage\":\"fr-FR\"},{\"@type\":\"Organization\",\"@id\":\"https:\\\/\\\/telemme.mmsh.fr\\\/#organization\",\"name\":\"TELEMMe\",\"url\":\"https:\\\/\\\/telemme.mmsh.fr\\\/\",\"logo\":{\"@type\":\"ImageObject\",\"inLanguage\":\"fr-FR\",\"@id\":\"https:\\\/\\\/telemme.mmsh.fr\\\/#\\\/schema\\\/logo\\\/image\\\/\",\"url\":\"https:\\\/\\\/telemme.mmsh.fr\\\/wp-content\\\/uploads\\\/2020\\\/03\\\/LogoTELEMMe-horizontal-fond-transparent.png\",\"contentUrl\":\"https:\\\/\\\/telemme.mmsh.fr\\\/wp-content\\\/uploads\\\/2020\\\/03\\\/LogoTELEMMe-horizontal-fond-transparent.png\",\"width\":1500,\"height\":437,\"caption\":\"TELEMMe\"},\"image\":{\"@id\":\"https:\\\/\\\/telemme.mmsh.fr\\\/#\\\/schema\\\/logo\\\/image\\\/\"}},{\"@type\":\"Person\",\"@id\":\"https:\\\/\\\/telemme.mmsh.fr\\\/#\\\/schema\\\/person\\\/86a185da4836381586528ced48e263f5\",\"name\":\"Delphine Cavallo\",\"url\":\"https:\\\/\\\/telemme.mmsh.fr\\\/?author=6\"}]}<\/script>\n<!-- \/ Yoast SEO plugin. -->","yoast_head_json":{"title":"[Th\u00e8se] Salem Salah, Pratiques des fondations waqf \u00e0 Tunis (1574-1957), mardi 9 mars 2021 - TELEMMe - Temps, espaces, langages, Europe m\u00e9ridionale, M\u00e9diterran\u00e9e","description":"Salem SALAH soutiendra sa th\u00e8se de doctorat, r\u00e9alis\u00e9e sous la direction de Randi Deguilhem, mardi 9 mars \u00e0 14h30 : Pratiques des fondations waqf \u00e0 Tunis : de l\u2019\u00e9poque ottomane \u00e0 l\u2019ind\u00e9pendance (1574-1957)","robots":{"index":"index","follow":"follow","max-snippet":"max-snippet:-1","max-image-preview":"max-image-preview:large","max-video-preview":"max-video-preview:-1"},"canonical":"https:\/\/telemme.mmsh.fr\/?p=8770","og_locale":"fr_FR","og_type":"article","og_title":"[Th\u00e8se] Salem Salah, Pratiques des fondations waqf \u00e0 Tunis (1574-1957), mardi 9 mars 2021 - TELEMMe - Temps, espaces, langages, Europe m\u00e9ridionale, M\u00e9diterran\u00e9e","og_description":"Salem SALAH soutiendra sa th\u00e8se de doctorat, r\u00e9alis\u00e9e sous la direction de Randi Deguilhem, mardi 9 mars \u00e0 14h30 : Pratiques des fondations waqf \u00e0 Tunis : de l\u2019\u00e9poque ottomane \u00e0 l\u2019ind\u00e9pendance (1574-1957)","og_url":"https:\/\/telemme.mmsh.fr\/?p=8770","og_site_name":"TELEMMe - Temps, espaces, langages, Europe m\u00e9ridionale, M\u00e9diterran\u00e9e","article_published_time":"2021-03-01T14:46:00+00:00","article_modified_time":"2021-07-15T09:32:07+00:00","author":"Delphine Cavallo","twitter_card":"summary_large_image","twitter_misc":{"\u00c9crit par":"Delphine Cavallo","Dur\u00e9e de lecture estim\u00e9e":"3 minutes"},"schema":{"@context":"https:\/\/schema.org","@graph":[{"@type":"Article","@id":"https:\/\/telemme.mmsh.fr\/?p=8770#article","isPartOf":{"@id":"https:\/\/telemme.mmsh.fr\/?p=8770"},"author":{"name":"Delphine Cavallo","@id":"https:\/\/telemme.mmsh.fr\/#\/schema\/person\/86a185da4836381586528ced48e263f5"},"headline":"[Th\u00e8se] Salem Salah, Pratiques des fondations waqf \u00e0 Tunis (1574-1957), mardi 9 mars 2021","datePublished":"2021-03-01T14:46:00+00:00","dateModified":"2021-07-15T09:32:07+00:00","mainEntityOfPage":{"@id":"https:\/\/telemme.mmsh.fr\/?p=8770"},"wordCount":732,"publisher":{"@id":"https:\/\/telemme.mmsh.fr\/#organization"},"keywords":["Tunis","waqf"],"articleSection":["Soutenances de th\u00e8se"],"inLanguage":"fr-FR"},{"@type":"WebPage","@id":"https:\/\/telemme.mmsh.fr\/?p=8770","url":"https:\/\/telemme.mmsh.fr\/?p=8770","name":"[Th\u00e8se] Salem Salah, Pratiques des fondations waqf \u00e0 Tunis (1574-1957), mardi 9 mars 2021 - TELEMMe - Temps, espaces, langages, Europe m\u00e9ridionale, M\u00e9diterran\u00e9e","isPartOf":{"@id":"https:\/\/telemme.mmsh.fr\/#website"},"datePublished":"2021-03-01T14:46:00+00:00","dateModified":"2021-07-15T09:32:07+00:00","description":"Salem SALAH soutiendra sa th\u00e8se de doctorat, r\u00e9alis\u00e9e sous la direction de Randi Deguilhem, mardi 9 mars \u00e0 14h30 : Pratiques des fondations waqf \u00e0 Tunis : de l\u2019\u00e9poque ottomane \u00e0 l\u2019ind\u00e9pendance (1574-1957)","breadcrumb":{"@id":"https:\/\/telemme.mmsh.fr\/?p=8770#breadcrumb"},"inLanguage":"fr-FR","potentialAction":[{"@type":"ReadAction","target":["https:\/\/telemme.mmsh.fr\/?p=8770"]}]},{"@type":"BreadcrumbList","@id":"https:\/\/telemme.mmsh.fr\/?p=8770#breadcrumb","itemListElement":[{"@type":"ListItem","position":1,"name":"Accueil","item":"https:\/\/telemme.mmsh.fr\/"},{"@type":"ListItem","position":2,"name":"Actualit\u00e9s","item":"https:\/\/telemme.mmsh.fr\/?cat=1995"},{"@type":"ListItem","position":3,"name":"Soutenances de th\u00e8se","item":"https:\/\/telemme.mmsh.fr\/?cat=1999"},{"@type":"ListItem","position":4,"name":"[Th\u00e8se] Salem Salah, Pratiques des fondations waqf \u00e0 Tunis (1574-1957), mardi 9 mars 2021"}]},{"@type":"WebSite","@id":"https:\/\/telemme.mmsh.fr\/#website","url":"https:\/\/telemme.mmsh.fr\/","name":"TELEMMe - Temps, espaces, langages, Europe m\u00e9ridionale, M\u00e9diterran\u00e9e","description":"","publisher":{"@id":"https:\/\/telemme.mmsh.fr\/#organization"},"potentialAction":[{"@type":"SearchAction","target":{"@type":"EntryPoint","urlTemplate":"https:\/\/telemme.mmsh.fr\/?s={search_term_string}"},"query-input":{"@type":"PropertyValueSpecification","valueRequired":true,"valueName":"search_term_string"}}],"inLanguage":"fr-FR"},{"@type":"Organization","@id":"https:\/\/telemme.mmsh.fr\/#organization","name":"TELEMMe","url":"https:\/\/telemme.mmsh.fr\/","logo":{"@type":"ImageObject","inLanguage":"fr-FR","@id":"https:\/\/telemme.mmsh.fr\/#\/schema\/logo\/image\/","url":"https:\/\/telemme.mmsh.fr\/wp-content\/uploads\/2020\/03\/LogoTELEMMe-horizontal-fond-transparent.png","contentUrl":"https:\/\/telemme.mmsh.fr\/wp-content\/uploads\/2020\/03\/LogoTELEMMe-horizontal-fond-transparent.png","width":1500,"height":437,"caption":"TELEMMe"},"image":{"@id":"https:\/\/telemme.mmsh.fr\/#\/schema\/logo\/image\/"}},{"@type":"Person","@id":"https:\/\/telemme.mmsh.fr\/#\/schema\/person\/86a185da4836381586528ced48e263f5","name":"Delphine Cavallo","url":"https:\/\/telemme.mmsh.fr\/?author=6"}]}},"_links":{"self":[{"href":"https:\/\/telemme.mmsh.fr\/index.php?rest_route=\/wp\/v2\/posts\/8770","targetHints":{"allow":["GET"]}}],"collection":[{"href":"https:\/\/telemme.mmsh.fr\/index.php?rest_route=\/wp\/v2\/posts"}],"about":[{"href":"https:\/\/telemme.mmsh.fr\/index.php?rest_route=\/wp\/v2\/types\/post"}],"author":[{"embeddable":true,"href":"https:\/\/telemme.mmsh.fr\/index.php?rest_route=\/wp\/v2\/users\/6"}],"replies":[{"embeddable":true,"href":"https:\/\/telemme.mmsh.fr\/index.php?rest_route=%2Fwp%2Fv2%2Fcomments&post=8770"}],"version-history":[{"count":2,"href":"https:\/\/telemme.mmsh.fr\/index.php?rest_route=\/wp\/v2\/posts\/8770\/revisions"}],"predecessor-version":[{"id":8945,"href":"https:\/\/telemme.mmsh.fr\/index.php?rest_route=\/wp\/v2\/posts\/8770\/revisions\/8945"}],"wp:attachment":[{"href":"https:\/\/telemme.mmsh.fr\/index.php?rest_route=%2Fwp%2Fv2%2Fmedia&parent=8770"}],"wp:term":[{"taxonomy":"category","embeddable":true,"href":"https:\/\/telemme.mmsh.fr\/index.php?rest_route=%2Fwp%2Fv2%2Fcategories&post=8770"},{"taxonomy":"post_tag","embeddable":true,"href":"https:\/\/telemme.mmsh.fr\/index.php?rest_route=%2Fwp%2Fv2%2Ftags&post=8770"}],"curies":[{"name":"wp","href":"https:\/\/api.w.org\/{rel}","templated":true}]}}