{"id":8768,"date":"2021-03-15T15:38:00","date_gmt":"2021-03-15T14:38:00","guid":{"rendered":"https:\/\/telemme.mmsh.fr\/?p=8768"},"modified":"2021-07-15T11:34:04","modified_gmt":"2021-07-15T09:34:04","slug":"these-sebastien-llaurens-voir-les-traces-de-la-blessure-figurations-et-dramaturgies-des-conflits-en-mediterranee-contemporaine-dans-la-bande-dessinee-1986-2018-vendredi-26-mars-2021","status":"publish","type":"post","link":"https:\/\/telemme.mmsh.fr\/?p=8768","title":{"rendered":"[Th\u00e8se] S\u00e9bastien Llaurens, Les conflits en M\u00e9diterran\u00e9e dans la BD (1986-2018), vendredi 26 mars 2021"},"content":{"rendered":"\n<p>S\u00e9bastien Llaurens soutiendra sa th\u00e8se de doctorat en histoire, intitul\u00e9e <em>Voir les traces de la blessure \u2013 Figurations et dramaturgies des conflits en M\u00e9diterran\u00e9e contemporaine dans la bande dessin\u00e9e (1986-2018) <\/em>le vendredi 26 mars 2021 \u00e0 14 heures.<\/p>\n\n\n\n<p>Le jury est compos\u00e9 de&nbsp;:<\/p>\n\n\n\n<ul class=\"wp-block-list\"><li>Madame Evelyne Cohen, professeure \u00e9m\u00e9rite en histoire contemporaine, Universit\u00e9 de Lyon, rapporteure<\/li><li>Madame Anne-Marie Granet-Abisset, professeure des universit\u00e9s en histoire contemporaine, Universit\u00e9 Grenoble-Alpes, rapporteure<\/li><li>Madame Karima Dir\u00e8che, chercheure HDR en histoire contemporaine, CNRS, examinatrice<\/li><li>Monsieur Yvan Gastaut, ma\u00eetre de conf\u00e9rence, Universit\u00e9 C\u00f4te d\u2019Azur, examinateur<\/li><li>Monsieur Sylvain Lesage, ma\u00eetre de conf\u00e9rence, Universit\u00e9 de Lille, examinateur<\/li><li>Madame Isabelle Renaudet, professeure des universit\u00e9s en histoire contemporaine, Aix-Marseille Universit\u00e9, examinatrice<\/li><li>Monsieur Pierre Sint\u00e8s, ma\u00eetre de conf\u00e9rence HDR en g\u00e9ographie, Aix-Marseille Universit\u00e9, examinateur<\/li><li>Madame Maryline Crivello, professeure des universit\u00e9s en histoire contemporaine, Aix-Marseille Universit\u00e9, directrice de th\u00e8se<\/li><\/ul>\n\n\n\n<p><strong>R\u00e9sum\u00e9 de la th\u00e8se<\/strong>&nbsp;:<\/p>\n\n\n\n<p>Penser la M\u00e9diterran\u00e9e aujourd\u2019hui revient \u00e0 \u00e9tudier les processus socio-\u00e9conomiques, politiques et juridiques de l\u2019espace, mais \u00e9galement la circulation des savoirs et des objets. Penser la M\u00e9diterran\u00e9e avec la bande dessin\u00e9e revient \u00e0 r\u00e9fl\u00e9chir sur la circulation des \u00e9crits, des id\u00e9es, des images mais \u00e9galement des supports. Si le bien culturel \u00ab&nbsp;bande dessin\u00e9e&nbsp;\u00bb prend de plus en plus d\u2019importance en France et dans les pays m\u00e9diterran\u00e9ens, il s\u2019adapte aussi au niveau de sa forme selon les territoires en variant sa diffusion (objet livre, mais \u00e9galement revue, et web). Les images de bande dessin\u00e9e ont en effet trouv\u00e9 un nouveau moyen de diffusion et de circulation <em>via<\/em> le web, notamment au Maghreb. Le march\u00e9 de la bande dessin\u00e9e s\u2019inscrit ici dans une \u00e9conomie au sens large, avec ses acteurs, ses manifestations ou encore ses festivals (Bastia, Angoul\u00eame, Beyrouth, Alger, Ath\u00e8nes).<\/p>\n\n\n\n<p>L&rsquo;enjeu de cette th\u00e8se est&nbsp;d&rsquo;appr\u00e9cier la bande dessin\u00e9e comme un objet d\u2019histoire, de l\u2019\u00e9tudier non seulement une pratique sociale (de lecture et de cr\u00e9ation, de repr\u00e9sentation du pass\u00e9, de production \u00e9ditoriale de plus en plus importante) mais aussi comme un outil de projection historique g\u00e9n\u00e9ral et personnel, pour pouvoir saisir son ancrage dans le temps, son historicit\u00e9. Dans ce sens, la bande dessin\u00e9e est un nouveau terrain d\u2019expression autour du bassin m\u00e9diterran\u00e9en pour les auteurs, qui&nbsp;s\u2019emparent d\u2019objets ou d\u2019\u00e9v\u00e8nements pass\u00e9s ou pr\u00e9sents. Interroger les textes et les images d\u2019une bande dessin\u00e9e revient \u00e0 \u00e9tudier un dispositif artistique repr\u00e9sentant les hommes et les femmes \u00e0 travers le temps. L\u2019auteur \u00e9labore en effet une vision historique, sociale et souvent politique, qu\u2019il s\u2019agit de d\u00e9construire. Il repr\u00e9sente les \u00e9v\u00e9nements et le temps comme il peut parfois se faire l\u2019interm\u00e9diaire de celles et ceux qui ne peuvent parler. Il peut devenir alors t\u00e9moin du t\u00e9moin, \u00e9tant en charge d\u2019\u00e9laborer et de former un r\u00e9cit qui n\u2019est pas le sien. Cette diff\u00e9rence fondamentale avec la fiction est une des principales caract\u00e9ristiques de la bande dessin\u00e9e contemporaine. En effet, alors que jusque dans les ann\u00e9es 1980, la fiction dominait le march\u00e9 \u00e9ditorial fran\u00e7ais de la bande dessin\u00e9e, la biographie, l\u2019autobiographie et le reportage prennent depuis peu une part pr\u00e9pond\u00e9rante dans la production des ouvrages. Aujourd\u2019hui, en bande dessin\u00e9e, l\u2019histoire au sens large se raconte souvent \u00e0 travers le prisme de l\u2019\u00e9criture de soi. Celui qui \u00e9crit peut donc \u00eatre \u00e0 la fois le narrateur qui transmet mais \u00e9galement le premier acteur repr\u00e9sent\u00e9. Outre l\u2019histoire des repr\u00e9sentations, ces approches peuvent \u00e9galement s\u2019inscrire dans des probl\u00e9matiques li\u00e9es aux usages politiques et sociaux du pass\u00e9. Ces r\u00e9cits et ces images impliquent parfois de la part des auteurs des prises de position engag\u00e9es et une certaine r\u00e9appropriation du pass\u00e9 et des savoirs.<\/p>\n\n\n\n<p>Un deuxi\u00e8me mouvement anime cette th\u00e8se. Celui de l\u2019introduction, dans les ouvrages de bande dessin\u00e9e, de la documentation, de la preuve (photographies, archives\u2026) et de la figure de l\u2019expert, notamment celle de l\u2019historien. Les universitaires ou journalistes pr\u00e9facent d\u00e9j\u00e0 quelques livres de bande dessin\u00e9e traitant d\u2019un sujet dont ils sont sp\u00e9cialistes. Depuis les ann\u00e9es 2000 et l\u2019\u00e9mergence de nouveaux formats et de nouvelles formes en bande dessin\u00e9e, de plus en plus d\u2019historiens p\u00e9n\u00e8trent ce milieu \u00e9ditorial en tant que sc\u00e9naristes. Cela sous-tend la question de l\u2019importance m\u00e9diatique de la bande dessin\u00e9e (et donc de sa m\u00e9diation), mais \u00e9galement des histoires qu\u2019elle raconte, des publics qu\u2019elle vise et des savoirs qu\u2019elle constitue. De mani\u00e8re progressive, la bande dessin\u00e9e s\u2019\u00e9rige en interm\u00e9diaire des savoirs.&nbsp;&nbsp;<\/p>\n","protected":false},"excerpt":{"rendered":"<p>S\u00e9bastien Llaurens soutiendra sa th\u00e8se de doctorat en histoire, intitul\u00e9e Voir les traces de la blessure \u2013 Figurations et dramaturgies des conflits en M\u00e9diterran\u00e9e contemporaine dans la bande dessin\u00e9e (1986-2018) le vendredi 26 mars 2021 \u00e0 14 heures.<\/p>\n","protected":false},"author":6,"featured_media":0,"comment_status":"closed","ping_status":"closed","sticky":false,"template":"","format":"standard","meta":{"neve_meta_sidebar":"right","neve_meta_container":"","neve_meta_enable_content_width":"on","neve_meta_content_width":70,"neve_meta_title_alignment":"","neve_meta_author_avatar":"","neve_post_elements_order":"","neve_meta_disable_header":"","neve_meta_disable_footer":"","neve_meta_disable_title":"","_tribe_events_control_status":"","_tribe_events_control_status_canceled_reason":"","_tribe_events_control_status_postponed_reason":"","_tribe_events_control_online":"","_tribe_events_control_online_url":"","footnotes":""},"categories":[1999],"tags":[2012],"class_list":["post-8768","post","type-post","status-publish","format-standard","hentry","category-soutenance-these","tag-bande-dessinee"],"yoast_head":"<!-- This site is optimized with the Yoast SEO plugin v27.4 - https:\/\/yoast.com\/product\/yoast-seo-wordpress\/ -->\n<title>[Th\u00e8se] S\u00e9bastien Llaurens, Les conflits en M\u00e9diterran\u00e9e dans la BD (1986-2018), vendredi 26 mars 2021 - TELEMMe - Temps, espaces, langages, Europe m\u00e9ridionale, M\u00e9diterran\u00e9e<\/title>\n<meta name=\"description\" content=\"S\u00e9bastien Llaurens soutiendra sa th\u00e8se de doctorat en histoire, intitul\u00e9e Voir les traces de la blessure \u2013 Figurations et dramaturgies des conflits en M\u00e9diterran\u00e9e contemporaine dans la bande dessin\u00e9e (1986-2018) le vendredi 26 mars 2021 \u00e0 14 heures.\" \/>\n<meta name=\"robots\" content=\"index, follow, max-snippet:-1, max-image-preview:large, max-video-preview:-1\" \/>\n<link rel=\"canonical\" href=\"https:\/\/telemme.mmsh.fr\/?p=8768\" \/>\n<meta property=\"og:locale\" content=\"fr_FR\" \/>\n<meta property=\"og:type\" content=\"article\" \/>\n<meta property=\"og:title\" content=\"[Th\u00e8se] S\u00e9bastien Llaurens, Les conflits en M\u00e9diterran\u00e9e dans la BD (1986-2018), vendredi 26 mars 2021 - TELEMMe - Temps, espaces, langages, Europe m\u00e9ridionale, M\u00e9diterran\u00e9e\" \/>\n<meta property=\"og:description\" content=\"S\u00e9bastien Llaurens soutiendra sa th\u00e8se de doctorat en histoire, intitul\u00e9e Voir les traces de la blessure \u2013 Figurations et dramaturgies des conflits en M\u00e9diterran\u00e9e contemporaine dans la bande dessin\u00e9e (1986-2018) le vendredi 26 mars 2021 \u00e0 14 heures.\" \/>\n<meta property=\"og:url\" content=\"https:\/\/telemme.mmsh.fr\/?p=8768\" \/>\n<meta property=\"og:site_name\" content=\"TELEMMe - Temps, espaces, langages, Europe m\u00e9ridionale, M\u00e9diterran\u00e9e\" \/>\n<meta property=\"article:published_time\" content=\"2021-03-15T14:38:00+00:00\" \/>\n<meta property=\"article:modified_time\" content=\"2021-07-15T09:34:04+00:00\" \/>\n<meta name=\"author\" content=\"Delphine Cavallo\" \/>\n<meta name=\"twitter:card\" content=\"summary_large_image\" \/>\n<meta name=\"twitter:label1\" content=\"\u00c9crit par\" \/>\n\t<meta name=\"twitter:data1\" content=\"Delphine Cavallo\" \/>\n\t<meta name=\"twitter:label2\" content=\"Dur\u00e9e de lecture estim\u00e9e\" \/>\n\t<meta name=\"twitter:data2\" content=\"4 minutes\" \/>\n<script type=\"application\/ld+json\" class=\"yoast-schema-graph\">{\"@context\":\"https:\\\/\\\/schema.org\",\"@graph\":[{\"@type\":\"Article\",\"@id\":\"https:\\\/\\\/telemme.mmsh.fr\\\/?p=8768#article\",\"isPartOf\":{\"@id\":\"https:\\\/\\\/telemme.mmsh.fr\\\/?p=8768\"},\"author\":{\"name\":\"Delphine Cavallo\",\"@id\":\"https:\\\/\\\/telemme.mmsh.fr\\\/#\\\/schema\\\/person\\\/86a185da4836381586528ced48e263f5\"},\"headline\":\"[Th\u00e8se] S\u00e9bastien Llaurens, Les conflits en M\u00e9diterran\u00e9e dans la BD (1986-2018), vendredi 26 mars 2021\",\"datePublished\":\"2021-03-15T14:38:00+00:00\",\"dateModified\":\"2021-07-15T09:34:04+00:00\",\"mainEntityOfPage\":{\"@id\":\"https:\\\/\\\/telemme.mmsh.fr\\\/?p=8768\"},\"wordCount\":849,\"publisher\":{\"@id\":\"https:\\\/\\\/telemme.mmsh.fr\\\/#organization\"},\"keywords\":[\"bande dessin\u00e9e\"],\"articleSection\":[\"Soutenances de th\u00e8se\"],\"inLanguage\":\"fr-FR\"},{\"@type\":\"WebPage\",\"@id\":\"https:\\\/\\\/telemme.mmsh.fr\\\/?p=8768\",\"url\":\"https:\\\/\\\/telemme.mmsh.fr\\\/?p=8768\",\"name\":\"[Th\u00e8se] S\u00e9bastien Llaurens, Les conflits en M\u00e9diterran\u00e9e dans la BD (1986-2018), vendredi 26 mars 2021 - TELEMMe - Temps, espaces, langages, Europe m\u00e9ridionale, M\u00e9diterran\u00e9e\",\"isPartOf\":{\"@id\":\"https:\\\/\\\/telemme.mmsh.fr\\\/#website\"},\"datePublished\":\"2021-03-15T14:38:00+00:00\",\"dateModified\":\"2021-07-15T09:34:04+00:00\",\"description\":\"S\u00e9bastien Llaurens soutiendra sa th\u00e8se de doctorat en histoire, intitul\u00e9e Voir les traces de la blessure \u2013 Figurations et dramaturgies des conflits en M\u00e9diterran\u00e9e contemporaine dans la bande dessin\u00e9e (1986-2018) le vendredi 26 mars 2021 \u00e0 14 heures.\",\"breadcrumb\":{\"@id\":\"https:\\\/\\\/telemme.mmsh.fr\\\/?p=8768#breadcrumb\"},\"inLanguage\":\"fr-FR\",\"potentialAction\":[{\"@type\":\"ReadAction\",\"target\":[\"https:\\\/\\\/telemme.mmsh.fr\\\/?p=8768\"]}]},{\"@type\":\"BreadcrumbList\",\"@id\":\"https:\\\/\\\/telemme.mmsh.fr\\\/?p=8768#breadcrumb\",\"itemListElement\":[{\"@type\":\"ListItem\",\"position\":1,\"name\":\"Accueil\",\"item\":\"https:\\\/\\\/telemme.mmsh.fr\\\/\"},{\"@type\":\"ListItem\",\"position\":2,\"name\":\"Actualit\u00e9s\",\"item\":\"https:\\\/\\\/telemme.mmsh.fr\\\/?cat=1995\"},{\"@type\":\"ListItem\",\"position\":3,\"name\":\"Soutenances de th\u00e8se\",\"item\":\"https:\\\/\\\/telemme.mmsh.fr\\\/?cat=1999\"},{\"@type\":\"ListItem\",\"position\":4,\"name\":\"[Th\u00e8se] S\u00e9bastien Llaurens, Les conflits en M\u00e9diterran\u00e9e dans la BD (1986-2018), vendredi 26 mars 2021\"}]},{\"@type\":\"WebSite\",\"@id\":\"https:\\\/\\\/telemme.mmsh.fr\\\/#website\",\"url\":\"https:\\\/\\\/telemme.mmsh.fr\\\/\",\"name\":\"TELEMMe - Temps, espaces, langages, Europe m\u00e9ridionale, M\u00e9diterran\u00e9e\",\"description\":\"\",\"publisher\":{\"@id\":\"https:\\\/\\\/telemme.mmsh.fr\\\/#organization\"},\"potentialAction\":[{\"@type\":\"SearchAction\",\"target\":{\"@type\":\"EntryPoint\",\"urlTemplate\":\"https:\\\/\\\/telemme.mmsh.fr\\\/?s={search_term_string}\"},\"query-input\":{\"@type\":\"PropertyValueSpecification\",\"valueRequired\":true,\"valueName\":\"search_term_string\"}}],\"inLanguage\":\"fr-FR\"},{\"@type\":\"Organization\",\"@id\":\"https:\\\/\\\/telemme.mmsh.fr\\\/#organization\",\"name\":\"TELEMMe\",\"url\":\"https:\\\/\\\/telemme.mmsh.fr\\\/\",\"logo\":{\"@type\":\"ImageObject\",\"inLanguage\":\"fr-FR\",\"@id\":\"https:\\\/\\\/telemme.mmsh.fr\\\/#\\\/schema\\\/logo\\\/image\\\/\",\"url\":\"https:\\\/\\\/telemme.mmsh.fr\\\/wp-content\\\/uploads\\\/2020\\\/03\\\/LogoTELEMMe-horizontal-fond-transparent.png\",\"contentUrl\":\"https:\\\/\\\/telemme.mmsh.fr\\\/wp-content\\\/uploads\\\/2020\\\/03\\\/LogoTELEMMe-horizontal-fond-transparent.png\",\"width\":1500,\"height\":437,\"caption\":\"TELEMMe\"},\"image\":{\"@id\":\"https:\\\/\\\/telemme.mmsh.fr\\\/#\\\/schema\\\/logo\\\/image\\\/\"}},{\"@type\":\"Person\",\"@id\":\"https:\\\/\\\/telemme.mmsh.fr\\\/#\\\/schema\\\/person\\\/86a185da4836381586528ced48e263f5\",\"name\":\"Delphine Cavallo\",\"url\":\"https:\\\/\\\/telemme.mmsh.fr\\\/?author=6\"}]}<\/script>\n<!-- \/ Yoast SEO plugin. -->","yoast_head_json":{"title":"[Th\u00e8se] S\u00e9bastien Llaurens, Les conflits en M\u00e9diterran\u00e9e dans la BD (1986-2018), vendredi 26 mars 2021 - TELEMMe - Temps, espaces, langages, Europe m\u00e9ridionale, M\u00e9diterran\u00e9e","description":"S\u00e9bastien Llaurens soutiendra sa th\u00e8se de doctorat en histoire, intitul\u00e9e Voir les traces de la blessure \u2013 Figurations et dramaturgies des conflits en M\u00e9diterran\u00e9e contemporaine dans la bande dessin\u00e9e (1986-2018) le vendredi 26 mars 2021 \u00e0 14 heures.","robots":{"index":"index","follow":"follow","max-snippet":"max-snippet:-1","max-image-preview":"max-image-preview:large","max-video-preview":"max-video-preview:-1"},"canonical":"https:\/\/telemme.mmsh.fr\/?p=8768","og_locale":"fr_FR","og_type":"article","og_title":"[Th\u00e8se] S\u00e9bastien Llaurens, Les conflits en M\u00e9diterran\u00e9e dans la BD (1986-2018), vendredi 26 mars 2021 - TELEMMe - Temps, espaces, langages, Europe m\u00e9ridionale, M\u00e9diterran\u00e9e","og_description":"S\u00e9bastien Llaurens soutiendra sa th\u00e8se de doctorat en histoire, intitul\u00e9e Voir les traces de la blessure \u2013 Figurations et dramaturgies des conflits en M\u00e9diterran\u00e9e contemporaine dans la bande dessin\u00e9e (1986-2018) le vendredi 26 mars 2021 \u00e0 14 heures.","og_url":"https:\/\/telemme.mmsh.fr\/?p=8768","og_site_name":"TELEMMe - Temps, espaces, langages, Europe m\u00e9ridionale, M\u00e9diterran\u00e9e","article_published_time":"2021-03-15T14:38:00+00:00","article_modified_time":"2021-07-15T09:34:04+00:00","author":"Delphine Cavallo","twitter_card":"summary_large_image","twitter_misc":{"\u00c9crit par":"Delphine Cavallo","Dur\u00e9e de lecture estim\u00e9e":"4 minutes"},"schema":{"@context":"https:\/\/schema.org","@graph":[{"@type":"Article","@id":"https:\/\/telemme.mmsh.fr\/?p=8768#article","isPartOf":{"@id":"https:\/\/telemme.mmsh.fr\/?p=8768"},"author":{"name":"Delphine Cavallo","@id":"https:\/\/telemme.mmsh.fr\/#\/schema\/person\/86a185da4836381586528ced48e263f5"},"headline":"[Th\u00e8se] S\u00e9bastien Llaurens, Les conflits en M\u00e9diterran\u00e9e dans la BD (1986-2018), vendredi 26 mars 2021","datePublished":"2021-03-15T14:38:00+00:00","dateModified":"2021-07-15T09:34:04+00:00","mainEntityOfPage":{"@id":"https:\/\/telemme.mmsh.fr\/?p=8768"},"wordCount":849,"publisher":{"@id":"https:\/\/telemme.mmsh.fr\/#organization"},"keywords":["bande dessin\u00e9e"],"articleSection":["Soutenances de th\u00e8se"],"inLanguage":"fr-FR"},{"@type":"WebPage","@id":"https:\/\/telemme.mmsh.fr\/?p=8768","url":"https:\/\/telemme.mmsh.fr\/?p=8768","name":"[Th\u00e8se] S\u00e9bastien Llaurens, Les conflits en M\u00e9diterran\u00e9e dans la BD (1986-2018), vendredi 26 mars 2021 - TELEMMe - Temps, espaces, langages, Europe m\u00e9ridionale, M\u00e9diterran\u00e9e","isPartOf":{"@id":"https:\/\/telemme.mmsh.fr\/#website"},"datePublished":"2021-03-15T14:38:00+00:00","dateModified":"2021-07-15T09:34:04+00:00","description":"S\u00e9bastien Llaurens soutiendra sa th\u00e8se de doctorat en histoire, intitul\u00e9e Voir les traces de la blessure \u2013 Figurations et dramaturgies des conflits en M\u00e9diterran\u00e9e contemporaine dans la bande dessin\u00e9e (1986-2018) le vendredi 26 mars 2021 \u00e0 14 heures.","breadcrumb":{"@id":"https:\/\/telemme.mmsh.fr\/?p=8768#breadcrumb"},"inLanguage":"fr-FR","potentialAction":[{"@type":"ReadAction","target":["https:\/\/telemme.mmsh.fr\/?p=8768"]}]},{"@type":"BreadcrumbList","@id":"https:\/\/telemme.mmsh.fr\/?p=8768#breadcrumb","itemListElement":[{"@type":"ListItem","position":1,"name":"Accueil","item":"https:\/\/telemme.mmsh.fr\/"},{"@type":"ListItem","position":2,"name":"Actualit\u00e9s","item":"https:\/\/telemme.mmsh.fr\/?cat=1995"},{"@type":"ListItem","position":3,"name":"Soutenances de th\u00e8se","item":"https:\/\/telemme.mmsh.fr\/?cat=1999"},{"@type":"ListItem","position":4,"name":"[Th\u00e8se] S\u00e9bastien Llaurens, Les conflits en M\u00e9diterran\u00e9e dans la BD (1986-2018), vendredi 26 mars 2021"}]},{"@type":"WebSite","@id":"https:\/\/telemme.mmsh.fr\/#website","url":"https:\/\/telemme.mmsh.fr\/","name":"TELEMMe - Temps, espaces, langages, Europe m\u00e9ridionale, M\u00e9diterran\u00e9e","description":"","publisher":{"@id":"https:\/\/telemme.mmsh.fr\/#organization"},"potentialAction":[{"@type":"SearchAction","target":{"@type":"EntryPoint","urlTemplate":"https:\/\/telemme.mmsh.fr\/?s={search_term_string}"},"query-input":{"@type":"PropertyValueSpecification","valueRequired":true,"valueName":"search_term_string"}}],"inLanguage":"fr-FR"},{"@type":"Organization","@id":"https:\/\/telemme.mmsh.fr\/#organization","name":"TELEMMe","url":"https:\/\/telemme.mmsh.fr\/","logo":{"@type":"ImageObject","inLanguage":"fr-FR","@id":"https:\/\/telemme.mmsh.fr\/#\/schema\/logo\/image\/","url":"https:\/\/telemme.mmsh.fr\/wp-content\/uploads\/2020\/03\/LogoTELEMMe-horizontal-fond-transparent.png","contentUrl":"https:\/\/telemme.mmsh.fr\/wp-content\/uploads\/2020\/03\/LogoTELEMMe-horizontal-fond-transparent.png","width":1500,"height":437,"caption":"TELEMMe"},"image":{"@id":"https:\/\/telemme.mmsh.fr\/#\/schema\/logo\/image\/"}},{"@type":"Person","@id":"https:\/\/telemme.mmsh.fr\/#\/schema\/person\/86a185da4836381586528ced48e263f5","name":"Delphine Cavallo","url":"https:\/\/telemme.mmsh.fr\/?author=6"}]}},"_links":{"self":[{"href":"https:\/\/telemme.mmsh.fr\/index.php?rest_route=\/wp\/v2\/posts\/8768","targetHints":{"allow":["GET"]}}],"collection":[{"href":"https:\/\/telemme.mmsh.fr\/index.php?rest_route=\/wp\/v2\/posts"}],"about":[{"href":"https:\/\/telemme.mmsh.fr\/index.php?rest_route=\/wp\/v2\/types\/post"}],"author":[{"embeddable":true,"href":"https:\/\/telemme.mmsh.fr\/index.php?rest_route=\/wp\/v2\/users\/6"}],"replies":[{"embeddable":true,"href":"https:\/\/telemme.mmsh.fr\/index.php?rest_route=%2Fwp%2Fv2%2Fcomments&post=8768"}],"version-history":[{"count":4,"href":"https:\/\/telemme.mmsh.fr\/index.php?rest_route=\/wp\/v2\/posts\/8768\/revisions"}],"predecessor-version":[{"id":8948,"href":"https:\/\/telemme.mmsh.fr\/index.php?rest_route=\/wp\/v2\/posts\/8768\/revisions\/8948"}],"wp:attachment":[{"href":"https:\/\/telemme.mmsh.fr\/index.php?rest_route=%2Fwp%2Fv2%2Fmedia&parent=8768"}],"wp:term":[{"taxonomy":"category","embeddable":true,"href":"https:\/\/telemme.mmsh.fr\/index.php?rest_route=%2Fwp%2Fv2%2Fcategories&post=8768"},{"taxonomy":"post_tag","embeddable":true,"href":"https:\/\/telemme.mmsh.fr\/index.php?rest_route=%2Fwp%2Fv2%2Ftags&post=8768"}],"curies":[{"name":"wp","href":"https:\/\/api.w.org\/{rel}","templated":true}]}}