{"id":8643,"date":"2021-01-29T14:51:00","date_gmt":"2021-01-29T13:51:00","guid":{"rendered":"https:\/\/telemme.mmsh.fr\/?p=8643"},"modified":"2021-10-01T15:40:07","modified_gmt":"2021-10-01T13:40:07","slug":"these-fabien-bartolotti-le-port-de-marseille-face-aux-bouleversements-economiques-des-annees-1945-1992-lundi-1er-fevrier-202","status":"publish","type":"post","link":"https:\/\/telemme.mmsh.fr\/?p=8643","title":{"rendered":"[Th\u00e8se] Fabien Bartolotti, Le port de Marseille (1945-1992), lundi 1er f\u00e9vrier 2021"},"content":{"rendered":"\n<p>Fabien Bartolotti soutiendra sa th\u00e8se de doctorat en histoire, intitul\u00e9e<em> Le port de Marseille face aux bouleversements \u00e9conomiques des ann\u00e9es 1945-1992 : rythmes, strat\u00e9gies des acteurs, enjeux environnementaux<\/em>, lundi 1er f\u00e9vrier 2021 \u00e0 14 heures. Le jury est compos\u00e9 de : <\/p>\n\n\n\n<ul class=\"wp-block-list\"><li>M. Bruno Marnot, professeur des universit\u00e9s en histoire contemporaine, La Rochelle Universit\u00e9, rapporteur <\/li><li>Mme B\u00e9atrice Touchelay, professeure des universit\u00e9s en histoire contemporaine, Universit\u00e9 de Lille, rapporteuse <\/li><li>M. Ren\u00e9 Borruey, professeur HDR en histoire de l\u2019architecture contemporaine, \u00c9cole nationale sup\u00e9rieure d\u2019architecture de Marseille, examinateur <\/li><li>M. Alexandre Fernandez, professeur des universit\u00e9s en histoire contemporaine, Universit\u00e9 Bordeaux Montaigne, examinateur <\/li><li>Mme Carola Hein, professeure et directrice de la chaire d\u2019histoire de l&rsquo;architecture et de l&rsquo;urbanisme, Universit\u00e9 de technologie de Delft, examinatrice <\/li><li>M. Xavier Daumalin, professeur des universit\u00e9s en histoire contemporaine, Aix-Marseille Universit\u00e9, directeur de th\u00e8se. <\/li><\/ul>\n\n\n\n<p>En raison du contexte sanitaire, la soutenance se d\u00e9roulera en visioconf\u00e9rence.<\/p>\n\n\n\n<p><strong>R\u00e9sum\u00e9 <\/strong>: Cette th\u00e8se entend prolonger les recherches historiques men\u00e9es depuis une vingtaine d\u2019ann\u00e9es sur l\u2019\u00e9conomie marseillaise \u00e0 l&rsquo;\u00e9poque contemporaine, tout en enrichissant les r\u00e9flexions g\u00e9ographiques voire sociologiques actuellement disponibles dans la litt\u00e9rature scientifique. Si la premi\u00e8re (1830-1860) et la deuxi\u00e8me industrialisation (1880-1930) de la r\u00e9gion ont fait appara\u00eetre les sp\u00e9cificit\u00e9s du d\u00e9veloppement industrialo-portuaire local, les mutations de la seconde moiti\u00e9 du vingti\u00e8me si\u00e8cle (1945-1992) ont entra\u00een\u00e9 la disparition progressive d\u2019un syst\u00e8me pluris\u00e9culaire o\u00f9 se conjuguaient importation de mati\u00e8res premi\u00e8res ultramarines, transformation dans les espaces littoraux, puis r\u00e9exportation des produits obtenus vers l&rsquo;hinterland ou le foreland. Parall\u00e8lement \u00e0 l\u2019affaiblissement des branches embl\u00e9matiques de ce syst\u00e8me \u2013 huilerie-savonnerie, chimie min\u00e9rale, activit\u00e9s agro-alimentaires \u2013, certaines entreprises r\u00e9sistent \u00e0 la vague de fermetures, tandis que d&rsquo;autres fili\u00e8res \u00e9mergent \u2013 p\u00e9trole, sid\u00e9rurgie, logistique conteneuris\u00e9e \u2013 en lien avec l\u2019expansion occidentale des infrastructures portuaires vers Lav\u00e9ra \u00e0 partir de 1952, puis vers le golfe de Fos-sur-Mer d\u00e8s 1968. Faute d&rsquo;un acc\u00e8s ais\u00e9 aux documents de la p\u00e9riode dans les centres d&rsquo;archives publics, les causes, rythmes, acteurs et modalit\u00e9s pr\u00e9cises de ces ph\u00e9nom\u00e8nes restent m\u00e9connus. Les dossiers du Port autonome de Marseille cr\u00e9\u00e9 en 1966, compl\u00e9t\u00e9s par les archives des autorit\u00e9s portuaires qui l\u2019ont pr\u00e9c\u00e9d\u00e9, permettent d&rsquo;y apporter un nouvel \u00e9clairage depuis la fin de la Seconde Guerre mondiale. Renfermant une riche documentation sur les strat\u00e9gies, les discours et les repr\u00e9sentations des acteurs ainsi que des donn\u00e9es quantitatives in\u00e9dites, ils autorisent \u00e9galement un examen des probl\u00e9matiques environnementales pos\u00e9es par la cr\u00e9ation du complexe de Fos, symbole d\u2019un mod\u00e8le de croissance productiviste, polluant et \u00e9nergivore en plein c\u0153ur des \u00ab Trente Glorieuses \u00bb.<\/p>\n","protected":false},"excerpt":{"rendered":"<p>Fabien Bartolotti soutiendra sa th\u00e8se de doctorat en histoire, intitul\u00e9e \u00ab Le port de Marseille face aux bouleversements \u00e9conomiques des ann\u00e9es 1945-1992 : rythmes, strat\u00e9gies des acteurs, enjeux environnementaux \u00bb, lundi 1er f\u00e9vrier 2021 \u00e0 14 heures. <\/p>\n","protected":false},"author":6,"featured_media":4816,"comment_status":"closed","ping_status":"closed","sticky":false,"template":"","format":"standard","meta":{"neve_meta_sidebar":"right","neve_meta_container":"","neve_meta_enable_content_width":"on","neve_meta_content_width":70,"neve_meta_title_alignment":"","neve_meta_author_avatar":"","neve_post_elements_order":"","neve_meta_disable_header":"","neve_meta_disable_footer":"","neve_meta_disable_title":"","_tribe_events_control_status":"","_tribe_events_control_status_canceled_reason":"","_tribe_events_control_status_postponed_reason":"","_tribe_events_control_online":"","_tribe_events_control_online_url":"","footnotes":""},"categories":[1999],"tags":[1926,1991],"class_list":["post-8643","post","type-post","status-publish","format-standard","has-post-thumbnail","hentry","category-soutenance-these","tag-marseille","tag-port"],"yoast_head":"<!-- This site is optimized with the Yoast SEO plugin v27.4 - https:\/\/yoast.com\/product\/yoast-seo-wordpress\/ -->\n<title>[Th\u00e8se] Fabien Bartolotti, Le port de Marseille (1945-1992), lundi 1er f\u00e9vrier 2021 - TELEMMe - Temps, espaces, langages, Europe m\u00e9ridionale, M\u00e9diterran\u00e9e<\/title>\n<meta name=\"description\" content=\"Fabien Bartolotti soutiendra sa th\u00e8se de doctorat en histoire, intitul\u00e9e \u00ab Le port de Marseille face aux bouleversements \u00e9conomiques des ann\u00e9es 1945-1992 : rythmes, strat\u00e9gies des acteurs, enjeux environnementaux \u00bb, lundi 1er f\u00e9vrier 2021 \u00e0 14 heures.\" \/>\n<meta name=\"robots\" content=\"index, follow, max-snippet:-1, max-image-preview:large, max-video-preview:-1\" \/>\n<link rel=\"canonical\" href=\"https:\/\/telemme.mmsh.fr\/?p=8643\" \/>\n<meta property=\"og:locale\" content=\"fr_FR\" \/>\n<meta property=\"og:type\" content=\"article\" \/>\n<meta property=\"og:title\" content=\"[Th\u00e8se] Fabien Bartolotti, Le port de Marseille (1945-1992), lundi 1er f\u00e9vrier 2021 - TELEMMe - Temps, espaces, langages, Europe m\u00e9ridionale, M\u00e9diterran\u00e9e\" \/>\n<meta property=\"og:description\" content=\"Fabien Bartolotti soutiendra sa th\u00e8se de doctorat en histoire, intitul\u00e9e \u00ab Le port de Marseille face aux bouleversements \u00e9conomiques des ann\u00e9es 1945-1992 : rythmes, strat\u00e9gies des acteurs, enjeux environnementaux \u00bb, lundi 1er f\u00e9vrier 2021 \u00e0 14 heures.\" \/>\n<meta property=\"og:url\" content=\"https:\/\/telemme.mmsh.fr\/?p=8643\" \/>\n<meta property=\"og:site_name\" content=\"TELEMMe - Temps, espaces, langages, Europe m\u00e9ridionale, M\u00e9diterran\u00e9e\" \/>\n<meta property=\"article:published_time\" content=\"2021-01-29T13:51:00+00:00\" \/>\n<meta property=\"article:modified_time\" content=\"2021-10-01T13:40:07+00:00\" \/>\n<meta property=\"og:image\" content=\"https:\/\/telemme.mmsh.fr\/wp-content\/uploads\/2021\/02\/travaux_dans_le_golfe_de_fos_ad_bdr_215_w_6_1966_-150b6593b.jpg\" \/>\n\t<meta property=\"og:image:width\" content=\"400\" \/>\n\t<meta property=\"og:image:height\" content=\"319\" \/>\n\t<meta property=\"og:image:type\" content=\"image\/jpeg\" \/>\n<meta name=\"author\" content=\"Delphine Cavallo\" \/>\n<meta name=\"twitter:card\" content=\"summary_large_image\" \/>\n<meta name=\"twitter:label1\" content=\"\u00c9crit par\" \/>\n\t<meta name=\"twitter:data1\" content=\"Delphine Cavallo\" \/>\n\t<meta name=\"twitter:label2\" content=\"Dur\u00e9e de lecture estim\u00e9e\" \/>\n\t<meta name=\"twitter:data2\" content=\"2 minutes\" \/>\n<script type=\"application\/ld+json\" class=\"yoast-schema-graph\">{\"@context\":\"https:\\\/\\\/schema.org\",\"@graph\":[{\"@type\":\"Article\",\"@id\":\"https:\\\/\\\/telemme.mmsh.fr\\\/?p=8643#article\",\"isPartOf\":{\"@id\":\"https:\\\/\\\/telemme.mmsh.fr\\\/?p=8643\"},\"author\":{\"name\":\"Delphine Cavallo\",\"@id\":\"https:\\\/\\\/telemme.mmsh.fr\\\/#\\\/schema\\\/person\\\/86a185da4836381586528ced48e263f5\"},\"headline\":\"[Th\u00e8se] Fabien Bartolotti, Le port de Marseille (1945-1992), lundi 1er f\u00e9vrier 2021\",\"datePublished\":\"2021-01-29T13:51:00+00:00\",\"dateModified\":\"2021-10-01T13:40:07+00:00\",\"mainEntityOfPage\":{\"@id\":\"https:\\\/\\\/telemme.mmsh.fr\\\/?p=8643\"},\"wordCount\":490,\"publisher\":{\"@id\":\"https:\\\/\\\/telemme.mmsh.fr\\\/#organization\"},\"image\":{\"@id\":\"https:\\\/\\\/telemme.mmsh.fr\\\/?p=8643#primaryimage\"},\"thumbnailUrl\":\"https:\\\/\\\/telemme.mmsh.fr\\\/wp-content\\\/uploads\\\/2021\\\/02\\\/travaux_dans_le_golfe_de_fos_ad_bdr_215_w_6_1966_-150b6593b.jpg\",\"keywords\":[\"Marseille\",\"port\"],\"articleSection\":[\"Soutenances de th\u00e8se\"],\"inLanguage\":\"fr-FR\"},{\"@type\":\"WebPage\",\"@id\":\"https:\\\/\\\/telemme.mmsh.fr\\\/?p=8643\",\"url\":\"https:\\\/\\\/telemme.mmsh.fr\\\/?p=8643\",\"name\":\"[Th\u00e8se] Fabien Bartolotti, Le port de Marseille (1945-1992), lundi 1er f\u00e9vrier 2021 - TELEMMe - Temps, espaces, langages, Europe m\u00e9ridionale, M\u00e9diterran\u00e9e\",\"isPartOf\":{\"@id\":\"https:\\\/\\\/telemme.mmsh.fr\\\/#website\"},\"primaryImageOfPage\":{\"@id\":\"https:\\\/\\\/telemme.mmsh.fr\\\/?p=8643#primaryimage\"},\"image\":{\"@id\":\"https:\\\/\\\/telemme.mmsh.fr\\\/?p=8643#primaryimage\"},\"thumbnailUrl\":\"https:\\\/\\\/telemme.mmsh.fr\\\/wp-content\\\/uploads\\\/2021\\\/02\\\/travaux_dans_le_golfe_de_fos_ad_bdr_215_w_6_1966_-150b6593b.jpg\",\"datePublished\":\"2021-01-29T13:51:00+00:00\",\"dateModified\":\"2021-10-01T13:40:07+00:00\",\"description\":\"Fabien Bartolotti soutiendra sa th\u00e8se de doctorat en histoire, intitul\u00e9e \u00ab Le port de Marseille face aux bouleversements \u00e9conomiques des ann\u00e9es 1945-1992 : rythmes, strat\u00e9gies des acteurs, enjeux environnementaux \u00bb, lundi 1er f\u00e9vrier 2021 \u00e0 14 heures.\",\"breadcrumb\":{\"@id\":\"https:\\\/\\\/telemme.mmsh.fr\\\/?p=8643#breadcrumb\"},\"inLanguage\":\"fr-FR\",\"potentialAction\":[{\"@type\":\"ReadAction\",\"target\":[\"https:\\\/\\\/telemme.mmsh.fr\\\/?p=8643\"]}]},{\"@type\":\"ImageObject\",\"inLanguage\":\"fr-FR\",\"@id\":\"https:\\\/\\\/telemme.mmsh.fr\\\/?p=8643#primaryimage\",\"url\":\"https:\\\/\\\/telemme.mmsh.fr\\\/wp-content\\\/uploads\\\/2021\\\/02\\\/travaux_dans_le_golfe_de_fos_ad_bdr_215_w_6_1966_-150b6593b.jpg\",\"contentUrl\":\"https:\\\/\\\/telemme.mmsh.fr\\\/wp-content\\\/uploads\\\/2021\\\/02\\\/travaux_dans_le_golfe_de_fos_ad_bdr_215_w_6_1966_-150b6593b.jpg\",\"width\":400,\"height\":319,\"caption\":\"Travaux dans le golfe de Fos, 1966, Port autonome de Marseille, Archives nationale 19840136\\\/76\"},{\"@type\":\"BreadcrumbList\",\"@id\":\"https:\\\/\\\/telemme.mmsh.fr\\\/?p=8643#breadcrumb\",\"itemListElement\":[{\"@type\":\"ListItem\",\"position\":1,\"name\":\"Accueil\",\"item\":\"https:\\\/\\\/telemme.mmsh.fr\\\/\"},{\"@type\":\"ListItem\",\"position\":2,\"name\":\"Actualit\u00e9s\",\"item\":\"https:\\\/\\\/telemme.mmsh.fr\\\/?cat=1995\"},{\"@type\":\"ListItem\",\"position\":3,\"name\":\"Soutenances de th\u00e8se\",\"item\":\"https:\\\/\\\/telemme.mmsh.fr\\\/?cat=1999\"},{\"@type\":\"ListItem\",\"position\":4,\"name\":\"[Th\u00e8se] Fabien Bartolotti, Le port de Marseille (1945-1992), lundi 1er f\u00e9vrier 2021\"}]},{\"@type\":\"WebSite\",\"@id\":\"https:\\\/\\\/telemme.mmsh.fr\\\/#website\",\"url\":\"https:\\\/\\\/telemme.mmsh.fr\\\/\",\"name\":\"TELEMMe - Temps, espaces, langages, Europe m\u00e9ridionale, M\u00e9diterran\u00e9e\",\"description\":\"\",\"publisher\":{\"@id\":\"https:\\\/\\\/telemme.mmsh.fr\\\/#organization\"},\"potentialAction\":[{\"@type\":\"SearchAction\",\"target\":{\"@type\":\"EntryPoint\",\"urlTemplate\":\"https:\\\/\\\/telemme.mmsh.fr\\\/?s={search_term_string}\"},\"query-input\":{\"@type\":\"PropertyValueSpecification\",\"valueRequired\":true,\"valueName\":\"search_term_string\"}}],\"inLanguage\":\"fr-FR\"},{\"@type\":\"Organization\",\"@id\":\"https:\\\/\\\/telemme.mmsh.fr\\\/#organization\",\"name\":\"TELEMMe\",\"url\":\"https:\\\/\\\/telemme.mmsh.fr\\\/\",\"logo\":{\"@type\":\"ImageObject\",\"inLanguage\":\"fr-FR\",\"@id\":\"https:\\\/\\\/telemme.mmsh.fr\\\/#\\\/schema\\\/logo\\\/image\\\/\",\"url\":\"https:\\\/\\\/telemme.mmsh.fr\\\/wp-content\\\/uploads\\\/2020\\\/03\\\/LogoTELEMMe-horizontal-fond-transparent.png\",\"contentUrl\":\"https:\\\/\\\/telemme.mmsh.fr\\\/wp-content\\\/uploads\\\/2020\\\/03\\\/LogoTELEMMe-horizontal-fond-transparent.png\",\"width\":1500,\"height\":437,\"caption\":\"TELEMMe\"},\"image\":{\"@id\":\"https:\\\/\\\/telemme.mmsh.fr\\\/#\\\/schema\\\/logo\\\/image\\\/\"}},{\"@type\":\"Person\",\"@id\":\"https:\\\/\\\/telemme.mmsh.fr\\\/#\\\/schema\\\/person\\\/86a185da4836381586528ced48e263f5\",\"name\":\"Delphine Cavallo\",\"url\":\"https:\\\/\\\/telemme.mmsh.fr\\\/?author=6\"}]}<\/script>\n<!-- \/ Yoast SEO plugin. -->","yoast_head_json":{"title":"[Th\u00e8se] Fabien Bartolotti, Le port de Marseille (1945-1992), lundi 1er f\u00e9vrier 2021 - TELEMMe - Temps, espaces, langages, Europe m\u00e9ridionale, M\u00e9diterran\u00e9e","description":"Fabien Bartolotti soutiendra sa th\u00e8se de doctorat en histoire, intitul\u00e9e \u00ab Le port de Marseille face aux bouleversements \u00e9conomiques des ann\u00e9es 1945-1992 : rythmes, strat\u00e9gies des acteurs, enjeux environnementaux \u00bb, lundi 1er f\u00e9vrier 2021 \u00e0 14 heures.","robots":{"index":"index","follow":"follow","max-snippet":"max-snippet:-1","max-image-preview":"max-image-preview:large","max-video-preview":"max-video-preview:-1"},"canonical":"https:\/\/telemme.mmsh.fr\/?p=8643","og_locale":"fr_FR","og_type":"article","og_title":"[Th\u00e8se] Fabien Bartolotti, Le port de Marseille (1945-1992), lundi 1er f\u00e9vrier 2021 - TELEMMe - Temps, espaces, langages, Europe m\u00e9ridionale, M\u00e9diterran\u00e9e","og_description":"Fabien Bartolotti soutiendra sa th\u00e8se de doctorat en histoire, intitul\u00e9e \u00ab Le port de Marseille face aux bouleversements \u00e9conomiques des ann\u00e9es 1945-1992 : rythmes, strat\u00e9gies des acteurs, enjeux environnementaux \u00bb, lundi 1er f\u00e9vrier 2021 \u00e0 14 heures.","og_url":"https:\/\/telemme.mmsh.fr\/?p=8643","og_site_name":"TELEMMe - Temps, espaces, langages, Europe m\u00e9ridionale, M\u00e9diterran\u00e9e","article_published_time":"2021-01-29T13:51:00+00:00","article_modified_time":"2021-10-01T13:40:07+00:00","og_image":[{"width":400,"height":319,"url":"https:\/\/telemme.mmsh.fr\/wp-content\/uploads\/2021\/02\/travaux_dans_le_golfe_de_fos_ad_bdr_215_w_6_1966_-150b6593b.jpg","type":"image\/jpeg"}],"author":"Delphine Cavallo","twitter_card":"summary_large_image","twitter_misc":{"\u00c9crit par":"Delphine Cavallo","Dur\u00e9e de lecture estim\u00e9e":"2 minutes"},"schema":{"@context":"https:\/\/schema.org","@graph":[{"@type":"Article","@id":"https:\/\/telemme.mmsh.fr\/?p=8643#article","isPartOf":{"@id":"https:\/\/telemme.mmsh.fr\/?p=8643"},"author":{"name":"Delphine Cavallo","@id":"https:\/\/telemme.mmsh.fr\/#\/schema\/person\/86a185da4836381586528ced48e263f5"},"headline":"[Th\u00e8se] Fabien Bartolotti, Le port de Marseille (1945-1992), lundi 1er f\u00e9vrier 2021","datePublished":"2021-01-29T13:51:00+00:00","dateModified":"2021-10-01T13:40:07+00:00","mainEntityOfPage":{"@id":"https:\/\/telemme.mmsh.fr\/?p=8643"},"wordCount":490,"publisher":{"@id":"https:\/\/telemme.mmsh.fr\/#organization"},"image":{"@id":"https:\/\/telemme.mmsh.fr\/?p=8643#primaryimage"},"thumbnailUrl":"https:\/\/telemme.mmsh.fr\/wp-content\/uploads\/2021\/02\/travaux_dans_le_golfe_de_fos_ad_bdr_215_w_6_1966_-150b6593b.jpg","keywords":["Marseille","port"],"articleSection":["Soutenances de th\u00e8se"],"inLanguage":"fr-FR"},{"@type":"WebPage","@id":"https:\/\/telemme.mmsh.fr\/?p=8643","url":"https:\/\/telemme.mmsh.fr\/?p=8643","name":"[Th\u00e8se] Fabien Bartolotti, Le port de Marseille (1945-1992), lundi 1er f\u00e9vrier 2021 - TELEMMe - Temps, espaces, langages, Europe m\u00e9ridionale, M\u00e9diterran\u00e9e","isPartOf":{"@id":"https:\/\/telemme.mmsh.fr\/#website"},"primaryImageOfPage":{"@id":"https:\/\/telemme.mmsh.fr\/?p=8643#primaryimage"},"image":{"@id":"https:\/\/telemme.mmsh.fr\/?p=8643#primaryimage"},"thumbnailUrl":"https:\/\/telemme.mmsh.fr\/wp-content\/uploads\/2021\/02\/travaux_dans_le_golfe_de_fos_ad_bdr_215_w_6_1966_-150b6593b.jpg","datePublished":"2021-01-29T13:51:00+00:00","dateModified":"2021-10-01T13:40:07+00:00","description":"Fabien Bartolotti soutiendra sa th\u00e8se de doctorat en histoire, intitul\u00e9e \u00ab Le port de Marseille face aux bouleversements \u00e9conomiques des ann\u00e9es 1945-1992 : rythmes, strat\u00e9gies des acteurs, enjeux environnementaux \u00bb, lundi 1er f\u00e9vrier 2021 \u00e0 14 heures.","breadcrumb":{"@id":"https:\/\/telemme.mmsh.fr\/?p=8643#breadcrumb"},"inLanguage":"fr-FR","potentialAction":[{"@type":"ReadAction","target":["https:\/\/telemme.mmsh.fr\/?p=8643"]}]},{"@type":"ImageObject","inLanguage":"fr-FR","@id":"https:\/\/telemme.mmsh.fr\/?p=8643#primaryimage","url":"https:\/\/telemme.mmsh.fr\/wp-content\/uploads\/2021\/02\/travaux_dans_le_golfe_de_fos_ad_bdr_215_w_6_1966_-150b6593b.jpg","contentUrl":"https:\/\/telemme.mmsh.fr\/wp-content\/uploads\/2021\/02\/travaux_dans_le_golfe_de_fos_ad_bdr_215_w_6_1966_-150b6593b.jpg","width":400,"height":319,"caption":"Travaux dans le golfe de Fos, 1966, Port autonome de Marseille, Archives nationale 19840136\/76"},{"@type":"BreadcrumbList","@id":"https:\/\/telemme.mmsh.fr\/?p=8643#breadcrumb","itemListElement":[{"@type":"ListItem","position":1,"name":"Accueil","item":"https:\/\/telemme.mmsh.fr\/"},{"@type":"ListItem","position":2,"name":"Actualit\u00e9s","item":"https:\/\/telemme.mmsh.fr\/?cat=1995"},{"@type":"ListItem","position":3,"name":"Soutenances de th\u00e8se","item":"https:\/\/telemme.mmsh.fr\/?cat=1999"},{"@type":"ListItem","position":4,"name":"[Th\u00e8se] Fabien Bartolotti, Le port de Marseille (1945-1992), lundi 1er f\u00e9vrier 2021"}]},{"@type":"WebSite","@id":"https:\/\/telemme.mmsh.fr\/#website","url":"https:\/\/telemme.mmsh.fr\/","name":"TELEMMe - Temps, espaces, langages, Europe m\u00e9ridionale, M\u00e9diterran\u00e9e","description":"","publisher":{"@id":"https:\/\/telemme.mmsh.fr\/#organization"},"potentialAction":[{"@type":"SearchAction","target":{"@type":"EntryPoint","urlTemplate":"https:\/\/telemme.mmsh.fr\/?s={search_term_string}"},"query-input":{"@type":"PropertyValueSpecification","valueRequired":true,"valueName":"search_term_string"}}],"inLanguage":"fr-FR"},{"@type":"Organization","@id":"https:\/\/telemme.mmsh.fr\/#organization","name":"TELEMMe","url":"https:\/\/telemme.mmsh.fr\/","logo":{"@type":"ImageObject","inLanguage":"fr-FR","@id":"https:\/\/telemme.mmsh.fr\/#\/schema\/logo\/image\/","url":"https:\/\/telemme.mmsh.fr\/wp-content\/uploads\/2020\/03\/LogoTELEMMe-horizontal-fond-transparent.png","contentUrl":"https:\/\/telemme.mmsh.fr\/wp-content\/uploads\/2020\/03\/LogoTELEMMe-horizontal-fond-transparent.png","width":1500,"height":437,"caption":"TELEMMe"},"image":{"@id":"https:\/\/telemme.mmsh.fr\/#\/schema\/logo\/image\/"}},{"@type":"Person","@id":"https:\/\/telemme.mmsh.fr\/#\/schema\/person\/86a185da4836381586528ced48e263f5","name":"Delphine Cavallo","url":"https:\/\/telemme.mmsh.fr\/?author=6"}]}},"_links":{"self":[{"href":"https:\/\/telemme.mmsh.fr\/index.php?rest_route=\/wp\/v2\/posts\/8643","targetHints":{"allow":["GET"]}}],"collection":[{"href":"https:\/\/telemme.mmsh.fr\/index.php?rest_route=\/wp\/v2\/posts"}],"about":[{"href":"https:\/\/telemme.mmsh.fr\/index.php?rest_route=\/wp\/v2\/types\/post"}],"author":[{"embeddable":true,"href":"https:\/\/telemme.mmsh.fr\/index.php?rest_route=\/wp\/v2\/users\/6"}],"replies":[{"embeddable":true,"href":"https:\/\/telemme.mmsh.fr\/index.php?rest_route=%2Fwp%2Fv2%2Fcomments&post=8643"}],"version-history":[{"count":4,"href":"https:\/\/telemme.mmsh.fr\/index.php?rest_route=\/wp\/v2\/posts\/8643\/revisions"}],"predecessor-version":[{"id":9752,"href":"https:\/\/telemme.mmsh.fr\/index.php?rest_route=\/wp\/v2\/posts\/8643\/revisions\/9752"}],"wp:featuredmedia":[{"embeddable":true,"href":"https:\/\/telemme.mmsh.fr\/index.php?rest_route=\/wp\/v2\/media\/4816"}],"wp:attachment":[{"href":"https:\/\/telemme.mmsh.fr\/index.php?rest_route=%2Fwp%2Fv2%2Fmedia&parent=8643"}],"wp:term":[{"taxonomy":"category","embeddable":true,"href":"https:\/\/telemme.mmsh.fr\/index.php?rest_route=%2Fwp%2Fv2%2Fcategories&post=8643"},{"taxonomy":"post_tag","embeddable":true,"href":"https:\/\/telemme.mmsh.fr\/index.php?rest_route=%2Fwp%2Fv2%2Ftags&post=8643"}],"curies":[{"name":"wp","href":"https:\/\/api.w.org\/{rel}","templated":true}]}}