{"id":8638,"date":"2021-02-03T14:45:00","date_gmt":"2021-02-03T13:45:00","guid":{"rendered":"https:\/\/telemme.mmsh.fr\/?p=8638"},"modified":"2021-07-01T15:07:55","modified_gmt":"2021-07-01T13:07:55","slug":"mariana-dominguez-villaverde-recoit-un-prix-de-these-de-luniversite-daix-marseille","status":"publish","type":"post","link":"https:\/\/telemme.mmsh.fr\/?p=8638","title":{"rendered":"Mariana Dominguez Villaverde re\u00e7oit un prix de th\u00e8se de l\u2019universit\u00e9 d\u2019Aix-Marseille"},"content":{"rendered":"\n<p><strong>Mariana Dominguez<\/strong> <strong>Villaverde<\/strong> s\u2019est vu d\u00e9cerner l\u2019un des 16 prix de th\u00e8se de l\u2019universit\u00e9 d\u2019Aix-Marseille pour l\u2019ann\u00e9e 2020 \u00e0&nbsp;pour sa th\u00e8se de doctorat en histoire, intitul\u00e9e : <em><a href=\"https:\/\/www.theses.fr\/2019AIXM0602\">Ser y estar. Les Pieds-Noirs d\u2019Alicante et de sa r\u00e9gion, d\u2019une rive \u00e0 l\u2019autre de la M\u00e9diterran\u00e9e (1962-ann\u00e9es 2000)<\/a> <\/em>pr\u00e9par\u00e9e en cotutelle internationale sous la codirection d\u2019Isabelle Renaudet (AMU,&nbsp;TELEMMe) et d\u2019Emilio La Parra (Universit\u00e9 d\u2019Alicante). D\u00e9couvrez le parcours de Mariana Dominguez Villaverde dans le livret des prix de th\u00e8se 2020 d\u2019AMU \u00e0 t\u00e9l\u00e9charger ici : <a href=\"https:\/\/www.univ-amu.fr\/system\/files\/2020-12\/PRIX_DE_THESE_2020_12_15.WEB_.pdf\">https:\/\/www.univ-amu.fr\/system\/files\/2020-12\/PRIX_DE_THESE_2020_12_15.WEB_.pdf<\/a><\/p>\n","protected":false},"excerpt":{"rendered":"<p>Mariana Dominguez Villaverde s\u2019est vu d\u00e9cerner l\u2019un des 16 prix de th\u00e8se de l\u2019universit\u00e9 d\u2019Aix-Marseille pour l\u2019ann\u00e9e 2020.<\/p>\n","protected":false},"author":6,"featured_media":4819,"comment_status":"closed","ping_status":"closed","sticky":false,"template":"","format":"standard","meta":{"neve_meta_sidebar":"right","neve_meta_container":"","neve_meta_enable_content_width":"on","neve_meta_content_width":70,"neve_meta_title_alignment":"","neve_meta_author_avatar":"","neve_post_elements_order":"","neve_meta_disable_header":"","neve_meta_disable_footer":"","neve_meta_disable_title":"","_tribe_events_control_status":"","_tribe_events_control_status_canceled_reason":"","_tribe_events_control_status_postponed_reason":"","_tribe_events_control_online":"","_tribe_events_control_online_url":"","footnotes":""},"categories":[1997],"tags":[1989],"class_list":["post-8638","post","type-post","status-publish","format-standard","has-post-thumbnail","hentry","category-prix","tag-prix-de-these"],"yoast_head":"<!-- This site is optimized with the Yoast SEO plugin v27.4 - https:\/\/yoast.com\/product\/yoast-seo-wordpress\/ -->\n<title>Mariana Dominguez Villaverde re\u00e7oit un prix de th\u00e8se de l\u2019universit\u00e9 d\u2019Aix-Marseille - TELEMMe - Temps, espaces, langages, Europe m\u00e9ridionale, M\u00e9diterran\u00e9e<\/title>\n<meta name=\"description\" content=\"Mariana Dominguez Villaverde s\u2019est vu d\u00e9cerner l\u2019un des 16 prix de th\u00e8se de l\u2019universit\u00e9 d\u2019Aix-Marseille pour l\u2019ann\u00e9e 2020.\" \/>\n<meta name=\"robots\" content=\"index, follow, max-snippet:-1, max-image-preview:large, max-video-preview:-1\" \/>\n<link rel=\"canonical\" href=\"https:\/\/telemme.mmsh.fr\/?p=8638\" \/>\n<meta property=\"og:locale\" content=\"fr_FR\" \/>\n<meta property=\"og:type\" content=\"article\" \/>\n<meta property=\"og:title\" content=\"Mariana Dominguez Villaverde re\u00e7oit un prix de th\u00e8se de l\u2019universit\u00e9 d\u2019Aix-Marseille - TELEMMe - Temps, espaces, langages, Europe m\u00e9ridionale, M\u00e9diterran\u00e9e\" \/>\n<meta property=\"og:description\" content=\"Mariana Dominguez Villaverde s\u2019est vu d\u00e9cerner l\u2019un des 16 prix de th\u00e8se de l\u2019universit\u00e9 d\u2019Aix-Marseille pour l\u2019ann\u00e9e 2020.\" \/>\n<meta property=\"og:url\" content=\"https:\/\/telemme.mmsh.fr\/?p=8638\" \/>\n<meta property=\"og:site_name\" content=\"TELEMMe - Temps, espaces, langages, Europe m\u00e9ridionale, M\u00e9diterran\u00e9e\" \/>\n<meta property=\"article:published_time\" content=\"2021-02-03T13:45:00+00:00\" \/>\n<meta property=\"article:modified_time\" content=\"2021-07-01T13:07:55+00:00\" \/>\n<meta property=\"og:image\" content=\"https:\/\/telemme.mmsh.fr\/wp-content\/uploads\/2021\/02\/mariana-dominguez-2021.jpg\" \/>\n\t<meta property=\"og:image:width\" content=\"1983\" \/>\n\t<meta property=\"og:image:height\" content=\"1324\" \/>\n\t<meta property=\"og:image:type\" content=\"image\/jpeg\" \/>\n<meta name=\"author\" content=\"Delphine Cavallo\" \/>\n<meta name=\"twitter:card\" content=\"summary_large_image\" \/>\n<meta name=\"twitter:label1\" content=\"\u00c9crit par\" \/>\n\t<meta name=\"twitter:data1\" content=\"Delphine Cavallo\" \/>\n\t<meta name=\"twitter:label2\" content=\"Dur\u00e9e de lecture estim\u00e9e\" \/>\n\t<meta name=\"twitter:data2\" content=\"1 minute\" \/>\n<script type=\"application\/ld+json\" class=\"yoast-schema-graph\">{\"@context\":\"https:\\\/\\\/schema.org\",\"@graph\":[{\"@type\":\"Article\",\"@id\":\"https:\\\/\\\/telemme.mmsh.fr\\\/?p=8638#article\",\"isPartOf\":{\"@id\":\"https:\\\/\\\/telemme.mmsh.fr\\\/?p=8638\"},\"author\":{\"name\":\"Delphine Cavallo\",\"@id\":\"https:\\\/\\\/telemme.mmsh.fr\\\/#\\\/schema\\\/person\\\/86a185da4836381586528ced48e263f5\"},\"headline\":\"Mariana Dominguez Villaverde re\u00e7oit un prix de th\u00e8se de l\u2019universit\u00e9 d\u2019Aix-Marseille\",\"datePublished\":\"2021-02-03T13:45:00+00:00\",\"dateModified\":\"2021-07-01T13:07:55+00:00\",\"mainEntityOfPage\":{\"@id\":\"https:\\\/\\\/telemme.mmsh.fr\\\/?p=8638\"},\"wordCount\":131,\"publisher\":{\"@id\":\"https:\\\/\\\/telemme.mmsh.fr\\\/#organization\"},\"image\":{\"@id\":\"https:\\\/\\\/telemme.mmsh.fr\\\/?p=8638#primaryimage\"},\"thumbnailUrl\":\"https:\\\/\\\/telemme.mmsh.fr\\\/wp-content\\\/uploads\\\/2021\\\/02\\\/mariana-dominguez-2021.jpg\",\"keywords\":[\"prix de th\u00e8se\"],\"articleSection\":[\"Prix\"],\"inLanguage\":\"fr-FR\"},{\"@type\":\"WebPage\",\"@id\":\"https:\\\/\\\/telemme.mmsh.fr\\\/?p=8638\",\"url\":\"https:\\\/\\\/telemme.mmsh.fr\\\/?p=8638\",\"name\":\"Mariana Dominguez Villaverde re\u00e7oit un prix de th\u00e8se de l\u2019universit\u00e9 d\u2019Aix-Marseille - TELEMMe - Temps, espaces, langages, Europe m\u00e9ridionale, M\u00e9diterran\u00e9e\",\"isPartOf\":{\"@id\":\"https:\\\/\\\/telemme.mmsh.fr\\\/#website\"},\"primaryImageOfPage\":{\"@id\":\"https:\\\/\\\/telemme.mmsh.fr\\\/?p=8638#primaryimage\"},\"image\":{\"@id\":\"https:\\\/\\\/telemme.mmsh.fr\\\/?p=8638#primaryimage\"},\"thumbnailUrl\":\"https:\\\/\\\/telemme.mmsh.fr\\\/wp-content\\\/uploads\\\/2021\\\/02\\\/mariana-dominguez-2021.jpg\",\"datePublished\":\"2021-02-03T13:45:00+00:00\",\"dateModified\":\"2021-07-01T13:07:55+00:00\",\"description\":\"Mariana Dominguez Villaverde s\u2019est vu d\u00e9cerner l\u2019un des 16 prix de th\u00e8se de l\u2019universit\u00e9 d\u2019Aix-Marseille pour l\u2019ann\u00e9e 2020.\",\"breadcrumb\":{\"@id\":\"https:\\\/\\\/telemme.mmsh.fr\\\/?p=8638#breadcrumb\"},\"inLanguage\":\"fr-FR\",\"potentialAction\":[{\"@type\":\"ReadAction\",\"target\":[\"https:\\\/\\\/telemme.mmsh.fr\\\/?p=8638\"]}]},{\"@type\":\"ImageObject\",\"inLanguage\":\"fr-FR\",\"@id\":\"https:\\\/\\\/telemme.mmsh.fr\\\/?p=8638#primaryimage\",\"url\":\"https:\\\/\\\/telemme.mmsh.fr\\\/wp-content\\\/uploads\\\/2021\\\/02\\\/mariana-dominguez-2021.jpg\",\"contentUrl\":\"https:\\\/\\\/telemme.mmsh.fr\\\/wp-content\\\/uploads\\\/2021\\\/02\\\/mariana-dominguez-2021.jpg\",\"width\":1983,\"height\":1324,\"caption\":\"Mariana Dominguez Villaverde\"},{\"@type\":\"BreadcrumbList\",\"@id\":\"https:\\\/\\\/telemme.mmsh.fr\\\/?p=8638#breadcrumb\",\"itemListElement\":[{\"@type\":\"ListItem\",\"position\":1,\"name\":\"Accueil\",\"item\":\"https:\\\/\\\/telemme.mmsh.fr\\\/\"},{\"@type\":\"ListItem\",\"position\":2,\"name\":\"Actualit\u00e9s\",\"item\":\"https:\\\/\\\/telemme.mmsh.fr\\\/?cat=1995\"},{\"@type\":\"ListItem\",\"position\":3,\"name\":\"Prix\",\"item\":\"https:\\\/\\\/telemme.mmsh.fr\\\/?cat=1997\"},{\"@type\":\"ListItem\",\"position\":4,\"name\":\"Mariana Dominguez Villaverde re\u00e7oit un prix de th\u00e8se de l\u2019universit\u00e9 d\u2019Aix-Marseille\"}]},{\"@type\":\"WebSite\",\"@id\":\"https:\\\/\\\/telemme.mmsh.fr\\\/#website\",\"url\":\"https:\\\/\\\/telemme.mmsh.fr\\\/\",\"name\":\"TELEMMe - Temps, espaces, langages, Europe m\u00e9ridionale, M\u00e9diterran\u00e9e\",\"description\":\"\",\"publisher\":{\"@id\":\"https:\\\/\\\/telemme.mmsh.fr\\\/#organization\"},\"potentialAction\":[{\"@type\":\"SearchAction\",\"target\":{\"@type\":\"EntryPoint\",\"urlTemplate\":\"https:\\\/\\\/telemme.mmsh.fr\\\/?s={search_term_string}\"},\"query-input\":{\"@type\":\"PropertyValueSpecification\",\"valueRequired\":true,\"valueName\":\"search_term_string\"}}],\"inLanguage\":\"fr-FR\"},{\"@type\":\"Organization\",\"@id\":\"https:\\\/\\\/telemme.mmsh.fr\\\/#organization\",\"name\":\"TELEMMe\",\"url\":\"https:\\\/\\\/telemme.mmsh.fr\\\/\",\"logo\":{\"@type\":\"ImageObject\",\"inLanguage\":\"fr-FR\",\"@id\":\"https:\\\/\\\/telemme.mmsh.fr\\\/#\\\/schema\\\/logo\\\/image\\\/\",\"url\":\"https:\\\/\\\/telemme.mmsh.fr\\\/wp-content\\\/uploads\\\/2020\\\/03\\\/LogoTELEMMe-horizontal-fond-transparent.png\",\"contentUrl\":\"https:\\\/\\\/telemme.mmsh.fr\\\/wp-content\\\/uploads\\\/2020\\\/03\\\/LogoTELEMMe-horizontal-fond-transparent.png\",\"width\":1500,\"height\":437,\"caption\":\"TELEMMe\"},\"image\":{\"@id\":\"https:\\\/\\\/telemme.mmsh.fr\\\/#\\\/schema\\\/logo\\\/image\\\/\"}},{\"@type\":\"Person\",\"@id\":\"https:\\\/\\\/telemme.mmsh.fr\\\/#\\\/schema\\\/person\\\/86a185da4836381586528ced48e263f5\",\"name\":\"Delphine Cavallo\",\"url\":\"https:\\\/\\\/telemme.mmsh.fr\\\/?author=6\"}]}<\/script>\n<!-- \/ Yoast SEO plugin. -->","yoast_head_json":{"title":"Mariana Dominguez Villaverde re\u00e7oit un prix de th\u00e8se de l\u2019universit\u00e9 d\u2019Aix-Marseille - TELEMMe - Temps, espaces, langages, Europe m\u00e9ridionale, M\u00e9diterran\u00e9e","description":"Mariana Dominguez Villaverde s\u2019est vu d\u00e9cerner l\u2019un des 16 prix de th\u00e8se de l\u2019universit\u00e9 d\u2019Aix-Marseille pour l\u2019ann\u00e9e 2020.","robots":{"index":"index","follow":"follow","max-snippet":"max-snippet:-1","max-image-preview":"max-image-preview:large","max-video-preview":"max-video-preview:-1"},"canonical":"https:\/\/telemme.mmsh.fr\/?p=8638","og_locale":"fr_FR","og_type":"article","og_title":"Mariana Dominguez Villaverde re\u00e7oit un prix de th\u00e8se de l\u2019universit\u00e9 d\u2019Aix-Marseille - TELEMMe - Temps, espaces, langages, Europe m\u00e9ridionale, M\u00e9diterran\u00e9e","og_description":"Mariana Dominguez Villaverde s\u2019est vu d\u00e9cerner l\u2019un des 16 prix de th\u00e8se de l\u2019universit\u00e9 d\u2019Aix-Marseille pour l\u2019ann\u00e9e 2020.","og_url":"https:\/\/telemme.mmsh.fr\/?p=8638","og_site_name":"TELEMMe - Temps, espaces, langages, Europe m\u00e9ridionale, M\u00e9diterran\u00e9e","article_published_time":"2021-02-03T13:45:00+00:00","article_modified_time":"2021-07-01T13:07:55+00:00","og_image":[{"width":1983,"height":1324,"url":"https:\/\/telemme.mmsh.fr\/wp-content\/uploads\/2021\/02\/mariana-dominguez-2021.jpg","type":"image\/jpeg"}],"author":"Delphine Cavallo","twitter_card":"summary_large_image","twitter_misc":{"\u00c9crit par":"Delphine Cavallo","Dur\u00e9e de lecture estim\u00e9e":"1 minute"},"schema":{"@context":"https:\/\/schema.org","@graph":[{"@type":"Article","@id":"https:\/\/telemme.mmsh.fr\/?p=8638#article","isPartOf":{"@id":"https:\/\/telemme.mmsh.fr\/?p=8638"},"author":{"name":"Delphine Cavallo","@id":"https:\/\/telemme.mmsh.fr\/#\/schema\/person\/86a185da4836381586528ced48e263f5"},"headline":"Mariana Dominguez Villaverde re\u00e7oit un prix de th\u00e8se de l\u2019universit\u00e9 d\u2019Aix-Marseille","datePublished":"2021-02-03T13:45:00+00:00","dateModified":"2021-07-01T13:07:55+00:00","mainEntityOfPage":{"@id":"https:\/\/telemme.mmsh.fr\/?p=8638"},"wordCount":131,"publisher":{"@id":"https:\/\/telemme.mmsh.fr\/#organization"},"image":{"@id":"https:\/\/telemme.mmsh.fr\/?p=8638#primaryimage"},"thumbnailUrl":"https:\/\/telemme.mmsh.fr\/wp-content\/uploads\/2021\/02\/mariana-dominguez-2021.jpg","keywords":["prix de th\u00e8se"],"articleSection":["Prix"],"inLanguage":"fr-FR"},{"@type":"WebPage","@id":"https:\/\/telemme.mmsh.fr\/?p=8638","url":"https:\/\/telemme.mmsh.fr\/?p=8638","name":"Mariana Dominguez Villaverde re\u00e7oit un prix de th\u00e8se de l\u2019universit\u00e9 d\u2019Aix-Marseille - TELEMMe - Temps, espaces, langages, Europe m\u00e9ridionale, M\u00e9diterran\u00e9e","isPartOf":{"@id":"https:\/\/telemme.mmsh.fr\/#website"},"primaryImageOfPage":{"@id":"https:\/\/telemme.mmsh.fr\/?p=8638#primaryimage"},"image":{"@id":"https:\/\/telemme.mmsh.fr\/?p=8638#primaryimage"},"thumbnailUrl":"https:\/\/telemme.mmsh.fr\/wp-content\/uploads\/2021\/02\/mariana-dominguez-2021.jpg","datePublished":"2021-02-03T13:45:00+00:00","dateModified":"2021-07-01T13:07:55+00:00","description":"Mariana Dominguez Villaverde s\u2019est vu d\u00e9cerner l\u2019un des 16 prix de th\u00e8se de l\u2019universit\u00e9 d\u2019Aix-Marseille pour l\u2019ann\u00e9e 2020.","breadcrumb":{"@id":"https:\/\/telemme.mmsh.fr\/?p=8638#breadcrumb"},"inLanguage":"fr-FR","potentialAction":[{"@type":"ReadAction","target":["https:\/\/telemme.mmsh.fr\/?p=8638"]}]},{"@type":"ImageObject","inLanguage":"fr-FR","@id":"https:\/\/telemme.mmsh.fr\/?p=8638#primaryimage","url":"https:\/\/telemme.mmsh.fr\/wp-content\/uploads\/2021\/02\/mariana-dominguez-2021.jpg","contentUrl":"https:\/\/telemme.mmsh.fr\/wp-content\/uploads\/2021\/02\/mariana-dominguez-2021.jpg","width":1983,"height":1324,"caption":"Mariana Dominguez Villaverde"},{"@type":"BreadcrumbList","@id":"https:\/\/telemme.mmsh.fr\/?p=8638#breadcrumb","itemListElement":[{"@type":"ListItem","position":1,"name":"Accueil","item":"https:\/\/telemme.mmsh.fr\/"},{"@type":"ListItem","position":2,"name":"Actualit\u00e9s","item":"https:\/\/telemme.mmsh.fr\/?cat=1995"},{"@type":"ListItem","position":3,"name":"Prix","item":"https:\/\/telemme.mmsh.fr\/?cat=1997"},{"@type":"ListItem","position":4,"name":"Mariana Dominguez Villaverde re\u00e7oit un prix de th\u00e8se de l\u2019universit\u00e9 d\u2019Aix-Marseille"}]},{"@type":"WebSite","@id":"https:\/\/telemme.mmsh.fr\/#website","url":"https:\/\/telemme.mmsh.fr\/","name":"TELEMMe - Temps, espaces, langages, Europe m\u00e9ridionale, M\u00e9diterran\u00e9e","description":"","publisher":{"@id":"https:\/\/telemme.mmsh.fr\/#organization"},"potentialAction":[{"@type":"SearchAction","target":{"@type":"EntryPoint","urlTemplate":"https:\/\/telemme.mmsh.fr\/?s={search_term_string}"},"query-input":{"@type":"PropertyValueSpecification","valueRequired":true,"valueName":"search_term_string"}}],"inLanguage":"fr-FR"},{"@type":"Organization","@id":"https:\/\/telemme.mmsh.fr\/#organization","name":"TELEMMe","url":"https:\/\/telemme.mmsh.fr\/","logo":{"@type":"ImageObject","inLanguage":"fr-FR","@id":"https:\/\/telemme.mmsh.fr\/#\/schema\/logo\/image\/","url":"https:\/\/telemme.mmsh.fr\/wp-content\/uploads\/2020\/03\/LogoTELEMMe-horizontal-fond-transparent.png","contentUrl":"https:\/\/telemme.mmsh.fr\/wp-content\/uploads\/2020\/03\/LogoTELEMMe-horizontal-fond-transparent.png","width":1500,"height":437,"caption":"TELEMMe"},"image":{"@id":"https:\/\/telemme.mmsh.fr\/#\/schema\/logo\/image\/"}},{"@type":"Person","@id":"https:\/\/telemme.mmsh.fr\/#\/schema\/person\/86a185da4836381586528ced48e263f5","name":"Delphine Cavallo","url":"https:\/\/telemme.mmsh.fr\/?author=6"}]}},"_links":{"self":[{"href":"https:\/\/telemme.mmsh.fr\/index.php?rest_route=\/wp\/v2\/posts\/8638","targetHints":{"allow":["GET"]}}],"collection":[{"href":"https:\/\/telemme.mmsh.fr\/index.php?rest_route=\/wp\/v2\/posts"}],"about":[{"href":"https:\/\/telemme.mmsh.fr\/index.php?rest_route=\/wp\/v2\/types\/post"}],"author":[{"embeddable":true,"href":"https:\/\/telemme.mmsh.fr\/index.php?rest_route=\/wp\/v2\/users\/6"}],"replies":[{"embeddable":true,"href":"https:\/\/telemme.mmsh.fr\/index.php?rest_route=%2Fwp%2Fv2%2Fcomments&post=8638"}],"version-history":[{"count":3,"href":"https:\/\/telemme.mmsh.fr\/index.php?rest_route=\/wp\/v2\/posts\/8638\/revisions"}],"predecessor-version":[{"id":8642,"href":"https:\/\/telemme.mmsh.fr\/index.php?rest_route=\/wp\/v2\/posts\/8638\/revisions\/8642"}],"wp:featuredmedia":[{"embeddable":true,"href":"https:\/\/telemme.mmsh.fr\/index.php?rest_route=\/wp\/v2\/media\/4819"}],"wp:attachment":[{"href":"https:\/\/telemme.mmsh.fr\/index.php?rest_route=%2Fwp%2Fv2%2Fmedia&parent=8638"}],"wp:term":[{"taxonomy":"category","embeddable":true,"href":"https:\/\/telemme.mmsh.fr\/index.php?rest_route=%2Fwp%2Fv2%2Fcategories&post=8638"},{"taxonomy":"post_tag","embeddable":true,"href":"https:\/\/telemme.mmsh.fr\/index.php?rest_route=%2Fwp%2Fv2%2Ftags&post=8638"}],"curies":[{"name":"wp","href":"https:\/\/api.w.org\/{rel}","templated":true}]}}