{"id":8489,"date":"2021-06-27T11:51:38","date_gmt":"2021-06-27T09:51:38","guid":{"rendered":"https:\/\/telemme.mmsh.fr\/?p=8489"},"modified":"2021-06-27T11:51:42","modified_gmt":"2021-06-27T09:51:42","slug":"la-casa-ditalia-de-marseille-fenetres-sur-une-troisieme-rome","status":"publish","type":"post","link":"https:\/\/telemme.mmsh.fr\/?p=8489","title":{"rendered":"La Casa d&rsquo;Italia de Marseille. Fen\u00eatres sur une troisi\u00e8me Rome"},"content":{"rendered":"\n<p>Pour les <a href=\"https:\/\/rmtelemme.hypotheses.org\/588\">troisi\u00e8mes Rencontres m\u00e9diterran\u00e9ennes de TELEMMe<\/a>, un historien et un historien de l\u2019art ont enqu\u00eat\u00e9 sur un <strong>lieu de m\u00e9moire m\u00e9connu du patrimoine marseillais<\/strong> : l\u2019ancienne <em>Casa d\u2019Italia<\/em>. Si\u00e8ge actuel du Consulat g\u00e9n\u00e9ral d\u2019Italie et de l\u2019Institut culturel italien \u00e0 Marseille, cet \u00e9difice est un <strong>cas unique d\u2019architecture moderniste de la p\u00e9riode fasciste sur le sol fran\u00e7ais<\/strong>.<\/p>\n\n\n\n<p>L\u2019enqu\u00eate, <strong>tourn\u00e9e \u00e0 Marseille et \u00e0 Rome<\/strong> en 2021, croise les approches de l\u2019histoire et de l\u2019histoire de l\u2019art sur ce patrimoine \u00ab\u202fdissonant\u202f\u00bb, les motivations qui sont \u00e0 la base de sa construction et son histoire. Ils d\u00e9voilent des archives pour explorer un pass\u00e9 o\u00f9 se m\u00ealent <strong>les r\u00eaves expansionnistes de Benito Mussolini en M\u00e9diterran\u00e9e et les r\u00e9alit\u00e9s, beaucoup plus complexes, d\u2019une pr\u00e9sence migratoire en qu\u00eate d\u2019int\u00e9gration<\/strong>. En r\u00e9v\u00e9lant ces lieux, ils posent \u00e9galement une question centrale\u202f: <strong>quelle place doit-on accorder aujourd\u2019hui aux traces du fascisme\u202f?<\/strong>\u00a0<\/p>\n\n\n\n<h2 class=\"wp-block-heading\"><strong>Le film<\/strong><\/h2>\n\n\n\n<p><strong>Un film documentaire \u00e9crit par St\u00e9phane Mourlane et Alessandro Gallicchio&nbsp;<\/strong>(TELEMMe, AMU-CNRS)<\/p>\n\n\n\n<p>R\u00e9alisation : <strong>Agn\u00e8s Maury <\/strong>| Les Films du Papillon Dur\u00e9e\u202f: 32 min.<br>TELEMMe \u2013 Les Films du Papillon, 2021&nbsp;<\/p>\n\n\n\n<h2 class=\"wp-block-heading\"><strong>Les auteurs<\/strong><\/h2>\n\n\n\n<p><strong><a href=\"https:\/\/telemme.mmsh.fr\/?membres=alessandro-gallicchio\">Alessandro Gallicchio<\/a><\/strong> est docteur en histoire de l\u2019art contemporain, commissaire d\u2019exposition et membre associ\u00e9 de TELEMMe. Il s\u2019int\u00e9resse aux rapports entre art, architecture et espace urbain dans les Balkans et en M\u00e9diterran\u00e9e, et aux influences du nationalisme et de l\u2019antis\u00e9mitisme dans la construction du discours artistique.\u00a0\u00a0<\/p>\n\n\n\n<p><strong><a href=\"https:\/\/telemme.mmsh.fr\/?membres=stephane-mourlane\">St\u00e9phane Mourlane<\/a><\/strong> est ma\u00eetre de conf\u00e9rences en histoire contemporaine \u00e0 Aix-Marseille Universit\u00e9 et membre de TELEMMe. Il travaille sur la politique culturelle de l\u2019Italie en M\u00e9diterran\u00e9e, les relations euro-m\u00e9diterran\u00e9ennes, l\u2019\u00e9migration italienne en France et l\u2019histoire du sport et ses repr\u00e9sentations.\u00a0\u00a0<\/p>\n\n\n\n<p><strong>Agn\u00e8s Maury<\/strong> est vid\u00e9aste, photographe et r\u00e9alisatrice. Elle travaille treize ans pour un m\u00e9dia citoyen et fonde l\u2019association les Films du Papillon en 2007. R\u00e9cemment, elle a r\u00e9alis\u00e9 <em>Maintenus ici l\u00e0<\/em> (2019), un documentaire sur la cr\u00e9ation artistique en milieu carc\u00e9ral, et <em>Fos, \u00e9tang de Berre \u2013 200 ans d\u2019histoire\u202findustrielle et environnementale<\/em> (2020), webdocumentaire r\u00e9alis\u00e9 en collaboration avec les chercheurs de TELEMMe.&nbsp;&nbsp;<\/p>\n\n\n\n<figure class=\"wp-block-embed is-type-video is-provider-youtube wp-block-embed-youtube wp-embed-aspect-16-9 wp-has-aspect-ratio\"><div class=\"wp-block-embed__wrapper\">\n<div class=\"nv-iframe-embed\"><iframe loading=\"lazy\" title=\"La Casa d\u2019Italia de Marseille. Fen\u00eatres sur une troisi\u00e8me Rome\" width=\"1200\" height=\"675\" src=\"https:\/\/www.youtube.com\/embed\/oi1llT_8ubA?feature=oembed\" frameborder=\"0\" allow=\"accelerometer; autoplay; clipboard-write; encrypted-media; gyroscope; picture-in-picture\" allowfullscreen><\/iframe><\/div>\n<\/div><\/figure>\n\n\n\n<h2 class=\"wp-block-heading\"><strong>Pour aller plus loin<\/strong><\/h2>\n\n\n\n<p><strong><em>Au fil des pages \u202f:<\/em>&nbsp;<\/strong><\/p>\n\n\n\n<ul class=\"wp-block-list\"><li>Jean Boutier, St\u00e9phane Mourlane (dir.), <em><a href=\"https:\/\/www.arnaudbizalion.fr\/accueil\/123-marseille-l-italienne.html\">Marseille l\u2019Italienne. Histoires d\u2019une passion s\u00e9culaire<\/a><\/em>, Arles, Arnaud Bizalion \u00e9dition, 2021&nbsp;<\/li><li>Francesca Cavarocchi, <em><a href=\"http:\/\/www.carocci.it\/index.php?option=com_carocci&amp;Itemid=72&amp;task=schedalibro&amp;isbn=9788843051366\">Avanguardie dello spirito. Il fascismo e la propaganda culturale all\u2019estero<\/a><\/em>, Rome, Carocci, 2010&nbsp;<\/li><li>Aur\u00e9lien Delpirou, Eleonora Canepari, Sylvain Parent, Emmanuelle Rosso, <em><a href=\"https:\/\/www.autrement.com\/atlas-historique-de-rome\/9782746761094\">Atlas historique de Rome<\/a>,<\/em> Paris, Autrement, 2013&nbsp;<\/li><li>Emilio Franzina, Matteo Sanfilippo, <em><a href=\"https:\/\/www.laterza.it\/scheda-libro\/?isbn=9788842068396\">Il fascismo e gli emigrati; la parabola dei fasci italiani all\u2019estero, 1920-1943<\/a><\/em>, Rome-Bari, Laterza, 2003&nbsp;<\/li><li>Alessandro Gallicchio (dir.),\u202f<em><a href=\"https:\/\/www.editions-mf.com\/produit\/105\/9782378040390\/rue-d-alger\">Rue d\u2019Alger<\/a><\/em>, Paris, \u00e9ditions MF, 2021&nbsp;<\/li><li>Emilio Gentile, <em>La religion fasciste<\/em>, Paris, Perrin, 2002&nbsp;<\/li><li>Emilio Gentile, <em><a href=\"https:\/\/www.laterza.it\/scheda-libro\/?isbn=9788842092247\">Fascismo di pietra<\/a><\/em>, Roma-Bari, Laterza, 2010&nbsp;<\/li><li>Pierre Milza, <em>Voyage en Ritalie<\/em>, Paris, Plon, 1993&nbsp;<\/li><li>St\u00e9phane Mourlane, C\u00e9line Regnard, <em><a href=\"https:\/\/www.lieuxdits.fr\/les-livres\/empreintes-italiennes\/\">Empreintes italiennes. Marseille et sa r\u00e9gion<\/a><\/em>, Lyon, Lieux Dits, 2013&nbsp;<\/li><li>St\u00e9phane Mourlane, Dominique Pa\u00efni (dir.), <em><a href=\"https:\/\/www.editionsdelamartiniere.fr\/livres\/ciao-italia\/\">Ciao Italia ! Un si\u00e8cle d\u2019immigration et de culture italiennes en France<\/a><\/em>, Paris, La Martini\u00e8re, Paris, 2017&nbsp;<\/li><li>Caroline Pane, \u00ab\u202f<a href=\"https:\/\/www.francoangeli.it\/riviste\/SchedaRivista.aspx?IDArticolo=47493&amp;Tipo=Articolo%20PDF&amp;lingua=it&amp;idRivista=104\">Le Case d\u2019Italia in Francia. Organizzazione, attivit\u00e0 e rappresentazione del fascismo all\u2019estero<\/a>\u202f\u00bb, <em>Memoria e Ricerca<\/em>, n\u00b0 41, 2012, p. 161-180&nbsp;<\/li><li>Caroline Pane, \u00ab <a href=\"https:\/\/www.asei.eu\/it\/2016\/12\/emigrazione-e-assistenza-a-marsiglia-dalla-societa-italiana-di-beneficenza-alla-casa-ditalia-1864-1945\/\">Emigrazione e assistenza: dalla Societ\u00e0 italiana di beneficenza alla Casa d\u2019Italia di Marsiglia (1864-1940) <\/a>\u00bb, <em>Archivio storico dell\u2019ecmigrazione italiana<\/em>, n\u00b0 11, 2015, p. 38-47&nbsp;<\/li><li>Caroline Pane, \u00ab Le monde lyrique du consulat \u00bb : les <em>Case d\u2019Italia<\/em> et l\u2019administration d\u2019une italianit\u00e9 fasciste \u00bb, dans Marcella Aglietti, Mathieu Grenet, Fabrice Jesn\u00e9 (dir.), <em><a href=\"http:\/\/www.publications.efrome.it\/opencms\/opencms\/consoli_e_consolati_italiani_dalla_repubblica_italiana_al_fascismo_1802-1945__821ef93c-ea97-11e9-a86a-000c291eeace.html\">Consoli e consolati italiani dagli Stati preunitari al fascismo (1802-1945)<\/a>,<\/em> Rome, \u00c9cole fran\u00e7aise de Rome, 2020, p. 287-306&nbsp;<\/li><li>Caroline Pane, \u00ab\u202fCasa d\u2019Italia\u202f: un monument d\u2019italianit\u00e9 \u00e0 Marseille (XIX<sup>e<\/sup>-XXI<sup>e<\/sup>)\u202f\u00bb, dans Mathieu Grenet (dir.),\u202f<em>Maison consulaire<\/em>, Aix-en-Provence, Presses universitaires de Provence (\u00e0 para\u00eetre).&nbsp;<\/li><li>Matteo Pretelli, <em><a href=\"https:\/\/clueb.it\/libreria\/passato-futuro\/il-fascismo-e-gli-italiani-allestero\/\">Il fascismo e gli italiani all\u2019estero<\/a><\/em>, Bologne, CLUEB, 2010&nbsp;<\/li><li>\u00c9mile Temime, Marie-Fran\u00e7oise Attard-Maraninchi, <em>Migrance. Histoire des migrations \u00e0 Marseille<\/em>, t. 3\u202f: <em>Le cosmopolitisme de l\u2019entre-deux-guerres (1919-1945),<\/em> Aix-en-Provence, Edisud, 1990&nbsp;<\/li><\/ul>\n\n\n\n<p><strong><em>En quelques clics\u202f:<\/em>&nbsp;<\/strong><\/p>\n\n\n\n<ul class=\"wp-block-list\"><li>Institut culturel italien de Marseille\u202f: <a rel=\"noreferrer noopener\" href=\"https:\/\/iicmarsiglia.esteri.it\/iic_marsiglia\/fr\/\" target=\"_blank\">https:\/\/iicmarsiglia.esteri.it\/iic_marsiglia\/fr\/<\/a>&nbsp;<\/li><li>Exposition <em>Rue d\u2019Alger<\/em> (2020)\u202f: <a rel=\"noreferrer noopener\" href=\"https:\/\/www.ruedalger.net\" target=\"_blank\">https:\/\/www.ruedalger.net<\/a>&nbsp;<\/li><li>Images du fascisme\u202f: <a rel=\"noreferrer noopener\" href=\"https:\/\/www.archivioluce.com\" target=\"_blank\">https:\/\/www.archivioluce.com<\/a>&nbsp;<\/li><li>Foro Italico\u202f: <a rel=\"noreferrer noopener\" href=\"https:\/\/metropolitiques.eu\/Le-stade-olympique-de-Rome-entre.html\" target=\"_blank\">https:\/\/metropolitiques.eu\/Le-stade-olympique-de-Rome-entre.html<\/a>&nbsp;<\/li><\/ul>\n","protected":false},"excerpt":{"rendered":"<p>Pour les troisi\u00e8mes Rencontres m\u00e9diterran\u00e9ennes de TELEMMe, un historien et un historien de l\u2019art ont enqu\u00eat\u00e9 sur un lieu de m\u00e9moire m\u00e9connu du patrimoine marseillais : l\u2019ancienne Casa d\u2019Italia. Si\u00e8ge actuel du Consulat g\u00e9n\u00e9ral d\u2019Italie et de l\u2019Institut culturel italien \u00e0 Marseille, cet \u00e9difice est un cas unique d\u2019architecture moderniste de la p\u00e9riode fasciste sur le sol fran\u00e7ais.<\/p>\n","protected":false},"author":6,"featured_media":8491,"comment_status":"closed","ping_status":"closed","sticky":false,"template":"","format":"standard","meta":{"neve_meta_sidebar":"","neve_meta_container":"","neve_meta_enable_content_width":"","neve_meta_content_width":0,"neve_meta_title_alignment":"","neve_meta_author_avatar":"","neve_post_elements_order":"","neve_meta_disable_header":"","neve_meta_disable_footer":"","neve_meta_disable_title":"","_tribe_events_control_status":"","_tribe_events_control_status_canceled_reason":"","_tribe_events_control_status_postponed_reason":"","_tribe_events_control_online":"","_tribe_events_control_online_url":"","footnotes":""},"categories":[1960],"tags":[1970,1969,1971,1927],"class_list":["post-8489","post","type-post","status-publish","format-standard","has-post-thumbnail","hentry","category-films","tag-architecture","tag-casa-ditalia","tag-italie","tag-monuments"],"yoast_head":"<!-- This site is optimized with the Yoast SEO plugin v27.4 - https:\/\/yoast.com\/product\/yoast-seo-wordpress\/ -->\n<title>La Casa d&#039;Italia de Marseille. Fen\u00eatres sur une troisi\u00e8me Rome - TELEMMe - Temps, espaces, langages, Europe m\u00e9ridionale, M\u00e9diterran\u00e9e<\/title>\n<meta name=\"robots\" content=\"index, follow, max-snippet:-1, max-image-preview:large, max-video-preview:-1\" \/>\n<link rel=\"canonical\" href=\"https:\/\/telemme.mmsh.fr\/?p=8489\" \/>\n<meta property=\"og:locale\" content=\"fr_FR\" \/>\n<meta property=\"og:type\" content=\"article\" \/>\n<meta property=\"og:title\" content=\"La Casa d&#039;Italia de Marseille. Fen\u00eatres sur une troisi\u00e8me Rome - TELEMMe - Temps, espaces, langages, Europe m\u00e9ridionale, M\u00e9diterran\u00e9e\" \/>\n<meta property=\"og:description\" content=\"Pour les troisi\u00e8mes Rencontres m\u00e9diterran\u00e9ennes de TELEMMe, un historien et un historien de l\u2019art ont enqu\u00eat\u00e9 sur un lieu de m\u00e9moire m\u00e9connu du patrimoine marseillais : l\u2019ancienne Casa d\u2019Italia. Si\u00e8ge actuel du Consulat g\u00e9n\u00e9ral d\u2019Italie et de l\u2019Institut culturel italien \u00e0 Marseille, cet \u00e9difice est un cas unique d\u2019architecture moderniste de la p\u00e9riode fasciste sur le sol fran\u00e7ais.\" \/>\n<meta property=\"og:url\" content=\"https:\/\/telemme.mmsh.fr\/?p=8489\" \/>\n<meta property=\"og:site_name\" content=\"TELEMMe - Temps, espaces, langages, Europe m\u00e9ridionale, M\u00e9diterran\u00e9e\" \/>\n<meta property=\"article:published_time\" content=\"2021-06-27T09:51:38+00:00\" \/>\n<meta property=\"article:modified_time\" content=\"2021-06-27T09:51:42+00:00\" \/>\n<meta property=\"og:image\" content=\"https:\/\/telemme.mmsh.fr\/wp-content\/uploads\/2021\/06\/Casa-dItalia.jpeg\" \/>\n\t<meta property=\"og:image:width\" content=\"750\" \/>\n\t<meta property=\"og:image:height\" content=\"430\" \/>\n\t<meta property=\"og:image:type\" content=\"image\/jpeg\" \/>\n<meta name=\"author\" content=\"Delphine Cavallo\" \/>\n<meta name=\"twitter:card\" content=\"summary_large_image\" \/>\n<meta name=\"twitter:label1\" content=\"\u00c9crit par\" \/>\n\t<meta name=\"twitter:data1\" content=\"Delphine Cavallo\" \/>\n\t<meta name=\"twitter:label2\" content=\"Dur\u00e9e de lecture estim\u00e9e\" \/>\n\t<meta name=\"twitter:data2\" content=\"3 minutes\" \/>\n<script type=\"application\/ld+json\" class=\"yoast-schema-graph\">{\"@context\":\"https:\\\/\\\/schema.org\",\"@graph\":[{\"@type\":\"Article\",\"@id\":\"https:\\\/\\\/telemme.mmsh.fr\\\/?p=8489#article\",\"isPartOf\":{\"@id\":\"https:\\\/\\\/telemme.mmsh.fr\\\/?p=8489\"},\"author\":{\"name\":\"Delphine Cavallo\",\"@id\":\"https:\\\/\\\/telemme.mmsh.fr\\\/#\\\/schema\\\/person\\\/86a185da4836381586528ced48e263f5\"},\"headline\":\"La Casa d&rsquo;Italia de Marseille. Fen\u00eatres sur une troisi\u00e8me Rome\",\"datePublished\":\"2021-06-27T09:51:38+00:00\",\"dateModified\":\"2021-06-27T09:51:42+00:00\",\"mainEntityOfPage\":{\"@id\":\"https:\\\/\\\/telemme.mmsh.fr\\\/?p=8489\"},\"wordCount\":757,\"publisher\":{\"@id\":\"https:\\\/\\\/telemme.mmsh.fr\\\/#organization\"},\"image\":{\"@id\":\"https:\\\/\\\/telemme.mmsh.fr\\\/?p=8489#primaryimage\"},\"thumbnailUrl\":\"https:\\\/\\\/telemme.mmsh.fr\\\/wp-content\\\/uploads\\\/2021\\\/06\\\/Casa-dItalia.jpeg\",\"keywords\":[\"Architecture\",\"Casa d&#039;Italia\",\"Italie\",\"monuments\"],\"articleSection\":[\"Films\"],\"inLanguage\":\"fr-FR\"},{\"@type\":\"WebPage\",\"@id\":\"https:\\\/\\\/telemme.mmsh.fr\\\/?p=8489\",\"url\":\"https:\\\/\\\/telemme.mmsh.fr\\\/?p=8489\",\"name\":\"La Casa d'Italia de Marseille. Fen\u00eatres sur une troisi\u00e8me Rome - TELEMMe - Temps, espaces, langages, Europe m\u00e9ridionale, M\u00e9diterran\u00e9e\",\"isPartOf\":{\"@id\":\"https:\\\/\\\/telemme.mmsh.fr\\\/#website\"},\"primaryImageOfPage\":{\"@id\":\"https:\\\/\\\/telemme.mmsh.fr\\\/?p=8489#primaryimage\"},\"image\":{\"@id\":\"https:\\\/\\\/telemme.mmsh.fr\\\/?p=8489#primaryimage\"},\"thumbnailUrl\":\"https:\\\/\\\/telemme.mmsh.fr\\\/wp-content\\\/uploads\\\/2021\\\/06\\\/Casa-dItalia.jpeg\",\"datePublished\":\"2021-06-27T09:51:38+00:00\",\"dateModified\":\"2021-06-27T09:51:42+00:00\",\"breadcrumb\":{\"@id\":\"https:\\\/\\\/telemme.mmsh.fr\\\/?p=8489#breadcrumb\"},\"inLanguage\":\"fr-FR\",\"potentialAction\":[{\"@type\":\"ReadAction\",\"target\":[\"https:\\\/\\\/telemme.mmsh.fr\\\/?p=8489\"]}]},{\"@type\":\"ImageObject\",\"inLanguage\":\"fr-FR\",\"@id\":\"https:\\\/\\\/telemme.mmsh.fr\\\/?p=8489#primaryimage\",\"url\":\"https:\\\/\\\/telemme.mmsh.fr\\\/wp-content\\\/uploads\\\/2021\\\/06\\\/Casa-dItalia.jpeg\",\"contentUrl\":\"https:\\\/\\\/telemme.mmsh.fr\\\/wp-content\\\/uploads\\\/2021\\\/06\\\/Casa-dItalia.jpeg\",\"width\":750,\"height\":430,\"caption\":\"Vue sur la Casa d'Italia de Marseille, actuel si\u00e8ge du Consulta g\u00e9n\u00e9ral d'Italie \u00e0 Marseille, rue d'Alger\"},{\"@type\":\"BreadcrumbList\",\"@id\":\"https:\\\/\\\/telemme.mmsh.fr\\\/?p=8489#breadcrumb\",\"itemListElement\":[{\"@type\":\"ListItem\",\"position\":1,\"name\":\"Accueil\",\"item\":\"https:\\\/\\\/telemme.mmsh.fr\\\/\"},{\"@type\":\"ListItem\",\"position\":2,\"name\":\"M\u00e9diation et diffusion\",\"item\":\"https:\\\/\\\/telemme.mmsh.fr\\\/?cat=1736\"},{\"@type\":\"ListItem\",\"position\":3,\"name\":\"Films\",\"item\":\"https:\\\/\\\/telemme.mmsh.fr\\\/?cat=1960\"},{\"@type\":\"ListItem\",\"position\":4,\"name\":\"La Casa d&rsquo;Italia de Marseille. Fen\u00eatres sur une troisi\u00e8me Rome\"}]},{\"@type\":\"WebSite\",\"@id\":\"https:\\\/\\\/telemme.mmsh.fr\\\/#website\",\"url\":\"https:\\\/\\\/telemme.mmsh.fr\\\/\",\"name\":\"TELEMMe - Temps, espaces, langages, Europe m\u00e9ridionale, M\u00e9diterran\u00e9e\",\"description\":\"\",\"publisher\":{\"@id\":\"https:\\\/\\\/telemme.mmsh.fr\\\/#organization\"},\"potentialAction\":[{\"@type\":\"SearchAction\",\"target\":{\"@type\":\"EntryPoint\",\"urlTemplate\":\"https:\\\/\\\/telemme.mmsh.fr\\\/?s={search_term_string}\"},\"query-input\":{\"@type\":\"PropertyValueSpecification\",\"valueRequired\":true,\"valueName\":\"search_term_string\"}}],\"inLanguage\":\"fr-FR\"},{\"@type\":\"Organization\",\"@id\":\"https:\\\/\\\/telemme.mmsh.fr\\\/#organization\",\"name\":\"TELEMMe\",\"url\":\"https:\\\/\\\/telemme.mmsh.fr\\\/\",\"logo\":{\"@type\":\"ImageObject\",\"inLanguage\":\"fr-FR\",\"@id\":\"https:\\\/\\\/telemme.mmsh.fr\\\/#\\\/schema\\\/logo\\\/image\\\/\",\"url\":\"https:\\\/\\\/telemme.mmsh.fr\\\/wp-content\\\/uploads\\\/2020\\\/03\\\/LogoTELEMMe-horizontal-fond-transparent.png\",\"contentUrl\":\"https:\\\/\\\/telemme.mmsh.fr\\\/wp-content\\\/uploads\\\/2020\\\/03\\\/LogoTELEMMe-horizontal-fond-transparent.png\",\"width\":1500,\"height\":437,\"caption\":\"TELEMMe\"},\"image\":{\"@id\":\"https:\\\/\\\/telemme.mmsh.fr\\\/#\\\/schema\\\/logo\\\/image\\\/\"}},{\"@type\":\"Person\",\"@id\":\"https:\\\/\\\/telemme.mmsh.fr\\\/#\\\/schema\\\/person\\\/86a185da4836381586528ced48e263f5\",\"name\":\"Delphine Cavallo\",\"url\":\"https:\\\/\\\/telemme.mmsh.fr\\\/?author=6\"}]}<\/script>\n<!-- \/ Yoast SEO plugin. -->","yoast_head_json":{"title":"La Casa d'Italia de Marseille. Fen\u00eatres sur une troisi\u00e8me Rome - TELEMMe - Temps, espaces, langages, Europe m\u00e9ridionale, M\u00e9diterran\u00e9e","robots":{"index":"index","follow":"follow","max-snippet":"max-snippet:-1","max-image-preview":"max-image-preview:large","max-video-preview":"max-video-preview:-1"},"canonical":"https:\/\/telemme.mmsh.fr\/?p=8489","og_locale":"fr_FR","og_type":"article","og_title":"La Casa d'Italia de Marseille. Fen\u00eatres sur une troisi\u00e8me Rome - TELEMMe - Temps, espaces, langages, Europe m\u00e9ridionale, M\u00e9diterran\u00e9e","og_description":"Pour les troisi\u00e8mes Rencontres m\u00e9diterran\u00e9ennes de TELEMMe, un historien et un historien de l\u2019art ont enqu\u00eat\u00e9 sur un lieu de m\u00e9moire m\u00e9connu du patrimoine marseillais : l\u2019ancienne Casa d\u2019Italia. Si\u00e8ge actuel du Consulat g\u00e9n\u00e9ral d\u2019Italie et de l\u2019Institut culturel italien \u00e0 Marseille, cet \u00e9difice est un cas unique d\u2019architecture moderniste de la p\u00e9riode fasciste sur le sol fran\u00e7ais.","og_url":"https:\/\/telemme.mmsh.fr\/?p=8489","og_site_name":"TELEMMe - Temps, espaces, langages, Europe m\u00e9ridionale, M\u00e9diterran\u00e9e","article_published_time":"2021-06-27T09:51:38+00:00","article_modified_time":"2021-06-27T09:51:42+00:00","og_image":[{"width":750,"height":430,"url":"https:\/\/telemme.mmsh.fr\/wp-content\/uploads\/2021\/06\/Casa-dItalia.jpeg","type":"image\/jpeg"}],"author":"Delphine Cavallo","twitter_card":"summary_large_image","twitter_misc":{"\u00c9crit par":"Delphine Cavallo","Dur\u00e9e de lecture estim\u00e9e":"3 minutes"},"schema":{"@context":"https:\/\/schema.org","@graph":[{"@type":"Article","@id":"https:\/\/telemme.mmsh.fr\/?p=8489#article","isPartOf":{"@id":"https:\/\/telemme.mmsh.fr\/?p=8489"},"author":{"name":"Delphine Cavallo","@id":"https:\/\/telemme.mmsh.fr\/#\/schema\/person\/86a185da4836381586528ced48e263f5"},"headline":"La Casa d&rsquo;Italia de Marseille. Fen\u00eatres sur une troisi\u00e8me Rome","datePublished":"2021-06-27T09:51:38+00:00","dateModified":"2021-06-27T09:51:42+00:00","mainEntityOfPage":{"@id":"https:\/\/telemme.mmsh.fr\/?p=8489"},"wordCount":757,"publisher":{"@id":"https:\/\/telemme.mmsh.fr\/#organization"},"image":{"@id":"https:\/\/telemme.mmsh.fr\/?p=8489#primaryimage"},"thumbnailUrl":"https:\/\/telemme.mmsh.fr\/wp-content\/uploads\/2021\/06\/Casa-dItalia.jpeg","keywords":["Architecture","Casa d&#039;Italia","Italie","monuments"],"articleSection":["Films"],"inLanguage":"fr-FR"},{"@type":"WebPage","@id":"https:\/\/telemme.mmsh.fr\/?p=8489","url":"https:\/\/telemme.mmsh.fr\/?p=8489","name":"La Casa d'Italia de Marseille. Fen\u00eatres sur une troisi\u00e8me Rome - TELEMMe - Temps, espaces, langages, Europe m\u00e9ridionale, M\u00e9diterran\u00e9e","isPartOf":{"@id":"https:\/\/telemme.mmsh.fr\/#website"},"primaryImageOfPage":{"@id":"https:\/\/telemme.mmsh.fr\/?p=8489#primaryimage"},"image":{"@id":"https:\/\/telemme.mmsh.fr\/?p=8489#primaryimage"},"thumbnailUrl":"https:\/\/telemme.mmsh.fr\/wp-content\/uploads\/2021\/06\/Casa-dItalia.jpeg","datePublished":"2021-06-27T09:51:38+00:00","dateModified":"2021-06-27T09:51:42+00:00","breadcrumb":{"@id":"https:\/\/telemme.mmsh.fr\/?p=8489#breadcrumb"},"inLanguage":"fr-FR","potentialAction":[{"@type":"ReadAction","target":["https:\/\/telemme.mmsh.fr\/?p=8489"]}]},{"@type":"ImageObject","inLanguage":"fr-FR","@id":"https:\/\/telemme.mmsh.fr\/?p=8489#primaryimage","url":"https:\/\/telemme.mmsh.fr\/wp-content\/uploads\/2021\/06\/Casa-dItalia.jpeg","contentUrl":"https:\/\/telemme.mmsh.fr\/wp-content\/uploads\/2021\/06\/Casa-dItalia.jpeg","width":750,"height":430,"caption":"Vue sur la Casa d'Italia de Marseille, actuel si\u00e8ge du Consulta g\u00e9n\u00e9ral d'Italie \u00e0 Marseille, rue d'Alger"},{"@type":"BreadcrumbList","@id":"https:\/\/telemme.mmsh.fr\/?p=8489#breadcrumb","itemListElement":[{"@type":"ListItem","position":1,"name":"Accueil","item":"https:\/\/telemme.mmsh.fr\/"},{"@type":"ListItem","position":2,"name":"M\u00e9diation et diffusion","item":"https:\/\/telemme.mmsh.fr\/?cat=1736"},{"@type":"ListItem","position":3,"name":"Films","item":"https:\/\/telemme.mmsh.fr\/?cat=1960"},{"@type":"ListItem","position":4,"name":"La Casa d&rsquo;Italia de Marseille. Fen\u00eatres sur une troisi\u00e8me Rome"}]},{"@type":"WebSite","@id":"https:\/\/telemme.mmsh.fr\/#website","url":"https:\/\/telemme.mmsh.fr\/","name":"TELEMMe - Temps, espaces, langages, Europe m\u00e9ridionale, M\u00e9diterran\u00e9e","description":"","publisher":{"@id":"https:\/\/telemme.mmsh.fr\/#organization"},"potentialAction":[{"@type":"SearchAction","target":{"@type":"EntryPoint","urlTemplate":"https:\/\/telemme.mmsh.fr\/?s={search_term_string}"},"query-input":{"@type":"PropertyValueSpecification","valueRequired":true,"valueName":"search_term_string"}}],"inLanguage":"fr-FR"},{"@type":"Organization","@id":"https:\/\/telemme.mmsh.fr\/#organization","name":"TELEMMe","url":"https:\/\/telemme.mmsh.fr\/","logo":{"@type":"ImageObject","inLanguage":"fr-FR","@id":"https:\/\/telemme.mmsh.fr\/#\/schema\/logo\/image\/","url":"https:\/\/telemme.mmsh.fr\/wp-content\/uploads\/2020\/03\/LogoTELEMMe-horizontal-fond-transparent.png","contentUrl":"https:\/\/telemme.mmsh.fr\/wp-content\/uploads\/2020\/03\/LogoTELEMMe-horizontal-fond-transparent.png","width":1500,"height":437,"caption":"TELEMMe"},"image":{"@id":"https:\/\/telemme.mmsh.fr\/#\/schema\/logo\/image\/"}},{"@type":"Person","@id":"https:\/\/telemme.mmsh.fr\/#\/schema\/person\/86a185da4836381586528ced48e263f5","name":"Delphine Cavallo","url":"https:\/\/telemme.mmsh.fr\/?author=6"}]}},"_links":{"self":[{"href":"https:\/\/telemme.mmsh.fr\/index.php?rest_route=\/wp\/v2\/posts\/8489","targetHints":{"allow":["GET"]}}],"collection":[{"href":"https:\/\/telemme.mmsh.fr\/index.php?rest_route=\/wp\/v2\/posts"}],"about":[{"href":"https:\/\/telemme.mmsh.fr\/index.php?rest_route=\/wp\/v2\/types\/post"}],"author":[{"embeddable":true,"href":"https:\/\/telemme.mmsh.fr\/index.php?rest_route=\/wp\/v2\/users\/6"}],"replies":[{"embeddable":true,"href":"https:\/\/telemme.mmsh.fr\/index.php?rest_route=%2Fwp%2Fv2%2Fcomments&post=8489"}],"version-history":[{"count":3,"href":"https:\/\/telemme.mmsh.fr\/index.php?rest_route=\/wp\/v2\/posts\/8489\/revisions"}],"predecessor-version":[{"id":8493,"href":"https:\/\/telemme.mmsh.fr\/index.php?rest_route=\/wp\/v2\/posts\/8489\/revisions\/8493"}],"wp:featuredmedia":[{"embeddable":true,"href":"https:\/\/telemme.mmsh.fr\/index.php?rest_route=\/wp\/v2\/media\/8491"}],"wp:attachment":[{"href":"https:\/\/telemme.mmsh.fr\/index.php?rest_route=%2Fwp%2Fv2%2Fmedia&parent=8489"}],"wp:term":[{"taxonomy":"category","embeddable":true,"href":"https:\/\/telemme.mmsh.fr\/index.php?rest_route=%2Fwp%2Fv2%2Fcategories&post=8489"},{"taxonomy":"post_tag","embeddable":true,"href":"https:\/\/telemme.mmsh.fr\/index.php?rest_route=%2Fwp%2Fv2%2Ftags&post=8489"}],"curies":[{"name":"wp","href":"https:\/\/api.w.org\/{rel}","templated":true}]}}