{"id":7252,"date":"2021-04-16T19:11:14","date_gmt":"2021-04-16T17:11:14","guid":{"rendered":"http:\/\/telemme.mmsh.fr\/?p=7252"},"modified":"2021-04-16T19:12:13","modified_gmt":"2021-04-16T17:12:13","slug":"entretiens-autour-de-loeuvre-de-jacques-windenberger","status":"publish","type":"post","link":"https:\/\/telemme.mmsh.fr\/?p=7252","title":{"rendered":"Entretiens autour de l&rsquo;\u0153uvre de Jacques Windenberger"},"content":{"rendered":"\n<p>Dans le cadre du projet <em><a href=\"https:\/\/regardsfos.hypotheses.org\/\">PICTURE IT &#8211; Le grand chambardement<\/a>. Analyse socio-historique du territoire industrialo-portuaire de Fos. Regards crois\u00e9s sur l&rsquo;\u0153uvre de Jacques Windenberger<\/em>, Sophie Gebeil et B\u00e9atrice Mesini ont men\u00e9 un long entretien avec Jacques Windenberger, photojournaliste, autour de son \u0153uvre et de sa d\u00e9marche pendant les premi\u00e8res ann\u00e9es de la zone industrialo-portuaire de Fos. Retrouvez ici cet entretien, r\u00e9alis\u00e9 par Agn\u00e8s Maury et Betty Lay (<a href=\"https:\/\/www.lesfilmsdupapillon.com\/\">Les Films du Papillon<\/a>), pr\u00e9sent\u00e9 en deux parties et s\u00e9quences :<\/p>\n\n\n\n<ol class=\"wp-block-list\"><li><strong>PARTIE 1 \/ Le portrait<\/strong> &nbsp;&#8211; Portrait et posture photographique (dur\u00e9e : 13&prime;)<\/li><li><strong>PARTIE 2 \/ Le fonds documentaire de Fos, \u00c9tang de Berre :<\/strong><ul><li>Un chantier hors norme (dur\u00e9e : 3&rsquo;56)<\/li><li>&nbsp;Espaces portuaires et transports maritimes (dur\u00e9e : 10&rsquo;28)<\/li><li>&nbsp;Transformation d&rsquo;un territoire (dur\u00e9e 10&rsquo;11)<\/li><li>&nbsp;Ouvriers, gestes et conditions de travail (dur\u00e9e : 6&rsquo;48)<\/li><li>&nbsp;Conflits du travail et mobilisation (dur\u00e9e : 5&rsquo;26)<\/li><li>&nbsp;Revendications et luttes politiques (dur\u00e9e : 6&rsquo;11)<\/li><li>&nbsp;Habitats, vie quotidiennes des ouvriers, de leurs familles et des habitants (dur\u00e9e 13&rsquo;33)<\/li><\/ul><\/li><\/ol>\n\n\n\n<figure class=\"wp-block-embed is-type-video is-provider-youtube wp-block-embed-youtube wp-embed-aspect-16-9 wp-has-aspect-ratio\"><div class=\"wp-block-embed__wrapper\">\n<div class=\"nv-iframe-embed\"><iframe loading=\"lazy\" title=\"Le grand chambardement - Analyse socio-historique du territoire industrialo-portuaire de Fos. Regards crois\u00e9s sur l&#039;\u0153uvre de Jacques Windenberger\" width=\"1200\" height=\"675\" src=\"https:\/\/www.youtube.com\/embed\/videoseries?list=PLV0ci3vhWkp2FDTMrfkvhd0uql0PJm5G7\" frameborder=\"0\" allow=\"accelerometer; autoplay; clipboard-write; encrypted-media; gyroscope; picture-in-picture\" allowfullscreen><\/iframe><\/div>\n<\/div><\/figure>\n","protected":false},"excerpt":{"rendered":"<p>Dans le cadre du projet PICTURE IT &#8211; Le grand chambardement. Analyse socio-historique du territoire industrialo-portuaire de Fos. Regards crois\u00e9s sur l&rsquo;\u0153uvre de Jacques Windenberger, Sophie Gebeil et B\u00e9atrice Mesini ont men\u00e9 un long entretien avec Jacques Windenberger, photojournaliste (&#8230;)<\/p>\n","protected":false},"author":6,"featured_media":7253,"comment_status":"closed","ping_status":"closed","sticky":false,"template":"","format":"standard","meta":{"neve_meta_sidebar":"","neve_meta_container":"","neve_meta_enable_content_width":"","neve_meta_content_width":0,"neve_meta_title_alignment":"","neve_meta_author_avatar":"","neve_post_elements_order":"","neve_meta_disable_header":"","neve_meta_disable_footer":"","neve_meta_disable_title":"","_tribe_events_control_status":"","_tribe_events_control_status_canceled_reason":"","_tribe_events_control_status_postponed_reason":"","_tribe_events_control_online":"","_tribe_events_control_online_url":"","footnotes":""},"categories":[1960],"tags":[1958,1959,1957],"class_list":["post-7252","post","type-post","status-publish","format-standard","has-post-thumbnail","hentry","category-films","tag-entretiens","tag-fos","tag-jacques-windenberger"],"yoast_head":"<!-- This site is optimized with the Yoast SEO plugin v27.4 - https:\/\/yoast.com\/product\/yoast-seo-wordpress\/ -->\n<title>Entretiens autour de l&#039;\u0153uvre de Jacques Windenberger - TELEMMe - Temps, espaces, langages, Europe m\u00e9ridionale, M\u00e9diterran\u00e9e<\/title>\n<meta name=\"robots\" content=\"index, follow, max-snippet:-1, max-image-preview:large, max-video-preview:-1\" \/>\n<link rel=\"canonical\" href=\"https:\/\/telemme.mmsh.fr\/?p=7252\" \/>\n<meta property=\"og:locale\" content=\"fr_FR\" \/>\n<meta property=\"og:type\" content=\"article\" \/>\n<meta property=\"og:title\" content=\"Entretiens autour de l&#039;\u0153uvre de Jacques Windenberger - TELEMMe - Temps, espaces, langages, Europe m\u00e9ridionale, M\u00e9diterran\u00e9e\" \/>\n<meta property=\"og:description\" content=\"Dans le cadre du projet PICTURE IT - Le grand chambardement. Analyse socio-historique du territoire industrialo-portuaire de Fos. Regards crois\u00e9s sur l&#039;\u0153uvre de Jacques Windenberger, Sophie Gebeil et B\u00e9atrice Mesini ont men\u00e9 un long entretien avec Jacques Windenberger, photojournaliste (...)\" \/>\n<meta property=\"og:url\" content=\"https:\/\/telemme.mmsh.fr\/?p=7252\" \/>\n<meta property=\"og:site_name\" content=\"TELEMMe - Temps, espaces, langages, Europe m\u00e9ridionale, M\u00e9diterran\u00e9e\" \/>\n<meta property=\"article:published_time\" content=\"2021-04-16T17:11:14+00:00\" \/>\n<meta property=\"article:modified_time\" content=\"2021-04-16T17:12:13+00:00\" \/>\n<meta property=\"og:image\" content=\"https:\/\/telemme.mmsh.fr\/wp-content\/uploads\/2021\/04\/Windenberger.png\" \/>\n\t<meta property=\"og:image:width\" content=\"500\" \/>\n\t<meta property=\"og:image:height\" content=\"230\" \/>\n\t<meta property=\"og:image:type\" content=\"image\/png\" \/>\n<meta name=\"author\" content=\"Delphine Cavallo\" \/>\n<meta name=\"twitter:card\" content=\"summary_large_image\" \/>\n<meta name=\"twitter:label1\" content=\"\u00c9crit par\" \/>\n\t<meta name=\"twitter:data1\" content=\"Delphine Cavallo\" \/>\n\t<meta name=\"twitter:label2\" content=\"Dur\u00e9e de lecture estim\u00e9e\" \/>\n\t<meta name=\"twitter:data2\" content=\"1 minute\" \/>\n<script type=\"application\/ld+json\" class=\"yoast-schema-graph\">{\"@context\":\"https:\\\/\\\/schema.org\",\"@graph\":[{\"@type\":\"Article\",\"@id\":\"https:\\\/\\\/telemme.mmsh.fr\\\/?p=7252#article\",\"isPartOf\":{\"@id\":\"https:\\\/\\\/telemme.mmsh.fr\\\/?p=7252\"},\"author\":{\"name\":\"Delphine Cavallo\",\"@id\":\"https:\\\/\\\/telemme.mmsh.fr\\\/#\\\/schema\\\/person\\\/86a185da4836381586528ced48e263f5\"},\"headline\":\"Entretiens autour de l&rsquo;\u0153uvre de Jacques Windenberger\",\"datePublished\":\"2021-04-16T17:11:14+00:00\",\"dateModified\":\"2021-04-16T17:12:13+00:00\",\"mainEntityOfPage\":{\"@id\":\"https:\\\/\\\/telemme.mmsh.fr\\\/?p=7252\"},\"wordCount\":187,\"publisher\":{\"@id\":\"https:\\\/\\\/telemme.mmsh.fr\\\/#organization\"},\"image\":{\"@id\":\"https:\\\/\\\/telemme.mmsh.fr\\\/?p=7252#primaryimage\"},\"thumbnailUrl\":\"https:\\\/\\\/telemme.mmsh.fr\\\/wp-content\\\/uploads\\\/2021\\\/04\\\/Windenberger.png\",\"keywords\":[\"entretiens\",\"Fos\",\"Jacques Windenberger\"],\"articleSection\":[\"Films\"],\"inLanguage\":\"fr-FR\"},{\"@type\":\"WebPage\",\"@id\":\"https:\\\/\\\/telemme.mmsh.fr\\\/?p=7252\",\"url\":\"https:\\\/\\\/telemme.mmsh.fr\\\/?p=7252\",\"name\":\"Entretiens autour de l'\u0153uvre de Jacques Windenberger - TELEMMe - Temps, espaces, langages, Europe m\u00e9ridionale, M\u00e9diterran\u00e9e\",\"isPartOf\":{\"@id\":\"https:\\\/\\\/telemme.mmsh.fr\\\/#website\"},\"primaryImageOfPage\":{\"@id\":\"https:\\\/\\\/telemme.mmsh.fr\\\/?p=7252#primaryimage\"},\"image\":{\"@id\":\"https:\\\/\\\/telemme.mmsh.fr\\\/?p=7252#primaryimage\"},\"thumbnailUrl\":\"https:\\\/\\\/telemme.mmsh.fr\\\/wp-content\\\/uploads\\\/2021\\\/04\\\/Windenberger.png\",\"datePublished\":\"2021-04-16T17:11:14+00:00\",\"dateModified\":\"2021-04-16T17:12:13+00:00\",\"breadcrumb\":{\"@id\":\"https:\\\/\\\/telemme.mmsh.fr\\\/?p=7252#breadcrumb\"},\"inLanguage\":\"fr-FR\",\"potentialAction\":[{\"@type\":\"ReadAction\",\"target\":[\"https:\\\/\\\/telemme.mmsh.fr\\\/?p=7252\"]}]},{\"@type\":\"ImageObject\",\"inLanguage\":\"fr-FR\",\"@id\":\"https:\\\/\\\/telemme.mmsh.fr\\\/?p=7252#primaryimage\",\"url\":\"https:\\\/\\\/telemme.mmsh.fr\\\/wp-content\\\/uploads\\\/2021\\\/04\\\/Windenberger.png\",\"contentUrl\":\"https:\\\/\\\/telemme.mmsh.fr\\\/wp-content\\\/uploads\\\/2021\\\/04\\\/Windenberger.png\",\"width\":500,\"height\":230,\"caption\":\"Capture d'\u00e9cran de l'entretien film\u00e9 avec Jacques Windenberger\"},{\"@type\":\"BreadcrumbList\",\"@id\":\"https:\\\/\\\/telemme.mmsh.fr\\\/?p=7252#breadcrumb\",\"itemListElement\":[{\"@type\":\"ListItem\",\"position\":1,\"name\":\"Accueil\",\"item\":\"https:\\\/\\\/telemme.mmsh.fr\\\/\"},{\"@type\":\"ListItem\",\"position\":2,\"name\":\"M\u00e9diation et diffusion\",\"item\":\"https:\\\/\\\/telemme.mmsh.fr\\\/?cat=1736\"},{\"@type\":\"ListItem\",\"position\":3,\"name\":\"Films\",\"item\":\"https:\\\/\\\/telemme.mmsh.fr\\\/?cat=1960\"},{\"@type\":\"ListItem\",\"position\":4,\"name\":\"Entretiens autour de l&rsquo;\u0153uvre de Jacques Windenberger\"}]},{\"@type\":\"WebSite\",\"@id\":\"https:\\\/\\\/telemme.mmsh.fr\\\/#website\",\"url\":\"https:\\\/\\\/telemme.mmsh.fr\\\/\",\"name\":\"TELEMMe - Temps, espaces, langages, Europe m\u00e9ridionale, M\u00e9diterran\u00e9e\",\"description\":\"\",\"publisher\":{\"@id\":\"https:\\\/\\\/telemme.mmsh.fr\\\/#organization\"},\"potentialAction\":[{\"@type\":\"SearchAction\",\"target\":{\"@type\":\"EntryPoint\",\"urlTemplate\":\"https:\\\/\\\/telemme.mmsh.fr\\\/?s={search_term_string}\"},\"query-input\":{\"@type\":\"PropertyValueSpecification\",\"valueRequired\":true,\"valueName\":\"search_term_string\"}}],\"inLanguage\":\"fr-FR\"},{\"@type\":\"Organization\",\"@id\":\"https:\\\/\\\/telemme.mmsh.fr\\\/#organization\",\"name\":\"TELEMMe\",\"url\":\"https:\\\/\\\/telemme.mmsh.fr\\\/\",\"logo\":{\"@type\":\"ImageObject\",\"inLanguage\":\"fr-FR\",\"@id\":\"https:\\\/\\\/telemme.mmsh.fr\\\/#\\\/schema\\\/logo\\\/image\\\/\",\"url\":\"https:\\\/\\\/telemme.mmsh.fr\\\/wp-content\\\/uploads\\\/2020\\\/03\\\/LogoTELEMMe-horizontal-fond-transparent.png\",\"contentUrl\":\"https:\\\/\\\/telemme.mmsh.fr\\\/wp-content\\\/uploads\\\/2020\\\/03\\\/LogoTELEMMe-horizontal-fond-transparent.png\",\"width\":1500,\"height\":437,\"caption\":\"TELEMMe\"},\"image\":{\"@id\":\"https:\\\/\\\/telemme.mmsh.fr\\\/#\\\/schema\\\/logo\\\/image\\\/\"}},{\"@type\":\"Person\",\"@id\":\"https:\\\/\\\/telemme.mmsh.fr\\\/#\\\/schema\\\/person\\\/86a185da4836381586528ced48e263f5\",\"name\":\"Delphine Cavallo\",\"url\":\"https:\\\/\\\/telemme.mmsh.fr\\\/?author=6\"}]}<\/script>\n<!-- \/ Yoast SEO plugin. -->","yoast_head_json":{"title":"Entretiens autour de l'\u0153uvre de Jacques Windenberger - TELEMMe - Temps, espaces, langages, Europe m\u00e9ridionale, M\u00e9diterran\u00e9e","robots":{"index":"index","follow":"follow","max-snippet":"max-snippet:-1","max-image-preview":"max-image-preview:large","max-video-preview":"max-video-preview:-1"},"canonical":"https:\/\/telemme.mmsh.fr\/?p=7252","og_locale":"fr_FR","og_type":"article","og_title":"Entretiens autour de l'\u0153uvre de Jacques Windenberger - TELEMMe - Temps, espaces, langages, Europe m\u00e9ridionale, M\u00e9diterran\u00e9e","og_description":"Dans le cadre du projet PICTURE IT - Le grand chambardement. Analyse socio-historique du territoire industrialo-portuaire de Fos. Regards crois\u00e9s sur l'\u0153uvre de Jacques Windenberger, Sophie Gebeil et B\u00e9atrice Mesini ont men\u00e9 un long entretien avec Jacques Windenberger, photojournaliste (...)","og_url":"https:\/\/telemme.mmsh.fr\/?p=7252","og_site_name":"TELEMMe - Temps, espaces, langages, Europe m\u00e9ridionale, M\u00e9diterran\u00e9e","article_published_time":"2021-04-16T17:11:14+00:00","article_modified_time":"2021-04-16T17:12:13+00:00","og_image":[{"width":500,"height":230,"url":"https:\/\/telemme.mmsh.fr\/wp-content\/uploads\/2021\/04\/Windenberger.png","type":"image\/png"}],"author":"Delphine Cavallo","twitter_card":"summary_large_image","twitter_misc":{"\u00c9crit par":"Delphine Cavallo","Dur\u00e9e de lecture estim\u00e9e":"1 minute"},"schema":{"@context":"https:\/\/schema.org","@graph":[{"@type":"Article","@id":"https:\/\/telemme.mmsh.fr\/?p=7252#article","isPartOf":{"@id":"https:\/\/telemme.mmsh.fr\/?p=7252"},"author":{"name":"Delphine Cavallo","@id":"https:\/\/telemme.mmsh.fr\/#\/schema\/person\/86a185da4836381586528ced48e263f5"},"headline":"Entretiens autour de l&rsquo;\u0153uvre de Jacques Windenberger","datePublished":"2021-04-16T17:11:14+00:00","dateModified":"2021-04-16T17:12:13+00:00","mainEntityOfPage":{"@id":"https:\/\/telemme.mmsh.fr\/?p=7252"},"wordCount":187,"publisher":{"@id":"https:\/\/telemme.mmsh.fr\/#organization"},"image":{"@id":"https:\/\/telemme.mmsh.fr\/?p=7252#primaryimage"},"thumbnailUrl":"https:\/\/telemme.mmsh.fr\/wp-content\/uploads\/2021\/04\/Windenberger.png","keywords":["entretiens","Fos","Jacques Windenberger"],"articleSection":["Films"],"inLanguage":"fr-FR"},{"@type":"WebPage","@id":"https:\/\/telemme.mmsh.fr\/?p=7252","url":"https:\/\/telemme.mmsh.fr\/?p=7252","name":"Entretiens autour de l'\u0153uvre de Jacques Windenberger - TELEMMe - Temps, espaces, langages, Europe m\u00e9ridionale, M\u00e9diterran\u00e9e","isPartOf":{"@id":"https:\/\/telemme.mmsh.fr\/#website"},"primaryImageOfPage":{"@id":"https:\/\/telemme.mmsh.fr\/?p=7252#primaryimage"},"image":{"@id":"https:\/\/telemme.mmsh.fr\/?p=7252#primaryimage"},"thumbnailUrl":"https:\/\/telemme.mmsh.fr\/wp-content\/uploads\/2021\/04\/Windenberger.png","datePublished":"2021-04-16T17:11:14+00:00","dateModified":"2021-04-16T17:12:13+00:00","breadcrumb":{"@id":"https:\/\/telemme.mmsh.fr\/?p=7252#breadcrumb"},"inLanguage":"fr-FR","potentialAction":[{"@type":"ReadAction","target":["https:\/\/telemme.mmsh.fr\/?p=7252"]}]},{"@type":"ImageObject","inLanguage":"fr-FR","@id":"https:\/\/telemme.mmsh.fr\/?p=7252#primaryimage","url":"https:\/\/telemme.mmsh.fr\/wp-content\/uploads\/2021\/04\/Windenberger.png","contentUrl":"https:\/\/telemme.mmsh.fr\/wp-content\/uploads\/2021\/04\/Windenberger.png","width":500,"height":230,"caption":"Capture d'\u00e9cran de l'entretien film\u00e9 avec Jacques Windenberger"},{"@type":"BreadcrumbList","@id":"https:\/\/telemme.mmsh.fr\/?p=7252#breadcrumb","itemListElement":[{"@type":"ListItem","position":1,"name":"Accueil","item":"https:\/\/telemme.mmsh.fr\/"},{"@type":"ListItem","position":2,"name":"M\u00e9diation et diffusion","item":"https:\/\/telemme.mmsh.fr\/?cat=1736"},{"@type":"ListItem","position":3,"name":"Films","item":"https:\/\/telemme.mmsh.fr\/?cat=1960"},{"@type":"ListItem","position":4,"name":"Entretiens autour de l&rsquo;\u0153uvre de Jacques Windenberger"}]},{"@type":"WebSite","@id":"https:\/\/telemme.mmsh.fr\/#website","url":"https:\/\/telemme.mmsh.fr\/","name":"TELEMMe - Temps, espaces, langages, Europe m\u00e9ridionale, M\u00e9diterran\u00e9e","description":"","publisher":{"@id":"https:\/\/telemme.mmsh.fr\/#organization"},"potentialAction":[{"@type":"SearchAction","target":{"@type":"EntryPoint","urlTemplate":"https:\/\/telemme.mmsh.fr\/?s={search_term_string}"},"query-input":{"@type":"PropertyValueSpecification","valueRequired":true,"valueName":"search_term_string"}}],"inLanguage":"fr-FR"},{"@type":"Organization","@id":"https:\/\/telemme.mmsh.fr\/#organization","name":"TELEMMe","url":"https:\/\/telemme.mmsh.fr\/","logo":{"@type":"ImageObject","inLanguage":"fr-FR","@id":"https:\/\/telemme.mmsh.fr\/#\/schema\/logo\/image\/","url":"https:\/\/telemme.mmsh.fr\/wp-content\/uploads\/2020\/03\/LogoTELEMMe-horizontal-fond-transparent.png","contentUrl":"https:\/\/telemme.mmsh.fr\/wp-content\/uploads\/2020\/03\/LogoTELEMMe-horizontal-fond-transparent.png","width":1500,"height":437,"caption":"TELEMMe"},"image":{"@id":"https:\/\/telemme.mmsh.fr\/#\/schema\/logo\/image\/"}},{"@type":"Person","@id":"https:\/\/telemme.mmsh.fr\/#\/schema\/person\/86a185da4836381586528ced48e263f5","name":"Delphine Cavallo","url":"https:\/\/telemme.mmsh.fr\/?author=6"}]}},"_links":{"self":[{"href":"https:\/\/telemme.mmsh.fr\/index.php?rest_route=\/wp\/v2\/posts\/7252","targetHints":{"allow":["GET"]}}],"collection":[{"href":"https:\/\/telemme.mmsh.fr\/index.php?rest_route=\/wp\/v2\/posts"}],"about":[{"href":"https:\/\/telemme.mmsh.fr\/index.php?rest_route=\/wp\/v2\/types\/post"}],"author":[{"embeddable":true,"href":"https:\/\/telemme.mmsh.fr\/index.php?rest_route=\/wp\/v2\/users\/6"}],"replies":[{"embeddable":true,"href":"https:\/\/telemme.mmsh.fr\/index.php?rest_route=%2Fwp%2Fv2%2Fcomments&post=7252"}],"version-history":[{"count":3,"href":"https:\/\/telemme.mmsh.fr\/index.php?rest_route=\/wp\/v2\/posts\/7252\/revisions"}],"predecessor-version":[{"id":7256,"href":"https:\/\/telemme.mmsh.fr\/index.php?rest_route=\/wp\/v2\/posts\/7252\/revisions\/7256"}],"wp:featuredmedia":[{"embeddable":true,"href":"https:\/\/telemme.mmsh.fr\/index.php?rest_route=\/wp\/v2\/media\/7253"}],"wp:attachment":[{"href":"https:\/\/telemme.mmsh.fr\/index.php?rest_route=%2Fwp%2Fv2%2Fmedia&parent=7252"}],"wp:term":[{"taxonomy":"category","embeddable":true,"href":"https:\/\/telemme.mmsh.fr\/index.php?rest_route=%2Fwp%2Fv2%2Fcategories&post=7252"},{"taxonomy":"post_tag","embeddable":true,"href":"https:\/\/telemme.mmsh.fr\/index.php?rest_route=%2Fwp%2Fv2%2Ftags&post=7252"}],"curies":[{"name":"wp","href":"https:\/\/api.w.org\/{rel}","templated":true}]}}