{"id":5912,"date":"2020-11-17T21:56:00","date_gmt":"2020-11-17T20:56:00","guid":{"rendered":"http:\/\/telemme.mmsh.fr\/?p=5912"},"modified":"2021-07-15T17:51:10","modified_gmt":"2021-07-15T15:51:10","slug":"trouble-dans-la-maternite","status":"publish","type":"post","link":"https:\/\/telemme.mmsh.fr\/?p=5912","title":{"rendered":"Trouble dans la maternit\u00e9"},"content":{"rendered":"\n<blockquote class=\"wp-block-quote is-layout-flow wp-block-quote-is-layout-flow\"><p><em><a rel=\"noreferrer noopener\" href=\"https:\/\/hal-amu.archives-ouvertes.fr\/hal-02965180\" target=\"_blank\"><strong>Trouble dans la maternit\u00e9<\/strong><\/a>. <strong>Pour une histoire des folies puerp\u00e9rales XVIII<\/strong><sup><strong>e<\/strong><\/sup><strong>-XX<\/strong><sup><strong>e<\/strong><\/sup><strong> si\u00e8cles<\/strong><\/em>, Francesca Arena, <a rel=\"noreferrer noopener\" href=\"https:\/\/presses-universitaires.univ-amu.fr\/trouble-maternite-0\" target=\"_blank\">Presses universitaires de Provence<\/a>, coll\u00b0 Penser le genre, 2020<\/p><\/blockquote>\n\n\n\n<p>Ce livre propose \u2013 pour la premi\u00e8re fois \u2013 une histoire sur la longue dur\u00e9e des \u00ab\u202ffolies puerp\u00e9rales\u202f\u00bb\u2009. Les d\u00e9pressions p\u00e9rinatales frapperaient un nombre important de femmes comme en attestent les manuels de psychiatrie, de p\u00e9dopsychiatrie et d\u2019obst\u00e9trique, ainsi que la pratique clinique des m\u00e9decins et des psychiatres, psychologues et psychanalystes. Elles sont aussi au centre de politiques de pr\u00e9vention de sant\u00e9, au regard notamment du risque accru d\u2019infanticide. Diagnostic aujourd\u2019hui au centre des politiques de pr\u00e9vention de sant\u00e9 et de dispositifs biom\u00e9dicaux d\u2019accompagnement \u00e0 la maternit\u00e9, il prend au regard de l\u2019histoire une dimension critique, relevant \u00e0 quel point on a naturalis\u00e9 la parentalit\u00e9. \u00c0 travers une analyse fine de sources d\u2019archives (dossiers m\u00e9dicaux des malades) et de sources m\u00e9dicales, cet ouvrage permet de combler enfin une lacune historiographique et offre des \u00e9l\u00e9ments d\u2019analyse importants pour sortir la maternit\u00e9 d\u2019une histoire positive. \u00c0 partir d\u2019une perspective de genre, ce livre permettra aussi de nourrir l\u2019histoire de la sant\u00e9 et sera de grande utilit\u00e9 non seulement pour les historiennes et historiens mais aussi pour les professionnels de la sant\u00e9 et les nouveaux parents.<\/p>\n","protected":false},"excerpt":{"rendered":"<p>Trouble dans la maternit\u00e9. Pour une histoire des folies puerp\u00e9rales XVIIIe-XXe si\u00e8cles, Francesca Arena, Presses universitaires de Provence, coll\u00b0 Penser le genre, 2020 Ce livre propose \u2013 pour la premi\u00e8re&hellip;&nbsp;<a href=\"https:\/\/telemme.mmsh.fr\/?p=5912\" rel=\"bookmark\">Lire la suite &raquo;<span class=\"screen-reader-text\">Trouble dans la maternit\u00e9<\/span><\/a><\/p>\n","protected":false},"author":6,"featured_media":5913,"comment_status":"closed","ping_status":"closed","sticky":false,"template":"","format":"standard","meta":{"neve_meta_sidebar":"","neve_meta_container":"","neve_meta_enable_content_width":"","neve_meta_content_width":0,"neve_meta_title_alignment":"","neve_meta_author_avatar":"","neve_post_elements_order":"","neve_meta_disable_header":"","neve_meta_disable_footer":"","neve_meta_disable_title":"","_tribe_events_control_status":"","_tribe_events_control_status_canceled_reason":"","_tribe_events_control_status_postponed_reason":"","_tribe_events_control_online":"","_tribe_events_control_online_url":"","footnotes":""},"categories":[1740],"tags":[],"class_list":["post-5912","post","type-post","status-publish","format-standard","has-post-thumbnail","hentry","category-ouvrages"],"yoast_head":"<!-- This site is optimized with the Yoast SEO plugin v27.4 - https:\/\/yoast.com\/product\/yoast-seo-wordpress\/ -->\n<title>Trouble dans la maternit\u00e9 - TELEMMe - Temps, espaces, langages, Europe m\u00e9ridionale, M\u00e9diterran\u00e9e<\/title>\n<meta name=\"robots\" content=\"index, follow, max-snippet:-1, max-image-preview:large, max-video-preview:-1\" \/>\n<link rel=\"canonical\" href=\"https:\/\/telemme.mmsh.fr\/?p=5912\" \/>\n<meta property=\"og:locale\" content=\"fr_FR\" \/>\n<meta property=\"og:type\" content=\"article\" \/>\n<meta property=\"og:title\" content=\"Trouble dans la maternit\u00e9 - TELEMMe - Temps, espaces, langages, Europe m\u00e9ridionale, M\u00e9diterran\u00e9e\" \/>\n<meta property=\"og:description\" content=\"Trouble dans la maternit\u00e9. Pour une histoire des folies puerp\u00e9rales XVIIIe-XXe si\u00e8cles, Francesca Arena, Presses universitaires de Provence, coll\u00b0 Penser le genre, 2020 Ce livre propose \u2013 pour la premi\u00e8re&hellip;&nbsp;Lire la suite &raquo;Trouble dans la maternit\u00e9\" \/>\n<meta property=\"og:url\" content=\"https:\/\/telemme.mmsh.fr\/?p=5912\" \/>\n<meta property=\"og:site_name\" content=\"TELEMMe - Temps, espaces, langages, Europe m\u00e9ridionale, M\u00e9diterran\u00e9e\" \/>\n<meta property=\"article:published_time\" content=\"2020-11-17T20:56:00+00:00\" \/>\n<meta property=\"article:modified_time\" content=\"2021-07-15T15:51:10+00:00\" \/>\n<meta property=\"og:image\" content=\"https:\/\/telemme.mmsh.fr\/wp-content\/uploads\/2021\/03\/couv_TROUBLEMARTERNITE.jpg\" \/>\n\t<meta property=\"og:image:width\" content=\"167\" \/>\n\t<meta property=\"og:image:height\" content=\"250\" \/>\n\t<meta property=\"og:image:type\" content=\"image\/jpeg\" \/>\n<meta name=\"author\" content=\"Delphine Cavallo\" \/>\n<meta name=\"twitter:card\" content=\"summary_large_image\" \/>\n<meta name=\"twitter:label1\" content=\"\u00c9crit par\" \/>\n\t<meta name=\"twitter:data1\" content=\"Delphine Cavallo\" \/>\n\t<meta name=\"twitter:label2\" content=\"Dur\u00e9e de lecture estim\u00e9e\" \/>\n\t<meta name=\"twitter:data2\" content=\"1 minute\" \/>\n<script type=\"application\/ld+json\" class=\"yoast-schema-graph\">{\"@context\":\"https:\\\/\\\/schema.org\",\"@graph\":[{\"@type\":\"Article\",\"@id\":\"https:\\\/\\\/telemme.mmsh.fr\\\/?p=5912#article\",\"isPartOf\":{\"@id\":\"https:\\\/\\\/telemme.mmsh.fr\\\/?p=5912\"},\"author\":{\"name\":\"Delphine Cavallo\",\"@id\":\"https:\\\/\\\/telemme.mmsh.fr\\\/#\\\/schema\\\/person\\\/86a185da4836381586528ced48e263f5\"},\"headline\":\"Trouble dans la maternit\u00e9\",\"datePublished\":\"2020-11-17T20:56:00+00:00\",\"dateModified\":\"2021-07-15T15:51:10+00:00\",\"mainEntityOfPage\":{\"@id\":\"https:\\\/\\\/telemme.mmsh.fr\\\/?p=5912\"},\"wordCount\":232,\"publisher\":{\"@id\":\"https:\\\/\\\/telemme.mmsh.fr\\\/#organization\"},\"image\":{\"@id\":\"https:\\\/\\\/telemme.mmsh.fr\\\/?p=5912#primaryimage\"},\"thumbnailUrl\":\"https:\\\/\\\/telemme.mmsh.fr\\\/wp-content\\\/uploads\\\/2021\\\/03\\\/couv_TROUBLEMARTERNITE.jpg\",\"articleSection\":[\"Ouvrages\"],\"inLanguage\":\"fr-FR\"},{\"@type\":\"WebPage\",\"@id\":\"https:\\\/\\\/telemme.mmsh.fr\\\/?p=5912\",\"url\":\"https:\\\/\\\/telemme.mmsh.fr\\\/?p=5912\",\"name\":\"Trouble dans la maternit\u00e9 - TELEMMe - Temps, espaces, langages, Europe m\u00e9ridionale, M\u00e9diterran\u00e9e\",\"isPartOf\":{\"@id\":\"https:\\\/\\\/telemme.mmsh.fr\\\/#website\"},\"primaryImageOfPage\":{\"@id\":\"https:\\\/\\\/telemme.mmsh.fr\\\/?p=5912#primaryimage\"},\"image\":{\"@id\":\"https:\\\/\\\/telemme.mmsh.fr\\\/?p=5912#primaryimage\"},\"thumbnailUrl\":\"https:\\\/\\\/telemme.mmsh.fr\\\/wp-content\\\/uploads\\\/2021\\\/03\\\/couv_TROUBLEMARTERNITE.jpg\",\"datePublished\":\"2020-11-17T20:56:00+00:00\",\"dateModified\":\"2021-07-15T15:51:10+00:00\",\"breadcrumb\":{\"@id\":\"https:\\\/\\\/telemme.mmsh.fr\\\/?p=5912#breadcrumb\"},\"inLanguage\":\"fr-FR\",\"potentialAction\":[{\"@type\":\"ReadAction\",\"target\":[\"https:\\\/\\\/telemme.mmsh.fr\\\/?p=5912\"]}]},{\"@type\":\"ImageObject\",\"inLanguage\":\"fr-FR\",\"@id\":\"https:\\\/\\\/telemme.mmsh.fr\\\/?p=5912#primaryimage\",\"url\":\"https:\\\/\\\/telemme.mmsh.fr\\\/wp-content\\\/uploads\\\/2021\\\/03\\\/couv_TROUBLEMARTERNITE.jpg\",\"contentUrl\":\"https:\\\/\\\/telemme.mmsh.fr\\\/wp-content\\\/uploads\\\/2021\\\/03\\\/couv_TROUBLEMARTERNITE.jpg\",\"width\":167,\"height\":250,\"caption\":\"Couverture Trouble dans la maternit\u00e9\"},{\"@type\":\"BreadcrumbList\",\"@id\":\"https:\\\/\\\/telemme.mmsh.fr\\\/?p=5912#breadcrumb\",\"itemListElement\":[{\"@type\":\"ListItem\",\"position\":1,\"name\":\"Accueil\",\"item\":\"https:\\\/\\\/telemme.mmsh.fr\\\/\"},{\"@type\":\"ListItem\",\"position\":2,\"name\":\"Publications\",\"item\":\"https:\\\/\\\/telemme.mmsh.fr\\\/?cat=1738\"},{\"@type\":\"ListItem\",\"position\":3,\"name\":\"Ouvrages\",\"item\":\"https:\\\/\\\/telemme.mmsh.fr\\\/?cat=1740\"},{\"@type\":\"ListItem\",\"position\":4,\"name\":\"Trouble dans la maternit\u00e9\"}]},{\"@type\":\"WebSite\",\"@id\":\"https:\\\/\\\/telemme.mmsh.fr\\\/#website\",\"url\":\"https:\\\/\\\/telemme.mmsh.fr\\\/\",\"name\":\"TELEMMe - Temps, espaces, langages, Europe m\u00e9ridionale, M\u00e9diterran\u00e9e\",\"description\":\"\",\"publisher\":{\"@id\":\"https:\\\/\\\/telemme.mmsh.fr\\\/#organization\"},\"potentialAction\":[{\"@type\":\"SearchAction\",\"target\":{\"@type\":\"EntryPoint\",\"urlTemplate\":\"https:\\\/\\\/telemme.mmsh.fr\\\/?s={search_term_string}\"},\"query-input\":{\"@type\":\"PropertyValueSpecification\",\"valueRequired\":true,\"valueName\":\"search_term_string\"}}],\"inLanguage\":\"fr-FR\"},{\"@type\":\"Organization\",\"@id\":\"https:\\\/\\\/telemme.mmsh.fr\\\/#organization\",\"name\":\"TELEMMe\",\"url\":\"https:\\\/\\\/telemme.mmsh.fr\\\/\",\"logo\":{\"@type\":\"ImageObject\",\"inLanguage\":\"fr-FR\",\"@id\":\"https:\\\/\\\/telemme.mmsh.fr\\\/#\\\/schema\\\/logo\\\/image\\\/\",\"url\":\"https:\\\/\\\/telemme.mmsh.fr\\\/wp-content\\\/uploads\\\/2020\\\/03\\\/LogoTELEMMe-horizontal-fond-transparent.png\",\"contentUrl\":\"https:\\\/\\\/telemme.mmsh.fr\\\/wp-content\\\/uploads\\\/2020\\\/03\\\/LogoTELEMMe-horizontal-fond-transparent.png\",\"width\":1500,\"height\":437,\"caption\":\"TELEMMe\"},\"image\":{\"@id\":\"https:\\\/\\\/telemme.mmsh.fr\\\/#\\\/schema\\\/logo\\\/image\\\/\"}},{\"@type\":\"Person\",\"@id\":\"https:\\\/\\\/telemme.mmsh.fr\\\/#\\\/schema\\\/person\\\/86a185da4836381586528ced48e263f5\",\"name\":\"Delphine Cavallo\",\"url\":\"https:\\\/\\\/telemme.mmsh.fr\\\/?author=6\"}]}<\/script>\n<!-- \/ Yoast SEO plugin. -->","yoast_head_json":{"title":"Trouble dans la maternit\u00e9 - TELEMMe - Temps, espaces, langages, Europe m\u00e9ridionale, M\u00e9diterran\u00e9e","robots":{"index":"index","follow":"follow","max-snippet":"max-snippet:-1","max-image-preview":"max-image-preview:large","max-video-preview":"max-video-preview:-1"},"canonical":"https:\/\/telemme.mmsh.fr\/?p=5912","og_locale":"fr_FR","og_type":"article","og_title":"Trouble dans la maternit\u00e9 - TELEMMe - Temps, espaces, langages, Europe m\u00e9ridionale, M\u00e9diterran\u00e9e","og_description":"Trouble dans la maternit\u00e9. Pour une histoire des folies puerp\u00e9rales XVIIIe-XXe si\u00e8cles, Francesca Arena, Presses universitaires de Provence, coll\u00b0 Penser le genre, 2020 Ce livre propose \u2013 pour la premi\u00e8re&hellip;&nbsp;Lire la suite &raquo;Trouble dans la maternit\u00e9","og_url":"https:\/\/telemme.mmsh.fr\/?p=5912","og_site_name":"TELEMMe - Temps, espaces, langages, Europe m\u00e9ridionale, M\u00e9diterran\u00e9e","article_published_time":"2020-11-17T20:56:00+00:00","article_modified_time":"2021-07-15T15:51:10+00:00","og_image":[{"width":167,"height":250,"url":"https:\/\/telemme.mmsh.fr\/wp-content\/uploads\/2021\/03\/couv_TROUBLEMARTERNITE.jpg","type":"image\/jpeg"}],"author":"Delphine Cavallo","twitter_card":"summary_large_image","twitter_misc":{"\u00c9crit par":"Delphine Cavallo","Dur\u00e9e de lecture estim\u00e9e":"1 minute"},"schema":{"@context":"https:\/\/schema.org","@graph":[{"@type":"Article","@id":"https:\/\/telemme.mmsh.fr\/?p=5912#article","isPartOf":{"@id":"https:\/\/telemme.mmsh.fr\/?p=5912"},"author":{"name":"Delphine Cavallo","@id":"https:\/\/telemme.mmsh.fr\/#\/schema\/person\/86a185da4836381586528ced48e263f5"},"headline":"Trouble dans la maternit\u00e9","datePublished":"2020-11-17T20:56:00+00:00","dateModified":"2021-07-15T15:51:10+00:00","mainEntityOfPage":{"@id":"https:\/\/telemme.mmsh.fr\/?p=5912"},"wordCount":232,"publisher":{"@id":"https:\/\/telemme.mmsh.fr\/#organization"},"image":{"@id":"https:\/\/telemme.mmsh.fr\/?p=5912#primaryimage"},"thumbnailUrl":"https:\/\/telemme.mmsh.fr\/wp-content\/uploads\/2021\/03\/couv_TROUBLEMARTERNITE.jpg","articleSection":["Ouvrages"],"inLanguage":"fr-FR"},{"@type":"WebPage","@id":"https:\/\/telemme.mmsh.fr\/?p=5912","url":"https:\/\/telemme.mmsh.fr\/?p=5912","name":"Trouble dans la maternit\u00e9 - TELEMMe - Temps, espaces, langages, Europe m\u00e9ridionale, M\u00e9diterran\u00e9e","isPartOf":{"@id":"https:\/\/telemme.mmsh.fr\/#website"},"primaryImageOfPage":{"@id":"https:\/\/telemme.mmsh.fr\/?p=5912#primaryimage"},"image":{"@id":"https:\/\/telemme.mmsh.fr\/?p=5912#primaryimage"},"thumbnailUrl":"https:\/\/telemme.mmsh.fr\/wp-content\/uploads\/2021\/03\/couv_TROUBLEMARTERNITE.jpg","datePublished":"2020-11-17T20:56:00+00:00","dateModified":"2021-07-15T15:51:10+00:00","breadcrumb":{"@id":"https:\/\/telemme.mmsh.fr\/?p=5912#breadcrumb"},"inLanguage":"fr-FR","potentialAction":[{"@type":"ReadAction","target":["https:\/\/telemme.mmsh.fr\/?p=5912"]}]},{"@type":"ImageObject","inLanguage":"fr-FR","@id":"https:\/\/telemme.mmsh.fr\/?p=5912#primaryimage","url":"https:\/\/telemme.mmsh.fr\/wp-content\/uploads\/2021\/03\/couv_TROUBLEMARTERNITE.jpg","contentUrl":"https:\/\/telemme.mmsh.fr\/wp-content\/uploads\/2021\/03\/couv_TROUBLEMARTERNITE.jpg","width":167,"height":250,"caption":"Couverture Trouble dans la maternit\u00e9"},{"@type":"BreadcrumbList","@id":"https:\/\/telemme.mmsh.fr\/?p=5912#breadcrumb","itemListElement":[{"@type":"ListItem","position":1,"name":"Accueil","item":"https:\/\/telemme.mmsh.fr\/"},{"@type":"ListItem","position":2,"name":"Publications","item":"https:\/\/telemme.mmsh.fr\/?cat=1738"},{"@type":"ListItem","position":3,"name":"Ouvrages","item":"https:\/\/telemme.mmsh.fr\/?cat=1740"},{"@type":"ListItem","position":4,"name":"Trouble dans la maternit\u00e9"}]},{"@type":"WebSite","@id":"https:\/\/telemme.mmsh.fr\/#website","url":"https:\/\/telemme.mmsh.fr\/","name":"TELEMMe - Temps, espaces, langages, Europe m\u00e9ridionale, M\u00e9diterran\u00e9e","description":"","publisher":{"@id":"https:\/\/telemme.mmsh.fr\/#organization"},"potentialAction":[{"@type":"SearchAction","target":{"@type":"EntryPoint","urlTemplate":"https:\/\/telemme.mmsh.fr\/?s={search_term_string}"},"query-input":{"@type":"PropertyValueSpecification","valueRequired":true,"valueName":"search_term_string"}}],"inLanguage":"fr-FR"},{"@type":"Organization","@id":"https:\/\/telemme.mmsh.fr\/#organization","name":"TELEMMe","url":"https:\/\/telemme.mmsh.fr\/","logo":{"@type":"ImageObject","inLanguage":"fr-FR","@id":"https:\/\/telemme.mmsh.fr\/#\/schema\/logo\/image\/","url":"https:\/\/telemme.mmsh.fr\/wp-content\/uploads\/2020\/03\/LogoTELEMMe-horizontal-fond-transparent.png","contentUrl":"https:\/\/telemme.mmsh.fr\/wp-content\/uploads\/2020\/03\/LogoTELEMMe-horizontal-fond-transparent.png","width":1500,"height":437,"caption":"TELEMMe"},"image":{"@id":"https:\/\/telemme.mmsh.fr\/#\/schema\/logo\/image\/"}},{"@type":"Person","@id":"https:\/\/telemme.mmsh.fr\/#\/schema\/person\/86a185da4836381586528ced48e263f5","name":"Delphine Cavallo","url":"https:\/\/telemme.mmsh.fr\/?author=6"}]}},"_links":{"self":[{"href":"https:\/\/telemme.mmsh.fr\/index.php?rest_route=\/wp\/v2\/posts\/5912","targetHints":{"allow":["GET"]}}],"collection":[{"href":"https:\/\/telemme.mmsh.fr\/index.php?rest_route=\/wp\/v2\/posts"}],"about":[{"href":"https:\/\/telemme.mmsh.fr\/index.php?rest_route=\/wp\/v2\/types\/post"}],"author":[{"embeddable":true,"href":"https:\/\/telemme.mmsh.fr\/index.php?rest_route=\/wp\/v2\/users\/6"}],"replies":[{"embeddable":true,"href":"https:\/\/telemme.mmsh.fr\/index.php?rest_route=%2Fwp%2Fv2%2Fcomments&post=5912"}],"version-history":[{"count":3,"href":"https:\/\/telemme.mmsh.fr\/index.php?rest_route=\/wp\/v2\/posts\/5912\/revisions"}],"predecessor-version":[{"id":9028,"href":"https:\/\/telemme.mmsh.fr\/index.php?rest_route=\/wp\/v2\/posts\/5912\/revisions\/9028"}],"wp:featuredmedia":[{"embeddable":true,"href":"https:\/\/telemme.mmsh.fr\/index.php?rest_route=\/wp\/v2\/media\/5913"}],"wp:attachment":[{"href":"https:\/\/telemme.mmsh.fr\/index.php?rest_route=%2Fwp%2Fv2%2Fmedia&parent=5912"}],"wp:term":[{"taxonomy":"category","embeddable":true,"href":"https:\/\/telemme.mmsh.fr\/index.php?rest_route=%2Fwp%2Fv2%2Fcategories&post=5912"},{"taxonomy":"post_tag","embeddable":true,"href":"https:\/\/telemme.mmsh.fr\/index.php?rest_route=%2Fwp%2Fv2%2Ftags&post=5912"}],"curies":[{"name":"wp","href":"https:\/\/api.w.org\/{rel}","templated":true}]}}