{"id":5895,"date":"2020-09-15T19:43:00","date_gmt":"2020-09-15T17:43:00","guid":{"rendered":"http:\/\/telemme.mmsh.fr\/?p=5895"},"modified":"2021-03-30T19:47:15","modified_gmt":"2021-03-30T17:47:15","slug":"memoires-du-quartier-de-la-cayolle-1944-2019","status":"publish","type":"post","link":"https:\/\/telemme.mmsh.fr\/?p=5895","title":{"rendered":"M\u00e9moires du quartier de la Cayolle : 1944 &#8211; 2019"},"content":{"rendered":"\n<p>Exposition con\u00e7ue en partenariat avec le GIP Marseille R\u00e9novation Urbaine et le CIQ Hauts de Mazargues-la Cayolle<\/p>\n\n\n\n<p>Du 21 septembre 2019 au 7 juin 2020 au Mus\u00e9e d&rsquo;histoire de Marseille<\/p>\n\n\n\n<p>Cette exposition multim\u00e9dia explore le r\u00e9cent pass\u00e9 du quartier de la Cayolle, situ\u00e9 aux portes du Parc national des Calanques, au Sud de Marseille. Bas\u00e9e sur un important travail de collecte d\u2019archives r\u00e9alis\u00e9 par le CIQ, elle \u00e9voque l\u2019histoire du quartier de 1944 \u00e0 nos jours, et plus sp\u00e9cifiquement celle du camp du Grand Ar\u00e9nas, qui a accueilli plusieurs communaut\u00e9s en transit entre 1944 et 1966.<\/p>\n\n\n\n<p><br>A travers un dispositif multim\u00e9dia &#8211; film documentaire, production interactive multim\u00e9dia, diaporama -, le visiteur d\u00e9couvre l\u2019histoire des migrations (travailleurs coloniaux indochinois, juifs tunisiens et marocains, immigr\u00e9s maghr\u00e9bins\u2026) ainsi que l\u2019\u00e9volution urbaine et de l\u2019habitat (installations d\u2019urgence apr\u00e8s 1945, cit\u00e9s de relogement, bidonville, mise en place de ZAC et op\u00e9ration de renouvellement urbain contemporain) sur ce site.<br>Enfin, c\u2019est un aspect important de l\u2019histoire contemporaine de Marseille, qui est d\u00e9voil\u00e9 au travers du regard de ceux qui l&rsquo;ont v\u00e9cue.<br>Cette exposition multim\u00e9dia explore le r\u00e9cent pass\u00e9 du quartier de la Cayolle, situ\u00e9 aux portes du Parc national des Calanques, au Sud de Marseille.<\/p>\n","protected":false},"excerpt":{"rendered":"<p>Cette exposition multim\u00e9dia explore le r\u00e9cent pass\u00e9 du quartier de la Cayolle, situ\u00e9 aux portes du Parc national des Calanques, au Sud de Marseille. Bas\u00e9e sur un important travail de collecte d\u2019archives r\u00e9alis\u00e9 par le CIQ, elle \u00e9voque l\u2019histoire du quartier de 1944 \u00e0 nos jours, et plus sp\u00e9cifiquement celle du camp du Grand Ar\u00e9nas, qui a accueilli plusieurs communaut\u00e9s en transit entre 1944 et 1966.<\/p>\n","protected":false},"author":6,"featured_media":5896,"comment_status":"closed","ping_status":"closed","sticky":false,"template":"","format":"standard","meta":{"neve_meta_sidebar":"","neve_meta_container":"","neve_meta_enable_content_width":"","neve_meta_content_width":0,"neve_meta_title_alignment":"","neve_meta_author_avatar":"","neve_post_elements_order":"","neve_meta_disable_header":"","neve_meta_disable_footer":"","neve_meta_disable_title":"","_tribe_events_control_status":"","_tribe_events_control_status_canceled_reason":"","_tribe_events_control_status_postponed_reason":"","_tribe_events_control_online":"","_tribe_events_control_online_url":"","footnotes":""},"categories":[1730],"tags":[],"class_list":["post-5895","post","type-post","status-publish","format-standard","has-post-thumbnail","hentry","category-expositions"],"yoast_head":"<!-- This site is optimized with the Yoast SEO plugin v27.4 - https:\/\/yoast.com\/product\/yoast-seo-wordpress\/ -->\n<title>M\u00e9moires du quartier de la Cayolle : 1944 - 2019 - TELEMMe - Temps, espaces, langages, Europe m\u00e9ridionale, M\u00e9diterran\u00e9e<\/title>\n<meta name=\"robots\" content=\"index, follow, max-snippet:-1, max-image-preview:large, max-video-preview:-1\" \/>\n<link rel=\"canonical\" href=\"https:\/\/telemme.mmsh.fr\/?p=5895\" \/>\n<meta property=\"og:locale\" content=\"fr_FR\" \/>\n<meta property=\"og:type\" content=\"article\" \/>\n<meta property=\"og:title\" content=\"M\u00e9moires du quartier de la Cayolle : 1944 - 2019 - TELEMMe - Temps, espaces, langages, Europe m\u00e9ridionale, M\u00e9diterran\u00e9e\" \/>\n<meta property=\"og:description\" content=\"Cette exposition multim\u00e9dia explore le r\u00e9cent pass\u00e9 du quartier de la Cayolle, situ\u00e9 aux portes du Parc national des Calanques, au Sud de Marseille. Bas\u00e9e sur un important travail de collecte d\u2019archives r\u00e9alis\u00e9 par le CIQ, elle \u00e9voque l\u2019histoire du quartier de 1944 \u00e0 nos jours, et plus sp\u00e9cifiquement celle du camp du Grand Ar\u00e9nas, qui a accueilli plusieurs communaut\u00e9s en transit entre 1944 et 1966.\" \/>\n<meta property=\"og:url\" content=\"https:\/\/telemme.mmsh.fr\/?p=5895\" \/>\n<meta property=\"og:site_name\" content=\"TELEMMe - Temps, espaces, langages, Europe m\u00e9ridionale, M\u00e9diterran\u00e9e\" \/>\n<meta property=\"article:published_time\" content=\"2020-09-15T17:43:00+00:00\" \/>\n<meta property=\"article:modified_time\" content=\"2021-03-30T17:47:15+00:00\" \/>\n<meta property=\"og:image\" content=\"https:\/\/telemme.mmsh.fr\/wp-content\/uploads\/2021\/03\/MemoiresCayolle.jpg\" \/>\n\t<meta property=\"og:image:width\" content=\"152\" \/>\n\t<meta property=\"og:image:height\" content=\"228\" \/>\n\t<meta property=\"og:image:type\" content=\"image\/jpeg\" \/>\n<meta name=\"author\" content=\"Delphine Cavallo\" \/>\n<meta name=\"twitter:card\" content=\"summary_large_image\" \/>\n<meta name=\"twitter:label1\" content=\"\u00c9crit par\" \/>\n\t<meta name=\"twitter:data1\" content=\"Delphine Cavallo\" \/>\n\t<meta name=\"twitter:label2\" content=\"Dur\u00e9e de lecture estim\u00e9e\" \/>\n\t<meta name=\"twitter:data2\" content=\"1 minute\" \/>\n<script type=\"application\/ld+json\" class=\"yoast-schema-graph\">{\"@context\":\"https:\\\/\\\/schema.org\",\"@graph\":[{\"@type\":\"Article\",\"@id\":\"https:\\\/\\\/telemme.mmsh.fr\\\/?p=5895#article\",\"isPartOf\":{\"@id\":\"https:\\\/\\\/telemme.mmsh.fr\\\/?p=5895\"},\"author\":{\"name\":\"Delphine Cavallo\",\"@id\":\"https:\\\/\\\/telemme.mmsh.fr\\\/#\\\/schema\\\/person\\\/86a185da4836381586528ced48e263f5\"},\"headline\":\"M\u00e9moires du quartier de la Cayolle : 1944 &#8211; 2019\",\"datePublished\":\"2020-09-15T17:43:00+00:00\",\"dateModified\":\"2021-03-30T17:47:15+00:00\",\"mainEntityOfPage\":{\"@id\":\"https:\\\/\\\/telemme.mmsh.fr\\\/?p=5895\"},\"wordCount\":230,\"publisher\":{\"@id\":\"https:\\\/\\\/telemme.mmsh.fr\\\/#organization\"},\"image\":{\"@id\":\"https:\\\/\\\/telemme.mmsh.fr\\\/?p=5895#primaryimage\"},\"thumbnailUrl\":\"https:\\\/\\\/telemme.mmsh.fr\\\/wp-content\\\/uploads\\\/2021\\\/03\\\/MemoiresCayolle.jpg\",\"articleSection\":[\"Expositions\"],\"inLanguage\":\"fr-FR\"},{\"@type\":\"WebPage\",\"@id\":\"https:\\\/\\\/telemme.mmsh.fr\\\/?p=5895\",\"url\":\"https:\\\/\\\/telemme.mmsh.fr\\\/?p=5895\",\"name\":\"M\u00e9moires du quartier de la Cayolle : 1944 - 2019 - TELEMMe - Temps, espaces, langages, Europe m\u00e9ridionale, M\u00e9diterran\u00e9e\",\"isPartOf\":{\"@id\":\"https:\\\/\\\/telemme.mmsh.fr\\\/#website\"},\"primaryImageOfPage\":{\"@id\":\"https:\\\/\\\/telemme.mmsh.fr\\\/?p=5895#primaryimage\"},\"image\":{\"@id\":\"https:\\\/\\\/telemme.mmsh.fr\\\/?p=5895#primaryimage\"},\"thumbnailUrl\":\"https:\\\/\\\/telemme.mmsh.fr\\\/wp-content\\\/uploads\\\/2021\\\/03\\\/MemoiresCayolle.jpg\",\"datePublished\":\"2020-09-15T17:43:00+00:00\",\"dateModified\":\"2021-03-30T17:47:15+00:00\",\"breadcrumb\":{\"@id\":\"https:\\\/\\\/telemme.mmsh.fr\\\/?p=5895#breadcrumb\"},\"inLanguage\":\"fr-FR\",\"potentialAction\":[{\"@type\":\"ReadAction\",\"target\":[\"https:\\\/\\\/telemme.mmsh.fr\\\/?p=5895\"]}]},{\"@type\":\"ImageObject\",\"inLanguage\":\"fr-FR\",\"@id\":\"https:\\\/\\\/telemme.mmsh.fr\\\/?p=5895#primaryimage\",\"url\":\"https:\\\/\\\/telemme.mmsh.fr\\\/wp-content\\\/uploads\\\/2021\\\/03\\\/MemoiresCayolle.jpg\",\"contentUrl\":\"https:\\\/\\\/telemme.mmsh.fr\\\/wp-content\\\/uploads\\\/2021\\\/03\\\/MemoiresCayolle.jpg\",\"width\":152,\"height\":228},{\"@type\":\"BreadcrumbList\",\"@id\":\"https:\\\/\\\/telemme.mmsh.fr\\\/?p=5895#breadcrumb\",\"itemListElement\":[{\"@type\":\"ListItem\",\"position\":1,\"name\":\"Accueil\",\"item\":\"https:\\\/\\\/telemme.mmsh.fr\\\/\"},{\"@type\":\"ListItem\",\"position\":2,\"name\":\"M\u00e9diation et diffusion\",\"item\":\"https:\\\/\\\/telemme.mmsh.fr\\\/?cat=1736\"},{\"@type\":\"ListItem\",\"position\":3,\"name\":\"Expositions\",\"item\":\"https:\\\/\\\/telemme.mmsh.fr\\\/?cat=1730\"},{\"@type\":\"ListItem\",\"position\":4,\"name\":\"M\u00e9moires du quartier de la Cayolle : 1944 &#8211; 2019\"}]},{\"@type\":\"WebSite\",\"@id\":\"https:\\\/\\\/telemme.mmsh.fr\\\/#website\",\"url\":\"https:\\\/\\\/telemme.mmsh.fr\\\/\",\"name\":\"TELEMMe - Temps, espaces, langages, Europe m\u00e9ridionale, M\u00e9diterran\u00e9e\",\"description\":\"\",\"publisher\":{\"@id\":\"https:\\\/\\\/telemme.mmsh.fr\\\/#organization\"},\"potentialAction\":[{\"@type\":\"SearchAction\",\"target\":{\"@type\":\"EntryPoint\",\"urlTemplate\":\"https:\\\/\\\/telemme.mmsh.fr\\\/?s={search_term_string}\"},\"query-input\":{\"@type\":\"PropertyValueSpecification\",\"valueRequired\":true,\"valueName\":\"search_term_string\"}}],\"inLanguage\":\"fr-FR\"},{\"@type\":\"Organization\",\"@id\":\"https:\\\/\\\/telemme.mmsh.fr\\\/#organization\",\"name\":\"TELEMMe\",\"url\":\"https:\\\/\\\/telemme.mmsh.fr\\\/\",\"logo\":{\"@type\":\"ImageObject\",\"inLanguage\":\"fr-FR\",\"@id\":\"https:\\\/\\\/telemme.mmsh.fr\\\/#\\\/schema\\\/logo\\\/image\\\/\",\"url\":\"https:\\\/\\\/telemme.mmsh.fr\\\/wp-content\\\/uploads\\\/2020\\\/03\\\/LogoTELEMMe-horizontal-fond-transparent.png\",\"contentUrl\":\"https:\\\/\\\/telemme.mmsh.fr\\\/wp-content\\\/uploads\\\/2020\\\/03\\\/LogoTELEMMe-horizontal-fond-transparent.png\",\"width\":1500,\"height\":437,\"caption\":\"TELEMMe\"},\"image\":{\"@id\":\"https:\\\/\\\/telemme.mmsh.fr\\\/#\\\/schema\\\/logo\\\/image\\\/\"}},{\"@type\":\"Person\",\"@id\":\"https:\\\/\\\/telemme.mmsh.fr\\\/#\\\/schema\\\/person\\\/86a185da4836381586528ced48e263f5\",\"name\":\"Delphine Cavallo\",\"url\":\"https:\\\/\\\/telemme.mmsh.fr\\\/?author=6\"}]}<\/script>\n<!-- \/ Yoast SEO plugin. -->","yoast_head_json":{"title":"M\u00e9moires du quartier de la Cayolle : 1944 - 2019 - TELEMMe - Temps, espaces, langages, Europe m\u00e9ridionale, M\u00e9diterran\u00e9e","robots":{"index":"index","follow":"follow","max-snippet":"max-snippet:-1","max-image-preview":"max-image-preview:large","max-video-preview":"max-video-preview:-1"},"canonical":"https:\/\/telemme.mmsh.fr\/?p=5895","og_locale":"fr_FR","og_type":"article","og_title":"M\u00e9moires du quartier de la Cayolle : 1944 - 2019 - TELEMMe - Temps, espaces, langages, Europe m\u00e9ridionale, M\u00e9diterran\u00e9e","og_description":"Cette exposition multim\u00e9dia explore le r\u00e9cent pass\u00e9 du quartier de la Cayolle, situ\u00e9 aux portes du Parc national des Calanques, au Sud de Marseille. Bas\u00e9e sur un important travail de collecte d\u2019archives r\u00e9alis\u00e9 par le CIQ, elle \u00e9voque l\u2019histoire du quartier de 1944 \u00e0 nos jours, et plus sp\u00e9cifiquement celle du camp du Grand Ar\u00e9nas, qui a accueilli plusieurs communaut\u00e9s en transit entre 1944 et 1966.","og_url":"https:\/\/telemme.mmsh.fr\/?p=5895","og_site_name":"TELEMMe - Temps, espaces, langages, Europe m\u00e9ridionale, M\u00e9diterran\u00e9e","article_published_time":"2020-09-15T17:43:00+00:00","article_modified_time":"2021-03-30T17:47:15+00:00","og_image":[{"width":152,"height":228,"url":"https:\/\/telemme.mmsh.fr\/wp-content\/uploads\/2021\/03\/MemoiresCayolle.jpg","type":"image\/jpeg"}],"author":"Delphine Cavallo","twitter_card":"summary_large_image","twitter_misc":{"\u00c9crit par":"Delphine Cavallo","Dur\u00e9e de lecture estim\u00e9e":"1 minute"},"schema":{"@context":"https:\/\/schema.org","@graph":[{"@type":"Article","@id":"https:\/\/telemme.mmsh.fr\/?p=5895#article","isPartOf":{"@id":"https:\/\/telemme.mmsh.fr\/?p=5895"},"author":{"name":"Delphine Cavallo","@id":"https:\/\/telemme.mmsh.fr\/#\/schema\/person\/86a185da4836381586528ced48e263f5"},"headline":"M\u00e9moires du quartier de la Cayolle : 1944 &#8211; 2019","datePublished":"2020-09-15T17:43:00+00:00","dateModified":"2021-03-30T17:47:15+00:00","mainEntityOfPage":{"@id":"https:\/\/telemme.mmsh.fr\/?p=5895"},"wordCount":230,"publisher":{"@id":"https:\/\/telemme.mmsh.fr\/#organization"},"image":{"@id":"https:\/\/telemme.mmsh.fr\/?p=5895#primaryimage"},"thumbnailUrl":"https:\/\/telemme.mmsh.fr\/wp-content\/uploads\/2021\/03\/MemoiresCayolle.jpg","articleSection":["Expositions"],"inLanguage":"fr-FR"},{"@type":"WebPage","@id":"https:\/\/telemme.mmsh.fr\/?p=5895","url":"https:\/\/telemme.mmsh.fr\/?p=5895","name":"M\u00e9moires du quartier de la Cayolle : 1944 - 2019 - TELEMMe - Temps, espaces, langages, Europe m\u00e9ridionale, M\u00e9diterran\u00e9e","isPartOf":{"@id":"https:\/\/telemme.mmsh.fr\/#website"},"primaryImageOfPage":{"@id":"https:\/\/telemme.mmsh.fr\/?p=5895#primaryimage"},"image":{"@id":"https:\/\/telemme.mmsh.fr\/?p=5895#primaryimage"},"thumbnailUrl":"https:\/\/telemme.mmsh.fr\/wp-content\/uploads\/2021\/03\/MemoiresCayolle.jpg","datePublished":"2020-09-15T17:43:00+00:00","dateModified":"2021-03-30T17:47:15+00:00","breadcrumb":{"@id":"https:\/\/telemme.mmsh.fr\/?p=5895#breadcrumb"},"inLanguage":"fr-FR","potentialAction":[{"@type":"ReadAction","target":["https:\/\/telemme.mmsh.fr\/?p=5895"]}]},{"@type":"ImageObject","inLanguage":"fr-FR","@id":"https:\/\/telemme.mmsh.fr\/?p=5895#primaryimage","url":"https:\/\/telemme.mmsh.fr\/wp-content\/uploads\/2021\/03\/MemoiresCayolle.jpg","contentUrl":"https:\/\/telemme.mmsh.fr\/wp-content\/uploads\/2021\/03\/MemoiresCayolle.jpg","width":152,"height":228},{"@type":"BreadcrumbList","@id":"https:\/\/telemme.mmsh.fr\/?p=5895#breadcrumb","itemListElement":[{"@type":"ListItem","position":1,"name":"Accueil","item":"https:\/\/telemme.mmsh.fr\/"},{"@type":"ListItem","position":2,"name":"M\u00e9diation et diffusion","item":"https:\/\/telemme.mmsh.fr\/?cat=1736"},{"@type":"ListItem","position":3,"name":"Expositions","item":"https:\/\/telemme.mmsh.fr\/?cat=1730"},{"@type":"ListItem","position":4,"name":"M\u00e9moires du quartier de la Cayolle : 1944 &#8211; 2019"}]},{"@type":"WebSite","@id":"https:\/\/telemme.mmsh.fr\/#website","url":"https:\/\/telemme.mmsh.fr\/","name":"TELEMMe - Temps, espaces, langages, Europe m\u00e9ridionale, M\u00e9diterran\u00e9e","description":"","publisher":{"@id":"https:\/\/telemme.mmsh.fr\/#organization"},"potentialAction":[{"@type":"SearchAction","target":{"@type":"EntryPoint","urlTemplate":"https:\/\/telemme.mmsh.fr\/?s={search_term_string}"},"query-input":{"@type":"PropertyValueSpecification","valueRequired":true,"valueName":"search_term_string"}}],"inLanguage":"fr-FR"},{"@type":"Organization","@id":"https:\/\/telemme.mmsh.fr\/#organization","name":"TELEMMe","url":"https:\/\/telemme.mmsh.fr\/","logo":{"@type":"ImageObject","inLanguage":"fr-FR","@id":"https:\/\/telemme.mmsh.fr\/#\/schema\/logo\/image\/","url":"https:\/\/telemme.mmsh.fr\/wp-content\/uploads\/2020\/03\/LogoTELEMMe-horizontal-fond-transparent.png","contentUrl":"https:\/\/telemme.mmsh.fr\/wp-content\/uploads\/2020\/03\/LogoTELEMMe-horizontal-fond-transparent.png","width":1500,"height":437,"caption":"TELEMMe"},"image":{"@id":"https:\/\/telemme.mmsh.fr\/#\/schema\/logo\/image\/"}},{"@type":"Person","@id":"https:\/\/telemme.mmsh.fr\/#\/schema\/person\/86a185da4836381586528ced48e263f5","name":"Delphine Cavallo","url":"https:\/\/telemme.mmsh.fr\/?author=6"}]}},"_links":{"self":[{"href":"https:\/\/telemme.mmsh.fr\/index.php?rest_route=\/wp\/v2\/posts\/5895","targetHints":{"allow":["GET"]}}],"collection":[{"href":"https:\/\/telemme.mmsh.fr\/index.php?rest_route=\/wp\/v2\/posts"}],"about":[{"href":"https:\/\/telemme.mmsh.fr\/index.php?rest_route=\/wp\/v2\/types\/post"}],"author":[{"embeddable":true,"href":"https:\/\/telemme.mmsh.fr\/index.php?rest_route=\/wp\/v2\/users\/6"}],"replies":[{"embeddable":true,"href":"https:\/\/telemme.mmsh.fr\/index.php?rest_route=%2Fwp%2Fv2%2Fcomments&post=5895"}],"version-history":[{"count":1,"href":"https:\/\/telemme.mmsh.fr\/index.php?rest_route=\/wp\/v2\/posts\/5895\/revisions"}],"predecessor-version":[{"id":5897,"href":"https:\/\/telemme.mmsh.fr\/index.php?rest_route=\/wp\/v2\/posts\/5895\/revisions\/5897"}],"wp:featuredmedia":[{"embeddable":true,"href":"https:\/\/telemme.mmsh.fr\/index.php?rest_route=\/wp\/v2\/media\/5896"}],"wp:attachment":[{"href":"https:\/\/telemme.mmsh.fr\/index.php?rest_route=%2Fwp%2Fv2%2Fmedia&parent=5895"}],"wp:term":[{"taxonomy":"category","embeddable":true,"href":"https:\/\/telemme.mmsh.fr\/index.php?rest_route=%2Fwp%2Fv2%2Fcategories&post=5895"},{"taxonomy":"post_tag","embeddable":true,"href":"https:\/\/telemme.mmsh.fr\/index.php?rest_route=%2Fwp%2Fv2%2Ftags&post=5895"}],"curies":[{"name":"wp","href":"https:\/\/api.w.org\/{rel}","templated":true}]}}