{"id":5891,"date":"2020-09-22T19:40:00","date_gmt":"2020-09-22T17:40:00","guid":{"rendered":"http:\/\/telemme.mmsh.fr\/?p=5891"},"modified":"2021-03-30T19:41:43","modified_gmt":"2021-03-30T17:41:43","slug":"monumento-sfatto-balkan-pavilion","status":"publish","type":"post","link":"https:\/\/telemme.mmsh.fr\/?p=5891","title":{"rendered":"\u201cMonumento (s)fatto\u201d \u2013 \u201cBalkan Pavilion\u201d"},"content":{"rendered":"\n<p>Villa Romana (Florence, Italie) pr\u00e9sente la&nbsp;<a rel=\"noreferrer noopener\" href=\"https:\/\/www.villaromana.org\/front_content.php?idcat=69&amp;idart=1421&amp;lang=2\" target=\"_blank\">premi\u00e8re exposition du projet&nbsp;<em>MonuMed<\/em><\/a> (Monumentalisation et espace urbain dans les Balkans et en M\u00e9diterran\u00e9e, P\u00e9pini\u00e8re d\u2019excellence A*Midex), qui rassemble chercheurs en sciences sociales et artistes&nbsp;pour travailler sur les processus de monumentalisation de l\u2019espace urbain dans les Balkans en M\u00e9diterran\u00e9e. \u00c0 Villa Romana, le projet sera pr\u00e9sent\u00e9 dans deux sections compl\u00e9mentaires&nbsp;:&nbsp;<em>Monumento (s)fatto<\/em>&nbsp;and&nbsp;<em>Balkan Pavilion<\/em>.<\/p>\n\n\n\n<p><strong>Inauguration de l\u2019exposition&nbsp;: vendredi 4 octobre 2019<\/strong><br>19.00&nbsp;: Pr\u00e9sentation du projet&nbsp;<em>MonuMed<\/em>&nbsp;<br>19.30&nbsp;: Vernissage<br><br><strong>Monumento (s)fatto&nbsp;<\/strong><br><strong>Bruno Baltzer\/Leonora Bisagno<\/strong>&nbsp;et&nbsp;<strong>Nicolas Milh\u00e9&nbsp;<\/strong>pr\u00e9sentent leur interpr\u00e9tation des processus cycliques du faire et d\u00e9faire les monuments \u00e0 partir de nouvelles productions dans les salles principales de Villa Romana. Ici, les monuments sont au c\u0153ur d\u2019un travail qui se met volontairement \u00e0 distance de l\u2019illusion d\u2019\u00e9ternit\u00e9 monumentaire pour se concentrer sur les processus de cr\u00e9ation, de transformation et de destruction de ces structures tant urbaines, que politiques ou id\u00e9ologiques. Ce travail est le r\u00e9sultat d\u2019une recherche en r\u00e9sidence \u00e0 la villa Romana de&nbsp;<strong>Bruno Baltzer\/Leonora Bisagno<\/strong>&nbsp;sur les techniques extractives du marbre \u00e0 Carrare, qui entre en dialogue avec diff\u00e9rents autres \u0153uvres produites pr\u00e9c\u00e9demment dans la carri\u00e8re de Francon \u00e0 Montr\u00e9al, sur le parvis de la Cath\u00e9dral Notre Dame de Paris et sur la place Tiananmen de Beijing. A partir la pr\u00e9sentation d\u2019un travail sculptural de bronze et de marbre,&nbsp;<strong>Nicolas Milh\u00e9<\/strong>&nbsp;combine les techniques classiques avec des formes de la sculpture contemporaine. L\u2019artiste approche tout d\u2019abord la figure du philosophe Diog\u00e8ne de Sinope, surnomm\u00e9 \u00ab&nbsp;le chien&nbsp;\u00bb, \u00e0 travers un travail de bronze qui vise \u00e0 pr\u00e9senter aussi bien la tension irr\u00e9solue entre monument et contre monument que la face sombre du pouvoir social et politique. La sculpture en marbre&nbsp;<em>Rosa Luxemburg,&nbsp;<\/em>pr\u00e9sent\u00e9e sous les traits d\u2019une jeune femme en habits contemporains, renvoie au contraire \u00e0 l\u2019\u00e9chec des id\u00e9aux politiques des Lumi\u00e8res soulign\u00e9, en contre-point, par&nbsp;<em>Kosovo proposition 3<\/em>, la troisi\u00e8me proposition (non retenue) du drapeau kosovar .<br><br><strong>Balkan Pavilion<\/strong><br>Le&nbsp;<em>Balkan Pavilion<\/em>&nbsp;vise \u00e0 pr\u00e9senter un laboratoire d\u2019id\u00e9es consacr\u00e9 au dialogue entre artistes et chercheurs, dans lequel&nbsp;<strong>Eva Sauer<\/strong>, artiste, et&nbsp;<strong>Sarah Sajn<\/strong>, politiste, pr\u00e9sentent un travail sur la m\u00e9moire du cimeti\u00e8re des partisans de Mostar en Bosnie-Herz\u00e9govine, un monument inspir\u00e9 par l\u2019id\u00e9al de l\u2019architecte Bogdan Bogdanovi\u0107 qui est aujourd\u2019hui d\u00e9vast\u00e9 par la situation dramatique qui l\u2019entoure. Malgr\u00e9 cette situation, diff\u00e9rentes tentatives d\u2019individualisation de la m\u00e9moire et diff\u00e9rentes r\u00e9cup\u00e9rations politiques montrent le caract\u00e8re toujours vivant de ce monument, qui r\u00e9siste&nbsp;au&nbsp;passage du temps et des id\u00e9aux qui avaient pr\u00e9sid\u00e9 \u00e0 sa cr\u00e9ation. Ce travail r\u00e9sonne avec le&nbsp;<em>Totem MonuMed<\/em>, une sculpture vid\u00e9o reprenant simultan\u00e9ment une s\u00e9rie de conf\u00e9rences et de travaux pr\u00e9sent\u00e9s durant le s\u00e9minaire&nbsp;<em>MonuMed<\/em>&nbsp;qui a eu lieu au Mucem et au Frac Marseille entre janvier et juin 2019. Les travaux d\u2019<strong>Igor Grubi\u0107<\/strong>,&nbsp;<strong>Alban Hajdinaj<\/strong>,&nbsp;<strong>Stefano Romano<\/strong>&nbsp;et&nbsp;<strong>Stefanos Tsivopoulos<\/strong>&nbsp;seront ainsi associ\u00e9s aux pr\u00e9sentations de&nbsp;<strong>Gilles de Rapper&nbsp;<\/strong>(anthropologue),&nbsp;<strong>Pierre Sint\u00e8s<\/strong>&nbsp;(g\u00e9ographe),&nbsp;<strong>Alessandro Gallicchio<\/strong>&nbsp;(historien de l\u2019art) et&nbsp;<strong>Suzana Milevska&nbsp;<\/strong>(historienne de l\u2019art sp\u00e9cialis\u00e9e en&nbsp;<em>Visual Studies<\/em>).<br><br><strong>Commissariat artistique et scientifique<\/strong>: Alessandro Gallicchio (commissaire) et Pierre Sint\u00e8s&nbsp;(g\u00e9ographe)<\/p>\n","protected":false},"excerpt":{"rendered":"<p>Villa Romana (Florence, Italie) pr\u00e9sente la premi\u00e8re exposition du projet MonuMed (Monumentalisation et espace urbain dans les Balkans et en M\u00e9diterran\u00e9e, P\u00e9pini\u00e8re d\u2019excellence A*Midex), qui rassemble chercheurs en sciences sociales et artistes pour travailler sur les processus de monumentalisation de l\u2019espace urbain dans les Balkans en M\u00e9diterran\u00e9e.<\/p>\n","protected":false},"author":6,"featured_media":5892,"comment_status":"closed","ping_status":"closed","sticky":false,"template":"","format":"standard","meta":{"neve_meta_sidebar":"","neve_meta_container":"","neve_meta_enable_content_width":"","neve_meta_content_width":0,"neve_meta_title_alignment":"","neve_meta_author_avatar":"","neve_post_elements_order":"","neve_meta_disable_header":"","neve_meta_disable_footer":"","neve_meta_disable_title":"","_tribe_events_control_status":"","_tribe_events_control_status_canceled_reason":"","_tribe_events_control_status_postponed_reason":"","_tribe_events_control_online":"","_tribe_events_control_online_url":"","footnotes":""},"categories":[1730],"tags":[1931,1929,1930,1928,1927],"class_list":["post-5891","post","type-post","status-publish","format-standard","has-post-thumbnail","hentry","category-expositions","tag-balkans","tag-espaces-urbains","tag-mediterranee","tag-monumentalisation","tag-monuments"],"yoast_head":"<!-- This site is optimized with the Yoast SEO plugin v27.4 - https:\/\/yoast.com\/product\/yoast-seo-wordpress\/ -->\n<title>\u201cMonumento (s)fatto\u201d \u2013 \u201cBalkan Pavilion\u201d - TELEMMe - Temps, espaces, langages, Europe m\u00e9ridionale, M\u00e9diterran\u00e9e<\/title>\n<meta name=\"robots\" content=\"index, follow, max-snippet:-1, max-image-preview:large, max-video-preview:-1\" \/>\n<link rel=\"canonical\" href=\"https:\/\/telemme.mmsh.fr\/?p=5891\" \/>\n<meta property=\"og:locale\" content=\"fr_FR\" \/>\n<meta property=\"og:type\" content=\"article\" \/>\n<meta property=\"og:title\" content=\"\u201cMonumento (s)fatto\u201d \u2013 \u201cBalkan Pavilion\u201d - TELEMMe - Temps, espaces, langages, Europe m\u00e9ridionale, M\u00e9diterran\u00e9e\" \/>\n<meta property=\"og:description\" content=\"Villa Romana (Florence, Italie) pr\u00e9sente la premi\u00e8re exposition du projet MonuMed (Monumentalisation et espace urbain dans les Balkans et en M\u00e9diterran\u00e9e, P\u00e9pini\u00e8re d\u2019excellence A*Midex), qui rassemble chercheurs en sciences sociales et artistes pour travailler sur les processus de monumentalisation de l\u2019espace urbain dans les Balkans en M\u00e9diterran\u00e9e.\" \/>\n<meta property=\"og:url\" content=\"https:\/\/telemme.mmsh.fr\/?p=5891\" \/>\n<meta property=\"og:site_name\" content=\"TELEMMe - Temps, espaces, langages, Europe m\u00e9ridionale, M\u00e9diterran\u00e9e\" \/>\n<meta property=\"article:published_time\" content=\"2020-09-22T17:40:00+00:00\" \/>\n<meta property=\"article:modified_time\" content=\"2021-03-30T17:41:43+00:00\" \/>\n<meta property=\"og:image\" content=\"https:\/\/telemme.mmsh.fr\/wp-content\/uploads\/2021\/03\/ExpoMonumed.jpg\" \/>\n\t<meta property=\"og:image:width\" content=\"322\" \/>\n\t<meta property=\"og:image:height\" content=\"192\" \/>\n\t<meta property=\"og:image:type\" content=\"image\/jpeg\" \/>\n<meta name=\"author\" content=\"Delphine Cavallo\" \/>\n<meta name=\"twitter:card\" content=\"summary_large_image\" \/>\n<meta name=\"twitter:label1\" content=\"\u00c9crit par\" \/>\n\t<meta name=\"twitter:data1\" content=\"Delphine Cavallo\" \/>\n\t<meta name=\"twitter:label2\" content=\"Dur\u00e9e de lecture estim\u00e9e\" \/>\n\t<meta name=\"twitter:data2\" content=\"3 minutes\" \/>\n<script type=\"application\/ld+json\" class=\"yoast-schema-graph\">{\"@context\":\"https:\\\/\\\/schema.org\",\"@graph\":[{\"@type\":\"Article\",\"@id\":\"https:\\\/\\\/telemme.mmsh.fr\\\/?p=5891#article\",\"isPartOf\":{\"@id\":\"https:\\\/\\\/telemme.mmsh.fr\\\/?p=5891\"},\"author\":{\"name\":\"Delphine Cavallo\",\"@id\":\"https:\\\/\\\/telemme.mmsh.fr\\\/#\\\/schema\\\/person\\\/86a185da4836381586528ced48e263f5\"},\"headline\":\"\u201cMonumento (s)fatto\u201d \u2013 \u201cBalkan Pavilion\u201d\",\"datePublished\":\"2020-09-22T17:40:00+00:00\",\"dateModified\":\"2021-03-30T17:41:43+00:00\",\"mainEntityOfPage\":{\"@id\":\"https:\\\/\\\/telemme.mmsh.fr\\\/?p=5891\"},\"wordCount\":633,\"publisher\":{\"@id\":\"https:\\\/\\\/telemme.mmsh.fr\\\/#organization\"},\"image\":{\"@id\":\"https:\\\/\\\/telemme.mmsh.fr\\\/?p=5891#primaryimage\"},\"thumbnailUrl\":\"https:\\\/\\\/telemme.mmsh.fr\\\/wp-content\\\/uploads\\\/2021\\\/03\\\/ExpoMonumed.jpg\",\"keywords\":[\"Balkans\",\"espaces urbains\",\"M\u00e9diterran\u00e9e\",\"monumentalisation\",\"monuments\"],\"articleSection\":[\"Expositions\"],\"inLanguage\":\"fr-FR\"},{\"@type\":\"WebPage\",\"@id\":\"https:\\\/\\\/telemme.mmsh.fr\\\/?p=5891\",\"url\":\"https:\\\/\\\/telemme.mmsh.fr\\\/?p=5891\",\"name\":\"\u201cMonumento (s)fatto\u201d \u2013 \u201cBalkan Pavilion\u201d - TELEMMe - Temps, espaces, langages, Europe m\u00e9ridionale, M\u00e9diterran\u00e9e\",\"isPartOf\":{\"@id\":\"https:\\\/\\\/telemme.mmsh.fr\\\/#website\"},\"primaryImageOfPage\":{\"@id\":\"https:\\\/\\\/telemme.mmsh.fr\\\/?p=5891#primaryimage\"},\"image\":{\"@id\":\"https:\\\/\\\/telemme.mmsh.fr\\\/?p=5891#primaryimage\"},\"thumbnailUrl\":\"https:\\\/\\\/telemme.mmsh.fr\\\/wp-content\\\/uploads\\\/2021\\\/03\\\/ExpoMonumed.jpg\",\"datePublished\":\"2020-09-22T17:40:00+00:00\",\"dateModified\":\"2021-03-30T17:41:43+00:00\",\"breadcrumb\":{\"@id\":\"https:\\\/\\\/telemme.mmsh.fr\\\/?p=5891#breadcrumb\"},\"inLanguage\":\"fr-FR\",\"potentialAction\":[{\"@type\":\"ReadAction\",\"target\":[\"https:\\\/\\\/telemme.mmsh.fr\\\/?p=5891\"]}]},{\"@type\":\"ImageObject\",\"inLanguage\":\"fr-FR\",\"@id\":\"https:\\\/\\\/telemme.mmsh.fr\\\/?p=5891#primaryimage\",\"url\":\"https:\\\/\\\/telemme.mmsh.fr\\\/wp-content\\\/uploads\\\/2021\\\/03\\\/ExpoMonumed.jpg\",\"contentUrl\":\"https:\\\/\\\/telemme.mmsh.fr\\\/wp-content\\\/uploads\\\/2021\\\/03\\\/ExpoMonumed.jpg\",\"width\":322,\"height\":192},{\"@type\":\"BreadcrumbList\",\"@id\":\"https:\\\/\\\/telemme.mmsh.fr\\\/?p=5891#breadcrumb\",\"itemListElement\":[{\"@type\":\"ListItem\",\"position\":1,\"name\":\"Accueil\",\"item\":\"https:\\\/\\\/telemme.mmsh.fr\\\/\"},{\"@type\":\"ListItem\",\"position\":2,\"name\":\"M\u00e9diation et diffusion\",\"item\":\"https:\\\/\\\/telemme.mmsh.fr\\\/?cat=1736\"},{\"@type\":\"ListItem\",\"position\":3,\"name\":\"Expositions\",\"item\":\"https:\\\/\\\/telemme.mmsh.fr\\\/?cat=1730\"},{\"@type\":\"ListItem\",\"position\":4,\"name\":\"\u201cMonumento (s)fatto\u201d \u2013 \u201cBalkan Pavilion\u201d\"}]},{\"@type\":\"WebSite\",\"@id\":\"https:\\\/\\\/telemme.mmsh.fr\\\/#website\",\"url\":\"https:\\\/\\\/telemme.mmsh.fr\\\/\",\"name\":\"TELEMMe - Temps, espaces, langages, Europe m\u00e9ridionale, M\u00e9diterran\u00e9e\",\"description\":\"\",\"publisher\":{\"@id\":\"https:\\\/\\\/telemme.mmsh.fr\\\/#organization\"},\"potentialAction\":[{\"@type\":\"SearchAction\",\"target\":{\"@type\":\"EntryPoint\",\"urlTemplate\":\"https:\\\/\\\/telemme.mmsh.fr\\\/?s={search_term_string}\"},\"query-input\":{\"@type\":\"PropertyValueSpecification\",\"valueRequired\":true,\"valueName\":\"search_term_string\"}}],\"inLanguage\":\"fr-FR\"},{\"@type\":\"Organization\",\"@id\":\"https:\\\/\\\/telemme.mmsh.fr\\\/#organization\",\"name\":\"TELEMMe\",\"url\":\"https:\\\/\\\/telemme.mmsh.fr\\\/\",\"logo\":{\"@type\":\"ImageObject\",\"inLanguage\":\"fr-FR\",\"@id\":\"https:\\\/\\\/telemme.mmsh.fr\\\/#\\\/schema\\\/logo\\\/image\\\/\",\"url\":\"https:\\\/\\\/telemme.mmsh.fr\\\/wp-content\\\/uploads\\\/2020\\\/03\\\/LogoTELEMMe-horizontal-fond-transparent.png\",\"contentUrl\":\"https:\\\/\\\/telemme.mmsh.fr\\\/wp-content\\\/uploads\\\/2020\\\/03\\\/LogoTELEMMe-horizontal-fond-transparent.png\",\"width\":1500,\"height\":437,\"caption\":\"TELEMMe\"},\"image\":{\"@id\":\"https:\\\/\\\/telemme.mmsh.fr\\\/#\\\/schema\\\/logo\\\/image\\\/\"}},{\"@type\":\"Person\",\"@id\":\"https:\\\/\\\/telemme.mmsh.fr\\\/#\\\/schema\\\/person\\\/86a185da4836381586528ced48e263f5\",\"name\":\"Delphine Cavallo\",\"url\":\"https:\\\/\\\/telemme.mmsh.fr\\\/?author=6\"}]}<\/script>\n<!-- \/ Yoast SEO plugin. -->","yoast_head_json":{"title":"\u201cMonumento (s)fatto\u201d \u2013 \u201cBalkan Pavilion\u201d - TELEMMe - Temps, espaces, langages, Europe m\u00e9ridionale, M\u00e9diterran\u00e9e","robots":{"index":"index","follow":"follow","max-snippet":"max-snippet:-1","max-image-preview":"max-image-preview:large","max-video-preview":"max-video-preview:-1"},"canonical":"https:\/\/telemme.mmsh.fr\/?p=5891","og_locale":"fr_FR","og_type":"article","og_title":"\u201cMonumento (s)fatto\u201d \u2013 \u201cBalkan Pavilion\u201d - TELEMMe - Temps, espaces, langages, Europe m\u00e9ridionale, M\u00e9diterran\u00e9e","og_description":"Villa Romana (Florence, Italie) pr\u00e9sente la premi\u00e8re exposition du projet MonuMed (Monumentalisation et espace urbain dans les Balkans et en M\u00e9diterran\u00e9e, P\u00e9pini\u00e8re d\u2019excellence A*Midex), qui rassemble chercheurs en sciences sociales et artistes pour travailler sur les processus de monumentalisation de l\u2019espace urbain dans les Balkans en M\u00e9diterran\u00e9e.","og_url":"https:\/\/telemme.mmsh.fr\/?p=5891","og_site_name":"TELEMMe - Temps, espaces, langages, Europe m\u00e9ridionale, M\u00e9diterran\u00e9e","article_published_time":"2020-09-22T17:40:00+00:00","article_modified_time":"2021-03-30T17:41:43+00:00","og_image":[{"width":322,"height":192,"url":"https:\/\/telemme.mmsh.fr\/wp-content\/uploads\/2021\/03\/ExpoMonumed.jpg","type":"image\/jpeg"}],"author":"Delphine Cavallo","twitter_card":"summary_large_image","twitter_misc":{"\u00c9crit par":"Delphine Cavallo","Dur\u00e9e de lecture estim\u00e9e":"3 minutes"},"schema":{"@context":"https:\/\/schema.org","@graph":[{"@type":"Article","@id":"https:\/\/telemme.mmsh.fr\/?p=5891#article","isPartOf":{"@id":"https:\/\/telemme.mmsh.fr\/?p=5891"},"author":{"name":"Delphine Cavallo","@id":"https:\/\/telemme.mmsh.fr\/#\/schema\/person\/86a185da4836381586528ced48e263f5"},"headline":"\u201cMonumento (s)fatto\u201d \u2013 \u201cBalkan Pavilion\u201d","datePublished":"2020-09-22T17:40:00+00:00","dateModified":"2021-03-30T17:41:43+00:00","mainEntityOfPage":{"@id":"https:\/\/telemme.mmsh.fr\/?p=5891"},"wordCount":633,"publisher":{"@id":"https:\/\/telemme.mmsh.fr\/#organization"},"image":{"@id":"https:\/\/telemme.mmsh.fr\/?p=5891#primaryimage"},"thumbnailUrl":"https:\/\/telemme.mmsh.fr\/wp-content\/uploads\/2021\/03\/ExpoMonumed.jpg","keywords":["Balkans","espaces urbains","M\u00e9diterran\u00e9e","monumentalisation","monuments"],"articleSection":["Expositions"],"inLanguage":"fr-FR"},{"@type":"WebPage","@id":"https:\/\/telemme.mmsh.fr\/?p=5891","url":"https:\/\/telemme.mmsh.fr\/?p=5891","name":"\u201cMonumento (s)fatto\u201d \u2013 \u201cBalkan Pavilion\u201d - TELEMMe - Temps, espaces, langages, Europe m\u00e9ridionale, M\u00e9diterran\u00e9e","isPartOf":{"@id":"https:\/\/telemme.mmsh.fr\/#website"},"primaryImageOfPage":{"@id":"https:\/\/telemme.mmsh.fr\/?p=5891#primaryimage"},"image":{"@id":"https:\/\/telemme.mmsh.fr\/?p=5891#primaryimage"},"thumbnailUrl":"https:\/\/telemme.mmsh.fr\/wp-content\/uploads\/2021\/03\/ExpoMonumed.jpg","datePublished":"2020-09-22T17:40:00+00:00","dateModified":"2021-03-30T17:41:43+00:00","breadcrumb":{"@id":"https:\/\/telemme.mmsh.fr\/?p=5891#breadcrumb"},"inLanguage":"fr-FR","potentialAction":[{"@type":"ReadAction","target":["https:\/\/telemme.mmsh.fr\/?p=5891"]}]},{"@type":"ImageObject","inLanguage":"fr-FR","@id":"https:\/\/telemme.mmsh.fr\/?p=5891#primaryimage","url":"https:\/\/telemme.mmsh.fr\/wp-content\/uploads\/2021\/03\/ExpoMonumed.jpg","contentUrl":"https:\/\/telemme.mmsh.fr\/wp-content\/uploads\/2021\/03\/ExpoMonumed.jpg","width":322,"height":192},{"@type":"BreadcrumbList","@id":"https:\/\/telemme.mmsh.fr\/?p=5891#breadcrumb","itemListElement":[{"@type":"ListItem","position":1,"name":"Accueil","item":"https:\/\/telemme.mmsh.fr\/"},{"@type":"ListItem","position":2,"name":"M\u00e9diation et diffusion","item":"https:\/\/telemme.mmsh.fr\/?cat=1736"},{"@type":"ListItem","position":3,"name":"Expositions","item":"https:\/\/telemme.mmsh.fr\/?cat=1730"},{"@type":"ListItem","position":4,"name":"\u201cMonumento (s)fatto\u201d \u2013 \u201cBalkan Pavilion\u201d"}]},{"@type":"WebSite","@id":"https:\/\/telemme.mmsh.fr\/#website","url":"https:\/\/telemme.mmsh.fr\/","name":"TELEMMe - Temps, espaces, langages, Europe m\u00e9ridionale, M\u00e9diterran\u00e9e","description":"","publisher":{"@id":"https:\/\/telemme.mmsh.fr\/#organization"},"potentialAction":[{"@type":"SearchAction","target":{"@type":"EntryPoint","urlTemplate":"https:\/\/telemme.mmsh.fr\/?s={search_term_string}"},"query-input":{"@type":"PropertyValueSpecification","valueRequired":true,"valueName":"search_term_string"}}],"inLanguage":"fr-FR"},{"@type":"Organization","@id":"https:\/\/telemme.mmsh.fr\/#organization","name":"TELEMMe","url":"https:\/\/telemme.mmsh.fr\/","logo":{"@type":"ImageObject","inLanguage":"fr-FR","@id":"https:\/\/telemme.mmsh.fr\/#\/schema\/logo\/image\/","url":"https:\/\/telemme.mmsh.fr\/wp-content\/uploads\/2020\/03\/LogoTELEMMe-horizontal-fond-transparent.png","contentUrl":"https:\/\/telemme.mmsh.fr\/wp-content\/uploads\/2020\/03\/LogoTELEMMe-horizontal-fond-transparent.png","width":1500,"height":437,"caption":"TELEMMe"},"image":{"@id":"https:\/\/telemme.mmsh.fr\/#\/schema\/logo\/image\/"}},{"@type":"Person","@id":"https:\/\/telemme.mmsh.fr\/#\/schema\/person\/86a185da4836381586528ced48e263f5","name":"Delphine Cavallo","url":"https:\/\/telemme.mmsh.fr\/?author=6"}]}},"_links":{"self":[{"href":"https:\/\/telemme.mmsh.fr\/index.php?rest_route=\/wp\/v2\/posts\/5891","targetHints":{"allow":["GET"]}}],"collection":[{"href":"https:\/\/telemme.mmsh.fr\/index.php?rest_route=\/wp\/v2\/posts"}],"about":[{"href":"https:\/\/telemme.mmsh.fr\/index.php?rest_route=\/wp\/v2\/types\/post"}],"author":[{"embeddable":true,"href":"https:\/\/telemme.mmsh.fr\/index.php?rest_route=\/wp\/v2\/users\/6"}],"replies":[{"embeddable":true,"href":"https:\/\/telemme.mmsh.fr\/index.php?rest_route=%2Fwp%2Fv2%2Fcomments&post=5891"}],"version-history":[{"count":2,"href":"https:\/\/telemme.mmsh.fr\/index.php?rest_route=\/wp\/v2\/posts\/5891\/revisions"}],"predecessor-version":[{"id":5894,"href":"https:\/\/telemme.mmsh.fr\/index.php?rest_route=\/wp\/v2\/posts\/5891\/revisions\/5894"}],"wp:featuredmedia":[{"embeddable":true,"href":"https:\/\/telemme.mmsh.fr\/index.php?rest_route=\/wp\/v2\/media\/5892"}],"wp:attachment":[{"href":"https:\/\/telemme.mmsh.fr\/index.php?rest_route=%2Fwp%2Fv2%2Fmedia&parent=5891"}],"wp:term":[{"taxonomy":"category","embeddable":true,"href":"https:\/\/telemme.mmsh.fr\/index.php?rest_route=%2Fwp%2Fv2%2Fcategories&post=5891"},{"taxonomy":"post_tag","embeddable":true,"href":"https:\/\/telemme.mmsh.fr\/index.php?rest_route=%2Fwp%2Fv2%2Ftags&post=5891"}],"curies":[{"name":"wp","href":"https:\/\/api.w.org\/{rel}","templated":true}]}}