{"id":5888,"date":"2020-10-06T19:33:00","date_gmt":"2020-10-06T17:33:00","guid":{"rendered":"http:\/\/telemme.mmsh.fr\/?p=5888"},"modified":"2021-03-30T19:35:15","modified_gmt":"2021-03-30T17:35:15","slug":"police-les-marseillais-et-les-forces-de-lordre-dans-lhistoire","status":"publish","type":"post","link":"https:\/\/telemme.mmsh.fr\/?p=5888","title":{"rendered":"Police ! Les Marseillais et les forces de l\u2019ordre dans l\u2019histoire"},"content":{"rendered":"\n<p>Archives municipales de Marseille &#8211; 30 novembre 2019-25 avril 2020<\/p>\n\n\n\n<p><em>Ni vies de grands bandits, ni r\u00e9cits des \u00ab\u00a0affaires\u00a0\u00bb polici\u00e8res qui ont d\u00e9fray\u00e9 la chronique, ni portraits de \u00ab parrains \u00bb locaux\u2026 dans cette exposition et ce livre un autre regard sur la police est propos\u00e9, banal, presque ordinaire, attach\u00e9 aux pratiques quotidiennes, aux r\u00e9alit\u00e9s courantes du m\u00e9tier de policier, aux interactions entre les Marseillais et les forces de l\u2019ordre, aux hommes et aux femmes qui font vivre les institutions polici\u00e8res.<\/em><\/p>\n\n\n\n<p>Le 29 novembre 2019, les&nbsp;<a href=\"http:\/\/www.marseille.fr\/siteculture\/les-lieux-culturels\/archives-municipales\">Archives municipales de Marseille<\/a>&nbsp;inaugurent une exposition intitul\u00e9e&nbsp;<em><a href=\"http:\/\/culture.marseille.fr\/actualites\/police-les-marseillais-et-les-forces-de-l-ordre\">Police&nbsp;! Les Marseillais et les forces de l\u2019ordre dans l\u2019histoire<\/a><\/em>, dont la coordination scientifique a \u00e9t\u00e9 assur\u00e9e par plusieurs chercheurs de l\u2019UMR TELEMMe<sup><a href=\"https:\/\/telemmeinfos.hypotheses.org\/100#footnote_0_100\">1<\/a><\/sup><\/p>\n","protected":false},"excerpt":{"rendered":"<p>Ni vies de grands bandits, ni r\u00e9cits des \u00ab affaires \u00bb polici\u00e8res qui ont d\u00e9fray\u00e9 la chronique, ni portraits de \u00ab parrains \u00bb locaux\u2026 dans cette exposition et ce livre un autre regard sur la police est propos\u00e9, banal, presque ordinaire, attach\u00e9 aux pratiques quotidiennes, aux r\u00e9alit\u00e9s courantes du m\u00e9tier de policier, aux interactions entre les Marseillais et les forces de l\u2019ordre, aux hommes et aux femmes qui font vivre les institutions polici\u00e8res.<\/p>\n","protected":false},"author":6,"featured_media":3711,"comment_status":"closed","ping_status":"closed","sticky":false,"template":"","format":"standard","meta":{"neve_meta_sidebar":"","neve_meta_container":"","neve_meta_enable_content_width":"","neve_meta_content_width":0,"neve_meta_title_alignment":"","neve_meta_author_avatar":"","neve_post_elements_order":"","neve_meta_disable_header":"","neve_meta_disable_footer":"","neve_meta_disable_title":"","_tribe_events_control_status":"","_tribe_events_control_status_canceled_reason":"","_tribe_events_control_status_postponed_reason":"","_tribe_events_control_online":"","_tribe_events_control_online_url":"","footnotes":""},"categories":[1730],"tags":[1926,1925],"class_list":["post-5888","post","type-post","status-publish","format-standard","has-post-thumbnail","hentry","category-expositions","tag-marseille","tag-police"],"yoast_head":"<!-- This site is optimized with the Yoast SEO plugin v27.4 - https:\/\/yoast.com\/product\/yoast-seo-wordpress\/ -->\n<title>Police ! Les Marseillais et les forces de l\u2019ordre dans l\u2019histoire - TELEMMe - Temps, espaces, langages, Europe m\u00e9ridionale, M\u00e9diterran\u00e9e<\/title>\n<meta name=\"robots\" content=\"index, follow, max-snippet:-1, max-image-preview:large, max-video-preview:-1\" \/>\n<link rel=\"canonical\" href=\"https:\/\/telemme.mmsh.fr\/?p=5888\" \/>\n<meta property=\"og:locale\" content=\"fr_FR\" \/>\n<meta property=\"og:type\" content=\"article\" \/>\n<meta property=\"og:title\" content=\"Police ! Les Marseillais et les forces de l\u2019ordre dans l\u2019histoire - TELEMMe - Temps, espaces, langages, Europe m\u00e9ridionale, M\u00e9diterran\u00e9e\" \/>\n<meta property=\"og:description\" content=\"Ni vies de grands bandits, ni r\u00e9cits des \u00ab affaires \u00bb polici\u00e8res qui ont d\u00e9fray\u00e9 la chronique, ni portraits de \u00ab parrains \u00bb locaux\u2026 dans cette exposition et ce livre un autre regard sur la police est propos\u00e9, banal, presque ordinaire, attach\u00e9 aux pratiques quotidiennes, aux r\u00e9alit\u00e9s courantes du m\u00e9tier de policier, aux interactions entre les Marseillais et les forces de l\u2019ordre, aux hommes et aux femmes qui font vivre les institutions polici\u00e8res.\" \/>\n<meta property=\"og:url\" content=\"https:\/\/telemme.mmsh.fr\/?p=5888\" \/>\n<meta property=\"og:site_name\" content=\"TELEMMe - Temps, espaces, langages, Europe m\u00e9ridionale, M\u00e9diterran\u00e9e\" \/>\n<meta property=\"article:published_time\" content=\"2020-10-06T17:33:00+00:00\" \/>\n<meta property=\"article:modified_time\" content=\"2021-03-30T17:35:15+00:00\" \/>\n<meta property=\"og:image\" content=\"https:\/\/telemme.mmsh.fr\/wp-content\/uploads\/2020\/02\/AC1305510_88Fi579_C-light.jpg\" \/>\n\t<meta property=\"og:image:width\" content=\"500\" \/>\n\t<meta property=\"og:image:height\" content=\"336\" \/>\n\t<meta property=\"og:image:type\" content=\"image\/jpeg\" \/>\n<meta name=\"author\" content=\"Delphine Cavallo\" \/>\n<meta name=\"twitter:card\" content=\"summary_large_image\" \/>\n<meta name=\"twitter:label1\" content=\"\u00c9crit par\" \/>\n\t<meta name=\"twitter:data1\" content=\"Delphine Cavallo\" \/>\n\t<meta name=\"twitter:label2\" content=\"Dur\u00e9e de lecture estim\u00e9e\" \/>\n\t<meta name=\"twitter:data2\" content=\"1 minute\" \/>\n<script type=\"application\/ld+json\" class=\"yoast-schema-graph\">{\"@context\":\"https:\\\/\\\/schema.org\",\"@graph\":[{\"@type\":\"Article\",\"@id\":\"https:\\\/\\\/telemme.mmsh.fr\\\/?p=5888#article\",\"isPartOf\":{\"@id\":\"https:\\\/\\\/telemme.mmsh.fr\\\/?p=5888\"},\"author\":{\"name\":\"Delphine Cavallo\",\"@id\":\"https:\\\/\\\/telemme.mmsh.fr\\\/#\\\/schema\\\/person\\\/86a185da4836381586528ced48e263f5\"},\"headline\":\"Police ! Les Marseillais et les forces de l\u2019ordre dans l\u2019histoire\",\"datePublished\":\"2020-10-06T17:33:00+00:00\",\"dateModified\":\"2021-03-30T17:35:15+00:00\",\"mainEntityOfPage\":{\"@id\":\"https:\\\/\\\/telemme.mmsh.fr\\\/?p=5888\"},\"wordCount\":140,\"publisher\":{\"@id\":\"https:\\\/\\\/telemme.mmsh.fr\\\/#organization\"},\"image\":{\"@id\":\"https:\\\/\\\/telemme.mmsh.fr\\\/?p=5888#primaryimage\"},\"thumbnailUrl\":\"https:\\\/\\\/telemme.mmsh.fr\\\/wp-content\\\/uploads\\\/2020\\\/02\\\/AC1305510_88Fi579_C-light.jpg\",\"keywords\":[\"Marseille\",\"police\"],\"articleSection\":[\"Expositions\"],\"inLanguage\":\"fr-FR\"},{\"@type\":\"WebPage\",\"@id\":\"https:\\\/\\\/telemme.mmsh.fr\\\/?p=5888\",\"url\":\"https:\\\/\\\/telemme.mmsh.fr\\\/?p=5888\",\"name\":\"Police ! Les Marseillais et les forces de l\u2019ordre dans l\u2019histoire - TELEMMe - Temps, espaces, langages, Europe m\u00e9ridionale, M\u00e9diterran\u00e9e\",\"isPartOf\":{\"@id\":\"https:\\\/\\\/telemme.mmsh.fr\\\/#website\"},\"primaryImageOfPage\":{\"@id\":\"https:\\\/\\\/telemme.mmsh.fr\\\/?p=5888#primaryimage\"},\"image\":{\"@id\":\"https:\\\/\\\/telemme.mmsh.fr\\\/?p=5888#primaryimage\"},\"thumbnailUrl\":\"https:\\\/\\\/telemme.mmsh.fr\\\/wp-content\\\/uploads\\\/2020\\\/02\\\/AC1305510_88Fi579_C-light.jpg\",\"datePublished\":\"2020-10-06T17:33:00+00:00\",\"dateModified\":\"2021-03-30T17:35:15+00:00\",\"breadcrumb\":{\"@id\":\"https:\\\/\\\/telemme.mmsh.fr\\\/?p=5888#breadcrumb\"},\"inLanguage\":\"fr-FR\",\"potentialAction\":[{\"@type\":\"ReadAction\",\"target\":[\"https:\\\/\\\/telemme.mmsh.fr\\\/?p=5888\"]}]},{\"@type\":\"ImageObject\",\"inLanguage\":\"fr-FR\",\"@id\":\"https:\\\/\\\/telemme.mmsh.fr\\\/?p=5888#primaryimage\",\"url\":\"https:\\\/\\\/telemme.mmsh.fr\\\/wp-content\\\/uploads\\\/2020\\\/02\\\/AC1305510_88Fi579_C-light.jpg\",\"contentUrl\":\"https:\\\/\\\/telemme.mmsh.fr\\\/wp-content\\\/uploads\\\/2020\\\/02\\\/AC1305510_88Fi579_C-light.jpg\",\"width\":500,\"height\":336,\"caption\":\"Une brigade d\u2019agents cyclistes (Marseille, Archives municipales de Marseille : 88 Fi 579)\"},{\"@type\":\"BreadcrumbList\",\"@id\":\"https:\\\/\\\/telemme.mmsh.fr\\\/?p=5888#breadcrumb\",\"itemListElement\":[{\"@type\":\"ListItem\",\"position\":1,\"name\":\"Accueil\",\"item\":\"https:\\\/\\\/telemme.mmsh.fr\\\/\"},{\"@type\":\"ListItem\",\"position\":2,\"name\":\"M\u00e9diation et diffusion\",\"item\":\"https:\\\/\\\/telemme.mmsh.fr\\\/?cat=1736\"},{\"@type\":\"ListItem\",\"position\":3,\"name\":\"Expositions\",\"item\":\"https:\\\/\\\/telemme.mmsh.fr\\\/?cat=1730\"},{\"@type\":\"ListItem\",\"position\":4,\"name\":\"Police ! Les Marseillais et les forces de l\u2019ordre dans l\u2019histoire\"}]},{\"@type\":\"WebSite\",\"@id\":\"https:\\\/\\\/telemme.mmsh.fr\\\/#website\",\"url\":\"https:\\\/\\\/telemme.mmsh.fr\\\/\",\"name\":\"TELEMMe - Temps, espaces, langages, Europe m\u00e9ridionale, M\u00e9diterran\u00e9e\",\"description\":\"\",\"publisher\":{\"@id\":\"https:\\\/\\\/telemme.mmsh.fr\\\/#organization\"},\"potentialAction\":[{\"@type\":\"SearchAction\",\"target\":{\"@type\":\"EntryPoint\",\"urlTemplate\":\"https:\\\/\\\/telemme.mmsh.fr\\\/?s={search_term_string}\"},\"query-input\":{\"@type\":\"PropertyValueSpecification\",\"valueRequired\":true,\"valueName\":\"search_term_string\"}}],\"inLanguage\":\"fr-FR\"},{\"@type\":\"Organization\",\"@id\":\"https:\\\/\\\/telemme.mmsh.fr\\\/#organization\",\"name\":\"TELEMMe\",\"url\":\"https:\\\/\\\/telemme.mmsh.fr\\\/\",\"logo\":{\"@type\":\"ImageObject\",\"inLanguage\":\"fr-FR\",\"@id\":\"https:\\\/\\\/telemme.mmsh.fr\\\/#\\\/schema\\\/logo\\\/image\\\/\",\"url\":\"https:\\\/\\\/telemme.mmsh.fr\\\/wp-content\\\/uploads\\\/2020\\\/03\\\/LogoTELEMMe-horizontal-fond-transparent.png\",\"contentUrl\":\"https:\\\/\\\/telemme.mmsh.fr\\\/wp-content\\\/uploads\\\/2020\\\/03\\\/LogoTELEMMe-horizontal-fond-transparent.png\",\"width\":1500,\"height\":437,\"caption\":\"TELEMMe\"},\"image\":{\"@id\":\"https:\\\/\\\/telemme.mmsh.fr\\\/#\\\/schema\\\/logo\\\/image\\\/\"}},{\"@type\":\"Person\",\"@id\":\"https:\\\/\\\/telemme.mmsh.fr\\\/#\\\/schema\\\/person\\\/86a185da4836381586528ced48e263f5\",\"name\":\"Delphine Cavallo\",\"url\":\"https:\\\/\\\/telemme.mmsh.fr\\\/?author=6\"}]}<\/script>\n<!-- \/ Yoast SEO plugin. -->","yoast_head_json":{"title":"Police ! Les Marseillais et les forces de l\u2019ordre dans l\u2019histoire - TELEMMe - Temps, espaces, langages, Europe m\u00e9ridionale, M\u00e9diterran\u00e9e","robots":{"index":"index","follow":"follow","max-snippet":"max-snippet:-1","max-image-preview":"max-image-preview:large","max-video-preview":"max-video-preview:-1"},"canonical":"https:\/\/telemme.mmsh.fr\/?p=5888","og_locale":"fr_FR","og_type":"article","og_title":"Police ! Les Marseillais et les forces de l\u2019ordre dans l\u2019histoire - TELEMMe - Temps, espaces, langages, Europe m\u00e9ridionale, M\u00e9diterran\u00e9e","og_description":"Ni vies de grands bandits, ni r\u00e9cits des \u00ab affaires \u00bb polici\u00e8res qui ont d\u00e9fray\u00e9 la chronique, ni portraits de \u00ab parrains \u00bb locaux\u2026 dans cette exposition et ce livre un autre regard sur la police est propos\u00e9, banal, presque ordinaire, attach\u00e9 aux pratiques quotidiennes, aux r\u00e9alit\u00e9s courantes du m\u00e9tier de policier, aux interactions entre les Marseillais et les forces de l\u2019ordre, aux hommes et aux femmes qui font vivre les institutions polici\u00e8res.","og_url":"https:\/\/telemme.mmsh.fr\/?p=5888","og_site_name":"TELEMMe - Temps, espaces, langages, Europe m\u00e9ridionale, M\u00e9diterran\u00e9e","article_published_time":"2020-10-06T17:33:00+00:00","article_modified_time":"2021-03-30T17:35:15+00:00","og_image":[{"width":500,"height":336,"url":"https:\/\/telemme.mmsh.fr\/wp-content\/uploads\/2020\/02\/AC1305510_88Fi579_C-light.jpg","type":"image\/jpeg"}],"author":"Delphine Cavallo","twitter_card":"summary_large_image","twitter_misc":{"\u00c9crit par":"Delphine Cavallo","Dur\u00e9e de lecture estim\u00e9e":"1 minute"},"schema":{"@context":"https:\/\/schema.org","@graph":[{"@type":"Article","@id":"https:\/\/telemme.mmsh.fr\/?p=5888#article","isPartOf":{"@id":"https:\/\/telemme.mmsh.fr\/?p=5888"},"author":{"name":"Delphine Cavallo","@id":"https:\/\/telemme.mmsh.fr\/#\/schema\/person\/86a185da4836381586528ced48e263f5"},"headline":"Police ! Les Marseillais et les forces de l\u2019ordre dans l\u2019histoire","datePublished":"2020-10-06T17:33:00+00:00","dateModified":"2021-03-30T17:35:15+00:00","mainEntityOfPage":{"@id":"https:\/\/telemme.mmsh.fr\/?p=5888"},"wordCount":140,"publisher":{"@id":"https:\/\/telemme.mmsh.fr\/#organization"},"image":{"@id":"https:\/\/telemme.mmsh.fr\/?p=5888#primaryimage"},"thumbnailUrl":"https:\/\/telemme.mmsh.fr\/wp-content\/uploads\/2020\/02\/AC1305510_88Fi579_C-light.jpg","keywords":["Marseille","police"],"articleSection":["Expositions"],"inLanguage":"fr-FR"},{"@type":"WebPage","@id":"https:\/\/telemme.mmsh.fr\/?p=5888","url":"https:\/\/telemme.mmsh.fr\/?p=5888","name":"Police ! Les Marseillais et les forces de l\u2019ordre dans l\u2019histoire - TELEMMe - Temps, espaces, langages, Europe m\u00e9ridionale, M\u00e9diterran\u00e9e","isPartOf":{"@id":"https:\/\/telemme.mmsh.fr\/#website"},"primaryImageOfPage":{"@id":"https:\/\/telemme.mmsh.fr\/?p=5888#primaryimage"},"image":{"@id":"https:\/\/telemme.mmsh.fr\/?p=5888#primaryimage"},"thumbnailUrl":"https:\/\/telemme.mmsh.fr\/wp-content\/uploads\/2020\/02\/AC1305510_88Fi579_C-light.jpg","datePublished":"2020-10-06T17:33:00+00:00","dateModified":"2021-03-30T17:35:15+00:00","breadcrumb":{"@id":"https:\/\/telemme.mmsh.fr\/?p=5888#breadcrumb"},"inLanguage":"fr-FR","potentialAction":[{"@type":"ReadAction","target":["https:\/\/telemme.mmsh.fr\/?p=5888"]}]},{"@type":"ImageObject","inLanguage":"fr-FR","@id":"https:\/\/telemme.mmsh.fr\/?p=5888#primaryimage","url":"https:\/\/telemme.mmsh.fr\/wp-content\/uploads\/2020\/02\/AC1305510_88Fi579_C-light.jpg","contentUrl":"https:\/\/telemme.mmsh.fr\/wp-content\/uploads\/2020\/02\/AC1305510_88Fi579_C-light.jpg","width":500,"height":336,"caption":"Une brigade d\u2019agents cyclistes (Marseille, Archives municipales de Marseille : 88 Fi 579)"},{"@type":"BreadcrumbList","@id":"https:\/\/telemme.mmsh.fr\/?p=5888#breadcrumb","itemListElement":[{"@type":"ListItem","position":1,"name":"Accueil","item":"https:\/\/telemme.mmsh.fr\/"},{"@type":"ListItem","position":2,"name":"M\u00e9diation et diffusion","item":"https:\/\/telemme.mmsh.fr\/?cat=1736"},{"@type":"ListItem","position":3,"name":"Expositions","item":"https:\/\/telemme.mmsh.fr\/?cat=1730"},{"@type":"ListItem","position":4,"name":"Police ! Les Marseillais et les forces de l\u2019ordre dans l\u2019histoire"}]},{"@type":"WebSite","@id":"https:\/\/telemme.mmsh.fr\/#website","url":"https:\/\/telemme.mmsh.fr\/","name":"TELEMMe - Temps, espaces, langages, Europe m\u00e9ridionale, M\u00e9diterran\u00e9e","description":"","publisher":{"@id":"https:\/\/telemme.mmsh.fr\/#organization"},"potentialAction":[{"@type":"SearchAction","target":{"@type":"EntryPoint","urlTemplate":"https:\/\/telemme.mmsh.fr\/?s={search_term_string}"},"query-input":{"@type":"PropertyValueSpecification","valueRequired":true,"valueName":"search_term_string"}}],"inLanguage":"fr-FR"},{"@type":"Organization","@id":"https:\/\/telemme.mmsh.fr\/#organization","name":"TELEMMe","url":"https:\/\/telemme.mmsh.fr\/","logo":{"@type":"ImageObject","inLanguage":"fr-FR","@id":"https:\/\/telemme.mmsh.fr\/#\/schema\/logo\/image\/","url":"https:\/\/telemme.mmsh.fr\/wp-content\/uploads\/2020\/03\/LogoTELEMMe-horizontal-fond-transparent.png","contentUrl":"https:\/\/telemme.mmsh.fr\/wp-content\/uploads\/2020\/03\/LogoTELEMMe-horizontal-fond-transparent.png","width":1500,"height":437,"caption":"TELEMMe"},"image":{"@id":"https:\/\/telemme.mmsh.fr\/#\/schema\/logo\/image\/"}},{"@type":"Person","@id":"https:\/\/telemme.mmsh.fr\/#\/schema\/person\/86a185da4836381586528ced48e263f5","name":"Delphine Cavallo","url":"https:\/\/telemme.mmsh.fr\/?author=6"}]}},"_links":{"self":[{"href":"https:\/\/telemme.mmsh.fr\/index.php?rest_route=\/wp\/v2\/posts\/5888","targetHints":{"allow":["GET"]}}],"collection":[{"href":"https:\/\/telemme.mmsh.fr\/index.php?rest_route=\/wp\/v2\/posts"}],"about":[{"href":"https:\/\/telemme.mmsh.fr\/index.php?rest_route=\/wp\/v2\/types\/post"}],"author":[{"embeddable":true,"href":"https:\/\/telemme.mmsh.fr\/index.php?rest_route=\/wp\/v2\/users\/6"}],"replies":[{"embeddable":true,"href":"https:\/\/telemme.mmsh.fr\/index.php?rest_route=%2Fwp%2Fv2%2Fcomments&post=5888"}],"version-history":[{"count":2,"href":"https:\/\/telemme.mmsh.fr\/index.php?rest_route=\/wp\/v2\/posts\/5888\/revisions"}],"predecessor-version":[{"id":5890,"href":"https:\/\/telemme.mmsh.fr\/index.php?rest_route=\/wp\/v2\/posts\/5888\/revisions\/5890"}],"wp:featuredmedia":[{"embeddable":true,"href":"https:\/\/telemme.mmsh.fr\/index.php?rest_route=\/wp\/v2\/media\/3711"}],"wp:attachment":[{"href":"https:\/\/telemme.mmsh.fr\/index.php?rest_route=%2Fwp%2Fv2%2Fmedia&parent=5888"}],"wp:term":[{"taxonomy":"category","embeddable":true,"href":"https:\/\/telemme.mmsh.fr\/index.php?rest_route=%2Fwp%2Fv2%2Fcategories&post=5888"},{"taxonomy":"post_tag","embeddable":true,"href":"https:\/\/telemme.mmsh.fr\/index.php?rest_route=%2Fwp%2Fv2%2Ftags&post=5888"}],"curies":[{"name":"wp","href":"https:\/\/api.w.org\/{rel}","templated":true}]}}