{"id":2364,"date":"2020-12-17T10:58:08","date_gmt":"2020-12-17T09:58:08","guid":{"rendered":"http:\/\/telemme.mmsh.fr\/?p=2364"},"modified":"2021-06-28T14:26:27","modified_gmt":"2021-06-28T12:26:27","slug":"fos-etang-de-berre-200-ans-dhistoire-industrielle-et-environnementale","status":"publish","type":"post","link":"https:\/\/telemme.mmsh.fr\/?p=2364","title":{"rendered":"Fos \/ \u00e9tang de Berre. 200 ans d\u2019histoire industrielle et environnementale"},"content":{"rendered":"\n<p>Nous connaissons Fos, port de Marseille, une des plus grandes zones industrialo-portuaires d\u2019Europe, construite au tournant des ann\u00e9es 1970. Mais nous ignorons souvent que cette zone s\u2019est implant\u00e9e sur un territoire d\u00e9j\u00e0 riche d\u2019une longue histoire industrielle et environnementale.<\/p>\n\n\n\n<p>Depuis plus de deux si\u00e8cles, les rivages de Fos-sur-Mer et de l\u2019\u00e9tang de Berre sont confront\u00e9s aux effets socio-\u00e9conomiques et environnementaux de l\u2019industrie lourde et des flux portuaires. Depuis plus de deux si\u00e8cles \u00e9galement, les habitant\u00b7es de cet espace longtemps vou\u00e9 \u00e0 l\u2019agropastoralisme, \u00e0 l\u2019exploitation du sel, \u00e0 la p\u00eache et aux pratiques baln\u00e9aires s\u2019inqui\u00e8tent et s\u2019opposent \u00e0 ces usines et \u00e0 ces am\u00e9nagements portuaires de grande ampleur.<\/p>\n\n\n\n<p>Le&nbsp;<strong>webdocumentaire&nbsp;<\/strong><a href=\"https:\/\/fos200ans.fr\/\" target=\"_blank\" rel=\"noreferrer noopener\"><strong><em>Fos \/ \u00e9tang de Berre. 200 ans d\u2019histoire industrielle et environnementale<\/em><\/strong><\/a><strong>&nbsp;<\/strong>vous propose de replacer ces transformations dans le temps long du territoire et de ses habitant\u00b7es, \u00e0 travers des&nbsp;<strong>vid\u00e9os, des photos, des archives et des interviews des acteurs et actrices de ces bouleversements<\/strong>. Chercheurs et chercheuses ouvrent leurs archives et leurs ateliers pour explorer avec vous ce territoire et les quatre grandes p\u00e9riodes de cette histoire,&nbsp;de 1809 \u00e0 nos jours&nbsp;: les premi\u00e8re et deuxi\u00e8me industrialisations, des Trente glorieuses \u00e0 la crise, et la relance.<\/p>\n\n\n\n<p>L\u2019<a href=\"https:\/\/fos200ans.fr\/regards-sur-le-webdocumentaire\" target=\"_blank\" rel=\"noreferrer noopener\">\u00e9quipe<\/a>&nbsp;r\u00e9unie autour de ce webdocumentaire \u2013&nbsp;&nbsp;une cin\u00e9aste, des d\u00e9veloppeurs web, des historien\u00b7nes, g\u00e9ographes, sociologues et des professionnelles de la documentation et de la m\u00e9diation \u2013&nbsp;&nbsp;vous propose une&nbsp;<strong>nouvelle mani\u00e8re de raconter l\u2019histoire de ce territoire et de ses acteurs, \u00e0 la lumi\u00e8re de ses enjeux les plus contemporains<\/strong>&nbsp;\u2013 am\u00e9nagements, pollution, sant\u00e9, etc.<\/p>\n\n\n\n<p>Dot\u00e9 de&nbsp;<a href=\"https:\/\/regardsfos.hypotheses.org\/59\" target=\"_blank\" rel=\"noreferrer noopener\">deux modes de navigation<\/a>&nbsp;\u2013 immersif et cartographique \u2013&nbsp;<em>Fos \/ \u00e9tang de Berre<\/em>&nbsp;donne \u00e0 voir et \u00e0 \u00e9couter 200 ans d\u2019une histoire r\u00e9sonnant avec des probl\u00e9matiques aujourd\u2019hui largement partag\u00e9es. Se faisant, il propose une exp\u00e9rimentation&nbsp;<a href=\"https:\/\/fos200ans.fr\/regards-sur-le-webdocumentaire\" target=\"_blank\" rel=\"noreferrer noopener\">des nouveaux modes d\u2019\u00e9critures de la recherche et de diffusion des savoirs<\/a>&nbsp;\u00e0 destination de tous les publics.<\/p>\n\n\n\n<p><em>Le webdocumentaire Fos \/ \u00e9tang de Berre. 200 ans d\u2019histoire industrielle et environnementale a \u00e9t\u00e9 con\u00e7u par Agn\u00e8s Maury (<\/em><a href=\"https:\/\/www.lesfilmsdupapillon.com\/\" target=\"_blank\" rel=\"noreferrer noopener\"><em>Les Films du papillon<\/em><\/a><em>) et Cyrille Le Menestrel (<a href=\"https:\/\/gamuza.fr\/\" target=\"_blank\" rel=\"noreferrer noopener\">Gamuza<\/a>), en collaboration avec une&nbsp;<\/em><a href=\"https:\/\/fos200ans.fr\/regards-sur-le-webdocumentaire\" target=\"_blank\" rel=\"noreferrer noopener\"><em>\u00e9quipe de chercheurs&nbsp;<\/em><em>et chercheuses<\/em><\/a><em>&nbsp;des laboratoires&nbsp;<\/em><a href=\"http:\/\/telemme.mmsh.univ-aix.fr\/\" target=\"_blank\" rel=\"noreferrer noopener\"><em>TELEMMe<\/em><\/a><em>&nbsp;et&nbsp;<\/em><a href=\"https:\/\/www.g-eau.fr\/\" target=\"_blank\" rel=\"noreferrer noopener\"><em>G-EAU<\/em><\/a><em>. Il&nbsp;&nbsp;a \u00e9t\u00e9 r\u00e9alis\u00e9 dans le cadre du projet PICTURE-IT &#8211;&nbsp;<\/em><a href=\"https:\/\/regardsfos.hypotheses.org\/\" target=\"_blank\" rel=\"noreferrer noopener\"><em>Le grand chambardement<\/em><\/a><em>&nbsp;financ\u00e9 par TELEMMe,&nbsp;<\/em><a href=\"https:\/\/labexmed.hypotheses.org\/\" target=\"_blank\" rel=\"noreferrer noopener\"><em>LabexMed<\/em><\/a><em>&nbsp;et la&nbsp;<\/em><a href=\"https:\/\/www.maregionsud.fr\/\" target=\"_blank\" rel=\"noreferrer noopener\"><em>R\u00e9gion Provence-Alpes-C\u00f4te d\u2019Azur<\/em><\/a><em>. Il a&nbsp;<\/em><em>\u00e9galement b<\/em><em>\u00e9n<\/em><em>\u00e9fici<\/em><em>\u00e9&nbsp;d<\/em><em>\u2019un soutien du labex&nbsp;<\/em><a href=\"https:\/\/www.driihm.fr\/\" target=\"_blank\" rel=\"noreferrer noopener\"><em>DRIIHM<\/em><\/a><em>,&nbsp;<\/em><a href=\"http:\/\/www.ohm-littoral-mediterraneen.fr\/\" target=\"_blank\" rel=\"noreferrer noopener\"><em>Observatoire hommes milieux littoral m<\/em><em>\u00e9diterran<\/em><em>\u00e9en<\/em><\/a><em>&nbsp;&amp;&nbsp;<\/em><a href=\"https:\/\/www.inee.cnrs.fr\/fr\/ohm\" target=\"_blank\" rel=\"noreferrer noopener\"><em>R<\/em><em>\u00e9seau des observatoires hommes milieux du CNRS<\/em><\/a><em>.<\/em><\/p>\n\n\n\n<p>\u00b7&nbsp;&nbsp;&nbsp;&nbsp;&nbsp;&nbsp;&nbsp;Le webdocumentaire&nbsp;:&nbsp;<a href=\"https:\/\/fos200ans.fr\/\" target=\"_blank\" rel=\"noreferrer noopener\">https:\/\/fos200ans.fr<\/a><\/p>\n\n\n\n<p>\u00b7&nbsp;&nbsp;&nbsp;&nbsp;&nbsp;&nbsp;&nbsp;Naviguer dans&nbsp;<em>Fos \/ \u00e9tang de Berre<\/em>&nbsp;:&nbsp;<a href=\"https:\/\/regardsfos.hypotheses.org\/59\" target=\"_blank\" rel=\"noreferrer noopener\">https:\/\/regardsfos.hypotheses.org\/59<\/a><\/p>\n\n\n\n<p>\u00b7&nbsp;&nbsp;&nbsp;&nbsp;&nbsp;&nbsp;&nbsp;L\u2019\u00e9quipe et les partenaires&nbsp;:&nbsp;<a href=\"https:\/\/fos200ans.fr\/regards-sur-le-webdocumentaire\" target=\"_blank\" rel=\"noreferrer noopener\">https:\/\/fos200ans.fr\/regards-sur-le-webdocumentaire<\/a><\/p>\n\n\n\n<p>\u00b7&nbsp;&nbsp;&nbsp;&nbsp;&nbsp;&nbsp;&nbsp;Le Grand chambardement :&nbsp;<a href=\"https:\/\/regardsfos.hypotheses.org\/\" target=\"_blank\" rel=\"noreferrer noopener\">https:\/\/regardsfos.hypotheses.org<\/a><\/p>\n","protected":false},"excerpt":{"rendered":"<p>Nous connaissons Fos, port de Marseille, une des plus grandes zones industrialo-portuaires d\u2019Europe, construite au tournant des ann\u00e9es 1970. Mais nous ignorons souvent que cette zone s\u2019est implant\u00e9e sur un territoire d\u00e9j\u00e0 riche d\u2019une longue histoire industrielle et environnementale.<\/p>\n","protected":false},"author":6,"featured_media":2365,"comment_status":"closed","ping_status":"closed","sticky":false,"template":"","format":"standard","meta":{"neve_meta_sidebar":"","neve_meta_container":"","neve_meta_enable_content_width":"","neve_meta_content_width":0,"neve_meta_title_alignment":"","neve_meta_author_avatar":"","neve_post_elements_order":"","neve_meta_disable_header":"","neve_meta_disable_footer":"","neve_meta_disable_title":"","_tribe_events_control_status":"","_tribe_events_control_status_canceled_reason":"","_tribe_events_control_status_postponed_reason":"","_tribe_events_control_online":"","_tribe_events_control_online_url":"","footnotes":""},"categories":[1732],"tags":[],"class_list":["post-2364","post","type-post","status-publish","format-standard","has-post-thumbnail","hentry","category-webdoc"],"yoast_head":"<!-- This site is optimized with the Yoast SEO plugin v27.4 - https:\/\/yoast.com\/product\/yoast-seo-wordpress\/ -->\n<title>Fos \/ \u00e9tang de Berre. 200 ans d\u2019histoire industrielle et environnementale - TELEMMe - Temps, espaces, langages, Europe m\u00e9ridionale, M\u00e9diterran\u00e9e<\/title>\n<meta name=\"robots\" content=\"index, follow, max-snippet:-1, max-image-preview:large, max-video-preview:-1\" \/>\n<link rel=\"canonical\" href=\"https:\/\/telemme.mmsh.fr\/?p=2364\" \/>\n<meta property=\"og:locale\" content=\"fr_FR\" \/>\n<meta property=\"og:type\" content=\"article\" \/>\n<meta property=\"og:title\" content=\"Fos \/ \u00e9tang de Berre. 200 ans d\u2019histoire industrielle et environnementale - TELEMMe - Temps, espaces, langages, Europe m\u00e9ridionale, M\u00e9diterran\u00e9e\" \/>\n<meta property=\"og:description\" content=\"Nous connaissons Fos, port de Marseille, une des plus grandes zones industrialo-portuaires d\u2019Europe, construite au tournant des ann\u00e9es 1970. Mais nous ignorons souvent que cette zone s\u2019est implant\u00e9e sur un territoire d\u00e9j\u00e0 riche d\u2019une longue histoire industrielle et environnementale.\" \/>\n<meta property=\"og:url\" content=\"https:\/\/telemme.mmsh.fr\/?p=2364\" \/>\n<meta property=\"og:site_name\" content=\"TELEMMe - Temps, espaces, langages, Europe m\u00e9ridionale, M\u00e9diterran\u00e9e\" \/>\n<meta property=\"article:published_time\" content=\"2020-12-17T09:58:08+00:00\" \/>\n<meta property=\"article:modified_time\" content=\"2021-06-28T12:26:27+00:00\" \/>\n<meta property=\"og:image\" content=\"https:\/\/telemme.mmsh.fr\/wp-content\/uploads\/2020\/12\/fos200ans-2000x1200-1.jpg\" \/>\n\t<meta property=\"og:image:width\" content=\"2000\" \/>\n\t<meta property=\"og:image:height\" content=\"1200\" \/>\n\t<meta property=\"og:image:type\" content=\"image\/jpeg\" \/>\n<meta name=\"author\" content=\"Delphine Cavallo\" \/>\n<meta name=\"twitter:card\" content=\"summary_large_image\" \/>\n<meta name=\"twitter:label1\" content=\"\u00c9crit par\" \/>\n\t<meta name=\"twitter:data1\" content=\"Delphine Cavallo\" \/>\n\t<meta name=\"twitter:label2\" content=\"Dur\u00e9e de lecture estim\u00e9e\" \/>\n\t<meta name=\"twitter:data2\" content=\"2 minutes\" \/>\n<script type=\"application\/ld+json\" class=\"yoast-schema-graph\">{\"@context\":\"https:\\\/\\\/schema.org\",\"@graph\":[{\"@type\":\"Article\",\"@id\":\"https:\\\/\\\/telemme.mmsh.fr\\\/?p=2364#article\",\"isPartOf\":{\"@id\":\"https:\\\/\\\/telemme.mmsh.fr\\\/?p=2364\"},\"author\":{\"name\":\"Delphine Cavallo\",\"@id\":\"https:\\\/\\\/telemme.mmsh.fr\\\/#\\\/schema\\\/person\\\/86a185da4836381586528ced48e263f5\"},\"headline\":\"Fos \\\/ \u00e9tang de Berre. 200 ans d\u2019histoire industrielle et environnementale\",\"datePublished\":\"2020-12-17T09:58:08+00:00\",\"dateModified\":\"2021-06-28T12:26:27+00:00\",\"mainEntityOfPage\":{\"@id\":\"https:\\\/\\\/telemme.mmsh.fr\\\/?p=2364\"},\"wordCount\":546,\"publisher\":{\"@id\":\"https:\\\/\\\/telemme.mmsh.fr\\\/#organization\"},\"image\":{\"@id\":\"https:\\\/\\\/telemme.mmsh.fr\\\/?p=2364#primaryimage\"},\"thumbnailUrl\":\"https:\\\/\\\/telemme.mmsh.fr\\\/wp-content\\\/uploads\\\/2020\\\/12\\\/fos200ans-2000x1200-1.jpg\",\"articleSection\":[\"Webdocumentaires\"],\"inLanguage\":\"fr-FR\"},{\"@type\":\"WebPage\",\"@id\":\"https:\\\/\\\/telemme.mmsh.fr\\\/?p=2364\",\"url\":\"https:\\\/\\\/telemme.mmsh.fr\\\/?p=2364\",\"name\":\"Fos \\\/ \u00e9tang de Berre. 200 ans d\u2019histoire industrielle et environnementale - TELEMMe - Temps, espaces, langages, Europe m\u00e9ridionale, M\u00e9diterran\u00e9e\",\"isPartOf\":{\"@id\":\"https:\\\/\\\/telemme.mmsh.fr\\\/#website\"},\"primaryImageOfPage\":{\"@id\":\"https:\\\/\\\/telemme.mmsh.fr\\\/?p=2364#primaryimage\"},\"image\":{\"@id\":\"https:\\\/\\\/telemme.mmsh.fr\\\/?p=2364#primaryimage\"},\"thumbnailUrl\":\"https:\\\/\\\/telemme.mmsh.fr\\\/wp-content\\\/uploads\\\/2020\\\/12\\\/fos200ans-2000x1200-1.jpg\",\"datePublished\":\"2020-12-17T09:58:08+00:00\",\"dateModified\":\"2021-06-28T12:26:27+00:00\",\"breadcrumb\":{\"@id\":\"https:\\\/\\\/telemme.mmsh.fr\\\/?p=2364#breadcrumb\"},\"inLanguage\":\"fr-FR\",\"potentialAction\":[{\"@type\":\"ReadAction\",\"target\":[\"https:\\\/\\\/telemme.mmsh.fr\\\/?p=2364\"]}]},{\"@type\":\"ImageObject\",\"inLanguage\":\"fr-FR\",\"@id\":\"https:\\\/\\\/telemme.mmsh.fr\\\/?p=2364#primaryimage\",\"url\":\"https:\\\/\\\/telemme.mmsh.fr\\\/wp-content\\\/uploads\\\/2020\\\/12\\\/fos200ans-2000x1200-1.jpg\",\"contentUrl\":\"https:\\\/\\\/telemme.mmsh.fr\\\/wp-content\\\/uploads\\\/2020\\\/12\\\/fos200ans-2000x1200-1.jpg\",\"width\":2000,\"height\":1200,\"caption\":\"Webdocumentaire Fos \\\/ \u00e9tang de Berre\"},{\"@type\":\"BreadcrumbList\",\"@id\":\"https:\\\/\\\/telemme.mmsh.fr\\\/?p=2364#breadcrumb\",\"itemListElement\":[{\"@type\":\"ListItem\",\"position\":1,\"name\":\"Accueil\",\"item\":\"https:\\\/\\\/telemme.mmsh.fr\\\/\"},{\"@type\":\"ListItem\",\"position\":2,\"name\":\"M\u00e9diation et diffusion\",\"item\":\"https:\\\/\\\/telemme.mmsh.fr\\\/?cat=1736\"},{\"@type\":\"ListItem\",\"position\":3,\"name\":\"Webdocumentaires\",\"item\":\"https:\\\/\\\/telemme.mmsh.fr\\\/?cat=1732\"},{\"@type\":\"ListItem\",\"position\":4,\"name\":\"Fos \\\/ \u00e9tang de Berre. 200 ans d\u2019histoire industrielle et environnementale\"}]},{\"@type\":\"WebSite\",\"@id\":\"https:\\\/\\\/telemme.mmsh.fr\\\/#website\",\"url\":\"https:\\\/\\\/telemme.mmsh.fr\\\/\",\"name\":\"TELEMMe - Temps, espaces, langages, Europe m\u00e9ridionale, M\u00e9diterran\u00e9e\",\"description\":\"\",\"publisher\":{\"@id\":\"https:\\\/\\\/telemme.mmsh.fr\\\/#organization\"},\"potentialAction\":[{\"@type\":\"SearchAction\",\"target\":{\"@type\":\"EntryPoint\",\"urlTemplate\":\"https:\\\/\\\/telemme.mmsh.fr\\\/?s={search_term_string}\"},\"query-input\":{\"@type\":\"PropertyValueSpecification\",\"valueRequired\":true,\"valueName\":\"search_term_string\"}}],\"inLanguage\":\"fr-FR\"},{\"@type\":\"Organization\",\"@id\":\"https:\\\/\\\/telemme.mmsh.fr\\\/#organization\",\"name\":\"TELEMMe\",\"url\":\"https:\\\/\\\/telemme.mmsh.fr\\\/\",\"logo\":{\"@type\":\"ImageObject\",\"inLanguage\":\"fr-FR\",\"@id\":\"https:\\\/\\\/telemme.mmsh.fr\\\/#\\\/schema\\\/logo\\\/image\\\/\",\"url\":\"https:\\\/\\\/telemme.mmsh.fr\\\/wp-content\\\/uploads\\\/2020\\\/03\\\/LogoTELEMMe-horizontal-fond-transparent.png\",\"contentUrl\":\"https:\\\/\\\/telemme.mmsh.fr\\\/wp-content\\\/uploads\\\/2020\\\/03\\\/LogoTELEMMe-horizontal-fond-transparent.png\",\"width\":1500,\"height\":437,\"caption\":\"TELEMMe\"},\"image\":{\"@id\":\"https:\\\/\\\/telemme.mmsh.fr\\\/#\\\/schema\\\/logo\\\/image\\\/\"}},{\"@type\":\"Person\",\"@id\":\"https:\\\/\\\/telemme.mmsh.fr\\\/#\\\/schema\\\/person\\\/86a185da4836381586528ced48e263f5\",\"name\":\"Delphine Cavallo\",\"url\":\"https:\\\/\\\/telemme.mmsh.fr\\\/?author=6\"}]}<\/script>\n<!-- \/ Yoast SEO plugin. -->","yoast_head_json":{"title":"Fos \/ \u00e9tang de Berre. 200 ans d\u2019histoire industrielle et environnementale - TELEMMe - Temps, espaces, langages, Europe m\u00e9ridionale, M\u00e9diterran\u00e9e","robots":{"index":"index","follow":"follow","max-snippet":"max-snippet:-1","max-image-preview":"max-image-preview:large","max-video-preview":"max-video-preview:-1"},"canonical":"https:\/\/telemme.mmsh.fr\/?p=2364","og_locale":"fr_FR","og_type":"article","og_title":"Fos \/ \u00e9tang de Berre. 200 ans d\u2019histoire industrielle et environnementale - TELEMMe - Temps, espaces, langages, Europe m\u00e9ridionale, M\u00e9diterran\u00e9e","og_description":"Nous connaissons Fos, port de Marseille, une des plus grandes zones industrialo-portuaires d\u2019Europe, construite au tournant des ann\u00e9es 1970. Mais nous ignorons souvent que cette zone s\u2019est implant\u00e9e sur un territoire d\u00e9j\u00e0 riche d\u2019une longue histoire industrielle et environnementale.","og_url":"https:\/\/telemme.mmsh.fr\/?p=2364","og_site_name":"TELEMMe - Temps, espaces, langages, Europe m\u00e9ridionale, M\u00e9diterran\u00e9e","article_published_time":"2020-12-17T09:58:08+00:00","article_modified_time":"2021-06-28T12:26:27+00:00","og_image":[{"width":2000,"height":1200,"url":"https:\/\/telemme.mmsh.fr\/wp-content\/uploads\/2020\/12\/fos200ans-2000x1200-1.jpg","type":"image\/jpeg"}],"author":"Delphine Cavallo","twitter_card":"summary_large_image","twitter_misc":{"\u00c9crit par":"Delphine Cavallo","Dur\u00e9e de lecture estim\u00e9e":"2 minutes"},"schema":{"@context":"https:\/\/schema.org","@graph":[{"@type":"Article","@id":"https:\/\/telemme.mmsh.fr\/?p=2364#article","isPartOf":{"@id":"https:\/\/telemme.mmsh.fr\/?p=2364"},"author":{"name":"Delphine Cavallo","@id":"https:\/\/telemme.mmsh.fr\/#\/schema\/person\/86a185da4836381586528ced48e263f5"},"headline":"Fos \/ \u00e9tang de Berre. 200 ans d\u2019histoire industrielle et environnementale","datePublished":"2020-12-17T09:58:08+00:00","dateModified":"2021-06-28T12:26:27+00:00","mainEntityOfPage":{"@id":"https:\/\/telemme.mmsh.fr\/?p=2364"},"wordCount":546,"publisher":{"@id":"https:\/\/telemme.mmsh.fr\/#organization"},"image":{"@id":"https:\/\/telemme.mmsh.fr\/?p=2364#primaryimage"},"thumbnailUrl":"https:\/\/telemme.mmsh.fr\/wp-content\/uploads\/2020\/12\/fos200ans-2000x1200-1.jpg","articleSection":["Webdocumentaires"],"inLanguage":"fr-FR"},{"@type":"WebPage","@id":"https:\/\/telemme.mmsh.fr\/?p=2364","url":"https:\/\/telemme.mmsh.fr\/?p=2364","name":"Fos \/ \u00e9tang de Berre. 200 ans d\u2019histoire industrielle et environnementale - TELEMMe - Temps, espaces, langages, Europe m\u00e9ridionale, M\u00e9diterran\u00e9e","isPartOf":{"@id":"https:\/\/telemme.mmsh.fr\/#website"},"primaryImageOfPage":{"@id":"https:\/\/telemme.mmsh.fr\/?p=2364#primaryimage"},"image":{"@id":"https:\/\/telemme.mmsh.fr\/?p=2364#primaryimage"},"thumbnailUrl":"https:\/\/telemme.mmsh.fr\/wp-content\/uploads\/2020\/12\/fos200ans-2000x1200-1.jpg","datePublished":"2020-12-17T09:58:08+00:00","dateModified":"2021-06-28T12:26:27+00:00","breadcrumb":{"@id":"https:\/\/telemme.mmsh.fr\/?p=2364#breadcrumb"},"inLanguage":"fr-FR","potentialAction":[{"@type":"ReadAction","target":["https:\/\/telemme.mmsh.fr\/?p=2364"]}]},{"@type":"ImageObject","inLanguage":"fr-FR","@id":"https:\/\/telemme.mmsh.fr\/?p=2364#primaryimage","url":"https:\/\/telemme.mmsh.fr\/wp-content\/uploads\/2020\/12\/fos200ans-2000x1200-1.jpg","contentUrl":"https:\/\/telemme.mmsh.fr\/wp-content\/uploads\/2020\/12\/fos200ans-2000x1200-1.jpg","width":2000,"height":1200,"caption":"Webdocumentaire Fos \/ \u00e9tang de Berre"},{"@type":"BreadcrumbList","@id":"https:\/\/telemme.mmsh.fr\/?p=2364#breadcrumb","itemListElement":[{"@type":"ListItem","position":1,"name":"Accueil","item":"https:\/\/telemme.mmsh.fr\/"},{"@type":"ListItem","position":2,"name":"M\u00e9diation et diffusion","item":"https:\/\/telemme.mmsh.fr\/?cat=1736"},{"@type":"ListItem","position":3,"name":"Webdocumentaires","item":"https:\/\/telemme.mmsh.fr\/?cat=1732"},{"@type":"ListItem","position":4,"name":"Fos \/ \u00e9tang de Berre. 200 ans d\u2019histoire industrielle et environnementale"}]},{"@type":"WebSite","@id":"https:\/\/telemme.mmsh.fr\/#website","url":"https:\/\/telemme.mmsh.fr\/","name":"TELEMMe - Temps, espaces, langages, Europe m\u00e9ridionale, M\u00e9diterran\u00e9e","description":"","publisher":{"@id":"https:\/\/telemme.mmsh.fr\/#organization"},"potentialAction":[{"@type":"SearchAction","target":{"@type":"EntryPoint","urlTemplate":"https:\/\/telemme.mmsh.fr\/?s={search_term_string}"},"query-input":{"@type":"PropertyValueSpecification","valueRequired":true,"valueName":"search_term_string"}}],"inLanguage":"fr-FR"},{"@type":"Organization","@id":"https:\/\/telemme.mmsh.fr\/#organization","name":"TELEMMe","url":"https:\/\/telemme.mmsh.fr\/","logo":{"@type":"ImageObject","inLanguage":"fr-FR","@id":"https:\/\/telemme.mmsh.fr\/#\/schema\/logo\/image\/","url":"https:\/\/telemme.mmsh.fr\/wp-content\/uploads\/2020\/03\/LogoTELEMMe-horizontal-fond-transparent.png","contentUrl":"https:\/\/telemme.mmsh.fr\/wp-content\/uploads\/2020\/03\/LogoTELEMMe-horizontal-fond-transparent.png","width":1500,"height":437,"caption":"TELEMMe"},"image":{"@id":"https:\/\/telemme.mmsh.fr\/#\/schema\/logo\/image\/"}},{"@type":"Person","@id":"https:\/\/telemme.mmsh.fr\/#\/schema\/person\/86a185da4836381586528ced48e263f5","name":"Delphine Cavallo","url":"https:\/\/telemme.mmsh.fr\/?author=6"}]}},"_links":{"self":[{"href":"https:\/\/telemme.mmsh.fr\/index.php?rest_route=\/wp\/v2\/posts\/2364","targetHints":{"allow":["GET"]}}],"collection":[{"href":"https:\/\/telemme.mmsh.fr\/index.php?rest_route=\/wp\/v2\/posts"}],"about":[{"href":"https:\/\/telemme.mmsh.fr\/index.php?rest_route=\/wp\/v2\/types\/post"}],"author":[{"embeddable":true,"href":"https:\/\/telemme.mmsh.fr\/index.php?rest_route=\/wp\/v2\/users\/6"}],"replies":[{"embeddable":true,"href":"https:\/\/telemme.mmsh.fr\/index.php?rest_route=%2Fwp%2Fv2%2Fcomments&post=2364"}],"version-history":[{"count":2,"href":"https:\/\/telemme.mmsh.fr\/index.php?rest_route=\/wp\/v2\/posts\/2364\/revisions"}],"predecessor-version":[{"id":8572,"href":"https:\/\/telemme.mmsh.fr\/index.php?rest_route=\/wp\/v2\/posts\/2364\/revisions\/8572"}],"wp:featuredmedia":[{"embeddable":true,"href":"https:\/\/telemme.mmsh.fr\/index.php?rest_route=\/wp\/v2\/media\/2365"}],"wp:attachment":[{"href":"https:\/\/telemme.mmsh.fr\/index.php?rest_route=%2Fwp%2Fv2%2Fmedia&parent=2364"}],"wp:term":[{"taxonomy":"category","embeddable":true,"href":"https:\/\/telemme.mmsh.fr\/index.php?rest_route=%2Fwp%2Fv2%2Fcategories&post=2364"},{"taxonomy":"post_tag","embeddable":true,"href":"https:\/\/telemme.mmsh.fr\/index.php?rest_route=%2Fwp%2Fv2%2Ftags&post=2364"}],"curies":[{"name":"wp","href":"https:\/\/api.w.org\/{rel}","templated":true}]}}