{"id":2360,"date":"2020-10-22T10:47:00","date_gmt":"2020-10-22T08:47:00","guid":{"rendered":"http:\/\/telemme.mmsh.fr\/?p=2360"},"modified":"2021-03-30T19:27:59","modified_gmt":"2021-03-30T17:27:59","slug":"rue-dalger","status":"publish","type":"post","link":"https:\/\/telemme.mmsh.fr\/?p=2360","title":{"rendered":"Rue d&rsquo;Alger"},"content":{"rendered":"\n<p>Manifesta 13 Marseille &#8211; Les Parall\u00e8les du Sud<\/p>\n\n\n\n<p>Institut culturel italien de Marseille | 6, rue Fernand Pauriol, 13005 Marseille<\/p>\n\n\n\n<p>Du 29 octobre au 21 d\u00e9cembre 2020<\/p>\n\n\n\n<p>Du lundi au vendredi | 9h &#8211; 12h30 et 14h &#8211; 17h30<\/p>\n\n\n\n<p>Weekends des 31 octobre-1er novembre et 5-6 d\u00e9cembre | 11h &#8211; 19h<\/p>\n\n\n\n<p>Alessandra FERRINI, Nina FISCHER &amp; Maroan EL SANI, Emma GROSBOIS &amp; Agathe ROSA, Amina MENIA, Mohammed LAOULI, Muna MUSSIE et une section consacr\u00e9e aux archives de l\u2019ex&nbsp;<em>Casa d\u2019Italia<\/em>&nbsp;(Alessandro GALLICCHIO, St\u00e9phane MOURLANE et Caroline PANE)<\/p>\n\n\n\n<p>Rue d\u2019Alger propose d\u2019aborder plusieurs \u00e9l\u00e9ments urbains marseillais renvoyant aux histoires coloniales, \u00e0 partir du croisement des perspectives artistiques et de la recherche acad\u00e9mique. Le projet investit l\u2019Institut culturel italien (ex Casa d\u2019Italia), exemple embl\u00e9matique de l\u2019architecture fasciste sur le sol fran\u00e7ais, en ouvrant les portes d\u2019un lieu \u00ab dissonant \u00bb, et en r\u00e9v\u00e9lant les archives. Si Rue d\u2019Alger questionne la propagande du r\u00eave expansionniste mussolinien, il ne se limite pas \u00e0 l\u2019\u00e9laboration d\u2019un discours uniquement centr\u00e9 sur l\u2019Italie. Le positionnement de l\u2019Institut culturel italien au c\u0153ur de la rue d\u2019Alger, invite en effet \u00e0 \u00e9largir le propos aux h\u00e9ritages des relations asym\u00e9triques que la France a construit avec l\u2019Afrique du Nord. L\u2019exposition Rue d\u2019Alger propose pour cela un dispositif polyphonique dans lequel les artistes et les chercheurs abordent, \u00e0 partir de diff\u00e9rentes activit\u00e9s (performances, tables rondes, s\u00e9minaires, etc\u2026), les \u00ab fant\u00f4mes \u00bb du pass\u00e9 colonial en revenant sur la construction de l\u2019espace partag\u00e9 et circulatoire que pourrait dessiner la M\u00e9diterran\u00e9e d\u2019aujourd\u2019hui.<\/p>\n\n\n\n<p><strong>WEEK-END D\u2019OUVERTURE DE L\u2019EXPOSITION<\/strong><\/p>\n\n\n\n<p>Jeudi 29 octobre 2020 | 15h-20h<\/p>\n\n\n\n<p>Vendredi 30, samedi 31 octobre et dimanche 1er novembre 2020 | 11h-18h<\/p>\n\n\n\n<p>&gt; Par groupes de 10 personnes avec application des consignes sanitaires &lt;<\/p>\n\n\n\n<p><strong>COMMISSARIAT&nbsp;<\/strong>: Alessandro GALLICCHIO, avec Pierre SINT\u00c8S, Marine SCH\u00dcTZ et Simone FRANGI, assist\u00e9s de L\u00e9a BATTAIS<\/p>\n\n\n\n<p>Rue d\u2019Alger est un projet TELEMMe (AMU-CNRS) organis\u00e9 en partenariat avec l\u2019Institut culturel italien de Marseille<\/p>\n\n\n\n<p><strong>RENCONTRES &amp; D\u00c9BATS<\/strong><\/p>\n\n\n\n<p>6 novembre | Autour des patrimoines postcoloniaux et minoritaires<\/p>\n\n\n\n<p>27 novembre | M\u00e9moire-s en question<\/p>\n\n\n\n<p>4 d\u00e9cembre | Grands \u00e9v\u00e9nements culturels et biennales<\/p>\n\n\n\n<p>18 d\u00e9cembre | L\u2019art pour comprendre la soci\u00e9t\u00e9<\/p>\n\n\n\n<p>&gt; 30 personnes maximum &lt;<\/p>\n\n\n\n<p>Sur r\u00e9servation :&nbsp;<a href=\"mailto:iicmarsiglia@esteri.it\" target=\"_blank\" rel=\"noreferrer noopener\">iicmarsiglia@esteri.it<\/a><\/p>\n\n\n\n<p><strong>Partenaires<\/strong>&nbsp;: AMU, MMSH, CNRS, Institut SoMuM, Banque Monte dei Paschi di Siena, ECHOES, Ancrages et FRAC Provence-Alpes-C\u00f4te d\u2019Azur<\/p>\n\n\n\n<p><a href=\"https:\/\/www.facebook.com\/RueDAlger\/\">https:\/\/www.facebook.com\/RueDAlger\/<\/a><\/p>\n\n\n\n<figure class=\"wp-block-embed is-type-wp-embed is-provider-manifesta-13-marseille wp-block-embed-manifesta-13-marseille\"><div class=\"wp-block-embed__wrapper\">\n<blockquote class=\"wp-embedded-content\" data-secret=\"68mpwi5XOk\"><a href=\"https:\/\/manifesta13.org\/projects\/rue-dalger\/\">Rue d&#8217;Alger<\/a><\/blockquote><iframe loading=\"lazy\" class=\"wp-embedded-content\" sandbox=\"allow-scripts\" security=\"restricted\" style=\"position: absolute; clip: rect(1px, 1px, 1px, 1px);\" title=\"&#8220;Rue d&#8217;Alger&#8221; &#8212; Manifesta 13 Marseille\" src=\"https:\/\/manifesta13.org\/projects\/rue-dalger\/embed\/#?secret=68mpwi5XOk\" data-secret=\"68mpwi5XOk\" width=\"600\" height=\"338\" frameborder=\"0\" marginwidth=\"0\" marginheight=\"0\" scrolling=\"no\"><\/iframe>\n<\/div><\/figure>\n\n\n\n<figure class=\"wp-block-embed is-type-video is-provider-youtube wp-block-embed-youtube wp-embed-aspect-4-3 wp-has-aspect-ratio\"><div class=\"wp-block-embed__wrapper\">\n<div class=\"nv-iframe-embed\"><iframe loading=\"lazy\" title=\"Webinaire Rue d&#039;Alger n\u00b02 - Grands \u00e9v\u00e9nements culturels et biennales - Panel n\u00b02\" width=\"1200\" height=\"900\" src=\"https:\/\/www.youtube.com\/embed\/Mj3QB3Ri4QM?feature=oembed\" frameborder=\"0\" allow=\"accelerometer; autoplay; clipboard-write; encrypted-media; gyroscope; picture-in-picture\" allowfullscreen><\/iframe><\/div>\n<\/div><\/figure>\n","protected":false},"excerpt":{"rendered":"<p>Rue d\u2019Alger propose d\u2019aborder plusieurs \u00e9l\u00e9ments urbains marseillais renvoyant aux histoires coloniales, \u00e0 partir du croisement des perspectives artistiques et de la recherche acad\u00e9mique.<\/p>\n","protected":false},"author":6,"featured_media":2361,"comment_status":"closed","ping_status":"closed","sticky":false,"template":"","format":"standard","meta":{"neve_meta_sidebar":"","neve_meta_container":"","neve_meta_enable_content_width":"","neve_meta_content_width":0,"neve_meta_title_alignment":"","neve_meta_author_avatar":"","neve_post_elements_order":"","neve_meta_disable_header":"","neve_meta_disable_footer":"","neve_meta_disable_title":"","_tribe_events_control_status":"","_tribe_events_control_status_canceled_reason":"","_tribe_events_control_status_postponed_reason":"","_tribe_events_control_online":"","_tribe_events_control_online_url":"","footnotes":""},"categories":[1730],"tags":[],"class_list":["post-2360","post","type-post","status-publish","format-standard","has-post-thumbnail","hentry","category-expositions"],"yoast_head":"<!-- This site is optimized with the Yoast SEO plugin v27.4 - https:\/\/yoast.com\/product\/yoast-seo-wordpress\/ -->\n<title>Rue d&#039;Alger - TELEMMe - Temps, espaces, langages, Europe m\u00e9ridionale, M\u00e9diterran\u00e9e<\/title>\n<meta name=\"robots\" content=\"index, follow, max-snippet:-1, max-image-preview:large, max-video-preview:-1\" \/>\n<link rel=\"canonical\" href=\"https:\/\/telemme.mmsh.fr\/?p=2360\" \/>\n<meta property=\"og:locale\" content=\"fr_FR\" \/>\n<meta property=\"og:type\" content=\"article\" \/>\n<meta property=\"og:title\" content=\"Rue d&#039;Alger - TELEMMe - Temps, espaces, langages, Europe m\u00e9ridionale, M\u00e9diterran\u00e9e\" \/>\n<meta property=\"og:description\" content=\"Rue d\u2019Alger propose d\u2019aborder plusieurs \u00e9l\u00e9ments urbains marseillais renvoyant aux histoires coloniales, \u00e0 partir du croisement des perspectives artistiques et de la recherche acad\u00e9mique.\" \/>\n<meta property=\"og:url\" content=\"https:\/\/telemme.mmsh.fr\/?p=2360\" \/>\n<meta property=\"og:site_name\" content=\"TELEMMe - Temps, espaces, langages, Europe m\u00e9ridionale, M\u00e9diterran\u00e9e\" \/>\n<meta property=\"article:published_time\" content=\"2020-10-22T08:47:00+00:00\" \/>\n<meta property=\"article:modified_time\" content=\"2021-03-30T17:27:59+00:00\" \/>\n<meta property=\"og:image\" content=\"https:\/\/telemme.mmsh.fr\/wp-content\/uploads\/2020\/12\/RuedAlger-Flyer-presentation-v4-light_Page_1.jpg\" \/>\n\t<meta property=\"og:image:width\" content=\"886\" \/>\n\t<meta property=\"og:image:height\" content=\"1252\" \/>\n\t<meta property=\"og:image:type\" content=\"image\/jpeg\" \/>\n<meta name=\"author\" content=\"Delphine Cavallo\" \/>\n<meta name=\"twitter:card\" content=\"summary_large_image\" \/>\n<meta name=\"twitter:label1\" content=\"\u00c9crit par\" \/>\n\t<meta name=\"twitter:data1\" content=\"Delphine Cavallo\" \/>\n\t<meta name=\"twitter:label2\" content=\"Dur\u00e9e de lecture estim\u00e9e\" \/>\n\t<meta name=\"twitter:data2\" content=\"2 minutes\" \/>\n<script type=\"application\/ld+json\" class=\"yoast-schema-graph\">{\"@context\":\"https:\\\/\\\/schema.org\",\"@graph\":[{\"@type\":\"Article\",\"@id\":\"https:\\\/\\\/telemme.mmsh.fr\\\/?p=2360#article\",\"isPartOf\":{\"@id\":\"https:\\\/\\\/telemme.mmsh.fr\\\/?p=2360\"},\"author\":{\"name\":\"Delphine Cavallo\",\"@id\":\"https:\\\/\\\/telemme.mmsh.fr\\\/#\\\/schema\\\/person\\\/86a185da4836381586528ced48e263f5\"},\"headline\":\"Rue d&rsquo;Alger\",\"datePublished\":\"2020-10-22T08:47:00+00:00\",\"dateModified\":\"2021-03-30T17:27:59+00:00\",\"mainEntityOfPage\":{\"@id\":\"https:\\\/\\\/telemme.mmsh.fr\\\/?p=2360\"},\"wordCount\":428,\"publisher\":{\"@id\":\"https:\\\/\\\/telemme.mmsh.fr\\\/#organization\"},\"image\":{\"@id\":\"https:\\\/\\\/telemme.mmsh.fr\\\/?p=2360#primaryimage\"},\"thumbnailUrl\":\"https:\\\/\\\/telemme.mmsh.fr\\\/wp-content\\\/uploads\\\/2020\\\/12\\\/RuedAlger-Flyer-presentation-v4-light_Page_1.jpg\",\"articleSection\":[\"Expositions\"],\"inLanguage\":\"fr-FR\"},{\"@type\":\"WebPage\",\"@id\":\"https:\\\/\\\/telemme.mmsh.fr\\\/?p=2360\",\"url\":\"https:\\\/\\\/telemme.mmsh.fr\\\/?p=2360\",\"name\":\"Rue d'Alger - TELEMMe - Temps, espaces, langages, Europe m\u00e9ridionale, M\u00e9diterran\u00e9e\",\"isPartOf\":{\"@id\":\"https:\\\/\\\/telemme.mmsh.fr\\\/#website\"},\"primaryImageOfPage\":{\"@id\":\"https:\\\/\\\/telemme.mmsh.fr\\\/?p=2360#primaryimage\"},\"image\":{\"@id\":\"https:\\\/\\\/telemme.mmsh.fr\\\/?p=2360#primaryimage\"},\"thumbnailUrl\":\"https:\\\/\\\/telemme.mmsh.fr\\\/wp-content\\\/uploads\\\/2020\\\/12\\\/RuedAlger-Flyer-presentation-v4-light_Page_1.jpg\",\"datePublished\":\"2020-10-22T08:47:00+00:00\",\"dateModified\":\"2021-03-30T17:27:59+00:00\",\"breadcrumb\":{\"@id\":\"https:\\\/\\\/telemme.mmsh.fr\\\/?p=2360#breadcrumb\"},\"inLanguage\":\"fr-FR\",\"potentialAction\":[{\"@type\":\"ReadAction\",\"target\":[\"https:\\\/\\\/telemme.mmsh.fr\\\/?p=2360\"]}]},{\"@type\":\"ImageObject\",\"inLanguage\":\"fr-FR\",\"@id\":\"https:\\\/\\\/telemme.mmsh.fr\\\/?p=2360#primaryimage\",\"url\":\"https:\\\/\\\/telemme.mmsh.fr\\\/wp-content\\\/uploads\\\/2020\\\/12\\\/RuedAlger-Flyer-presentation-v4-light_Page_1.jpg\",\"contentUrl\":\"https:\\\/\\\/telemme.mmsh.fr\\\/wp-content\\\/uploads\\\/2020\\\/12\\\/RuedAlger-Flyer-presentation-v4-light_Page_1.jpg\",\"width\":886,\"height\":1252,\"caption\":\"Affiche de Rue d'Alger\"},{\"@type\":\"BreadcrumbList\",\"@id\":\"https:\\\/\\\/telemme.mmsh.fr\\\/?p=2360#breadcrumb\",\"itemListElement\":[{\"@type\":\"ListItem\",\"position\":1,\"name\":\"Accueil\",\"item\":\"https:\\\/\\\/telemme.mmsh.fr\\\/\"},{\"@type\":\"ListItem\",\"position\":2,\"name\":\"M\u00e9diation et diffusion\",\"item\":\"https:\\\/\\\/telemme.mmsh.fr\\\/?cat=1736\"},{\"@type\":\"ListItem\",\"position\":3,\"name\":\"Expositions\",\"item\":\"https:\\\/\\\/telemme.mmsh.fr\\\/?cat=1730\"},{\"@type\":\"ListItem\",\"position\":4,\"name\":\"Rue d&rsquo;Alger\"}]},{\"@type\":\"WebSite\",\"@id\":\"https:\\\/\\\/telemme.mmsh.fr\\\/#website\",\"url\":\"https:\\\/\\\/telemme.mmsh.fr\\\/\",\"name\":\"TELEMMe - Temps, espaces, langages, Europe m\u00e9ridionale, M\u00e9diterran\u00e9e\",\"description\":\"\",\"publisher\":{\"@id\":\"https:\\\/\\\/telemme.mmsh.fr\\\/#organization\"},\"potentialAction\":[{\"@type\":\"SearchAction\",\"target\":{\"@type\":\"EntryPoint\",\"urlTemplate\":\"https:\\\/\\\/telemme.mmsh.fr\\\/?s={search_term_string}\"},\"query-input\":{\"@type\":\"PropertyValueSpecification\",\"valueRequired\":true,\"valueName\":\"search_term_string\"}}],\"inLanguage\":\"fr-FR\"},{\"@type\":\"Organization\",\"@id\":\"https:\\\/\\\/telemme.mmsh.fr\\\/#organization\",\"name\":\"TELEMMe\",\"url\":\"https:\\\/\\\/telemme.mmsh.fr\\\/\",\"logo\":{\"@type\":\"ImageObject\",\"inLanguage\":\"fr-FR\",\"@id\":\"https:\\\/\\\/telemme.mmsh.fr\\\/#\\\/schema\\\/logo\\\/image\\\/\",\"url\":\"https:\\\/\\\/telemme.mmsh.fr\\\/wp-content\\\/uploads\\\/2020\\\/03\\\/LogoTELEMMe-horizontal-fond-transparent.png\",\"contentUrl\":\"https:\\\/\\\/telemme.mmsh.fr\\\/wp-content\\\/uploads\\\/2020\\\/03\\\/LogoTELEMMe-horizontal-fond-transparent.png\",\"width\":1500,\"height\":437,\"caption\":\"TELEMMe\"},\"image\":{\"@id\":\"https:\\\/\\\/telemme.mmsh.fr\\\/#\\\/schema\\\/logo\\\/image\\\/\"}},{\"@type\":\"Person\",\"@id\":\"https:\\\/\\\/telemme.mmsh.fr\\\/#\\\/schema\\\/person\\\/86a185da4836381586528ced48e263f5\",\"name\":\"Delphine Cavallo\",\"url\":\"https:\\\/\\\/telemme.mmsh.fr\\\/?author=6\"}]}<\/script>\n<!-- \/ Yoast SEO plugin. -->","yoast_head_json":{"title":"Rue d'Alger - TELEMMe - Temps, espaces, langages, Europe m\u00e9ridionale, M\u00e9diterran\u00e9e","robots":{"index":"index","follow":"follow","max-snippet":"max-snippet:-1","max-image-preview":"max-image-preview:large","max-video-preview":"max-video-preview:-1"},"canonical":"https:\/\/telemme.mmsh.fr\/?p=2360","og_locale":"fr_FR","og_type":"article","og_title":"Rue d'Alger - TELEMMe - Temps, espaces, langages, Europe m\u00e9ridionale, M\u00e9diterran\u00e9e","og_description":"Rue d\u2019Alger propose d\u2019aborder plusieurs \u00e9l\u00e9ments urbains marseillais renvoyant aux histoires coloniales, \u00e0 partir du croisement des perspectives artistiques et de la recherche acad\u00e9mique.","og_url":"https:\/\/telemme.mmsh.fr\/?p=2360","og_site_name":"TELEMMe - Temps, espaces, langages, Europe m\u00e9ridionale, M\u00e9diterran\u00e9e","article_published_time":"2020-10-22T08:47:00+00:00","article_modified_time":"2021-03-30T17:27:59+00:00","og_image":[{"width":886,"height":1252,"url":"https:\/\/telemme.mmsh.fr\/wp-content\/uploads\/2020\/12\/RuedAlger-Flyer-presentation-v4-light_Page_1.jpg","type":"image\/jpeg"}],"author":"Delphine Cavallo","twitter_card":"summary_large_image","twitter_misc":{"\u00c9crit par":"Delphine Cavallo","Dur\u00e9e de lecture estim\u00e9e":"2 minutes"},"schema":{"@context":"https:\/\/schema.org","@graph":[{"@type":"Article","@id":"https:\/\/telemme.mmsh.fr\/?p=2360#article","isPartOf":{"@id":"https:\/\/telemme.mmsh.fr\/?p=2360"},"author":{"name":"Delphine Cavallo","@id":"https:\/\/telemme.mmsh.fr\/#\/schema\/person\/86a185da4836381586528ced48e263f5"},"headline":"Rue d&rsquo;Alger","datePublished":"2020-10-22T08:47:00+00:00","dateModified":"2021-03-30T17:27:59+00:00","mainEntityOfPage":{"@id":"https:\/\/telemme.mmsh.fr\/?p=2360"},"wordCount":428,"publisher":{"@id":"https:\/\/telemme.mmsh.fr\/#organization"},"image":{"@id":"https:\/\/telemme.mmsh.fr\/?p=2360#primaryimage"},"thumbnailUrl":"https:\/\/telemme.mmsh.fr\/wp-content\/uploads\/2020\/12\/RuedAlger-Flyer-presentation-v4-light_Page_1.jpg","articleSection":["Expositions"],"inLanguage":"fr-FR"},{"@type":"WebPage","@id":"https:\/\/telemme.mmsh.fr\/?p=2360","url":"https:\/\/telemme.mmsh.fr\/?p=2360","name":"Rue d'Alger - TELEMMe - Temps, espaces, langages, Europe m\u00e9ridionale, M\u00e9diterran\u00e9e","isPartOf":{"@id":"https:\/\/telemme.mmsh.fr\/#website"},"primaryImageOfPage":{"@id":"https:\/\/telemme.mmsh.fr\/?p=2360#primaryimage"},"image":{"@id":"https:\/\/telemme.mmsh.fr\/?p=2360#primaryimage"},"thumbnailUrl":"https:\/\/telemme.mmsh.fr\/wp-content\/uploads\/2020\/12\/RuedAlger-Flyer-presentation-v4-light_Page_1.jpg","datePublished":"2020-10-22T08:47:00+00:00","dateModified":"2021-03-30T17:27:59+00:00","breadcrumb":{"@id":"https:\/\/telemme.mmsh.fr\/?p=2360#breadcrumb"},"inLanguage":"fr-FR","potentialAction":[{"@type":"ReadAction","target":["https:\/\/telemme.mmsh.fr\/?p=2360"]}]},{"@type":"ImageObject","inLanguage":"fr-FR","@id":"https:\/\/telemme.mmsh.fr\/?p=2360#primaryimage","url":"https:\/\/telemme.mmsh.fr\/wp-content\/uploads\/2020\/12\/RuedAlger-Flyer-presentation-v4-light_Page_1.jpg","contentUrl":"https:\/\/telemme.mmsh.fr\/wp-content\/uploads\/2020\/12\/RuedAlger-Flyer-presentation-v4-light_Page_1.jpg","width":886,"height":1252,"caption":"Affiche de Rue d'Alger"},{"@type":"BreadcrumbList","@id":"https:\/\/telemme.mmsh.fr\/?p=2360#breadcrumb","itemListElement":[{"@type":"ListItem","position":1,"name":"Accueil","item":"https:\/\/telemme.mmsh.fr\/"},{"@type":"ListItem","position":2,"name":"M\u00e9diation et diffusion","item":"https:\/\/telemme.mmsh.fr\/?cat=1736"},{"@type":"ListItem","position":3,"name":"Expositions","item":"https:\/\/telemme.mmsh.fr\/?cat=1730"},{"@type":"ListItem","position":4,"name":"Rue d&rsquo;Alger"}]},{"@type":"WebSite","@id":"https:\/\/telemme.mmsh.fr\/#website","url":"https:\/\/telemme.mmsh.fr\/","name":"TELEMMe - Temps, espaces, langages, Europe m\u00e9ridionale, M\u00e9diterran\u00e9e","description":"","publisher":{"@id":"https:\/\/telemme.mmsh.fr\/#organization"},"potentialAction":[{"@type":"SearchAction","target":{"@type":"EntryPoint","urlTemplate":"https:\/\/telemme.mmsh.fr\/?s={search_term_string}"},"query-input":{"@type":"PropertyValueSpecification","valueRequired":true,"valueName":"search_term_string"}}],"inLanguage":"fr-FR"},{"@type":"Organization","@id":"https:\/\/telemme.mmsh.fr\/#organization","name":"TELEMMe","url":"https:\/\/telemme.mmsh.fr\/","logo":{"@type":"ImageObject","inLanguage":"fr-FR","@id":"https:\/\/telemme.mmsh.fr\/#\/schema\/logo\/image\/","url":"https:\/\/telemme.mmsh.fr\/wp-content\/uploads\/2020\/03\/LogoTELEMMe-horizontal-fond-transparent.png","contentUrl":"https:\/\/telemme.mmsh.fr\/wp-content\/uploads\/2020\/03\/LogoTELEMMe-horizontal-fond-transparent.png","width":1500,"height":437,"caption":"TELEMMe"},"image":{"@id":"https:\/\/telemme.mmsh.fr\/#\/schema\/logo\/image\/"}},{"@type":"Person","@id":"https:\/\/telemme.mmsh.fr\/#\/schema\/person\/86a185da4836381586528ced48e263f5","name":"Delphine Cavallo","url":"https:\/\/telemme.mmsh.fr\/?author=6"}]}},"_links":{"self":[{"href":"https:\/\/telemme.mmsh.fr\/index.php?rest_route=\/wp\/v2\/posts\/2360","targetHints":{"allow":["GET"]}}],"collection":[{"href":"https:\/\/telemme.mmsh.fr\/index.php?rest_route=\/wp\/v2\/posts"}],"about":[{"href":"https:\/\/telemme.mmsh.fr\/index.php?rest_route=\/wp\/v2\/types\/post"}],"author":[{"embeddable":true,"href":"https:\/\/telemme.mmsh.fr\/index.php?rest_route=\/wp\/v2\/users\/6"}],"replies":[{"embeddable":true,"href":"https:\/\/telemme.mmsh.fr\/index.php?rest_route=%2Fwp%2Fv2%2Fcomments&post=2360"}],"version-history":[{"count":5,"href":"https:\/\/telemme.mmsh.fr\/index.php?rest_route=\/wp\/v2\/posts\/2360\/revisions"}],"predecessor-version":[{"id":5887,"href":"https:\/\/telemme.mmsh.fr\/index.php?rest_route=\/wp\/v2\/posts\/2360\/revisions\/5887"}],"wp:featuredmedia":[{"embeddable":true,"href":"https:\/\/telemme.mmsh.fr\/index.php?rest_route=\/wp\/v2\/media\/2361"}],"wp:attachment":[{"href":"https:\/\/telemme.mmsh.fr\/index.php?rest_route=%2Fwp%2Fv2%2Fmedia&parent=2360"}],"wp:term":[{"taxonomy":"category","embeddable":true,"href":"https:\/\/telemme.mmsh.fr\/index.php?rest_route=%2Fwp%2Fv2%2Fcategories&post=2360"},{"taxonomy":"post_tag","embeddable":true,"href":"https:\/\/telemme.mmsh.fr\/index.php?rest_route=%2Fwp%2Fv2%2Ftags&post=2360"}],"curies":[{"name":"wp","href":"https:\/\/api.w.org\/{rel}","templated":true}]}}