{"id":16469,"date":"2026-01-23T09:58:43","date_gmt":"2026-01-23T08:58:43","guid":{"rendered":"https:\/\/telemme.mmsh.fr\/?p=16469"},"modified":"2026-01-26T16:24:32","modified_gmt":"2026-01-26T15:24:32","slug":"aac-les-formes-de-lattachement-territoires-liens-et-sensibilites","status":"publish","type":"post","link":"https:\/\/telemme.mmsh.fr\/?p=16469","title":{"rendered":"[AAC] Les formes de l\u2019attachement : territoires, liens et sensibilit\u00e9s"},"content":{"rendered":"\n<h3 class=\"wp-block-heading\">Journ\u00e9e d\u2019\u00e9tudes des Jeunes chercheur\u00b7euse\u00b7s de l\u2019UMR 7303 TELEMMe<\/h3>\n\n\n\n<p><strong>27 mai 2026, Maison m\u00e9diterran\u00e9enne des sciences humaines et sociales (MMSH), Aix-en-Provence<\/strong><\/p>\n\n\n\n<p>Couramment d\u00e9fini comme un sentiment d\u2019affection, de sympathie ou d\u2019int\u00e9r\u00eat vif liant durablement un individu \u00e0 un \u00eatre, un objet ou un lieu, l\u2019attachement est au c\u0153ur de la r\u00e9flexion de nombreuses disciplines des sciences humaines et sociales. Ce concept appara\u00eet comme une dimension fondamentale des relations sociales, spatiales, politiques et symboliques, structurant les mani\u00e8res d\u2019habiter le monde, de faire soci\u00e9t\u00e9 et de produire du sens.<\/p>\n\n\n\n<p>L\u2019attachement peut \u00eatre appr\u00e9hend\u00e9 comme une relation v\u00e9cue et incarn\u00e9e, inscrite dans des syst\u00e8mes culturels et des pratiques quotidiennes. Les \u00e9tudes scientifiques portent aussi bien sur les liens de parent\u00e9, d\u2019amiti\u00e9[1] ou d\u2019alliance[2] que sur les attachements aux lieux, aux non-humains[3] ou aux entit\u00e9s spirituelles, mettant en \u00e9vidence les dimensions relationnelle et socio-\u00e9cologique de l\u2019existence humaine[4]. De m\u00eame, l\u2019\u00e9tude de la composante temporelle des attachements \u2013 politiques, sociaux ou m\u00e9moriels \u2013 montre comment fid\u00e9lit\u00e9s, appartenances et affects collectifs se transforment selon les contextes institutionnels et les rapports de pouvoir, r\u00e9v\u00e9lant les ambivalences de cet objet[5]. Les \u00e9motions apparaissent ainsi comme des moteurs essentiels des dynamiques historiques[6]. Les liens \u00e9motionnels et cognitifs que les individus d\u00e9veloppent avec les lieux[7] favorisent l\u2019ancrage territorial et la pr\u00e9servation de l\u2019environnement, mais participent \u00e9galement \u00e0 r\u00e9v\u00e9ler des situations conflictuelles[8]. L\u2019\u00e9tude des traces mat\u00e9rielles de l\u2019attachement (habitats, objets, sites fun\u00e9raires, lieux sacr\u00e9s, etc.) t\u00e9moigne de relations durables entre humains, environnements et croyances[9]. Enfin, les attachements peuvent \u00eatre compris comme les fondements de mobilisations collectives, de la l\u00e9gitimit\u00e9 institutionnelle[10] ou comme objets de repr\u00e9sentation, de m\u00e9diation et de patrimonialisation.<\/p>\n\n\n\n<p>Cette journ\u00e9e d\u2019\u00e9tudes se propose ainsi d\u2019interroger les diff\u00e9rentes formes d\u2019attachements en croisant les regards disciplinaires afin de mieux comprendre ce que ces liens produisent dans les soci\u00e9t\u00e9s, les territoires et font aux formes du vivre-ensemble.<\/p>\n\n\n\n<h3 class=\"wp-block-heading\">Axe 1 &#8211; Saisir et mesurer l\u2019attachement : approches m\u00e9thodologiques<\/h3>\n\n\n\n<p>Depuis le d\u00e9but des ann\u00e9es 1990, le tournant affectif (affective turn) qui traverse les sciences sociales et le d\u00e9veloppement des technologies du num\u00e9rique favorisent l\u2019exploration de nouvelles m\u00e9thodologies scientifiques. Ces derni\u00e8res permettent de rendre compte des r\u00e9alit\u00e9s sensibles et de la composante \u00e9motionnelle de la relation des \u00eatres humains avec leur environnement. Ce premier axe se propose de donner la parole aux chercheurs\u00b7euses sur les m\u00e9thodologies mobilis\u00e9es autour de la notion d\u2019attachement, que celle-ci soit entendue comme un objet d\u2019\u00e9tude \u00e0 part enti\u00e8re ou bien comme un prisme par lequel envisager la recherche[11]. Qu\u2019apportent les diff\u00e9rentes m\u00e9thodes utilis\u00e9es pour \u00e9tudier l\u2019attachement (\u00e9chelle de Likert, Syst\u00e8mes d\u2019Informations G\u00e9ographiques participatifs, photovoice, etc.) ? Comment l\u2019\u00e9tude litt\u00e9raire ou mat\u00e9rielle des sources peut-elle nous indiquer des marques d\u2019attachement aux \u00e9poques[12], aux choses, aux personnes, aux identit\u00e9s, aux lieux et aux discours[13] ? Enfin, en quoi les m\u00e9thodes plus exp\u00e9rimentales li\u00e9es \u00e0 l\u2019exploitation de l\u2019affect du\u00b7de la chercheur\u00b7euse peuvent-elles faire \u00e9voluer la recherche[14] ?<\/p>\n\n\n\n<h3 class=\"wp-block-heading\">Axe 2 &#8211; Appr\u00e9hender l\u2019attachement par une perspective relationnelle<\/h3>\n\n\n\n<p>Les formes multiples de l\u2019attachement invitent \u00e0 examiner les dynamiques relationnelles, r\u00e9ticulaires et de sociabilit\u00e9. Cet axe a pour ambition de souligner que le caract\u00e8re prot\u00e9iforme de la notion d\u2019attachement r\u00e9sulte pour partie de la pluralit\u00e9 des relations sociales, de leur nature, de leur temporalit\u00e9 et de leur territorialisation[15]. De fait, comment les \u00e9l\u00e9ments de l\u2019attachement \u2013 comme le langage, la sensibilit\u00e9, les rituels ou encore les espaces v\u00e9cus \u2013 fa\u00e7onnent-ils l\u2019individu, en se trouvant au c\u0153ur de toutes ses relations avec l\u2019humain et le non-humain&nbsp;? Quels sont les r\u00e9seaux et les structures de l\u2019attachement \u2013 communautaires, familiaux, amoureux, amicaux, religieux, politiques \u2013 dans lesquels les individus s\u2019inscrivent ? Quelle est la nature de cet attachement, son intensit\u00e9, sa r\u00e9ciprocit\u00e9 ou encore son caract\u00e8re contraint ou non ?<\/p>\n\n\n\n<h3 class=\"wp-block-heading\">Axe 3 &#8211; &nbsp;L&rsquo;attachement comme construction de l&rsquo;individu et du territoire<\/h3>\n\n\n\n<p>Les exp\u00e9riences de l\u2019attachement s\u2019appr\u00e9hendent enfin sous un axe plus individuel, \u00e9voquant une relation \u00e0 soi. On peut ici penser aux manifestations mat\u00e9rielles et immat\u00e9rielles de l\u2019attachement, \u00e0 des id\u00e9es, des objets ou \u00e0 la Nature. De fait, comment l\u2019attachement \u00e0 un territoire, \u00e0 un lieu, \u00e0 une culture peut-il se lier \u00e0 des constructions identitaires ? Cet attachement peut-il na\u00eetre et cro\u00eetre lors d\u2019une perte, ou de la peur de la disparition d\u2019une identit\u00e9[16] ? Il s\u2019agit aussi ici de concevoir l\u2019attachement comme une preuve d\u2019appartenance ou de non-exclusion. Quels liens les attachements entretiennent-ils d\u00e8s lors avec la m\u00e9moire ou le patrimoine ?<\/p>\n\n\n\n<p>Ces th\u00e9matiques devront \u00eatre abord\u00e9es \u00e0 l\u2019aide d\u2019\u00e9tudes de cas et de travaux empiriques de toutes disciplines de sciences humaines et sociales.<\/p>\n\n\n\n<hr class=\"wp-block-separator has-alpha-channel-opacity\"\/>\n\n\n\n<p>Les propositions des doctorant\u00b7e\u00b7s ou des jeunes docteur\u00b7e\u00b7s devront \u00eatre envoy\u00e9es <strong>avant le 15 mars 2026<\/strong> \u00e0 l\u2019adresse : jjctelemme@gmail.com. Elles comporteront un titre, un r\u00e9sum\u00e9 de la communication projet\u00e9e (500 mots maximum) ainsi qu\u2019une br\u00e8ve pr\u00e9sentation de l\u2019auteur\u00b7ice (nom, situation, unit\u00e9 de rattachement).<\/p>\n\n\n\n<p>La journ\u00e9e d\u2019\u00e9tude se tiendra le 27 mai 2026 \u00e0 la Maison m\u00e9diterran\u00e9enne des sciences humaines et sociales, 5 rue du Ch\u00e2teau de l\u2019Horloge, 13090 Aix-en-Provence. Les frais de transport et d\u2019h\u00e9bergement restent \u00e0 la charge de l\u2019institution de rattachement.<\/p>\n\n\n\n<p><em><strong>Groupe des Jeunes chercheur\u00b7euse\u00b7s TELEMMe 2025-2026 : Boero Rocco, Julien Panaget, Lisa Mille, Tiffany Aubert, Maxime Bernard, Emma Duteil, Mathilde Arnau, Agn\u00e8s Macouin,\u00a0Valentine\u00a0Bessieux, Monique Pernin, Amela Saric.<\/strong><\/em><\/p>\n\n\n\n<hr class=\"wp-block-separator has-alpha-channel-opacity\"\/>\n\n\n\n<p>[1] R\u00e9gine le Jan, <em>Amis ou ennemis ? \u00c9motions, relations, identit\u00e9s au Moyen \u00c2ge<\/em>, Paris, \u00c9ditions du Seuil, 2024.<br>[2] Barbara H. Rosenwein, <em>Emotional Communities in the Early Middle Ages<\/em>, Ithaca, Cornell University Press, 2006.<br>[3] Damien Baldin, <em>Histoire des animaux domestiques, XIXe-XXe si\u00e8cles<\/em>, Paris, Seuil, 2014.<br>[4] Kiandara Rajala, Michael G. Sorice et Val\u00e9rie A. Thomas, \u201cThe meaning(s) of place \u202f: Identifying the structure of sense of place across a social\u2013ecological landscape\u201d, <em>People and Nature<\/em>, Volume 2, n\u00b03,&nbsp; 2020, p.718-733.<br>[5] Daniel Roche, <em>Humeurs vagabondes. De la circulation des hommes et de l&rsquo;utilit\u00e9 des voyages<\/em>, Paris, Fayard, 2003 ; Benedict Anderson, <em>Imagined Communities: Reflections on the Origin and Spread of Nationalism<\/em>, Londres, Verso Books, 1991.<br>[6] Barbara H. Rosenwein, Riccardo Cristiani, <em>What is the History of Emotions?<\/em>, Cambridge, Polity Press, 2018.<br>[7] Lynne C. Manzo, Patrick Devine-Wright, <em>Place Attachment \u202f: Advances in Theory, Methods and Applications<\/em>, Londres, Routledge, 2020.<br>[8] Anne Cadoret, \u201cL\u2019attachement aux lieux dans les conflits li\u00e9s \u00e0 l\u2019environnement sur le littoral \u202f: Une ressource pour leur r\u00e9gulation\u201d, <em>VertigO &#8211; la revue \u00e9lectronique en sciences de l\u2019environnement<\/em>, Volume 17, n\u00b01, 2017.<br>[9] Sophia A. De Beaune, Chapitre V. Aimer, entourer, prot\u00e9ger. <em>Pr\u00e9histoire intime : Vivre dans la peau des Homo sapiens<\/em>, Paris, Gallimard, 2022,&nbsp; p.192-219.<br>[10] Arlette Farge, <em>Le go\u00fbt de l\u2019archive<\/em>, Paris, \u00c9ditions du Seuil, 1984.<br>[11] Jeanne Favret, \u201c\u00catre affect\u00e9\u201d, <em>Gradhiva : revue d&rsquo;histoire et d&rsquo;archives de l&rsquo;anthropologie<\/em>, n\u00b08, 1990. p.3-9.<br>[12] Pierre Nora, <em>Lieux de m\u00e9moire<\/em>, Paris, \u00c9ditions Gallimard, 1984.<br>[13] Philippe Arti\u00e8res, <em>Histoire de l\u2019intime<\/em>, Paris, CNRS \u00c9ditions, 2022.<br>[14] Donna Haraway, \u201cSituated Knowledges : The Science Question in Feminism and the Privilege of Partial Perspective\u201d, <em>Feminist Studies<\/em>, Volume 14, n\u00b0 3, 1988, p.575-599.<br>[15] Laure de Verdalle, B\u00e9atrice von Hirschhausen, \u201cJ\u2019ai toujours voulu (re)voir mon clocher\u201d, <em>G\u00e9ographie et cultures<\/em>, n\u00b0124, 2025.<br>[16] Amin Maalouf, <em>Les identit\u00e9s meurtri\u00e8res<\/em>, Paris, Grasset, 1998 ; Natalia Muchnik, <em>De paroles et de gestes : constructions marranes en terre d&rsquo;Inquisition<\/em>, Paris, Editions de l\u2019EHESS, 2014.<\/p>\n","protected":false},"excerpt":{"rendered":"<p>Journ\u00e9e d\u2019\u00e9tudes des Jeunes chercheur\u00b7euse\u00b7s de l\u2019UMR 7303 TELEMMe 27 mai 2026, Maison m\u00e9diterran\u00e9enne des sciences humaines et sociales (MMSH), Aix-en-Provence Couramment d\u00e9fini comme un sentiment d\u2019affection, de sympathie ou&hellip;&nbsp;<a href=\"https:\/\/telemme.mmsh.fr\/?p=16469\" rel=\"bookmark\">Lire la suite &raquo;<span class=\"screen-reader-text\">[AAC] Les formes de l\u2019attachement : territoires, liens et sensibilit\u00e9s<\/span><\/a><\/p>\n","protected":false},"author":6,"featured_media":16474,"comment_status":"closed","ping_status":"closed","sticky":false,"template":"","format":"standard","meta":{"neve_meta_sidebar":"","neve_meta_container":"","neve_meta_enable_content_width":"off","neve_meta_content_width":70,"neve_meta_title_alignment":"","neve_meta_author_avatar":"","neve_post_elements_order":"","neve_meta_disable_header":"","neve_meta_disable_footer":"","neve_meta_disable_title":"","_tribe_events_control_status":"","_tribe_events_control_status_canceled_reason":"","_tribe_events_control_status_postponed_reason":"","_tribe_events_control_online":"","_tribe_events_control_online_url":"","footnotes":""},"categories":[2026],"tags":[2396],"class_list":["post-16469","post","type-post","status-publish","format-standard","has-post-thumbnail","hentry","category-appels-a-candidature","tag-jeunes-chercheurseuses-telemme"],"yoast_head":"<!-- This site is optimized with the Yoast SEO plugin v27.4 - https:\/\/yoast.com\/product\/yoast-seo-wordpress\/ -->\n<title>[AAC] Les formes de l\u2019attachement : territoires, liens et sensibilit\u00e9s - TELEMMe - Temps, espaces, langages, Europe m\u00e9ridionale, M\u00e9diterran\u00e9e<\/title>\n<meta name=\"description\" content=\"L\u2019attachement, compris comme un lien affectif durable, constitue un objet central des sciences humaines et sociales. Il structure les relations sociales, spatiales, politiques et symboliques, et fa\u00e7onne les mani\u00e8res d\u2019habiter le monde et de faire soci\u00e9t\u00e9. En tant que relation v\u00e9cue et incarn\u00e9e, il s\u2019inscrit dans des pratiques quotidiennes et des cadres culturels vari\u00e9s. Les recherches portent aussi bien sur les liens entre individus que sur les attachements aux lieux, aux non-humains, etc. L\u2019\u00e9tude de leur dimension temporelle met en \u00e9vidence la transformation des appartenances, des fid\u00e9lit\u00e9s et des affects collectifs selon les contextes. Les \u00e9motions apparaissent ainsi comme des moteurs essentiels des dynamiques sociales et historiques. Les attachements aux lieux favorisent l\u2019ancrage territorial et la protection de l\u2019environnement, tout en pouvant r\u00e9v\u00e9ler des conflits. Leurs traces mat\u00e9rielles t\u00e9moignent de relations durables entre humains, espaces et croyances. L\u2019attachement constitue \u00e9galement un fondement des mobilisations collectives et des processus de patrimonialisation.Cette journ\u00e9e d\u2019\u00e9tudes propose une approche interdisciplinaire pour analyser ces formes d\u2019attachement et leur r\u00f4le dans la construction du vivre-ensemble.\" \/>\n<meta name=\"robots\" content=\"index, follow, max-snippet:-1, max-image-preview:large, max-video-preview:-1\" \/>\n<link rel=\"canonical\" href=\"https:\/\/telemme.mmsh.fr\/?p=16469\" \/>\n<meta property=\"og:locale\" content=\"fr_FR\" \/>\n<meta property=\"og:type\" content=\"article\" \/>\n<meta property=\"og:title\" content=\"[AAC] Les formes de l\u2019attachement : territoires, liens et sensibilit\u00e9s - TELEMMe - Temps, espaces, langages, Europe m\u00e9ridionale, M\u00e9diterran\u00e9e\" \/>\n<meta property=\"og:description\" content=\"L\u2019attachement, compris comme un lien affectif durable, constitue un objet central des sciences humaines et sociales. Il structure les relations sociales, spatiales, politiques et symboliques, et fa\u00e7onne les mani\u00e8res d\u2019habiter le monde et de faire soci\u00e9t\u00e9. En tant que relation v\u00e9cue et incarn\u00e9e, il s\u2019inscrit dans des pratiques quotidiennes et des cadres culturels vari\u00e9s. Les recherches portent aussi bien sur les liens entre individus que sur les attachements aux lieux, aux non-humains, etc. L\u2019\u00e9tude de leur dimension temporelle met en \u00e9vidence la transformation des appartenances, des fid\u00e9lit\u00e9s et des affects collectifs selon les contextes. Les \u00e9motions apparaissent ainsi comme des moteurs essentiels des dynamiques sociales et historiques. Les attachements aux lieux favorisent l\u2019ancrage territorial et la protection de l\u2019environnement, tout en pouvant r\u00e9v\u00e9ler des conflits. Leurs traces mat\u00e9rielles t\u00e9moignent de relations durables entre humains, espaces et croyances. L\u2019attachement constitue \u00e9galement un fondement des mobilisations collectives et des processus de patrimonialisation.Cette journ\u00e9e d\u2019\u00e9tudes propose une approche interdisciplinaire pour analyser ces formes d\u2019attachement et leur r\u00f4le dans la construction du vivre-ensemble.\" \/>\n<meta property=\"og:url\" content=\"https:\/\/telemme.mmsh.fr\/?p=16469\" \/>\n<meta property=\"og:site_name\" content=\"TELEMMe - Temps, espaces, langages, Europe m\u00e9ridionale, M\u00e9diterran\u00e9e\" \/>\n<meta property=\"article:published_time\" content=\"2026-01-23T08:58:43+00:00\" \/>\n<meta property=\"article:modified_time\" content=\"2026-01-26T15:24:32+00:00\" \/>\n<meta property=\"og:image\" content=\"https:\/\/telemme.mmsh.fr\/wp-content\/uploads\/2026\/01\/Image-ACC_small.jpg\" \/>\n\t<meta property=\"og:image:width\" content=\"300\" \/>\n\t<meta property=\"og:image:height\" content=\"505\" \/>\n\t<meta property=\"og:image:type\" content=\"image\/jpeg\" \/>\n<meta name=\"author\" content=\"Delphine Cavallo\" \/>\n<meta name=\"twitter:card\" content=\"summary_large_image\" \/>\n<meta name=\"twitter:label1\" content=\"\u00c9crit par\" \/>\n\t<meta name=\"twitter:data1\" content=\"Delphine Cavallo\" \/>\n\t<meta name=\"twitter:label2\" content=\"Dur\u00e9e de lecture estim\u00e9e\" \/>\n\t<meta name=\"twitter:data2\" content=\"6 minutes\" \/>\n<script type=\"application\/ld+json\" class=\"yoast-schema-graph\">{\"@context\":\"https:\\\/\\\/schema.org\",\"@graph\":[{\"@type\":\"Article\",\"@id\":\"https:\\\/\\\/telemme.mmsh.fr\\\/?p=16469#article\",\"isPartOf\":{\"@id\":\"https:\\\/\\\/telemme.mmsh.fr\\\/?p=16469\"},\"author\":{\"name\":\"Delphine Cavallo\",\"@id\":\"https:\\\/\\\/telemme.mmsh.fr\\\/#\\\/schema\\\/person\\\/86a185da4836381586528ced48e263f5\"},\"headline\":\"[AAC] Les formes de l\u2019attachement : territoires, liens et sensibilit\u00e9s\",\"datePublished\":\"2026-01-23T08:58:43+00:00\",\"dateModified\":\"2026-01-26T15:24:32+00:00\",\"mainEntityOfPage\":{\"@id\":\"https:\\\/\\\/telemme.mmsh.fr\\\/?p=16469\"},\"wordCount\":1307,\"publisher\":{\"@id\":\"https:\\\/\\\/telemme.mmsh.fr\\\/#organization\"},\"image\":{\"@id\":\"https:\\\/\\\/telemme.mmsh.fr\\\/?p=16469#primaryimage\"},\"thumbnailUrl\":\"https:\\\/\\\/telemme.mmsh.fr\\\/wp-content\\\/uploads\\\/2026\\\/01\\\/Image-ACC_small.jpg\",\"keywords\":[\"Jeunes chercheurs\u00b7euses TELEMMe\"],\"articleSection\":[\"Appels \u00e0 candidature\"],\"inLanguage\":\"fr-FR\"},{\"@type\":\"WebPage\",\"@id\":\"https:\\\/\\\/telemme.mmsh.fr\\\/?p=16469\",\"url\":\"https:\\\/\\\/telemme.mmsh.fr\\\/?p=16469\",\"name\":\"[AAC] Les formes de l\u2019attachement : territoires, liens et sensibilit\u00e9s - TELEMMe - Temps, espaces, langages, Europe m\u00e9ridionale, M\u00e9diterran\u00e9e\",\"isPartOf\":{\"@id\":\"https:\\\/\\\/telemme.mmsh.fr\\\/#website\"},\"primaryImageOfPage\":{\"@id\":\"https:\\\/\\\/telemme.mmsh.fr\\\/?p=16469#primaryimage\"},\"image\":{\"@id\":\"https:\\\/\\\/telemme.mmsh.fr\\\/?p=16469#primaryimage\"},\"thumbnailUrl\":\"https:\\\/\\\/telemme.mmsh.fr\\\/wp-content\\\/uploads\\\/2026\\\/01\\\/Image-ACC_small.jpg\",\"datePublished\":\"2026-01-23T08:58:43+00:00\",\"dateModified\":\"2026-01-26T15:24:32+00:00\",\"description\":\"L\u2019attachement, compris comme un lien affectif durable, constitue un objet central des sciences humaines et sociales. Il structure les relations sociales, spatiales, politiques et symboliques, et fa\u00e7onne les mani\u00e8res d\u2019habiter le monde et de faire soci\u00e9t\u00e9. En tant que relation v\u00e9cue et incarn\u00e9e, il s\u2019inscrit dans des pratiques quotidiennes et des cadres culturels vari\u00e9s. Les recherches portent aussi bien sur les liens entre individus que sur les attachements aux lieux, aux non-humains, etc. L\u2019\u00e9tude de leur dimension temporelle met en \u00e9vidence la transformation des appartenances, des fid\u00e9lit\u00e9s et des affects collectifs selon les contextes. Les \u00e9motions apparaissent ainsi comme des moteurs essentiels des dynamiques sociales et historiques. Les attachements aux lieux favorisent l\u2019ancrage territorial et la protection de l\u2019environnement, tout en pouvant r\u00e9v\u00e9ler des conflits. Leurs traces mat\u00e9rielles t\u00e9moignent de relations durables entre humains, espaces et croyances. L\u2019attachement constitue \u00e9galement un fondement des mobilisations collectives et des processus de patrimonialisation.Cette journ\u00e9e d\u2019\u00e9tudes propose une approche interdisciplinaire pour analyser ces formes d\u2019attachement et leur r\u00f4le dans la construction du vivre-ensemble.\",\"breadcrumb\":{\"@id\":\"https:\\\/\\\/telemme.mmsh.fr\\\/?p=16469#breadcrumb\"},\"inLanguage\":\"fr-FR\",\"potentialAction\":[{\"@type\":\"ReadAction\",\"target\":[\"https:\\\/\\\/telemme.mmsh.fr\\\/?p=16469\"]}]},{\"@type\":\"ImageObject\",\"inLanguage\":\"fr-FR\",\"@id\":\"https:\\\/\\\/telemme.mmsh.fr\\\/?p=16469#primaryimage\",\"url\":\"https:\\\/\\\/telemme.mmsh.fr\\\/wp-content\\\/uploads\\\/2026\\\/01\\\/Image-ACC_small.jpg\",\"contentUrl\":\"https:\\\/\\\/telemme.mmsh.fr\\\/wp-content\\\/uploads\\\/2026\\\/01\\\/Image-ACC_small.jpg\",\"width\":300,\"height\":505,\"caption\":\"Attachement. Montage par Valentine Bessieux, TELEMMe\"},{\"@type\":\"BreadcrumbList\",\"@id\":\"https:\\\/\\\/telemme.mmsh.fr\\\/?p=16469#breadcrumb\",\"itemListElement\":[{\"@type\":\"ListItem\",\"position\":1,\"name\":\"Accueil\",\"item\":\"https:\\\/\\\/telemme.mmsh.fr\\\/\"},{\"@type\":\"ListItem\",\"position\":2,\"name\":\"Actualit\u00e9s\",\"item\":\"https:\\\/\\\/telemme.mmsh.fr\\\/?cat=1995\"},{\"@type\":\"ListItem\",\"position\":3,\"name\":\"Appels \u00e0 candidature\",\"item\":\"https:\\\/\\\/telemme.mmsh.fr\\\/?cat=2026\"},{\"@type\":\"ListItem\",\"position\":4,\"name\":\"[AAC] Les formes de l\u2019attachement : territoires, liens et sensibilit\u00e9s\"}]},{\"@type\":\"WebSite\",\"@id\":\"https:\\\/\\\/telemme.mmsh.fr\\\/#website\",\"url\":\"https:\\\/\\\/telemme.mmsh.fr\\\/\",\"name\":\"TELEMMe - Temps, espaces, langages, Europe m\u00e9ridionale, M\u00e9diterran\u00e9e\",\"description\":\"\",\"publisher\":{\"@id\":\"https:\\\/\\\/telemme.mmsh.fr\\\/#organization\"},\"potentialAction\":[{\"@type\":\"SearchAction\",\"target\":{\"@type\":\"EntryPoint\",\"urlTemplate\":\"https:\\\/\\\/telemme.mmsh.fr\\\/?s={search_term_string}\"},\"query-input\":{\"@type\":\"PropertyValueSpecification\",\"valueRequired\":true,\"valueName\":\"search_term_string\"}}],\"inLanguage\":\"fr-FR\"},{\"@type\":\"Organization\",\"@id\":\"https:\\\/\\\/telemme.mmsh.fr\\\/#organization\",\"name\":\"TELEMMe\",\"url\":\"https:\\\/\\\/telemme.mmsh.fr\\\/\",\"logo\":{\"@type\":\"ImageObject\",\"inLanguage\":\"fr-FR\",\"@id\":\"https:\\\/\\\/telemme.mmsh.fr\\\/#\\\/schema\\\/logo\\\/image\\\/\",\"url\":\"https:\\\/\\\/telemme.mmsh.fr\\\/wp-content\\\/uploads\\\/2020\\\/03\\\/LogoTELEMMe-horizontal-fond-transparent.png\",\"contentUrl\":\"https:\\\/\\\/telemme.mmsh.fr\\\/wp-content\\\/uploads\\\/2020\\\/03\\\/LogoTELEMMe-horizontal-fond-transparent.png\",\"width\":1500,\"height\":437,\"caption\":\"TELEMMe\"},\"image\":{\"@id\":\"https:\\\/\\\/telemme.mmsh.fr\\\/#\\\/schema\\\/logo\\\/image\\\/\"}},{\"@type\":\"Person\",\"@id\":\"https:\\\/\\\/telemme.mmsh.fr\\\/#\\\/schema\\\/person\\\/86a185da4836381586528ced48e263f5\",\"name\":\"Delphine Cavallo\",\"url\":\"https:\\\/\\\/telemme.mmsh.fr\\\/?author=6\"}]}<\/script>\n<!-- \/ Yoast SEO plugin. -->","yoast_head_json":{"title":"[AAC] Les formes de l\u2019attachement : territoires, liens et sensibilit\u00e9s - TELEMMe - Temps, espaces, langages, Europe m\u00e9ridionale, M\u00e9diterran\u00e9e","description":"L\u2019attachement, compris comme un lien affectif durable, constitue un objet central des sciences humaines et sociales. Il structure les relations sociales, spatiales, politiques et symboliques, et fa\u00e7onne les mani\u00e8res d\u2019habiter le monde et de faire soci\u00e9t\u00e9. En tant que relation v\u00e9cue et incarn\u00e9e, il s\u2019inscrit dans des pratiques quotidiennes et des cadres culturels vari\u00e9s. Les recherches portent aussi bien sur les liens entre individus que sur les attachements aux lieux, aux non-humains, etc. L\u2019\u00e9tude de leur dimension temporelle met en \u00e9vidence la transformation des appartenances, des fid\u00e9lit\u00e9s et des affects collectifs selon les contextes. Les \u00e9motions apparaissent ainsi comme des moteurs essentiels des dynamiques sociales et historiques. Les attachements aux lieux favorisent l\u2019ancrage territorial et la protection de l\u2019environnement, tout en pouvant r\u00e9v\u00e9ler des conflits. Leurs traces mat\u00e9rielles t\u00e9moignent de relations durables entre humains, espaces et croyances. L\u2019attachement constitue \u00e9galement un fondement des mobilisations collectives et des processus de patrimonialisation.Cette journ\u00e9e d\u2019\u00e9tudes propose une approche interdisciplinaire pour analyser ces formes d\u2019attachement et leur r\u00f4le dans la construction du vivre-ensemble.","robots":{"index":"index","follow":"follow","max-snippet":"max-snippet:-1","max-image-preview":"max-image-preview:large","max-video-preview":"max-video-preview:-1"},"canonical":"https:\/\/telemme.mmsh.fr\/?p=16469","og_locale":"fr_FR","og_type":"article","og_title":"[AAC] Les formes de l\u2019attachement : territoires, liens et sensibilit\u00e9s - TELEMMe - Temps, espaces, langages, Europe m\u00e9ridionale, M\u00e9diterran\u00e9e","og_description":"L\u2019attachement, compris comme un lien affectif durable, constitue un objet central des sciences humaines et sociales. Il structure les relations sociales, spatiales, politiques et symboliques, et fa\u00e7onne les mani\u00e8res d\u2019habiter le monde et de faire soci\u00e9t\u00e9. En tant que relation v\u00e9cue et incarn\u00e9e, il s\u2019inscrit dans des pratiques quotidiennes et des cadres culturels vari\u00e9s. Les recherches portent aussi bien sur les liens entre individus que sur les attachements aux lieux, aux non-humains, etc. L\u2019\u00e9tude de leur dimension temporelle met en \u00e9vidence la transformation des appartenances, des fid\u00e9lit\u00e9s et des affects collectifs selon les contextes. Les \u00e9motions apparaissent ainsi comme des moteurs essentiels des dynamiques sociales et historiques. Les attachements aux lieux favorisent l\u2019ancrage territorial et la protection de l\u2019environnement, tout en pouvant r\u00e9v\u00e9ler des conflits. Leurs traces mat\u00e9rielles t\u00e9moignent de relations durables entre humains, espaces et croyances. L\u2019attachement constitue \u00e9galement un fondement des mobilisations collectives et des processus de patrimonialisation.Cette journ\u00e9e d\u2019\u00e9tudes propose une approche interdisciplinaire pour analyser ces formes d\u2019attachement et leur r\u00f4le dans la construction du vivre-ensemble.","og_url":"https:\/\/telemme.mmsh.fr\/?p=16469","og_site_name":"TELEMMe - Temps, espaces, langages, Europe m\u00e9ridionale, M\u00e9diterran\u00e9e","article_published_time":"2026-01-23T08:58:43+00:00","article_modified_time":"2026-01-26T15:24:32+00:00","og_image":[{"width":300,"height":505,"url":"https:\/\/telemme.mmsh.fr\/wp-content\/uploads\/2026\/01\/Image-ACC_small.jpg","type":"image\/jpeg"}],"author":"Delphine Cavallo","twitter_card":"summary_large_image","twitter_misc":{"\u00c9crit par":"Delphine Cavallo","Dur\u00e9e de lecture estim\u00e9e":"6 minutes"},"schema":{"@context":"https:\/\/schema.org","@graph":[{"@type":"Article","@id":"https:\/\/telemme.mmsh.fr\/?p=16469#article","isPartOf":{"@id":"https:\/\/telemme.mmsh.fr\/?p=16469"},"author":{"name":"Delphine Cavallo","@id":"https:\/\/telemme.mmsh.fr\/#\/schema\/person\/86a185da4836381586528ced48e263f5"},"headline":"[AAC] Les formes de l\u2019attachement : territoires, liens et sensibilit\u00e9s","datePublished":"2026-01-23T08:58:43+00:00","dateModified":"2026-01-26T15:24:32+00:00","mainEntityOfPage":{"@id":"https:\/\/telemme.mmsh.fr\/?p=16469"},"wordCount":1307,"publisher":{"@id":"https:\/\/telemme.mmsh.fr\/#organization"},"image":{"@id":"https:\/\/telemme.mmsh.fr\/?p=16469#primaryimage"},"thumbnailUrl":"https:\/\/telemme.mmsh.fr\/wp-content\/uploads\/2026\/01\/Image-ACC_small.jpg","keywords":["Jeunes chercheurs\u00b7euses TELEMMe"],"articleSection":["Appels \u00e0 candidature"],"inLanguage":"fr-FR"},{"@type":"WebPage","@id":"https:\/\/telemme.mmsh.fr\/?p=16469","url":"https:\/\/telemme.mmsh.fr\/?p=16469","name":"[AAC] Les formes de l\u2019attachement : territoires, liens et sensibilit\u00e9s - TELEMMe - Temps, espaces, langages, Europe m\u00e9ridionale, M\u00e9diterran\u00e9e","isPartOf":{"@id":"https:\/\/telemme.mmsh.fr\/#website"},"primaryImageOfPage":{"@id":"https:\/\/telemme.mmsh.fr\/?p=16469#primaryimage"},"image":{"@id":"https:\/\/telemme.mmsh.fr\/?p=16469#primaryimage"},"thumbnailUrl":"https:\/\/telemme.mmsh.fr\/wp-content\/uploads\/2026\/01\/Image-ACC_small.jpg","datePublished":"2026-01-23T08:58:43+00:00","dateModified":"2026-01-26T15:24:32+00:00","description":"L\u2019attachement, compris comme un lien affectif durable, constitue un objet central des sciences humaines et sociales. Il structure les relations sociales, spatiales, politiques et symboliques, et fa\u00e7onne les mani\u00e8res d\u2019habiter le monde et de faire soci\u00e9t\u00e9. En tant que relation v\u00e9cue et incarn\u00e9e, il s\u2019inscrit dans des pratiques quotidiennes et des cadres culturels vari\u00e9s. Les recherches portent aussi bien sur les liens entre individus que sur les attachements aux lieux, aux non-humains, etc. L\u2019\u00e9tude de leur dimension temporelle met en \u00e9vidence la transformation des appartenances, des fid\u00e9lit\u00e9s et des affects collectifs selon les contextes. Les \u00e9motions apparaissent ainsi comme des moteurs essentiels des dynamiques sociales et historiques. Les attachements aux lieux favorisent l\u2019ancrage territorial et la protection de l\u2019environnement, tout en pouvant r\u00e9v\u00e9ler des conflits. Leurs traces mat\u00e9rielles t\u00e9moignent de relations durables entre humains, espaces et croyances. L\u2019attachement constitue \u00e9galement un fondement des mobilisations collectives et des processus de patrimonialisation.Cette journ\u00e9e d\u2019\u00e9tudes propose une approche interdisciplinaire pour analyser ces formes d\u2019attachement et leur r\u00f4le dans la construction du vivre-ensemble.","breadcrumb":{"@id":"https:\/\/telemme.mmsh.fr\/?p=16469#breadcrumb"},"inLanguage":"fr-FR","potentialAction":[{"@type":"ReadAction","target":["https:\/\/telemme.mmsh.fr\/?p=16469"]}]},{"@type":"ImageObject","inLanguage":"fr-FR","@id":"https:\/\/telemme.mmsh.fr\/?p=16469#primaryimage","url":"https:\/\/telemme.mmsh.fr\/wp-content\/uploads\/2026\/01\/Image-ACC_small.jpg","contentUrl":"https:\/\/telemme.mmsh.fr\/wp-content\/uploads\/2026\/01\/Image-ACC_small.jpg","width":300,"height":505,"caption":"Attachement. Montage par Valentine Bessieux, TELEMMe"},{"@type":"BreadcrumbList","@id":"https:\/\/telemme.mmsh.fr\/?p=16469#breadcrumb","itemListElement":[{"@type":"ListItem","position":1,"name":"Accueil","item":"https:\/\/telemme.mmsh.fr\/"},{"@type":"ListItem","position":2,"name":"Actualit\u00e9s","item":"https:\/\/telemme.mmsh.fr\/?cat=1995"},{"@type":"ListItem","position":3,"name":"Appels \u00e0 candidature","item":"https:\/\/telemme.mmsh.fr\/?cat=2026"},{"@type":"ListItem","position":4,"name":"[AAC] Les formes de l\u2019attachement : territoires, liens et sensibilit\u00e9s"}]},{"@type":"WebSite","@id":"https:\/\/telemme.mmsh.fr\/#website","url":"https:\/\/telemme.mmsh.fr\/","name":"TELEMMe - Temps, espaces, langages, Europe m\u00e9ridionale, M\u00e9diterran\u00e9e","description":"","publisher":{"@id":"https:\/\/telemme.mmsh.fr\/#organization"},"potentialAction":[{"@type":"SearchAction","target":{"@type":"EntryPoint","urlTemplate":"https:\/\/telemme.mmsh.fr\/?s={search_term_string}"},"query-input":{"@type":"PropertyValueSpecification","valueRequired":true,"valueName":"search_term_string"}}],"inLanguage":"fr-FR"},{"@type":"Organization","@id":"https:\/\/telemme.mmsh.fr\/#organization","name":"TELEMMe","url":"https:\/\/telemme.mmsh.fr\/","logo":{"@type":"ImageObject","inLanguage":"fr-FR","@id":"https:\/\/telemme.mmsh.fr\/#\/schema\/logo\/image\/","url":"https:\/\/telemme.mmsh.fr\/wp-content\/uploads\/2020\/03\/LogoTELEMMe-horizontal-fond-transparent.png","contentUrl":"https:\/\/telemme.mmsh.fr\/wp-content\/uploads\/2020\/03\/LogoTELEMMe-horizontal-fond-transparent.png","width":1500,"height":437,"caption":"TELEMMe"},"image":{"@id":"https:\/\/telemme.mmsh.fr\/#\/schema\/logo\/image\/"}},{"@type":"Person","@id":"https:\/\/telemme.mmsh.fr\/#\/schema\/person\/86a185da4836381586528ced48e263f5","name":"Delphine Cavallo","url":"https:\/\/telemme.mmsh.fr\/?author=6"}]}},"_links":{"self":[{"href":"https:\/\/telemme.mmsh.fr\/index.php?rest_route=\/wp\/v2\/posts\/16469","targetHints":{"allow":["GET"]}}],"collection":[{"href":"https:\/\/telemme.mmsh.fr\/index.php?rest_route=\/wp\/v2\/posts"}],"about":[{"href":"https:\/\/telemme.mmsh.fr\/index.php?rest_route=\/wp\/v2\/types\/post"}],"author":[{"embeddable":true,"href":"https:\/\/telemme.mmsh.fr\/index.php?rest_route=\/wp\/v2\/users\/6"}],"replies":[{"embeddable":true,"href":"https:\/\/telemme.mmsh.fr\/index.php?rest_route=%2Fwp%2Fv2%2Fcomments&post=16469"}],"version-history":[{"count":4,"href":"https:\/\/telemme.mmsh.fr\/index.php?rest_route=\/wp\/v2\/posts\/16469\/revisions"}],"predecessor-version":[{"id":16479,"href":"https:\/\/telemme.mmsh.fr\/index.php?rest_route=\/wp\/v2\/posts\/16469\/revisions\/16479"}],"wp:featuredmedia":[{"embeddable":true,"href":"https:\/\/telemme.mmsh.fr\/index.php?rest_route=\/wp\/v2\/media\/16474"}],"wp:attachment":[{"href":"https:\/\/telemme.mmsh.fr\/index.php?rest_route=%2Fwp%2Fv2%2Fmedia&parent=16469"}],"wp:term":[{"taxonomy":"category","embeddable":true,"href":"https:\/\/telemme.mmsh.fr\/index.php?rest_route=%2Fwp%2Fv2%2Fcategories&post=16469"},{"taxonomy":"post_tag","embeddable":true,"href":"https:\/\/telemme.mmsh.fr\/index.php?rest_route=%2Fwp%2Fv2%2Ftags&post=16469"}],"curies":[{"name":"wp","href":"https:\/\/api.w.org\/{rel}","templated":true}]}}