{"id":16388,"date":"2026-01-06T11:18:51","date_gmt":"2026-01-06T10:18:51","guid":{"rendered":"https:\/\/telemme.mmsh.fr\/?p=16388"},"modified":"2026-01-06T11:19:35","modified_gmt":"2026-01-06T10:19:35","slug":"aac-imperial-seas","status":"publish","type":"post","link":"https:\/\/telemme.mmsh.fr\/?p=16388","title":{"rendered":"[AAC] Imperial Seas"},"content":{"rendered":"\n<h2 class=\"wp-block-heading\"><strong>Imperial Seas: Space and Societies from the Adriatic to the Black Sea. Places of memory, heritage, material and immaterial traces<\/strong><\/h2>\n\n\n\n<h3 class=\"wp-block-heading\">Summer School The Balkans, Spaces, Societies, History<\/h3>\n\n\n\n<ul class=\"wp-block-list\">\n<li><strong>When<\/strong>: 7-11 September 2026<\/li>\n\n\n\n<li><strong>Where<\/strong>: Istanbul, Galatasaray University and ANAMED Research Center (Ko\u00e7 University)<\/li>\n\n\n\n<li><strong>Working language<\/strong>: English<\/li>\n\n\n\n<li><strong>Application deadline<\/strong>: 31 January 2026<\/li>\n\n\n\n<li><strong>Contact <\/strong>: <a href=\"mailto:dir.moderne@efa.gr\">dir.moderne@efa.gr\u00a0<\/a><\/li>\n<\/ul>\n\n\n\n<p><a href=\"https:\/\/www.efa.gr\/wp-content\/uploads\/2025\/12\/Call-for-applications-Imperial-Seas.pdf\" target=\"_blank\" rel=\"noreferrer noopener\">Download the call for applications (EN)<\/a><\/p>\n\n\n\n<h3 class=\"wp-block-heading\"><strong>Partner institutions:<\/strong><\/h3>\n\n\n\n<ul class=\"wp-block-list\">\n<li>\u00c9cole fran\u00e7aise d\u2019Ath\u00e8nes<\/li>\n\n\n\n<li>\u00c9cole fran\u00e7aise de Rome<\/li>\n\n\n\n<li>Centre d\u2019\u00e9tudes turques, ottomanes, balkaniques et centrasiatiques (CETOBaC)<\/li>\n\n\n\n<li>Temps, espaces, langages, Europe m\u00e9ridionale, M\u00e9diterran\u00e9e (TELEMMe)<\/li>\n\n\n\n<li>Galatasaray University<\/li>\n\n\n\n<li>Institut fran\u00e7ais d\u2019\u00e9tudes anatoliennes (IFEA)<\/li>\n\n\n\n<li>Ko\u00e7 University, Research Center for Anatolian Civilisations (ANAMED)<\/li>\n\n\n\n<li>Institute for Mediterranean Studies (IMS-FORTH)<\/li>\n<\/ul>\n\n\n\n<hr class=\"wp-block-separator has-alpha-channel-opacity\"\/>\n\n\n\n<p>This summer school is a multidisciplinary training on the history, spaces, and societies of the \u201cimperial seas\u201d bordering the Balkan Peninsula (Black Sea, Aegean Sea, Adriatic Sea), from the Roman Empire to the present day. It offers an introduction to maritime history and a critical examination of national and regional historiographies devoted to maritime affairs in the Balkans. The 2026 edition focuses on memory and heritage processes.<\/p>\n\n\n\n<p>Since the publication of two books by Peregrine Horden and Nicholas Purcell (<em>The Corrupting Sea: A Study of Mediterranean History<\/em>, 2000, followed by <em>The Boundless Sea: Writing Mediterranean History<\/em>, 2020), research on the Mediterranean has undergone a revival thanks to contributions from various disciplines (anthropology in particular), and the introduction of aspects more in line with current research concerns on migration, bottom-up phenomena, gender categories, places of memory, etc. The very recent volume devoted to the Black Sea (<em>Handbook on the History and Culture of the Black Sea Region<\/em>, 2025) incorporates these issues and offers a number of perspectives for doctoral work.<\/p>\n\n\n\n<p>The now well-established division between the western and eastern Mediterranean leads us to focus on the eastern area, not only due to its lesser coverage in scientific output, but also and above all because it allows us to associate two other \u201cmeso-regions,\u201d namely the Adriatic and the Black Sea. Our definition of \u201cimperial seas\u201d therefore encompasses several layers which, like a palimpsest, stretch from the Greek colonies to the successive empires of Rome, Venice, the Ottomans, Russia, and the Soviet Union, which partially dominated the three seas. These empires also defined a socio-linguistic paradigm that we wish to examine in terms of lexical melting pot and \u201clingua franca.\u201d<\/p>\n\n\n\n<p>Admittedly, the Eastern Mediterranean, the Adriatic, and the Black Sea have in common the fact that they do not have a \u201cnational narrative,\u201d but do exhibit \u201ctrend cultures,\u201d to borrow Louis-Jean Calvet\u2019s phrase (<em>La M\u00e9diterran\u00e9e. Mer de nos langues<\/em>, 2016), who notes that the Mediterranean does not issue passports but unites through \u201csmells, colors, and tastes,\u201d characteristics that also apply to the Adriatic and the Black Sea.<\/p>\n\n\n\n<p>Belonging to various empires and, much later, to various nation states gave rise to what Angelo Ara and Claudio Magris called, in relation to Trieste, a \u201cborder identity\u201d (<em>Trieste. Un identit\u00e0 difrontiera<\/em>, 1982). However, it also characterizes all the cities of the eastern Adriatic, which were areas of contact between the Mediterranean, Ottoman, Balkan, and Germanic worlds. More recently, Egidio Iveti\u0107 refers to the \u201cfrontier of the Mediterranean\u201d (<em>Un confine del Mediterraneo. L\u2019Adriatico orientale tra Italia e Slavia (1300-1900)<\/em>, 2014). The summer school aims to restore two continuities: vertical, by considering the three seas over the long term, and horizontal, by systematically studying the circulation between them, whose permanence contradicts the attempt to make each of them a \u201c<em>mare nostrum<\/em>\u201d or \u201c<em>mare clausum<\/em>\u201d.<\/p>\n\n\n\n<p>We invite contributions related to:<\/p>\n\n\n\n<ol class=\"wp-block-list\">\n<li>Memory studies and the notion of traces, tangible (places of memory) or intangible (narratives).<\/li>\n\n\n\n<li>The construction of historicity through archaeology.<\/li>\n\n\n\n<li>The creation of traditions that intermingle, are taken up, rejected or diverted by successive powers (the Roman Empire, Venice, the Ottoman Empire and then Turkey, Greece, Russia, Italy, Yugoslavia, Romania, Bulgaria, Ukraine, Georgia).<\/li>\n\n\n\n<li>The adaptations and changes that transcend economic and national divisions, including in the environmental sphere.<\/li>\n<\/ol>\n\n\n\n<p>Multidisciplinarity is a key element of the summer school: contributions from history (and art history), anthropology, geography, political science, sociology, literary studies, and civilization studies are welcome.<\/p>\n\n\n\n<p>This summer school will gather up to fifteen students in different disciplines addressing heritage and memory issues. It welcomes methodological and theoretical proposals based on concrete case studies.<br>Our aim is to promote collective and small-group working formats, which favour brainstorming and intensive training activities. Thus, the introduction and\/or some keynote lectures will be framed as round-table discussions, mixing invited speakers and researchers of the hosting institutions. The working sessions will be designed as discussion spaces. It is therefore planned to propose, before the workshop, reflective texts clarifying aspects of the theme of each workshop, which will allow participants to enter into dialogue.<br>Each half-day will revolve around one or two communication(s) given by invited speakers, followed by a doctoral workshop. Theoretical and methodological insights will be provided by speakers from different disciplines and a wider range of geographical areas.<br>Beside presentations and discussions, <em>in situ <\/em>experiences developed in collaboration with the host institutions (walkshops, film screening, workshops) will make specific openings toward both academic and extra-academic approaches.<\/p>\n\n\n\n<h3 class=\"wp-block-heading\"><strong>Application&nbsp;&nbsp;&nbsp;&nbsp;&nbsp;&nbsp;&nbsp;&nbsp;&nbsp;&nbsp;&nbsp;&nbsp;&nbsp;&nbsp;&nbsp;&nbsp;&nbsp;&nbsp;&nbsp;&nbsp;&nbsp;&nbsp;&nbsp;&nbsp;&nbsp;&nbsp;&nbsp;&nbsp;&nbsp;&nbsp;&nbsp;&nbsp;&nbsp;&nbsp;&nbsp;&nbsp;&nbsp;&nbsp;&nbsp;&nbsp;&nbsp;&nbsp;&nbsp;&nbsp;&nbsp;&nbsp;&nbsp;&nbsp;&nbsp;&nbsp;&nbsp;&nbsp;&nbsp;&nbsp;&nbsp;&nbsp;&nbsp;&nbsp;&nbsp;&nbsp;&nbsp;&nbsp;&nbsp;&nbsp;&nbsp;<\/strong><\/h3>\n\n\n\n<p>We welcome applications from PhD and M2 students in history, art history, geography, anthropology, sociology, political science and literature. The working language is English; a passive knowledge of French will be appreciated. Transportation costs must be covered by the students\u2019 educational institutions. The organisers provide accommodation in Istanbul and meals.<\/p>\n\n\n\n<p>Applications should be made online via the <a href=\"https:\/\/missions.efa.gr\/\" target=\"_blank\" rel=\"noreferrer noopener\">Missions de l\u2019EFA<\/a> platform before <strong>January 31, 2026 <\/strong>and include:<\/p>\n\n\n\n<ul class=\"wp-block-list\">\n<li>a Curriculum Vitae.<\/li>\n\n\n\n<li>a letter of motivation.<\/li>\n\n\n\n<li>one reference letter.<\/li>\n\n\n\n<li>a short description of the thesis (max. 3000 signs).<\/li>\n\n\n\n<li>a paper proposal connected to the summer school\u2019s topic (max. 3000 signs).<\/li>\n<\/ul>\n\n\n\n<p>The selection of participants will be published by February 28, 2026. <strong>Participants must commit themselves for the whole duration of the training<\/strong>.<\/p>\n\n\n\n<p>Contact: <a href=\"mailto:dir.moderne@efa.gr\">dir.moderne@efa.gr<\/a><\/p>\n\n\n\n<hr class=\"wp-block-separator has-alpha-channel-opacity\"\/>\n","protected":false},"excerpt":{"rendered":"<p>Imperial Seas: Space and Societies from the Adriatic to the Black Sea. Places of memory, heritage, material and immaterial traces Summer School The Balkans, Spaces, Societies, History Download the call&hellip;&nbsp;<a href=\"https:\/\/telemme.mmsh.fr\/?p=16388\" rel=\"bookmark\">Lire la suite &raquo;<span class=\"screen-reader-text\">[AAC] Imperial Seas<\/span><\/a><\/p>\n","protected":false},"author":6,"featured_media":16392,"comment_status":"closed","ping_status":"closed","sticky":false,"template":"","format":"standard","meta":{"neve_meta_sidebar":"","neve_meta_container":"","neve_meta_enable_content_width":"off","neve_meta_content_width":70,"neve_meta_title_alignment":"","neve_meta_author_avatar":"","neve_post_elements_order":"","neve_meta_disable_header":"","neve_meta_disable_footer":"","neve_meta_disable_title":"","_tribe_events_control_status":"","_tribe_events_control_status_canceled_reason":"","_tribe_events_control_status_postponed_reason":"","_tribe_events_control_online":"","_tribe_events_control_online_url":"","footnotes":""},"categories":[2026],"tags":[2483],"class_list":["post-16388","post","type-post","status-publish","format-standard","has-post-thumbnail","hentry","category-appels-a-candidature","tag-ecole-dete"],"yoast_head":"<!-- This site is optimized with the Yoast SEO plugin v27.4 - https:\/\/yoast.com\/product\/yoast-seo-wordpress\/ -->\n<title>[AAC] Imperial Seas - TELEMMe - Temps, espaces, langages, Europe m\u00e9ridionale, M\u00e9diterran\u00e9e<\/title>\n<meta name=\"robots\" content=\"index, follow, max-snippet:-1, max-image-preview:large, max-video-preview:-1\" \/>\n<link rel=\"canonical\" href=\"https:\/\/telemme.mmsh.fr\/?p=16388\" \/>\n<meta property=\"og:locale\" content=\"fr_FR\" \/>\n<meta property=\"og:type\" content=\"article\" \/>\n<meta property=\"og:title\" content=\"[AAC] Imperial Seas - TELEMMe - Temps, espaces, langages, Europe m\u00e9ridionale, M\u00e9diterran\u00e9e\" \/>\n<meta property=\"og:description\" content=\"Imperial Seas: Space and Societies from the Adriatic to the Black Sea. Places of memory, heritage, material and immaterial traces Summer School The Balkans, Spaces, Societies, History Download the call&hellip;&nbsp;Lire la suite &raquo;[AAC] Imperial Seas\" \/>\n<meta property=\"og:url\" content=\"https:\/\/telemme.mmsh.fr\/?p=16388\" \/>\n<meta property=\"og:site_name\" content=\"TELEMMe - Temps, espaces, langages, Europe m\u00e9ridionale, M\u00e9diterran\u00e9e\" \/>\n<meta property=\"article:published_time\" content=\"2026-01-06T10:18:51+00:00\" \/>\n<meta property=\"article:modified_time\" content=\"2026-01-06T10:19:35+00:00\" \/>\n<meta property=\"og:image\" content=\"https:\/\/telemme.mmsh.fr\/wp-content\/uploads\/2026\/01\/imperialseas.png\" \/>\n\t<meta property=\"og:image:width\" content=\"986\" \/>\n\t<meta property=\"og:image:height\" content=\"302\" \/>\n\t<meta property=\"og:image:type\" content=\"image\/png\" \/>\n<meta name=\"author\" content=\"Delphine Cavallo\" \/>\n<meta name=\"twitter:card\" content=\"summary_large_image\" \/>\n<meta name=\"twitter:label1\" content=\"\u00c9crit par\" \/>\n\t<meta name=\"twitter:data1\" content=\"Delphine Cavallo\" \/>\n\t<meta name=\"twitter:label2\" content=\"Dur\u00e9e de lecture estim\u00e9e\" \/>\n\t<meta name=\"twitter:data2\" content=\"5 minutes\" \/>\n<script type=\"application\/ld+json\" class=\"yoast-schema-graph\">{\"@context\":\"https:\\\/\\\/schema.org\",\"@graph\":[{\"@type\":\"Article\",\"@id\":\"https:\\\/\\\/telemme.mmsh.fr\\\/?p=16388#article\",\"isPartOf\":{\"@id\":\"https:\\\/\\\/telemme.mmsh.fr\\\/?p=16388\"},\"author\":{\"name\":\"Delphine Cavallo\",\"@id\":\"https:\\\/\\\/telemme.mmsh.fr\\\/#\\\/schema\\\/person\\\/86a185da4836381586528ced48e263f5\"},\"headline\":\"[AAC] Imperial Seas\",\"datePublished\":\"2026-01-06T10:18:51+00:00\",\"dateModified\":\"2026-01-06T10:19:35+00:00\",\"mainEntityOfPage\":{\"@id\":\"https:\\\/\\\/telemme.mmsh.fr\\\/?p=16388\"},\"wordCount\":1035,\"publisher\":{\"@id\":\"https:\\\/\\\/telemme.mmsh.fr\\\/#organization\"},\"image\":{\"@id\":\"https:\\\/\\\/telemme.mmsh.fr\\\/?p=16388#primaryimage\"},\"thumbnailUrl\":\"https:\\\/\\\/telemme.mmsh.fr\\\/wp-content\\\/uploads\\\/2026\\\/01\\\/imperialseas.png\",\"keywords\":[\"\u00e9cole d&#039;\u00e9t\u00e9\"],\"articleSection\":[\"Appels \u00e0 candidature\"],\"inLanguage\":\"fr-FR\"},{\"@type\":\"WebPage\",\"@id\":\"https:\\\/\\\/telemme.mmsh.fr\\\/?p=16388\",\"url\":\"https:\\\/\\\/telemme.mmsh.fr\\\/?p=16388\",\"name\":\"[AAC] Imperial Seas - TELEMMe - Temps, espaces, langages, Europe m\u00e9ridionale, M\u00e9diterran\u00e9e\",\"isPartOf\":{\"@id\":\"https:\\\/\\\/telemme.mmsh.fr\\\/#website\"},\"primaryImageOfPage\":{\"@id\":\"https:\\\/\\\/telemme.mmsh.fr\\\/?p=16388#primaryimage\"},\"image\":{\"@id\":\"https:\\\/\\\/telemme.mmsh.fr\\\/?p=16388#primaryimage\"},\"thumbnailUrl\":\"https:\\\/\\\/telemme.mmsh.fr\\\/wp-content\\\/uploads\\\/2026\\\/01\\\/imperialseas.png\",\"datePublished\":\"2026-01-06T10:18:51+00:00\",\"dateModified\":\"2026-01-06T10:19:35+00:00\",\"breadcrumb\":{\"@id\":\"https:\\\/\\\/telemme.mmsh.fr\\\/?p=16388#breadcrumb\"},\"inLanguage\":\"fr-FR\",\"potentialAction\":[{\"@type\":\"ReadAction\",\"target\":[\"https:\\\/\\\/telemme.mmsh.fr\\\/?p=16388\"]}]},{\"@type\":\"ImageObject\",\"inLanguage\":\"fr-FR\",\"@id\":\"https:\\\/\\\/telemme.mmsh.fr\\\/?p=16388#primaryimage\",\"url\":\"https:\\\/\\\/telemme.mmsh.fr\\\/wp-content\\\/uploads\\\/2026\\\/01\\\/imperialseas.png\",\"contentUrl\":\"https:\\\/\\\/telemme.mmsh.fr\\\/wp-content\\\/uploads\\\/2026\\\/01\\\/imperialseas.png\",\"width\":986,\"height\":302,\"caption\":\"Imperial Seas, EFA\"},{\"@type\":\"BreadcrumbList\",\"@id\":\"https:\\\/\\\/telemme.mmsh.fr\\\/?p=16388#breadcrumb\",\"itemListElement\":[{\"@type\":\"ListItem\",\"position\":1,\"name\":\"Accueil\",\"item\":\"https:\\\/\\\/telemme.mmsh.fr\\\/\"},{\"@type\":\"ListItem\",\"position\":2,\"name\":\"Actualit\u00e9s\",\"item\":\"https:\\\/\\\/telemme.mmsh.fr\\\/?cat=1995\"},{\"@type\":\"ListItem\",\"position\":3,\"name\":\"Appels \u00e0 candidature\",\"item\":\"https:\\\/\\\/telemme.mmsh.fr\\\/?cat=2026\"},{\"@type\":\"ListItem\",\"position\":4,\"name\":\"[AAC] Imperial Seas\"}]},{\"@type\":\"WebSite\",\"@id\":\"https:\\\/\\\/telemme.mmsh.fr\\\/#website\",\"url\":\"https:\\\/\\\/telemme.mmsh.fr\\\/\",\"name\":\"TELEMMe - Temps, espaces, langages, Europe m\u00e9ridionale, M\u00e9diterran\u00e9e\",\"description\":\"\",\"publisher\":{\"@id\":\"https:\\\/\\\/telemme.mmsh.fr\\\/#organization\"},\"potentialAction\":[{\"@type\":\"SearchAction\",\"target\":{\"@type\":\"EntryPoint\",\"urlTemplate\":\"https:\\\/\\\/telemme.mmsh.fr\\\/?s={search_term_string}\"},\"query-input\":{\"@type\":\"PropertyValueSpecification\",\"valueRequired\":true,\"valueName\":\"search_term_string\"}}],\"inLanguage\":\"fr-FR\"},{\"@type\":\"Organization\",\"@id\":\"https:\\\/\\\/telemme.mmsh.fr\\\/#organization\",\"name\":\"TELEMMe\",\"url\":\"https:\\\/\\\/telemme.mmsh.fr\\\/\",\"logo\":{\"@type\":\"ImageObject\",\"inLanguage\":\"fr-FR\",\"@id\":\"https:\\\/\\\/telemme.mmsh.fr\\\/#\\\/schema\\\/logo\\\/image\\\/\",\"url\":\"https:\\\/\\\/telemme.mmsh.fr\\\/wp-content\\\/uploads\\\/2020\\\/03\\\/LogoTELEMMe-horizontal-fond-transparent.png\",\"contentUrl\":\"https:\\\/\\\/telemme.mmsh.fr\\\/wp-content\\\/uploads\\\/2020\\\/03\\\/LogoTELEMMe-horizontal-fond-transparent.png\",\"width\":1500,\"height\":437,\"caption\":\"TELEMMe\"},\"image\":{\"@id\":\"https:\\\/\\\/telemme.mmsh.fr\\\/#\\\/schema\\\/logo\\\/image\\\/\"}},{\"@type\":\"Person\",\"@id\":\"https:\\\/\\\/telemme.mmsh.fr\\\/#\\\/schema\\\/person\\\/86a185da4836381586528ced48e263f5\",\"name\":\"Delphine Cavallo\",\"url\":\"https:\\\/\\\/telemme.mmsh.fr\\\/?author=6\"}]}<\/script>\n<!-- \/ Yoast SEO plugin. -->","yoast_head_json":{"title":"[AAC] Imperial Seas - TELEMMe - Temps, espaces, langages, Europe m\u00e9ridionale, M\u00e9diterran\u00e9e","robots":{"index":"index","follow":"follow","max-snippet":"max-snippet:-1","max-image-preview":"max-image-preview:large","max-video-preview":"max-video-preview:-1"},"canonical":"https:\/\/telemme.mmsh.fr\/?p=16388","og_locale":"fr_FR","og_type":"article","og_title":"[AAC] Imperial Seas - TELEMMe - Temps, espaces, langages, Europe m\u00e9ridionale, M\u00e9diterran\u00e9e","og_description":"Imperial Seas: Space and Societies from the Adriatic to the Black Sea. Places of memory, heritage, material and immaterial traces Summer School The Balkans, Spaces, Societies, History Download the call&hellip;&nbsp;Lire la suite &raquo;[AAC] Imperial Seas","og_url":"https:\/\/telemme.mmsh.fr\/?p=16388","og_site_name":"TELEMMe - Temps, espaces, langages, Europe m\u00e9ridionale, M\u00e9diterran\u00e9e","article_published_time":"2026-01-06T10:18:51+00:00","article_modified_time":"2026-01-06T10:19:35+00:00","og_image":[{"width":986,"height":302,"url":"https:\/\/telemme.mmsh.fr\/wp-content\/uploads\/2026\/01\/imperialseas.png","type":"image\/png"}],"author":"Delphine Cavallo","twitter_card":"summary_large_image","twitter_misc":{"\u00c9crit par":"Delphine Cavallo","Dur\u00e9e de lecture estim\u00e9e":"5 minutes"},"schema":{"@context":"https:\/\/schema.org","@graph":[{"@type":"Article","@id":"https:\/\/telemme.mmsh.fr\/?p=16388#article","isPartOf":{"@id":"https:\/\/telemme.mmsh.fr\/?p=16388"},"author":{"name":"Delphine Cavallo","@id":"https:\/\/telemme.mmsh.fr\/#\/schema\/person\/86a185da4836381586528ced48e263f5"},"headline":"[AAC] Imperial Seas","datePublished":"2026-01-06T10:18:51+00:00","dateModified":"2026-01-06T10:19:35+00:00","mainEntityOfPage":{"@id":"https:\/\/telemme.mmsh.fr\/?p=16388"},"wordCount":1035,"publisher":{"@id":"https:\/\/telemme.mmsh.fr\/#organization"},"image":{"@id":"https:\/\/telemme.mmsh.fr\/?p=16388#primaryimage"},"thumbnailUrl":"https:\/\/telemme.mmsh.fr\/wp-content\/uploads\/2026\/01\/imperialseas.png","keywords":["\u00e9cole d&#039;\u00e9t\u00e9"],"articleSection":["Appels \u00e0 candidature"],"inLanguage":"fr-FR"},{"@type":"WebPage","@id":"https:\/\/telemme.mmsh.fr\/?p=16388","url":"https:\/\/telemme.mmsh.fr\/?p=16388","name":"[AAC] Imperial Seas - TELEMMe - Temps, espaces, langages, Europe m\u00e9ridionale, M\u00e9diterran\u00e9e","isPartOf":{"@id":"https:\/\/telemme.mmsh.fr\/#website"},"primaryImageOfPage":{"@id":"https:\/\/telemme.mmsh.fr\/?p=16388#primaryimage"},"image":{"@id":"https:\/\/telemme.mmsh.fr\/?p=16388#primaryimage"},"thumbnailUrl":"https:\/\/telemme.mmsh.fr\/wp-content\/uploads\/2026\/01\/imperialseas.png","datePublished":"2026-01-06T10:18:51+00:00","dateModified":"2026-01-06T10:19:35+00:00","breadcrumb":{"@id":"https:\/\/telemme.mmsh.fr\/?p=16388#breadcrumb"},"inLanguage":"fr-FR","potentialAction":[{"@type":"ReadAction","target":["https:\/\/telemme.mmsh.fr\/?p=16388"]}]},{"@type":"ImageObject","inLanguage":"fr-FR","@id":"https:\/\/telemme.mmsh.fr\/?p=16388#primaryimage","url":"https:\/\/telemme.mmsh.fr\/wp-content\/uploads\/2026\/01\/imperialseas.png","contentUrl":"https:\/\/telemme.mmsh.fr\/wp-content\/uploads\/2026\/01\/imperialseas.png","width":986,"height":302,"caption":"Imperial Seas, EFA"},{"@type":"BreadcrumbList","@id":"https:\/\/telemme.mmsh.fr\/?p=16388#breadcrumb","itemListElement":[{"@type":"ListItem","position":1,"name":"Accueil","item":"https:\/\/telemme.mmsh.fr\/"},{"@type":"ListItem","position":2,"name":"Actualit\u00e9s","item":"https:\/\/telemme.mmsh.fr\/?cat=1995"},{"@type":"ListItem","position":3,"name":"Appels \u00e0 candidature","item":"https:\/\/telemme.mmsh.fr\/?cat=2026"},{"@type":"ListItem","position":4,"name":"[AAC] Imperial Seas"}]},{"@type":"WebSite","@id":"https:\/\/telemme.mmsh.fr\/#website","url":"https:\/\/telemme.mmsh.fr\/","name":"TELEMMe - Temps, espaces, langages, Europe m\u00e9ridionale, M\u00e9diterran\u00e9e","description":"","publisher":{"@id":"https:\/\/telemme.mmsh.fr\/#organization"},"potentialAction":[{"@type":"SearchAction","target":{"@type":"EntryPoint","urlTemplate":"https:\/\/telemme.mmsh.fr\/?s={search_term_string}"},"query-input":{"@type":"PropertyValueSpecification","valueRequired":true,"valueName":"search_term_string"}}],"inLanguage":"fr-FR"},{"@type":"Organization","@id":"https:\/\/telemme.mmsh.fr\/#organization","name":"TELEMMe","url":"https:\/\/telemme.mmsh.fr\/","logo":{"@type":"ImageObject","inLanguage":"fr-FR","@id":"https:\/\/telemme.mmsh.fr\/#\/schema\/logo\/image\/","url":"https:\/\/telemme.mmsh.fr\/wp-content\/uploads\/2020\/03\/LogoTELEMMe-horizontal-fond-transparent.png","contentUrl":"https:\/\/telemme.mmsh.fr\/wp-content\/uploads\/2020\/03\/LogoTELEMMe-horizontal-fond-transparent.png","width":1500,"height":437,"caption":"TELEMMe"},"image":{"@id":"https:\/\/telemme.mmsh.fr\/#\/schema\/logo\/image\/"}},{"@type":"Person","@id":"https:\/\/telemme.mmsh.fr\/#\/schema\/person\/86a185da4836381586528ced48e263f5","name":"Delphine Cavallo","url":"https:\/\/telemme.mmsh.fr\/?author=6"}]}},"_links":{"self":[{"href":"https:\/\/telemme.mmsh.fr\/index.php?rest_route=\/wp\/v2\/posts\/16388","targetHints":{"allow":["GET"]}}],"collection":[{"href":"https:\/\/telemme.mmsh.fr\/index.php?rest_route=\/wp\/v2\/posts"}],"about":[{"href":"https:\/\/telemme.mmsh.fr\/index.php?rest_route=\/wp\/v2\/types\/post"}],"author":[{"embeddable":true,"href":"https:\/\/telemme.mmsh.fr\/index.php?rest_route=\/wp\/v2\/users\/6"}],"replies":[{"embeddable":true,"href":"https:\/\/telemme.mmsh.fr\/index.php?rest_route=%2Fwp%2Fv2%2Fcomments&post=16388"}],"version-history":[{"count":4,"href":"https:\/\/telemme.mmsh.fr\/index.php?rest_route=\/wp\/v2\/posts\/16388\/revisions"}],"predecessor-version":[{"id":16393,"href":"https:\/\/telemme.mmsh.fr\/index.php?rest_route=\/wp\/v2\/posts\/16388\/revisions\/16393"}],"wp:featuredmedia":[{"embeddable":true,"href":"https:\/\/telemme.mmsh.fr\/index.php?rest_route=\/wp\/v2\/media\/16392"}],"wp:attachment":[{"href":"https:\/\/telemme.mmsh.fr\/index.php?rest_route=%2Fwp%2Fv2%2Fmedia&parent=16388"}],"wp:term":[{"taxonomy":"category","embeddable":true,"href":"https:\/\/telemme.mmsh.fr\/index.php?rest_route=%2Fwp%2Fv2%2Fcategories&post=16388"},{"taxonomy":"post_tag","embeddable":true,"href":"https:\/\/telemme.mmsh.fr\/index.php?rest_route=%2Fwp%2Fv2%2Ftags&post=16388"}],"curies":[{"name":"wp","href":"https:\/\/api.w.org\/{rel}","templated":true}]}}