{"id":16300,"date":"2025-12-08T17:48:32","date_gmt":"2025-12-08T16:48:32","guid":{"rendered":"https:\/\/telemme.mmsh.fr\/?p=16300"},"modified":"2025-12-08T17:48:32","modified_gmt":"2025-12-08T16:48:32","slug":"lalgerie-contemporaine-au-prisme-de-ses-marges","status":"publish","type":"post","link":"https:\/\/telemme.mmsh.fr\/?p=16300","title":{"rendered":"L\u2019Alg\u00e9rie contemporaine au prisme de ses marges"},"content":{"rendered":"\n<blockquote class=\"wp-block-quote is-layout-flow wp-block-quote-is-layout-flow\">\n<p><em><a href=\"https:\/\/espritcritique.hypotheses.org\/5415\"><strong>L\u2019Alg\u00e9rie contemporaine au prisme de ses marges : re-constructions identitaires, migrations et exp\u00e9riences de la subalternit\u00e9<\/strong><\/a><\/em>, <a href=\"https:\/\/telemme.mmsh.fr\/?membres=hassaini-louna\">Louna Hassaini Moussaoui<\/a>, L\u00e9na Haziza, <a href=\"https:\/\/telemme.mmsh.fr\/?membres=melina-joyeux\">M\u00e9lina Joyeux<\/a> et Margherita Rasulo (dir.), Esprit critique. Revue\u00a0internationale de sociologie et sciences sociales, vol. 35.1, novembre 2025, 291 pages<\/p>\n<\/blockquote>\n\n\n\n<p>N\u00e9 de la volont\u00e9 de prolonger les r\u00e9flexions partag\u00e9es lors d&rsquo;une journ\u00e9e d&rsquo;\u00e9tudes qui s&rsquo;est tenue \u00e0 la MMSH en juin 2024, ce dossier propose d\u2019aborder l\u2019Alg\u00e9rie contemporaine \u00e0 partir de ses marges \u2013 territoriales, sociales, linguistiques, m\u00e9morielles ou politiques \u2013 en s\u2019int\u00e9ressant aux mani\u00e8res dont se recomposent les identit\u00e9s, se vivent les rapports de pouvoir et se d\u00e9ploient les exp\u00e9riences de la subalternit\u00e9. Les contributions croisent enqu\u00eates de terrain, analyses historiques, g\u00e9ographiques, sociologiques et anthropologiques, et mobilisent une pluralit\u00e9 de mat\u00e9riaux (archives, ethnographies, r\u00e9cits biographiques, litt\u00e9rature, arts, analyses filmiques, etc.).<\/p>\n\n\n\n<p>Le dossier est en acc\u00e8s libre \u00e0 cette adresse : <a href=\"https:\/\/espritcritique.hypotheses.org\/5415\">https:\/\/espritcritique.hypotheses.org\/5415<\/a><\/p>\n\n\n\n<h3 class=\"wp-block-heading\"><strong>Sommaire&nbsp;<\/strong><\/h3>\n\n\n\n<figure class=\"wp-block-table\"><table class=\"has-fixed-layout\"><tbody><tr><td><img loading=\"lazy\" decoding=\"async\" src=\"https:\/\/espritcritique.hypotheses.org\/files\/2025\/10\/montage-Manon-couv-278x300.png\" alt=\"\" width=\"173\" height=\"187\" srcset=\"https:\/\/espritcritique.hypotheses.org\/files\/2025\/10\/montage-Manon-couv-278x300.png 278w, https:\/\/espritcritique.hypotheses.org\/files\/2025\/10\/montage-Manon-couv.png 386w\">Illustration Manon Sebah<\/td><td><strong>Louna Hassaini Moussaoui, L\u00e9na Haziza, M\u00e9lina Joyeux et Margherita Rasulo<\/strong> &nbsp; <strong>Introduction. <\/strong>D\u00e9construire l\u2019h\u00e9g\u00e9monie, interroger les marges : une approche pluridisciplinaire des exp\u00e9riences de la subalternit\u00e9 <a href=\"https:\/\/espritcritique.hypotheses.org\/files\/2025\/10\/vol-35-1-introduction.pdf\">vol 35-1 introduction<\/a><\/td><td>5<\/td><\/tr><tr><td colspan=\"2\"><strong>L\u2019\u00c9tat-nation \u00e0 l\u2019\u00e9preuve de la pluralit\u00e9, entre reconnaissance et effacement<\/strong> &nbsp;<\/td><td><strong>19<\/strong><\/td><\/tr><tr><td><img loading=\"lazy\" decoding=\"async\" src=\"https:\/\/espritcritique.hypotheses.org\/files\/2025\/10\/Tilmatine-Algerie-360\u00b0-MA-2019-300x137.png\" alt=\"\" width=\"300\" height=\"137\" srcset=\"https:\/\/espritcritique.hypotheses.org\/files\/2025\/10\/Tilmatine-Algerie-360\u00b0-MA-2019-300x137.png 300w, https:\/\/espritcritique.hypotheses.org\/files\/2025\/10\/Tilmatine-Algerie-360\u00b0-MA-2019-500x228.png 500w, https:\/\/espritcritique.hypotheses.org\/files\/2025\/10\/Tilmatine-Algerie-360\u00b0-MA-2019-768x350.png 768w, https:\/\/espritcritique.hypotheses.org\/files\/2025\/10\/Tilmatine-Algerie-360\u00b0-MA-2019.png 932w\"> &nbsp;<\/td><td><strong>Mohand Tilmatine<\/strong> H\u00e9g\u00e9monie, minorit\u00e9s et subjectivation en Alg\u00e9rie : la Kabylie <a href=\"https:\/\/espritcritique.hypotheses.org\/files\/2025\/10\/vol-35-1-pdf-Tilmatine.pdf\">vol 35-1 pdf Tilmatine<\/a><\/td><td>21<\/td><\/tr><tr><td>&nbsp;<\/td><td>&nbsp;<\/td><td>&nbsp;<\/td><\/tr><tr><td><img loading=\"lazy\" decoding=\"async\" src=\"https:\/\/espritcritique.hypotheses.org\/files\/2025\/10\/ould-fella-Photo-Lhossine-cc-2012-300x173.png\" alt=\"\" width=\"300\" height=\"173\" srcset=\"https:\/\/espritcritique.hypotheses.org\/files\/2025\/10\/ould-fella-Photo-Lhossine-cc-2012-300x173.png 300w, https:\/\/espritcritique.hypotheses.org\/files\/2025\/10\/ould-fella-Photo-Lhossine-cc-2012-500x288.png 500w, https:\/\/espritcritique.hypotheses.org\/files\/2025\/10\/ould-fella-Photo-Lhossine-cc-2012.png 720w\"><\/td><td><strong>Abdenour Ould Fella<\/strong> Vers un renouvellement de l\u2019ethnographie du champ amazigh : pratique(s) de l\u2019anthropologie au d\u00e9partement de langue et de culture Amazighes de Bejaia (2001-2023) <a href=\"https:\/\/espritcritique.hypotheses.org\/files\/2025\/12\/vol-35-1-pdf-Ould-Fella.pdf\">vol 35-1 pdf Ould Fella<\/a><\/td><td>59<\/td><\/tr><tr><td colspan=\"2\"><strong>Exprimer la contestation&nbsp;: temporalit\u00e9s et spatialit\u00e9s des revendications de reconnaissance<\/strong><\/td><td><strong>105<\/strong><\/td><\/tr><tr><td><img loading=\"lazy\" decoding=\"async\" src=\"https:\/\/espritcritique.hypotheses.org\/files\/2025\/10\/menel-photo-chouikh-2016-300x202.png\" alt=\"\" width=\"221\" height=\"148\" srcset=\"https:\/\/espritcritique.hypotheses.org\/files\/2025\/10\/menel-photo-chouikh-2016-300x202.png 300w, https:\/\/espritcritique.hypotheses.org\/files\/2025\/10\/menel-photo-chouikh-2016-500x336.png 500w, https:\/\/espritcritique.hypotheses.org\/files\/2025\/10\/menel-photo-chouikh-2016-768x517.png 768w, https:\/\/espritcritique.hypotheses.org\/files\/2025\/10\/menel-photo-chouikh-2016.png 1275w\"><\/td><td><strong>Menel Zeggar<\/strong> Repr\u00e9senter la pluralit\u00e9 culturelle et linguistique dans le cin\u00e9ma alg\u00e9rien depuis l\u2019ind\u00e9pendance <a href=\"https:\/\/espritcritique.hypotheses.org\/files\/2025\/10\/vol-35-1-pdf-Zeggar.pdf\">vol 35-1 pdf Zeggar<\/a><\/td><td>107<\/td><\/tr><tr><td><img loading=\"lazy\" decoding=\"async\" src=\"https:\/\/espritcritique.hypotheses.org\/files\/2025\/10\/Hemeury-photo.jpg\" alt=\"\" width=\"176\" height=\"191\"><\/td><td><strong>Ga\u00eblle Hemeury<\/strong> La ville t\u00e9moin et support de deux discours esth\u00e9tiques et\/ou politiques distincts <a href=\"https:\/\/espritcritique.hypotheses.org\/files\/2025\/10\/vol-35-1-pdf-Hemeury.pdf\">vol 35-1 pdf Hemeury<\/a><\/td><td>147<\/td><\/tr><tr><td><img loading=\"lazy\" decoding=\"async\" src=\"https:\/\/espritcritique.hypotheses.org\/files\/2025\/10\/assam-image.jpg\" alt=\"\" width=\"175\" height=\"146\"><\/td><td><strong>Malika Assam<\/strong> Mouloud Mammeri dans la m\u00e9moire collective : la construction d\u2019une figure h\u00e9ro\u00efque entre nationalisme, pan berb\u00e9risme et r\u00e9gionalisme <a href=\"https:\/\/espritcritique.hypotheses.org\/files\/2025\/10\/vol-35-1-pdf-Assam.pdf\">vol 35-1 pdf Assam<\/a><\/td><td>163<\/td><\/tr><tr><td><img loading=\"lazy\" decoding=\"async\" src=\"https:\/\/espritcritique.hypotheses.org\/files\/2025\/10\/rasulo-image-300x200.png\" alt=\"\" width=\"250\" height=\"167\" srcset=\"https:\/\/espritcritique.hypotheses.org\/files\/2025\/10\/rasulo-image-300x200.png 300w, https:\/\/espritcritique.hypotheses.org\/files\/2025\/10\/rasulo-image.png 393w\"><\/td><td><strong>Margherita Rasulo&nbsp;<\/strong> Un contre-pouvoir ambivalent. La maternit\u00e9 comme ressource et contrainte pour la participation politique des femmes <a href=\"https:\/\/espritcritique.hypotheses.org\/files\/2025\/10\/vol-35-1-pdf-Rasulo.pdf\">vol 35-1 pdf Rasulo<\/a><\/td><td>183<\/td><\/tr><tr><td colspan=\"2\"><strong>Les mobilit\u00e9s vers l\u2019Alg\u00e9rie&nbsp;: exp\u00e9riences migratoires, n\u00e9gociations identitaires et nouvelles subalternit\u00e9s<\/strong><\/td><td><strong>&nbsp;209<\/strong><\/td><\/tr><tr><td><img loading=\"lazy\" decoding=\"async\" src=\"https:\/\/espritcritique.hypotheses.org\/files\/2025\/10\/garcin-image-300x167.jpg\" alt=\"\" width=\"275\" height=\"153\" srcset=\"https:\/\/espritcritique.hypotheses.org\/files\/2025\/10\/garcin-image-300x167.jpg 300w, https:\/\/espritcritique.hypotheses.org\/files\/2025\/10\/garcin-image.jpg 385w\"><\/td><td><strong>M<\/strong><strong>\u2060<\/strong><strong>argot Garcin<\/strong> Cimeti\u00e8res et m\u00e9moire des rapatri\u00e9s d\u2019Alg\u00e9rie : les \u00ab voyages du souvenir \u00bb et la r\u00e9conciliation post-coloniale <a href=\"https:\/\/espritcritique.hypotheses.org\/files\/2025\/10\/vol-35-1-pdf-Garcin.pdf\">vol 35-1 pdf Garcin<\/a><\/td><td>211<\/td><\/tr><tr><td><img loading=\"lazy\" decoding=\"async\" src=\"https:\/\/espritcritique.hypotheses.org\/files\/2025\/10\/taing-photo-said-Belguidoum-2015-300x211.png\" alt=\"\" width=\"275\" height=\"193\" srcset=\"https:\/\/espritcritique.hypotheses.org\/files\/2025\/10\/taing-photo-said-Belguidoum-2015-300x211.png 300w, https:\/\/espritcritique.hypotheses.org\/files\/2025\/10\/taing-photo-said-Belguidoum-2015-500x351.png 500w, https:\/\/espritcritique.hypotheses.org\/files\/2025\/10\/taing-photo-said-Belguidoum-2015-768x540.png 768w, https:\/\/espritcritique.hypotheses.org\/files\/2025\/10\/taing-photo-said-Belguidoum-2015.png 962w\"><\/td><td>\u2060<strong>Jean-Pierre Taing<\/strong> Les nouvelles migrations chinoises vues du Sud : travailleurs et entrepreneurs chinois en Alg\u00e9rie <a href=\"https:\/\/espritcritique.hypotheses.org\/files\/2025\/10\/vol-35-1-pdf-Taing.pdf\">vol 35-1 pdf Taing<\/a><\/td><td>235<\/td><\/tr><tr><td><img loading=\"lazy\" decoding=\"async\" src=\"https:\/\/espritcritique.hypotheses.org\/files\/2025\/10\/bureau-image-300x224.jpg\" alt=\"\" width=\"260\" height=\"194\" srcset=\"https:\/\/espritcritique.hypotheses.org\/files\/2025\/10\/bureau-image-300x224.jpg 300w, https:\/\/espritcritique.hypotheses.org\/files\/2025\/10\/bureau-image.jpg 359w\"><\/td><td><strong>Jeanne Bureau<\/strong> \u00c0 Oran, l\u2019organisation d\u2019une communaut\u00e9 camerounaise autonome dans le contexte de la criminalisation de l\u2019immigration subsaharienne <a href=\"https:\/\/espritcritique.hypotheses.org\/files\/2025\/10\/vol-35-1-pdf-Bureau.pdf\">vol 35-1 pdf Bureau<\/a><\/td><td>253<\/td><\/tr><tr><td><img loading=\"lazy\" decoding=\"async\" src=\"https:\/\/espritcritique.hypotheses.org\/files\/2025\/10\/messaoudi-image-213x300.jpg\" alt=\"\" width=\"213\" height=\"300\" srcset=\"https:\/\/espritcritique.hypotheses.org\/files\/2025\/10\/messaoudi-image-213x300.jpg 213w, https:\/\/espritcritique.hypotheses.org\/files\/2025\/10\/messaoudi-image.jpg 247w\"><\/td><td><strong>Maria Messaoudi<\/strong> Compte rendu de lecture Karima Dir\u00e8che, Nessim Znaien, Aur\u00e9lia Dusserre, <em>Une histoire politique du Maghreb contemporain \u2013 des ann\u00e9es 1950 \u00e0 nos jours.<\/em> <em>\u00c9tats, soci\u00e9t\u00e9s, cultures<\/em> (Paris, Armand Colin, 2023) <a href=\"https:\/\/espritcritique.hypotheses.org\/files\/2025\/10\/vol-35-1-pdf-Messaoudi.pdf\">vol 35-1 pdf Messaoudi<\/a><\/td><td>285<\/td><\/tr><\/tbody><\/table><\/figure>\n","protected":false},"excerpt":{"rendered":"<p>L\u2019Alg\u00e9rie contemporaine au prisme de ses marges : re-constructions identitaires, migrations et exp\u00e9riences de la subalternit\u00e9, Louna Hassaini Moussaoui, L\u00e9na Haziza, M\u00e9lina Joyeux et Margherita Rasulo (dir.), Esprit critique. Revue\u00a0internationale&hellip;&nbsp;<a href=\"https:\/\/telemme.mmsh.fr\/?p=16300\" rel=\"bookmark\">Lire la suite &raquo;<span class=\"screen-reader-text\">L\u2019Alg\u00e9rie contemporaine au prisme de ses marges<\/span><\/a><\/p>\n","protected":false},"author":6,"featured_media":16305,"comment_status":"closed","ping_status":"closed","sticky":false,"template":"","format":"standard","meta":{"neve_meta_sidebar":"","neve_meta_container":"","neve_meta_enable_content_width":"off","neve_meta_content_width":70,"neve_meta_title_alignment":"","neve_meta_author_avatar":"","neve_post_elements_order":"","neve_meta_disable_header":"","neve_meta_disable_footer":"","neve_meta_disable_title":"","_tribe_events_control_status":"","_tribe_events_control_status_canceled_reason":"","_tribe_events_control_status_postponed_reason":"","_tribe_events_control_online":"","_tribe_events_control_online_url":"","footnotes":""},"categories":[1744],"tags":[2010,1986],"class_list":["post-16300","post","type-post","status-publish","format-standard","has-post-thumbnail","hentry","category-dir-num-revue","tag-algerie","tag-migrations"],"yoast_head":"<!-- This site is optimized with the Yoast SEO plugin v27.4 - https:\/\/yoast.com\/product\/yoast-seo-wordpress\/ -->\n<title>L\u2019Alg\u00e9rie contemporaine au prisme de ses marges - TELEMMe - Temps, espaces, langages, Europe m\u00e9ridionale, M\u00e9diterran\u00e9e<\/title>\n<meta name=\"robots\" content=\"index, follow, max-snippet:-1, max-image-preview:large, max-video-preview:-1\" \/>\n<link rel=\"canonical\" href=\"https:\/\/telemme.mmsh.fr\/?p=16300\" \/>\n<meta property=\"og:locale\" content=\"fr_FR\" \/>\n<meta property=\"og:type\" content=\"article\" \/>\n<meta property=\"og:title\" content=\"L\u2019Alg\u00e9rie contemporaine au prisme de ses marges - TELEMMe - Temps, espaces, langages, Europe m\u00e9ridionale, M\u00e9diterran\u00e9e\" \/>\n<meta property=\"og:description\" content=\"L\u2019Alg\u00e9rie contemporaine au prisme de ses marges : re-constructions identitaires, migrations et exp\u00e9riences de la subalternit\u00e9, Louna Hassaini Moussaoui, L\u00e9na Haziza, M\u00e9lina Joyeux et Margherita Rasulo (dir.), Esprit critique. Revue\u00a0internationale&hellip;&nbsp;Lire la suite &raquo;L\u2019Alg\u00e9rie contemporaine au prisme de ses marges\" \/>\n<meta property=\"og:url\" content=\"https:\/\/telemme.mmsh.fr\/?p=16300\" \/>\n<meta property=\"og:site_name\" content=\"TELEMMe - Temps, espaces, langages, Europe m\u00e9ridionale, M\u00e9diterran\u00e9e\" \/>\n<meta property=\"article:published_time\" content=\"2025-12-08T16:48:32+00:00\" \/>\n<meta property=\"og:image\" content=\"https:\/\/telemme.mmsh.fr\/wp-content\/uploads\/2025\/12\/Vol35-1.jpg\" \/>\n\t<meta property=\"og:image:width\" content=\"1654\" \/>\n\t<meta property=\"og:image:height\" content=\"2339\" \/>\n\t<meta property=\"og:image:type\" content=\"image\/jpeg\" \/>\n<meta name=\"author\" content=\"Delphine Cavallo\" \/>\n<meta name=\"twitter:card\" content=\"summary_large_image\" \/>\n<meta name=\"twitter:label1\" content=\"\u00c9crit par\" \/>\n\t<meta name=\"twitter:data1\" content=\"Delphine Cavallo\" \/>\n\t<meta name=\"twitter:label2\" content=\"Dur\u00e9e de lecture estim\u00e9e\" \/>\n\t<meta name=\"twitter:data2\" content=\"3 minutes\" \/>\n<script type=\"application\/ld+json\" class=\"yoast-schema-graph\">{\"@context\":\"https:\\\/\\\/schema.org\",\"@graph\":[{\"@type\":\"Article\",\"@id\":\"https:\\\/\\\/telemme.mmsh.fr\\\/?p=16300#article\",\"isPartOf\":{\"@id\":\"https:\\\/\\\/telemme.mmsh.fr\\\/?p=16300\"},\"author\":{\"name\":\"Delphine Cavallo\",\"@id\":\"https:\\\/\\\/telemme.mmsh.fr\\\/#\\\/schema\\\/person\\\/86a185da4836381586528ced48e263f5\"},\"headline\":\"L\u2019Alg\u00e9rie contemporaine au prisme de ses marges\",\"datePublished\":\"2025-12-08T16:48:32+00:00\",\"mainEntityOfPage\":{\"@id\":\"https:\\\/\\\/telemme.mmsh.fr\\\/?p=16300\"},\"wordCount\":516,\"publisher\":{\"@id\":\"https:\\\/\\\/telemme.mmsh.fr\\\/#organization\"},\"image\":{\"@id\":\"https:\\\/\\\/telemme.mmsh.fr\\\/?p=16300#primaryimage\"},\"thumbnailUrl\":\"https:\\\/\\\/telemme.mmsh.fr\\\/wp-content\\\/uploads\\\/2025\\\/12\\\/Vol35-1.jpg\",\"keywords\":[\"Alg\u00e9rie\",\"migrations\"],\"articleSection\":[\"Directions de num\u00e9ro de revue\"],\"inLanguage\":\"fr-FR\"},{\"@type\":\"WebPage\",\"@id\":\"https:\\\/\\\/telemme.mmsh.fr\\\/?p=16300\",\"url\":\"https:\\\/\\\/telemme.mmsh.fr\\\/?p=16300\",\"name\":\"L\u2019Alg\u00e9rie contemporaine au prisme de ses marges - TELEMMe - Temps, espaces, langages, Europe m\u00e9ridionale, M\u00e9diterran\u00e9e\",\"isPartOf\":{\"@id\":\"https:\\\/\\\/telemme.mmsh.fr\\\/#website\"},\"primaryImageOfPage\":{\"@id\":\"https:\\\/\\\/telemme.mmsh.fr\\\/?p=16300#primaryimage\"},\"image\":{\"@id\":\"https:\\\/\\\/telemme.mmsh.fr\\\/?p=16300#primaryimage\"},\"thumbnailUrl\":\"https:\\\/\\\/telemme.mmsh.fr\\\/wp-content\\\/uploads\\\/2025\\\/12\\\/Vol35-1.jpg\",\"datePublished\":\"2025-12-08T16:48:32+00:00\",\"breadcrumb\":{\"@id\":\"https:\\\/\\\/telemme.mmsh.fr\\\/?p=16300#breadcrumb\"},\"inLanguage\":\"fr-FR\",\"potentialAction\":[{\"@type\":\"ReadAction\",\"target\":[\"https:\\\/\\\/telemme.mmsh.fr\\\/?p=16300\"]}]},{\"@type\":\"ImageObject\",\"inLanguage\":\"fr-FR\",\"@id\":\"https:\\\/\\\/telemme.mmsh.fr\\\/?p=16300#primaryimage\",\"url\":\"https:\\\/\\\/telemme.mmsh.fr\\\/wp-content\\\/uploads\\\/2025\\\/12\\\/Vol35-1.jpg\",\"contentUrl\":\"https:\\\/\\\/telemme.mmsh.fr\\\/wp-content\\\/uploads\\\/2025\\\/12\\\/Vol35-1.jpg\",\"width\":1654,\"height\":2339,\"caption\":\"Couverture de \u00ab L\u2019Alg\u00e9rie contemporaine au prisme de ses marges : re-constructions identitaires, migrations et exp\u00e9riences de la subalternit\u00e9 \u00bb,\"},{\"@type\":\"BreadcrumbList\",\"@id\":\"https:\\\/\\\/telemme.mmsh.fr\\\/?p=16300#breadcrumb\",\"itemListElement\":[{\"@type\":\"ListItem\",\"position\":1,\"name\":\"Accueil\",\"item\":\"https:\\\/\\\/telemme.mmsh.fr\\\/\"},{\"@type\":\"ListItem\",\"position\":2,\"name\":\"Publications\",\"item\":\"https:\\\/\\\/telemme.mmsh.fr\\\/?cat=1738\"},{\"@type\":\"ListItem\",\"position\":3,\"name\":\"Directions de num\u00e9ro de revue\",\"item\":\"https:\\\/\\\/telemme.mmsh.fr\\\/?cat=1744\"},{\"@type\":\"ListItem\",\"position\":4,\"name\":\"L\u2019Alg\u00e9rie contemporaine au prisme de ses marges\"}]},{\"@type\":\"WebSite\",\"@id\":\"https:\\\/\\\/telemme.mmsh.fr\\\/#website\",\"url\":\"https:\\\/\\\/telemme.mmsh.fr\\\/\",\"name\":\"TELEMMe - Temps, espaces, langages, Europe m\u00e9ridionale, M\u00e9diterran\u00e9e\",\"description\":\"\",\"publisher\":{\"@id\":\"https:\\\/\\\/telemme.mmsh.fr\\\/#organization\"},\"potentialAction\":[{\"@type\":\"SearchAction\",\"target\":{\"@type\":\"EntryPoint\",\"urlTemplate\":\"https:\\\/\\\/telemme.mmsh.fr\\\/?s={search_term_string}\"},\"query-input\":{\"@type\":\"PropertyValueSpecification\",\"valueRequired\":true,\"valueName\":\"search_term_string\"}}],\"inLanguage\":\"fr-FR\"},{\"@type\":\"Organization\",\"@id\":\"https:\\\/\\\/telemme.mmsh.fr\\\/#organization\",\"name\":\"TELEMMe\",\"url\":\"https:\\\/\\\/telemme.mmsh.fr\\\/\",\"logo\":{\"@type\":\"ImageObject\",\"inLanguage\":\"fr-FR\",\"@id\":\"https:\\\/\\\/telemme.mmsh.fr\\\/#\\\/schema\\\/logo\\\/image\\\/\",\"url\":\"https:\\\/\\\/telemme.mmsh.fr\\\/wp-content\\\/uploads\\\/2020\\\/03\\\/LogoTELEMMe-horizontal-fond-transparent.png\",\"contentUrl\":\"https:\\\/\\\/telemme.mmsh.fr\\\/wp-content\\\/uploads\\\/2020\\\/03\\\/LogoTELEMMe-horizontal-fond-transparent.png\",\"width\":1500,\"height\":437,\"caption\":\"TELEMMe\"},\"image\":{\"@id\":\"https:\\\/\\\/telemme.mmsh.fr\\\/#\\\/schema\\\/logo\\\/image\\\/\"}},{\"@type\":\"Person\",\"@id\":\"https:\\\/\\\/telemme.mmsh.fr\\\/#\\\/schema\\\/person\\\/86a185da4836381586528ced48e263f5\",\"name\":\"Delphine Cavallo\",\"url\":\"https:\\\/\\\/telemme.mmsh.fr\\\/?author=6\"}]}<\/script>\n<!-- \/ Yoast SEO plugin. -->","yoast_head_json":{"title":"L\u2019Alg\u00e9rie contemporaine au prisme de ses marges - TELEMMe - Temps, espaces, langages, Europe m\u00e9ridionale, M\u00e9diterran\u00e9e","robots":{"index":"index","follow":"follow","max-snippet":"max-snippet:-1","max-image-preview":"max-image-preview:large","max-video-preview":"max-video-preview:-1"},"canonical":"https:\/\/telemme.mmsh.fr\/?p=16300","og_locale":"fr_FR","og_type":"article","og_title":"L\u2019Alg\u00e9rie contemporaine au prisme de ses marges - TELEMMe - Temps, espaces, langages, Europe m\u00e9ridionale, M\u00e9diterran\u00e9e","og_description":"L\u2019Alg\u00e9rie contemporaine au prisme de ses marges : re-constructions identitaires, migrations et exp\u00e9riences de la subalternit\u00e9, Louna Hassaini Moussaoui, L\u00e9na Haziza, M\u00e9lina Joyeux et Margherita Rasulo (dir.), Esprit critique. Revue\u00a0internationale&hellip;&nbsp;Lire la suite &raquo;L\u2019Alg\u00e9rie contemporaine au prisme de ses marges","og_url":"https:\/\/telemme.mmsh.fr\/?p=16300","og_site_name":"TELEMMe - Temps, espaces, langages, Europe m\u00e9ridionale, M\u00e9diterran\u00e9e","article_published_time":"2025-12-08T16:48:32+00:00","og_image":[{"width":1654,"height":2339,"url":"https:\/\/telemme.mmsh.fr\/wp-content\/uploads\/2025\/12\/Vol35-1.jpg","type":"image\/jpeg"}],"author":"Delphine Cavallo","twitter_card":"summary_large_image","twitter_misc":{"\u00c9crit par":"Delphine Cavallo","Dur\u00e9e de lecture estim\u00e9e":"3 minutes"},"schema":{"@context":"https:\/\/schema.org","@graph":[{"@type":"Article","@id":"https:\/\/telemme.mmsh.fr\/?p=16300#article","isPartOf":{"@id":"https:\/\/telemme.mmsh.fr\/?p=16300"},"author":{"name":"Delphine Cavallo","@id":"https:\/\/telemme.mmsh.fr\/#\/schema\/person\/86a185da4836381586528ced48e263f5"},"headline":"L\u2019Alg\u00e9rie contemporaine au prisme de ses marges","datePublished":"2025-12-08T16:48:32+00:00","mainEntityOfPage":{"@id":"https:\/\/telemme.mmsh.fr\/?p=16300"},"wordCount":516,"publisher":{"@id":"https:\/\/telemme.mmsh.fr\/#organization"},"image":{"@id":"https:\/\/telemme.mmsh.fr\/?p=16300#primaryimage"},"thumbnailUrl":"https:\/\/telemme.mmsh.fr\/wp-content\/uploads\/2025\/12\/Vol35-1.jpg","keywords":["Alg\u00e9rie","migrations"],"articleSection":["Directions de num\u00e9ro de revue"],"inLanguage":"fr-FR"},{"@type":"WebPage","@id":"https:\/\/telemme.mmsh.fr\/?p=16300","url":"https:\/\/telemme.mmsh.fr\/?p=16300","name":"L\u2019Alg\u00e9rie contemporaine au prisme de ses marges - TELEMMe - Temps, espaces, langages, Europe m\u00e9ridionale, M\u00e9diterran\u00e9e","isPartOf":{"@id":"https:\/\/telemme.mmsh.fr\/#website"},"primaryImageOfPage":{"@id":"https:\/\/telemme.mmsh.fr\/?p=16300#primaryimage"},"image":{"@id":"https:\/\/telemme.mmsh.fr\/?p=16300#primaryimage"},"thumbnailUrl":"https:\/\/telemme.mmsh.fr\/wp-content\/uploads\/2025\/12\/Vol35-1.jpg","datePublished":"2025-12-08T16:48:32+00:00","breadcrumb":{"@id":"https:\/\/telemme.mmsh.fr\/?p=16300#breadcrumb"},"inLanguage":"fr-FR","potentialAction":[{"@type":"ReadAction","target":["https:\/\/telemme.mmsh.fr\/?p=16300"]}]},{"@type":"ImageObject","inLanguage":"fr-FR","@id":"https:\/\/telemme.mmsh.fr\/?p=16300#primaryimage","url":"https:\/\/telemme.mmsh.fr\/wp-content\/uploads\/2025\/12\/Vol35-1.jpg","contentUrl":"https:\/\/telemme.mmsh.fr\/wp-content\/uploads\/2025\/12\/Vol35-1.jpg","width":1654,"height":2339,"caption":"Couverture de \u00ab L\u2019Alg\u00e9rie contemporaine au prisme de ses marges : re-constructions identitaires, migrations et exp\u00e9riences de la subalternit\u00e9 \u00bb,"},{"@type":"BreadcrumbList","@id":"https:\/\/telemme.mmsh.fr\/?p=16300#breadcrumb","itemListElement":[{"@type":"ListItem","position":1,"name":"Accueil","item":"https:\/\/telemme.mmsh.fr\/"},{"@type":"ListItem","position":2,"name":"Publications","item":"https:\/\/telemme.mmsh.fr\/?cat=1738"},{"@type":"ListItem","position":3,"name":"Directions de num\u00e9ro de revue","item":"https:\/\/telemme.mmsh.fr\/?cat=1744"},{"@type":"ListItem","position":4,"name":"L\u2019Alg\u00e9rie contemporaine au prisme de ses marges"}]},{"@type":"WebSite","@id":"https:\/\/telemme.mmsh.fr\/#website","url":"https:\/\/telemme.mmsh.fr\/","name":"TELEMMe - Temps, espaces, langages, Europe m\u00e9ridionale, M\u00e9diterran\u00e9e","description":"","publisher":{"@id":"https:\/\/telemme.mmsh.fr\/#organization"},"potentialAction":[{"@type":"SearchAction","target":{"@type":"EntryPoint","urlTemplate":"https:\/\/telemme.mmsh.fr\/?s={search_term_string}"},"query-input":{"@type":"PropertyValueSpecification","valueRequired":true,"valueName":"search_term_string"}}],"inLanguage":"fr-FR"},{"@type":"Organization","@id":"https:\/\/telemme.mmsh.fr\/#organization","name":"TELEMMe","url":"https:\/\/telemme.mmsh.fr\/","logo":{"@type":"ImageObject","inLanguage":"fr-FR","@id":"https:\/\/telemme.mmsh.fr\/#\/schema\/logo\/image\/","url":"https:\/\/telemme.mmsh.fr\/wp-content\/uploads\/2020\/03\/LogoTELEMMe-horizontal-fond-transparent.png","contentUrl":"https:\/\/telemme.mmsh.fr\/wp-content\/uploads\/2020\/03\/LogoTELEMMe-horizontal-fond-transparent.png","width":1500,"height":437,"caption":"TELEMMe"},"image":{"@id":"https:\/\/telemme.mmsh.fr\/#\/schema\/logo\/image\/"}},{"@type":"Person","@id":"https:\/\/telemme.mmsh.fr\/#\/schema\/person\/86a185da4836381586528ced48e263f5","name":"Delphine Cavallo","url":"https:\/\/telemme.mmsh.fr\/?author=6"}]}},"_links":{"self":[{"href":"https:\/\/telemme.mmsh.fr\/index.php?rest_route=\/wp\/v2\/posts\/16300","targetHints":{"allow":["GET"]}}],"collection":[{"href":"https:\/\/telemme.mmsh.fr\/index.php?rest_route=\/wp\/v2\/posts"}],"about":[{"href":"https:\/\/telemme.mmsh.fr\/index.php?rest_route=\/wp\/v2\/types\/post"}],"author":[{"embeddable":true,"href":"https:\/\/telemme.mmsh.fr\/index.php?rest_route=\/wp\/v2\/users\/6"}],"replies":[{"embeddable":true,"href":"https:\/\/telemme.mmsh.fr\/index.php?rest_route=%2Fwp%2Fv2%2Fcomments&post=16300"}],"version-history":[{"count":4,"href":"https:\/\/telemme.mmsh.fr\/index.php?rest_route=\/wp\/v2\/posts\/16300\/revisions"}],"predecessor-version":[{"id":16304,"href":"https:\/\/telemme.mmsh.fr\/index.php?rest_route=\/wp\/v2\/posts\/16300\/revisions\/16304"}],"wp:featuredmedia":[{"embeddable":true,"href":"https:\/\/telemme.mmsh.fr\/index.php?rest_route=\/wp\/v2\/media\/16305"}],"wp:attachment":[{"href":"https:\/\/telemme.mmsh.fr\/index.php?rest_route=%2Fwp%2Fv2%2Fmedia&parent=16300"}],"wp:term":[{"taxonomy":"category","embeddable":true,"href":"https:\/\/telemme.mmsh.fr\/index.php?rest_route=%2Fwp%2Fv2%2Fcategories&post=16300"},{"taxonomy":"post_tag","embeddable":true,"href":"https:\/\/telemme.mmsh.fr\/index.php?rest_route=%2Fwp%2Fv2%2Ftags&post=16300"}],"curies":[{"name":"wp","href":"https:\/\/api.w.org\/{rel}","templated":true}]}}