{"id":16279,"date":"2025-12-04T13:22:39","date_gmt":"2025-12-04T12:22:39","guid":{"rendered":"https:\/\/telemme.mmsh.fr\/?p=16279"},"modified":"2025-12-09T09:21:21","modified_gmt":"2025-12-09T08:21:21","slug":"representer-et-utiliser-les-espaces-urbains-dans-lart-fragments-des-histoires-des-subalternes-en-mediterranee-de-1960-a-aujourdhui","status":"publish","type":"post","link":"https:\/\/telemme.mmsh.fr\/?p=16279","title":{"rendered":"Repr\u00e9senter et utiliser les espaces urbains dans l\u2019art : fragments des histoires des subalternes en M\u00e9diterran\u00e9e de 1960 \u00e0 aujourd\u2019hui"},"content":{"rendered":"<p>L\u00e9a Battais soutiendra sa th\u00e8se de doctorat, intitul\u00e9e <strong><em>Repr\u00e9senter et utiliser les espaces urbains dans l\u2019art : fragments des histoires des subalternes en M\u00e9diterran\u00e9e de 1960 \u00e0 aujourd\u2019hui,<\/em><\/strong> jeudi 18 d\u00e9cembre 2025 \u00e0 14h au FRAC Sud \u2013 Cit\u00e9 de l\u2019art contemporain, Centre de documentation recherche (20 boulevard de Dunkerque, 13002 Marseille). La soutenance sera suivie d&rsquo;un pot vers 18h. L&rsquo;entr\u00e9e se fait par l&rsquo;entr\u00e9e principale du Frac \u00e0 partir de 13h45.<\/p>\n<h2>R\u00e9sum\u00e9 :<\/h2>\n<p>Cette th\u00e8se interroge les utilisations et les repr\u00e9sentations des espaces urbains dans l\u2019art en M\u00e9diterran\u00e9e depuis les ann\u00e9es 1960. \u00c0 travers l\u2019analyse de leurs formes, de leurs mutations et des id\u00e9ologies et discours qui les sous-tendent, les \u0153uvres \u00e9tudi\u00e9es r\u00e9v\u00e8lent des m\u00e9canismes de pouvoir et de domination \u00e0 diff\u00e9rentes \u00e9chelles (internationale, infra-imp\u00e9riale ou infranationale) inscrits dans la dimension urbaine.<br \/>\nAncr\u00e9e dans des contextes historiques, politiques, socioculturels, \u00e9conomiques et g\u00e9ographiques vari\u00e9s, cette recherche propose un r\u00e9pertoire non exhaustif de pratiques artistiques o\u00f9 \u00e9mergent narrations subalternes, fragments historiques inscrits dans les espaces urbains et r\u00e9cits conflictuels en M\u00e9diterran\u00e9e, en rupture avec les discours h\u00e9g\u00e9moniques publics du Nord ou avec les romans nationaux.<br \/>\nLa lecture pluridimensionnelle des espaces urbains (paysage, fonctionnalit\u00e9, espace social et du quotidien) met en lumi\u00e8re un corpus artistique et des contextes de cr\u00e9ation et de production tr\u00e8s divers, propices \u00e0 une lecture comparative entre typologies d\u2019\u0153uvres, d\u2019espaces et de th\u00e9matiques. Cette approche, nourrie d\u2019entretiens avec les artistes, d\u2019\u00e9tudes de cas et d\u2019un terrain participatif, permet d\u2019identifier objectifs, conjonctures et \u00e9volutions (formelles, \u00e9thiques, conceptuelles) qui ont men\u00e9 les artistes \u00e0 analyser ou \u00e0 investir la dimension urbaine.<br \/>\n<strong>Mots cl\u00e9s<\/strong> : art et espaces urbains, M\u00e9diterran\u00e9e, critique urbaine, repr\u00e9sentations.<\/p>\n<h2>Composition du jury :<\/h2>\n<ul>\n<li><strong>Paula Barreiro-Lopez<\/strong>, Professeure des universit\u00e9s Universit\u00e9 de Toulouse 2 \u2013 Jean Jaur\u00e8s (Pr\u00e9sidente, rapporteuse)<\/li>\n<li><strong>\u00c9ric Villagordo<\/strong>, Professeur des universit\u00e9s Universit\u00e9 Paul-Val\u00e9ry Montpellier 3 (Rapporteur)<\/li>\n<li><strong>Marine Sch\u00fctz,<\/strong> Ma\u00eetresse de conf\u00e9rences, Universit\u00e9 de Picardie Jules Verne (Examinatrice)<\/li>\n<li><strong>Muriel Enjalran<\/strong>, Directrice du Fond R\u00e9gional d\u2019Art Contemporain (Frac) Sud, Cit\u00e9 de l\u2019art contemporain, Marseille (Invit\u00e9e)<\/li>\n<li><strong>Sylvia Girel<\/strong>, Professeure des universit\u00e9s, Aix Marseille Universit\u00e9, MESOPOLHIS (Co-directrice)<\/li>\n<li><strong>Pierre Pinchon<\/strong>, Professeur des universit\u00e9s, Aix Marseille Universit\u00e9, TELEMMe (Co-directeur)<\/li>\n<\/ul>\n","protected":false},"excerpt":{"rendered":"<p>L\u00e9a Battais soutiendra sa th\u00e8se de doctorat, intitul\u00e9e Repr\u00e9senter et utiliser les espaces urbains dans l\u2019art : fragments des histoires des subalternes en M\u00e9diterran\u00e9e de 1960 \u00e0 aujourd\u2019hui, jeudi 18&hellip;&nbsp;<a href=\"https:\/\/telemme.mmsh.fr\/?p=16279\" rel=\"bookmark\">Lire la suite &raquo;<span class=\"screen-reader-text\">Repr\u00e9senter et utiliser les espaces urbains dans l\u2019art : fragments des histoires des subalternes en M\u00e9diterran\u00e9e de 1960 \u00e0 aujourd\u2019hui<\/span><\/a><\/p>\n","protected":false},"author":6,"featured_media":13518,"comment_status":"closed","ping_status":"closed","sticky":false,"template":"","format":"standard","meta":{"neve_meta_sidebar":"","neve_meta_container":"","neve_meta_enable_content_width":"off","neve_meta_content_width":70,"neve_meta_title_alignment":"","neve_meta_author_avatar":"","neve_post_elements_order":"","neve_meta_disable_header":"","neve_meta_disable_footer":"","neve_meta_disable_title":"","_tribe_events_control_status":"","_tribe_events_control_status_canceled_reason":"","_tribe_events_control_status_postponed_reason":"","_tribe_events_control_online":"","_tribe_events_control_online_url":"","footnotes":""},"categories":[1999],"tags":[2037],"class_list":["post-16279","post","type-post","status-publish","format-standard","has-post-thumbnail","hentry","category-soutenance-these","tag-histoire-de-lart"],"yoast_head":"<!-- This site is optimized with the Yoast SEO plugin v27.4 - https:\/\/yoast.com\/product\/yoast-seo-wordpress\/ -->\n<title>Repr\u00e9senter et utiliser les espaces urbains dans l\u2019art : fragments des histoires des subalternes en M\u00e9diterran\u00e9e de 1960 \u00e0 aujourd\u2019hui - TELEMMe - Temps, espaces, langages, Europe m\u00e9ridionale, M\u00e9diterran\u00e9e<\/title>\n<meta name=\"robots\" content=\"index, follow, max-snippet:-1, max-image-preview:large, max-video-preview:-1\" \/>\n<link rel=\"canonical\" href=\"https:\/\/telemme.mmsh.fr\/?p=16279\" \/>\n<meta property=\"og:locale\" content=\"fr_FR\" \/>\n<meta property=\"og:type\" content=\"article\" \/>\n<meta property=\"og:title\" content=\"Repr\u00e9senter et utiliser les espaces urbains dans l\u2019art : fragments des histoires des subalternes en M\u00e9diterran\u00e9e de 1960 \u00e0 aujourd\u2019hui - TELEMMe - Temps, espaces, langages, Europe m\u00e9ridionale, M\u00e9diterran\u00e9e\" \/>\n<meta property=\"og:description\" content=\"L\u00e9a Battais soutiendra sa th\u00e8se de doctorat, intitul\u00e9e Repr\u00e9senter et utiliser les espaces urbains dans l\u2019art : fragments des histoires des subalternes en M\u00e9diterran\u00e9e de 1960 \u00e0 aujourd\u2019hui, jeudi 18&hellip;&nbsp;Lire la suite &raquo;Repr\u00e9senter et utiliser les espaces urbains dans l\u2019art : fragments des histoires des subalternes en M\u00e9diterran\u00e9e de 1960 \u00e0 aujourd\u2019hui\" \/>\n<meta property=\"og:url\" content=\"https:\/\/telemme.mmsh.fr\/?p=16279\" \/>\n<meta property=\"og:site_name\" content=\"TELEMMe - Temps, espaces, langages, Europe m\u00e9ridionale, M\u00e9diterran\u00e9e\" \/>\n<meta property=\"article:published_time\" content=\"2025-12-04T12:22:39+00:00\" \/>\n<meta property=\"article:modified_time\" content=\"2025-12-09T08:21:21+00:00\" \/>\n<meta property=\"og:image\" content=\"https:\/\/telemme.mmsh.fr\/wp-content\/uploads\/2023\/11\/avis-soutenance.jpg\" \/>\n\t<meta property=\"og:image:width\" content=\"135\" \/>\n\t<meta property=\"og:image:height\" content=\"135\" \/>\n\t<meta property=\"og:image:type\" content=\"image\/jpeg\" \/>\n<meta name=\"author\" content=\"Delphine Cavallo\" \/>\n<meta name=\"twitter:card\" content=\"summary_large_image\" \/>\n<meta name=\"twitter:label1\" content=\"\u00c9crit par\" \/>\n\t<meta name=\"twitter:data1\" content=\"Delphine Cavallo\" \/>\n\t<meta name=\"twitter:label2\" content=\"Dur\u00e9e de lecture estim\u00e9e\" \/>\n\t<meta name=\"twitter:data2\" content=\"2 minutes\" \/>\n<script type=\"application\/ld+json\" class=\"yoast-schema-graph\">{\"@context\":\"https:\\\/\\\/schema.org\",\"@graph\":[{\"@type\":\"Article\",\"@id\":\"https:\\\/\\\/telemme.mmsh.fr\\\/?p=16279#article\",\"isPartOf\":{\"@id\":\"https:\\\/\\\/telemme.mmsh.fr\\\/?p=16279\"},\"author\":{\"name\":\"Delphine Cavallo\",\"@id\":\"https:\\\/\\\/telemme.mmsh.fr\\\/#\\\/schema\\\/person\\\/86a185da4836381586528ced48e263f5\"},\"headline\":\"Repr\u00e9senter et utiliser les espaces urbains dans l\u2019art : fragments des histoires des subalternes en M\u00e9diterran\u00e9e de 1960 \u00e0 aujourd\u2019hui\",\"datePublished\":\"2025-12-04T12:22:39+00:00\",\"dateModified\":\"2025-12-09T08:21:21+00:00\",\"mainEntityOfPage\":{\"@id\":\"https:\\\/\\\/telemme.mmsh.fr\\\/?p=16279\"},\"wordCount\":414,\"publisher\":{\"@id\":\"https:\\\/\\\/telemme.mmsh.fr\\\/#organization\"},\"image\":{\"@id\":\"https:\\\/\\\/telemme.mmsh.fr\\\/?p=16279#primaryimage\"},\"thumbnailUrl\":\"https:\\\/\\\/telemme.mmsh.fr\\\/wp-content\\\/uploads\\\/2023\\\/11\\\/avis-soutenance.jpg\",\"keywords\":[\"histoire de l&#039;art\"],\"articleSection\":[\"Soutenances de th\u00e8se\"],\"inLanguage\":\"fr-FR\"},{\"@type\":\"WebPage\",\"@id\":\"https:\\\/\\\/telemme.mmsh.fr\\\/?p=16279\",\"url\":\"https:\\\/\\\/telemme.mmsh.fr\\\/?p=16279\",\"name\":\"Repr\u00e9senter et utiliser les espaces urbains dans l\u2019art : fragments des histoires des subalternes en M\u00e9diterran\u00e9e de 1960 \u00e0 aujourd\u2019hui - TELEMMe - Temps, espaces, langages, Europe m\u00e9ridionale, M\u00e9diterran\u00e9e\",\"isPartOf\":{\"@id\":\"https:\\\/\\\/telemme.mmsh.fr\\\/#website\"},\"primaryImageOfPage\":{\"@id\":\"https:\\\/\\\/telemme.mmsh.fr\\\/?p=16279#primaryimage\"},\"image\":{\"@id\":\"https:\\\/\\\/telemme.mmsh.fr\\\/?p=16279#primaryimage\"},\"thumbnailUrl\":\"https:\\\/\\\/telemme.mmsh.fr\\\/wp-content\\\/uploads\\\/2023\\\/11\\\/avis-soutenance.jpg\",\"datePublished\":\"2025-12-04T12:22:39+00:00\",\"dateModified\":\"2025-12-09T08:21:21+00:00\",\"breadcrumb\":{\"@id\":\"https:\\\/\\\/telemme.mmsh.fr\\\/?p=16279#breadcrumb\"},\"inLanguage\":\"fr-FR\",\"potentialAction\":[{\"@type\":\"ReadAction\",\"target\":[\"https:\\\/\\\/telemme.mmsh.fr\\\/?p=16279\"]}]},{\"@type\":\"ImageObject\",\"inLanguage\":\"fr-FR\",\"@id\":\"https:\\\/\\\/telemme.mmsh.fr\\\/?p=16279#primaryimage\",\"url\":\"https:\\\/\\\/telemme.mmsh.fr\\\/wp-content\\\/uploads\\\/2023\\\/11\\\/avis-soutenance.jpg\",\"contentUrl\":\"https:\\\/\\\/telemme.mmsh.fr\\\/wp-content\\\/uploads\\\/2023\\\/11\\\/avis-soutenance.jpg\",\"width\":135,\"height\":135,\"caption\":\"Illustration avis de soutenance de th\u00e8se\"},{\"@type\":\"BreadcrumbList\",\"@id\":\"https:\\\/\\\/telemme.mmsh.fr\\\/?p=16279#breadcrumb\",\"itemListElement\":[{\"@type\":\"ListItem\",\"position\":1,\"name\":\"Accueil\",\"item\":\"https:\\\/\\\/telemme.mmsh.fr\\\/\"},{\"@type\":\"ListItem\",\"position\":2,\"name\":\"Actualit\u00e9s\",\"item\":\"https:\\\/\\\/telemme.mmsh.fr\\\/?cat=1995\"},{\"@type\":\"ListItem\",\"position\":3,\"name\":\"Soutenances de th\u00e8se\",\"item\":\"https:\\\/\\\/telemme.mmsh.fr\\\/?cat=1999\"},{\"@type\":\"ListItem\",\"position\":4,\"name\":\"Repr\u00e9senter et utiliser les espaces urbains dans l\u2019art : fragments des histoires des subalternes en M\u00e9diterran\u00e9e de 1960 \u00e0 aujourd\u2019hui\"}]},{\"@type\":\"WebSite\",\"@id\":\"https:\\\/\\\/telemme.mmsh.fr\\\/#website\",\"url\":\"https:\\\/\\\/telemme.mmsh.fr\\\/\",\"name\":\"TELEMMe - Temps, espaces, langages, Europe m\u00e9ridionale, M\u00e9diterran\u00e9e\",\"description\":\"\",\"publisher\":{\"@id\":\"https:\\\/\\\/telemme.mmsh.fr\\\/#organization\"},\"potentialAction\":[{\"@type\":\"SearchAction\",\"target\":{\"@type\":\"EntryPoint\",\"urlTemplate\":\"https:\\\/\\\/telemme.mmsh.fr\\\/?s={search_term_string}\"},\"query-input\":{\"@type\":\"PropertyValueSpecification\",\"valueRequired\":true,\"valueName\":\"search_term_string\"}}],\"inLanguage\":\"fr-FR\"},{\"@type\":\"Organization\",\"@id\":\"https:\\\/\\\/telemme.mmsh.fr\\\/#organization\",\"name\":\"TELEMMe\",\"url\":\"https:\\\/\\\/telemme.mmsh.fr\\\/\",\"logo\":{\"@type\":\"ImageObject\",\"inLanguage\":\"fr-FR\",\"@id\":\"https:\\\/\\\/telemme.mmsh.fr\\\/#\\\/schema\\\/logo\\\/image\\\/\",\"url\":\"https:\\\/\\\/telemme.mmsh.fr\\\/wp-content\\\/uploads\\\/2020\\\/03\\\/LogoTELEMMe-horizontal-fond-transparent.png\",\"contentUrl\":\"https:\\\/\\\/telemme.mmsh.fr\\\/wp-content\\\/uploads\\\/2020\\\/03\\\/LogoTELEMMe-horizontal-fond-transparent.png\",\"width\":1500,\"height\":437,\"caption\":\"TELEMMe\"},\"image\":{\"@id\":\"https:\\\/\\\/telemme.mmsh.fr\\\/#\\\/schema\\\/logo\\\/image\\\/\"}},{\"@type\":\"Person\",\"@id\":\"https:\\\/\\\/telemme.mmsh.fr\\\/#\\\/schema\\\/person\\\/86a185da4836381586528ced48e263f5\",\"name\":\"Delphine Cavallo\",\"url\":\"https:\\\/\\\/telemme.mmsh.fr\\\/?author=6\"}]}<\/script>\n<!-- \/ Yoast SEO plugin. -->","yoast_head_json":{"title":"Repr\u00e9senter et utiliser les espaces urbains dans l\u2019art : fragments des histoires des subalternes en M\u00e9diterran\u00e9e de 1960 \u00e0 aujourd\u2019hui - TELEMMe - Temps, espaces, langages, Europe m\u00e9ridionale, M\u00e9diterran\u00e9e","robots":{"index":"index","follow":"follow","max-snippet":"max-snippet:-1","max-image-preview":"max-image-preview:large","max-video-preview":"max-video-preview:-1"},"canonical":"https:\/\/telemme.mmsh.fr\/?p=16279","og_locale":"fr_FR","og_type":"article","og_title":"Repr\u00e9senter et utiliser les espaces urbains dans l\u2019art : fragments des histoires des subalternes en M\u00e9diterran\u00e9e de 1960 \u00e0 aujourd\u2019hui - TELEMMe - Temps, espaces, langages, Europe m\u00e9ridionale, M\u00e9diterran\u00e9e","og_description":"L\u00e9a Battais soutiendra sa th\u00e8se de doctorat, intitul\u00e9e Repr\u00e9senter et utiliser les espaces urbains dans l\u2019art : fragments des histoires des subalternes en M\u00e9diterran\u00e9e de 1960 \u00e0 aujourd\u2019hui, jeudi 18&hellip;&nbsp;Lire la suite &raquo;Repr\u00e9senter et utiliser les espaces urbains dans l\u2019art : fragments des histoires des subalternes en M\u00e9diterran\u00e9e de 1960 \u00e0 aujourd\u2019hui","og_url":"https:\/\/telemme.mmsh.fr\/?p=16279","og_site_name":"TELEMMe - Temps, espaces, langages, Europe m\u00e9ridionale, M\u00e9diterran\u00e9e","article_published_time":"2025-12-04T12:22:39+00:00","article_modified_time":"2025-12-09T08:21:21+00:00","og_image":[{"width":135,"height":135,"url":"https:\/\/telemme.mmsh.fr\/wp-content\/uploads\/2023\/11\/avis-soutenance.jpg","type":"image\/jpeg"}],"author":"Delphine Cavallo","twitter_card":"summary_large_image","twitter_misc":{"\u00c9crit par":"Delphine Cavallo","Dur\u00e9e de lecture estim\u00e9e":"2 minutes"},"schema":{"@context":"https:\/\/schema.org","@graph":[{"@type":"Article","@id":"https:\/\/telemme.mmsh.fr\/?p=16279#article","isPartOf":{"@id":"https:\/\/telemme.mmsh.fr\/?p=16279"},"author":{"name":"Delphine Cavallo","@id":"https:\/\/telemme.mmsh.fr\/#\/schema\/person\/86a185da4836381586528ced48e263f5"},"headline":"Repr\u00e9senter et utiliser les espaces urbains dans l\u2019art : fragments des histoires des subalternes en M\u00e9diterran\u00e9e de 1960 \u00e0 aujourd\u2019hui","datePublished":"2025-12-04T12:22:39+00:00","dateModified":"2025-12-09T08:21:21+00:00","mainEntityOfPage":{"@id":"https:\/\/telemme.mmsh.fr\/?p=16279"},"wordCount":414,"publisher":{"@id":"https:\/\/telemme.mmsh.fr\/#organization"},"image":{"@id":"https:\/\/telemme.mmsh.fr\/?p=16279#primaryimage"},"thumbnailUrl":"https:\/\/telemme.mmsh.fr\/wp-content\/uploads\/2023\/11\/avis-soutenance.jpg","keywords":["histoire de l&#039;art"],"articleSection":["Soutenances de th\u00e8se"],"inLanguage":"fr-FR"},{"@type":"WebPage","@id":"https:\/\/telemme.mmsh.fr\/?p=16279","url":"https:\/\/telemme.mmsh.fr\/?p=16279","name":"Repr\u00e9senter et utiliser les espaces urbains dans l\u2019art : fragments des histoires des subalternes en M\u00e9diterran\u00e9e de 1960 \u00e0 aujourd\u2019hui - TELEMMe - Temps, espaces, langages, Europe m\u00e9ridionale, M\u00e9diterran\u00e9e","isPartOf":{"@id":"https:\/\/telemme.mmsh.fr\/#website"},"primaryImageOfPage":{"@id":"https:\/\/telemme.mmsh.fr\/?p=16279#primaryimage"},"image":{"@id":"https:\/\/telemme.mmsh.fr\/?p=16279#primaryimage"},"thumbnailUrl":"https:\/\/telemme.mmsh.fr\/wp-content\/uploads\/2023\/11\/avis-soutenance.jpg","datePublished":"2025-12-04T12:22:39+00:00","dateModified":"2025-12-09T08:21:21+00:00","breadcrumb":{"@id":"https:\/\/telemme.mmsh.fr\/?p=16279#breadcrumb"},"inLanguage":"fr-FR","potentialAction":[{"@type":"ReadAction","target":["https:\/\/telemme.mmsh.fr\/?p=16279"]}]},{"@type":"ImageObject","inLanguage":"fr-FR","@id":"https:\/\/telemme.mmsh.fr\/?p=16279#primaryimage","url":"https:\/\/telemme.mmsh.fr\/wp-content\/uploads\/2023\/11\/avis-soutenance.jpg","contentUrl":"https:\/\/telemme.mmsh.fr\/wp-content\/uploads\/2023\/11\/avis-soutenance.jpg","width":135,"height":135,"caption":"Illustration avis de soutenance de th\u00e8se"},{"@type":"BreadcrumbList","@id":"https:\/\/telemme.mmsh.fr\/?p=16279#breadcrumb","itemListElement":[{"@type":"ListItem","position":1,"name":"Accueil","item":"https:\/\/telemme.mmsh.fr\/"},{"@type":"ListItem","position":2,"name":"Actualit\u00e9s","item":"https:\/\/telemme.mmsh.fr\/?cat=1995"},{"@type":"ListItem","position":3,"name":"Soutenances de th\u00e8se","item":"https:\/\/telemme.mmsh.fr\/?cat=1999"},{"@type":"ListItem","position":4,"name":"Repr\u00e9senter et utiliser les espaces urbains dans l\u2019art : fragments des histoires des subalternes en M\u00e9diterran\u00e9e de 1960 \u00e0 aujourd\u2019hui"}]},{"@type":"WebSite","@id":"https:\/\/telemme.mmsh.fr\/#website","url":"https:\/\/telemme.mmsh.fr\/","name":"TELEMMe - Temps, espaces, langages, Europe m\u00e9ridionale, M\u00e9diterran\u00e9e","description":"","publisher":{"@id":"https:\/\/telemme.mmsh.fr\/#organization"},"potentialAction":[{"@type":"SearchAction","target":{"@type":"EntryPoint","urlTemplate":"https:\/\/telemme.mmsh.fr\/?s={search_term_string}"},"query-input":{"@type":"PropertyValueSpecification","valueRequired":true,"valueName":"search_term_string"}}],"inLanguage":"fr-FR"},{"@type":"Organization","@id":"https:\/\/telemme.mmsh.fr\/#organization","name":"TELEMMe","url":"https:\/\/telemme.mmsh.fr\/","logo":{"@type":"ImageObject","inLanguage":"fr-FR","@id":"https:\/\/telemme.mmsh.fr\/#\/schema\/logo\/image\/","url":"https:\/\/telemme.mmsh.fr\/wp-content\/uploads\/2020\/03\/LogoTELEMMe-horizontal-fond-transparent.png","contentUrl":"https:\/\/telemme.mmsh.fr\/wp-content\/uploads\/2020\/03\/LogoTELEMMe-horizontal-fond-transparent.png","width":1500,"height":437,"caption":"TELEMMe"},"image":{"@id":"https:\/\/telemme.mmsh.fr\/#\/schema\/logo\/image\/"}},{"@type":"Person","@id":"https:\/\/telemme.mmsh.fr\/#\/schema\/person\/86a185da4836381586528ced48e263f5","name":"Delphine Cavallo","url":"https:\/\/telemme.mmsh.fr\/?author=6"}]}},"_links":{"self":[{"href":"https:\/\/telemme.mmsh.fr\/index.php?rest_route=\/wp\/v2\/posts\/16279","targetHints":{"allow":["GET"]}}],"collection":[{"href":"https:\/\/telemme.mmsh.fr\/index.php?rest_route=\/wp\/v2\/posts"}],"about":[{"href":"https:\/\/telemme.mmsh.fr\/index.php?rest_route=\/wp\/v2\/types\/post"}],"author":[{"embeddable":true,"href":"https:\/\/telemme.mmsh.fr\/index.php?rest_route=\/wp\/v2\/users\/6"}],"replies":[{"embeddable":true,"href":"https:\/\/telemme.mmsh.fr\/index.php?rest_route=%2Fwp%2Fv2%2Fcomments&post=16279"}],"version-history":[{"count":3,"href":"https:\/\/telemme.mmsh.fr\/index.php?rest_route=\/wp\/v2\/posts\/16279\/revisions"}],"predecessor-version":[{"id":16306,"href":"https:\/\/telemme.mmsh.fr\/index.php?rest_route=\/wp\/v2\/posts\/16279\/revisions\/16306"}],"wp:featuredmedia":[{"embeddable":true,"href":"https:\/\/telemme.mmsh.fr\/index.php?rest_route=\/wp\/v2\/media\/13518"}],"wp:attachment":[{"href":"https:\/\/telemme.mmsh.fr\/index.php?rest_route=%2Fwp%2Fv2%2Fmedia&parent=16279"}],"wp:term":[{"taxonomy":"category","embeddable":true,"href":"https:\/\/telemme.mmsh.fr\/index.php?rest_route=%2Fwp%2Fv2%2Fcategories&post=16279"},{"taxonomy":"post_tag","embeddable":true,"href":"https:\/\/telemme.mmsh.fr\/index.php?rest_route=%2Fwp%2Fv2%2Ftags&post=16279"}],"curies":[{"name":"wp","href":"https:\/\/api.w.org\/{rel}","templated":true}]}}