{"id":16171,"date":"2025-11-21T11:57:05","date_gmt":"2025-11-21T10:57:05","guid":{"rendered":"https:\/\/telemme.mmsh.fr\/?p=16171"},"modified":"2025-11-21T12:03:05","modified_gmt":"2025-11-21T11:03:05","slug":"recit-et-mise-en-scene-de-soi","status":"publish","type":"post","link":"https:\/\/telemme.mmsh.fr\/?p=16171","title":{"rendered":"R\u00e9cit et mise en sc\u00e8ne de soi"},"content":{"rendered":"\n<p>&nbsp;<\/p>\n\n\n\n<blockquote class=\"wp-block-quote is-layout-flow wp-block-quote-is-layout-flow\">\n<p><em><strong><a href=\"https:\/\/presses-universitaires.univ-amu.fr\/fr\/actualites\/recit-mise-scene-de-soi\">R\u00e9cit et mise en sc\u00e8ne de soi. Regards pluriels<\/a><\/strong><\/em>, M\u00f3nica C\u00e1rdenas-Moreno, <a href=\"https:\/\/telemme.mmsh.fr\/?membres=christine-orobitg\">Christine Orobitg <\/a>(dir.), Presses universitaires de Provence, coll. Corps &amp; \u00c2mes, s\u00e9rie \u00c9tats d&rsquo;\u00c2me, 2025, 284 pages<\/p>\n<\/blockquote>\n\n\n\n<p><strong>Croisant les apports des sciences humaines, de la litt\u00e9rature et des arts visuels, ce volume, qui s\u2019inscrit dans une perspective r\u00e9solument interdisciplinaire, invite \u00e0 d\u00e9couvrir tout l\u2019\u00e9ventail des possibles qu\u2019ouvre le r\u00e9cit de soi.<\/strong><\/p>\n\n\n\n<p>R\u00e9fl\u00e9chir au r\u00e9cit de soi nous invite \u00e0 penser \u00e0 la mani\u00e8re dont se construit la subjectivit\u00e9. En \u00e9crivant sa propre histoire \u00ab\u202fje devient un autre\u202f\u00bb\u2009: il devient personnage de sa propre histoire et infuse un sens \u00e0 la succession des \u00e9v\u00e9nements. Prendre la parole pour \u00e9crire sa propre histoire permet aussi d\u2019acc\u00e9der au statut de sujet et se trouve ainsi au c\u0153ur de diverses strat\u00e9gies d\u2019<em>empowerment<\/em>. Ce volume, qui s\u2019inscrit dans une perspective r\u00e9solument interdisciplinaire, analyse les diff\u00e9rentes formes et fonctions que peut rev\u00eatir le r\u00e9cit de soi\u2009: r\u00e9cit autobiographique, journal intime, auto-analyse, notes \u00e9parses refl\u00e9tant une identit\u00e9 fragment\u00e9e au fil du temps et des circonstances, exposition photographique, autofiction, essai\u2026 Ces diff\u00e9rentes d\u00e9clinaisons de l\u2019\u00e9criture de soi effectuent une <em>mise en r\u00e9cit<\/em> de l\u2019histoire personnelle et ouvrent un vaste \u00e9ventail de possibilit\u00e9s incluant toutes les nuances qui vont de l\u2019histoire \u00e0 la fiction. Croisant les apports des historiens, des sp\u00e9cialistes de litt\u00e9rature (fran\u00e7aise, antique et \u00e9trang\u00e8re), des ethnologues et des sp\u00e9cialistes des arts visuels, ce volume articule r\u00e9flexion m\u00e9thodologique et analyse de cas. Depuis auteurs de la Rome antique jusqu\u2019\u00e0 la BD et la photographie contemporaines, les auteurs montrent la richesse des perspectives qu\u2019ouvre un r\u00e9cit de soi en perp\u00e9tuelle r\u00e9invention\u2009: se repr\u00e9senter, raconter sa vie ou un fragment de celle-ci demeure un des enjeux les plus actuels.<\/p>\n","protected":false},"excerpt":{"rendered":"<p>&nbsp; R\u00e9cit et mise en sc\u00e8ne de soi. Regards pluriels, M\u00f3nica C\u00e1rdenas-Moreno, Christine Orobitg (dir.), Presses universitaires de Provence, coll. Corps &amp; \u00c2mes, s\u00e9rie \u00c9tats d&rsquo;\u00c2me, 2025, 284 pages Croisant&hellip;&nbsp;<a href=\"https:\/\/telemme.mmsh.fr\/?p=16171\" rel=\"bookmark\">Lire la suite &raquo;<span class=\"screen-reader-text\">R\u00e9cit et mise en sc\u00e8ne de soi<\/span><\/a><\/p>\n","protected":false},"author":6,"featured_media":16175,"comment_status":"closed","ping_status":"closed","sticky":false,"template":"","format":"standard","meta":{"neve_meta_sidebar":"","neve_meta_container":"","neve_meta_enable_content_width":"off","neve_meta_content_width":70,"neve_meta_title_alignment":"","neve_meta_author_avatar":"","neve_post_elements_order":"","neve_meta_disable_header":"","neve_meta_disable_footer":"","neve_meta_disable_title":"","_tribe_events_control_status":"","_tribe_events_control_status_canceled_reason":"","_tribe_events_control_status_postponed_reason":"","_tribe_events_control_online":"","_tribe_events_control_online_url":"","footnotes":""},"categories":[1742],"tags":[2383],"class_list":["post-16171","post","type-post","status-publish","format-standard","has-post-thumbnail","hentry","category-dir-ouvrage","tag-recit-de-soi"],"yoast_head":"<!-- This site is optimized with the Yoast SEO plugin v27.4 - https:\/\/yoast.com\/product\/yoast-seo-wordpress\/ -->\n<title>R\u00e9cit et mise en sc\u00e8ne de soi - TELEMMe - Temps, espaces, langages, Europe m\u00e9ridionale, M\u00e9diterran\u00e9e<\/title>\n<meta name=\"robots\" content=\"index, follow, max-snippet:-1, max-image-preview:large, max-video-preview:-1\" \/>\n<link rel=\"canonical\" href=\"https:\/\/telemme.mmsh.fr\/?p=16171\" \/>\n<meta property=\"og:locale\" content=\"fr_FR\" \/>\n<meta property=\"og:type\" content=\"article\" \/>\n<meta property=\"og:title\" content=\"R\u00e9cit et mise en sc\u00e8ne de soi - TELEMMe - Temps, espaces, langages, Europe m\u00e9ridionale, M\u00e9diterran\u00e9e\" \/>\n<meta property=\"og:description\" content=\"&nbsp; R\u00e9cit et mise en sc\u00e8ne de soi. Regards pluriels, M\u00f3nica C\u00e1rdenas-Moreno, Christine Orobitg (dir.), Presses universitaires de Provence, coll. Corps &amp; \u00c2mes, s\u00e9rie \u00c9tats d&rsquo;\u00c2me, 2025, 284 pages Croisant&hellip;&nbsp;Lire la suite &raquo;R\u00e9cit et mise en sc\u00e8ne de soi\" \/>\n<meta property=\"og:url\" content=\"https:\/\/telemme.mmsh.fr\/?p=16171\" \/>\n<meta property=\"og:site_name\" content=\"TELEMMe - Temps, espaces, langages, Europe m\u00e9ridionale, M\u00e9diterran\u00e9e\" \/>\n<meta property=\"article:published_time\" content=\"2025-11-21T10:57:05+00:00\" \/>\n<meta property=\"article:modified_time\" content=\"2025-11-21T11:03:05+00:00\" \/>\n<meta property=\"og:image\" content=\"https:\/\/telemme.mmsh.fr\/wp-content\/uploads\/2025\/11\/20250821_061014_10339e7c3d780bfe05095ddcad4c6b3b71e09699f2cccc298898e75dd25a9603-1.jpg\" \/>\n\t<meta property=\"og:image:width\" content=\"500\" \/>\n\t<meta property=\"og:image:height\" content=\"750\" \/>\n\t<meta property=\"og:image:type\" content=\"image\/jpeg\" \/>\n<meta name=\"author\" content=\"Delphine Cavallo\" \/>\n<meta name=\"twitter:card\" content=\"summary_large_image\" \/>\n<meta name=\"twitter:label1\" content=\"\u00c9crit par\" \/>\n\t<meta name=\"twitter:data1\" content=\"Delphine Cavallo\" \/>\n\t<meta name=\"twitter:label2\" content=\"Dur\u00e9e de lecture estim\u00e9e\" \/>\n\t<meta name=\"twitter:data2\" content=\"2 minutes\" \/>\n<script type=\"application\/ld+json\" class=\"yoast-schema-graph\">{\"@context\":\"https:\\\/\\\/schema.org\",\"@graph\":[{\"@type\":\"Article\",\"@id\":\"https:\\\/\\\/telemme.mmsh.fr\\\/?p=16171#article\",\"isPartOf\":{\"@id\":\"https:\\\/\\\/telemme.mmsh.fr\\\/?p=16171\"},\"author\":{\"name\":\"Delphine Cavallo\",\"@id\":\"https:\\\/\\\/telemme.mmsh.fr\\\/#\\\/schema\\\/person\\\/86a185da4836381586528ced48e263f5\"},\"headline\":\"R\u00e9cit et mise en sc\u00e8ne de soi\",\"datePublished\":\"2025-11-21T10:57:05+00:00\",\"dateModified\":\"2025-11-21T11:03:05+00:00\",\"mainEntityOfPage\":{\"@id\":\"https:\\\/\\\/telemme.mmsh.fr\\\/?p=16171\"},\"wordCount\":334,\"publisher\":{\"@id\":\"https:\\\/\\\/telemme.mmsh.fr\\\/#organization\"},\"image\":{\"@id\":\"https:\\\/\\\/telemme.mmsh.fr\\\/?p=16171#primaryimage\"},\"thumbnailUrl\":\"https:\\\/\\\/telemme.mmsh.fr\\\/wp-content\\\/uploads\\\/2025\\\/11\\\/20250821_061014_10339e7c3d780bfe05095ddcad4c6b3b71e09699f2cccc298898e75dd25a9603-1.jpg\",\"keywords\":[\"r\u00e9cit de soi\"],\"articleSection\":[\"Directions d'ouvrage\"],\"inLanguage\":\"fr-FR\"},{\"@type\":\"WebPage\",\"@id\":\"https:\\\/\\\/telemme.mmsh.fr\\\/?p=16171\",\"url\":\"https:\\\/\\\/telemme.mmsh.fr\\\/?p=16171\",\"name\":\"R\u00e9cit et mise en sc\u00e8ne de soi - TELEMMe - Temps, espaces, langages, Europe m\u00e9ridionale, M\u00e9diterran\u00e9e\",\"isPartOf\":{\"@id\":\"https:\\\/\\\/telemme.mmsh.fr\\\/#website\"},\"primaryImageOfPage\":{\"@id\":\"https:\\\/\\\/telemme.mmsh.fr\\\/?p=16171#primaryimage\"},\"image\":{\"@id\":\"https:\\\/\\\/telemme.mmsh.fr\\\/?p=16171#primaryimage\"},\"thumbnailUrl\":\"https:\\\/\\\/telemme.mmsh.fr\\\/wp-content\\\/uploads\\\/2025\\\/11\\\/20250821_061014_10339e7c3d780bfe05095ddcad4c6b3b71e09699f2cccc298898e75dd25a9603-1.jpg\",\"datePublished\":\"2025-11-21T10:57:05+00:00\",\"dateModified\":\"2025-11-21T11:03:05+00:00\",\"breadcrumb\":{\"@id\":\"https:\\\/\\\/telemme.mmsh.fr\\\/?p=16171#breadcrumb\"},\"inLanguage\":\"fr-FR\",\"potentialAction\":[{\"@type\":\"ReadAction\",\"target\":[\"https:\\\/\\\/telemme.mmsh.fr\\\/?p=16171\"]}]},{\"@type\":\"ImageObject\",\"inLanguage\":\"fr-FR\",\"@id\":\"https:\\\/\\\/telemme.mmsh.fr\\\/?p=16171#primaryimage\",\"url\":\"https:\\\/\\\/telemme.mmsh.fr\\\/wp-content\\\/uploads\\\/2025\\\/11\\\/20250821_061014_10339e7c3d780bfe05095ddcad4c6b3b71e09699f2cccc298898e75dd25a9603-1.jpg\",\"contentUrl\":\"https:\\\/\\\/telemme.mmsh.fr\\\/wp-content\\\/uploads\\\/2025\\\/11\\\/20250821_061014_10339e7c3d780bfe05095ddcad4c6b3b71e09699f2cccc298898e75dd25a9603-1.jpg\",\"width\":500,\"height\":750,\"caption\":\"Couverture de R\u00e9cit et mise en sc\u00e8ne de soi, PUP, 2025\"},{\"@type\":\"BreadcrumbList\",\"@id\":\"https:\\\/\\\/telemme.mmsh.fr\\\/?p=16171#breadcrumb\",\"itemListElement\":[{\"@type\":\"ListItem\",\"position\":1,\"name\":\"Accueil\",\"item\":\"https:\\\/\\\/telemme.mmsh.fr\\\/\"},{\"@type\":\"ListItem\",\"position\":2,\"name\":\"Publications\",\"item\":\"https:\\\/\\\/telemme.mmsh.fr\\\/?cat=1738\"},{\"@type\":\"ListItem\",\"position\":3,\"name\":\"Directions d'ouvrage\",\"item\":\"https:\\\/\\\/telemme.mmsh.fr\\\/?cat=1742\"},{\"@type\":\"ListItem\",\"position\":4,\"name\":\"R\u00e9cit et mise en sc\u00e8ne de soi\"}]},{\"@type\":\"WebSite\",\"@id\":\"https:\\\/\\\/telemme.mmsh.fr\\\/#website\",\"url\":\"https:\\\/\\\/telemme.mmsh.fr\\\/\",\"name\":\"TELEMMe - Temps, espaces, langages, Europe m\u00e9ridionale, M\u00e9diterran\u00e9e\",\"description\":\"\",\"publisher\":{\"@id\":\"https:\\\/\\\/telemme.mmsh.fr\\\/#organization\"},\"potentialAction\":[{\"@type\":\"SearchAction\",\"target\":{\"@type\":\"EntryPoint\",\"urlTemplate\":\"https:\\\/\\\/telemme.mmsh.fr\\\/?s={search_term_string}\"},\"query-input\":{\"@type\":\"PropertyValueSpecification\",\"valueRequired\":true,\"valueName\":\"search_term_string\"}}],\"inLanguage\":\"fr-FR\"},{\"@type\":\"Organization\",\"@id\":\"https:\\\/\\\/telemme.mmsh.fr\\\/#organization\",\"name\":\"TELEMMe\",\"url\":\"https:\\\/\\\/telemme.mmsh.fr\\\/\",\"logo\":{\"@type\":\"ImageObject\",\"inLanguage\":\"fr-FR\",\"@id\":\"https:\\\/\\\/telemme.mmsh.fr\\\/#\\\/schema\\\/logo\\\/image\\\/\",\"url\":\"https:\\\/\\\/telemme.mmsh.fr\\\/wp-content\\\/uploads\\\/2020\\\/03\\\/LogoTELEMMe-horizontal-fond-transparent.png\",\"contentUrl\":\"https:\\\/\\\/telemme.mmsh.fr\\\/wp-content\\\/uploads\\\/2020\\\/03\\\/LogoTELEMMe-horizontal-fond-transparent.png\",\"width\":1500,\"height\":437,\"caption\":\"TELEMMe\"},\"image\":{\"@id\":\"https:\\\/\\\/telemme.mmsh.fr\\\/#\\\/schema\\\/logo\\\/image\\\/\"}},{\"@type\":\"Person\",\"@id\":\"https:\\\/\\\/telemme.mmsh.fr\\\/#\\\/schema\\\/person\\\/86a185da4836381586528ced48e263f5\",\"name\":\"Delphine Cavallo\",\"url\":\"https:\\\/\\\/telemme.mmsh.fr\\\/?author=6\"}]}<\/script>\n<!-- \/ Yoast SEO plugin. -->","yoast_head_json":{"title":"R\u00e9cit et mise en sc\u00e8ne de soi - TELEMMe - Temps, espaces, langages, Europe m\u00e9ridionale, M\u00e9diterran\u00e9e","robots":{"index":"index","follow":"follow","max-snippet":"max-snippet:-1","max-image-preview":"max-image-preview:large","max-video-preview":"max-video-preview:-1"},"canonical":"https:\/\/telemme.mmsh.fr\/?p=16171","og_locale":"fr_FR","og_type":"article","og_title":"R\u00e9cit et mise en sc\u00e8ne de soi - TELEMMe - Temps, espaces, langages, Europe m\u00e9ridionale, M\u00e9diterran\u00e9e","og_description":"&nbsp; R\u00e9cit et mise en sc\u00e8ne de soi. Regards pluriels, M\u00f3nica C\u00e1rdenas-Moreno, Christine Orobitg (dir.), Presses universitaires de Provence, coll. Corps &amp; \u00c2mes, s\u00e9rie \u00c9tats d&rsquo;\u00c2me, 2025, 284 pages Croisant&hellip;&nbsp;Lire la suite &raquo;R\u00e9cit et mise en sc\u00e8ne de soi","og_url":"https:\/\/telemme.mmsh.fr\/?p=16171","og_site_name":"TELEMMe - Temps, espaces, langages, Europe m\u00e9ridionale, M\u00e9diterran\u00e9e","article_published_time":"2025-11-21T10:57:05+00:00","article_modified_time":"2025-11-21T11:03:05+00:00","og_image":[{"width":500,"height":750,"url":"https:\/\/telemme.mmsh.fr\/wp-content\/uploads\/2025\/11\/20250821_061014_10339e7c3d780bfe05095ddcad4c6b3b71e09699f2cccc298898e75dd25a9603-1.jpg","type":"image\/jpeg"}],"author":"Delphine Cavallo","twitter_card":"summary_large_image","twitter_misc":{"\u00c9crit par":"Delphine Cavallo","Dur\u00e9e de lecture estim\u00e9e":"2 minutes"},"schema":{"@context":"https:\/\/schema.org","@graph":[{"@type":"Article","@id":"https:\/\/telemme.mmsh.fr\/?p=16171#article","isPartOf":{"@id":"https:\/\/telemme.mmsh.fr\/?p=16171"},"author":{"name":"Delphine Cavallo","@id":"https:\/\/telemme.mmsh.fr\/#\/schema\/person\/86a185da4836381586528ced48e263f5"},"headline":"R\u00e9cit et mise en sc\u00e8ne de soi","datePublished":"2025-11-21T10:57:05+00:00","dateModified":"2025-11-21T11:03:05+00:00","mainEntityOfPage":{"@id":"https:\/\/telemme.mmsh.fr\/?p=16171"},"wordCount":334,"publisher":{"@id":"https:\/\/telemme.mmsh.fr\/#organization"},"image":{"@id":"https:\/\/telemme.mmsh.fr\/?p=16171#primaryimage"},"thumbnailUrl":"https:\/\/telemme.mmsh.fr\/wp-content\/uploads\/2025\/11\/20250821_061014_10339e7c3d780bfe05095ddcad4c6b3b71e09699f2cccc298898e75dd25a9603-1.jpg","keywords":["r\u00e9cit de soi"],"articleSection":["Directions d'ouvrage"],"inLanguage":"fr-FR"},{"@type":"WebPage","@id":"https:\/\/telemme.mmsh.fr\/?p=16171","url":"https:\/\/telemme.mmsh.fr\/?p=16171","name":"R\u00e9cit et mise en sc\u00e8ne de soi - TELEMMe - Temps, espaces, langages, Europe m\u00e9ridionale, M\u00e9diterran\u00e9e","isPartOf":{"@id":"https:\/\/telemme.mmsh.fr\/#website"},"primaryImageOfPage":{"@id":"https:\/\/telemme.mmsh.fr\/?p=16171#primaryimage"},"image":{"@id":"https:\/\/telemme.mmsh.fr\/?p=16171#primaryimage"},"thumbnailUrl":"https:\/\/telemme.mmsh.fr\/wp-content\/uploads\/2025\/11\/20250821_061014_10339e7c3d780bfe05095ddcad4c6b3b71e09699f2cccc298898e75dd25a9603-1.jpg","datePublished":"2025-11-21T10:57:05+00:00","dateModified":"2025-11-21T11:03:05+00:00","breadcrumb":{"@id":"https:\/\/telemme.mmsh.fr\/?p=16171#breadcrumb"},"inLanguage":"fr-FR","potentialAction":[{"@type":"ReadAction","target":["https:\/\/telemme.mmsh.fr\/?p=16171"]}]},{"@type":"ImageObject","inLanguage":"fr-FR","@id":"https:\/\/telemme.mmsh.fr\/?p=16171#primaryimage","url":"https:\/\/telemme.mmsh.fr\/wp-content\/uploads\/2025\/11\/20250821_061014_10339e7c3d780bfe05095ddcad4c6b3b71e09699f2cccc298898e75dd25a9603-1.jpg","contentUrl":"https:\/\/telemme.mmsh.fr\/wp-content\/uploads\/2025\/11\/20250821_061014_10339e7c3d780bfe05095ddcad4c6b3b71e09699f2cccc298898e75dd25a9603-1.jpg","width":500,"height":750,"caption":"Couverture de R\u00e9cit et mise en sc\u00e8ne de soi, PUP, 2025"},{"@type":"BreadcrumbList","@id":"https:\/\/telemme.mmsh.fr\/?p=16171#breadcrumb","itemListElement":[{"@type":"ListItem","position":1,"name":"Accueil","item":"https:\/\/telemme.mmsh.fr\/"},{"@type":"ListItem","position":2,"name":"Publications","item":"https:\/\/telemme.mmsh.fr\/?cat=1738"},{"@type":"ListItem","position":3,"name":"Directions d'ouvrage","item":"https:\/\/telemme.mmsh.fr\/?cat=1742"},{"@type":"ListItem","position":4,"name":"R\u00e9cit et mise en sc\u00e8ne de soi"}]},{"@type":"WebSite","@id":"https:\/\/telemme.mmsh.fr\/#website","url":"https:\/\/telemme.mmsh.fr\/","name":"TELEMMe - Temps, espaces, langages, Europe m\u00e9ridionale, M\u00e9diterran\u00e9e","description":"","publisher":{"@id":"https:\/\/telemme.mmsh.fr\/#organization"},"potentialAction":[{"@type":"SearchAction","target":{"@type":"EntryPoint","urlTemplate":"https:\/\/telemme.mmsh.fr\/?s={search_term_string}"},"query-input":{"@type":"PropertyValueSpecification","valueRequired":true,"valueName":"search_term_string"}}],"inLanguage":"fr-FR"},{"@type":"Organization","@id":"https:\/\/telemme.mmsh.fr\/#organization","name":"TELEMMe","url":"https:\/\/telemme.mmsh.fr\/","logo":{"@type":"ImageObject","inLanguage":"fr-FR","@id":"https:\/\/telemme.mmsh.fr\/#\/schema\/logo\/image\/","url":"https:\/\/telemme.mmsh.fr\/wp-content\/uploads\/2020\/03\/LogoTELEMMe-horizontal-fond-transparent.png","contentUrl":"https:\/\/telemme.mmsh.fr\/wp-content\/uploads\/2020\/03\/LogoTELEMMe-horizontal-fond-transparent.png","width":1500,"height":437,"caption":"TELEMMe"},"image":{"@id":"https:\/\/telemme.mmsh.fr\/#\/schema\/logo\/image\/"}},{"@type":"Person","@id":"https:\/\/telemme.mmsh.fr\/#\/schema\/person\/86a185da4836381586528ced48e263f5","name":"Delphine Cavallo","url":"https:\/\/telemme.mmsh.fr\/?author=6"}]}},"_links":{"self":[{"href":"https:\/\/telemme.mmsh.fr\/index.php?rest_route=\/wp\/v2\/posts\/16171","targetHints":{"allow":["GET"]}}],"collection":[{"href":"https:\/\/telemme.mmsh.fr\/index.php?rest_route=\/wp\/v2\/posts"}],"about":[{"href":"https:\/\/telemme.mmsh.fr\/index.php?rest_route=\/wp\/v2\/types\/post"}],"author":[{"embeddable":true,"href":"https:\/\/telemme.mmsh.fr\/index.php?rest_route=\/wp\/v2\/users\/6"}],"replies":[{"embeddable":true,"href":"https:\/\/telemme.mmsh.fr\/index.php?rest_route=%2Fwp%2Fv2%2Fcomments&post=16171"}],"version-history":[{"count":3,"href":"https:\/\/telemme.mmsh.fr\/index.php?rest_route=\/wp\/v2\/posts\/16171\/revisions"}],"predecessor-version":[{"id":16178,"href":"https:\/\/telemme.mmsh.fr\/index.php?rest_route=\/wp\/v2\/posts\/16171\/revisions\/16178"}],"wp:featuredmedia":[{"embeddable":true,"href":"https:\/\/telemme.mmsh.fr\/index.php?rest_route=\/wp\/v2\/media\/16175"}],"wp:attachment":[{"href":"https:\/\/telemme.mmsh.fr\/index.php?rest_route=%2Fwp%2Fv2%2Fmedia&parent=16171"}],"wp:term":[{"taxonomy":"category","embeddable":true,"href":"https:\/\/telemme.mmsh.fr\/index.php?rest_route=%2Fwp%2Fv2%2Fcategories&post=16171"},{"taxonomy":"post_tag","embeddable":true,"href":"https:\/\/telemme.mmsh.fr\/index.php?rest_route=%2Fwp%2Fv2%2Ftags&post=16171"}],"curies":[{"name":"wp","href":"https:\/\/api.w.org\/{rel}","templated":true}]}}