{"id":16151,"date":"2025-11-20T12:42:21","date_gmt":"2025-11-20T11:42:21","guid":{"rendered":"https:\/\/telemme.mmsh.fr\/?p=16151"},"modified":"2025-11-21T12:01:39","modified_gmt":"2025-11-21T11:01:39","slug":"cadavres-et-pauvrete","status":"publish","type":"post","link":"https:\/\/telemme.mmsh.fr\/?p=16151","title":{"rendered":"Cadavres et pauvret\u00e9"},"content":{"rendered":"\n<blockquote class=\"wp-block-quote is-layout-flow wp-block-quote-is-layout-flow\">\n<p><a href=\"https:\/\/presses-universitaires.univ-amu.fr\/fr\/actualites\/cadavres-pauvrete\"><em><strong>Cadavres et pauvret\u00e9<\/strong><\/em>.<strong> Fun\u00e9railles, d\u00e9nuement et pr\u00e9carit\u00e9 en Europe du XVIIIe si\u00e8cle \u00e0 nos jours<\/strong><\/a><strong>,<\/strong> Elisabeth Anstett, <a href=\"https:\/\/telemme.mmsh.fr\/?membres=anne-carol\">Anne Carol <\/a>(dir.), Presses universitaires de Provence, collection Corps &amp; \u00c2mes, s\u00e9rie Postmortem, 2025, 280 pages<\/p>\n<\/blockquote>\n\n\n\n<p><strong>Ce livre explore les effets de la pauvret\u00e9 sur les rites fun\u00e9raires, mais aussi les solidarit\u00e9s mises en \u0153uvre pour assurer les fun\u00e9railles des plus pauvres.<\/strong><\/p>\n\n\n\n<p>Sommes-nous tous \u00e9gaux dans la mort, ou bien les in\u00e9galit\u00e9s \u00e9conomiques et sociales trouvent-elles, post mortem, un ultime terrain pour s\u2019exprimer ? La pauvret\u00e9 des d\u00e9funts ou des endeuill\u00e9s a-t-elle un impact sur les soins mortuaires et les rites fun\u00e9raires ? Et comment les soci\u00e9t\u00e9s g\u00e8rent-elles les d\u00e9pouilles des plus d\u00e9munis ? En Europe, depuis la fin de l\u2019\u00e9poque moderne, le sort des cadavres est progressivement devenu un marqueur des sensibilit\u00e9s fun\u00e9raires : procurer \u00e0 chacun des fun\u00e9railles d\u00e9centes s\u2019est impos\u00e9 comme un devoir d\u2019affection. Mais partout, ces imp\u00e9ratifs moraux doivent composer avec des contraintes financi\u00e8res. Fond\u00e9 sur des exemples tir\u00e9s du cas fran\u00e7ais et de pays voisins, cet ouvrage explore les multiples fa\u00e7ons dont le d\u00e9nuement et la pr\u00e9carit\u00e9 \u00e9conomiques ont affect\u00e9 et continuent d\u2019affecter de nos jours les modalit\u00e9s de traitement des d\u00e9funts, mat\u00e9riellement et symboliquement. Il donne \u00e0 voir les acteurs mobilis\u00e9s pour prendre en charge la d\u00e9pouille des plus pauvres, qu\u2019il s\u2019agisse d\u2019institutions, de collectifs religieux, culturels ou politiques, ou des proches eux-m\u00eames ; il recense les solutions propos\u00e9es, allant des dispositifs l\u00e9gaux aux bricolages solidaires, et s\u2019interroge aussi sur leurs limites. Les contributions issues de l\u2019anthropologie sociale, de l\u2019arch\u00e9ologie, du droit, de l\u2019histoire et de la sociologie posent un jalon dans le champ \u00e9mergeant de la n\u00e9cro-\u00e9conomie en \u00e9clairant un aspect particulier des relations que les vivants entretiennent avec les morts.<\/p>\n","protected":false},"excerpt":{"rendered":"<p>Cadavres et pauvret\u00e9. Fun\u00e9railles, d\u00e9nuement et pr\u00e9carit\u00e9 en Europe du XVIIIe si\u00e8cle \u00e0 nos jours, Elisabeth Anstett, Anne Carol (dir.), Presses universitaires de Provence, collection Corps &amp; \u00c2mes, s\u00e9rie Postmortem,&hellip;&nbsp;<a href=\"https:\/\/telemme.mmsh.fr\/?p=16151\" rel=\"bookmark\">Lire la suite &raquo;<span class=\"screen-reader-text\">Cadavres et pauvret\u00e9<\/span><\/a><\/p>\n","protected":false},"author":6,"featured_media":16153,"comment_status":"closed","ping_status":"closed","sticky":false,"template":"","format":"standard","meta":{"neve_meta_sidebar":"","neve_meta_container":"","neve_meta_enable_content_width":"off","neve_meta_content_width":70,"neve_meta_title_alignment":"","neve_meta_author_avatar":"","neve_post_elements_order":"","neve_meta_disable_header":"","neve_meta_disable_footer":"","neve_meta_disable_title":"","_tribe_events_control_status":"","_tribe_events_control_status_canceled_reason":"","_tribe_events_control_status_postponed_reason":"","_tribe_events_control_online":"","_tribe_events_control_online_url":"","footnotes":""},"categories":[1742],"tags":[2083,2085,3017],"class_list":["post-16151","post","type-post","status-publish","format-standard","has-post-thumbnail","hentry","category-dir-ouvrage","tag-cadavre","tag-mort","tag-pauvrete"],"yoast_head":"<!-- This site is optimized with the Yoast SEO plugin v27.4 - https:\/\/yoast.com\/product\/yoast-seo-wordpress\/ -->\n<title>Cadavres et pauvret\u00e9 - TELEMMe - Temps, espaces, langages, Europe m\u00e9ridionale, M\u00e9diterran\u00e9e<\/title>\n<meta name=\"robots\" content=\"index, follow, max-snippet:-1, max-image-preview:large, max-video-preview:-1\" \/>\n<link rel=\"canonical\" href=\"https:\/\/telemme.mmsh.fr\/?p=16151\" \/>\n<meta property=\"og:locale\" content=\"fr_FR\" \/>\n<meta property=\"og:type\" content=\"article\" \/>\n<meta property=\"og:title\" content=\"Cadavres et pauvret\u00e9 - TELEMMe - Temps, espaces, langages, Europe m\u00e9ridionale, M\u00e9diterran\u00e9e\" \/>\n<meta property=\"og:description\" content=\"Cadavres et pauvret\u00e9. Fun\u00e9railles, d\u00e9nuement et pr\u00e9carit\u00e9 en Europe du XVIIIe si\u00e8cle \u00e0 nos jours, Elisabeth Anstett, Anne Carol (dir.), Presses universitaires de Provence, collection Corps &amp; \u00c2mes, s\u00e9rie Postmortem,&hellip;&nbsp;Lire la suite &raquo;Cadavres et pauvret\u00e9\" \/>\n<meta property=\"og:url\" content=\"https:\/\/telemme.mmsh.fr\/?p=16151\" \/>\n<meta property=\"og:site_name\" content=\"TELEMMe - Temps, espaces, langages, Europe m\u00e9ridionale, M\u00e9diterran\u00e9e\" \/>\n<meta property=\"article:published_time\" content=\"2025-11-20T11:42:21+00:00\" \/>\n<meta property=\"article:modified_time\" content=\"2025-11-21T11:01:39+00:00\" \/>\n<meta property=\"og:image\" content=\"https:\/\/telemme.mmsh.fr\/wp-content\/uploads\/2025\/11\/Cadavres-et-pauvrete.jpg\" \/>\n\t<meta property=\"og:image:width\" content=\"400\" \/>\n\t<meta property=\"og:image:height\" content=\"600\" \/>\n\t<meta property=\"og:image:type\" content=\"image\/jpeg\" \/>\n<meta name=\"author\" content=\"Delphine Cavallo\" \/>\n<meta name=\"twitter:card\" content=\"summary_large_image\" \/>\n<meta name=\"twitter:label1\" content=\"\u00c9crit par\" \/>\n\t<meta name=\"twitter:data1\" content=\"Delphine Cavallo\" \/>\n\t<meta name=\"twitter:label2\" content=\"Dur\u00e9e de lecture estim\u00e9e\" \/>\n\t<meta name=\"twitter:data2\" content=\"2 minutes\" \/>\n<script type=\"application\/ld+json\" class=\"yoast-schema-graph\">{\"@context\":\"https:\\\/\\\/schema.org\",\"@graph\":[{\"@type\":\"Article\",\"@id\":\"https:\\\/\\\/telemme.mmsh.fr\\\/?p=16151#article\",\"isPartOf\":{\"@id\":\"https:\\\/\\\/telemme.mmsh.fr\\\/?p=16151\"},\"author\":{\"name\":\"Delphine Cavallo\",\"@id\":\"https:\\\/\\\/telemme.mmsh.fr\\\/#\\\/schema\\\/person\\\/86a185da4836381586528ced48e263f5\"},\"headline\":\"Cadavres et pauvret\u00e9\",\"datePublished\":\"2025-11-20T11:42:21+00:00\",\"dateModified\":\"2025-11-21T11:01:39+00:00\",\"mainEntityOfPage\":{\"@id\":\"https:\\\/\\\/telemme.mmsh.fr\\\/?p=16151\"},\"wordCount\":330,\"publisher\":{\"@id\":\"https:\\\/\\\/telemme.mmsh.fr\\\/#organization\"},\"image\":{\"@id\":\"https:\\\/\\\/telemme.mmsh.fr\\\/?p=16151#primaryimage\"},\"thumbnailUrl\":\"https:\\\/\\\/telemme.mmsh.fr\\\/wp-content\\\/uploads\\\/2025\\\/11\\\/Cadavres-et-pauvrete.jpg\",\"keywords\":[\"cadavre\",\"mort\",\"pauvret\u00e9\"],\"articleSection\":[\"Directions d'ouvrage\"],\"inLanguage\":\"fr-FR\"},{\"@type\":\"WebPage\",\"@id\":\"https:\\\/\\\/telemme.mmsh.fr\\\/?p=16151\",\"url\":\"https:\\\/\\\/telemme.mmsh.fr\\\/?p=16151\",\"name\":\"Cadavres et pauvret\u00e9 - TELEMMe - Temps, espaces, langages, Europe m\u00e9ridionale, M\u00e9diterran\u00e9e\",\"isPartOf\":{\"@id\":\"https:\\\/\\\/telemme.mmsh.fr\\\/#website\"},\"primaryImageOfPage\":{\"@id\":\"https:\\\/\\\/telemme.mmsh.fr\\\/?p=16151#primaryimage\"},\"image\":{\"@id\":\"https:\\\/\\\/telemme.mmsh.fr\\\/?p=16151#primaryimage\"},\"thumbnailUrl\":\"https:\\\/\\\/telemme.mmsh.fr\\\/wp-content\\\/uploads\\\/2025\\\/11\\\/Cadavres-et-pauvrete.jpg\",\"datePublished\":\"2025-11-20T11:42:21+00:00\",\"dateModified\":\"2025-11-21T11:01:39+00:00\",\"breadcrumb\":{\"@id\":\"https:\\\/\\\/telemme.mmsh.fr\\\/?p=16151#breadcrumb\"},\"inLanguage\":\"fr-FR\",\"potentialAction\":[{\"@type\":\"ReadAction\",\"target\":[\"https:\\\/\\\/telemme.mmsh.fr\\\/?p=16151\"]}]},{\"@type\":\"ImageObject\",\"inLanguage\":\"fr-FR\",\"@id\":\"https:\\\/\\\/telemme.mmsh.fr\\\/?p=16151#primaryimage\",\"url\":\"https:\\\/\\\/telemme.mmsh.fr\\\/wp-content\\\/uploads\\\/2025\\\/11\\\/Cadavres-et-pauvrete.jpg\",\"contentUrl\":\"https:\\\/\\\/telemme.mmsh.fr\\\/wp-content\\\/uploads\\\/2025\\\/11\\\/Cadavres-et-pauvrete.jpg\",\"width\":400,\"height\":600,\"caption\":\"Couverture de Cadavres et pauvret\u00e9, PUP, 2025\"},{\"@type\":\"BreadcrumbList\",\"@id\":\"https:\\\/\\\/telemme.mmsh.fr\\\/?p=16151#breadcrumb\",\"itemListElement\":[{\"@type\":\"ListItem\",\"position\":1,\"name\":\"Accueil\",\"item\":\"https:\\\/\\\/telemme.mmsh.fr\\\/\"},{\"@type\":\"ListItem\",\"position\":2,\"name\":\"Publications\",\"item\":\"https:\\\/\\\/telemme.mmsh.fr\\\/?cat=1738\"},{\"@type\":\"ListItem\",\"position\":3,\"name\":\"Directions d'ouvrage\",\"item\":\"https:\\\/\\\/telemme.mmsh.fr\\\/?cat=1742\"},{\"@type\":\"ListItem\",\"position\":4,\"name\":\"Cadavres et pauvret\u00e9\"}]},{\"@type\":\"WebSite\",\"@id\":\"https:\\\/\\\/telemme.mmsh.fr\\\/#website\",\"url\":\"https:\\\/\\\/telemme.mmsh.fr\\\/\",\"name\":\"TELEMMe - Temps, espaces, langages, Europe m\u00e9ridionale, M\u00e9diterran\u00e9e\",\"description\":\"\",\"publisher\":{\"@id\":\"https:\\\/\\\/telemme.mmsh.fr\\\/#organization\"},\"potentialAction\":[{\"@type\":\"SearchAction\",\"target\":{\"@type\":\"EntryPoint\",\"urlTemplate\":\"https:\\\/\\\/telemme.mmsh.fr\\\/?s={search_term_string}\"},\"query-input\":{\"@type\":\"PropertyValueSpecification\",\"valueRequired\":true,\"valueName\":\"search_term_string\"}}],\"inLanguage\":\"fr-FR\"},{\"@type\":\"Organization\",\"@id\":\"https:\\\/\\\/telemme.mmsh.fr\\\/#organization\",\"name\":\"TELEMMe\",\"url\":\"https:\\\/\\\/telemme.mmsh.fr\\\/\",\"logo\":{\"@type\":\"ImageObject\",\"inLanguage\":\"fr-FR\",\"@id\":\"https:\\\/\\\/telemme.mmsh.fr\\\/#\\\/schema\\\/logo\\\/image\\\/\",\"url\":\"https:\\\/\\\/telemme.mmsh.fr\\\/wp-content\\\/uploads\\\/2020\\\/03\\\/LogoTELEMMe-horizontal-fond-transparent.png\",\"contentUrl\":\"https:\\\/\\\/telemme.mmsh.fr\\\/wp-content\\\/uploads\\\/2020\\\/03\\\/LogoTELEMMe-horizontal-fond-transparent.png\",\"width\":1500,\"height\":437,\"caption\":\"TELEMMe\"},\"image\":{\"@id\":\"https:\\\/\\\/telemme.mmsh.fr\\\/#\\\/schema\\\/logo\\\/image\\\/\"}},{\"@type\":\"Person\",\"@id\":\"https:\\\/\\\/telemme.mmsh.fr\\\/#\\\/schema\\\/person\\\/86a185da4836381586528ced48e263f5\",\"name\":\"Delphine Cavallo\",\"url\":\"https:\\\/\\\/telemme.mmsh.fr\\\/?author=6\"}]}<\/script>\n<!-- \/ Yoast SEO plugin. -->","yoast_head_json":{"title":"Cadavres et pauvret\u00e9 - TELEMMe - Temps, espaces, langages, Europe m\u00e9ridionale, M\u00e9diterran\u00e9e","robots":{"index":"index","follow":"follow","max-snippet":"max-snippet:-1","max-image-preview":"max-image-preview:large","max-video-preview":"max-video-preview:-1"},"canonical":"https:\/\/telemme.mmsh.fr\/?p=16151","og_locale":"fr_FR","og_type":"article","og_title":"Cadavres et pauvret\u00e9 - TELEMMe - Temps, espaces, langages, Europe m\u00e9ridionale, M\u00e9diterran\u00e9e","og_description":"Cadavres et pauvret\u00e9. Fun\u00e9railles, d\u00e9nuement et pr\u00e9carit\u00e9 en Europe du XVIIIe si\u00e8cle \u00e0 nos jours, Elisabeth Anstett, Anne Carol (dir.), Presses universitaires de Provence, collection Corps &amp; \u00c2mes, s\u00e9rie Postmortem,&hellip;&nbsp;Lire la suite &raquo;Cadavres et pauvret\u00e9","og_url":"https:\/\/telemme.mmsh.fr\/?p=16151","og_site_name":"TELEMMe - Temps, espaces, langages, Europe m\u00e9ridionale, M\u00e9diterran\u00e9e","article_published_time":"2025-11-20T11:42:21+00:00","article_modified_time":"2025-11-21T11:01:39+00:00","og_image":[{"width":400,"height":600,"url":"https:\/\/telemme.mmsh.fr\/wp-content\/uploads\/2025\/11\/Cadavres-et-pauvrete.jpg","type":"image\/jpeg"}],"author":"Delphine Cavallo","twitter_card":"summary_large_image","twitter_misc":{"\u00c9crit par":"Delphine Cavallo","Dur\u00e9e de lecture estim\u00e9e":"2 minutes"},"schema":{"@context":"https:\/\/schema.org","@graph":[{"@type":"Article","@id":"https:\/\/telemme.mmsh.fr\/?p=16151#article","isPartOf":{"@id":"https:\/\/telemme.mmsh.fr\/?p=16151"},"author":{"name":"Delphine Cavallo","@id":"https:\/\/telemme.mmsh.fr\/#\/schema\/person\/86a185da4836381586528ced48e263f5"},"headline":"Cadavres et pauvret\u00e9","datePublished":"2025-11-20T11:42:21+00:00","dateModified":"2025-11-21T11:01:39+00:00","mainEntityOfPage":{"@id":"https:\/\/telemme.mmsh.fr\/?p=16151"},"wordCount":330,"publisher":{"@id":"https:\/\/telemme.mmsh.fr\/#organization"},"image":{"@id":"https:\/\/telemme.mmsh.fr\/?p=16151#primaryimage"},"thumbnailUrl":"https:\/\/telemme.mmsh.fr\/wp-content\/uploads\/2025\/11\/Cadavres-et-pauvrete.jpg","keywords":["cadavre","mort","pauvret\u00e9"],"articleSection":["Directions d'ouvrage"],"inLanguage":"fr-FR"},{"@type":"WebPage","@id":"https:\/\/telemme.mmsh.fr\/?p=16151","url":"https:\/\/telemme.mmsh.fr\/?p=16151","name":"Cadavres et pauvret\u00e9 - TELEMMe - Temps, espaces, langages, Europe m\u00e9ridionale, M\u00e9diterran\u00e9e","isPartOf":{"@id":"https:\/\/telemme.mmsh.fr\/#website"},"primaryImageOfPage":{"@id":"https:\/\/telemme.mmsh.fr\/?p=16151#primaryimage"},"image":{"@id":"https:\/\/telemme.mmsh.fr\/?p=16151#primaryimage"},"thumbnailUrl":"https:\/\/telemme.mmsh.fr\/wp-content\/uploads\/2025\/11\/Cadavres-et-pauvrete.jpg","datePublished":"2025-11-20T11:42:21+00:00","dateModified":"2025-11-21T11:01:39+00:00","breadcrumb":{"@id":"https:\/\/telemme.mmsh.fr\/?p=16151#breadcrumb"},"inLanguage":"fr-FR","potentialAction":[{"@type":"ReadAction","target":["https:\/\/telemme.mmsh.fr\/?p=16151"]}]},{"@type":"ImageObject","inLanguage":"fr-FR","@id":"https:\/\/telemme.mmsh.fr\/?p=16151#primaryimage","url":"https:\/\/telemme.mmsh.fr\/wp-content\/uploads\/2025\/11\/Cadavres-et-pauvrete.jpg","contentUrl":"https:\/\/telemme.mmsh.fr\/wp-content\/uploads\/2025\/11\/Cadavres-et-pauvrete.jpg","width":400,"height":600,"caption":"Couverture de Cadavres et pauvret\u00e9, PUP, 2025"},{"@type":"BreadcrumbList","@id":"https:\/\/telemme.mmsh.fr\/?p=16151#breadcrumb","itemListElement":[{"@type":"ListItem","position":1,"name":"Accueil","item":"https:\/\/telemme.mmsh.fr\/"},{"@type":"ListItem","position":2,"name":"Publications","item":"https:\/\/telemme.mmsh.fr\/?cat=1738"},{"@type":"ListItem","position":3,"name":"Directions d'ouvrage","item":"https:\/\/telemme.mmsh.fr\/?cat=1742"},{"@type":"ListItem","position":4,"name":"Cadavres et pauvret\u00e9"}]},{"@type":"WebSite","@id":"https:\/\/telemme.mmsh.fr\/#website","url":"https:\/\/telemme.mmsh.fr\/","name":"TELEMMe - Temps, espaces, langages, Europe m\u00e9ridionale, M\u00e9diterran\u00e9e","description":"","publisher":{"@id":"https:\/\/telemme.mmsh.fr\/#organization"},"potentialAction":[{"@type":"SearchAction","target":{"@type":"EntryPoint","urlTemplate":"https:\/\/telemme.mmsh.fr\/?s={search_term_string}"},"query-input":{"@type":"PropertyValueSpecification","valueRequired":true,"valueName":"search_term_string"}}],"inLanguage":"fr-FR"},{"@type":"Organization","@id":"https:\/\/telemme.mmsh.fr\/#organization","name":"TELEMMe","url":"https:\/\/telemme.mmsh.fr\/","logo":{"@type":"ImageObject","inLanguage":"fr-FR","@id":"https:\/\/telemme.mmsh.fr\/#\/schema\/logo\/image\/","url":"https:\/\/telemme.mmsh.fr\/wp-content\/uploads\/2020\/03\/LogoTELEMMe-horizontal-fond-transparent.png","contentUrl":"https:\/\/telemme.mmsh.fr\/wp-content\/uploads\/2020\/03\/LogoTELEMMe-horizontal-fond-transparent.png","width":1500,"height":437,"caption":"TELEMMe"},"image":{"@id":"https:\/\/telemme.mmsh.fr\/#\/schema\/logo\/image\/"}},{"@type":"Person","@id":"https:\/\/telemme.mmsh.fr\/#\/schema\/person\/86a185da4836381586528ced48e263f5","name":"Delphine Cavallo","url":"https:\/\/telemme.mmsh.fr\/?author=6"}]}},"_links":{"self":[{"href":"https:\/\/telemme.mmsh.fr\/index.php?rest_route=\/wp\/v2\/posts\/16151","targetHints":{"allow":["GET"]}}],"collection":[{"href":"https:\/\/telemme.mmsh.fr\/index.php?rest_route=\/wp\/v2\/posts"}],"about":[{"href":"https:\/\/telemme.mmsh.fr\/index.php?rest_route=\/wp\/v2\/types\/post"}],"author":[{"embeddable":true,"href":"https:\/\/telemme.mmsh.fr\/index.php?rest_route=\/wp\/v2\/users\/6"}],"replies":[{"embeddable":true,"href":"https:\/\/telemme.mmsh.fr\/index.php?rest_route=%2Fwp%2Fv2%2Fcomments&post=16151"}],"version-history":[{"count":4,"href":"https:\/\/telemme.mmsh.fr\/index.php?rest_route=\/wp\/v2\/posts\/16151\/revisions"}],"predecessor-version":[{"id":16177,"href":"https:\/\/telemme.mmsh.fr\/index.php?rest_route=\/wp\/v2\/posts\/16151\/revisions\/16177"}],"wp:featuredmedia":[{"embeddable":true,"href":"https:\/\/telemme.mmsh.fr\/index.php?rest_route=\/wp\/v2\/media\/16153"}],"wp:attachment":[{"href":"https:\/\/telemme.mmsh.fr\/index.php?rest_route=%2Fwp%2Fv2%2Fmedia&parent=16151"}],"wp:term":[{"taxonomy":"category","embeddable":true,"href":"https:\/\/telemme.mmsh.fr\/index.php?rest_route=%2Fwp%2Fv2%2Fcategories&post=16151"},{"taxonomy":"post_tag","embeddable":true,"href":"https:\/\/telemme.mmsh.fr\/index.php?rest_route=%2Fwp%2Fv2%2Ftags&post=16151"}],"curies":[{"name":"wp","href":"https:\/\/api.w.org\/{rel}","templated":true}]}}