{"id":16090,"date":"2025-11-04T17:35:47","date_gmt":"2025-11-04T16:35:47","guid":{"rendered":"https:\/\/telemme.mmsh.fr\/?p=16090"},"modified":"2025-11-21T10:47:08","modified_gmt":"2025-11-21T09:47:08","slug":"les-arts-aux-expositions-coloniales-de-marseille-de-1906-et-de-1922-enjeux-esthetiques-et-strategiques-a-lechelle-regionale-nationale-et-internationale","status":"publish","type":"post","link":"https:\/\/telemme.mmsh.fr\/?p=16090","title":{"rendered":"Les arts aux Expositions coloniales de Marseille de 1906 et de 1922"},"content":{"rendered":"<p>Ch\u00e8res et chers coll\u00e8gues, ch\u00e8res toutes et chers tous,<\/p>\n<p>J\u2019ai le grand plaisir de vous convier \u00e0 la soutenance de ma th\u00e8se de doctorat en histoire de l\u2019art, qui se tiendra <b>le samedi 20 d\u00e9cembre \u00e0 14h<\/b>, \u00e0 la Maison m\u00e9diterran\u00e9enne des sciences humaines et sociales (5 rue du Ch\u00e2teau de l\u2019Horloge, 13090 Aix-en-Provence).<\/p>\n<p dir=\"auto\">Intitul\u00e9e <strong><i>Les arts aux Expositions coloniales de Marseille de 1906 et de 1922 : enjeux esth\u00e9tiques et strat\u00e9giques \u00e0 l\u2019\u00e9chelle r\u00e9gionale, nationale et internationale<\/i><\/strong>, cette recherche a \u00e9t\u00e9 men\u00e9e sous la direction de Madame<b> Rossella Froissart<\/b>, Directrice d\u2019\u00e9tudes \u00e0 l\u2019\u00c9cole pratique des hautes \u00e9tudes (Paris).<\/p>\n<h3>Le jury sera compos\u00e9 de :<\/h3>\n<ul>\n<li>Madame <b>Nabila Oulebsir<\/b>, Professeure des universit\u00e9s \u00e0 l\u2019Universit\u00e9 de Poitiers, rapporteure<\/li>\n<li>Madame <b>Cecilia Hurley-Griener<\/b>, Directrice de recherche, rapporteure<\/li>\n<li>Monsieur <b>Beno\u00eet Martin<\/b>, Directeur du mus\u00e9e des Arts africains, oc\u00e9aniens et am\u00e9rindiens \u2013 P\u00f4le des mus\u00e9es de Marseille<\/li>\n<li>Monsieur <b>Pierre Pinchon<\/b>, Professeur des universit\u00e9s \u00e0 Aix-Marseille Universit\u00e9, pr\u00e9sident.<\/li>\n<\/ul>\n<div>\n<h3><u>R\u00e9sum\u00e9 de la th\u00e8se<\/u> :<\/h3>\n<p dir=\"auto\">Cette recherche propose une analyse in\u00e9dite des Expositions coloniales de Marseille de 1906 et de 1922 sous l\u2019angle de leurs enjeux artistiques. Elle examine la mani\u00e8re dont la m\u00e9tropole phoc\u00e9enne, p\u00e9riph\u00e9rie strat\u00e9gique de l\u2019empire, mobilise la sc\u00e8ne artistique locale pour affirmer \u00e0 la fois son identit\u00e9 r\u00e9gionale et sa vocation coloniale.\u00a0\u00c0 partir de sources vari\u00e9es <span class=\"x_gmail_default\">(<\/span>catalogues, correspondances, documents imprim\u00e9s et fonds iconographiques<span class=\"x_gmail_default\">),<\/span> l\u2019\u00e9tude met en lumi\u00e8re le r\u00f4le des artistes proven\u00e7aux, coloniaux et extra-europ\u00e9ens dans la sc\u00e9nographie, la d\u00e9coration et la production d\u2019\u0153uvres \u00e0 vis\u00e9e comm\u00e9morative ou propagandiste. Elle r\u00e9v\u00e8le ainsi la construction d\u2019une sc\u00e9nographie hybride, oscillant entre ethnographie, r\u00e9gionalisme et c\u00e9l\u00e9bration imp\u00e9riale, tout en interrogeant les logiques de hi\u00e9rarchisation et de visibilit\u00e9 des artisanats extra-occidentaux.<\/p>\n<p dir=\"auto\"><strong>Mots-cl\u00e9s<\/strong> :\u00a0Expositions coloniales \u2013 Sc\u00e9nographie \u2013 Circulation artistique \u2013 Arts proven\u00e7aux \u2013 Orientalisme<\/p>\n<p>La soutenance sera suivie,<b> vers 18h<\/b>, d\u2019un pot de th\u00e8se auquel vous \u00eates chaleureusement convi\u00e9\u00b7es.<\/p>\n<p>Pour des raisons pratiques, je vous serais tr\u00e8s reconnaissante de bien vouloir confirmer votre pr\u00e9sence \u00e0 la soutenance et\/ou au pot avant le <b>29 novembre 2025<\/b>, \u00e0 l\u2019adresse suivante :\u00a0<a href=\"mailto:julierh06@gmail.com\" target=\"_blank\" rel=\"noopener noreferrer\">julierh06@gmail.com<\/a>.<\/p>\n<p>En esp\u00e9rant avoir le plaisir de vous retrouver \u00e0 cette occasion et en vous\u00a0adressant mes sentiments les plus sinc\u00e8res,<\/p>\n<\/div>\n<p>Julie Rateau<\/p>\n","protected":false},"excerpt":{"rendered":"<p>Ch\u00e8res et chers coll\u00e8gues, ch\u00e8res toutes et chers tous, J\u2019ai le grand plaisir de vous convier \u00e0 la soutenance de ma th\u00e8se de doctorat en histoire de l\u2019art, qui se&hellip;&nbsp;<a href=\"https:\/\/telemme.mmsh.fr\/?p=16090\" rel=\"bookmark\">Lire la suite &raquo;<span class=\"screen-reader-text\">Les arts aux Expositions coloniales de Marseille de 1906 et de 1922<\/span><\/a><\/p>\n","protected":false},"author":6,"featured_media":16168,"comment_status":"closed","ping_status":"closed","sticky":false,"template":"","format":"standard","meta":{"neve_meta_sidebar":"","neve_meta_container":"","neve_meta_enable_content_width":"off","neve_meta_content_width":70,"neve_meta_title_alignment":"","neve_meta_author_avatar":"","neve_post_elements_order":"","neve_meta_disable_header":"","neve_meta_disable_footer":"","neve_meta_disable_title":"","_tribe_events_control_status":"","_tribe_events_control_status_canceled_reason":"","_tribe_events_control_status_postponed_reason":"","_tribe_events_control_online":"","_tribe_events_control_online_url":"","footnotes":""},"categories":[1999],"tags":[3014,2037],"class_list":["post-16090","post","type-post","status-publish","format-standard","has-post-thumbnail","hentry","category-soutenance-these","tag-expositions-coloniales","tag-histoire-de-lart"],"yoast_head":"<!-- This site is optimized with the Yoast SEO plugin v27.4 - https:\/\/yoast.com\/product\/yoast-seo-wordpress\/ -->\n<title>Les arts aux Expositions coloniales de Marseille de 1906 et de 1922 - TELEMMe - Temps, espaces, langages, Europe m\u00e9ridionale, M\u00e9diterran\u00e9e<\/title>\n<meta name=\"robots\" content=\"index, follow, max-snippet:-1, max-image-preview:large, max-video-preview:-1\" \/>\n<link rel=\"canonical\" href=\"https:\/\/telemme.mmsh.fr\/?p=16090\" \/>\n<meta property=\"og:locale\" content=\"fr_FR\" \/>\n<meta property=\"og:type\" content=\"article\" \/>\n<meta property=\"og:title\" content=\"Les arts aux Expositions coloniales de Marseille de 1906 et de 1922 - TELEMMe - Temps, espaces, langages, Europe m\u00e9ridionale, M\u00e9diterran\u00e9e\" \/>\n<meta property=\"og:description\" content=\"Ch\u00e8res et chers coll\u00e8gues, ch\u00e8res toutes et chers tous, J\u2019ai le grand plaisir de vous convier \u00e0 la soutenance de ma th\u00e8se de doctorat en histoire de l\u2019art, qui se&hellip;&nbsp;Lire la suite &raquo;Les arts aux Expositions coloniales de Marseille de 1906 et de 1922\" \/>\n<meta property=\"og:url\" content=\"https:\/\/telemme.mmsh.fr\/?p=16090\" \/>\n<meta property=\"og:site_name\" content=\"TELEMMe - Temps, espaces, langages, Europe m\u00e9ridionale, M\u00e9diterran\u00e9e\" \/>\n<meta property=\"article:published_time\" content=\"2025-11-04T16:35:47+00:00\" \/>\n<meta property=\"article:modified_time\" content=\"2025-11-21T09:47:08+00:00\" \/>\n<meta property=\"og:image\" content=\"https:\/\/telemme.mmsh.fr\/wp-content\/uploads\/2025\/11\/74-R-4-couverture-du-Journal-officiel-de-lExposition-coloniale-Marseille-1922-reproduisant-laffiche-de-David-Dellepiane-AMM-74-R-4-510x705-1.jpg\" \/>\n\t<meta property=\"og:image:width\" content=\"510\" \/>\n\t<meta property=\"og:image:height\" content=\"705\" \/>\n\t<meta property=\"og:image:type\" content=\"image\/jpeg\" \/>\n<meta name=\"author\" content=\"Delphine Cavallo\" \/>\n<meta name=\"twitter:card\" content=\"summary_large_image\" \/>\n<meta name=\"twitter:label1\" content=\"\u00c9crit par\" \/>\n\t<meta name=\"twitter:data1\" content=\"Delphine Cavallo\" \/>\n\t<meta name=\"twitter:label2\" content=\"Dur\u00e9e de lecture estim\u00e9e\" \/>\n\t<meta name=\"twitter:data2\" content=\"2 minutes\" \/>\n<script type=\"application\/ld+json\" class=\"yoast-schema-graph\">{\"@context\":\"https:\\\/\\\/schema.org\",\"@graph\":[{\"@type\":\"Article\",\"@id\":\"https:\\\/\\\/telemme.mmsh.fr\\\/?p=16090#article\",\"isPartOf\":{\"@id\":\"https:\\\/\\\/telemme.mmsh.fr\\\/?p=16090\"},\"author\":{\"name\":\"Delphine Cavallo\",\"@id\":\"https:\\\/\\\/telemme.mmsh.fr\\\/#\\\/schema\\\/person\\\/86a185da4836381586528ced48e263f5\"},\"headline\":\"Les arts aux Expositions coloniales de Marseille de 1906 et de 1922\",\"datePublished\":\"2025-11-04T16:35:47+00:00\",\"dateModified\":\"2025-11-21T09:47:08+00:00\",\"mainEntityOfPage\":{\"@id\":\"https:\\\/\\\/telemme.mmsh.fr\\\/?p=16090\"},\"wordCount\":410,\"publisher\":{\"@id\":\"https:\\\/\\\/telemme.mmsh.fr\\\/#organization\"},\"image\":{\"@id\":\"https:\\\/\\\/telemme.mmsh.fr\\\/?p=16090#primaryimage\"},\"thumbnailUrl\":\"https:\\\/\\\/telemme.mmsh.fr\\\/wp-content\\\/uploads\\\/2025\\\/11\\\/74-R-4-couverture-du-Journal-officiel-de-lExposition-coloniale-Marseille-1922-reproduisant-laffiche-de-David-Dellepiane-AMM-74-R-4-510x705-1.jpg\",\"keywords\":[\"expositions coloniales\",\"histoire de l&#039;art\"],\"articleSection\":[\"Soutenances de th\u00e8se\"],\"inLanguage\":\"fr-FR\"},{\"@type\":\"WebPage\",\"@id\":\"https:\\\/\\\/telemme.mmsh.fr\\\/?p=16090\",\"url\":\"https:\\\/\\\/telemme.mmsh.fr\\\/?p=16090\",\"name\":\"Les arts aux Expositions coloniales de Marseille de 1906 et de 1922 - TELEMMe - Temps, espaces, langages, Europe m\u00e9ridionale, M\u00e9diterran\u00e9e\",\"isPartOf\":{\"@id\":\"https:\\\/\\\/telemme.mmsh.fr\\\/#website\"},\"primaryImageOfPage\":{\"@id\":\"https:\\\/\\\/telemme.mmsh.fr\\\/?p=16090#primaryimage\"},\"image\":{\"@id\":\"https:\\\/\\\/telemme.mmsh.fr\\\/?p=16090#primaryimage\"},\"thumbnailUrl\":\"https:\\\/\\\/telemme.mmsh.fr\\\/wp-content\\\/uploads\\\/2025\\\/11\\\/74-R-4-couverture-du-Journal-officiel-de-lExposition-coloniale-Marseille-1922-reproduisant-laffiche-de-David-Dellepiane-AMM-74-R-4-510x705-1.jpg\",\"datePublished\":\"2025-11-04T16:35:47+00:00\",\"dateModified\":\"2025-11-21T09:47:08+00:00\",\"breadcrumb\":{\"@id\":\"https:\\\/\\\/telemme.mmsh.fr\\\/?p=16090#breadcrumb\"},\"inLanguage\":\"fr-FR\",\"potentialAction\":[{\"@type\":\"ReadAction\",\"target\":[\"https:\\\/\\\/telemme.mmsh.fr\\\/?p=16090\"]}]},{\"@type\":\"ImageObject\",\"inLanguage\":\"fr-FR\",\"@id\":\"https:\\\/\\\/telemme.mmsh.fr\\\/?p=16090#primaryimage\",\"url\":\"https:\\\/\\\/telemme.mmsh.fr\\\/wp-content\\\/uploads\\\/2025\\\/11\\\/74-R-4-couverture-du-Journal-officiel-de-lExposition-coloniale-Marseille-1922-reproduisant-laffiche-de-David-Dellepiane-AMM-74-R-4-510x705-1.jpg\",\"contentUrl\":\"https:\\\/\\\/telemme.mmsh.fr\\\/wp-content\\\/uploads\\\/2025\\\/11\\\/74-R-4-couverture-du-Journal-officiel-de-lExposition-coloniale-Marseille-1922-reproduisant-laffiche-de-David-Dellepiane-AMM-74-R-4-510x705-1.jpg\",\"width\":510,\"height\":705,\"caption\":\"llustration : Couverture du Journal officiel de l'Exposition coloniale de Marseille 1922, reproduisant l'affiche de David Dellepiane, 1922, Marseille, Archives Municipales de la ville de Marseille, fonds 74 R 4)\"},{\"@type\":\"BreadcrumbList\",\"@id\":\"https:\\\/\\\/telemme.mmsh.fr\\\/?p=16090#breadcrumb\",\"itemListElement\":[{\"@type\":\"ListItem\",\"position\":1,\"name\":\"Accueil\",\"item\":\"https:\\\/\\\/telemme.mmsh.fr\\\/\"},{\"@type\":\"ListItem\",\"position\":2,\"name\":\"Actualit\u00e9s\",\"item\":\"https:\\\/\\\/telemme.mmsh.fr\\\/?cat=1995\"},{\"@type\":\"ListItem\",\"position\":3,\"name\":\"Soutenances de th\u00e8se\",\"item\":\"https:\\\/\\\/telemme.mmsh.fr\\\/?cat=1999\"},{\"@type\":\"ListItem\",\"position\":4,\"name\":\"Les arts aux Expositions coloniales de Marseille de 1906 et de 1922\"}]},{\"@type\":\"WebSite\",\"@id\":\"https:\\\/\\\/telemme.mmsh.fr\\\/#website\",\"url\":\"https:\\\/\\\/telemme.mmsh.fr\\\/\",\"name\":\"TELEMMe - Temps, espaces, langages, Europe m\u00e9ridionale, M\u00e9diterran\u00e9e\",\"description\":\"\",\"publisher\":{\"@id\":\"https:\\\/\\\/telemme.mmsh.fr\\\/#organization\"},\"potentialAction\":[{\"@type\":\"SearchAction\",\"target\":{\"@type\":\"EntryPoint\",\"urlTemplate\":\"https:\\\/\\\/telemme.mmsh.fr\\\/?s={search_term_string}\"},\"query-input\":{\"@type\":\"PropertyValueSpecification\",\"valueRequired\":true,\"valueName\":\"search_term_string\"}}],\"inLanguage\":\"fr-FR\"},{\"@type\":\"Organization\",\"@id\":\"https:\\\/\\\/telemme.mmsh.fr\\\/#organization\",\"name\":\"TELEMMe\",\"url\":\"https:\\\/\\\/telemme.mmsh.fr\\\/\",\"logo\":{\"@type\":\"ImageObject\",\"inLanguage\":\"fr-FR\",\"@id\":\"https:\\\/\\\/telemme.mmsh.fr\\\/#\\\/schema\\\/logo\\\/image\\\/\",\"url\":\"https:\\\/\\\/telemme.mmsh.fr\\\/wp-content\\\/uploads\\\/2020\\\/03\\\/LogoTELEMMe-horizontal-fond-transparent.png\",\"contentUrl\":\"https:\\\/\\\/telemme.mmsh.fr\\\/wp-content\\\/uploads\\\/2020\\\/03\\\/LogoTELEMMe-horizontal-fond-transparent.png\",\"width\":1500,\"height\":437,\"caption\":\"TELEMMe\"},\"image\":{\"@id\":\"https:\\\/\\\/telemme.mmsh.fr\\\/#\\\/schema\\\/logo\\\/image\\\/\"}},{\"@type\":\"Person\",\"@id\":\"https:\\\/\\\/telemme.mmsh.fr\\\/#\\\/schema\\\/person\\\/86a185da4836381586528ced48e263f5\",\"name\":\"Delphine Cavallo\",\"url\":\"https:\\\/\\\/telemme.mmsh.fr\\\/?author=6\"}]}<\/script>\n<!-- \/ Yoast SEO plugin. -->","yoast_head_json":{"title":"Les arts aux Expositions coloniales de Marseille de 1906 et de 1922 - TELEMMe - Temps, espaces, langages, Europe m\u00e9ridionale, M\u00e9diterran\u00e9e","robots":{"index":"index","follow":"follow","max-snippet":"max-snippet:-1","max-image-preview":"max-image-preview:large","max-video-preview":"max-video-preview:-1"},"canonical":"https:\/\/telemme.mmsh.fr\/?p=16090","og_locale":"fr_FR","og_type":"article","og_title":"Les arts aux Expositions coloniales de Marseille de 1906 et de 1922 - TELEMMe - Temps, espaces, langages, Europe m\u00e9ridionale, M\u00e9diterran\u00e9e","og_description":"Ch\u00e8res et chers coll\u00e8gues, ch\u00e8res toutes et chers tous, J\u2019ai le grand plaisir de vous convier \u00e0 la soutenance de ma th\u00e8se de doctorat en histoire de l\u2019art, qui se&hellip;&nbsp;Lire la suite &raquo;Les arts aux Expositions coloniales de Marseille de 1906 et de 1922","og_url":"https:\/\/telemme.mmsh.fr\/?p=16090","og_site_name":"TELEMMe - Temps, espaces, langages, Europe m\u00e9ridionale, M\u00e9diterran\u00e9e","article_published_time":"2025-11-04T16:35:47+00:00","article_modified_time":"2025-11-21T09:47:08+00:00","og_image":[{"width":510,"height":705,"url":"https:\/\/telemme.mmsh.fr\/wp-content\/uploads\/2025\/11\/74-R-4-couverture-du-Journal-officiel-de-lExposition-coloniale-Marseille-1922-reproduisant-laffiche-de-David-Dellepiane-AMM-74-R-4-510x705-1.jpg","type":"image\/jpeg"}],"author":"Delphine Cavallo","twitter_card":"summary_large_image","twitter_misc":{"\u00c9crit par":"Delphine Cavallo","Dur\u00e9e de lecture estim\u00e9e":"2 minutes"},"schema":{"@context":"https:\/\/schema.org","@graph":[{"@type":"Article","@id":"https:\/\/telemme.mmsh.fr\/?p=16090#article","isPartOf":{"@id":"https:\/\/telemme.mmsh.fr\/?p=16090"},"author":{"name":"Delphine Cavallo","@id":"https:\/\/telemme.mmsh.fr\/#\/schema\/person\/86a185da4836381586528ced48e263f5"},"headline":"Les arts aux Expositions coloniales de Marseille de 1906 et de 1922","datePublished":"2025-11-04T16:35:47+00:00","dateModified":"2025-11-21T09:47:08+00:00","mainEntityOfPage":{"@id":"https:\/\/telemme.mmsh.fr\/?p=16090"},"wordCount":410,"publisher":{"@id":"https:\/\/telemme.mmsh.fr\/#organization"},"image":{"@id":"https:\/\/telemme.mmsh.fr\/?p=16090#primaryimage"},"thumbnailUrl":"https:\/\/telemme.mmsh.fr\/wp-content\/uploads\/2025\/11\/74-R-4-couverture-du-Journal-officiel-de-lExposition-coloniale-Marseille-1922-reproduisant-laffiche-de-David-Dellepiane-AMM-74-R-4-510x705-1.jpg","keywords":["expositions coloniales","histoire de l&#039;art"],"articleSection":["Soutenances de th\u00e8se"],"inLanguage":"fr-FR"},{"@type":"WebPage","@id":"https:\/\/telemme.mmsh.fr\/?p=16090","url":"https:\/\/telemme.mmsh.fr\/?p=16090","name":"Les arts aux Expositions coloniales de Marseille de 1906 et de 1922 - TELEMMe - Temps, espaces, langages, Europe m\u00e9ridionale, M\u00e9diterran\u00e9e","isPartOf":{"@id":"https:\/\/telemme.mmsh.fr\/#website"},"primaryImageOfPage":{"@id":"https:\/\/telemme.mmsh.fr\/?p=16090#primaryimage"},"image":{"@id":"https:\/\/telemme.mmsh.fr\/?p=16090#primaryimage"},"thumbnailUrl":"https:\/\/telemme.mmsh.fr\/wp-content\/uploads\/2025\/11\/74-R-4-couverture-du-Journal-officiel-de-lExposition-coloniale-Marseille-1922-reproduisant-laffiche-de-David-Dellepiane-AMM-74-R-4-510x705-1.jpg","datePublished":"2025-11-04T16:35:47+00:00","dateModified":"2025-11-21T09:47:08+00:00","breadcrumb":{"@id":"https:\/\/telemme.mmsh.fr\/?p=16090#breadcrumb"},"inLanguage":"fr-FR","potentialAction":[{"@type":"ReadAction","target":["https:\/\/telemme.mmsh.fr\/?p=16090"]}]},{"@type":"ImageObject","inLanguage":"fr-FR","@id":"https:\/\/telemme.mmsh.fr\/?p=16090#primaryimage","url":"https:\/\/telemme.mmsh.fr\/wp-content\/uploads\/2025\/11\/74-R-4-couverture-du-Journal-officiel-de-lExposition-coloniale-Marseille-1922-reproduisant-laffiche-de-David-Dellepiane-AMM-74-R-4-510x705-1.jpg","contentUrl":"https:\/\/telemme.mmsh.fr\/wp-content\/uploads\/2025\/11\/74-R-4-couverture-du-Journal-officiel-de-lExposition-coloniale-Marseille-1922-reproduisant-laffiche-de-David-Dellepiane-AMM-74-R-4-510x705-1.jpg","width":510,"height":705,"caption":"llustration : Couverture du Journal officiel de l'Exposition coloniale de Marseille 1922, reproduisant l'affiche de David Dellepiane, 1922, Marseille, Archives Municipales de la ville de Marseille, fonds 74 R 4)"},{"@type":"BreadcrumbList","@id":"https:\/\/telemme.mmsh.fr\/?p=16090#breadcrumb","itemListElement":[{"@type":"ListItem","position":1,"name":"Accueil","item":"https:\/\/telemme.mmsh.fr\/"},{"@type":"ListItem","position":2,"name":"Actualit\u00e9s","item":"https:\/\/telemme.mmsh.fr\/?cat=1995"},{"@type":"ListItem","position":3,"name":"Soutenances de th\u00e8se","item":"https:\/\/telemme.mmsh.fr\/?cat=1999"},{"@type":"ListItem","position":4,"name":"Les arts aux Expositions coloniales de Marseille de 1906 et de 1922"}]},{"@type":"WebSite","@id":"https:\/\/telemme.mmsh.fr\/#website","url":"https:\/\/telemme.mmsh.fr\/","name":"TELEMMe - Temps, espaces, langages, Europe m\u00e9ridionale, M\u00e9diterran\u00e9e","description":"","publisher":{"@id":"https:\/\/telemme.mmsh.fr\/#organization"},"potentialAction":[{"@type":"SearchAction","target":{"@type":"EntryPoint","urlTemplate":"https:\/\/telemme.mmsh.fr\/?s={search_term_string}"},"query-input":{"@type":"PropertyValueSpecification","valueRequired":true,"valueName":"search_term_string"}}],"inLanguage":"fr-FR"},{"@type":"Organization","@id":"https:\/\/telemme.mmsh.fr\/#organization","name":"TELEMMe","url":"https:\/\/telemme.mmsh.fr\/","logo":{"@type":"ImageObject","inLanguage":"fr-FR","@id":"https:\/\/telemme.mmsh.fr\/#\/schema\/logo\/image\/","url":"https:\/\/telemme.mmsh.fr\/wp-content\/uploads\/2020\/03\/LogoTELEMMe-horizontal-fond-transparent.png","contentUrl":"https:\/\/telemme.mmsh.fr\/wp-content\/uploads\/2020\/03\/LogoTELEMMe-horizontal-fond-transparent.png","width":1500,"height":437,"caption":"TELEMMe"},"image":{"@id":"https:\/\/telemme.mmsh.fr\/#\/schema\/logo\/image\/"}},{"@type":"Person","@id":"https:\/\/telemme.mmsh.fr\/#\/schema\/person\/86a185da4836381586528ced48e263f5","name":"Delphine Cavallo","url":"https:\/\/telemme.mmsh.fr\/?author=6"}]}},"_links":{"self":[{"href":"https:\/\/telemme.mmsh.fr\/index.php?rest_route=\/wp\/v2\/posts\/16090","targetHints":{"allow":["GET"]}}],"collection":[{"href":"https:\/\/telemme.mmsh.fr\/index.php?rest_route=\/wp\/v2\/posts"}],"about":[{"href":"https:\/\/telemme.mmsh.fr\/index.php?rest_route=\/wp\/v2\/types\/post"}],"author":[{"embeddable":true,"href":"https:\/\/telemme.mmsh.fr\/index.php?rest_route=\/wp\/v2\/users\/6"}],"replies":[{"embeddable":true,"href":"https:\/\/telemme.mmsh.fr\/index.php?rest_route=%2Fwp%2Fv2%2Fcomments&post=16090"}],"version-history":[{"count":4,"href":"https:\/\/telemme.mmsh.fr\/index.php?rest_route=\/wp\/v2\/posts\/16090\/revisions"}],"predecessor-version":[{"id":16169,"href":"https:\/\/telemme.mmsh.fr\/index.php?rest_route=\/wp\/v2\/posts\/16090\/revisions\/16169"}],"wp:featuredmedia":[{"embeddable":true,"href":"https:\/\/telemme.mmsh.fr\/index.php?rest_route=\/wp\/v2\/media\/16168"}],"wp:attachment":[{"href":"https:\/\/telemme.mmsh.fr\/index.php?rest_route=%2Fwp%2Fv2%2Fmedia&parent=16090"}],"wp:term":[{"taxonomy":"category","embeddable":true,"href":"https:\/\/telemme.mmsh.fr\/index.php?rest_route=%2Fwp%2Fv2%2Fcategories&post=16090"},{"taxonomy":"post_tag","embeddable":true,"href":"https:\/\/telemme.mmsh.fr\/index.php?rest_route=%2Fwp%2Fv2%2Ftags&post=16090"}],"curies":[{"name":"wp","href":"https:\/\/api.w.org\/{rel}","templated":true}]}}