{"id":15960,"date":"2025-09-30T17:42:46","date_gmt":"2025-09-30T15:42:46","guid":{"rendered":"https:\/\/telemme.mmsh.fr\/?p=15960"},"modified":"2025-09-30T17:43:24","modified_gmt":"2025-09-30T15:43:24","slug":"autopsie-dune-inquisition-provence-1530-1533","status":"publish","type":"post","link":"https:\/\/telemme.mmsh.fr\/?p=15960","title":{"rendered":"Autopsie d&rsquo;une inquisition. Provence (1530-1533)"},"content":{"rendered":"\n<blockquote class=\"wp-block-quote is-layout-flow wp-block-quote-is-layout-flow\">\n<p><em><strong><a href=\"https:\/\/classiques-garnier.com\/autopsie-d-une-inquisition-provence-1530-1533.html\">Autopsie d&rsquo;une inquisition. Provence (1530-1533),<\/a><\/strong><\/em> <a href=\"https:\/\/telemme.mmsh.fr\/?membres=gabriel-audisio\">Gabriel Audisio<\/a>, Classiques Garnier, 2025, 289 pages<\/p>\n<\/blockquote>\n\n\n\n<p>Fran\u00e7ois I<sup>er<\/sup>, alert\u00e9 sur les agissements de l\u2019inquisiteur Jean de Roma, ordonna au Parlement de Provence de proc\u00e9der \u00e0 une enqu\u00eate afin de rechercher en vertu de quelle autorit\u00e9 il agissait et de relever ses abus, notamment le transfert de sujets du roi en Comtat Venaissin, terre du pape. L&rsquo;enqu\u00eate r\u00e9v\u00e8le une des derni\u00e8res pratiques d&rsquo;inquisition m\u00e9di\u00e9vale au si\u00e8cle de la Renaissance.<\/p>\n\n\n\n<h2 class=\"wp-block-heading\">Sommaire<\/h2>\n\n\n\n<ul class=\"wp-block-list\">\n<li>Avant-propos<\/li>\n\n\n\n<li>Pr\u00e9lude <\/li>\n\n\n\n<li>L\u2019affaire de Roma <\/li>\n\n\n\n<li>L\u2019enqu\u00eate <\/li>\n\n\n\n<li>Les t\u00e9moins <\/li>\n\n\n\n<li>Les t\u00e9moignages <\/li>\n\n\n\n<li>Les \u00ab abuz \u00bb <\/li>\n\n\n\n<li>L\u2019inquisiteur en action <\/li>\n\n\n\n<li>Parole \u00e0 l\u2019accus\u00e9 <\/li>\n\n\n\n<li>Bilans <\/li>\n\n\n\n<li>Lendemains <\/li>\n\n\n\n<li>Postlude <\/li>\n\n\n\n<li>Remerciements<\/li>\n\n\n\n<li>Annexe I<br>Lettre de Fran\u00e7ois Ier au Parlement d\u2019Aix (12 f\u00e9vrier 1532)<\/li>\n\n\n\n<li>Annexe II<br>Annexe de la lettre royale du 12 f\u00e9vrier 1532 <\/li>\n\n\n\n<li>Annexe III\u00b5<br>Lettre de la communaut\u00e9 de Cabri\u00e8res \u00e0 Jean de Roma <\/li>\n\n\n\n<li>Annexe IV<br>T\u00e9moignage de Jacques Brente<\/li>\n\n\n\n<li>Annexe V<br>T\u00e9moignage d\u2019Arnaud Gaudin <\/li>\n\n\n\n<li>Annexe VI<br>T\u00e9moignage de Brancas Sirejean <\/li>\n\n\n\n<li>Annexe VII<br>Interrogatoire de Jean Couchet<\/li>\n\n\n\n<li>Annexe VIII<br>L\u2019avis des commissaires <\/li>\n\n\n\n<li>Annexe IX<br><em>Declaratio infelicis secte valdensium<\/em> \/ Pr\u00e9sentation de la malheureuse secte des vaudois (Traduction. Extraits) <\/li>\n\n\n\n<li>Annexe X<br>Deffencion de la proc\u00e9dure faicte par fr\u00e8re Jehan de Rome Inquisiteur de la saincte foy catholicque et vicaire d\u2019Apt Et par Me Anthoine Mayran, juge ordinaire d\u2019Aix adjoinct Contre Les vauldoys et h\u00e9r\u00e9ticques qui sont en Prouvence (Extraits) <\/li>\n\n\n\n<li>Annexe XI<br>Aultres deffencions pour saulver les proc\u00e9dures faictespar fr\u00e8re Je han de Roma, inquisiteur, et par ses adjoinctz<\/li>\n\n\n\n<li>Glossaire<br>Moyen fran\u00e7ais, proven\u00e7al <\/li>\n\n\n\n<li>Sources<\/li>\n\n\n\n<li>Bibliographie<\/li>\n\n\n\n<li>Index des noms de lieux<\/li>\n\n\n\n<li>Table des figures<\/li>\n<\/ul>\n\n\n\n<p><\/p>\n","protected":false},"excerpt":{"rendered":"<p>Autopsie d&rsquo;une inquisition. Provence (1530-1533), Gabriel Audisio, Classiques Garnier, 2025, 289 pages Fran\u00e7ois Ier, alert\u00e9 sur les agissements de l\u2019inquisiteur Jean de Roma, ordonna au Parlement de Provence de proc\u00e9der&hellip;&nbsp;<a href=\"https:\/\/telemme.mmsh.fr\/?p=15960\" rel=\"bookmark\">Lire la suite &raquo;<span class=\"screen-reader-text\">Autopsie d&rsquo;une inquisition. Provence (1530-1533)<\/span><\/a><\/p>\n","protected":false},"author":6,"featured_media":15961,"comment_status":"closed","ping_status":"closed","sticky":false,"template":"","format":"standard","meta":{"neve_meta_sidebar":"","neve_meta_container":"","neve_meta_enable_content_width":"off","neve_meta_content_width":70,"neve_meta_title_alignment":"","neve_meta_author_avatar":"","neve_post_elements_order":"","neve_meta_disable_header":"","neve_meta_disable_footer":"","neve_meta_disable_title":"","_tribe_events_control_status":"","_tribe_events_control_status_canceled_reason":"","_tribe_events_control_status_postponed_reason":"","_tribe_events_control_online":"","_tribe_events_control_online_url":"","footnotes":""},"categories":[1740],"tags":[2311],"class_list":["post-15960","post","type-post","status-publish","format-standard","has-post-thumbnail","hentry","category-ouvrages","tag-provence"],"yoast_head":"<!-- This site is optimized with the Yoast SEO plugin v27.4 - https:\/\/yoast.com\/product\/yoast-seo-wordpress\/ -->\n<title>Autopsie d&#039;une inquisition. Provence (1530-1533) - TELEMMe - Temps, espaces, langages, Europe m\u00e9ridionale, M\u00e9diterran\u00e9e<\/title>\n<meta name=\"robots\" content=\"index, follow, max-snippet:-1, max-image-preview:large, max-video-preview:-1\" \/>\n<link rel=\"canonical\" href=\"https:\/\/telemme.mmsh.fr\/?p=15960\" \/>\n<meta property=\"og:locale\" content=\"fr_FR\" \/>\n<meta property=\"og:type\" content=\"article\" \/>\n<meta property=\"og:title\" content=\"Autopsie d&#039;une inquisition. Provence (1530-1533) - TELEMMe - Temps, espaces, langages, Europe m\u00e9ridionale, M\u00e9diterran\u00e9e\" \/>\n<meta property=\"og:description\" content=\"Autopsie d&rsquo;une inquisition. Provence (1530-1533), Gabriel Audisio, Classiques Garnier, 2025, 289 pages Fran\u00e7ois Ier, alert\u00e9 sur les agissements de l\u2019inquisiteur Jean de Roma, ordonna au Parlement de Provence de proc\u00e9der&hellip;&nbsp;Lire la suite &raquo;Autopsie d&rsquo;une inquisition. Provence (1530-1533)\" \/>\n<meta property=\"og:url\" content=\"https:\/\/telemme.mmsh.fr\/?p=15960\" \/>\n<meta property=\"og:site_name\" content=\"TELEMMe - Temps, espaces, langages, Europe m\u00e9ridionale, M\u00e9diterran\u00e9e\" \/>\n<meta property=\"article:published_time\" content=\"2025-09-30T15:42:46+00:00\" \/>\n<meta property=\"article:modified_time\" content=\"2025-09-30T15:43:24+00:00\" \/>\n<meta property=\"og:image\" content=\"https:\/\/telemme.mmsh.fr\/wp-content\/uploads\/2025\/09\/GaoMS07b.png\" \/>\n\t<meta property=\"og:image:width\" content=\"400\" \/>\n\t<meta property=\"og:image:height\" content=\"600\" \/>\n\t<meta property=\"og:image:type\" content=\"image\/png\" \/>\n<meta name=\"author\" content=\"Delphine Cavallo\" \/>\n<meta name=\"twitter:card\" content=\"summary_large_image\" \/>\n<meta name=\"twitter:label1\" content=\"\u00c9crit par\" \/>\n\t<meta name=\"twitter:data1\" content=\"Delphine Cavallo\" \/>\n\t<meta name=\"twitter:label2\" content=\"Dur\u00e9e de lecture estim\u00e9e\" \/>\n\t<meta name=\"twitter:data2\" content=\"1 minute\" \/>\n<script type=\"application\/ld+json\" class=\"yoast-schema-graph\">{\"@context\":\"https:\\\/\\\/schema.org\",\"@graph\":[{\"@type\":\"Article\",\"@id\":\"https:\\\/\\\/telemme.mmsh.fr\\\/?p=15960#article\",\"isPartOf\":{\"@id\":\"https:\\\/\\\/telemme.mmsh.fr\\\/?p=15960\"},\"author\":{\"name\":\"Delphine Cavallo\",\"@id\":\"https:\\\/\\\/telemme.mmsh.fr\\\/#\\\/schema\\\/person\\\/86a185da4836381586528ced48e263f5\"},\"headline\":\"Autopsie d&rsquo;une inquisition. Provence (1530-1533)\",\"datePublished\":\"2025-09-30T15:42:46+00:00\",\"dateModified\":\"2025-09-30T15:43:24+00:00\",\"mainEntityOfPage\":{\"@id\":\"https:\\\/\\\/telemme.mmsh.fr\\\/?p=15960\"},\"wordCount\":278,\"publisher\":{\"@id\":\"https:\\\/\\\/telemme.mmsh.fr\\\/#organization\"},\"image\":{\"@id\":\"https:\\\/\\\/telemme.mmsh.fr\\\/?p=15960#primaryimage\"},\"thumbnailUrl\":\"https:\\\/\\\/telemme.mmsh.fr\\\/wp-content\\\/uploads\\\/2025\\\/09\\\/GaoMS07b.png\",\"keywords\":[\"Provence\"],\"articleSection\":[\"Ouvrages\"],\"inLanguage\":\"fr-FR\"},{\"@type\":\"WebPage\",\"@id\":\"https:\\\/\\\/telemme.mmsh.fr\\\/?p=15960\",\"url\":\"https:\\\/\\\/telemme.mmsh.fr\\\/?p=15960\",\"name\":\"Autopsie d'une inquisition. Provence (1530-1533) - TELEMMe - Temps, espaces, langages, Europe m\u00e9ridionale, M\u00e9diterran\u00e9e\",\"isPartOf\":{\"@id\":\"https:\\\/\\\/telemme.mmsh.fr\\\/#website\"},\"primaryImageOfPage\":{\"@id\":\"https:\\\/\\\/telemme.mmsh.fr\\\/?p=15960#primaryimage\"},\"image\":{\"@id\":\"https:\\\/\\\/telemme.mmsh.fr\\\/?p=15960#primaryimage\"},\"thumbnailUrl\":\"https:\\\/\\\/telemme.mmsh.fr\\\/wp-content\\\/uploads\\\/2025\\\/09\\\/GaoMS07b.png\",\"datePublished\":\"2025-09-30T15:42:46+00:00\",\"dateModified\":\"2025-09-30T15:43:24+00:00\",\"breadcrumb\":{\"@id\":\"https:\\\/\\\/telemme.mmsh.fr\\\/?p=15960#breadcrumb\"},\"inLanguage\":\"fr-FR\",\"potentialAction\":[{\"@type\":\"ReadAction\",\"target\":[\"https:\\\/\\\/telemme.mmsh.fr\\\/?p=15960\"]}]},{\"@type\":\"ImageObject\",\"inLanguage\":\"fr-FR\",\"@id\":\"https:\\\/\\\/telemme.mmsh.fr\\\/?p=15960#primaryimage\",\"url\":\"https:\\\/\\\/telemme.mmsh.fr\\\/wp-content\\\/uploads\\\/2025\\\/09\\\/GaoMS07b.png\",\"contentUrl\":\"https:\\\/\\\/telemme.mmsh.fr\\\/wp-content\\\/uploads\\\/2025\\\/09\\\/GaoMS07b.png\",\"width\":400,\"height\":600,\"caption\":\"Couverture d'Autopsie d'une inquisition. Provence (1530-1533), G. Audisio, Classiques Garnier, 2025\"},{\"@type\":\"BreadcrumbList\",\"@id\":\"https:\\\/\\\/telemme.mmsh.fr\\\/?p=15960#breadcrumb\",\"itemListElement\":[{\"@type\":\"ListItem\",\"position\":1,\"name\":\"Accueil\",\"item\":\"https:\\\/\\\/telemme.mmsh.fr\\\/\"},{\"@type\":\"ListItem\",\"position\":2,\"name\":\"Publications\",\"item\":\"https:\\\/\\\/telemme.mmsh.fr\\\/?cat=1738\"},{\"@type\":\"ListItem\",\"position\":3,\"name\":\"Ouvrages\",\"item\":\"https:\\\/\\\/telemme.mmsh.fr\\\/?cat=1740\"},{\"@type\":\"ListItem\",\"position\":4,\"name\":\"Autopsie d&rsquo;une inquisition. Provence (1530-1533)\"}]},{\"@type\":\"WebSite\",\"@id\":\"https:\\\/\\\/telemme.mmsh.fr\\\/#website\",\"url\":\"https:\\\/\\\/telemme.mmsh.fr\\\/\",\"name\":\"TELEMMe - Temps, espaces, langages, Europe m\u00e9ridionale, M\u00e9diterran\u00e9e\",\"description\":\"\",\"publisher\":{\"@id\":\"https:\\\/\\\/telemme.mmsh.fr\\\/#organization\"},\"potentialAction\":[{\"@type\":\"SearchAction\",\"target\":{\"@type\":\"EntryPoint\",\"urlTemplate\":\"https:\\\/\\\/telemme.mmsh.fr\\\/?s={search_term_string}\"},\"query-input\":{\"@type\":\"PropertyValueSpecification\",\"valueRequired\":true,\"valueName\":\"search_term_string\"}}],\"inLanguage\":\"fr-FR\"},{\"@type\":\"Organization\",\"@id\":\"https:\\\/\\\/telemme.mmsh.fr\\\/#organization\",\"name\":\"TELEMMe\",\"url\":\"https:\\\/\\\/telemme.mmsh.fr\\\/\",\"logo\":{\"@type\":\"ImageObject\",\"inLanguage\":\"fr-FR\",\"@id\":\"https:\\\/\\\/telemme.mmsh.fr\\\/#\\\/schema\\\/logo\\\/image\\\/\",\"url\":\"https:\\\/\\\/telemme.mmsh.fr\\\/wp-content\\\/uploads\\\/2020\\\/03\\\/LogoTELEMMe-horizontal-fond-transparent.png\",\"contentUrl\":\"https:\\\/\\\/telemme.mmsh.fr\\\/wp-content\\\/uploads\\\/2020\\\/03\\\/LogoTELEMMe-horizontal-fond-transparent.png\",\"width\":1500,\"height\":437,\"caption\":\"TELEMMe\"},\"image\":{\"@id\":\"https:\\\/\\\/telemme.mmsh.fr\\\/#\\\/schema\\\/logo\\\/image\\\/\"}},{\"@type\":\"Person\",\"@id\":\"https:\\\/\\\/telemme.mmsh.fr\\\/#\\\/schema\\\/person\\\/86a185da4836381586528ced48e263f5\",\"name\":\"Delphine Cavallo\",\"url\":\"https:\\\/\\\/telemme.mmsh.fr\\\/?author=6\"}]}<\/script>\n<!-- \/ Yoast SEO plugin. -->","yoast_head_json":{"title":"Autopsie d'une inquisition. Provence (1530-1533) - TELEMMe - Temps, espaces, langages, Europe m\u00e9ridionale, M\u00e9diterran\u00e9e","robots":{"index":"index","follow":"follow","max-snippet":"max-snippet:-1","max-image-preview":"max-image-preview:large","max-video-preview":"max-video-preview:-1"},"canonical":"https:\/\/telemme.mmsh.fr\/?p=15960","og_locale":"fr_FR","og_type":"article","og_title":"Autopsie d'une inquisition. Provence (1530-1533) - TELEMMe - Temps, espaces, langages, Europe m\u00e9ridionale, M\u00e9diterran\u00e9e","og_description":"Autopsie d&rsquo;une inquisition. Provence (1530-1533), Gabriel Audisio, Classiques Garnier, 2025, 289 pages Fran\u00e7ois Ier, alert\u00e9 sur les agissements de l\u2019inquisiteur Jean de Roma, ordonna au Parlement de Provence de proc\u00e9der&hellip;&nbsp;Lire la suite &raquo;Autopsie d&rsquo;une inquisition. Provence (1530-1533)","og_url":"https:\/\/telemme.mmsh.fr\/?p=15960","og_site_name":"TELEMMe - Temps, espaces, langages, Europe m\u00e9ridionale, M\u00e9diterran\u00e9e","article_published_time":"2025-09-30T15:42:46+00:00","article_modified_time":"2025-09-30T15:43:24+00:00","og_image":[{"width":400,"height":600,"url":"https:\/\/telemme.mmsh.fr\/wp-content\/uploads\/2025\/09\/GaoMS07b.png","type":"image\/png"}],"author":"Delphine Cavallo","twitter_card":"summary_large_image","twitter_misc":{"\u00c9crit par":"Delphine Cavallo","Dur\u00e9e de lecture estim\u00e9e":"1 minute"},"schema":{"@context":"https:\/\/schema.org","@graph":[{"@type":"Article","@id":"https:\/\/telemme.mmsh.fr\/?p=15960#article","isPartOf":{"@id":"https:\/\/telemme.mmsh.fr\/?p=15960"},"author":{"name":"Delphine Cavallo","@id":"https:\/\/telemme.mmsh.fr\/#\/schema\/person\/86a185da4836381586528ced48e263f5"},"headline":"Autopsie d&rsquo;une inquisition. Provence (1530-1533)","datePublished":"2025-09-30T15:42:46+00:00","dateModified":"2025-09-30T15:43:24+00:00","mainEntityOfPage":{"@id":"https:\/\/telemme.mmsh.fr\/?p=15960"},"wordCount":278,"publisher":{"@id":"https:\/\/telemme.mmsh.fr\/#organization"},"image":{"@id":"https:\/\/telemme.mmsh.fr\/?p=15960#primaryimage"},"thumbnailUrl":"https:\/\/telemme.mmsh.fr\/wp-content\/uploads\/2025\/09\/GaoMS07b.png","keywords":["Provence"],"articleSection":["Ouvrages"],"inLanguage":"fr-FR"},{"@type":"WebPage","@id":"https:\/\/telemme.mmsh.fr\/?p=15960","url":"https:\/\/telemme.mmsh.fr\/?p=15960","name":"Autopsie d'une inquisition. Provence (1530-1533) - TELEMMe - Temps, espaces, langages, Europe m\u00e9ridionale, M\u00e9diterran\u00e9e","isPartOf":{"@id":"https:\/\/telemme.mmsh.fr\/#website"},"primaryImageOfPage":{"@id":"https:\/\/telemme.mmsh.fr\/?p=15960#primaryimage"},"image":{"@id":"https:\/\/telemme.mmsh.fr\/?p=15960#primaryimage"},"thumbnailUrl":"https:\/\/telemme.mmsh.fr\/wp-content\/uploads\/2025\/09\/GaoMS07b.png","datePublished":"2025-09-30T15:42:46+00:00","dateModified":"2025-09-30T15:43:24+00:00","breadcrumb":{"@id":"https:\/\/telemme.mmsh.fr\/?p=15960#breadcrumb"},"inLanguage":"fr-FR","potentialAction":[{"@type":"ReadAction","target":["https:\/\/telemme.mmsh.fr\/?p=15960"]}]},{"@type":"ImageObject","inLanguage":"fr-FR","@id":"https:\/\/telemme.mmsh.fr\/?p=15960#primaryimage","url":"https:\/\/telemme.mmsh.fr\/wp-content\/uploads\/2025\/09\/GaoMS07b.png","contentUrl":"https:\/\/telemme.mmsh.fr\/wp-content\/uploads\/2025\/09\/GaoMS07b.png","width":400,"height":600,"caption":"Couverture d'Autopsie d'une inquisition. Provence (1530-1533), G. Audisio, Classiques Garnier, 2025"},{"@type":"BreadcrumbList","@id":"https:\/\/telemme.mmsh.fr\/?p=15960#breadcrumb","itemListElement":[{"@type":"ListItem","position":1,"name":"Accueil","item":"https:\/\/telemme.mmsh.fr\/"},{"@type":"ListItem","position":2,"name":"Publications","item":"https:\/\/telemme.mmsh.fr\/?cat=1738"},{"@type":"ListItem","position":3,"name":"Ouvrages","item":"https:\/\/telemme.mmsh.fr\/?cat=1740"},{"@type":"ListItem","position":4,"name":"Autopsie d&rsquo;une inquisition. Provence (1530-1533)"}]},{"@type":"WebSite","@id":"https:\/\/telemme.mmsh.fr\/#website","url":"https:\/\/telemme.mmsh.fr\/","name":"TELEMMe - Temps, espaces, langages, Europe m\u00e9ridionale, M\u00e9diterran\u00e9e","description":"","publisher":{"@id":"https:\/\/telemme.mmsh.fr\/#organization"},"potentialAction":[{"@type":"SearchAction","target":{"@type":"EntryPoint","urlTemplate":"https:\/\/telemme.mmsh.fr\/?s={search_term_string}"},"query-input":{"@type":"PropertyValueSpecification","valueRequired":true,"valueName":"search_term_string"}}],"inLanguage":"fr-FR"},{"@type":"Organization","@id":"https:\/\/telemme.mmsh.fr\/#organization","name":"TELEMMe","url":"https:\/\/telemme.mmsh.fr\/","logo":{"@type":"ImageObject","inLanguage":"fr-FR","@id":"https:\/\/telemme.mmsh.fr\/#\/schema\/logo\/image\/","url":"https:\/\/telemme.mmsh.fr\/wp-content\/uploads\/2020\/03\/LogoTELEMMe-horizontal-fond-transparent.png","contentUrl":"https:\/\/telemme.mmsh.fr\/wp-content\/uploads\/2020\/03\/LogoTELEMMe-horizontal-fond-transparent.png","width":1500,"height":437,"caption":"TELEMMe"},"image":{"@id":"https:\/\/telemme.mmsh.fr\/#\/schema\/logo\/image\/"}},{"@type":"Person","@id":"https:\/\/telemme.mmsh.fr\/#\/schema\/person\/86a185da4836381586528ced48e263f5","name":"Delphine Cavallo","url":"https:\/\/telemme.mmsh.fr\/?author=6"}]}},"_links":{"self":[{"href":"https:\/\/telemme.mmsh.fr\/index.php?rest_route=\/wp\/v2\/posts\/15960","targetHints":{"allow":["GET"]}}],"collection":[{"href":"https:\/\/telemme.mmsh.fr\/index.php?rest_route=\/wp\/v2\/posts"}],"about":[{"href":"https:\/\/telemme.mmsh.fr\/index.php?rest_route=\/wp\/v2\/types\/post"}],"author":[{"embeddable":true,"href":"https:\/\/telemme.mmsh.fr\/index.php?rest_route=\/wp\/v2\/users\/6"}],"replies":[{"embeddable":true,"href":"https:\/\/telemme.mmsh.fr\/index.php?rest_route=%2Fwp%2Fv2%2Fcomments&post=15960"}],"version-history":[{"count":4,"href":"https:\/\/telemme.mmsh.fr\/index.php?rest_route=\/wp\/v2\/posts\/15960\/revisions"}],"predecessor-version":[{"id":15965,"href":"https:\/\/telemme.mmsh.fr\/index.php?rest_route=\/wp\/v2\/posts\/15960\/revisions\/15965"}],"wp:featuredmedia":[{"embeddable":true,"href":"https:\/\/telemme.mmsh.fr\/index.php?rest_route=\/wp\/v2\/media\/15961"}],"wp:attachment":[{"href":"https:\/\/telemme.mmsh.fr\/index.php?rest_route=%2Fwp%2Fv2%2Fmedia&parent=15960"}],"wp:term":[{"taxonomy":"category","embeddable":true,"href":"https:\/\/telemme.mmsh.fr\/index.php?rest_route=%2Fwp%2Fv2%2Fcategories&post=15960"},{"taxonomy":"post_tag","embeddable":true,"href":"https:\/\/telemme.mmsh.fr\/index.php?rest_route=%2Fwp%2Fv2%2Ftags&post=15960"}],"curies":[{"name":"wp","href":"https:\/\/api.w.org\/{rel}","templated":true}]}}