{"id":15843,"date":"2025-09-05T12:13:52","date_gmt":"2025-09-05T10:13:52","guid":{"rendered":"https:\/\/telemme.mmsh.fr\/?p=15843"},"modified":"2025-09-08T16:07:46","modified_gmt":"2025-09-08T14:07:46","slug":"recrutement-dun%c2%b7e-post-doctorant%c2%b7e-pour-le-projet-aixopera","status":"publish","type":"post","link":"https:\/\/telemme.mmsh.fr\/?p=15843","title":{"rendered":"Recrutement d\u2019un\u00b7e post-doctorant\u00b7e pour le projet AixOP\u00c9RA"},"content":{"rendered":"\n<h2 class=\"wp-block-heading\"><strong>Informations g\u00e9n\u00e9rales<\/strong><\/h2>\n\n\n\n<p><strong>&nbsp;R\u00e9f\u00e9rence<\/strong> : UMR TELEMMe 7303<\/p>\n\n\n\n<p><strong>Lieu de travail <\/strong>:&nbsp;AIX EN PROVENCE<br><strong>Date de publication<\/strong> :&nbsp;05\/09\/2025<br><strong>Type de contrat<\/strong> :&nbsp;CDD Scientifique<br><strong>Dur\u00e9e du contrat<\/strong> : 17 mois<br><strong>Date d\u2019embauche pr\u00e9vue <\/strong>: 01\/12\/2025<br><strong>Quotit\u00e9 de travail <\/strong>:&nbsp;Temps complet<br><strong>R\u00e9mun\u00e9ration<\/strong> :&nbsp;entre 2348 et 2 707 euros nets mensuels (prime incluse) selon exp\u00e9rience<br><strong>Niveau d\u2019\u00e9tudes souhait\u00e9<\/strong> :&nbsp;Doctorat<br><strong>Exp\u00e9rience souhait\u00e9e<\/strong> :&nbsp;1 \u00e0 4 ann\u00e9es<\/p>\n\n\n\n<h2 class=\"wp-block-heading\"><strong>Modalit\u00e9s de candidature<\/strong><\/h2>\n\n\n\n<p>&nbsp;Envoyer un <strong>CV synth\u00e9tique <\/strong>et&nbsp;une <strong>lettre de motivation<\/strong> \u00e0 :<\/p>\n\n\n\n<ul class=\"wp-block-list\">\n<li>Aziza Gril-Mariotte : aziza.gril-mariotte[at]univ-amu.fr ET<\/li>\n\n\n\n<li>Pierre Pinchon : pierre.pinchon[at]univ-amu.fr<\/li>\n<\/ul>\n\n\n\n<p>&nbsp;<strong>Date limite de candidature<\/strong> : 15 octobre 2025<\/p>\n\n\n\n<h2 class=\"wp-block-heading\"><strong>Contexte<\/strong><\/h2>\n\n\n\n<p>\u00a0L\u2019emploi de post-doctorant\u00b7e archiviste ou sp\u00e9cialiste de l\u2019analyse de sources historiques musicales et sonores pour 17 mois s\u2019inscrit au c\u0153ur du programme interdisciplinaire AixOPERA retenu dans le cadre de l\u2019AAP Transfert 2023 d\u2019Amidex.<\/p>\n\n\n\n<p>&nbsp;Le projet AixOPERA rassemble plusieurs UMR &#8211; TELEMMe, PRISM, IRHIM, SAPRAT \u2013, la Maison m\u00e9diterran\u00e9enne des sciences humaines et sociales (MMSH), le Festival international d\u2019art lyrique d\u2019Aix-en-Provence (FIAL), la Ville d\u2019Aix-en-Provence, le Mus\u00e9e Granet, le Mus\u00e9e des Tapisseries, les Archives municipales d\u2019Aix-en-Provence, la Cit\u00e9 de la musique (Philharmonie de Paris) et le Centre national du costume de sc\u00e8ne de Moulins.<\/p>\n\n\n\n<p>&nbsp;Le projet AixOPERA a pour ambition d\u2019\u00e9tudier l\u2019histoire des arts de la sc\u00e8ne en s\u2019appuyant sur une institution culturelle majeure : le Festival international d\u2019art lyrique d\u2019Aix-en-Provence (FIAL). Les riches collections du FIAL (d\u00e9cors de grands peintres et plasticiens, costumes de sc\u00e8ne, photographies, archives audiovisuelles de spectacles, maquettes sc\u00e9niques, contrats d\u2019artistes, programmes de spectacles), n\u2019ont encore jamais fait l\u2019objet de travaux transversaux d\u2019ampleur, malgr\u00e9 la place centrale du Festival dans l\u2019histoire locale et internationale. Par une approche interdisciplinaire m\u00ealant histoire culturelle et du spectacle vivant, musicologie, humanit\u00e9s num\u00e9riques et histoire de l\u2019art, AixOPERA contribuera \u00e0 l\u2019\u00e9mergence de nouvelles connaissances en musique, danse, sc\u00e9nographie, esth\u00e9tique, \u00e9conomie du spectacle et histoire de la sc\u00e8ne lyrique. Les produits des travaux scientifiques co-construits avec le FIAL nourriront les activit\u00e9s de m\u00e9diation des savoirs d\u2019AMU comme celles du Festival d\u2019Aix en Provence. Webdocumentaire, base de donn\u00e9es, reconstitutions virtuelles, exposition num\u00e9rique, parcours de m\u00e9diation scientifique &amp; culturelle en r\u00e9alit\u00e9 virtuelle et organisation de manifestations scientifiques.<\/p>\n\n\n\n<p>&nbsp;Dans ce cadre, l\u2019archiviste musicologue devra r\u00e9aliser une mission d\u2019expertise sur les archives sonores et audiovisuelles du Festival, qui restent \u00e0 inventorier, \u00e0 d\u00e9crire et \u00e0 valoriser.<\/p>\n\n\n\n<h2 class=\"wp-block-heading\"><strong>Activit\u00e9s<\/strong><\/h2>\n\n\n\n<p><strong>&nbsp;<\/strong>Membre du comit\u00e9 de pilotage, le postdoctorant\/la postdoctorante, travaillera en \u00e9troite collaboration avec les deux porteurs du projet. Il\/elle sera recrut\u00e9\u00b7e \u00e0 compter du 3 novembre 2025 pour une dur\u00e9e de deux ans. Sa mission comportera deux volets :<\/p>\n\n\n\n<h3 class=\"wp-block-heading\"><strong>Profil recherch\u00e9&nbsp;:<\/strong><\/h3>\n\n\n\n<ul class=\"wp-block-list\">\n<li>Docteur\u00b7e en en arts du spectacle ou en histoire de l\u2019art, musicologie<\/li>\n\n\n\n<li>Connaissance des fonds documentaires et archivistiques de l\u2019art lyrique<\/li>\n\n\n\n<li>Exp\u00e9rience de la gestion de projet<\/li>\n<\/ul>\n\n\n\n<h3 class=\"wp-block-heading\"><strong>Missions&nbsp;:<\/strong><\/h3>\n\n\n\n<ol class=\"wp-block-list\">\n<li><strong><em>Coordination de la recherche documentaire et archivistique pour l\u2019ensemble des livrables<\/em><\/strong>, en lien avec la coordinatrice du portail des collections&nbsp;:<br>Lien avec les institutions partenaires et les chercheurs pour finaliser la liste des ressources exploitables&nbsp;;<\/li>\n\n\n\n<li><strong><em>Coordination de la mise en ligne des contenus du portail des collections et du web-documentaire<\/em><\/strong>: s\u00e9lection des ressources&nbsp;; coordination de la documentation&nbsp;; gestion des questions juridiques li\u00e9es \u00e0 l\u2019usage de la documentation, des photographies et des supports audiovisuels&nbsp;;<\/li>\n\n\n\n<li><strong><em>Coordination des projets de balades-sonore<\/em><\/strong>, en lien avec la r\u00e9f\u00e9rente du projet \u00e0 TELEMMe et les prestataires : &nbsp;Calendrier&nbsp;; commande, suivi, relectures et rendu&nbsp;;<\/li>\n\n\n\n<li><strong><em>Participation au comit\u00e9 d\u2019organisation du colloque final du projet, <\/em><\/strong>en lien avec les responsables du comit\u00e9 d\u2019organisation, participer \u00e0 la phase pr\u00e9paratoire (appels \u00e0 communication, dossiers de financements, s\u00e9lection des participants et organisation logistiques).<\/li>\n<\/ol>\n\n\n\n<h2 class=\"wp-block-heading\"><strong>Comp\u00e9tences<\/strong><\/h2>\n\n\n\n<p>&nbsp;Le profil du post-doc sera recherch\u00e9 dans le champ des op\u00e9ra-studies.<\/p>\n\n\n\n<p>Au vu des diff\u00e9rentes missions cit\u00e9es, la personne recrut\u00e9e devra poss\u00e9der des qualit\u00e9s d\u2019organisation, \u00eatre \u00e0 l\u2019aise dans les missions de coordination et planification et avoir une exp\u00e9rience minimale des usages num\u00e9riques en sciences humaines et sociales&nbsp;:<\/p>\n\n\n\n<ul class=\"wp-block-list\">\n<li>Connaissance du cadre l\u00e9gal et d\u00e9ontologique des archives, du droit de la propri\u00e9t\u00e9 intellectuelle et d\u2019utilisation des images&nbsp;;<\/li>\n\n\n\n<li>Connaissance du monde de l\u2019art du spectacle et de la musicologie&nbsp;;<\/li>\n\n\n\n<li>Connaissance des syst\u00e8mes d\u2019information documentaire et des normes bibliographiques et de documentation.<\/li>\n<\/ul>\n\n\n\n<h2 class=\"wp-block-heading\"><strong>Contexte de travail<\/strong><\/h2>\n\n\n\n<p>&nbsp;TELEMMe \u2013 Temps, espaces, langages, Europe m\u00e9ridionale, M\u00e9diterran\u00e9e \u2013 est une unit\u00e9 mixte de recherche de l\u2019Universit\u00e9 d\u2019Aix-Marseille et du CNRS, compos\u00e9e d\u2019historiens, d\u2019hispanistes et de g\u00e9ographes. C\u2019est par le nombre de chercheurs et de doctorants le plus important laboratoire de la MMSH.<\/p>\n\n\n\n<h3 class=\"wp-block-heading\"><strong>UAR 3125 MMSH AMU\/CNRS<\/strong><\/h3>\n\n\n\n<p>Campus de recherche et de formation en sciences humaines et sociales, la Maison m\u00e9diterran\u00e9enne des sciences humaines et sociales est une composante d\u2019Aix-Marseille Universit\u00e9 appuy\u00e9e sur une Unit\u00e9 d\u2019Appui et de Recherche du CNRS (UAR 3125).<br>Structure de service et d\u2019animation de la recherche, la MMSH rassemble&nbsp;11&nbsp;laboratoires (10 sur son site aixois ; 1 sur son site marseillais). Le site aixois accueille par ailleurs l\u2019\u00c9cole Doctorale 355 \u00ab Espaces, Cultures, Soci\u00e9t\u00e9s \u00bb ainsi que l\u2019institut un d\u2019\u00e9tablissement ARKAIA (Institut d\u2019arch\u00e9ologie m\u00e9diterran\u00e9enne).<\/p>\n\n\n\n<p>La MMSH est actuellement dirig\u00e9e par Cyril ISNART, qui conduit le projet quinquennal 2024-2028.<\/p>\n\n\n\n<h2 class=\"wp-block-heading\"><strong>Informations compl\u00e9mentaires<\/strong><\/h2>\n\n\n\n<p>&nbsp;Ma\u00eetrise de l\u2019anglais scientifique indispensable.<\/p>\n\n\n\n<div data-wp-interactive=\"core\/file\" class=\"wp-block-file\"><object data-wp-bind--hidden=\"!state.hasPdfPreview\" hidden class=\"wp-block-file__embed\" data=\"https:\/\/telemme.mmsh.fr\/wp-content\/uploads\/2025\/09\/2025.09.05_AMIDEX_TELEMME_AIXOPERA_FicheDePoste_post-doc_VF.pdf\" type=\"application\/pdf\" style=\"width:100%;height:600px\" aria-label=\"Contenu embarqu\u00e9 Fiche de poste : post-doctorat AixOPERA.\"><\/object><a id=\"wp-block-file--media-2275c440-15c6-4695-b6ac-c2c874f1af04\" href=\"https:\/\/telemme.mmsh.fr\/wp-content\/uploads\/2025\/09\/2025.09.05_AMIDEX_TELEMME_AIXOPERA_FicheDePoste_post-doc_VF.pdf\">Fiche de poste : post-doctorat AixOPERA<\/a><a href=\"https:\/\/telemme.mmsh.fr\/wp-content\/uploads\/2025\/09\/2025.09.05_AMIDEX_TELEMME_AIXOPERA_FicheDePoste_post-doc_VF.pdf\" class=\"wp-block-file__button wp-element-button\" download aria-describedby=\"wp-block-file--media-2275c440-15c6-4695-b6ac-c2c874f1af04\">T\u00e9l\u00e9charger<\/a><\/div>\n\n\n\n<p>&nbsp;<\/p>\n\n\n\n<p><\/p>\n","protected":false},"excerpt":{"rendered":"<p>Informations g\u00e9n\u00e9rales &nbsp;R\u00e9f\u00e9rence : UMR TELEMMe 7303 Lieu de travail :&nbsp;AIX EN PROVENCEDate de publication :&nbsp;05\/09\/2025Type de contrat :&nbsp;CDD ScientifiqueDur\u00e9e du contrat : 17 moisDate d\u2019embauche pr\u00e9vue : 01\/12\/2025Quotit\u00e9 de&hellip;&nbsp;<a href=\"https:\/\/telemme.mmsh.fr\/?p=15843\" rel=\"bookmark\">Lire la suite &raquo;<span class=\"screen-reader-text\">Recrutement d\u2019un\u00b7e post-doctorant\u00b7e pour le projet AixOP\u00c9RA<\/span><\/a><\/p>\n","protected":false},"author":6,"featured_media":15849,"comment_status":"closed","ping_status":"closed","sticky":false,"template":"","format":"standard","meta":{"neve_meta_sidebar":"","neve_meta_container":"","neve_meta_enable_content_width":"off","neve_meta_content_width":70,"neve_meta_title_alignment":"","neve_meta_author_avatar":"","neve_post_elements_order":"","neve_meta_disable_header":"","neve_meta_disable_footer":"","neve_meta_disable_title":"","_tribe_events_control_status":"","_tribe_events_control_status_canceled_reason":"","_tribe_events_control_status_postponed_reason":"","_tribe_events_control_online":"","_tribe_events_control_online_url":"","footnotes":""},"categories":[2026],"tags":[2224],"class_list":["post-15843","post","type-post","status-publish","format-standard","has-post-thumbnail","hentry","category-appels-a-candidature","tag-post-doctorat"],"yoast_head":"<!-- This site is optimized with the Yoast SEO plugin v27.4 - https:\/\/yoast.com\/product\/yoast-seo-wordpress\/ -->\n<title>Recrutement d\u2019un\u00b7e post-doctorant\u00b7e pour le projet AixOP\u00c9RA - TELEMMe - Temps, espaces, langages, Europe m\u00e9ridionale, M\u00e9diterran\u00e9e<\/title>\n<meta name=\"robots\" content=\"index, follow, max-snippet:-1, max-image-preview:large, max-video-preview:-1\" \/>\n<link rel=\"canonical\" href=\"https:\/\/telemme.mmsh.fr\/?p=15843\" \/>\n<meta property=\"og:locale\" content=\"fr_FR\" \/>\n<meta property=\"og:type\" content=\"article\" \/>\n<meta property=\"og:title\" content=\"Recrutement d\u2019un\u00b7e post-doctorant\u00b7e pour le projet AixOP\u00c9RA - TELEMMe - Temps, espaces, langages, Europe m\u00e9ridionale, M\u00e9diterran\u00e9e\" \/>\n<meta property=\"og:description\" content=\"Informations g\u00e9n\u00e9rales &nbsp;R\u00e9f\u00e9rence : UMR TELEMMe 7303 Lieu de travail :&nbsp;AIX EN PROVENCEDate de publication :&nbsp;05\/09\/2025Type de contrat :&nbsp;CDD ScientifiqueDur\u00e9e du contrat : 17 moisDate d\u2019embauche pr\u00e9vue : 01\/12\/2025Quotit\u00e9 de&hellip;&nbsp;Lire la suite &raquo;Recrutement d\u2019un\u00b7e post-doctorant\u00b7e pour le projet AixOP\u00c9RA\" \/>\n<meta property=\"og:url\" content=\"https:\/\/telemme.mmsh.fr\/?p=15843\" \/>\n<meta property=\"og:site_name\" content=\"TELEMMe - Temps, espaces, langages, Europe m\u00e9ridionale, M\u00e9diterran\u00e9e\" \/>\n<meta property=\"article:published_time\" content=\"2025-09-05T10:13:52+00:00\" \/>\n<meta property=\"article:modified_time\" content=\"2025-09-08T14:07:46+00:00\" \/>\n<meta property=\"og:image\" content=\"https:\/\/telemme.mmsh.fr\/wp-content\/uploads\/2025\/09\/Bloc_logos_AIXOPERA_reduit.png\" \/>\n\t<meta property=\"og:image:width\" content=\"500\" \/>\n\t<meta property=\"og:image:height\" content=\"424\" \/>\n\t<meta property=\"og:image:type\" content=\"image\/png\" \/>\n<meta name=\"author\" content=\"Delphine Cavallo\" \/>\n<meta name=\"twitter:card\" content=\"summary_large_image\" \/>\n<meta name=\"twitter:label1\" content=\"\u00c9crit par\" \/>\n\t<meta name=\"twitter:data1\" content=\"Delphine Cavallo\" \/>\n\t<meta name=\"twitter:label2\" content=\"Dur\u00e9e de lecture estim\u00e9e\" \/>\n\t<meta name=\"twitter:data2\" content=\"5 minutes\" \/>\n<script type=\"application\/ld+json\" class=\"yoast-schema-graph\">{\"@context\":\"https:\\\/\\\/schema.org\",\"@graph\":[{\"@type\":\"Article\",\"@id\":\"https:\\\/\\\/telemme.mmsh.fr\\\/?p=15843#article\",\"isPartOf\":{\"@id\":\"https:\\\/\\\/telemme.mmsh.fr\\\/?p=15843\"},\"author\":{\"name\":\"Delphine Cavallo\",\"@id\":\"https:\\\/\\\/telemme.mmsh.fr\\\/#\\\/schema\\\/person\\\/86a185da4836381586528ced48e263f5\"},\"headline\":\"Recrutement d\u2019un\u00b7e post-doctorant\u00b7e pour le projet AixOP\u00c9RA\",\"datePublished\":\"2025-09-05T10:13:52+00:00\",\"dateModified\":\"2025-09-08T14:07:46+00:00\",\"mainEntityOfPage\":{\"@id\":\"https:\\\/\\\/telemme.mmsh.fr\\\/?p=15843\"},\"wordCount\":963,\"publisher\":{\"@id\":\"https:\\\/\\\/telemme.mmsh.fr\\\/#organization\"},\"image\":{\"@id\":\"https:\\\/\\\/telemme.mmsh.fr\\\/?p=15843#primaryimage\"},\"thumbnailUrl\":\"https:\\\/\\\/telemme.mmsh.fr\\\/wp-content\\\/uploads\\\/2025\\\/09\\\/Bloc_logos_AIXOPERA_reduit.png\",\"keywords\":[\"post-doctorat\"],\"articleSection\":[\"Appels \u00e0 candidature\"],\"inLanguage\":\"fr-FR\"},{\"@type\":\"WebPage\",\"@id\":\"https:\\\/\\\/telemme.mmsh.fr\\\/?p=15843\",\"url\":\"https:\\\/\\\/telemme.mmsh.fr\\\/?p=15843\",\"name\":\"Recrutement d\u2019un\u00b7e post-doctorant\u00b7e pour le projet AixOP\u00c9RA - TELEMMe - Temps, espaces, langages, Europe m\u00e9ridionale, M\u00e9diterran\u00e9e\",\"isPartOf\":{\"@id\":\"https:\\\/\\\/telemme.mmsh.fr\\\/#website\"},\"primaryImageOfPage\":{\"@id\":\"https:\\\/\\\/telemme.mmsh.fr\\\/?p=15843#primaryimage\"},\"image\":{\"@id\":\"https:\\\/\\\/telemme.mmsh.fr\\\/?p=15843#primaryimage\"},\"thumbnailUrl\":\"https:\\\/\\\/telemme.mmsh.fr\\\/wp-content\\\/uploads\\\/2025\\\/09\\\/Bloc_logos_AIXOPERA_reduit.png\",\"datePublished\":\"2025-09-05T10:13:52+00:00\",\"dateModified\":\"2025-09-08T14:07:46+00:00\",\"breadcrumb\":{\"@id\":\"https:\\\/\\\/telemme.mmsh.fr\\\/?p=15843#breadcrumb\"},\"inLanguage\":\"fr-FR\",\"potentialAction\":[{\"@type\":\"ReadAction\",\"target\":[\"https:\\\/\\\/telemme.mmsh.fr\\\/?p=15843\"]}]},{\"@type\":\"ImageObject\",\"inLanguage\":\"fr-FR\",\"@id\":\"https:\\\/\\\/telemme.mmsh.fr\\\/?p=15843#primaryimage\",\"url\":\"https:\\\/\\\/telemme.mmsh.fr\\\/wp-content\\\/uploads\\\/2025\\\/09\\\/Bloc_logos_AIXOPERA_reduit.png\",\"contentUrl\":\"https:\\\/\\\/telemme.mmsh.fr\\\/wp-content\\\/uploads\\\/2025\\\/09\\\/Bloc_logos_AIXOPERA_reduit.png\",\"width\":500,\"height\":424,\"caption\":\"Logo d'AixOPERA\"},{\"@type\":\"BreadcrumbList\",\"@id\":\"https:\\\/\\\/telemme.mmsh.fr\\\/?p=15843#breadcrumb\",\"itemListElement\":[{\"@type\":\"ListItem\",\"position\":1,\"name\":\"Accueil\",\"item\":\"https:\\\/\\\/telemme.mmsh.fr\\\/\"},{\"@type\":\"ListItem\",\"position\":2,\"name\":\"Actualit\u00e9s\",\"item\":\"https:\\\/\\\/telemme.mmsh.fr\\\/?cat=1995\"},{\"@type\":\"ListItem\",\"position\":3,\"name\":\"Appels \u00e0 candidature\",\"item\":\"https:\\\/\\\/telemme.mmsh.fr\\\/?cat=2026\"},{\"@type\":\"ListItem\",\"position\":4,\"name\":\"Recrutement d\u2019un\u00b7e post-doctorant\u00b7e pour le projet AixOP\u00c9RA\"}]},{\"@type\":\"WebSite\",\"@id\":\"https:\\\/\\\/telemme.mmsh.fr\\\/#website\",\"url\":\"https:\\\/\\\/telemme.mmsh.fr\\\/\",\"name\":\"TELEMMe - Temps, espaces, langages, Europe m\u00e9ridionale, M\u00e9diterran\u00e9e\",\"description\":\"\",\"publisher\":{\"@id\":\"https:\\\/\\\/telemme.mmsh.fr\\\/#organization\"},\"potentialAction\":[{\"@type\":\"SearchAction\",\"target\":{\"@type\":\"EntryPoint\",\"urlTemplate\":\"https:\\\/\\\/telemme.mmsh.fr\\\/?s={search_term_string}\"},\"query-input\":{\"@type\":\"PropertyValueSpecification\",\"valueRequired\":true,\"valueName\":\"search_term_string\"}}],\"inLanguage\":\"fr-FR\"},{\"@type\":\"Organization\",\"@id\":\"https:\\\/\\\/telemme.mmsh.fr\\\/#organization\",\"name\":\"TELEMMe\",\"url\":\"https:\\\/\\\/telemme.mmsh.fr\\\/\",\"logo\":{\"@type\":\"ImageObject\",\"inLanguage\":\"fr-FR\",\"@id\":\"https:\\\/\\\/telemme.mmsh.fr\\\/#\\\/schema\\\/logo\\\/image\\\/\",\"url\":\"https:\\\/\\\/telemme.mmsh.fr\\\/wp-content\\\/uploads\\\/2020\\\/03\\\/LogoTELEMMe-horizontal-fond-transparent.png\",\"contentUrl\":\"https:\\\/\\\/telemme.mmsh.fr\\\/wp-content\\\/uploads\\\/2020\\\/03\\\/LogoTELEMMe-horizontal-fond-transparent.png\",\"width\":1500,\"height\":437,\"caption\":\"TELEMMe\"},\"image\":{\"@id\":\"https:\\\/\\\/telemme.mmsh.fr\\\/#\\\/schema\\\/logo\\\/image\\\/\"}},{\"@type\":\"Person\",\"@id\":\"https:\\\/\\\/telemme.mmsh.fr\\\/#\\\/schema\\\/person\\\/86a185da4836381586528ced48e263f5\",\"name\":\"Delphine Cavallo\",\"url\":\"https:\\\/\\\/telemme.mmsh.fr\\\/?author=6\"}]}<\/script>\n<!-- \/ Yoast SEO plugin. -->","yoast_head_json":{"title":"Recrutement d\u2019un\u00b7e post-doctorant\u00b7e pour le projet AixOP\u00c9RA - TELEMMe - Temps, espaces, langages, Europe m\u00e9ridionale, M\u00e9diterran\u00e9e","robots":{"index":"index","follow":"follow","max-snippet":"max-snippet:-1","max-image-preview":"max-image-preview:large","max-video-preview":"max-video-preview:-1"},"canonical":"https:\/\/telemme.mmsh.fr\/?p=15843","og_locale":"fr_FR","og_type":"article","og_title":"Recrutement d\u2019un\u00b7e post-doctorant\u00b7e pour le projet AixOP\u00c9RA - TELEMMe - Temps, espaces, langages, Europe m\u00e9ridionale, M\u00e9diterran\u00e9e","og_description":"Informations g\u00e9n\u00e9rales &nbsp;R\u00e9f\u00e9rence : UMR TELEMMe 7303 Lieu de travail :&nbsp;AIX EN PROVENCEDate de publication :&nbsp;05\/09\/2025Type de contrat :&nbsp;CDD ScientifiqueDur\u00e9e du contrat : 17 moisDate d\u2019embauche pr\u00e9vue : 01\/12\/2025Quotit\u00e9 de&hellip;&nbsp;Lire la suite &raquo;Recrutement d\u2019un\u00b7e post-doctorant\u00b7e pour le projet AixOP\u00c9RA","og_url":"https:\/\/telemme.mmsh.fr\/?p=15843","og_site_name":"TELEMMe - Temps, espaces, langages, Europe m\u00e9ridionale, M\u00e9diterran\u00e9e","article_published_time":"2025-09-05T10:13:52+00:00","article_modified_time":"2025-09-08T14:07:46+00:00","og_image":[{"width":500,"height":424,"url":"https:\/\/telemme.mmsh.fr\/wp-content\/uploads\/2025\/09\/Bloc_logos_AIXOPERA_reduit.png","type":"image\/png"}],"author":"Delphine Cavallo","twitter_card":"summary_large_image","twitter_misc":{"\u00c9crit par":"Delphine Cavallo","Dur\u00e9e de lecture estim\u00e9e":"5 minutes"},"schema":{"@context":"https:\/\/schema.org","@graph":[{"@type":"Article","@id":"https:\/\/telemme.mmsh.fr\/?p=15843#article","isPartOf":{"@id":"https:\/\/telemme.mmsh.fr\/?p=15843"},"author":{"name":"Delphine Cavallo","@id":"https:\/\/telemme.mmsh.fr\/#\/schema\/person\/86a185da4836381586528ced48e263f5"},"headline":"Recrutement d\u2019un\u00b7e post-doctorant\u00b7e pour le projet AixOP\u00c9RA","datePublished":"2025-09-05T10:13:52+00:00","dateModified":"2025-09-08T14:07:46+00:00","mainEntityOfPage":{"@id":"https:\/\/telemme.mmsh.fr\/?p=15843"},"wordCount":963,"publisher":{"@id":"https:\/\/telemme.mmsh.fr\/#organization"},"image":{"@id":"https:\/\/telemme.mmsh.fr\/?p=15843#primaryimage"},"thumbnailUrl":"https:\/\/telemme.mmsh.fr\/wp-content\/uploads\/2025\/09\/Bloc_logos_AIXOPERA_reduit.png","keywords":["post-doctorat"],"articleSection":["Appels \u00e0 candidature"],"inLanguage":"fr-FR"},{"@type":"WebPage","@id":"https:\/\/telemme.mmsh.fr\/?p=15843","url":"https:\/\/telemme.mmsh.fr\/?p=15843","name":"Recrutement d\u2019un\u00b7e post-doctorant\u00b7e pour le projet AixOP\u00c9RA - TELEMMe - Temps, espaces, langages, Europe m\u00e9ridionale, M\u00e9diterran\u00e9e","isPartOf":{"@id":"https:\/\/telemme.mmsh.fr\/#website"},"primaryImageOfPage":{"@id":"https:\/\/telemme.mmsh.fr\/?p=15843#primaryimage"},"image":{"@id":"https:\/\/telemme.mmsh.fr\/?p=15843#primaryimage"},"thumbnailUrl":"https:\/\/telemme.mmsh.fr\/wp-content\/uploads\/2025\/09\/Bloc_logos_AIXOPERA_reduit.png","datePublished":"2025-09-05T10:13:52+00:00","dateModified":"2025-09-08T14:07:46+00:00","breadcrumb":{"@id":"https:\/\/telemme.mmsh.fr\/?p=15843#breadcrumb"},"inLanguage":"fr-FR","potentialAction":[{"@type":"ReadAction","target":["https:\/\/telemme.mmsh.fr\/?p=15843"]}]},{"@type":"ImageObject","inLanguage":"fr-FR","@id":"https:\/\/telemme.mmsh.fr\/?p=15843#primaryimage","url":"https:\/\/telemme.mmsh.fr\/wp-content\/uploads\/2025\/09\/Bloc_logos_AIXOPERA_reduit.png","contentUrl":"https:\/\/telemme.mmsh.fr\/wp-content\/uploads\/2025\/09\/Bloc_logos_AIXOPERA_reduit.png","width":500,"height":424,"caption":"Logo d'AixOPERA"},{"@type":"BreadcrumbList","@id":"https:\/\/telemme.mmsh.fr\/?p=15843#breadcrumb","itemListElement":[{"@type":"ListItem","position":1,"name":"Accueil","item":"https:\/\/telemme.mmsh.fr\/"},{"@type":"ListItem","position":2,"name":"Actualit\u00e9s","item":"https:\/\/telemme.mmsh.fr\/?cat=1995"},{"@type":"ListItem","position":3,"name":"Appels \u00e0 candidature","item":"https:\/\/telemme.mmsh.fr\/?cat=2026"},{"@type":"ListItem","position":4,"name":"Recrutement d\u2019un\u00b7e post-doctorant\u00b7e pour le projet AixOP\u00c9RA"}]},{"@type":"WebSite","@id":"https:\/\/telemme.mmsh.fr\/#website","url":"https:\/\/telemme.mmsh.fr\/","name":"TELEMMe - Temps, espaces, langages, Europe m\u00e9ridionale, M\u00e9diterran\u00e9e","description":"","publisher":{"@id":"https:\/\/telemme.mmsh.fr\/#organization"},"potentialAction":[{"@type":"SearchAction","target":{"@type":"EntryPoint","urlTemplate":"https:\/\/telemme.mmsh.fr\/?s={search_term_string}"},"query-input":{"@type":"PropertyValueSpecification","valueRequired":true,"valueName":"search_term_string"}}],"inLanguage":"fr-FR"},{"@type":"Organization","@id":"https:\/\/telemme.mmsh.fr\/#organization","name":"TELEMMe","url":"https:\/\/telemme.mmsh.fr\/","logo":{"@type":"ImageObject","inLanguage":"fr-FR","@id":"https:\/\/telemme.mmsh.fr\/#\/schema\/logo\/image\/","url":"https:\/\/telemme.mmsh.fr\/wp-content\/uploads\/2020\/03\/LogoTELEMMe-horizontal-fond-transparent.png","contentUrl":"https:\/\/telemme.mmsh.fr\/wp-content\/uploads\/2020\/03\/LogoTELEMMe-horizontal-fond-transparent.png","width":1500,"height":437,"caption":"TELEMMe"},"image":{"@id":"https:\/\/telemme.mmsh.fr\/#\/schema\/logo\/image\/"}},{"@type":"Person","@id":"https:\/\/telemme.mmsh.fr\/#\/schema\/person\/86a185da4836381586528ced48e263f5","name":"Delphine Cavallo","url":"https:\/\/telemme.mmsh.fr\/?author=6"}]}},"_links":{"self":[{"href":"https:\/\/telemme.mmsh.fr\/index.php?rest_route=\/wp\/v2\/posts\/15843","targetHints":{"allow":["GET"]}}],"collection":[{"href":"https:\/\/telemme.mmsh.fr\/index.php?rest_route=\/wp\/v2\/posts"}],"about":[{"href":"https:\/\/telemme.mmsh.fr\/index.php?rest_route=\/wp\/v2\/types\/post"}],"author":[{"embeddable":true,"href":"https:\/\/telemme.mmsh.fr\/index.php?rest_route=\/wp\/v2\/users\/6"}],"replies":[{"embeddable":true,"href":"https:\/\/telemme.mmsh.fr\/index.php?rest_route=%2Fwp%2Fv2%2Fcomments&post=15843"}],"version-history":[{"count":7,"href":"https:\/\/telemme.mmsh.fr\/index.php?rest_route=\/wp\/v2\/posts\/15843\/revisions"}],"predecessor-version":[{"id":15861,"href":"https:\/\/telemme.mmsh.fr\/index.php?rest_route=\/wp\/v2\/posts\/15843\/revisions\/15861"}],"wp:featuredmedia":[{"embeddable":true,"href":"https:\/\/telemme.mmsh.fr\/index.php?rest_route=\/wp\/v2\/media\/15849"}],"wp:attachment":[{"href":"https:\/\/telemme.mmsh.fr\/index.php?rest_route=%2Fwp%2Fv2%2Fmedia&parent=15843"}],"wp:term":[{"taxonomy":"category","embeddable":true,"href":"https:\/\/telemme.mmsh.fr\/index.php?rest_route=%2Fwp%2Fv2%2Fcategories&post=15843"},{"taxonomy":"post_tag","embeddable":true,"href":"https:\/\/telemme.mmsh.fr\/index.php?rest_route=%2Fwp%2Fv2%2Ftags&post=15843"}],"curies":[{"name":"wp","href":"https:\/\/api.w.org\/{rel}","templated":true}]}}