{"id":15819,"date":"2025-09-01T16:49:38","date_gmt":"2025-09-01T14:49:38","guid":{"rendered":"https:\/\/telemme.mmsh.fr\/?p=15819"},"modified":"2025-09-01T16:54:01","modified_gmt":"2025-09-01T14:54:01","slug":"cent-ans-darcheologie-de-la-rivalite-a-la-cooperation-en-peninsule-iberique-et-au-maroc","status":"publish","type":"post","link":"https:\/\/telemme.mmsh.fr\/?p=15819","title":{"rendered":"Cent ans d\u2019arch\u00e9ologie. De la rivalit\u00e9 \u00e0 la coop\u00e9ration en p\u00e9ninsule Ib\u00e9rique et au Maroc"},"content":{"rendered":"\n<blockquote class=\"wp-block-quote is-layout-flow wp-block-quote-is-layout-flow\">\n<p><strong><em><a href=\"https:\/\/www.casadevelazquez.org\/en\/publications\/online-bookshop\/book\/cent-ans-darcheologie\">Cent ans d\u2019arch\u00e9ologie. De la rivalit\u00e9 \u00e0 la coop\u00e9ration en p\u00e9ninsule Ib\u00e9rique et au Maroc<\/a>,<\/em><\/strong> Laurent Callegarin, <a href=\"https:\/\/telemme.mmsh.fr\/?membres=nicolas-morales\">Nicol\u00e1s Morales<\/a> (eds.), Casa de Vel\u00e1zquez, 2025, 306 pages<\/p>\n<\/blockquote>\n\n\n\n<p><strong>Ce volume reconstitue l\u2019\u00e9mergence et la consolidation de la recherche arch\u00e9ologique en p\u00e9ninsule Ib\u00e9rique et au Maroc depuis la fin du XIX<sup>e<\/sup> si\u00e8cle, en s\u2019appuyant sur l\u2019exemple des fouilles scientifiques de Baelo Claudia, au c\u0153ur du d\u00e9troit de Gibraltar.<\/strong><\/p>\n\n\n\n<p>\u00c0 travers le regard d\u2019arch\u00e9ologues, historiens et historiens de l\u2019art, ce volume reconstitue l\u2019\u00e9mergence et la consolidation de la recherche arch\u00e9ologique en p\u00e9ninsule Ib\u00e9rique et au Maroc depuis la fin du XIX<sup>e<\/sup> si\u00e8cle, en s\u2019appuyant pour cela sur l\u2019exemple des fouilles scientifiques de <em>Baelo Claudia<\/em>, au c\u0153ur du d\u00e9troit de Gibraltar. L\u2019excellent \u00e9tat de conservation de cette ville romaine, principale voie d\u2019acc\u00e8s \u00e0 Tingi (Tanger), lui a permis de devenir, depuis plus d\u2019un si\u00e8cle, un formidable champ d\u2019application des disciplines arch\u00e9ologiques et historiques, comme l\u2019entendait son initiateur Pierre Paris (1859-1931), \u00e9galement fondateur de la Casa de Vel\u00e1zquez. On y d\u00e9couvre ainsi un site exceptionnel et une communaut\u00e9 scientifique qui fait vivre l\u2019internationalisation de la recherche, d\u00e9sormais ax\u00e9e sur la jonction des savoirs issus des deux rives de la M\u00e9diterran\u00e9e.<\/p>\n\n\n\n<h2 class=\"wp-block-heading\">Table des mati\u00e8res<\/h2>\n\n\n\n<p><a href=\"https:\/\/www.casadevelazquez.org\/en\/publications\/online-bookshop?no_cache=1&amp;tx_cvzfe_books%5Bdo_search%5D=1&amp;tx_cvzfe_books%5Bsearch_word%5D=Laurent%20Callegarin&amp;tx_cvzfe_books%5Bview%5D=search&amp;cHash=766bc247f5768a5a01a55b055d9976e1\">Laurent Callegarin<\/a>, <a href=\"https:\/\/www.casadevelazquez.org\/en\/publications\/online-bookshop?no_cache=1&amp;tx_cvzfe_books%5Bdo_search%5D=1&amp;tx_cvzfe_books%5Bsearch_word%5D=Nicol%C3%A1s%20Morales&amp;tx_cvzfe_books%5Bview%5D=search&amp;cHash=5b85f60ab3fcaba66ecee51b7d608716\">Nicol\u00e1s Morales<\/a><br>Introduction. Baelo Claudia. Un site arch\u00e9ologique n\u00e9vralgique aux confins de l\u2019Occident<\/p>\n\n\n\n<h3 class=\"wp-block-heading\">I. \u2014 LA CONSTRUCTION DE L\u2019ARCH\u00c9OLOGIE ESPAGNOLE (ANN\u00c9ES 1860-1930)<br>I. 1. \u2014 LA D\u00c9COUVERTE DU POTENTIEL ARCH\u00c9OLOGIQUE DU TERRITOIRE P\u00c9NINSULAIRE<\/h3>\n\n\n\n<p><a href=\"https:\/\/www.casadevelazquez.org\/en\/publications\/online-bookshop?no_cache=1&amp;tx_cvzfe_books%5Bdo_search%5D=1&amp;tx_cvzfe_books%5Bsearch_word%5D=Marco%20de%20la%20Rasilla%20Vives&amp;tx_cvzfe_books%5Bview%5D=search&amp;cHash=2f83dc8f9d8947535fc703fc969a4236\">Marco de la Rasilla Vives<\/a><br>El paleol\u00edtico en el solar hispano. Los investigadores extranjeros y su relaci\u00f3n con los espa\u00f1oles (1878-1936)<\/p>\n\n\n\n<p><a href=\"https:\/\/www.casadevelazquez.org\/en\/publications\/online-bookshop?no_cache=1&amp;tx_cvzfe_books%5Bdo_search%5D=1&amp;tx_cvzfe_books%5Bsearch_word%5D=Mariano%20Ayarzag%C3%BCena%20Sanz&amp;tx_cvzfe_books%5Bview%5D=search&amp;cHash=23d3832a88f1e73414cf66a2b5016dc3\">Mariano Ayarzag\u00fcena Sanz<\/a><br>El papel de los ingenieros en el desarrollo de la arqueolog\u00eda espa\u00f1ola (1860-1914)<\/p>\n\n\n\n<h3 class=\"wp-block-heading\">I. 2. \u2014 DE L\u2019ISOLEMENT \u00c0 LA RECONNAISSANCE INTERNATIONALE<\/h3>\n\n\n\n<p><a href=\"https:\/\/www.casadevelazquez.org\/en\/publications\/online-bookshop?no_cache=1&amp;tx_cvzfe_books%5Bdo_search%5D=1&amp;tx_cvzfe_books%5Bsearch_word%5D=Pierre%20Rouillard&amp;tx_cvzfe_books%5Bview%5D=search&amp;cHash=c2287bae280233d2be9b0d30d1771df4\">Pierre Rouillard<\/a><br>Les cultures de l\u2019Espagne antique et les r\u00e9seaux acad\u00e9miques europ\u00e9ens autour de 1900<\/p>\n\n\n\n<p><a href=\"https:\/\/www.casadevelazquez.org\/en\/publications\/online-bookshop?no_cache=1&amp;tx_cvzfe_books%5Bdo_search%5D=1&amp;tx_cvzfe_books%5Bsearch_word%5D=Gr%C3%A9gory%20Reimond&amp;tx_cvzfe_books%5Bview%5D=search&amp;cHash=fdbfaa0dc04790b2bef0ce486be0b069\">Gr\u00e9gory Reimond<\/a><br>Pierre Paris ou la r\u00e9volution des perspectives. De l\u2019hell\u00e9nisme \u00e0 l\u2019hispanisme arch\u00e9ologique<\/p>\n\n\n\n<p><a href=\"https:\/\/www.casadevelazquez.org\/en\/publications\/online-bookshop?no_cache=1&amp;tx_cvzfe_books%5Bdo_search%5D=1&amp;tx_cvzfe_books%5Bsearch_word%5D=Jorge%20Maier%20Allende&amp;tx_cvzfe_books%5Bview%5D=search&amp;cHash=3b54eff110034416d47f7919f38d6033\">Jorge Maier Allende<\/a><br>Al margen de las rivalidades. La correspondencia entre Pierre Paris y Emil H\u00fcbner (1896-1900)<\/p>\n\n\n\n<h3 class=\"wp-block-heading\">I. 3. \u2014 RIVALIT\u00c9S ET \u00c9MULATION EN TERRITOIRE NEUTRE (1914 \u2013 ANN\u00c9ES 1930)<\/h3>\n\n\n\n<p><a href=\"https:\/\/www.casadevelazquez.org\/en\/publications\/online-bookshop?no_cache=1&amp;tx_cvzfe_books%5Bdo_search%5D=1&amp;tx_cvzfe_books%5Bsearch_word%5D=Jean-Marc%20Delaunay&amp;tx_cvzfe_books%5Bview%5D=search&amp;cHash=55d95d9875f336202a84fac6cdfa06d9\">Jean-Marc Delaunay<\/a><br><em>Baelo<\/em> entre guerre et paix<\/p>\n\n\n\n<p><a href=\"https:\/\/www.casadevelazquez.org\/en\/publications\/online-bookshop?no_cache=1&amp;tx_cvzfe_books%5Bdo_search%5D=1&amp;tx_cvzfe_books%5Bsearch_word%5D=Paul%20Aubert&amp;tx_cvzfe_books%5Bview%5D=search&amp;cHash=2ddd5fb502888725a9a9fa07124e5dba\">Paul Aubert<\/a><br>Arch\u00e9ologie de l\u2019hispanisme fran\u00e7ais<\/p>\n\n\n\n<p><a href=\"https:\/\/www.casadevelazquez.org\/en\/publications\/online-bookshop?no_cache=1&amp;tx_cvzfe_books%5Bdo_search%5D=1&amp;tx_cvzfe_books%5Bsearch_word%5D=Maximiliano%20Fuentes%20Codera&amp;tx_cvzfe_books%5Bview%5D=search&amp;cHash=97648437172ce71e6d603b9e806c6a14\">Maximiliano Fuentes Codera<\/a>, <a href=\"https:\/\/www.casadevelazquez.org\/en\/publications\/online-bookshop?no_cache=1&amp;tx_cvzfe_books%5Bdo_search%5D=1&amp;tx_cvzfe_books%5Bsearch_word%5D=Carolina%20Garc%C3%ADa%20Sanz&amp;tx_cvzfe_books%5Bview%5D=search&amp;cHash=095652e280d7f17bee8f2076a0485aef\">Carolina Garc\u00eda Sanz<\/a><br>Germanophilie, alliophilie et arch\u00e9ologie dans le Sud p\u00e9ninsulaire durant la Grande Guerre<\/p>\n\n\n\n<p><a href=\"https:\/\/www.casadevelazquez.org\/en\/publications\/online-bookshop?no_cache=1&amp;tx_cvzfe_books%5Bdo_search%5D=1&amp;tx_cvzfe_books%5Bsearch_word%5D=Thomas%20G.%20Schattner&amp;tx_cvzfe_books%5Bview%5D=search&amp;cHash=5f1410a109f12d81f0e75b260bf003ab\">Thomas G. Schattner<\/a><br>Ideas y proyectos de implantaci\u00f3n de institutos de investigaci\u00f3n extranjeros en la pen\u00ednsula ib\u00e9rica (1909-1943)<\/p>\n\n\n\n<h3 class=\"wp-block-heading\">II. \u2014 DU HIATUS SCIENTIFIQUE AU RENFORCEMENT DE LA COLLABORATION EUROP\u00c9ENNE (DES ANN\u00c9ES 1930 \u00c0 NOS JOURS)<br>II. 1. \u2014 L\u2019ARCH\u00c9OLOGIE DANS LA TOURMENTE DE L\u2019HISTOIRE<\/h3>\n\n\n\n<p><a href=\"https:\/\/www.casadevelazquez.org\/en\/publications\/online-bookshop?no_cache=1&amp;tx_cvzfe_books%5Bdo_search%5D=1&amp;tx_cvzfe_books%5Bsearch_word%5D=Laurence%20Bertrand%20Dorl%C3%A9ac&amp;tx_cvzfe_books%5Bview%5D=search&amp;cHash=b10fa923fa1d3c571645b47b4a373786\">Laurence Bertrand Dorl\u00e9ac<\/a>, <a href=\"https:\/\/www.casadevelazquez.org\/en\/publications\/online-bookshop?no_cache=1&amp;tx_cvzfe_books%5Bdo_search%5D=1&amp;tx_cvzfe_books%5Bsearch_word%5D=H%C3%A9l%C3%A8ne%20Le%20Meaux&amp;tx_cvzfe_books%5Bview%5D=search&amp;cHash=8ad4339c36c7c50bea315bc3bf4dc439\">H\u00e9l\u00e8ne Le Meaux<\/a><br>L\u2019\u00ab&nbsp;\u00e9change&nbsp;\u00bb artistique entre la France et l\u2019Espagne (1940-1941)<\/p>\n\n\n\n<p><a href=\"https:\/\/www.casadevelazquez.org\/en\/publications\/online-bookshop?no_cache=1&amp;tx_cvzfe_books%5Bdo_search%5D=1&amp;tx_cvzfe_books%5Bsearch_word%5D=Margarita%20D%C3%ADaz%E2%80%91Andreu&amp;tx_cvzfe_books%5Bview%5D=search&amp;cHash=803c91775808d377229364bdb8e99503\">Margarita D\u00edaz\u2011Andreu<\/a><br>La arqueolog\u00eda francesa en Espa\u00f1a. Del apogeo inicial al vac\u00edo de los a\u00f1os 1930 a 1960<\/p>\n\n\n\n<p><a href=\"https:\/\/www.casadevelazquez.org\/en\/publications\/online-bookshop?no_cache=1&amp;tx_cvzfe_books%5Bdo_search%5D=1&amp;tx_cvzfe_books%5Bsearch_word%5D=N%C3%A9jat%20Brahmi&amp;tx_cvzfe_books%5Bview%5D=search&amp;cHash=33004df523b0d30f05c341b5f7c63a5d\">N\u00e9jat Brahmi<\/a>, <a href=\"https:\/\/www.casadevelazquez.org\/en\/publications\/online-bookshop?no_cache=1&amp;tx_cvzfe_books%5Bdo_search%5D=1&amp;tx_cvzfe_books%5Bsearch_word%5D=Mohcin%20Cheddad&amp;tx_cvzfe_books%5Bview%5D=search&amp;cHash=d85b61e3f326f1a56f21986298958808\">Mohcin Cheddad<\/a><br>Espagnols et Fran\u00e7ais sur le terrain arch\u00e9ologique marocain (1912-1956)<\/p>\n\n\n\n<h3 class=\"wp-block-heading\">II. 2. \u2014 ISOLEMENT POLITIQUE, COLLABORATION INTELLECTUELLE<\/h3>\n\n\n\n<p><a href=\"https:\/\/www.casadevelazquez.org\/en\/publications\/online-bookshop?no_cache=1&amp;tx_cvzfe_books%5Bdo_search%5D=1&amp;tx_cvzfe_books%5Bsearch_word%5D=Francisco%20Gracia%20Alonso&amp;tx_cvzfe_books%5Bview%5D=search&amp;cHash=aa08afb7f8b56d4d940bf45266e92e53\">Francisco Gracia Alonso<\/a><br>Repliegue nacional y apertura internacional<\/p>\n\n\n\n<p><a href=\"https:\/\/www.casadevelazquez.org\/en\/publications\/online-bookshop?no_cache=1&amp;tx_cvzfe_books%5Bdo_search%5D=1&amp;tx_cvzfe_books%5Bsearch_word%5D=Martin%20Bartelheim&amp;tx_cvzfe_books%5Bview%5D=search&amp;cHash=93caedbefda4042a732e8e8fb95e6244\">Martin Bartelheim<\/a><br>El Deutsches Arch\u00e4ologisches Institut en la pen\u00ednsula ib\u00e9rica. Actuaciones y colaboraciones (1928-1960)<\/p>\n\n\n\n<h3 class=\"wp-block-heading\">II. 3. \u2014 DE NOUVEAUX FRONTS SCIENTIFIQUES, DE NOUVELLES COLLABORATIONS INTERNATIONALES<\/h3>\n\n\n\n<p><a href=\"https:\/\/www.casadevelazquez.org\/en\/publications\/online-bookshop?no_cache=1&amp;tx_cvzfe_books%5Bdo_search%5D=1&amp;tx_cvzfe_books%5Bsearch_word%5D=Patrice%20Cressier&amp;tx_cvzfe_books%5Bview%5D=search&amp;cHash=a518c5c9278e3f4c667fd91af8b16d82\">Patrice Cressier<\/a>, <a href=\"https:\/\/www.casadevelazquez.org\/en\/publications\/online-bookshop?no_cache=1&amp;tx_cvzfe_books%5Bdo_search%5D=1&amp;tx_cvzfe_books%5Bsearch_word%5D=Philippe%20S%C3%A9nac&amp;tx_cvzfe_books%5Bview%5D=search&amp;cHash=caef372541bf0079d64727e332e18d99\">Philippe S\u00e9nac<\/a><br>La Casa de Vel\u00e1zquez et l\u2019arch\u00e9ologie m\u00e9di\u00e9vale<\/p>\n\n\n\n<p><a href=\"https:\/\/www.casadevelazquez.org\/en\/publications\/online-bookshop?no_cache=1&amp;tx_cvzfe_books%5Bdo_search%5D=1&amp;tx_cvzfe_books%5Bsearch_word%5D=Juan%20Manuel%20Abascal%20Palaz%C3%B3n&amp;tx_cvzfe_books%5Bview%5D=search&amp;cHash=8789428168d2d3e8fd3772182b42060b\">Juan Manuel Abascal Palaz\u00f3n<\/a><br>Los <em>corpora<\/em> de las inscripciones latinas en la pen\u00ednsula ib\u00e9rica. Una obra internacional<\/p>\n\n\n\n<p><a href=\"https:\/\/www.casadevelazquez.org\/en\/publications\/online-bookshop?no_cache=1&amp;tx_cvzfe_books%5Bdo_search%5D=1&amp;tx_cvzfe_books%5Bsearch_word%5D=Jacinta%20Bugalh%C3%A3o&amp;tx_cvzfe_books%5Bview%5D=search&amp;cHash=ebe8fc401731a046bcc4f5314132a9c0\">Jacinta Bugalh\u00e3o<\/a>, <a href=\"https:\/\/www.casadevelazquez.org\/en\/publications\/online-bookshop?no_cache=1&amp;tx_cvzfe_books%5Bdo_search%5D=1&amp;tx_cvzfe_books%5Bsearch_word%5D=Ant%C3%B3nio%20Carvalho%20Quintela&amp;tx_cvzfe_books%5Bview%5D=search&amp;cHash=30fc3fe465d3a7331224ffb4cdf5162b\">Ant\u00f3nio Carvalho Quintela<\/a>, <a href=\"https:\/\/www.casadevelazquez.org\/en\/publications\/online-bookshop?no_cache=1&amp;tx_cvzfe_books%5Bdo_search%5D=1&amp;tx_cvzfe_books%5Bsearch_word%5D=Ana%20Sofia%20Gomes&amp;tx_cvzfe_books%5Bview%5D=search&amp;cHash=4215cf4efe91555176e6a0d16e9336e2\">Ana Sofia Gomes<\/a>, <a href=\"https:\/\/www.casadevelazquez.org\/en\/publications\/online-bookshop?no_cache=1&amp;tx_cvzfe_books%5Bdo_search%5D=1&amp;tx_cvzfe_books%5Bsearch_word%5D=Rui%20Roberto%20de%20Almeida&amp;tx_cvzfe_books%5Bview%5D=search&amp;cHash=fb3dbcee60efa66094320375db1a5a7b\">Rui Roberto de Almeida<\/a><br>Medio mundo en la arqueolog\u00eda portuguesa. La presencia internacional en Portugal (de 1960 hasta 2018)<\/p>\n\n\n\n<p><a href=\"https:\/\/www.casadevelazquez.org\/en\/publications\/online-bookshop?no_cache=1&amp;tx_cvzfe_books%5Bdo_search%5D=1&amp;tx_cvzfe_books%5Bsearch_word%5D=Iv%C3%A1n%20Garc%C3%ADa%E2%80%91Jim%C3%A9nez&amp;tx_cvzfe_books%5Bview%5D=search&amp;cHash=95843e1f672d7a3330d15ee4506f6ba2\">Iv\u00e1n Garc\u00eda\u2011Jim\u00e9nez<\/a><br><em>Baelo Claudia<\/em>. Un yacimiento abierto a la investigaci\u00f3n internacional<\/p>\n\n\n\n<p><a href=\"https:\/\/www.casadevelazquez.org\/en\/publications\/online-bookshop?no_cache=1&amp;tx_cvzfe_books%5Bdo_search%5D=1&amp;tx_cvzfe_books%5Bsearch_word%5D=Gonzalo%20Ruiz%20Zapatero&amp;tx_cvzfe_books%5Bview%5D=search&amp;cHash=7a472b33a833eb1c4d61a890ce564ba4\">Gonzalo Ruiz Zapatero<\/a><br>Conclusiones. Reflexiones sobre historiograf\u00eda, arqueolog\u00eda y relaciones internacionales en la pen\u00ednsula ib\u00e9rica<\/p>\n","protected":false},"excerpt":{"rendered":"<p>Ce volume reconstitue l\u2019\u00e9mergence et la consolidation de la recherche arch\u00e9ologique en p\u00e9ninsule Ib\u00e9rique et au Maroc depuis la fin du XIXe si\u00e8cle, en s\u2019appuyant sur l\u2019exemple des fouilles scientifiques de Baelo Claudia, au c\u0153ur du d\u00e9troit de Gibraltar.<\/p>\n","protected":false},"author":6,"featured_media":15822,"comment_status":"closed","ping_status":"closed","sticky":false,"template":"","format":"standard","meta":{"neve_meta_sidebar":"","neve_meta_container":"","neve_meta_enable_content_width":"off","neve_meta_content_width":70,"neve_meta_title_alignment":"","neve_meta_author_avatar":"","neve_post_elements_order":"","neve_meta_disable_header":"","neve_meta_disable_footer":"","neve_meta_disable_title":"","_tribe_events_control_status":"","_tribe_events_control_status_canceled_reason":"","_tribe_events_control_status_postponed_reason":"","_tribe_events_control_online":"","_tribe_events_control_online_url":"","footnotes":""},"categories":[1742],"tags":[2975,2295,2976],"class_list":["post-15819","post","type-post","status-publish","format-standard","has-post-thumbnail","hentry","category-dir-ouvrage","tag-archeologie","tag-maroc","tag-peninsule-iberique"],"yoast_head":"<!-- This site is optimized with the Yoast SEO plugin v27.4 - https:\/\/yoast.com\/product\/yoast-seo-wordpress\/ -->\n<title>Cent ans d\u2019arch\u00e9ologie. De la rivalit\u00e9 \u00e0 la coop\u00e9ration en p\u00e9ninsule Ib\u00e9rique et au Maroc - TELEMMe - Temps, espaces, langages, Europe m\u00e9ridionale, M\u00e9diterran\u00e9e<\/title>\n<meta name=\"robots\" content=\"index, follow, max-snippet:-1, max-image-preview:large, max-video-preview:-1\" \/>\n<link rel=\"canonical\" href=\"https:\/\/telemme.mmsh.fr\/?p=15819\" \/>\n<meta property=\"og:locale\" content=\"fr_FR\" \/>\n<meta property=\"og:type\" content=\"article\" \/>\n<meta property=\"og:title\" content=\"Cent ans d\u2019arch\u00e9ologie. De la rivalit\u00e9 \u00e0 la coop\u00e9ration en p\u00e9ninsule Ib\u00e9rique et au Maroc - TELEMMe - Temps, espaces, langages, Europe m\u00e9ridionale, M\u00e9diterran\u00e9e\" \/>\n<meta property=\"og:description\" content=\"Ce volume reconstitue l\u2019\u00e9mergence et la consolidation de la recherche arch\u00e9ologique en p\u00e9ninsule Ib\u00e9rique et au Maroc depuis la fin du XIXe si\u00e8cle, en s\u2019appuyant sur l\u2019exemple des fouilles scientifiques de Baelo Claudia, au c\u0153ur du d\u00e9troit de Gibraltar.\" \/>\n<meta property=\"og:url\" content=\"https:\/\/telemme.mmsh.fr\/?p=15819\" \/>\n<meta property=\"og:site_name\" content=\"TELEMMe - Temps, espaces, langages, Europe m\u00e9ridionale, M\u00e9diterran\u00e9e\" \/>\n<meta property=\"article:published_time\" content=\"2025-09-01T14:49:38+00:00\" \/>\n<meta property=\"article:modified_time\" content=\"2025-09-01T14:54:01+00:00\" \/>\n<meta property=\"og:image\" content=\"https:\/\/telemme.mmsh.fr\/wp-content\/uploads\/2025\/09\/csm_9788490964378_04_m_ed6b034aa5.jpg\" \/>\n\t<meta property=\"og:image:width\" content=\"567\" \/>\n\t<meta property=\"og:image:height\" content=\"800\" \/>\n\t<meta property=\"og:image:type\" content=\"image\/jpeg\" \/>\n<meta name=\"author\" content=\"Delphine Cavallo\" \/>\n<meta name=\"twitter:card\" content=\"summary_large_image\" \/>\n<meta name=\"twitter:label1\" content=\"\u00c9crit par\" \/>\n\t<meta name=\"twitter:data1\" content=\"Delphine Cavallo\" \/>\n\t<meta name=\"twitter:label2\" content=\"Dur\u00e9e de lecture estim\u00e9e\" \/>\n\t<meta name=\"twitter:data2\" content=\"3 minutes\" \/>\n<script type=\"application\/ld+json\" class=\"yoast-schema-graph\">{\"@context\":\"https:\\\/\\\/schema.org\",\"@graph\":[{\"@type\":\"Article\",\"@id\":\"https:\\\/\\\/telemme.mmsh.fr\\\/?p=15819#article\",\"isPartOf\":{\"@id\":\"https:\\\/\\\/telemme.mmsh.fr\\\/?p=15819\"},\"author\":{\"name\":\"Delphine Cavallo\",\"@id\":\"https:\\\/\\\/telemme.mmsh.fr\\\/#\\\/schema\\\/person\\\/86a185da4836381586528ced48e263f5\"},\"headline\":\"Cent ans d\u2019arch\u00e9ologie. De la rivalit\u00e9 \u00e0 la coop\u00e9ration en p\u00e9ninsule Ib\u00e9rique et au Maroc\",\"datePublished\":\"2025-09-01T14:49:38+00:00\",\"dateModified\":\"2025-09-01T14:54:01+00:00\",\"mainEntityOfPage\":{\"@id\":\"https:\\\/\\\/telemme.mmsh.fr\\\/?p=15819\"},\"wordCount\":695,\"publisher\":{\"@id\":\"https:\\\/\\\/telemme.mmsh.fr\\\/#organization\"},\"image\":{\"@id\":\"https:\\\/\\\/telemme.mmsh.fr\\\/?p=15819#primaryimage\"},\"thumbnailUrl\":\"https:\\\/\\\/telemme.mmsh.fr\\\/wp-content\\\/uploads\\\/2025\\\/09\\\/csm_9788490964378_04_m_ed6b034aa5.jpg\",\"keywords\":[\"arch\u00e9ologie\",\"Maroc\",\"p\u00e9ninsule Ib\u00e9rique\"],\"articleSection\":[\"Directions d'ouvrage\"],\"inLanguage\":\"fr-FR\"},{\"@type\":\"WebPage\",\"@id\":\"https:\\\/\\\/telemme.mmsh.fr\\\/?p=15819\",\"url\":\"https:\\\/\\\/telemme.mmsh.fr\\\/?p=15819\",\"name\":\"Cent ans d\u2019arch\u00e9ologie. De la rivalit\u00e9 \u00e0 la coop\u00e9ration en p\u00e9ninsule Ib\u00e9rique et au Maroc - TELEMMe - Temps, espaces, langages, Europe m\u00e9ridionale, M\u00e9diterran\u00e9e\",\"isPartOf\":{\"@id\":\"https:\\\/\\\/telemme.mmsh.fr\\\/#website\"},\"primaryImageOfPage\":{\"@id\":\"https:\\\/\\\/telemme.mmsh.fr\\\/?p=15819#primaryimage\"},\"image\":{\"@id\":\"https:\\\/\\\/telemme.mmsh.fr\\\/?p=15819#primaryimage\"},\"thumbnailUrl\":\"https:\\\/\\\/telemme.mmsh.fr\\\/wp-content\\\/uploads\\\/2025\\\/09\\\/csm_9788490964378_04_m_ed6b034aa5.jpg\",\"datePublished\":\"2025-09-01T14:49:38+00:00\",\"dateModified\":\"2025-09-01T14:54:01+00:00\",\"breadcrumb\":{\"@id\":\"https:\\\/\\\/telemme.mmsh.fr\\\/?p=15819#breadcrumb\"},\"inLanguage\":\"fr-FR\",\"potentialAction\":[{\"@type\":\"ReadAction\",\"target\":[\"https:\\\/\\\/telemme.mmsh.fr\\\/?p=15819\"]}]},{\"@type\":\"ImageObject\",\"inLanguage\":\"fr-FR\",\"@id\":\"https:\\\/\\\/telemme.mmsh.fr\\\/?p=15819#primaryimage\",\"url\":\"https:\\\/\\\/telemme.mmsh.fr\\\/wp-content\\\/uploads\\\/2025\\\/09\\\/csm_9788490964378_04_m_ed6b034aa5.jpg\",\"contentUrl\":\"https:\\\/\\\/telemme.mmsh.fr\\\/wp-content\\\/uploads\\\/2025\\\/09\\\/csm_9788490964378_04_m_ed6b034aa5.jpg\",\"width\":567,\"height\":800,\"caption\":\"Couverture de l'ouvrage Cent ans d\u2019arch\u00e9ologie. De la rivalit\u00e9 \u00e0 la coop\u00e9ration en p\u00e9ninsule Ib\u00e9rique et au Maroc, Casa de Vel\u00e1zquez, 2025\"},{\"@type\":\"BreadcrumbList\",\"@id\":\"https:\\\/\\\/telemme.mmsh.fr\\\/?p=15819#breadcrumb\",\"itemListElement\":[{\"@type\":\"ListItem\",\"position\":1,\"name\":\"Accueil\",\"item\":\"https:\\\/\\\/telemme.mmsh.fr\\\/\"},{\"@type\":\"ListItem\",\"position\":2,\"name\":\"Publications\",\"item\":\"https:\\\/\\\/telemme.mmsh.fr\\\/?cat=1738\"},{\"@type\":\"ListItem\",\"position\":3,\"name\":\"Directions d'ouvrage\",\"item\":\"https:\\\/\\\/telemme.mmsh.fr\\\/?cat=1742\"},{\"@type\":\"ListItem\",\"position\":4,\"name\":\"Cent ans d\u2019arch\u00e9ologie. De la rivalit\u00e9 \u00e0 la coop\u00e9ration en p\u00e9ninsule Ib\u00e9rique et au Maroc\"}]},{\"@type\":\"WebSite\",\"@id\":\"https:\\\/\\\/telemme.mmsh.fr\\\/#website\",\"url\":\"https:\\\/\\\/telemme.mmsh.fr\\\/\",\"name\":\"TELEMMe - Temps, espaces, langages, Europe m\u00e9ridionale, M\u00e9diterran\u00e9e\",\"description\":\"\",\"publisher\":{\"@id\":\"https:\\\/\\\/telemme.mmsh.fr\\\/#organization\"},\"potentialAction\":[{\"@type\":\"SearchAction\",\"target\":{\"@type\":\"EntryPoint\",\"urlTemplate\":\"https:\\\/\\\/telemme.mmsh.fr\\\/?s={search_term_string}\"},\"query-input\":{\"@type\":\"PropertyValueSpecification\",\"valueRequired\":true,\"valueName\":\"search_term_string\"}}],\"inLanguage\":\"fr-FR\"},{\"@type\":\"Organization\",\"@id\":\"https:\\\/\\\/telemme.mmsh.fr\\\/#organization\",\"name\":\"TELEMMe\",\"url\":\"https:\\\/\\\/telemme.mmsh.fr\\\/\",\"logo\":{\"@type\":\"ImageObject\",\"inLanguage\":\"fr-FR\",\"@id\":\"https:\\\/\\\/telemme.mmsh.fr\\\/#\\\/schema\\\/logo\\\/image\\\/\",\"url\":\"https:\\\/\\\/telemme.mmsh.fr\\\/wp-content\\\/uploads\\\/2020\\\/03\\\/LogoTELEMMe-horizontal-fond-transparent.png\",\"contentUrl\":\"https:\\\/\\\/telemme.mmsh.fr\\\/wp-content\\\/uploads\\\/2020\\\/03\\\/LogoTELEMMe-horizontal-fond-transparent.png\",\"width\":1500,\"height\":437,\"caption\":\"TELEMMe\"},\"image\":{\"@id\":\"https:\\\/\\\/telemme.mmsh.fr\\\/#\\\/schema\\\/logo\\\/image\\\/\"}},{\"@type\":\"Person\",\"@id\":\"https:\\\/\\\/telemme.mmsh.fr\\\/#\\\/schema\\\/person\\\/86a185da4836381586528ced48e263f5\",\"name\":\"Delphine Cavallo\",\"url\":\"https:\\\/\\\/telemme.mmsh.fr\\\/?author=6\"}]}<\/script>\n<!-- \/ Yoast SEO plugin. -->","yoast_head_json":{"title":"Cent ans d\u2019arch\u00e9ologie. De la rivalit\u00e9 \u00e0 la coop\u00e9ration en p\u00e9ninsule Ib\u00e9rique et au Maroc - TELEMMe - Temps, espaces, langages, Europe m\u00e9ridionale, M\u00e9diterran\u00e9e","robots":{"index":"index","follow":"follow","max-snippet":"max-snippet:-1","max-image-preview":"max-image-preview:large","max-video-preview":"max-video-preview:-1"},"canonical":"https:\/\/telemme.mmsh.fr\/?p=15819","og_locale":"fr_FR","og_type":"article","og_title":"Cent ans d\u2019arch\u00e9ologie. De la rivalit\u00e9 \u00e0 la coop\u00e9ration en p\u00e9ninsule Ib\u00e9rique et au Maroc - TELEMMe - Temps, espaces, langages, Europe m\u00e9ridionale, M\u00e9diterran\u00e9e","og_description":"Ce volume reconstitue l\u2019\u00e9mergence et la consolidation de la recherche arch\u00e9ologique en p\u00e9ninsule Ib\u00e9rique et au Maroc depuis la fin du XIXe si\u00e8cle, en s\u2019appuyant sur l\u2019exemple des fouilles scientifiques de Baelo Claudia, au c\u0153ur du d\u00e9troit de Gibraltar.","og_url":"https:\/\/telemme.mmsh.fr\/?p=15819","og_site_name":"TELEMMe - Temps, espaces, langages, Europe m\u00e9ridionale, M\u00e9diterran\u00e9e","article_published_time":"2025-09-01T14:49:38+00:00","article_modified_time":"2025-09-01T14:54:01+00:00","og_image":[{"width":567,"height":800,"url":"https:\/\/telemme.mmsh.fr\/wp-content\/uploads\/2025\/09\/csm_9788490964378_04_m_ed6b034aa5.jpg","type":"image\/jpeg"}],"author":"Delphine Cavallo","twitter_card":"summary_large_image","twitter_misc":{"\u00c9crit par":"Delphine Cavallo","Dur\u00e9e de lecture estim\u00e9e":"3 minutes"},"schema":{"@context":"https:\/\/schema.org","@graph":[{"@type":"Article","@id":"https:\/\/telemme.mmsh.fr\/?p=15819#article","isPartOf":{"@id":"https:\/\/telemme.mmsh.fr\/?p=15819"},"author":{"name":"Delphine Cavallo","@id":"https:\/\/telemme.mmsh.fr\/#\/schema\/person\/86a185da4836381586528ced48e263f5"},"headline":"Cent ans d\u2019arch\u00e9ologie. De la rivalit\u00e9 \u00e0 la coop\u00e9ration en p\u00e9ninsule Ib\u00e9rique et au Maroc","datePublished":"2025-09-01T14:49:38+00:00","dateModified":"2025-09-01T14:54:01+00:00","mainEntityOfPage":{"@id":"https:\/\/telemme.mmsh.fr\/?p=15819"},"wordCount":695,"publisher":{"@id":"https:\/\/telemme.mmsh.fr\/#organization"},"image":{"@id":"https:\/\/telemme.mmsh.fr\/?p=15819#primaryimage"},"thumbnailUrl":"https:\/\/telemme.mmsh.fr\/wp-content\/uploads\/2025\/09\/csm_9788490964378_04_m_ed6b034aa5.jpg","keywords":["arch\u00e9ologie","Maroc","p\u00e9ninsule Ib\u00e9rique"],"articleSection":["Directions d'ouvrage"],"inLanguage":"fr-FR"},{"@type":"WebPage","@id":"https:\/\/telemme.mmsh.fr\/?p=15819","url":"https:\/\/telemme.mmsh.fr\/?p=15819","name":"Cent ans d\u2019arch\u00e9ologie. De la rivalit\u00e9 \u00e0 la coop\u00e9ration en p\u00e9ninsule Ib\u00e9rique et au Maroc - TELEMMe - Temps, espaces, langages, Europe m\u00e9ridionale, M\u00e9diterran\u00e9e","isPartOf":{"@id":"https:\/\/telemme.mmsh.fr\/#website"},"primaryImageOfPage":{"@id":"https:\/\/telemme.mmsh.fr\/?p=15819#primaryimage"},"image":{"@id":"https:\/\/telemme.mmsh.fr\/?p=15819#primaryimage"},"thumbnailUrl":"https:\/\/telemme.mmsh.fr\/wp-content\/uploads\/2025\/09\/csm_9788490964378_04_m_ed6b034aa5.jpg","datePublished":"2025-09-01T14:49:38+00:00","dateModified":"2025-09-01T14:54:01+00:00","breadcrumb":{"@id":"https:\/\/telemme.mmsh.fr\/?p=15819#breadcrumb"},"inLanguage":"fr-FR","potentialAction":[{"@type":"ReadAction","target":["https:\/\/telemme.mmsh.fr\/?p=15819"]}]},{"@type":"ImageObject","inLanguage":"fr-FR","@id":"https:\/\/telemme.mmsh.fr\/?p=15819#primaryimage","url":"https:\/\/telemme.mmsh.fr\/wp-content\/uploads\/2025\/09\/csm_9788490964378_04_m_ed6b034aa5.jpg","contentUrl":"https:\/\/telemme.mmsh.fr\/wp-content\/uploads\/2025\/09\/csm_9788490964378_04_m_ed6b034aa5.jpg","width":567,"height":800,"caption":"Couverture de l'ouvrage Cent ans d\u2019arch\u00e9ologie. De la rivalit\u00e9 \u00e0 la coop\u00e9ration en p\u00e9ninsule Ib\u00e9rique et au Maroc, Casa de Vel\u00e1zquez, 2025"},{"@type":"BreadcrumbList","@id":"https:\/\/telemme.mmsh.fr\/?p=15819#breadcrumb","itemListElement":[{"@type":"ListItem","position":1,"name":"Accueil","item":"https:\/\/telemme.mmsh.fr\/"},{"@type":"ListItem","position":2,"name":"Publications","item":"https:\/\/telemme.mmsh.fr\/?cat=1738"},{"@type":"ListItem","position":3,"name":"Directions d'ouvrage","item":"https:\/\/telemme.mmsh.fr\/?cat=1742"},{"@type":"ListItem","position":4,"name":"Cent ans d\u2019arch\u00e9ologie. De la rivalit\u00e9 \u00e0 la coop\u00e9ration en p\u00e9ninsule Ib\u00e9rique et au Maroc"}]},{"@type":"WebSite","@id":"https:\/\/telemme.mmsh.fr\/#website","url":"https:\/\/telemme.mmsh.fr\/","name":"TELEMMe - Temps, espaces, langages, Europe m\u00e9ridionale, M\u00e9diterran\u00e9e","description":"","publisher":{"@id":"https:\/\/telemme.mmsh.fr\/#organization"},"potentialAction":[{"@type":"SearchAction","target":{"@type":"EntryPoint","urlTemplate":"https:\/\/telemme.mmsh.fr\/?s={search_term_string}"},"query-input":{"@type":"PropertyValueSpecification","valueRequired":true,"valueName":"search_term_string"}}],"inLanguage":"fr-FR"},{"@type":"Organization","@id":"https:\/\/telemme.mmsh.fr\/#organization","name":"TELEMMe","url":"https:\/\/telemme.mmsh.fr\/","logo":{"@type":"ImageObject","inLanguage":"fr-FR","@id":"https:\/\/telemme.mmsh.fr\/#\/schema\/logo\/image\/","url":"https:\/\/telemme.mmsh.fr\/wp-content\/uploads\/2020\/03\/LogoTELEMMe-horizontal-fond-transparent.png","contentUrl":"https:\/\/telemme.mmsh.fr\/wp-content\/uploads\/2020\/03\/LogoTELEMMe-horizontal-fond-transparent.png","width":1500,"height":437,"caption":"TELEMMe"},"image":{"@id":"https:\/\/telemme.mmsh.fr\/#\/schema\/logo\/image\/"}},{"@type":"Person","@id":"https:\/\/telemme.mmsh.fr\/#\/schema\/person\/86a185da4836381586528ced48e263f5","name":"Delphine Cavallo","url":"https:\/\/telemme.mmsh.fr\/?author=6"}]}},"_links":{"self":[{"href":"https:\/\/telemme.mmsh.fr\/index.php?rest_route=\/wp\/v2\/posts\/15819","targetHints":{"allow":["GET"]}}],"collection":[{"href":"https:\/\/telemme.mmsh.fr\/index.php?rest_route=\/wp\/v2\/posts"}],"about":[{"href":"https:\/\/telemme.mmsh.fr\/index.php?rest_route=\/wp\/v2\/types\/post"}],"author":[{"embeddable":true,"href":"https:\/\/telemme.mmsh.fr\/index.php?rest_route=\/wp\/v2\/users\/6"}],"replies":[{"embeddable":true,"href":"https:\/\/telemme.mmsh.fr\/index.php?rest_route=%2Fwp%2Fv2%2Fcomments&post=15819"}],"version-history":[{"count":4,"href":"https:\/\/telemme.mmsh.fr\/index.php?rest_route=\/wp\/v2\/posts\/15819\/revisions"}],"predecessor-version":[{"id":15825,"href":"https:\/\/telemme.mmsh.fr\/index.php?rest_route=\/wp\/v2\/posts\/15819\/revisions\/15825"}],"wp:featuredmedia":[{"embeddable":true,"href":"https:\/\/telemme.mmsh.fr\/index.php?rest_route=\/wp\/v2\/media\/15822"}],"wp:attachment":[{"href":"https:\/\/telemme.mmsh.fr\/index.php?rest_route=%2Fwp%2Fv2%2Fmedia&parent=15819"}],"wp:term":[{"taxonomy":"category","embeddable":true,"href":"https:\/\/telemme.mmsh.fr\/index.php?rest_route=%2Fwp%2Fv2%2Fcategories&post=15819"},{"taxonomy":"post_tag","embeddable":true,"href":"https:\/\/telemme.mmsh.fr\/index.php?rest_route=%2Fwp%2Fv2%2Ftags&post=15819"}],"curies":[{"name":"wp","href":"https:\/\/api.w.org\/{rel}","templated":true}]}}